{"id":973,"date":"2020-10-07T09:09:23","date_gmt":"2020-10-07T14:09:23","guid":{"rendered":"http:\/\/redamlo.com\/?p=973"},"modified":"2020-10-07T09:09:23","modified_gmt":"2020-10-07T14:09:23","slug":"diputados-de-oposicion-tomaron-la-tribuna-de-san-lazaro-por-la-desaparicion-de-109-fideicomisos-publicos","status":"publish","type":"post","link":"https:\/\/redamlo.com\/index.php\/2020\/10\/07\/diputados-de-oposicion-tomaron-la-tribuna-de-san-lazaro-por-la-desaparicion-de-109-fideicomisos-publicos\/","title":{"rendered":"Diputados de oposicion  tomaron la tribuna de San L\u00e1zaro,  por la desaparici\u00f3n de 109 fideicomisos p\u00fablicos"},"content":{"rendered":"<h3>Ciudad de M\u00e9xico, 6 de octubre Portal Ciudadano CDMX<\/h3>\n<p><strong>Diputados<\/strong> de los partidos de Revolucionario Institucional (PRI), Acci\u00f3n Nacional (PAN), de la Revoluci\u00f3n Democr\u00e1tica (PRD), y de Movimiento Ciudadano (MC)<strong>\u00a0tomaron la tribuna<\/strong>\u00a0de San L\u00e1zaro, durante la\u00a0<strong>discusi\u00f3n por la desaparici\u00f3n de 109 fideicomisos p\u00fablicos<\/strong>.<\/p>\n<p>Durante la discusi\u00f3n de las reservas al dictamen por la eliminaci\u00f3n d los fideicomisos, los legisladores de oposici\u00f3n se negaron a aceptar una propuesta de modificaci\u00f3n presentada por el Diputado Iv\u00e1n P\u00e9rez Negr\u00f3<\/p>\n<h3>Respaldado por 20 votos a favor y 15 en contra por la Comisi\u00f3n, el texto elimina fideicomisos relacionados con la protecci\u00f3n de defensores de los derechos humanos y periodistas, la cooperaci\u00f3n internacional para el desarrollo, la cultura y el cine, ciencia y tecnolog\u00eda, el cambio clim\u00e1tico y el apoyo a migrantes.<\/h3>\n<p>&nbsp;<\/p>\n<p>&nbsp;<\/p>\n<blockquote class=\"twitter-tweet\">\n<p dir=\"ltr\" lang=\"es\">&#x1f441; OJO: La C\u00e1mara de Diputados ya est\u00e1 ardiendo, por la eliminaci\u00f3n de fideicomisos&#8230; &#x1f525;&#x1f336;&#x1f357;&#x1f372;<a href=\"https:\/\/t.co\/qYPPUCzHbL\">pic.twitter.com\/qYPPUCzHbL<\/a><\/p>\n<p>\u2014 Kike Mireles &#x1f336;&#x1f637; (@kikemireles) <a href=\"https:\/\/twitter.com\/kikemireles\/status\/1313671514609332224?ref_src=twsrc%5Etfw\">October 7, 2020<\/a><\/p><\/blockquote>\n<p><script async src=\"https:\/\/platform.twitter.com\/widgets.js\" charset=\"utf-8\"><\/script><\/p>\n","protected":false},"excerpt":{"rendered":"<p>Ciudad de M\u00e9xico, 6 de octubre Portal Ciudadano CDMX Diputados de los partidos de Revolucionario&#8230;<\/p>\n","protected":false},"author":2,"featured_media":975,"comment_status":"open","ping_status":"closed","sticky":false,"template":"","format":"standard","meta":{"footnotes":""},"categories":[285],"tags":[],"class_list":["post-973","post","type-post","status-publish","format-standard","has-post-thumbnail","hentry","category-camara-de-diputados"],"yoast_head":"<!-- This site is optimized with the Yoast SEO plugin v27.5 - https:\/\/yoast.com\/product\/yoast-seo-wordpress\/ -->\n<title>Diputados de oposicion tomaron la tribuna de San L\u00e1zaro, por la desaparici\u00f3n de 109 fideicomisos p\u00fablicos - NOTICIAS DE LA 4T<\/title>\n<meta name=\"robots\" content=\"noindex, follow, max-snippet:-1, max-image-preview:large, max-video-preview:-1\" \/>\n<meta property=\"og:locale\" content=\"es_MX\" \/>\n<meta property=\"og:type\" content=\"article\" \/>\n<meta property=\"og:title\" content=\"Diputados de oposicion tomaron la tribuna de San L\u00e1zaro, por la desaparici\u00f3n de 109 fideicomisos p\u00fablicos - NOTICIAS DE LA 4T\" \/>\n<meta property=\"og:description\" content=\"Ciudad de M\u00e9xico, 6 de octubre Portal Ciudadano CDMX Diputados de los partidos de Revolucionario...\" \/>\n<meta property=\"og:url\" content=\"https:\/\/redamlo.com\/index.php\/2020\/10\/07\/diputados-de-oposicion-tomaron-la-tribuna-de-san-lazaro-por-la-desaparicion-de-109-fideicomisos-publicos\/\" \/>\n<meta property=\"og:site_name\" content=\"NOTICIAS DE LA 4T\" \/>\n<meta property=\"article:published_time\" content=\"2020-10-07T14:09:23+00:00\" \/>\n<meta name=\"author\" content=\"Blanca\" \/>\n<meta name=\"twitter:card\" content=\"summary_large_image\" \/>\n<meta name=\"twitter:label1\" content=\"Escrito por\" \/>\n\t<meta name=\"twitter:data1\" content=\"Blanca\" \/>\n\t<meta name=\"twitter:label2\" content=\"Tiempo de lectura\" \/>\n\t<meta name=\"twitter:data2\" content=\"1 minuto\" \/>\n<script type=\"application\/ld+json\" class=\"yoast-schema-graph\">{\"@context\":\"https:\\\/\\\/schema.org\",\"@graph\":[{\"@type\":\"Article\",\"@id\":\"https:\\\/\\\/redamlo.com\\\/index.php\\\/2020\\\/10\\\/07\\\/diputados-de-oposicion-tomaron-la-tribuna-de-san-lazaro-por-la-desaparicion-de-109-fideicomisos-publicos\\\/#article\",\"isPartOf\":{\"@id\":\"https:\\\/\\\/redamlo.com\\\/index.php\\\/2020\\\/10\\\/07\\\/diputados-de-oposicion-tomaron-la-tribuna-de-san-lazaro-por-la-desaparicion-de-109-fideicomisos-publicos\\\/\"},\"author\":{\"name\":\"Blanca\",\"@id\":\"https:\\\/\\\/redamlo.com\\\/#\\\/schema\\\/person\\\/7223a4375eb8f1a782fcae010a7115cf\"},\"headline\":\"Diputados de oposicion tomaron la tribuna de San L\u00e1zaro, por la desaparici\u00f3n de 109 fideicomisos p\u00fablicos\",\"datePublished\":\"2020-10-07T14:09:23+00:00\",\"mainEntityOfPage\":{\"@id\":\"https:\\\/\\\/redamlo.com\\\/index.php\\\/2020\\\/10\\\/07\\\/diputados-de-oposicion-tomaron-la-tribuna-de-san-lazaro-por-la-desaparicion-de-109-fideicomisos-publicos\\\/\"},\"wordCount\":202,\"commentCount\":0,\"publisher\":{\"@id\":\"https:\\\/\\\/redamlo.com\\\/#organization\"},\"image\":{\"@id\":\"https:\\\/\\\/redamlo.com\\\/index.php\\\/2020\\\/10\\\/07\\\/diputados-de-oposicion-tomaron-la-tribuna-de-san-lazaro-por-la-desaparicion-de-109-fideicomisos-publicos\\\/#primaryimage\"},\"thumbnailUrl\":\"\",\"articleSection\":[\"Camara de Diputados\"],\"inLanguage\":\"es\",\"potentialAction\":[{\"@type\":\"CommentAction\",\"name\":\"Comment\",\"target\":[\"https:\\\/\\\/redamlo.com\\\/index.php\\\/2020\\\/10\\\/07\\\/diputados-de-oposicion-tomaron-la-tribuna-de-san-lazaro-por-la-desaparicion-de-109-fideicomisos-publicos\\\/#respond\"]}]},{\"@type\":\"WebPage\",\"@id\":\"https:\\\/\\\/redamlo.com\\\/index.php\\\/2020\\\/10\\\/07\\\/diputados-de-oposicion-tomaron-la-tribuna-de-san-lazaro-por-la-desaparicion-de-109-fideicomisos-publicos\\\/\",\"url\":\"https:\\\/\\\/redamlo.com\\\/index.php\\\/2020\\\/10\\\/07\\\/diputados-de-oposicion-tomaron-la-tribuna-de-san-lazaro-por-la-desaparicion-de-109-fideicomisos-publicos\\\/\",\"name\":\"Diputados de oposicion tomaron la tribuna de San L\u00e1zaro, por la desaparici\u00f3n de 109 fideicomisos p\u00fablicos - NOTICIAS DE LA 4T\",\"isPartOf\":{\"@id\":\"https:\\\/\\\/redamlo.com\\\/#website\"},\"primaryImageOfPage\":{\"@id\":\"https:\\\/\\\/redamlo.com\\\/index.php\\\/2020\\\/10\\\/07\\\/diputados-de-oposicion-tomaron-la-tribuna-de-san-lazaro-por-la-desaparicion-de-109-fideicomisos-publicos\\\/#primaryimage\"},\"image\":{\"@id\":\"https:\\\/\\\/redamlo.com\\\/index.php\\\/2020\\\/10\\\/07\\\/diputados-de-oposicion-tomaron-la-tribuna-de-san-lazaro-por-la-desaparicion-de-109-fideicomisos-publicos\\\/#primaryimage\"},\"thumbnailUrl\":\"\",\"datePublished\":\"2020-10-07T14:09:23+00:00\",\"breadcrumb\":{\"@id\":\"https:\\\/\\\/redamlo.com\\\/index.php\\\/2020\\\/10\\\/07\\\/diputados-de-oposicion-tomaron-la-tribuna-de-san-lazaro-por-la-desaparicion-de-109-fideicomisos-publicos\\\/#breadcrumb\"},\"inLanguage\":\"es\",\"potentialAction\":[{\"@type\":\"ReadAction\",\"target\":[\"https:\\\/\\\/redamlo.com\\\/index.php\\\/2020\\\/10\\\/07\\\/diputados-de-oposicion-tomaron-la-tribuna-de-san-lazaro-por-la-desaparicion-de-109-fideicomisos-publicos\\\/\"]}]},{\"@type\":\"ImageObject\",\"inLanguage\":\"es\",\"@id\":\"https:\\\/\\\/redamlo.com\\\/index.php\\\/2020\\\/10\\\/07\\\/diputados-de-oposicion-tomaron-la-tribuna-de-san-lazaro-por-la-desaparicion-de-109-fideicomisos-publicos\\\/#primaryimage\",\"url\":\"\",\"contentUrl\":\"\"},{\"@type\":\"BreadcrumbList\",\"@id\":\"https:\\\/\\\/redamlo.com\\\/index.php\\\/2020\\\/10\\\/07\\\/diputados-de-oposicion-tomaron-la-tribuna-de-san-lazaro-por-la-desaparicion-de-109-fideicomisos-publicos\\\/#breadcrumb\",\"itemListElement\":[{\"@type\":\"ListItem\",\"position\":1,\"name\":\"Inicio\",\"item\":\"https:\\\/\\\/redamlo.com\\\/\"},{\"@type\":\"ListItem\",\"position\":2,\"name\":\"Diputados de oposicion tomaron la tribuna de San L\u00e1zaro, por la desaparici\u00f3n de 109 fideicomisos p\u00fablicos\"}]},{\"@type\":\"WebSite\",\"@id\":\"https:\\\/\\\/redamlo.com\\\/#website\",\"url\":\"https:\\\/\\\/redamlo.com\\\/\",\"name\":\"NOTICIAS DE LA 4T\",\"description\":\"\",\"publisher\":{\"@id\":\"https:\\\/\\\/redamlo.com\\\/#organization\"},\"potentialAction\":[{\"@type\":\"SearchAction\",\"target\":{\"@type\":\"EntryPoint\",\"urlTemplate\":\"https:\\\/\\\/redamlo.com\\\/?s={search_term_string}\"},\"query-input\":{\"@type\":\"PropertyValueSpecification\",\"valueRequired\":true,\"valueName\":\"search_term_string\"}}],\"inLanguage\":\"es\"},{\"@type\":\"Organization\",\"@id\":\"https:\\\/\\\/redamlo.com\\\/#organization\",\"name\":\"NOTICIAS DE LA 4T\",\"url\":\"https:\\\/\\\/redamlo.com\\\/\",\"logo\":{\"@type\":\"ImageObject\",\"inLanguage\":\"es\",\"@id\":\"https:\\\/\\\/redamlo.com\\\/#\\\/schema\\\/logo\\\/image\\\/\",\"url\":\"https:\\\/\\\/redamlo.com\\\/wp-content\\\/uploads\\\/2024\\\/08\\\/cropped-RED-AMLO-logo-50.png\",\"contentUrl\":\"https:\\\/\\\/redamlo.com\\\/wp-content\\\/uploads\\\/2024\\\/08\\\/cropped-RED-AMLO-logo-50.png\",\"width\":256,\"height\":256,\"caption\":\"NOTICIAS DE LA 4T\"},\"image\":{\"@id\":\"https:\\\/\\\/redamlo.com\\\/#\\\/schema\\\/logo\\\/image\\\/\"}},{\"@type\":\"Person\",\"@id\":\"https:\\\/\\\/redamlo.com\\\/#\\\/schema\\\/person\\\/7223a4375eb8f1a782fcae010a7115cf\",\"name\":\"Blanca\",\"image\":{\"@type\":\"ImageObject\",\"inLanguage\":\"es\",\"@id\":\"https:\\\/\\\/secure.gravatar.com\\\/avatar\\\/3f79bc8336367a4e6093eae8757acaaf61d1124834b905616de7829b0273426d?s=96&d=mm&r=g\",\"url\":\"https:\\\/\\\/secure.gravatar.com\\\/avatar\\\/3f79bc8336367a4e6093eae8757acaaf61d1124834b905616de7829b0273426d?s=96&d=mm&r=g\",\"contentUrl\":\"https:\\\/\\\/secure.gravatar.com\\\/avatar\\\/3f79bc8336367a4e6093eae8757acaaf61d1124834b905616de7829b0273426d?s=96&d=mm&r=g\",\"caption\":\"Blanca\"},\"url\":\"https:\\\/\\\/redamlo.com\\\/index.php\\\/author\\\/blanca\\\/\"}]}<\/script>\n<!-- \/ Yoast SEO plugin. -->","yoast_head_json":{"title":"Diputados de oposicion tomaron la tribuna de San L\u00e1zaro, por la desaparici\u00f3n de 109 fideicomisos p\u00fablicos - NOTICIAS DE LA 4T","robots":{"index":"noindex","follow":"follow","max-snippet":"max-snippet:-1","max-image-preview":"max-image-preview:large","max-video-preview":"max-video-preview:-1"},"og_locale":"es_MX","og_type":"article","og_title":"Diputados de oposicion tomaron la tribuna de San L\u00e1zaro, por la desaparici\u00f3n de 109 fideicomisos p\u00fablicos - NOTICIAS DE LA 4T","og_description":"Ciudad de M\u00e9xico, 6 de octubre Portal Ciudadano CDMX Diputados de los partidos de Revolucionario...","og_url":"https:\/\/redamlo.com\/index.php\/2020\/10\/07\/diputados-de-oposicion-tomaron-la-tribuna-de-san-lazaro-por-la-desaparicion-de-109-fideicomisos-publicos\/","og_site_name":"NOTICIAS DE LA 4T","article_published_time":"2020-10-07T14:09:23+00:00","author":"Blanca","twitter_card":"summary_large_image","twitter_misc":{"Escrito por":"Blanca","Tiempo de lectura":"1 minuto"},"schema":{"@context":"https:\/\/schema.org","@graph":[{"@type":"Article","@id":"https:\/\/redamlo.com\/index.php\/2020\/10\/07\/diputados-de-oposicion-tomaron-la-tribuna-de-san-lazaro-por-la-desaparicion-de-109-fideicomisos-publicos\/#article","isPartOf":{"@id":"https:\/\/redamlo.com\/index.php\/2020\/10\/07\/diputados-de-oposicion-tomaron-la-tribuna-de-san-lazaro-por-la-desaparicion-de-109-fideicomisos-publicos\/"},"author":{"name":"Blanca","@id":"https:\/\/redamlo.com\/#\/schema\/person\/7223a4375eb8f1a782fcae010a7115cf"},"headline":"Diputados de oposicion tomaron la tribuna de San L\u00e1zaro, por la desaparici\u00f3n de 109 fideicomisos p\u00fablicos","datePublished":"2020-10-07T14:09:23+00:00","mainEntityOfPage":{"@id":"https:\/\/redamlo.com\/index.php\/2020\/10\/07\/diputados-de-oposicion-tomaron-la-tribuna-de-san-lazaro-por-la-desaparicion-de-109-fideicomisos-publicos\/"},"wordCount":202,"commentCount":0,"publisher":{"@id":"https:\/\/redamlo.com\/#organization"},"image":{"@id":"https:\/\/redamlo.com\/index.php\/2020\/10\/07\/diputados-de-oposicion-tomaron-la-tribuna-de-san-lazaro-por-la-desaparicion-de-109-fideicomisos-publicos\/#primaryimage"},"thumbnailUrl":"","articleSection":["Camara de Diputados"],"inLanguage":"es","potentialAction":[{"@type":"CommentAction","name":"Comment","target":["https:\/\/redamlo.com\/index.php\/2020\/10\/07\/diputados-de-oposicion-tomaron-la-tribuna-de-san-lazaro-por-la-desaparicion-de-109-fideicomisos-publicos\/#respond"]}]},{"@type":"WebPage","@id":"https:\/\/redamlo.com\/index.php\/2020\/10\/07\/diputados-de-oposicion-tomaron-la-tribuna-de-san-lazaro-por-la-desaparicion-de-109-fideicomisos-publicos\/","url":"https:\/\/redamlo.com\/index.php\/2020\/10\/07\/diputados-de-oposicion-tomaron-la-tribuna-de-san-lazaro-por-la-desaparicion-de-109-fideicomisos-publicos\/","name":"Diputados de oposicion tomaron la tribuna de San L\u00e1zaro, por la desaparici\u00f3n de 109 fideicomisos p\u00fablicos - NOTICIAS DE LA 4T","isPartOf":{"@id":"https:\/\/redamlo.com\/#website"},"primaryImageOfPage":{"@id":"https:\/\/redamlo.com\/index.php\/2020\/10\/07\/diputados-de-oposicion-tomaron-la-tribuna-de-san-lazaro-por-la-desaparicion-de-109-fideicomisos-publicos\/#primaryimage"},"image":{"@id":"https:\/\/redamlo.com\/index.php\/2020\/10\/07\/diputados-de-oposicion-tomaron-la-tribuna-de-san-lazaro-por-la-desaparicion-de-109-fideicomisos-publicos\/#primaryimage"},"thumbnailUrl":"","datePublished":"2020-10-07T14:09:23+00:00","breadcrumb":{"@id":"https:\/\/redamlo.com\/index.php\/2020\/10\/07\/diputados-de-oposicion-tomaron-la-tribuna-de-san-lazaro-por-la-desaparicion-de-109-fideicomisos-publicos\/#breadcrumb"},"inLanguage":"es","potentialAction":[{"@type":"ReadAction","target":["https:\/\/redamlo.com\/index.php\/2020\/10\/07\/diputados-de-oposicion-tomaron-la-tribuna-de-san-lazaro-por-la-desaparicion-de-109-fideicomisos-publicos\/"]}]},{"@type":"ImageObject","inLanguage":"es","@id":"https:\/\/redamlo.com\/index.php\/2020\/10\/07\/diputados-de-oposicion-tomaron-la-tribuna-de-san-lazaro-por-la-desaparicion-de-109-fideicomisos-publicos\/#primaryimage","url":"","contentUrl":""},{"@type":"BreadcrumbList","@id":"https:\/\/redamlo.com\/index.php\/2020\/10\/07\/diputados-de-oposicion-tomaron-la-tribuna-de-san-lazaro-por-la-desaparicion-de-109-fideicomisos-publicos\/#breadcrumb","itemListElement":[{"@type":"ListItem","position":1,"name":"Inicio","item":"https:\/\/redamlo.com\/"},{"@type":"ListItem","position":2,"name":"Diputados de oposicion tomaron la tribuna de San L\u00e1zaro, por la desaparici\u00f3n de 109 fideicomisos p\u00fablicos"}]},{"@type":"WebSite","@id":"https:\/\/redamlo.com\/#website","url":"https:\/\/redamlo.com\/","name":"NOTICIAS DE LA 4T","description":"","publisher":{"@id":"https:\/\/redamlo.com\/#organization"},"potentialAction":[{"@type":"SearchAction","target":{"@type":"EntryPoint","urlTemplate":"https:\/\/redamlo.com\/?s={search_term_string}"},"query-input":{"@type":"PropertyValueSpecification","valueRequired":true,"valueName":"search_term_string"}}],"inLanguage":"es"},{"@type":"Organization","@id":"https:\/\/redamlo.com\/#organization","name":"NOTICIAS DE LA 4T","url":"https:\/\/redamlo.com\/","logo":{"@type":"ImageObject","inLanguage":"es","@id":"https:\/\/redamlo.com\/#\/schema\/logo\/image\/","url":"https:\/\/redamlo.com\/wp-content\/uploads\/2024\/08\/cropped-RED-AMLO-logo-50.png","contentUrl":"https:\/\/redamlo.com\/wp-content\/uploads\/2024\/08\/cropped-RED-AMLO-logo-50.png","width":256,"height":256,"caption":"NOTICIAS DE LA 4T"},"image":{"@id":"https:\/\/redamlo.com\/#\/schema\/logo\/image\/"}},{"@type":"Person","@id":"https:\/\/redamlo.com\/#\/schema\/person\/7223a4375eb8f1a782fcae010a7115cf","name":"Blanca","image":{"@type":"ImageObject","inLanguage":"es","@id":"https:\/\/secure.gravatar.com\/avatar\/3f79bc8336367a4e6093eae8757acaaf61d1124834b905616de7829b0273426d?s=96&d=mm&r=g","url":"https:\/\/secure.gravatar.com\/avatar\/3f79bc8336367a4e6093eae8757acaaf61d1124834b905616de7829b0273426d?s=96&d=mm&r=g","contentUrl":"https:\/\/secure.gravatar.com\/avatar\/3f79bc8336367a4e6093eae8757acaaf61d1124834b905616de7829b0273426d?s=96&d=mm&r=g","caption":"Blanca"},"url":"https:\/\/redamlo.com\/index.php\/author\/blanca\/"}]}},"_links":{"self":[{"href":"https:\/\/redamlo.com\/index.php\/wp-json\/wp\/v2\/posts\/973","targetHints":{"allow":["GET"]}}],"collection":[{"href":"https:\/\/redamlo.com\/index.php\/wp-json\/wp\/v2\/posts"}],"about":[{"href":"https:\/\/redamlo.com\/index.php\/wp-json\/wp\/v2\/types\/post"}],"author":[{"embeddable":true,"href":"https:\/\/redamlo.com\/index.php\/wp-json\/wp\/v2\/users\/2"}],"replies":[{"embeddable":true,"href":"https:\/\/redamlo.com\/index.php\/wp-json\/wp\/v2\/comments?post=973"}],"version-history":[{"count":0,"href":"https:\/\/redamlo.com\/index.php\/wp-json\/wp\/v2\/posts\/973\/revisions"}],"wp:featuredmedia":[{"embeddable":true,"href":"https:\/\/redamlo.com\/index.php\/wp-json\/"}],"wp:attachment":[{"href":"https:\/\/redamlo.com\/index.php\/wp-json\/wp\/v2\/media?parent=973"}],"wp:term":[{"taxonomy":"category","embeddable":true,"href":"https:\/\/redamlo.com\/index.php\/wp-json\/wp\/v2\/categories?post=973"},{"taxonomy":"post_tag","embeddable":true,"href":"https:\/\/redamlo.com\/index.php\/wp-json\/wp\/v2\/tags?post=973"}],"curies":[{"name":"wp","href":"https:\/\/api.w.org\/{rel}","templated":true}]}}