{"id":9498,"date":"2026-04-27T17:56:46","date_gmt":"2026-04-27T23:56:46","guid":{"rendered":"https:\/\/redamlo.com\/?p=9498"},"modified":"2026-04-27T17:56:47","modified_gmt":"2026-04-27T23:56:47","slug":"cooperacion-si-subordinacion-no-sheinbaum-pide-claridad-tras-intervencion-de-la-cia","status":"publish","type":"post","link":"https:\/\/redamlo.com\/index.php\/2026\/04\/27\/cooperacion-si-subordinacion-no-sheinbaum-pide-claridad-tras-intervencion-de-la-cia\/","title":{"rendered":"Cooperaci\u00f3n s\u00ed, subordinaci\u00f3n no: Sheinbaum pide claridad tras intervenci\u00f3n de la CIA"},"content":{"rendered":"\n<p><strong>Ciudad de M\u00e9xico.<\/strong> Tras el env\u00edo de la nota diplom\u00e1tica por parte del canciller Roberto Velasco al embajador de Estados Unidos, Ronald Johnson, para expresar el rechazo de M\u00e9xico por la intervenci\u00f3n de agentes de la CIA en un operativo en Chihuahua, la presidenta Claudia Sheinbaum afirm\u00f3 que conf\u00eda en que este hecho sea un hecho aislado.<\/p>\n\n\n\n<p>En su mensaje, la mandataria subray\u00f3 que la relaci\u00f3n bilateral se ha construido sobre bases de entendimiento que han rendido frutos, pero dej\u00f3 claro que la defensa de la soberan\u00eda nacional es una l\u00ednea roja que no est\u00e1 en negociaci\u00f3n.<\/p>\n\n\n\n<p>\u201cEl Gobierno Federal no ten\u00eda conocimiento de la participaci\u00f3n de estas personas. Esperamos que sea un caso de excepci\u00f3n y que, de ahora en adelante, se act\u00fae con estricto apego a la Constituci\u00f3n y a la Ley de Seguridad Nacional\u201d, expres\u00f3.<\/p>\n\n\n\n<h3 class=\"wp-block-heading\">No es pol\u00edtica, es Estado de Derecho<\/h3>\n\n\n\n<p>Sheinbaum puntualiz\u00f3 que este asunto no debe ser utilizado como arma pol\u00edtica contra la administraci\u00f3n panista de Chihuahua, sino que se trata de un tema de principio: el respeto al marco legal y a la autonom\u00eda del pa\u00eds.<\/p>\n\n\n\n<p>Respecto a la comisi\u00f3n investigadora ordenada por el gobierno estatal, la Presidenta coment\u00f3 que, aunque se analizar\u00e1n sus resultados, la naturaleza del acuerdo firmado con autoridades extranjeras corresponde directamente a la esfera de competencia del gobierno local y la fiscal\u00eda de la entidad.<\/p>\n\n\n\n<h3 class=\"wp-block-heading\">Relaci\u00f3n bilateral: cooperaci\u00f3n, no subordinaci\u00f3n<\/h3>\n\n\n\n<p>Al ser cuestionada sobre el impacto en la relaci\u00f3n con Washington, la mandataria destac\u00f3 que la coordinaci\u00f3n actual ha permitido logros importantes, como los recientes decomisos de armas en la frontera, y que no hay raz\u00f3n para romper este esquema, siempre y cuando se respeten los t\u00e9rminos.<\/p>\n\n\n\n<p>\u201c\u00bfPara qu\u00e9 vulnerar esa coordinaci\u00f3n si estamos dando resultados? No buscamos el conflicto, pero s\u00ed la claridad de que esto no se repita\u201d, asegur\u00f3.<\/p>\n\n\n\n<p>Asimismo, revel\u00f3 que en la reuni\u00f3n sostenida entre la gobernadora Maru Campos y el secretario de Seguridad, Omar Garc\u00eda Harfuch, se estableci\u00f3 que el Ejecutivo federal desconoc\u00eda los t\u00e9rminos exactos del convenio aplicado en el operativo.<\/p>\n\n\n\n<h3 class=\"wp-block-heading\">Investigaci\u00f3n y claridad<\/h3>\n\n\n\n<p>Sheinbaum indic\u00f3 que, m\u00e1s all\u00e1 de las diligencias estatales, la autoridad natural para deslindar responsabilidades a nivel nacional es la Fiscal\u00eda General de la Rep\u00fablica (FGR). Adem\u00e1s, recalc\u00f3 que este tema debe analizarse con objetividad en el Senado y sin caer en confrontaciones partidistas.<\/p>\n\n\n\n<p>\u201cYo no puedo dar instrucciones a una gobernadora, pero la ley debe aplicarse. Cualquier situaci\u00f3n que implique irregularidades debe ser investigada con pruebas\u201d, dijo.<\/p>\n\n\n\n<h3 class=\"wp-block-heading\">Sobre el Embajador y las acusaciones<\/h3>\n\n\n\n<p>En relaci\u00f3n con versiones period\u00edsticas que se\u00f1alan una supuesta intenci\u00f3n del embajador Johnson de exponer casos de corrupci\u00f3n, la Presidenta se\u00f1al\u00f3 que \u201ccualquier denuncia debe estar respaldada por evidencia\u201d, recordando el caso del general Cienfuegos, quien fue repatriado al no existir sustento probatorio.<\/p>\n\n\n\n<p>\u201cHasta ahora, la relaci\u00f3n con el embajador ha sido cordial y de trabajo. Ha apoyado en temas como el agua, el gusano barrenador y transporte. Si detect\u00e1ramos actos de injerencia, lo har\u00edamos valer de inmediato\u201d, afirm\u00f3.<\/p>\n\n\n\n<p>Finalmente, ante la pregunta sobre si EU sigue siendo un socio confiable, respondi\u00f3 con pragmatismo: \u201cEs nuestro vecino y tenemos m\u00e1s de 3 mil kil\u00f3metros de frontera. Tenemos que esforzarnos por llevarnos bien, pero siempre dentro del marco de la ley y respetando nuestra soberan\u00eda\u201d.<\/p>\n\n\n\n<p>Anunci\u00f3 que, para evitar que situaciones similares ocurran, ser\u00e1 fundamental la corresponsabilidad de los gobernadores, ya que la cooperaci\u00f3n es v\u00e1lida, pero debe ce\u00f1irse estrictamente a lo que marca la ley.<\/p>\n\n\n\n<p><\/p>\n","protected":false},"excerpt":{"rendered":"<p>Ciudad de M\u00e9xico. Tras el env\u00edo de la nota diplom\u00e1tica por parte del canciller Roberto&#8230;<\/p>\n","protected":false},"author":1,"featured_media":9499,"comment_status":"closed","ping_status":"closed","sticky":false,"template":"","format":"standard","meta":{"footnotes":""},"categories":[5],"tags":[],"class_list":["post-9498","post","type-post","status-publish","format-standard","has-post-thumbnail","hentry","category-politica"],"yoast_head":"<!-- This site is optimized with the Yoast SEO plugin v27.4 - https:\/\/yoast.com\/product\/yoast-seo-wordpress\/ -->\n<title>Cooperaci\u00f3n s\u00ed, subordinaci\u00f3n no: Sheinbaum pide claridad tras intervenci\u00f3n de la CIA - NOTICIAS DE LA 4T<\/title>\n<meta name=\"robots\" content=\"noindex, follow, max-snippet:-1, max-image-preview:large, max-video-preview:-1\" \/>\n<meta property=\"og:locale\" content=\"es_MX\" \/>\n<meta property=\"og:type\" content=\"article\" \/>\n<meta property=\"og:title\" content=\"Cooperaci\u00f3n s\u00ed, subordinaci\u00f3n no: Sheinbaum pide claridad tras intervenci\u00f3n de la CIA - NOTICIAS DE LA 4T\" \/>\n<meta property=\"og:description\" content=\"Ciudad de M\u00e9xico. Tras el env\u00edo de la nota diplom\u00e1tica por parte del canciller Roberto...\" \/>\n<meta property=\"og:url\" content=\"https:\/\/redamlo.com\/index.php\/2026\/04\/27\/cooperacion-si-subordinacion-no-sheinbaum-pide-claridad-tras-intervencion-de-la-cia\/\" \/>\n<meta property=\"og:site_name\" content=\"NOTICIAS DE LA 4T\" \/>\n<meta property=\"article:published_time\" content=\"2026-04-27T23:56:46+00:00\" \/>\n<meta property=\"article:modified_time\" content=\"2026-04-27T23:56:47+00:00\" \/>\n<meta property=\"og:image\" content=\"https:\/\/redamlo.com\/wp-content\/uploads\/2026\/04\/conf-27-abril.png\" \/>\n\t<meta property=\"og:image:width\" content=\"718\" \/>\n\t<meta property=\"og:image:height\" content=\"621\" \/>\n\t<meta property=\"og:image:type\" content=\"image\/png\" \/>\n<meta name=\"author\" content=\"admin\" \/>\n<meta name=\"twitter:card\" content=\"summary_large_image\" \/>\n<meta name=\"twitter:label1\" content=\"Escrito por\" \/>\n\t<meta name=\"twitter:data1\" content=\"admin\" \/>\n\t<meta name=\"twitter:label2\" content=\"Tiempo de lectura\" \/>\n\t<meta name=\"twitter:data2\" content=\"3 minutos\" \/>\n<script type=\"application\/ld+json\" class=\"yoast-schema-graph\">{\"@context\":\"https:\\\/\\\/schema.org\",\"@graph\":[{\"@type\":\"Article\",\"@id\":\"https:\\\/\\\/redamlo.com\\\/index.php\\\/2026\\\/04\\\/27\\\/cooperacion-si-subordinacion-no-sheinbaum-pide-claridad-tras-intervencion-de-la-cia\\\/#article\",\"isPartOf\":{\"@id\":\"https:\\\/\\\/redamlo.com\\\/index.php\\\/2026\\\/04\\\/27\\\/cooperacion-si-subordinacion-no-sheinbaum-pide-claridad-tras-intervencion-de-la-cia\\\/\"},\"author\":{\"name\":\"admin\",\"@id\":\"https:\\\/\\\/redamlo.com\\\/#\\\/schema\\\/person\\\/197a0a670d21b1f4f1483ddda1b64613\"},\"headline\":\"Cooperaci\u00f3n s\u00ed, subordinaci\u00f3n no: Sheinbaum pide claridad tras intervenci\u00f3n de la CIA\",\"datePublished\":\"2026-04-27T23:56:46+00:00\",\"dateModified\":\"2026-04-27T23:56:47+00:00\",\"mainEntityOfPage\":{\"@id\":\"https:\\\/\\\/redamlo.com\\\/index.php\\\/2026\\\/04\\\/27\\\/cooperacion-si-subordinacion-no-sheinbaum-pide-claridad-tras-intervencion-de-la-cia\\\/\"},\"wordCount\":640,\"publisher\":{\"@id\":\"https:\\\/\\\/redamlo.com\\\/#organization\"},\"image\":{\"@id\":\"https:\\\/\\\/redamlo.com\\\/index.php\\\/2026\\\/04\\\/27\\\/cooperacion-si-subordinacion-no-sheinbaum-pide-claridad-tras-intervencion-de-la-cia\\\/#primaryimage\"},\"thumbnailUrl\":\"https:\\\/\\\/redamlo.com\\\/wp-content\\\/uploads\\\/2026\\\/04\\\/conf-27-abril.png\",\"articleSection\":[\"Pol\u00edtica\"],\"inLanguage\":\"es\"},{\"@type\":\"WebPage\",\"@id\":\"https:\\\/\\\/redamlo.com\\\/index.php\\\/2026\\\/04\\\/27\\\/cooperacion-si-subordinacion-no-sheinbaum-pide-claridad-tras-intervencion-de-la-cia\\\/\",\"url\":\"https:\\\/\\\/redamlo.com\\\/index.php\\\/2026\\\/04\\\/27\\\/cooperacion-si-subordinacion-no-sheinbaum-pide-claridad-tras-intervencion-de-la-cia\\\/\",\"name\":\"Cooperaci\u00f3n s\u00ed, subordinaci\u00f3n no: Sheinbaum pide claridad tras intervenci\u00f3n de la CIA - NOTICIAS DE LA 4T\",\"isPartOf\":{\"@id\":\"https:\\\/\\\/redamlo.com\\\/#website\"},\"primaryImageOfPage\":{\"@id\":\"https:\\\/\\\/redamlo.com\\\/index.php\\\/2026\\\/04\\\/27\\\/cooperacion-si-subordinacion-no-sheinbaum-pide-claridad-tras-intervencion-de-la-cia\\\/#primaryimage\"},\"image\":{\"@id\":\"https:\\\/\\\/redamlo.com\\\/index.php\\\/2026\\\/04\\\/27\\\/cooperacion-si-subordinacion-no-sheinbaum-pide-claridad-tras-intervencion-de-la-cia\\\/#primaryimage\"},\"thumbnailUrl\":\"https:\\\/\\\/redamlo.com\\\/wp-content\\\/uploads\\\/2026\\\/04\\\/conf-27-abril.png\",\"datePublished\":\"2026-04-27T23:56:46+00:00\",\"dateModified\":\"2026-04-27T23:56:47+00:00\",\"breadcrumb\":{\"@id\":\"https:\\\/\\\/redamlo.com\\\/index.php\\\/2026\\\/04\\\/27\\\/cooperacion-si-subordinacion-no-sheinbaum-pide-claridad-tras-intervencion-de-la-cia\\\/#breadcrumb\"},\"inLanguage\":\"es\",\"potentialAction\":[{\"@type\":\"ReadAction\",\"target\":[\"https:\\\/\\\/redamlo.com\\\/index.php\\\/2026\\\/04\\\/27\\\/cooperacion-si-subordinacion-no-sheinbaum-pide-claridad-tras-intervencion-de-la-cia\\\/\"]}]},{\"@type\":\"ImageObject\",\"inLanguage\":\"es\",\"@id\":\"https:\\\/\\\/redamlo.com\\\/index.php\\\/2026\\\/04\\\/27\\\/cooperacion-si-subordinacion-no-sheinbaum-pide-claridad-tras-intervencion-de-la-cia\\\/#primaryimage\",\"url\":\"https:\\\/\\\/redamlo.com\\\/wp-content\\\/uploads\\\/2026\\\/04\\\/conf-27-abril.png\",\"contentUrl\":\"https:\\\/\\\/redamlo.com\\\/wp-content\\\/uploads\\\/2026\\\/04\\\/conf-27-abril.png\",\"width\":718,\"height\":621},{\"@type\":\"BreadcrumbList\",\"@id\":\"https:\\\/\\\/redamlo.com\\\/index.php\\\/2026\\\/04\\\/27\\\/cooperacion-si-subordinacion-no-sheinbaum-pide-claridad-tras-intervencion-de-la-cia\\\/#breadcrumb\",\"itemListElement\":[{\"@type\":\"ListItem\",\"position\":1,\"name\":\"Inicio\",\"item\":\"https:\\\/\\\/redamlo.com\\\/\"},{\"@type\":\"ListItem\",\"position\":2,\"name\":\"Cooperaci\u00f3n s\u00ed, subordinaci\u00f3n no: Sheinbaum pide claridad tras intervenci\u00f3n de la CIA\"}]},{\"@type\":\"WebSite\",\"@id\":\"https:\\\/\\\/redamlo.com\\\/#website\",\"url\":\"https:\\\/\\\/redamlo.com\\\/\",\"name\":\"NOTICIAS DE LA 4T\",\"description\":\"\",\"publisher\":{\"@id\":\"https:\\\/\\\/redamlo.com\\\/#organization\"},\"potentialAction\":[{\"@type\":\"SearchAction\",\"target\":{\"@type\":\"EntryPoint\",\"urlTemplate\":\"https:\\\/\\\/redamlo.com\\\/?s={search_term_string}\"},\"query-input\":{\"@type\":\"PropertyValueSpecification\",\"valueRequired\":true,\"valueName\":\"search_term_string\"}}],\"inLanguage\":\"es\"},{\"@type\":\"Organization\",\"@id\":\"https:\\\/\\\/redamlo.com\\\/#organization\",\"name\":\"NOTICIAS DE LA 4T\",\"url\":\"https:\\\/\\\/redamlo.com\\\/\",\"logo\":{\"@type\":\"ImageObject\",\"inLanguage\":\"es\",\"@id\":\"https:\\\/\\\/redamlo.com\\\/#\\\/schema\\\/logo\\\/image\\\/\",\"url\":\"https:\\\/\\\/redamlo.com\\\/wp-content\\\/uploads\\\/2024\\\/08\\\/cropped-RED-AMLO-logo-50.png\",\"contentUrl\":\"https:\\\/\\\/redamlo.com\\\/wp-content\\\/uploads\\\/2024\\\/08\\\/cropped-RED-AMLO-logo-50.png\",\"width\":256,\"height\":256,\"caption\":\"NOTICIAS DE LA 4T\"},\"image\":{\"@id\":\"https:\\\/\\\/redamlo.com\\\/#\\\/schema\\\/logo\\\/image\\\/\"}},{\"@type\":\"Person\",\"@id\":\"https:\\\/\\\/redamlo.com\\\/#\\\/schema\\\/person\\\/197a0a670d21b1f4f1483ddda1b64613\",\"name\":\"admin\",\"image\":{\"@type\":\"ImageObject\",\"inLanguage\":\"es\",\"@id\":\"https:\\\/\\\/secure.gravatar.com\\\/avatar\\\/293dccd927043f2e641da6685c2f84009782eb9ee0054daceada4e261ded849a?s=96&d=mm&r=g\",\"url\":\"https:\\\/\\\/secure.gravatar.com\\\/avatar\\\/293dccd927043f2e641da6685c2f84009782eb9ee0054daceada4e261ded849a?s=96&d=mm&r=g\",\"contentUrl\":\"https:\\\/\\\/secure.gravatar.com\\\/avatar\\\/293dccd927043f2e641da6685c2f84009782eb9ee0054daceada4e261ded849a?s=96&d=mm&r=g\",\"caption\":\"admin\"},\"sameAs\":[\"https:\\\/\\\/redamlo.com\"],\"url\":\"https:\\\/\\\/redamlo.com\\\/index.php\\\/author\\\/stell\\\/\"}]}<\/script>\n<!-- \/ Yoast SEO plugin. -->","yoast_head_json":{"title":"Cooperaci\u00f3n s\u00ed, subordinaci\u00f3n no: Sheinbaum pide claridad tras intervenci\u00f3n de la CIA - NOTICIAS DE LA 4T","robots":{"index":"noindex","follow":"follow","max-snippet":"max-snippet:-1","max-image-preview":"max-image-preview:large","max-video-preview":"max-video-preview:-1"},"og_locale":"es_MX","og_type":"article","og_title":"Cooperaci\u00f3n s\u00ed, subordinaci\u00f3n no: Sheinbaum pide claridad tras intervenci\u00f3n de la CIA - NOTICIAS DE LA 4T","og_description":"Ciudad de M\u00e9xico. Tras el env\u00edo de la nota diplom\u00e1tica por parte del canciller Roberto...","og_url":"https:\/\/redamlo.com\/index.php\/2026\/04\/27\/cooperacion-si-subordinacion-no-sheinbaum-pide-claridad-tras-intervencion-de-la-cia\/","og_site_name":"NOTICIAS DE LA 4T","article_published_time":"2026-04-27T23:56:46+00:00","article_modified_time":"2026-04-27T23:56:47+00:00","og_image":[{"width":718,"height":621,"url":"https:\/\/redamlo.com\/wp-content\/uploads\/2026\/04\/conf-27-abril.png","type":"image\/png"}],"author":"admin","twitter_card":"summary_large_image","twitter_misc":{"Escrito por":"admin","Tiempo de lectura":"3 minutos"},"schema":{"@context":"https:\/\/schema.org","@graph":[{"@type":"Article","@id":"https:\/\/redamlo.com\/index.php\/2026\/04\/27\/cooperacion-si-subordinacion-no-sheinbaum-pide-claridad-tras-intervencion-de-la-cia\/#article","isPartOf":{"@id":"https:\/\/redamlo.com\/index.php\/2026\/04\/27\/cooperacion-si-subordinacion-no-sheinbaum-pide-claridad-tras-intervencion-de-la-cia\/"},"author":{"name":"admin","@id":"https:\/\/redamlo.com\/#\/schema\/person\/197a0a670d21b1f4f1483ddda1b64613"},"headline":"Cooperaci\u00f3n s\u00ed, subordinaci\u00f3n no: Sheinbaum pide claridad tras intervenci\u00f3n de la CIA","datePublished":"2026-04-27T23:56:46+00:00","dateModified":"2026-04-27T23:56:47+00:00","mainEntityOfPage":{"@id":"https:\/\/redamlo.com\/index.php\/2026\/04\/27\/cooperacion-si-subordinacion-no-sheinbaum-pide-claridad-tras-intervencion-de-la-cia\/"},"wordCount":640,"publisher":{"@id":"https:\/\/redamlo.com\/#organization"},"image":{"@id":"https:\/\/redamlo.com\/index.php\/2026\/04\/27\/cooperacion-si-subordinacion-no-sheinbaum-pide-claridad-tras-intervencion-de-la-cia\/#primaryimage"},"thumbnailUrl":"https:\/\/redamlo.com\/wp-content\/uploads\/2026\/04\/conf-27-abril.png","articleSection":["Pol\u00edtica"],"inLanguage":"es"},{"@type":"WebPage","@id":"https:\/\/redamlo.com\/index.php\/2026\/04\/27\/cooperacion-si-subordinacion-no-sheinbaum-pide-claridad-tras-intervencion-de-la-cia\/","url":"https:\/\/redamlo.com\/index.php\/2026\/04\/27\/cooperacion-si-subordinacion-no-sheinbaum-pide-claridad-tras-intervencion-de-la-cia\/","name":"Cooperaci\u00f3n s\u00ed, subordinaci\u00f3n no: Sheinbaum pide claridad tras intervenci\u00f3n de la CIA - NOTICIAS DE LA 4T","isPartOf":{"@id":"https:\/\/redamlo.com\/#website"},"primaryImageOfPage":{"@id":"https:\/\/redamlo.com\/index.php\/2026\/04\/27\/cooperacion-si-subordinacion-no-sheinbaum-pide-claridad-tras-intervencion-de-la-cia\/#primaryimage"},"image":{"@id":"https:\/\/redamlo.com\/index.php\/2026\/04\/27\/cooperacion-si-subordinacion-no-sheinbaum-pide-claridad-tras-intervencion-de-la-cia\/#primaryimage"},"thumbnailUrl":"https:\/\/redamlo.com\/wp-content\/uploads\/2026\/04\/conf-27-abril.png","datePublished":"2026-04-27T23:56:46+00:00","dateModified":"2026-04-27T23:56:47+00:00","breadcrumb":{"@id":"https:\/\/redamlo.com\/index.php\/2026\/04\/27\/cooperacion-si-subordinacion-no-sheinbaum-pide-claridad-tras-intervencion-de-la-cia\/#breadcrumb"},"inLanguage":"es","potentialAction":[{"@type":"ReadAction","target":["https:\/\/redamlo.com\/index.php\/2026\/04\/27\/cooperacion-si-subordinacion-no-sheinbaum-pide-claridad-tras-intervencion-de-la-cia\/"]}]},{"@type":"ImageObject","inLanguage":"es","@id":"https:\/\/redamlo.com\/index.php\/2026\/04\/27\/cooperacion-si-subordinacion-no-sheinbaum-pide-claridad-tras-intervencion-de-la-cia\/#primaryimage","url":"https:\/\/redamlo.com\/wp-content\/uploads\/2026\/04\/conf-27-abril.png","contentUrl":"https:\/\/redamlo.com\/wp-content\/uploads\/2026\/04\/conf-27-abril.png","width":718,"height":621},{"@type":"BreadcrumbList","@id":"https:\/\/redamlo.com\/index.php\/2026\/04\/27\/cooperacion-si-subordinacion-no-sheinbaum-pide-claridad-tras-intervencion-de-la-cia\/#breadcrumb","itemListElement":[{"@type":"ListItem","position":1,"name":"Inicio","item":"https:\/\/redamlo.com\/"},{"@type":"ListItem","position":2,"name":"Cooperaci\u00f3n s\u00ed, subordinaci\u00f3n no: Sheinbaum pide claridad tras intervenci\u00f3n de la CIA"}]},{"@type":"WebSite","@id":"https:\/\/redamlo.com\/#website","url":"https:\/\/redamlo.com\/","name":"NOTICIAS DE LA 4T","description":"","publisher":{"@id":"https:\/\/redamlo.com\/#organization"},"potentialAction":[{"@type":"SearchAction","target":{"@type":"EntryPoint","urlTemplate":"https:\/\/redamlo.com\/?s={search_term_string}"},"query-input":{"@type":"PropertyValueSpecification","valueRequired":true,"valueName":"search_term_string"}}],"inLanguage":"es"},{"@type":"Organization","@id":"https:\/\/redamlo.com\/#organization","name":"NOTICIAS DE LA 4T","url":"https:\/\/redamlo.com\/","logo":{"@type":"ImageObject","inLanguage":"es","@id":"https:\/\/redamlo.com\/#\/schema\/logo\/image\/","url":"https:\/\/redamlo.com\/wp-content\/uploads\/2024\/08\/cropped-RED-AMLO-logo-50.png","contentUrl":"https:\/\/redamlo.com\/wp-content\/uploads\/2024\/08\/cropped-RED-AMLO-logo-50.png","width":256,"height":256,"caption":"NOTICIAS DE LA 4T"},"image":{"@id":"https:\/\/redamlo.com\/#\/schema\/logo\/image\/"}},{"@type":"Person","@id":"https:\/\/redamlo.com\/#\/schema\/person\/197a0a670d21b1f4f1483ddda1b64613","name":"admin","image":{"@type":"ImageObject","inLanguage":"es","@id":"https:\/\/secure.gravatar.com\/avatar\/293dccd927043f2e641da6685c2f84009782eb9ee0054daceada4e261ded849a?s=96&d=mm&r=g","url":"https:\/\/secure.gravatar.com\/avatar\/293dccd927043f2e641da6685c2f84009782eb9ee0054daceada4e261ded849a?s=96&d=mm&r=g","contentUrl":"https:\/\/secure.gravatar.com\/avatar\/293dccd927043f2e641da6685c2f84009782eb9ee0054daceada4e261ded849a?s=96&d=mm&r=g","caption":"admin"},"sameAs":["https:\/\/redamlo.com"],"url":"https:\/\/redamlo.com\/index.php\/author\/stell\/"}]}},"_links":{"self":[{"href":"https:\/\/redamlo.com\/index.php\/wp-json\/wp\/v2\/posts\/9498","targetHints":{"allow":["GET"]}}],"collection":[{"href":"https:\/\/redamlo.com\/index.php\/wp-json\/wp\/v2\/posts"}],"about":[{"href":"https:\/\/redamlo.com\/index.php\/wp-json\/wp\/v2\/types\/post"}],"author":[{"embeddable":true,"href":"https:\/\/redamlo.com\/index.php\/wp-json\/wp\/v2\/users\/1"}],"replies":[{"embeddable":true,"href":"https:\/\/redamlo.com\/index.php\/wp-json\/wp\/v2\/comments?post=9498"}],"version-history":[{"count":1,"href":"https:\/\/redamlo.com\/index.php\/wp-json\/wp\/v2\/posts\/9498\/revisions"}],"predecessor-version":[{"id":9500,"href":"https:\/\/redamlo.com\/index.php\/wp-json\/wp\/v2\/posts\/9498\/revisions\/9500"}],"wp:featuredmedia":[{"embeddable":true,"href":"https:\/\/redamlo.com\/index.php\/wp-json\/wp\/v2\/media\/9499"}],"wp:attachment":[{"href":"https:\/\/redamlo.com\/index.php\/wp-json\/wp\/v2\/media?parent=9498"}],"wp:term":[{"taxonomy":"category","embeddable":true,"href":"https:\/\/redamlo.com\/index.php\/wp-json\/wp\/v2\/categories?post=9498"},{"taxonomy":"post_tag","embeddable":true,"href":"https:\/\/redamlo.com\/index.php\/wp-json\/wp\/v2\/tags?post=9498"}],"curies":[{"name":"wp","href":"https:\/\/api.w.org\/{rel}","templated":true}]}}