{"id":949,"date":"2020-09-25T00:42:41","date_gmt":"2020-09-25T00:42:41","guid":{"rendered":"http:\/\/redamlo.com\/?p=949"},"modified":"2020-09-25T00:42:41","modified_gmt":"2020-09-25T00:42:41","slug":"juan-hugo-de-la-rosa-solicita-al-gobernador-del-edomex-continuar-sustitucion-de-la-red-hidraulica-de-nezahualcoyotl","status":"publish","type":"post","link":"https:\/\/redamlo.com\/index.php\/2020\/09\/25\/juan-hugo-de-la-rosa-solicita-al-gobernador-del-edomex-continuar-sustitucion-de-la-red-hidraulica-de-nezahualcoyotl\/","title":{"rendered":"Juan Hugo De La Rosa, Solicita  Al Gobernador Del EDOMEX Continuar Sustituci\u00f3n De La Red Hidr\u00e1ulica De Nezahualc\u00f3yotl"},"content":{"rendered":"<h4><strong>Nezahualc\u00f3yotl, M\u00e9xico a 24 de septiembre de 2020.<\/strong><\/h4>\n<p>&nbsp;<\/p>\n<ul>\n<li><strong>Solicita Alcalde Juan Hugo De La Rosa Al Gobernador Del Estado De M\u00e9xico Continuar Sustituci\u00f3n De La Red Hidr\u00e1ulica De Nezahualc\u00f3yotl*<\/strong><\/li>\n<\/ul>\n<ul>\n<li><strong>Con la sustituci\u00f3n que realiza el gobierno municipal y estatal se beneficiar\u00e1n m\u00e1s de 250 mil viviendas.<\/strong><\/li>\n<\/ul>\n<ul>\n<li><strong>Desde hace 50 a\u00f1os ning\u00fan gobierno municipal se hab\u00eda propuesto iniciar con la sustituci\u00f3n de la red hidr\u00e1ulica de Nezahualc\u00f3yotl<\/strong><\/li>\n<\/ul>\n<p>En el marco de la inauguraci\u00f3n de una nueva planta potabilizadora de agua en la colonia Ra\u00fal Romero, el presidente municipal Juan Hugo de la Rosa Garc\u00eda solicit\u00f3 al gobernador del Estado de M\u00e9xico, Alfredo del Mazo Maza, dar continuidad a las obras para finalmente renovar en su totalidad de la red de agua potable que es de mil 272 kil\u00f3metros de longitud, pues con la sustituci\u00f3n realizada por el gobierno municipal y la que se efect\u00faa con recursos provenientes del Fondo Nacional de Desastres Naturales (Fonden) y del gobierno estatal, se alcanzar\u00e1 a finales del a\u00f1o un total del 28 por ciento, es decir 361 kil\u00f3metros, quedando por sustituir 62 por ciento, 911 kil\u00f3metros, al tiempo que le reiter\u00f3 la solicitud de la donaci\u00f3n de un predio ubicado en avenida Bordo de Xochiaca para la construcci\u00f3n de nuevos hospitales en Nezahualc\u00f3yotl.<\/p>\n<p>El alcalde reconoci\u00f3 los esfuerzos realizados por el gobierno estatal en la sustituci\u00f3n de la red de agua potable de Nezahualc\u00f3yotl, pues su antig\u00fcedad data de hace 50 a\u00f1os, que si bien el proyecto original contemplaba 281 kil\u00f3metros, con los 200 kil\u00f3metros que se concluir\u00e1n antes de que finalice el a\u00f1o se avanzar\u00e1 en los problemas de fugas del vital l\u00edquido, ya que estas nuevas obras permitir\u00e1n abatir en un 28 por ciento las p\u00e9rdidas de agua, mejorando con ello el abasto, principalmente en las zonas que por muchos a\u00f1os han carecido del preciado elemento.<\/p>\n<p>Precis\u00f3 que la administraci\u00f3n a su cargo inici\u00f3 en 2016 con la sustituci\u00f3n de la red hidr\u00e1ulica del municipio, invirtiendo a la fecha m\u00e1s de mil 200 millones de pesos en la renovaci\u00f3n de tuber\u00edas, construcci\u00f3n de plantas potabilizadoras, construcci\u00f3n, rehabilitaci\u00f3n y equipamiento de plantas de rebombeo y pozos de agua, lo que beneficiar\u00e1 a m\u00e1s de 250 mil hogares de Nezahualc\u00f3yotl.<\/p>\n<p>En ese sentido, el gobernador del Estado de M\u00e9xico Alfredo del Mazo Maza reconoci\u00f3 al presidente municipal Juan Hugo de la Rosa por su trabajo para ayudar a los ciudadanos de Nezahualc\u00f3yotl con acciones, obras y programas que ha impulsado durante muchos a\u00f1os, pues se\u00f1al\u00f3 que la inauguraci\u00f3n de la Planta Potabilizadora es un ejemplo del trabajo coordinado para mejorar una de las principales demandas de los ciudadanos: el recibir agua constante y de calidad en sus hogares, al tiempo que coincidi\u00f3 con el alcalde que \u00e9sta es la obra hidr\u00e1ulica m\u00e1s importante no s\u00f3lo del Estado de M\u00e9xico sino del pa\u00eds.<\/p>\n<p>Por su parte, Patricia Ram\u00edrez Pineda, Subdirectora General de Agua Potable, Drenaje y Saneamiento de la Comisi\u00f3n Nacional del Agua (CONAGUA), felicit\u00f3 al alcalde por el conocimiento que tiene del sistema operativo de la red h\u00eddrica del municipio, pues subray\u00f3 no todos los ediles se involucran en esta materia, hecho que habla de su compromiso y preocupaci\u00f3n por resolver las carencias de agua en su ciudad, tarea para la cual afirm\u00f3, contar\u00e1n con el apoyo de la propia CONAGUA.<\/p>\n<p>Al respecto, De la Rosa Garc\u00eda resalt\u00f3 la necesidad de que este organismo federal realice el proyecto ejecutivo y la construcci\u00f3n de una planta potabilizadora para el caudal de agua en bloque que entrega al municipio proveniente de los ramales Tl\u00e1huac, Mixquic y Santa Catarina a fin de que esta llegue con mejor calidad as\u00ed como incrementar la cantidad de agua que se entrega al municipio pues su crecimiento ha sido constante y exponencial, as\u00ed como agilizar la conclusi\u00f3n del T\u00fanel interceptor Churubusco-Xochiaca, ya que s\u00f3lo as\u00ed ser\u00e1 posible garantizar mejores condiciones h\u00eddricas en calidad y cantidad en el municipio.<\/p>\n<p>En este evento de inauguraci\u00f3n el presidente municipal solicit\u00f3 al gobernador continuar las obras de instalaci\u00f3n de tomas domiciliarias en las colonias El Sol y Estado de M\u00e9xico, incluir en el Programa Operativo Anual 2021 de la CAEM los trabajos de continuaci\u00f3n de sectorizaci\u00f3n de la red de agua potable, la entrega de proyecto ejecutivo de la sectorizaci\u00f3n del municipio, incluyendo a la zona norte de Nezahualc\u00f3yotl, as\u00ed como agilizar la conclusi\u00f3n de la construcci\u00f3n del colector hidr\u00e1ulico Villada y la construcci\u00f3n de los colectores Kennedy y Yang-Tse, que son vitales para evitar las inundaciones continuas del municipio.<\/p>\n<p>Aprovech\u00f3 para informar al gobernador mexiquense que luego de que la Cl\u00ednica 25 del IMSS quedara inutilizable a causa del sismo del 19 de septiembre de 2017 m\u00e1s de 540 mil derechohabientes de la localidad deben trasladarse grandes distancias para recibir atenci\u00f3n m\u00e9dica, viendo mermada su salud y econom\u00eda, por lo que reiter\u00f3 su solicitud de donaci\u00f3n del predio ubicado en avenida Bordo de Xochiaca y Sor Juana In\u00e9s de la Cruz para la construcci\u00f3n de nuevos hospitales, uno del IMSS y otro del sector salud, pues puntualiz\u00f3 que actualmente en la localidad s\u00f3lo hay 280 camas para atender a una poblaci\u00f3n de aproximadamente un mill\u00f3n 200 mil habitantes.<\/p>\n<p>Finalmente, el presidente municipal Juan Hugo de la Rosa Garc\u00eda record\u00f3 al gobernador, que comparten el reto de gobernar el municipio m\u00e1s densamente poblado del pa\u00eds, y su apoyo es y ser\u00e1 siempre reconocido por los habitantes de Nezahualc\u00f3yotl, por lo que pidi\u00f3 no tomar a la ligera sus peticiones, ya que s\u00f3lo con su trabajo coordinado ser\u00e1 posible mejorar la calidad de vida de los ciudadanos, sin embargo, no obtuvo respuesta alguna por parte del ejecutivo estatal.<\/p>\n<p>&nbsp;<\/p>\n","protected":false},"excerpt":{"rendered":"<p>Nezahualc\u00f3yotl, M\u00e9xico a 24 de septiembre de 2020. &nbsp; Solicita Alcalde Juan Hugo De La&#8230;<\/p>\n","protected":false},"author":2,"featured_media":950,"comment_status":"open","ping_status":"closed","sticky":false,"template":"","format":"standard","meta":{"footnotes":""},"categories":[3],"tags":[332,59,333],"class_list":["post-949","post","type-post","status-publish","format-standard","has-post-thumbnail","hentry","category-estado-de-mexico","tag-alfredo-del-mazo-maza","tag-edomex","tag-juan-hugo-de-la-rosa"],"yoast_head":"<!-- This site is optimized with the Yoast SEO plugin v27.5 - https:\/\/yoast.com\/product\/yoast-seo-wordpress\/ -->\n<title>Juan Hugo De La Rosa, Solicita Al Gobernador Del EDOMEX Continuar Sustituci\u00f3n De La Red Hidr\u00e1ulica De Nezahualc\u00f3yotl - NOTICIAS DE LA 4T<\/title>\n<meta name=\"robots\" content=\"noindex, follow, max-snippet:-1, max-image-preview:large, max-video-preview:-1\" \/>\n<meta property=\"og:locale\" content=\"es_MX\" \/>\n<meta property=\"og:type\" content=\"article\" \/>\n<meta property=\"og:title\" content=\"Juan Hugo De La Rosa, Solicita Al Gobernador Del EDOMEX Continuar Sustituci\u00f3n De La Red Hidr\u00e1ulica De Nezahualc\u00f3yotl - NOTICIAS DE LA 4T\" \/>\n<meta property=\"og:description\" content=\"Nezahualc\u00f3yotl, M\u00e9xico a 24 de septiembre de 2020. &nbsp; Solicita Alcalde Juan Hugo De La...\" \/>\n<meta property=\"og:url\" content=\"https:\/\/redamlo.com\/index.php\/2020\/09\/25\/juan-hugo-de-la-rosa-solicita-al-gobernador-del-edomex-continuar-sustitucion-de-la-red-hidraulica-de-nezahualcoyotl\/\" \/>\n<meta property=\"og:site_name\" content=\"NOTICIAS DE LA 4T\" \/>\n<meta property=\"article:published_time\" content=\"2020-09-25T00:42:41+00:00\" \/>\n<meta property=\"og:image\" content=\"https:\/\/redamlo.com\/wp-content\/uploads\/2020\/09\/WhatsApp-Image-2020-09-24-at-2.07.35-PM.jpeg\" \/>\n\t<meta property=\"og:image:width\" content=\"1280\" \/>\n\t<meta property=\"og:image:height\" content=\"718\" \/>\n\t<meta property=\"og:image:type\" content=\"image\/jpeg\" \/>\n<meta name=\"author\" content=\"Blanca\" \/>\n<meta name=\"twitter:card\" content=\"summary_large_image\" \/>\n<meta name=\"twitter:label1\" content=\"Escrito por\" \/>\n\t<meta name=\"twitter:data1\" content=\"Blanca\" \/>\n\t<meta name=\"twitter:label2\" content=\"Tiempo de lectura\" \/>\n\t<meta name=\"twitter:data2\" content=\"5 minutos\" \/>\n<script type=\"application\/ld+json\" class=\"yoast-schema-graph\">{\"@context\":\"https:\\\/\\\/schema.org\",\"@graph\":[{\"@type\":\"Article\",\"@id\":\"https:\\\/\\\/redamlo.com\\\/index.php\\\/2020\\\/09\\\/25\\\/juan-hugo-de-la-rosa-solicita-al-gobernador-del-edomex-continuar-sustitucion-de-la-red-hidraulica-de-nezahualcoyotl\\\/#article\",\"isPartOf\":{\"@id\":\"https:\\\/\\\/redamlo.com\\\/index.php\\\/2020\\\/09\\\/25\\\/juan-hugo-de-la-rosa-solicita-al-gobernador-del-edomex-continuar-sustitucion-de-la-red-hidraulica-de-nezahualcoyotl\\\/\"},\"author\":{\"name\":\"Blanca\",\"@id\":\"https:\\\/\\\/redamlo.com\\\/#\\\/schema\\\/person\\\/7223a4375eb8f1a782fcae010a7115cf\"},\"headline\":\"Juan Hugo De La Rosa, Solicita Al Gobernador Del EDOMEX Continuar Sustituci\u00f3n De La Red Hidr\u00e1ulica De Nezahualc\u00f3yotl\",\"datePublished\":\"2020-09-25T00:42:41+00:00\",\"mainEntityOfPage\":{\"@id\":\"https:\\\/\\\/redamlo.com\\\/index.php\\\/2020\\\/09\\\/25\\\/juan-hugo-de-la-rosa-solicita-al-gobernador-del-edomex-continuar-sustitucion-de-la-red-hidraulica-de-nezahualcoyotl\\\/\"},\"wordCount\":1031,\"commentCount\":0,\"publisher\":{\"@id\":\"https:\\\/\\\/redamlo.com\\\/#organization\"},\"image\":{\"@id\":\"https:\\\/\\\/redamlo.com\\\/index.php\\\/2020\\\/09\\\/25\\\/juan-hugo-de-la-rosa-solicita-al-gobernador-del-edomex-continuar-sustitucion-de-la-red-hidraulica-de-nezahualcoyotl\\\/#primaryimage\"},\"thumbnailUrl\":\"https:\\\/\\\/redamlo.com\\\/wp-content\\\/uploads\\\/2020\\\/09\\\/WhatsApp-Image-2020-09-24-at-2.07.35-PM.jpeg\",\"keywords\":[\"Alfredo del Mazo Maza\",\"edomex\",\"Juan Hugo De La Rosa\"],\"articleSection\":[\"Estado de M\u00e9xico\"],\"inLanguage\":\"es\",\"potentialAction\":[{\"@type\":\"CommentAction\",\"name\":\"Comment\",\"target\":[\"https:\\\/\\\/redamlo.com\\\/index.php\\\/2020\\\/09\\\/25\\\/juan-hugo-de-la-rosa-solicita-al-gobernador-del-edomex-continuar-sustitucion-de-la-red-hidraulica-de-nezahualcoyotl\\\/#respond\"]}]},{\"@type\":\"WebPage\",\"@id\":\"https:\\\/\\\/redamlo.com\\\/index.php\\\/2020\\\/09\\\/25\\\/juan-hugo-de-la-rosa-solicita-al-gobernador-del-edomex-continuar-sustitucion-de-la-red-hidraulica-de-nezahualcoyotl\\\/\",\"url\":\"https:\\\/\\\/redamlo.com\\\/index.php\\\/2020\\\/09\\\/25\\\/juan-hugo-de-la-rosa-solicita-al-gobernador-del-edomex-continuar-sustitucion-de-la-red-hidraulica-de-nezahualcoyotl\\\/\",\"name\":\"Juan Hugo De La Rosa, Solicita Al Gobernador Del EDOMEX Continuar Sustituci\u00f3n De La Red Hidr\u00e1ulica De Nezahualc\u00f3yotl - NOTICIAS DE LA 4T\",\"isPartOf\":{\"@id\":\"https:\\\/\\\/redamlo.com\\\/#website\"},\"primaryImageOfPage\":{\"@id\":\"https:\\\/\\\/redamlo.com\\\/index.php\\\/2020\\\/09\\\/25\\\/juan-hugo-de-la-rosa-solicita-al-gobernador-del-edomex-continuar-sustitucion-de-la-red-hidraulica-de-nezahualcoyotl\\\/#primaryimage\"},\"image\":{\"@id\":\"https:\\\/\\\/redamlo.com\\\/index.php\\\/2020\\\/09\\\/25\\\/juan-hugo-de-la-rosa-solicita-al-gobernador-del-edomex-continuar-sustitucion-de-la-red-hidraulica-de-nezahualcoyotl\\\/#primaryimage\"},\"thumbnailUrl\":\"https:\\\/\\\/redamlo.com\\\/wp-content\\\/uploads\\\/2020\\\/09\\\/WhatsApp-Image-2020-09-24-at-2.07.35-PM.jpeg\",\"datePublished\":\"2020-09-25T00:42:41+00:00\",\"breadcrumb\":{\"@id\":\"https:\\\/\\\/redamlo.com\\\/index.php\\\/2020\\\/09\\\/25\\\/juan-hugo-de-la-rosa-solicita-al-gobernador-del-edomex-continuar-sustitucion-de-la-red-hidraulica-de-nezahualcoyotl\\\/#breadcrumb\"},\"inLanguage\":\"es\",\"potentialAction\":[{\"@type\":\"ReadAction\",\"target\":[\"https:\\\/\\\/redamlo.com\\\/index.php\\\/2020\\\/09\\\/25\\\/juan-hugo-de-la-rosa-solicita-al-gobernador-del-edomex-continuar-sustitucion-de-la-red-hidraulica-de-nezahualcoyotl\\\/\"]}]},{\"@type\":\"ImageObject\",\"inLanguage\":\"es\",\"@id\":\"https:\\\/\\\/redamlo.com\\\/index.php\\\/2020\\\/09\\\/25\\\/juan-hugo-de-la-rosa-solicita-al-gobernador-del-edomex-continuar-sustitucion-de-la-red-hidraulica-de-nezahualcoyotl\\\/#primaryimage\",\"url\":\"https:\\\/\\\/redamlo.com\\\/wp-content\\\/uploads\\\/2020\\\/09\\\/WhatsApp-Image-2020-09-24-at-2.07.35-PM.jpeg\",\"contentUrl\":\"https:\\\/\\\/redamlo.com\\\/wp-content\\\/uploads\\\/2020\\\/09\\\/WhatsApp-Image-2020-09-24-at-2.07.35-PM.jpeg\",\"width\":1280,\"height\":718},{\"@type\":\"BreadcrumbList\",\"@id\":\"https:\\\/\\\/redamlo.com\\\/index.php\\\/2020\\\/09\\\/25\\\/juan-hugo-de-la-rosa-solicita-al-gobernador-del-edomex-continuar-sustitucion-de-la-red-hidraulica-de-nezahualcoyotl\\\/#breadcrumb\",\"itemListElement\":[{\"@type\":\"ListItem\",\"position\":1,\"name\":\"Inicio\",\"item\":\"https:\\\/\\\/redamlo.com\\\/\"},{\"@type\":\"ListItem\",\"position\":2,\"name\":\"Juan Hugo De La Rosa, Solicita Al Gobernador Del EDOMEX Continuar Sustituci\u00f3n De La Red Hidr\u00e1ulica De Nezahualc\u00f3yotl\"}]},{\"@type\":\"WebSite\",\"@id\":\"https:\\\/\\\/redamlo.com\\\/#website\",\"url\":\"https:\\\/\\\/redamlo.com\\\/\",\"name\":\"NOTICIAS DE LA 4T\",\"description\":\"\",\"publisher\":{\"@id\":\"https:\\\/\\\/redamlo.com\\\/#organization\"},\"potentialAction\":[{\"@type\":\"SearchAction\",\"target\":{\"@type\":\"EntryPoint\",\"urlTemplate\":\"https:\\\/\\\/redamlo.com\\\/?s={search_term_string}\"},\"query-input\":{\"@type\":\"PropertyValueSpecification\",\"valueRequired\":true,\"valueName\":\"search_term_string\"}}],\"inLanguage\":\"es\"},{\"@type\":\"Organization\",\"@id\":\"https:\\\/\\\/redamlo.com\\\/#organization\",\"name\":\"NOTICIAS DE LA 4T\",\"url\":\"https:\\\/\\\/redamlo.com\\\/\",\"logo\":{\"@type\":\"ImageObject\",\"inLanguage\":\"es\",\"@id\":\"https:\\\/\\\/redamlo.com\\\/#\\\/schema\\\/logo\\\/image\\\/\",\"url\":\"https:\\\/\\\/redamlo.com\\\/wp-content\\\/uploads\\\/2024\\\/08\\\/cropped-RED-AMLO-logo-50.png\",\"contentUrl\":\"https:\\\/\\\/redamlo.com\\\/wp-content\\\/uploads\\\/2024\\\/08\\\/cropped-RED-AMLO-logo-50.png\",\"width\":256,\"height\":256,\"caption\":\"NOTICIAS DE LA 4T\"},\"image\":{\"@id\":\"https:\\\/\\\/redamlo.com\\\/#\\\/schema\\\/logo\\\/image\\\/\"}},{\"@type\":\"Person\",\"@id\":\"https:\\\/\\\/redamlo.com\\\/#\\\/schema\\\/person\\\/7223a4375eb8f1a782fcae010a7115cf\",\"name\":\"Blanca\",\"image\":{\"@type\":\"ImageObject\",\"inLanguage\":\"es\",\"@id\":\"https:\\\/\\\/secure.gravatar.com\\\/avatar\\\/3f79bc8336367a4e6093eae8757acaaf61d1124834b905616de7829b0273426d?s=96&d=mm&r=g\",\"url\":\"https:\\\/\\\/secure.gravatar.com\\\/avatar\\\/3f79bc8336367a4e6093eae8757acaaf61d1124834b905616de7829b0273426d?s=96&d=mm&r=g\",\"contentUrl\":\"https:\\\/\\\/secure.gravatar.com\\\/avatar\\\/3f79bc8336367a4e6093eae8757acaaf61d1124834b905616de7829b0273426d?s=96&d=mm&r=g\",\"caption\":\"Blanca\"},\"url\":\"https:\\\/\\\/redamlo.com\\\/index.php\\\/author\\\/blanca\\\/\"}]}<\/script>\n<!-- \/ Yoast SEO plugin. -->","yoast_head_json":{"title":"Juan Hugo De La Rosa, Solicita Al Gobernador Del EDOMEX Continuar Sustituci\u00f3n De La Red Hidr\u00e1ulica De Nezahualc\u00f3yotl - NOTICIAS DE LA 4T","robots":{"index":"noindex","follow":"follow","max-snippet":"max-snippet:-1","max-image-preview":"max-image-preview:large","max-video-preview":"max-video-preview:-1"},"og_locale":"es_MX","og_type":"article","og_title":"Juan Hugo De La Rosa, Solicita Al Gobernador Del EDOMEX Continuar Sustituci\u00f3n De La Red Hidr\u00e1ulica De Nezahualc\u00f3yotl - NOTICIAS DE LA 4T","og_description":"Nezahualc\u00f3yotl, M\u00e9xico a 24 de septiembre de 2020. &nbsp; Solicita Alcalde Juan Hugo De La...","og_url":"https:\/\/redamlo.com\/index.php\/2020\/09\/25\/juan-hugo-de-la-rosa-solicita-al-gobernador-del-edomex-continuar-sustitucion-de-la-red-hidraulica-de-nezahualcoyotl\/","og_site_name":"NOTICIAS DE LA 4T","article_published_time":"2020-09-25T00:42:41+00:00","og_image":[{"width":1280,"height":718,"url":"https:\/\/redamlo.com\/wp-content\/uploads\/2020\/09\/WhatsApp-Image-2020-09-24-at-2.07.35-PM.jpeg","type":"image\/jpeg"}],"author":"Blanca","twitter_card":"summary_large_image","twitter_misc":{"Escrito por":"Blanca","Tiempo de lectura":"5 minutos"},"schema":{"@context":"https:\/\/schema.org","@graph":[{"@type":"Article","@id":"https:\/\/redamlo.com\/index.php\/2020\/09\/25\/juan-hugo-de-la-rosa-solicita-al-gobernador-del-edomex-continuar-sustitucion-de-la-red-hidraulica-de-nezahualcoyotl\/#article","isPartOf":{"@id":"https:\/\/redamlo.com\/index.php\/2020\/09\/25\/juan-hugo-de-la-rosa-solicita-al-gobernador-del-edomex-continuar-sustitucion-de-la-red-hidraulica-de-nezahualcoyotl\/"},"author":{"name":"Blanca","@id":"https:\/\/redamlo.com\/#\/schema\/person\/7223a4375eb8f1a782fcae010a7115cf"},"headline":"Juan Hugo De La Rosa, Solicita Al Gobernador Del EDOMEX Continuar Sustituci\u00f3n De La Red Hidr\u00e1ulica De Nezahualc\u00f3yotl","datePublished":"2020-09-25T00:42:41+00:00","mainEntityOfPage":{"@id":"https:\/\/redamlo.com\/index.php\/2020\/09\/25\/juan-hugo-de-la-rosa-solicita-al-gobernador-del-edomex-continuar-sustitucion-de-la-red-hidraulica-de-nezahualcoyotl\/"},"wordCount":1031,"commentCount":0,"publisher":{"@id":"https:\/\/redamlo.com\/#organization"},"image":{"@id":"https:\/\/redamlo.com\/index.php\/2020\/09\/25\/juan-hugo-de-la-rosa-solicita-al-gobernador-del-edomex-continuar-sustitucion-de-la-red-hidraulica-de-nezahualcoyotl\/#primaryimage"},"thumbnailUrl":"https:\/\/redamlo.com\/wp-content\/uploads\/2020\/09\/WhatsApp-Image-2020-09-24-at-2.07.35-PM.jpeg","keywords":["Alfredo del Mazo Maza","edomex","Juan Hugo De La Rosa"],"articleSection":["Estado de M\u00e9xico"],"inLanguage":"es","potentialAction":[{"@type":"CommentAction","name":"Comment","target":["https:\/\/redamlo.com\/index.php\/2020\/09\/25\/juan-hugo-de-la-rosa-solicita-al-gobernador-del-edomex-continuar-sustitucion-de-la-red-hidraulica-de-nezahualcoyotl\/#respond"]}]},{"@type":"WebPage","@id":"https:\/\/redamlo.com\/index.php\/2020\/09\/25\/juan-hugo-de-la-rosa-solicita-al-gobernador-del-edomex-continuar-sustitucion-de-la-red-hidraulica-de-nezahualcoyotl\/","url":"https:\/\/redamlo.com\/index.php\/2020\/09\/25\/juan-hugo-de-la-rosa-solicita-al-gobernador-del-edomex-continuar-sustitucion-de-la-red-hidraulica-de-nezahualcoyotl\/","name":"Juan Hugo De La Rosa, Solicita Al Gobernador Del EDOMEX Continuar Sustituci\u00f3n De La Red Hidr\u00e1ulica De Nezahualc\u00f3yotl - NOTICIAS DE LA 4T","isPartOf":{"@id":"https:\/\/redamlo.com\/#website"},"primaryImageOfPage":{"@id":"https:\/\/redamlo.com\/index.php\/2020\/09\/25\/juan-hugo-de-la-rosa-solicita-al-gobernador-del-edomex-continuar-sustitucion-de-la-red-hidraulica-de-nezahualcoyotl\/#primaryimage"},"image":{"@id":"https:\/\/redamlo.com\/index.php\/2020\/09\/25\/juan-hugo-de-la-rosa-solicita-al-gobernador-del-edomex-continuar-sustitucion-de-la-red-hidraulica-de-nezahualcoyotl\/#primaryimage"},"thumbnailUrl":"https:\/\/redamlo.com\/wp-content\/uploads\/2020\/09\/WhatsApp-Image-2020-09-24-at-2.07.35-PM.jpeg","datePublished":"2020-09-25T00:42:41+00:00","breadcrumb":{"@id":"https:\/\/redamlo.com\/index.php\/2020\/09\/25\/juan-hugo-de-la-rosa-solicita-al-gobernador-del-edomex-continuar-sustitucion-de-la-red-hidraulica-de-nezahualcoyotl\/#breadcrumb"},"inLanguage":"es","potentialAction":[{"@type":"ReadAction","target":["https:\/\/redamlo.com\/index.php\/2020\/09\/25\/juan-hugo-de-la-rosa-solicita-al-gobernador-del-edomex-continuar-sustitucion-de-la-red-hidraulica-de-nezahualcoyotl\/"]}]},{"@type":"ImageObject","inLanguage":"es","@id":"https:\/\/redamlo.com\/index.php\/2020\/09\/25\/juan-hugo-de-la-rosa-solicita-al-gobernador-del-edomex-continuar-sustitucion-de-la-red-hidraulica-de-nezahualcoyotl\/#primaryimage","url":"https:\/\/redamlo.com\/wp-content\/uploads\/2020\/09\/WhatsApp-Image-2020-09-24-at-2.07.35-PM.jpeg","contentUrl":"https:\/\/redamlo.com\/wp-content\/uploads\/2020\/09\/WhatsApp-Image-2020-09-24-at-2.07.35-PM.jpeg","width":1280,"height":718},{"@type":"BreadcrumbList","@id":"https:\/\/redamlo.com\/index.php\/2020\/09\/25\/juan-hugo-de-la-rosa-solicita-al-gobernador-del-edomex-continuar-sustitucion-de-la-red-hidraulica-de-nezahualcoyotl\/#breadcrumb","itemListElement":[{"@type":"ListItem","position":1,"name":"Inicio","item":"https:\/\/redamlo.com\/"},{"@type":"ListItem","position":2,"name":"Juan Hugo De La Rosa, Solicita Al Gobernador Del EDOMEX Continuar Sustituci\u00f3n De La Red Hidr\u00e1ulica De Nezahualc\u00f3yotl"}]},{"@type":"WebSite","@id":"https:\/\/redamlo.com\/#website","url":"https:\/\/redamlo.com\/","name":"NOTICIAS DE LA 4T","description":"","publisher":{"@id":"https:\/\/redamlo.com\/#organization"},"potentialAction":[{"@type":"SearchAction","target":{"@type":"EntryPoint","urlTemplate":"https:\/\/redamlo.com\/?s={search_term_string}"},"query-input":{"@type":"PropertyValueSpecification","valueRequired":true,"valueName":"search_term_string"}}],"inLanguage":"es"},{"@type":"Organization","@id":"https:\/\/redamlo.com\/#organization","name":"NOTICIAS DE LA 4T","url":"https:\/\/redamlo.com\/","logo":{"@type":"ImageObject","inLanguage":"es","@id":"https:\/\/redamlo.com\/#\/schema\/logo\/image\/","url":"https:\/\/redamlo.com\/wp-content\/uploads\/2024\/08\/cropped-RED-AMLO-logo-50.png","contentUrl":"https:\/\/redamlo.com\/wp-content\/uploads\/2024\/08\/cropped-RED-AMLO-logo-50.png","width":256,"height":256,"caption":"NOTICIAS DE LA 4T"},"image":{"@id":"https:\/\/redamlo.com\/#\/schema\/logo\/image\/"}},{"@type":"Person","@id":"https:\/\/redamlo.com\/#\/schema\/person\/7223a4375eb8f1a782fcae010a7115cf","name":"Blanca","image":{"@type":"ImageObject","inLanguage":"es","@id":"https:\/\/secure.gravatar.com\/avatar\/3f79bc8336367a4e6093eae8757acaaf61d1124834b905616de7829b0273426d?s=96&d=mm&r=g","url":"https:\/\/secure.gravatar.com\/avatar\/3f79bc8336367a4e6093eae8757acaaf61d1124834b905616de7829b0273426d?s=96&d=mm&r=g","contentUrl":"https:\/\/secure.gravatar.com\/avatar\/3f79bc8336367a4e6093eae8757acaaf61d1124834b905616de7829b0273426d?s=96&d=mm&r=g","caption":"Blanca"},"url":"https:\/\/redamlo.com\/index.php\/author\/blanca\/"}]}},"_links":{"self":[{"href":"https:\/\/redamlo.com\/index.php\/wp-json\/wp\/v2\/posts\/949","targetHints":{"allow":["GET"]}}],"collection":[{"href":"https:\/\/redamlo.com\/index.php\/wp-json\/wp\/v2\/posts"}],"about":[{"href":"https:\/\/redamlo.com\/index.php\/wp-json\/wp\/v2\/types\/post"}],"author":[{"embeddable":true,"href":"https:\/\/redamlo.com\/index.php\/wp-json\/wp\/v2\/users\/2"}],"replies":[{"embeddable":true,"href":"https:\/\/redamlo.com\/index.php\/wp-json\/wp\/v2\/comments?post=949"}],"version-history":[{"count":0,"href":"https:\/\/redamlo.com\/index.php\/wp-json\/wp\/v2\/posts\/949\/revisions"}],"wp:featuredmedia":[{"embeddable":true,"href":"https:\/\/redamlo.com\/index.php\/wp-json\/wp\/v2\/media\/950"}],"wp:attachment":[{"href":"https:\/\/redamlo.com\/index.php\/wp-json\/wp\/v2\/media?parent=949"}],"wp:term":[{"taxonomy":"category","embeddable":true,"href":"https:\/\/redamlo.com\/index.php\/wp-json\/wp\/v2\/categories?post=949"},{"taxonomy":"post_tag","embeddable":true,"href":"https:\/\/redamlo.com\/index.php\/wp-json\/wp\/v2\/tags?post=949"}],"curies":[{"name":"wp","href":"https:\/\/api.w.org\/{rel}","templated":true}]}}