{"id":945,"date":"2020-09-23T12:05:16","date_gmt":"2020-09-23T17:05:16","guid":{"rendered":"http:\/\/redamlo.com\/?p=945"},"modified":"2020-09-23T12:05:16","modified_gmt":"2020-09-23T17:05:16","slug":"da-alcalde-de-nezahualcoyotl-juan-hugo-de-la-rosa-banderazo-de-arranque-del-programa-de-empleo-temporal-neza-2020","status":"publish","type":"post","link":"https:\/\/redamlo.com\/index.php\/2020\/09\/23\/da-alcalde-de-nezahualcoyotl-juan-hugo-de-la-rosa-banderazo-de-arranque-del-programa-de-empleo-temporal-neza-2020\/","title":{"rendered":"Da Alcalde De Nezahualc\u00f3yotl Juan Hugo De La Rosa Banderazo De Arranque Del Programa De Empleo Temporal Neza 2020"},"content":{"rendered":"<h4>Nezahualc\u00f3yotl, M\u00e9xico a 22 de septiembre de 2020 (Estado de M\u00e9xico Press).-<\/h4>\n<ul>\n<li><strong>Se emplear\u00e1 a 811 personas en la realizaci\u00f3n de 49 obras p\u00fablicas municipales.<\/strong><\/li>\n<\/ul>\n<ul>\n<li><strong>El alcalde llam\u00f3 al gobernador Alfredo del Mazo a poner en marcha la Ley de Seguro de Desempleo estatal para beneficiar a por lo menos 150 mil mexiquenses.<\/strong><\/li>\n<\/ul>\n<p><strong>\u00a0<\/strong><\/p>\n<p>Durante los m\u00e1s de seis meses que dur\u00f3 el confinamiento por la contingencia sanitaria del <strong>Covid19,<\/strong> aproximadamente 60 mil de ciudadanos de<strong> Nezahualc\u00f3yotl<\/strong> perdieron sus empleos o vieron afectados sus ingresos, repercutiendo gravemente en su calidad de vida y las de\u00a0 sus familias, por lo que con la finalidad de apoyar a la poblaci\u00f3n, el presidente municipal <em><strong>Juan Hugo de la Rosa Garc\u00eda<\/strong><\/em> dio inicio al <strong>Programa de Empleo Temporal Neza 2020<\/strong> que en su primera etapa ya emplea a 445 ciudadanos afectados por este problema, de un total de 811 beneficiarios.<\/p>\n<p>El alcalde se\u00f1al\u00f3 que pese a que la cantidad de empleos otorgados es realmente insuficiente para resolver la problem\u00e1tica en el municipio, s\u00ed representa un claro esfuerzo por parte del gobierno municipal para ayudar a las familias de la localidad a superar las afectaciones econ\u00f3micas del <strong>COVID-19,<\/strong>\u00a0 sin embargo, una vez m\u00e1s llam\u00f3 al gobernador del <strong>Estado de M\u00e9xico<\/strong> <em><strong>Alfredo del Mazo Maza<\/strong><\/em> a emitir\u00a0 la declaratoria de\u00a0 emergencia econ\u00f3mica para\u00a0 as\u00ed poder poner en funcionamiento la Ley del Seguro de Desempleo y destinar al mismo al menos 5 mil millones de pesos para lograr garantizar el bienestar de por lo menos 150 mil mexiquenses que han tenido que abandonar o bien han \u201cdescansado\u201d de sus empleos regulares.<\/p>\n<p>Inform\u00f3 que la <strong>Direcci\u00f3n de Obras P\u00fablicas<\/strong> inici\u00f3 hoy este apoyo con el Programa de Rehabilitaci\u00f3n de Banquetas y Guarniciones, en el que se renovar\u00e1n 20 kil\u00f3metros lineales de aceras y guarniciones afectadas durante el sismo de septiembre de 2017 al igual que mil 246 metros cuadrados de bardas perimetrales de escuelas de la localidad,\u00a0 trabajos en los que participar\u00e1n los beneficiarios con el programa de empleo temporal, el cual tendr\u00e1 una duraci\u00f3n de dos meses, con un total de 49 obras a realizar.<\/p>\n<p><img loading=\"lazy\" decoding=\"async\" class=\"alignnone size-medium wp-image-2864\" src=\"http:\/\/redamlo.com\/wp-content\/uploads\/2020\/09\/WhatsApp-Image-2020-09-23-at-10.53.19-AM-1-300x200.jpeg\" alt=\"\" width=\"300\" height=\"200\" \/><\/p>\n<p>De la Rosa Garc\u00eda se\u00f1al\u00f3 que, el programa de empleo temporal municipal resulta relevante toda vez que la oferta laboral por parte de empresas y comercios se ha visto disminuida, lo cual se ha reflejado de manera clara en la <strong>Bolsa de Empleo Municipal<\/strong>, la cual durante los primeros meses del 2020 recib\u00eda ofertas de empleo de 712 empresas mientras que actualmente solo 344 han enviado sus vacantes, lo que representa una ca\u00edda del 51 por ciento.<\/p>\n<p>Detall\u00f3 que los participantes del programa de empleo temporal durante esta etapa, realizar\u00e1n trabajos de pe\u00f3n de alba\u00f1il, oficial de alba\u00f1il, ayudante general, cabo de oficios, personal t\u00e9cnico de apoyo y oficial pintor, contratando al momento a 364 hombres y 81 mujeres, dado que la convocatoria de las vacantes fue principalmente atendida por hombres debido, probablemente, a la naturaleza de los trabajos.<\/p>\n<p>Finalmente, el presidente municipal <em><strong>Juan Hugo de la Rosa Garc\u00eda<\/strong> <\/em>afirm\u00f3 que se continuar\u00e1n haciendo ajustes y esfuerzos para poder incrementar la cantidad de beneficiarios y anunci\u00f3 que en pocos d\u00edas se dar\u00e1 a conocer la lista de personas que ser\u00e1n beneficiadas con el programa cr\u00e9ditos para micro y peque\u00f1as unidades econ\u00f3micas de la localidad, que, sin duda, contribuir\u00e1 al bienestar de la poblaci\u00f3n y la reactivaci\u00f3n econ\u00f3mica de la ciudad.<\/p>\n<p><img loading=\"lazy\" decoding=\"async\" class=\"alignnone wp-image-2865 size-large\" src=\"http:\/\/redamlo.com\/wp-content\/uploads\/2020\/09\/WhatsApp-Image-2020-09-23-at-10.53.19-AM-3-1024x682.jpeg\" alt=\"\" width=\"740\" height=\"493\" \/><\/p>\n","protected":false},"excerpt":{"rendered":"<p>Nezahualc\u00f3yotl, M\u00e9xico a 22 de septiembre de 2020 (Estado de M\u00e9xico Press).- Se emplear\u00e1 a&#8230;<\/p>\n","protected":false},"author":2,"featured_media":947,"comment_status":"open","ping_status":"closed","sticky":false,"template":"","format":"standard","meta":{"footnotes":""},"categories":[3],"tags":[330],"class_list":["post-945","post","type-post","status-publish","format-standard","has-post-thumbnail","hentry","category-estado-de-mexico","tag-juan-hugo-de-la-rosa-garcia"],"yoast_head":"<!-- This site is optimized with the Yoast SEO plugin v27.5 - https:\/\/yoast.com\/product\/yoast-seo-wordpress\/ -->\n<title>Da Alcalde De Nezahualc\u00f3yotl Juan Hugo De La Rosa Banderazo De Arranque Del Programa De Empleo Temporal Neza 2020 - NOTICIAS DE LA 4T<\/title>\n<meta name=\"robots\" content=\"noindex, follow, max-snippet:-1, max-image-preview:large, max-video-preview:-1\" \/>\n<meta property=\"og:locale\" content=\"es_MX\" \/>\n<meta property=\"og:type\" content=\"article\" \/>\n<meta property=\"og:title\" content=\"Da Alcalde De Nezahualc\u00f3yotl Juan Hugo De La Rosa Banderazo De Arranque Del Programa De Empleo Temporal Neza 2020 - NOTICIAS DE LA 4T\" \/>\n<meta property=\"og:description\" content=\"Nezahualc\u00f3yotl, M\u00e9xico a 22 de septiembre de 2020 (Estado de M\u00e9xico Press).- Se emplear\u00e1 a...\" \/>\n<meta property=\"og:url\" content=\"https:\/\/redamlo.com\/index.php\/2020\/09\/23\/da-alcalde-de-nezahualcoyotl-juan-hugo-de-la-rosa-banderazo-de-arranque-del-programa-de-empleo-temporal-neza-2020\/\" \/>\n<meta property=\"og:site_name\" content=\"NOTICIAS DE LA 4T\" \/>\n<meta property=\"article:published_time\" content=\"2020-09-23T17:05:16+00:00\" \/>\n<meta property=\"og:image\" content=\"https:\/\/redamlo.com\/wp-content\/uploads\/2020\/09\/WhatsApp-Image-2020-09-23-at-10.53.19-AM-2.jpeg\" \/>\n\t<meta property=\"og:image:width\" content=\"1280\" \/>\n\t<meta property=\"og:image:height\" content=\"853\" \/>\n\t<meta property=\"og:image:type\" content=\"image\/jpeg\" \/>\n<meta name=\"author\" content=\"Blanca\" \/>\n<meta name=\"twitter:card\" content=\"summary_large_image\" \/>\n<meta name=\"twitter:label1\" content=\"Escrito por\" \/>\n\t<meta name=\"twitter:data1\" content=\"Blanca\" \/>\n\t<meta name=\"twitter:label2\" content=\"Tiempo de lectura\" \/>\n\t<meta name=\"twitter:data2\" content=\"3 minutos\" \/>\n<script type=\"application\/ld+json\" class=\"yoast-schema-graph\">{\"@context\":\"https:\\\/\\\/schema.org\",\"@graph\":[{\"@type\":\"Article\",\"@id\":\"https:\\\/\\\/redamlo.com\\\/index.php\\\/2020\\\/09\\\/23\\\/da-alcalde-de-nezahualcoyotl-juan-hugo-de-la-rosa-banderazo-de-arranque-del-programa-de-empleo-temporal-neza-2020\\\/#article\",\"isPartOf\":{\"@id\":\"https:\\\/\\\/redamlo.com\\\/index.php\\\/2020\\\/09\\\/23\\\/da-alcalde-de-nezahualcoyotl-juan-hugo-de-la-rosa-banderazo-de-arranque-del-programa-de-empleo-temporal-neza-2020\\\/\"},\"author\":{\"name\":\"Blanca\",\"@id\":\"https:\\\/\\\/redamlo.com\\\/#\\\/schema\\\/person\\\/7223a4375eb8f1a782fcae010a7115cf\"},\"headline\":\"Da Alcalde De Nezahualc\u00f3yotl Juan Hugo De La Rosa Banderazo De Arranque Del Programa De Empleo Temporal Neza 2020\",\"datePublished\":\"2020-09-23T17:05:16+00:00\",\"mainEntityOfPage\":{\"@id\":\"https:\\\/\\\/redamlo.com\\\/index.php\\\/2020\\\/09\\\/23\\\/da-alcalde-de-nezahualcoyotl-juan-hugo-de-la-rosa-banderazo-de-arranque-del-programa-de-empleo-temporal-neza-2020\\\/\"},\"wordCount\":597,\"commentCount\":0,\"publisher\":{\"@id\":\"https:\\\/\\\/redamlo.com\\\/#organization\"},\"image\":{\"@id\":\"https:\\\/\\\/redamlo.com\\\/index.php\\\/2020\\\/09\\\/23\\\/da-alcalde-de-nezahualcoyotl-juan-hugo-de-la-rosa-banderazo-de-arranque-del-programa-de-empleo-temporal-neza-2020\\\/#primaryimage\"},\"thumbnailUrl\":\"https:\\\/\\\/redamlo.com\\\/wp-content\\\/uploads\\\/2020\\\/09\\\/WhatsApp-Image-2020-09-23-at-10.53.19-AM-2.jpeg\",\"keywords\":[\"Juan Hugo de la Rosa Garc\u00eda\"],\"articleSection\":[\"Estado de M\u00e9xico\"],\"inLanguage\":\"es\",\"potentialAction\":[{\"@type\":\"CommentAction\",\"name\":\"Comment\",\"target\":[\"https:\\\/\\\/redamlo.com\\\/index.php\\\/2020\\\/09\\\/23\\\/da-alcalde-de-nezahualcoyotl-juan-hugo-de-la-rosa-banderazo-de-arranque-del-programa-de-empleo-temporal-neza-2020\\\/#respond\"]}]},{\"@type\":\"WebPage\",\"@id\":\"https:\\\/\\\/redamlo.com\\\/index.php\\\/2020\\\/09\\\/23\\\/da-alcalde-de-nezahualcoyotl-juan-hugo-de-la-rosa-banderazo-de-arranque-del-programa-de-empleo-temporal-neza-2020\\\/\",\"url\":\"https:\\\/\\\/redamlo.com\\\/index.php\\\/2020\\\/09\\\/23\\\/da-alcalde-de-nezahualcoyotl-juan-hugo-de-la-rosa-banderazo-de-arranque-del-programa-de-empleo-temporal-neza-2020\\\/\",\"name\":\"Da Alcalde De Nezahualc\u00f3yotl Juan Hugo De La Rosa Banderazo De Arranque Del Programa De Empleo Temporal Neza 2020 - NOTICIAS DE LA 4T\",\"isPartOf\":{\"@id\":\"https:\\\/\\\/redamlo.com\\\/#website\"},\"primaryImageOfPage\":{\"@id\":\"https:\\\/\\\/redamlo.com\\\/index.php\\\/2020\\\/09\\\/23\\\/da-alcalde-de-nezahualcoyotl-juan-hugo-de-la-rosa-banderazo-de-arranque-del-programa-de-empleo-temporal-neza-2020\\\/#primaryimage\"},\"image\":{\"@id\":\"https:\\\/\\\/redamlo.com\\\/index.php\\\/2020\\\/09\\\/23\\\/da-alcalde-de-nezahualcoyotl-juan-hugo-de-la-rosa-banderazo-de-arranque-del-programa-de-empleo-temporal-neza-2020\\\/#primaryimage\"},\"thumbnailUrl\":\"https:\\\/\\\/redamlo.com\\\/wp-content\\\/uploads\\\/2020\\\/09\\\/WhatsApp-Image-2020-09-23-at-10.53.19-AM-2.jpeg\",\"datePublished\":\"2020-09-23T17:05:16+00:00\",\"breadcrumb\":{\"@id\":\"https:\\\/\\\/redamlo.com\\\/index.php\\\/2020\\\/09\\\/23\\\/da-alcalde-de-nezahualcoyotl-juan-hugo-de-la-rosa-banderazo-de-arranque-del-programa-de-empleo-temporal-neza-2020\\\/#breadcrumb\"},\"inLanguage\":\"es\",\"potentialAction\":[{\"@type\":\"ReadAction\",\"target\":[\"https:\\\/\\\/redamlo.com\\\/index.php\\\/2020\\\/09\\\/23\\\/da-alcalde-de-nezahualcoyotl-juan-hugo-de-la-rosa-banderazo-de-arranque-del-programa-de-empleo-temporal-neza-2020\\\/\"]}]},{\"@type\":\"ImageObject\",\"inLanguage\":\"es\",\"@id\":\"https:\\\/\\\/redamlo.com\\\/index.php\\\/2020\\\/09\\\/23\\\/da-alcalde-de-nezahualcoyotl-juan-hugo-de-la-rosa-banderazo-de-arranque-del-programa-de-empleo-temporal-neza-2020\\\/#primaryimage\",\"url\":\"https:\\\/\\\/redamlo.com\\\/wp-content\\\/uploads\\\/2020\\\/09\\\/WhatsApp-Image-2020-09-23-at-10.53.19-AM-2.jpeg\",\"contentUrl\":\"https:\\\/\\\/redamlo.com\\\/wp-content\\\/uploads\\\/2020\\\/09\\\/WhatsApp-Image-2020-09-23-at-10.53.19-AM-2.jpeg\",\"width\":1280,\"height\":853},{\"@type\":\"BreadcrumbList\",\"@id\":\"https:\\\/\\\/redamlo.com\\\/index.php\\\/2020\\\/09\\\/23\\\/da-alcalde-de-nezahualcoyotl-juan-hugo-de-la-rosa-banderazo-de-arranque-del-programa-de-empleo-temporal-neza-2020\\\/#breadcrumb\",\"itemListElement\":[{\"@type\":\"ListItem\",\"position\":1,\"name\":\"Inicio\",\"item\":\"https:\\\/\\\/redamlo.com\\\/\"},{\"@type\":\"ListItem\",\"position\":2,\"name\":\"Da Alcalde De Nezahualc\u00f3yotl Juan Hugo De La Rosa Banderazo De Arranque Del Programa De Empleo Temporal Neza 2020\"}]},{\"@type\":\"WebSite\",\"@id\":\"https:\\\/\\\/redamlo.com\\\/#website\",\"url\":\"https:\\\/\\\/redamlo.com\\\/\",\"name\":\"NOTICIAS DE LA 4T\",\"description\":\"\",\"publisher\":{\"@id\":\"https:\\\/\\\/redamlo.com\\\/#organization\"},\"potentialAction\":[{\"@type\":\"SearchAction\",\"target\":{\"@type\":\"EntryPoint\",\"urlTemplate\":\"https:\\\/\\\/redamlo.com\\\/?s={search_term_string}\"},\"query-input\":{\"@type\":\"PropertyValueSpecification\",\"valueRequired\":true,\"valueName\":\"search_term_string\"}}],\"inLanguage\":\"es\"},{\"@type\":\"Organization\",\"@id\":\"https:\\\/\\\/redamlo.com\\\/#organization\",\"name\":\"NOTICIAS DE LA 4T\",\"url\":\"https:\\\/\\\/redamlo.com\\\/\",\"logo\":{\"@type\":\"ImageObject\",\"inLanguage\":\"es\",\"@id\":\"https:\\\/\\\/redamlo.com\\\/#\\\/schema\\\/logo\\\/image\\\/\",\"url\":\"https:\\\/\\\/redamlo.com\\\/wp-content\\\/uploads\\\/2024\\\/08\\\/cropped-RED-AMLO-logo-50.png\",\"contentUrl\":\"https:\\\/\\\/redamlo.com\\\/wp-content\\\/uploads\\\/2024\\\/08\\\/cropped-RED-AMLO-logo-50.png\",\"width\":256,\"height\":256,\"caption\":\"NOTICIAS DE LA 4T\"},\"image\":{\"@id\":\"https:\\\/\\\/redamlo.com\\\/#\\\/schema\\\/logo\\\/image\\\/\"}},{\"@type\":\"Person\",\"@id\":\"https:\\\/\\\/redamlo.com\\\/#\\\/schema\\\/person\\\/7223a4375eb8f1a782fcae010a7115cf\",\"name\":\"Blanca\",\"image\":{\"@type\":\"ImageObject\",\"inLanguage\":\"es\",\"@id\":\"https:\\\/\\\/secure.gravatar.com\\\/avatar\\\/3f79bc8336367a4e6093eae8757acaaf61d1124834b905616de7829b0273426d?s=96&d=mm&r=g\",\"url\":\"https:\\\/\\\/secure.gravatar.com\\\/avatar\\\/3f79bc8336367a4e6093eae8757acaaf61d1124834b905616de7829b0273426d?s=96&d=mm&r=g\",\"contentUrl\":\"https:\\\/\\\/secure.gravatar.com\\\/avatar\\\/3f79bc8336367a4e6093eae8757acaaf61d1124834b905616de7829b0273426d?s=96&d=mm&r=g\",\"caption\":\"Blanca\"},\"url\":\"https:\\\/\\\/redamlo.com\\\/index.php\\\/author\\\/blanca\\\/\"}]}<\/script>\n<!-- \/ Yoast SEO plugin. -->","yoast_head_json":{"title":"Da Alcalde De Nezahualc\u00f3yotl Juan Hugo De La Rosa Banderazo De Arranque Del Programa De Empleo Temporal Neza 2020 - NOTICIAS DE LA 4T","robots":{"index":"noindex","follow":"follow","max-snippet":"max-snippet:-1","max-image-preview":"max-image-preview:large","max-video-preview":"max-video-preview:-1"},"og_locale":"es_MX","og_type":"article","og_title":"Da Alcalde De Nezahualc\u00f3yotl Juan Hugo De La Rosa Banderazo De Arranque Del Programa De Empleo Temporal Neza 2020 - NOTICIAS DE LA 4T","og_description":"Nezahualc\u00f3yotl, M\u00e9xico a 22 de septiembre de 2020 (Estado de M\u00e9xico Press).- Se emplear\u00e1 a...","og_url":"https:\/\/redamlo.com\/index.php\/2020\/09\/23\/da-alcalde-de-nezahualcoyotl-juan-hugo-de-la-rosa-banderazo-de-arranque-del-programa-de-empleo-temporal-neza-2020\/","og_site_name":"NOTICIAS DE LA 4T","article_published_time":"2020-09-23T17:05:16+00:00","og_image":[{"width":1280,"height":853,"url":"https:\/\/redamlo.com\/wp-content\/uploads\/2020\/09\/WhatsApp-Image-2020-09-23-at-10.53.19-AM-2.jpeg","type":"image\/jpeg"}],"author":"Blanca","twitter_card":"summary_large_image","twitter_misc":{"Escrito por":"Blanca","Tiempo de lectura":"3 minutos"},"schema":{"@context":"https:\/\/schema.org","@graph":[{"@type":"Article","@id":"https:\/\/redamlo.com\/index.php\/2020\/09\/23\/da-alcalde-de-nezahualcoyotl-juan-hugo-de-la-rosa-banderazo-de-arranque-del-programa-de-empleo-temporal-neza-2020\/#article","isPartOf":{"@id":"https:\/\/redamlo.com\/index.php\/2020\/09\/23\/da-alcalde-de-nezahualcoyotl-juan-hugo-de-la-rosa-banderazo-de-arranque-del-programa-de-empleo-temporal-neza-2020\/"},"author":{"name":"Blanca","@id":"https:\/\/redamlo.com\/#\/schema\/person\/7223a4375eb8f1a782fcae010a7115cf"},"headline":"Da Alcalde De Nezahualc\u00f3yotl Juan Hugo De La Rosa Banderazo De Arranque Del Programa De Empleo Temporal Neza 2020","datePublished":"2020-09-23T17:05:16+00:00","mainEntityOfPage":{"@id":"https:\/\/redamlo.com\/index.php\/2020\/09\/23\/da-alcalde-de-nezahualcoyotl-juan-hugo-de-la-rosa-banderazo-de-arranque-del-programa-de-empleo-temporal-neza-2020\/"},"wordCount":597,"commentCount":0,"publisher":{"@id":"https:\/\/redamlo.com\/#organization"},"image":{"@id":"https:\/\/redamlo.com\/index.php\/2020\/09\/23\/da-alcalde-de-nezahualcoyotl-juan-hugo-de-la-rosa-banderazo-de-arranque-del-programa-de-empleo-temporal-neza-2020\/#primaryimage"},"thumbnailUrl":"https:\/\/redamlo.com\/wp-content\/uploads\/2020\/09\/WhatsApp-Image-2020-09-23-at-10.53.19-AM-2.jpeg","keywords":["Juan Hugo de la Rosa Garc\u00eda"],"articleSection":["Estado de M\u00e9xico"],"inLanguage":"es","potentialAction":[{"@type":"CommentAction","name":"Comment","target":["https:\/\/redamlo.com\/index.php\/2020\/09\/23\/da-alcalde-de-nezahualcoyotl-juan-hugo-de-la-rosa-banderazo-de-arranque-del-programa-de-empleo-temporal-neza-2020\/#respond"]}]},{"@type":"WebPage","@id":"https:\/\/redamlo.com\/index.php\/2020\/09\/23\/da-alcalde-de-nezahualcoyotl-juan-hugo-de-la-rosa-banderazo-de-arranque-del-programa-de-empleo-temporal-neza-2020\/","url":"https:\/\/redamlo.com\/index.php\/2020\/09\/23\/da-alcalde-de-nezahualcoyotl-juan-hugo-de-la-rosa-banderazo-de-arranque-del-programa-de-empleo-temporal-neza-2020\/","name":"Da Alcalde De Nezahualc\u00f3yotl Juan Hugo De La Rosa Banderazo De Arranque Del Programa De Empleo Temporal Neza 2020 - NOTICIAS DE LA 4T","isPartOf":{"@id":"https:\/\/redamlo.com\/#website"},"primaryImageOfPage":{"@id":"https:\/\/redamlo.com\/index.php\/2020\/09\/23\/da-alcalde-de-nezahualcoyotl-juan-hugo-de-la-rosa-banderazo-de-arranque-del-programa-de-empleo-temporal-neza-2020\/#primaryimage"},"image":{"@id":"https:\/\/redamlo.com\/index.php\/2020\/09\/23\/da-alcalde-de-nezahualcoyotl-juan-hugo-de-la-rosa-banderazo-de-arranque-del-programa-de-empleo-temporal-neza-2020\/#primaryimage"},"thumbnailUrl":"https:\/\/redamlo.com\/wp-content\/uploads\/2020\/09\/WhatsApp-Image-2020-09-23-at-10.53.19-AM-2.jpeg","datePublished":"2020-09-23T17:05:16+00:00","breadcrumb":{"@id":"https:\/\/redamlo.com\/index.php\/2020\/09\/23\/da-alcalde-de-nezahualcoyotl-juan-hugo-de-la-rosa-banderazo-de-arranque-del-programa-de-empleo-temporal-neza-2020\/#breadcrumb"},"inLanguage":"es","potentialAction":[{"@type":"ReadAction","target":["https:\/\/redamlo.com\/index.php\/2020\/09\/23\/da-alcalde-de-nezahualcoyotl-juan-hugo-de-la-rosa-banderazo-de-arranque-del-programa-de-empleo-temporal-neza-2020\/"]}]},{"@type":"ImageObject","inLanguage":"es","@id":"https:\/\/redamlo.com\/index.php\/2020\/09\/23\/da-alcalde-de-nezahualcoyotl-juan-hugo-de-la-rosa-banderazo-de-arranque-del-programa-de-empleo-temporal-neza-2020\/#primaryimage","url":"https:\/\/redamlo.com\/wp-content\/uploads\/2020\/09\/WhatsApp-Image-2020-09-23-at-10.53.19-AM-2.jpeg","contentUrl":"https:\/\/redamlo.com\/wp-content\/uploads\/2020\/09\/WhatsApp-Image-2020-09-23-at-10.53.19-AM-2.jpeg","width":1280,"height":853},{"@type":"BreadcrumbList","@id":"https:\/\/redamlo.com\/index.php\/2020\/09\/23\/da-alcalde-de-nezahualcoyotl-juan-hugo-de-la-rosa-banderazo-de-arranque-del-programa-de-empleo-temporal-neza-2020\/#breadcrumb","itemListElement":[{"@type":"ListItem","position":1,"name":"Inicio","item":"https:\/\/redamlo.com\/"},{"@type":"ListItem","position":2,"name":"Da Alcalde De Nezahualc\u00f3yotl Juan Hugo De La Rosa Banderazo De Arranque Del Programa De Empleo Temporal Neza 2020"}]},{"@type":"WebSite","@id":"https:\/\/redamlo.com\/#website","url":"https:\/\/redamlo.com\/","name":"NOTICIAS DE LA 4T","description":"","publisher":{"@id":"https:\/\/redamlo.com\/#organization"},"potentialAction":[{"@type":"SearchAction","target":{"@type":"EntryPoint","urlTemplate":"https:\/\/redamlo.com\/?s={search_term_string}"},"query-input":{"@type":"PropertyValueSpecification","valueRequired":true,"valueName":"search_term_string"}}],"inLanguage":"es"},{"@type":"Organization","@id":"https:\/\/redamlo.com\/#organization","name":"NOTICIAS DE LA 4T","url":"https:\/\/redamlo.com\/","logo":{"@type":"ImageObject","inLanguage":"es","@id":"https:\/\/redamlo.com\/#\/schema\/logo\/image\/","url":"https:\/\/redamlo.com\/wp-content\/uploads\/2024\/08\/cropped-RED-AMLO-logo-50.png","contentUrl":"https:\/\/redamlo.com\/wp-content\/uploads\/2024\/08\/cropped-RED-AMLO-logo-50.png","width":256,"height":256,"caption":"NOTICIAS DE LA 4T"},"image":{"@id":"https:\/\/redamlo.com\/#\/schema\/logo\/image\/"}},{"@type":"Person","@id":"https:\/\/redamlo.com\/#\/schema\/person\/7223a4375eb8f1a782fcae010a7115cf","name":"Blanca","image":{"@type":"ImageObject","inLanguage":"es","@id":"https:\/\/secure.gravatar.com\/avatar\/3f79bc8336367a4e6093eae8757acaaf61d1124834b905616de7829b0273426d?s=96&d=mm&r=g","url":"https:\/\/secure.gravatar.com\/avatar\/3f79bc8336367a4e6093eae8757acaaf61d1124834b905616de7829b0273426d?s=96&d=mm&r=g","contentUrl":"https:\/\/secure.gravatar.com\/avatar\/3f79bc8336367a4e6093eae8757acaaf61d1124834b905616de7829b0273426d?s=96&d=mm&r=g","caption":"Blanca"},"url":"https:\/\/redamlo.com\/index.php\/author\/blanca\/"}]}},"_links":{"self":[{"href":"https:\/\/redamlo.com\/index.php\/wp-json\/wp\/v2\/posts\/945","targetHints":{"allow":["GET"]}}],"collection":[{"href":"https:\/\/redamlo.com\/index.php\/wp-json\/wp\/v2\/posts"}],"about":[{"href":"https:\/\/redamlo.com\/index.php\/wp-json\/wp\/v2\/types\/post"}],"author":[{"embeddable":true,"href":"https:\/\/redamlo.com\/index.php\/wp-json\/wp\/v2\/users\/2"}],"replies":[{"embeddable":true,"href":"https:\/\/redamlo.com\/index.php\/wp-json\/wp\/v2\/comments?post=945"}],"version-history":[{"count":0,"href":"https:\/\/redamlo.com\/index.php\/wp-json\/wp\/v2\/posts\/945\/revisions"}],"wp:featuredmedia":[{"embeddable":true,"href":"https:\/\/redamlo.com\/index.php\/wp-json\/wp\/v2\/media\/947"}],"wp:attachment":[{"href":"https:\/\/redamlo.com\/index.php\/wp-json\/wp\/v2\/media?parent=945"}],"wp:term":[{"taxonomy":"category","embeddable":true,"href":"https:\/\/redamlo.com\/index.php\/wp-json\/wp\/v2\/categories?post=945"},{"taxonomy":"post_tag","embeddable":true,"href":"https:\/\/redamlo.com\/index.php\/wp-json\/wp\/v2\/tags?post=945"}],"curies":[{"name":"wp","href":"https:\/\/api.w.org\/{rel}","templated":true}]}}