{"id":9062,"date":"2026-03-11T03:47:47","date_gmt":"2026-03-11T03:47:47","guid":{"rendered":"https:\/\/redamlo.com\/?p=9062"},"modified":"2026-03-11T03:47:48","modified_gmt":"2026-03-11T03:47:48","slug":"reforma-electoral-de-sheinbaum-avanza-en-comisiones-de-san-lazaro-entre-criticas-y-division-politica","status":"publish","type":"post","link":"https:\/\/redamlo.com\/index.php\/2026\/03\/11\/reforma-electoral-de-sheinbaum-avanza-en-comisiones-de-san-lazaro-entre-criticas-y-division-politica\/","title":{"rendered":"Reforma electoral de Sheinbaum avanza en comisiones de San L\u00e1zaro entre cr\u00edticas y divisi\u00f3n pol\u00edtica"},"content":{"rendered":"\n<p><strong>Ciudad de M\u00e9xico.<\/strong> En medio de un debate breve pero cargado de posiciones encontradas, las comisiones unidas de Puntos Constitucionales y de Reforma Pol\u00edtico-Electoral de la C\u00e1mara de Diputados aprobaron el dictamen de la reforma electoral impulsada por la presidenta Claudia Sheinbaum. El proyecto avanz\u00f3 \u00fanicamente con el respaldo de Morena, mientras que partidos aliados y de oposici\u00f3n manifestaron su desacuerdo.<\/p>\n\n\n\n<p>Tras aproximadamente una hora de discusi\u00f3n, la propuesta obtuvo un respaldo limitado en ambas instancias legislativas. En la Comisi\u00f3n de Puntos Constitucionales se aprob\u00f3 con 25 votos a favor y 21 en contra, mientras que en la Comisi\u00f3n de Reforma Pol\u00edtico-Electoral el resultado fue de 20 votos a favor y 18 en contra. En conjunto, el dictamen sum\u00f3 45 sufragios favorables frente a 39 negativos.<\/p>\n\n\n\n<p>Con este resultado, el documento fue remitido a la Mesa Directiva de la C\u00e1mara de Diputados para su inclusi\u00f3n en el orden del d\u00eda de la pr\u00f3xima sesi\u00f3n del pleno, donde se prev\u00e9 que la discusi\u00f3n sea encabezada exclusivamente por los coordinadores de los grupos parlamentarios, en un intento por mantener el debate bajo control y evitar confrontaciones mayores.<\/p>\n\n\n\n<h3 class=\"wp-block-heading\">Cr\u00edticas por falta de discusi\u00f3n a fondo<\/h3>\n\n\n\n<p>Durante la sesi\u00f3n, legisladores de Movimiento Ciudadano cuestionaron el procedimiento seguido para analizar la iniciativa. Los diputados Pablo V\u00e1zquez Ahued y Sergio Gil se\u00f1alaron que su bancada hab\u00eda propuesto revisar la reforma punto por punto y art\u00edculo por art\u00edculo, lo que finalmente no ocurri\u00f3.<\/p>\n\n\n\n<p>Ambos consideraron que la iniciativa presidencial deja sin atender temas clave del sistema electoral mexicano, entre ellos el uso de recursos il\u00edcitos en campa\u00f1as pol\u00edticas.<\/p>\n\n\n\n<h3 class=\"wp-block-heading\">PRI advierte riesgos para la competencia pol\u00edtica<\/h3>\n\n\n\n<p>Desde el Partido Revolucionario Institucional, la diputada Abigail Arredondo adelant\u00f3 el voto en contra de su bancada y argument\u00f3 que la reforma no aborda problemas estructurales del sistema electoral.<\/p>\n\n\n\n<p>Entre los pendientes mencion\u00f3 la influencia del crimen organizado en los procesos electorales, el financiamiento ilegal, la violencia pol\u00edtica, el cambio constante de partido por parte de legisladores, la sobrerrepresentaci\u00f3n en el Congreso y el uso de programas sociales con fines electorales.<\/p>\n\n\n\n<p>La legisladora sostuvo adem\u00e1s que el dictamen carece de legitimidad debido a que \u2014seg\u00fan afirm\u00f3\u2014 fue elaborado sin un proceso amplio de di\u00e1logo pol\u00edtico.<\/p>\n\n\n\n<h3 class=\"wp-block-heading\">PT y PVEM tambi\u00e9n se deslindan<\/h3>\n\n\n\n<p>El Partido del Trabajo reconoci\u00f3 que fijar postura sobre la iniciativa no fue sencillo. El diputado Pedro V\u00e1zquez Gonz\u00e1lez se\u00f1al\u00f3 que su bancada considera indispensable abrir un debate m\u00e1s amplio que permita escuchar todas las voces y encontrar consensos entre mayor\u00edas y minor\u00edas.<\/p>\n\n\n\n<p>Por su parte, el Partido Verde Ecologista de M\u00e9xico expres\u00f3 por primera vez de manera clara que no acompa\u00f1ar\u00eda la propuesta en su forma actual. El diputado Ricardo Astudillo explic\u00f3 que, aunque el proyecto contiene avances importantes, todav\u00eda existen elementos que podr\u00edan mejorarse para garantizar condiciones equitativas en la competencia electoral.<\/p>\n\n\n\n<h3 class=\"wp-block-heading\">Oposici\u00f3n acusa intento de concentraci\u00f3n de poder<\/h3>\n\n\n\n<p>Desde el Partido Acci\u00f3n Nacional, el legislador Homero Ni\u00f1o de Rivera calific\u00f3 la iniciativa como un proyecto sin consenso pol\u00edtico y critic\u00f3 que se haya elaborado sin la participaci\u00f3n de todas las fuerzas partidistas.<\/p>\n\n\n\n<p>El panista sostuvo que la reforma no enfrenta uno de los problemas m\u00e1s graves del sistema electoral: la influencia del crimen organizado en los comicios.<\/p>\n\n\n\n<h3 class=\"wp-block-heading\">Morena defiende la propuesta<\/h3>\n\n\n\n<p>En contraste, legisladores de Morena defendieron el contenido de la reforma y aseguraron que responde a demandas sociales para transformar el sistema electoral del pa\u00eds.<\/p>\n\n\n\n<p>La diputada Guadalupe Morelos destac\u00f3 que el proyecto contempla reducir el financiamiento p\u00fablico a los partidos pol\u00edticos y modificar el mecanismo de asignaci\u00f3n de diputados de representaci\u00f3n proporcional. Asimismo, afirm\u00f3 que el dictamen incluye medidas para evitar el ingreso de recursos il\u00edcitos a las campa\u00f1as.<\/p>\n\n\n\n<p>Seg\u00fan se\u00f1al\u00f3, encuestas recientes muestran un amplio respaldo ciudadano a los cambios planteados.<\/p>\n\n\n\n<h3 class=\"wp-block-heading\">Se perfila debate decisivo en el pleno<\/h3>\n\n\n\n<p>Con el dictamen ya enviado al pleno de la C\u00e1mara de Diputados, el futuro de la reforma depender\u00e1 del debate que se desarrolle en la sesi\u00f3n programada para este mi\u00e9rcoles.<\/p>\n\n\n\n<p>En los pasillos de San L\u00e1zaro tambi\u00e9n circulan versiones de que, en caso de que la iniciativa no obtenga el respaldo necesario, el oficialismo podr\u00eda presentar en los pr\u00f3ximos d\u00edas una alternativa legislativa conocida como \u201cPlan B\u201d en materia electoral.<\/p>\n","protected":false},"excerpt":{"rendered":"<p>Ciudad de M\u00e9xico. En medio de un debate breve pero cargado de posiciones encontradas, las&#8230;<\/p>\n","protected":false},"author":1,"featured_media":9063,"comment_status":"closed","ping_status":"closed","sticky":false,"template":"","format":"standard","meta":{"footnotes":""},"categories":[285],"tags":[2405,2962],"class_list":["post-9062","post","type-post","status-publish","format-standard","has-post-thumbnail","hentry","category-camara-de-diputados","tag-reforma-electoral","tag-san-lazaro-2"],"yoast_head":"<!-- This site is optimized with the Yoast SEO plugin v27.5 - https:\/\/yoast.com\/product\/yoast-seo-wordpress\/ -->\n<title>Reforma electoral de Sheinbaum avanza en comisiones de San L\u00e1zaro entre cr\u00edticas y divisi\u00f3n pol\u00edtica - NOTICIAS DE LA 4T<\/title>\n<meta name=\"robots\" content=\"noindex, follow, max-snippet:-1, max-image-preview:large, max-video-preview:-1\" \/>\n<meta property=\"og:locale\" content=\"es_MX\" \/>\n<meta property=\"og:type\" content=\"article\" \/>\n<meta property=\"og:title\" content=\"Reforma electoral de Sheinbaum avanza en comisiones de San L\u00e1zaro entre cr\u00edticas y divisi\u00f3n pol\u00edtica - NOTICIAS DE LA 4T\" \/>\n<meta property=\"og:description\" content=\"Ciudad de M\u00e9xico. En medio de un debate breve pero cargado de posiciones encontradas, las...\" \/>\n<meta property=\"og:url\" content=\"https:\/\/redamlo.com\/index.php\/2026\/03\/11\/reforma-electoral-de-sheinbaum-avanza-en-comisiones-de-san-lazaro-entre-criticas-y-division-politica\/\" \/>\n<meta property=\"og:site_name\" content=\"NOTICIAS DE LA 4T\" \/>\n<meta property=\"article:published_time\" content=\"2026-03-11T03:47:47+00:00\" \/>\n<meta property=\"article:modified_time\" content=\"2026-03-11T03:47:48+00:00\" \/>\n<meta property=\"og:image\" content=\"https:\/\/redamlo.com\/wp-content\/uploads\/2026\/03\/reforma-electoral-en-san-lazaro.png\" \/>\n\t<meta property=\"og:image:width\" content=\"948\" \/>\n\t<meta property=\"og:image:height\" content=\"526\" \/>\n\t<meta property=\"og:image:type\" content=\"image\/png\" \/>\n<meta name=\"author\" content=\"admin\" \/>\n<meta name=\"twitter:card\" content=\"summary_large_image\" \/>\n<meta name=\"twitter:label1\" content=\"Escrito por\" \/>\n\t<meta name=\"twitter:data1\" content=\"admin\" \/>\n\t<meta name=\"twitter:label2\" content=\"Tiempo de lectura\" \/>\n\t<meta name=\"twitter:data2\" content=\"4 minutos\" \/>\n<script type=\"application\/ld+json\" class=\"yoast-schema-graph\">{\"@context\":\"https:\\\/\\\/schema.org\",\"@graph\":[{\"@type\":\"Article\",\"@id\":\"https:\\\/\\\/redamlo.com\\\/index.php\\\/2026\\\/03\\\/11\\\/reforma-electoral-de-sheinbaum-avanza-en-comisiones-de-san-lazaro-entre-criticas-y-division-politica\\\/#article\",\"isPartOf\":{\"@id\":\"https:\\\/\\\/redamlo.com\\\/index.php\\\/2026\\\/03\\\/11\\\/reforma-electoral-de-sheinbaum-avanza-en-comisiones-de-san-lazaro-entre-criticas-y-division-politica\\\/\"},\"author\":{\"name\":\"admin\",\"@id\":\"https:\\\/\\\/redamlo.com\\\/#\\\/schema\\\/person\\\/197a0a670d21b1f4f1483ddda1b64613\"},\"headline\":\"Reforma electoral de Sheinbaum avanza en comisiones de San L\u00e1zaro entre cr\u00edticas y divisi\u00f3n pol\u00edtica\",\"datePublished\":\"2026-03-11T03:47:47+00:00\",\"dateModified\":\"2026-03-11T03:47:48+00:00\",\"mainEntityOfPage\":{\"@id\":\"https:\\\/\\\/redamlo.com\\\/index.php\\\/2026\\\/03\\\/11\\\/reforma-electoral-de-sheinbaum-avanza-en-comisiones-de-san-lazaro-entre-criticas-y-division-politica\\\/\"},\"wordCount\":774,\"publisher\":{\"@id\":\"https:\\\/\\\/redamlo.com\\\/#organization\"},\"image\":{\"@id\":\"https:\\\/\\\/redamlo.com\\\/index.php\\\/2026\\\/03\\\/11\\\/reforma-electoral-de-sheinbaum-avanza-en-comisiones-de-san-lazaro-entre-criticas-y-division-politica\\\/#primaryimage\"},\"thumbnailUrl\":\"https:\\\/\\\/redamlo.com\\\/wp-content\\\/uploads\\\/2026\\\/03\\\/reforma-electoral-en-san-lazaro.png\",\"keywords\":[\"Reforma electoral\",\"san lazaro\"],\"articleSection\":[\"Camara de Diputados\"],\"inLanguage\":\"es\"},{\"@type\":\"WebPage\",\"@id\":\"https:\\\/\\\/redamlo.com\\\/index.php\\\/2026\\\/03\\\/11\\\/reforma-electoral-de-sheinbaum-avanza-en-comisiones-de-san-lazaro-entre-criticas-y-division-politica\\\/\",\"url\":\"https:\\\/\\\/redamlo.com\\\/index.php\\\/2026\\\/03\\\/11\\\/reforma-electoral-de-sheinbaum-avanza-en-comisiones-de-san-lazaro-entre-criticas-y-division-politica\\\/\",\"name\":\"Reforma electoral de Sheinbaum avanza en comisiones de San L\u00e1zaro entre cr\u00edticas y divisi\u00f3n pol\u00edtica - NOTICIAS DE LA 4T\",\"isPartOf\":{\"@id\":\"https:\\\/\\\/redamlo.com\\\/#website\"},\"primaryImageOfPage\":{\"@id\":\"https:\\\/\\\/redamlo.com\\\/index.php\\\/2026\\\/03\\\/11\\\/reforma-electoral-de-sheinbaum-avanza-en-comisiones-de-san-lazaro-entre-criticas-y-division-politica\\\/#primaryimage\"},\"image\":{\"@id\":\"https:\\\/\\\/redamlo.com\\\/index.php\\\/2026\\\/03\\\/11\\\/reforma-electoral-de-sheinbaum-avanza-en-comisiones-de-san-lazaro-entre-criticas-y-division-politica\\\/#primaryimage\"},\"thumbnailUrl\":\"https:\\\/\\\/redamlo.com\\\/wp-content\\\/uploads\\\/2026\\\/03\\\/reforma-electoral-en-san-lazaro.png\",\"datePublished\":\"2026-03-11T03:47:47+00:00\",\"dateModified\":\"2026-03-11T03:47:48+00:00\",\"breadcrumb\":{\"@id\":\"https:\\\/\\\/redamlo.com\\\/index.php\\\/2026\\\/03\\\/11\\\/reforma-electoral-de-sheinbaum-avanza-en-comisiones-de-san-lazaro-entre-criticas-y-division-politica\\\/#breadcrumb\"},\"inLanguage\":\"es\",\"potentialAction\":[{\"@type\":\"ReadAction\",\"target\":[\"https:\\\/\\\/redamlo.com\\\/index.php\\\/2026\\\/03\\\/11\\\/reforma-electoral-de-sheinbaum-avanza-en-comisiones-de-san-lazaro-entre-criticas-y-division-politica\\\/\"]}]},{\"@type\":\"ImageObject\",\"inLanguage\":\"es\",\"@id\":\"https:\\\/\\\/redamlo.com\\\/index.php\\\/2026\\\/03\\\/11\\\/reforma-electoral-de-sheinbaum-avanza-en-comisiones-de-san-lazaro-entre-criticas-y-division-politica\\\/#primaryimage\",\"url\":\"https:\\\/\\\/redamlo.com\\\/wp-content\\\/uploads\\\/2026\\\/03\\\/reforma-electoral-en-san-lazaro.png\",\"contentUrl\":\"https:\\\/\\\/redamlo.com\\\/wp-content\\\/uploads\\\/2026\\\/03\\\/reforma-electoral-en-san-lazaro.png\",\"width\":948,\"height\":526,\"caption\":\"Foto: REDES\"},{\"@type\":\"BreadcrumbList\",\"@id\":\"https:\\\/\\\/redamlo.com\\\/index.php\\\/2026\\\/03\\\/11\\\/reforma-electoral-de-sheinbaum-avanza-en-comisiones-de-san-lazaro-entre-criticas-y-division-politica\\\/#breadcrumb\",\"itemListElement\":[{\"@type\":\"ListItem\",\"position\":1,\"name\":\"Inicio\",\"item\":\"https:\\\/\\\/redamlo.com\\\/\"},{\"@type\":\"ListItem\",\"position\":2,\"name\":\"Reforma electoral de Sheinbaum avanza en comisiones de San L\u00e1zaro entre cr\u00edticas y divisi\u00f3n pol\u00edtica\"}]},{\"@type\":\"WebSite\",\"@id\":\"https:\\\/\\\/redamlo.com\\\/#website\",\"url\":\"https:\\\/\\\/redamlo.com\\\/\",\"name\":\"NOTICIAS DE LA 4T\",\"description\":\"\",\"publisher\":{\"@id\":\"https:\\\/\\\/redamlo.com\\\/#organization\"},\"potentialAction\":[{\"@type\":\"SearchAction\",\"target\":{\"@type\":\"EntryPoint\",\"urlTemplate\":\"https:\\\/\\\/redamlo.com\\\/?s={search_term_string}\"},\"query-input\":{\"@type\":\"PropertyValueSpecification\",\"valueRequired\":true,\"valueName\":\"search_term_string\"}}],\"inLanguage\":\"es\"},{\"@type\":\"Organization\",\"@id\":\"https:\\\/\\\/redamlo.com\\\/#organization\",\"name\":\"NOTICIAS DE LA 4T\",\"url\":\"https:\\\/\\\/redamlo.com\\\/\",\"logo\":{\"@type\":\"ImageObject\",\"inLanguage\":\"es\",\"@id\":\"https:\\\/\\\/redamlo.com\\\/#\\\/schema\\\/logo\\\/image\\\/\",\"url\":\"https:\\\/\\\/redamlo.com\\\/wp-content\\\/uploads\\\/2024\\\/08\\\/cropped-RED-AMLO-logo-50.png\",\"contentUrl\":\"https:\\\/\\\/redamlo.com\\\/wp-content\\\/uploads\\\/2024\\\/08\\\/cropped-RED-AMLO-logo-50.png\",\"width\":256,\"height\":256,\"caption\":\"NOTICIAS DE LA 4T\"},\"image\":{\"@id\":\"https:\\\/\\\/redamlo.com\\\/#\\\/schema\\\/logo\\\/image\\\/\"}},{\"@type\":\"Person\",\"@id\":\"https:\\\/\\\/redamlo.com\\\/#\\\/schema\\\/person\\\/197a0a670d21b1f4f1483ddda1b64613\",\"name\":\"admin\",\"image\":{\"@type\":\"ImageObject\",\"inLanguage\":\"es\",\"@id\":\"https:\\\/\\\/secure.gravatar.com\\\/avatar\\\/293dccd927043f2e641da6685c2f84009782eb9ee0054daceada4e261ded849a?s=96&d=mm&r=g\",\"url\":\"https:\\\/\\\/secure.gravatar.com\\\/avatar\\\/293dccd927043f2e641da6685c2f84009782eb9ee0054daceada4e261ded849a?s=96&d=mm&r=g\",\"contentUrl\":\"https:\\\/\\\/secure.gravatar.com\\\/avatar\\\/293dccd927043f2e641da6685c2f84009782eb9ee0054daceada4e261ded849a?s=96&d=mm&r=g\",\"caption\":\"admin\"},\"sameAs\":[\"https:\\\/\\\/redamlo.com\"],\"url\":\"https:\\\/\\\/redamlo.com\\\/index.php\\\/author\\\/stell\\\/\"}]}<\/script>\n<!-- \/ Yoast SEO plugin. -->","yoast_head_json":{"title":"Reforma electoral de Sheinbaum avanza en comisiones de San L\u00e1zaro entre cr\u00edticas y divisi\u00f3n pol\u00edtica - NOTICIAS DE LA 4T","robots":{"index":"noindex","follow":"follow","max-snippet":"max-snippet:-1","max-image-preview":"max-image-preview:large","max-video-preview":"max-video-preview:-1"},"og_locale":"es_MX","og_type":"article","og_title":"Reforma electoral de Sheinbaum avanza en comisiones de San L\u00e1zaro entre cr\u00edticas y divisi\u00f3n pol\u00edtica - NOTICIAS DE LA 4T","og_description":"Ciudad de M\u00e9xico. En medio de un debate breve pero cargado de posiciones encontradas, las...","og_url":"https:\/\/redamlo.com\/index.php\/2026\/03\/11\/reforma-electoral-de-sheinbaum-avanza-en-comisiones-de-san-lazaro-entre-criticas-y-division-politica\/","og_site_name":"NOTICIAS DE LA 4T","article_published_time":"2026-03-11T03:47:47+00:00","article_modified_time":"2026-03-11T03:47:48+00:00","og_image":[{"width":948,"height":526,"url":"https:\/\/redamlo.com\/wp-content\/uploads\/2026\/03\/reforma-electoral-en-san-lazaro.png","type":"image\/png"}],"author":"admin","twitter_card":"summary_large_image","twitter_misc":{"Escrito por":"admin","Tiempo de lectura":"4 minutos"},"schema":{"@context":"https:\/\/schema.org","@graph":[{"@type":"Article","@id":"https:\/\/redamlo.com\/index.php\/2026\/03\/11\/reforma-electoral-de-sheinbaum-avanza-en-comisiones-de-san-lazaro-entre-criticas-y-division-politica\/#article","isPartOf":{"@id":"https:\/\/redamlo.com\/index.php\/2026\/03\/11\/reforma-electoral-de-sheinbaum-avanza-en-comisiones-de-san-lazaro-entre-criticas-y-division-politica\/"},"author":{"name":"admin","@id":"https:\/\/redamlo.com\/#\/schema\/person\/197a0a670d21b1f4f1483ddda1b64613"},"headline":"Reforma electoral de Sheinbaum avanza en comisiones de San L\u00e1zaro entre cr\u00edticas y divisi\u00f3n pol\u00edtica","datePublished":"2026-03-11T03:47:47+00:00","dateModified":"2026-03-11T03:47:48+00:00","mainEntityOfPage":{"@id":"https:\/\/redamlo.com\/index.php\/2026\/03\/11\/reforma-electoral-de-sheinbaum-avanza-en-comisiones-de-san-lazaro-entre-criticas-y-division-politica\/"},"wordCount":774,"publisher":{"@id":"https:\/\/redamlo.com\/#organization"},"image":{"@id":"https:\/\/redamlo.com\/index.php\/2026\/03\/11\/reforma-electoral-de-sheinbaum-avanza-en-comisiones-de-san-lazaro-entre-criticas-y-division-politica\/#primaryimage"},"thumbnailUrl":"https:\/\/redamlo.com\/wp-content\/uploads\/2026\/03\/reforma-electoral-en-san-lazaro.png","keywords":["Reforma electoral","san lazaro"],"articleSection":["Camara de Diputados"],"inLanguage":"es"},{"@type":"WebPage","@id":"https:\/\/redamlo.com\/index.php\/2026\/03\/11\/reforma-electoral-de-sheinbaum-avanza-en-comisiones-de-san-lazaro-entre-criticas-y-division-politica\/","url":"https:\/\/redamlo.com\/index.php\/2026\/03\/11\/reforma-electoral-de-sheinbaum-avanza-en-comisiones-de-san-lazaro-entre-criticas-y-division-politica\/","name":"Reforma electoral de Sheinbaum avanza en comisiones de San L\u00e1zaro entre cr\u00edticas y divisi\u00f3n pol\u00edtica - NOTICIAS DE LA 4T","isPartOf":{"@id":"https:\/\/redamlo.com\/#website"},"primaryImageOfPage":{"@id":"https:\/\/redamlo.com\/index.php\/2026\/03\/11\/reforma-electoral-de-sheinbaum-avanza-en-comisiones-de-san-lazaro-entre-criticas-y-division-politica\/#primaryimage"},"image":{"@id":"https:\/\/redamlo.com\/index.php\/2026\/03\/11\/reforma-electoral-de-sheinbaum-avanza-en-comisiones-de-san-lazaro-entre-criticas-y-division-politica\/#primaryimage"},"thumbnailUrl":"https:\/\/redamlo.com\/wp-content\/uploads\/2026\/03\/reforma-electoral-en-san-lazaro.png","datePublished":"2026-03-11T03:47:47+00:00","dateModified":"2026-03-11T03:47:48+00:00","breadcrumb":{"@id":"https:\/\/redamlo.com\/index.php\/2026\/03\/11\/reforma-electoral-de-sheinbaum-avanza-en-comisiones-de-san-lazaro-entre-criticas-y-division-politica\/#breadcrumb"},"inLanguage":"es","potentialAction":[{"@type":"ReadAction","target":["https:\/\/redamlo.com\/index.php\/2026\/03\/11\/reforma-electoral-de-sheinbaum-avanza-en-comisiones-de-san-lazaro-entre-criticas-y-division-politica\/"]}]},{"@type":"ImageObject","inLanguage":"es","@id":"https:\/\/redamlo.com\/index.php\/2026\/03\/11\/reforma-electoral-de-sheinbaum-avanza-en-comisiones-de-san-lazaro-entre-criticas-y-division-politica\/#primaryimage","url":"https:\/\/redamlo.com\/wp-content\/uploads\/2026\/03\/reforma-electoral-en-san-lazaro.png","contentUrl":"https:\/\/redamlo.com\/wp-content\/uploads\/2026\/03\/reforma-electoral-en-san-lazaro.png","width":948,"height":526,"caption":"Foto: REDES"},{"@type":"BreadcrumbList","@id":"https:\/\/redamlo.com\/index.php\/2026\/03\/11\/reforma-electoral-de-sheinbaum-avanza-en-comisiones-de-san-lazaro-entre-criticas-y-division-politica\/#breadcrumb","itemListElement":[{"@type":"ListItem","position":1,"name":"Inicio","item":"https:\/\/redamlo.com\/"},{"@type":"ListItem","position":2,"name":"Reforma electoral de Sheinbaum avanza en comisiones de San L\u00e1zaro entre cr\u00edticas y divisi\u00f3n pol\u00edtica"}]},{"@type":"WebSite","@id":"https:\/\/redamlo.com\/#website","url":"https:\/\/redamlo.com\/","name":"NOTICIAS DE LA 4T","description":"","publisher":{"@id":"https:\/\/redamlo.com\/#organization"},"potentialAction":[{"@type":"SearchAction","target":{"@type":"EntryPoint","urlTemplate":"https:\/\/redamlo.com\/?s={search_term_string}"},"query-input":{"@type":"PropertyValueSpecification","valueRequired":true,"valueName":"search_term_string"}}],"inLanguage":"es"},{"@type":"Organization","@id":"https:\/\/redamlo.com\/#organization","name":"NOTICIAS DE LA 4T","url":"https:\/\/redamlo.com\/","logo":{"@type":"ImageObject","inLanguage":"es","@id":"https:\/\/redamlo.com\/#\/schema\/logo\/image\/","url":"https:\/\/redamlo.com\/wp-content\/uploads\/2024\/08\/cropped-RED-AMLO-logo-50.png","contentUrl":"https:\/\/redamlo.com\/wp-content\/uploads\/2024\/08\/cropped-RED-AMLO-logo-50.png","width":256,"height":256,"caption":"NOTICIAS DE LA 4T"},"image":{"@id":"https:\/\/redamlo.com\/#\/schema\/logo\/image\/"}},{"@type":"Person","@id":"https:\/\/redamlo.com\/#\/schema\/person\/197a0a670d21b1f4f1483ddda1b64613","name":"admin","image":{"@type":"ImageObject","inLanguage":"es","@id":"https:\/\/secure.gravatar.com\/avatar\/293dccd927043f2e641da6685c2f84009782eb9ee0054daceada4e261ded849a?s=96&d=mm&r=g","url":"https:\/\/secure.gravatar.com\/avatar\/293dccd927043f2e641da6685c2f84009782eb9ee0054daceada4e261ded849a?s=96&d=mm&r=g","contentUrl":"https:\/\/secure.gravatar.com\/avatar\/293dccd927043f2e641da6685c2f84009782eb9ee0054daceada4e261ded849a?s=96&d=mm&r=g","caption":"admin"},"sameAs":["https:\/\/redamlo.com"],"url":"https:\/\/redamlo.com\/index.php\/author\/stell\/"}]}},"_links":{"self":[{"href":"https:\/\/redamlo.com\/index.php\/wp-json\/wp\/v2\/posts\/9062","targetHints":{"allow":["GET"]}}],"collection":[{"href":"https:\/\/redamlo.com\/index.php\/wp-json\/wp\/v2\/posts"}],"about":[{"href":"https:\/\/redamlo.com\/index.php\/wp-json\/wp\/v2\/types\/post"}],"author":[{"embeddable":true,"href":"https:\/\/redamlo.com\/index.php\/wp-json\/wp\/v2\/users\/1"}],"replies":[{"embeddable":true,"href":"https:\/\/redamlo.com\/index.php\/wp-json\/wp\/v2\/comments?post=9062"}],"version-history":[{"count":1,"href":"https:\/\/redamlo.com\/index.php\/wp-json\/wp\/v2\/posts\/9062\/revisions"}],"predecessor-version":[{"id":9064,"href":"https:\/\/redamlo.com\/index.php\/wp-json\/wp\/v2\/posts\/9062\/revisions\/9064"}],"wp:featuredmedia":[{"embeddable":true,"href":"https:\/\/redamlo.com\/index.php\/wp-json\/wp\/v2\/media\/9063"}],"wp:attachment":[{"href":"https:\/\/redamlo.com\/index.php\/wp-json\/wp\/v2\/media?parent=9062"}],"wp:term":[{"taxonomy":"category","embeddable":true,"href":"https:\/\/redamlo.com\/index.php\/wp-json\/wp\/v2\/categories?post=9062"},{"taxonomy":"post_tag","embeddable":true,"href":"https:\/\/redamlo.com\/index.php\/wp-json\/wp\/v2\/tags?post=9062"}],"curies":[{"name":"wp","href":"https:\/\/api.w.org\/{rel}","templated":true}]}}