{"id":900,"date":"2020-08-25T12:06:59","date_gmt":"2020-08-25T17:06:59","guid":{"rendered":"http:\/\/redamlo.com\/?p=900"},"modified":"2020-08-25T12:06:59","modified_gmt":"2020-08-25T17:06:59","slug":"el-alcalde-juan-hugo-de-la-rosa-urge-al-gobierno-del-edomex-a-donar-terreno-para-la-construccion-de-hospital-del-imss","status":"publish","type":"post","link":"https:\/\/redamlo.com\/index.php\/2020\/08\/25\/el-alcalde-juan-hugo-de-la-rosa-urge-al-gobierno-del-edomex-a-donar-terreno-para-la-construccion-de-hospital-del-imss\/","title":{"rendered":"El Alcalde Juan Hugo De La Rosa  Urge Al Gobierno Del Edom\u00e9x A Donar Terreno Para La Construcci\u00f3n De Hospital Del Imss"},"content":{"rendered":"<p><strong>Nezahualc\u00f3yotl Estado de M\u00e9xico a 25 de agosto 2020<\/strong><\/p>\n<p>En los \u00faltimos treinta a\u00f1os no se ha construido ning\u00fan hospital en\u00a0<strong>Nezahualc\u00f3yotl,<\/strong>\u00a0actualmente en el municipio solo existen los hospitales\u00a0<em><strong>La Perla y Gustavo Baz<\/strong>,<\/em>\u00a0que entre los dos s\u00f3lo cuentan con 280 camas para atender a una poblaci\u00f3n de un mill\u00f3n 200 mil habitantes, cuando la\u00a0<strong>Organizaci\u00f3n Mundial de la Salud (OMS)<\/strong>\u00a0para una poblaci\u00f3n de esta magnitud, recomienda al menos 2 mil 800 camas, es decir, que actualmente un mill\u00f3n de habitantes de esta ciudad no cuentan con servicios hospitalarios, adem\u00e1s de que est\u00e1 falta de infraestructura deja vulnerable a la poblaci\u00f3n que padece otras enfermedades como diabetes, hipertensi\u00f3n, renales, entre otras, as\u00ed lo se\u00f1al\u00f3 el alcalde\u00a0<strong>Juan Hugo de la Rosa Garc\u00eda.<\/strong><\/p>\n<p>El presidente municipal, manifest\u00f3 en conferencia de prensa, que durante la actual pandemia, aproximadamente el 67.40 por ciento de los ciudadanos de\u00a0<strong>Nezahualc\u00f3yotl<\/strong>\u00a0que se han\u00a0 contagiado de\u00a0<strong>COVID-19<\/strong>\u00a0fueron hospitalizados o atendidos en nosocomios ubicados en la Ciudad de M\u00e9xico, donde 2 mil 177 de ellos son derechohabientes del\u00a0<strong>Instituto Mexicano del Seguro Social (IMSS)<\/strong>, instituci\u00f3n que no tiene ning\u00fan hospital en el municipio, por lo que es urgente que se construya un nuevo hospital del\u00a0<strong>IMSS<\/strong>\u00a0en la localidad.<\/p>\n<p>Precis\u00f3 que aunque el\u00a0<strong>IMSS<\/strong>\u00a0ya aprob\u00f3 los recursos para construirlo, el gobierno del Estado de M\u00e9xico no ha donado a\u00fan el predio donde se pretende construir dicho inmueble, el cual se ubica en el Bordo de Xochiaca, dejando as\u00ed desprotegidos a miles de ciudadanos en un momento en el que resulta crucial fortalecer la infraestructura hospitalaria.<\/p>\n<p>Puntualiz\u00f3, que en la \u00faltima solicitud que se realiz\u00f3 para la construcci\u00f3n del hospital, tambi\u00e9n se anex\u00f3 copia de las escrituras del predio propuesto para comprobar que este pertenece al gobierno del\u00a0<strong>Estado de M\u00e9xico<\/strong>, ya que anteriormente, respondieron que no pod\u00edan donar dicho predio porque no era propiedad estatal y a\u00fan as\u00ed en esta \u00faltima ocasi\u00f3n, la respuesta sigui\u00f3 siendo negativa.<\/p>\n<p>De la Rosa Garc\u00eda llam\u00f3 al gobernador de la entidad<strong>\u00a0Alfredo del Mazo Maza<\/strong>\u00a0a sensibilizarse con los ciudadanos de\u00a0<strong>Nezahualc\u00f3yotl,<\/strong>\u00a0ya que al no contar con hospitales del<strong>\u00a0IMSS<\/strong>\u00a0tras el cierre de la Cl\u00ednica 25, los derechohabientes del municipio tienen que hacer largos traslados ya sea hacia la\u00a0<strong>Ciudad de M\u00e9xico<\/strong>\u00a0o al municipio de Texcoco para recibir atenci\u00f3n m\u00e9dica, poniendo en riesgo la salud de los habitantes, adem\u00e1s representa un golpe muy fuerte para el bolsillo de los ciudadanos quienes gastan entre 200 y 300 pesos solo para ir al hospital.<\/p>\n<p>&nbsp;<\/p>\n<p>Resalt\u00f3 que de los 5 mil 795 casos acumulados de\u00a0<strong>COVID-19<\/strong>\u00a0que se presentaron en\u00a0<strong>Nezahualc\u00f3yotl,<\/strong>\u00a03 mil 906 fueron atendidos o diagnosticados en hospitales de la\u00a0<strong>Ciudad de M\u00e9xico<\/strong>, de estos mismos casos acumulados, 2 mil 177 recibieron atenci\u00f3n m\u00e9dica en el Instituto Mexicano del Seguro Social, y de los 2 mil 86 enfermos que est\u00e1n hospitalizados, 970 se encuentran internados en nosocomios del IMSS, lo cual deja al descubierto la urgente necesidad de la construcci\u00f3n de un hospital de esta instituci\u00f3n en este municipio.<\/p>\n<p><a href=\"https:\/\/i0.wp.com\/cdmxpress.com\/wp-content\/uploads\/2020\/08\/neza.jpg?ssl=1\"><img loading=\"lazy\" decoding=\"async\" class=\"alignnone size-large wp-image-17789 jetpack-lazy-image td-animation-stack-type0-1 jetpack-lazy-image--handled\" src=\"https:\/\/i0.wp.com\/cdmxpress.com\/wp-content\/uploads\/2020\/08\/neza.jpg?resize=640%2C359&amp;ssl=1\" sizes=\"auto, (max-width: 640px) 100vw, 640px\" srcset=\"https:\/\/i0.wp.com\/cdmxpress.com\/wp-content\/uploads\/2020\/08\/neza.jpg?resize=1024%2C574&amp;ssl=1 1024w, https:\/\/i0.wp.com\/cdmxpress.com\/wp-content\/uploads\/2020\/08\/neza.jpg?resize=300%2C168&amp;ssl=1 300w, https:\/\/i0.wp.com\/cdmxpress.com\/wp-content\/uploads\/2020\/08\/neza.jpg?resize=768%2C431&amp;ssl=1 768w, https:\/\/i0.wp.com\/cdmxpress.com\/wp-content\/uploads\/2020\/08\/neza.jpg?resize=500%2C280&amp;ssl=1 500w, https:\/\/i0.wp.com\/cdmxpress.com\/wp-content\/uploads\/2020\/08\/neza.jpg?resize=800%2C449&amp;ssl=1 800w, https:\/\/i0.wp.com\/cdmxpress.com\/wp-content\/uploads\/2020\/08\/neza.jpg?resize=696%2C390&amp;ssl=1 696w, https:\/\/i0.wp.com\/cdmxpress.com\/wp-content\/uploads\/2020\/08\/neza.jpg?resize=1068%2C599&amp;ssl=1 1068w, https:\/\/i0.wp.com\/cdmxpress.com\/wp-content\/uploads\/2020\/08\/neza.jpg?resize=749%2C420&amp;ssl=1 749w, https:\/\/i0.wp.com\/cdmxpress.com\/wp-content\/uploads\/2020\/08\/neza.jpg?resize=640%2C359&amp;ssl=1 640w, https:\/\/i0.wp.com\/cdmxpress.com\/wp-content\/uploads\/2020\/08\/neza.jpg?w=1280&amp;ssl=1 1280w\" alt=\"\" width=\"640\" height=\"359\" data-recalc-dims=\"1\" data-lazy-loaded=\"1\" \/><\/a><\/p>\n<div class=\"google-auto-placed ap_container\"><\/div>\n<p>El edil sostuvo que en\u00a0<strong>Nezahualc\u00f3yotl<\/strong>\u00a0no s\u00f3lo hacen falta hospitales del\u00a0<strong>IMSS<\/strong>\u00a0sino del sector salud para todos aquellos vecinos que no cuentan con seguridad social, que de acuerdo al\u00a0<strong>Instituto Nacional de Estad\u00edstica, Geograf\u00eda e Inform\u00e1tica (INEGI)<\/strong>\u00a0en esta localidad son m\u00e1s de medio mill\u00f3n de personas.<\/p>\n<div class=\"google-auto-placed ap_container\"><\/div>\n<p>Indic\u00f3 que de\u00a0<strong>acuerdo<\/strong>\u00a0con las cifras de<strong>\u00a0COVID-19<\/strong>\u00a0de la Secretar\u00eda de Salud en las \u00faltimas cuatro semanas\u00a0<strong>Nezahualc\u00f3yotl<\/strong>\u00a0ha mantenido una estabilidad en la\u00a0 incidencia de los casos con una ligera tendencia a la baja teniendo un promedio de 282 casos por semana que corresponden a 40 casos por d\u00eda y el municipio se ubica en el lugar n\u00famero 19 a nivel nacional de casos acumulados.<\/p>\n<div class=\"google-auto-placed ap_container\"><\/div>\n<p>Finalmente,\u00a0 el presidente municipal\u00a0<strong>Juan Hugo de la Rosa Garc\u00eda<\/strong>\u00a0destac\u00f3 que debido a la fragilidad de la infraestructura hospitalaria, con mayor raz\u00f3n es necesario mantener las medidas sanitarias para evitar contagios y vulnerar la salud de los vecinos de\u00a0<strong>Nezahualc\u00f3yotl,<\/strong>\u00a0por lo que exhort\u00f3 a todos los ciudadanos a resguardarse en sus hogares y salir solo a menos que sea estrictamente necesario, lavarse las manos constantemente, y en caso de presentar fiebre, tos, p\u00e9rdida de olfato y gusto, y dificultad para respirar, llamar de inmediato al 5743 4343.<\/p>\n<div class=\"google-auto-placed ap_container\"><\/div>\n<p><a href=\"https:\/\/i1.wp.com\/multimedia.org.mx\/wp-content\/uploads\/2020\/08\/neza-01.jpg\"><img loading=\"lazy\" decoding=\"async\" class=\"alignnone size-full wp-image-6154 td-animation-stack-type0-1 jetpack-lazy-image jetpack-lazy-image--handled\" src=\"https:\/\/i1.wp.com\/multimedia.org.mx\/wp-content\/uploads\/2020\/08\/neza-01.jpg?resize=640%2C427\" alt=\"\" width=\"640\" height=\"427\" data-recalc-dims=\"1\" data-lazy-loaded=\"1\" \/><\/a><\/p>\n","protected":false},"excerpt":{"rendered":"<p>Nezahualc\u00f3yotl Estado de M\u00e9xico a 25 de agosto 2020 En los \u00faltimos treinta a\u00f1os no&#8230;<\/p>\n","protected":false},"author":2,"featured_media":902,"comment_status":"open","ping_status":"closed","sticky":false,"template":"","format":"standard","meta":{"footnotes":""},"categories":[3],"tags":[],"class_list":["post-900","post","type-post","status-publish","format-standard","has-post-thumbnail","hentry","category-estado-de-mexico"],"yoast_head":"<!-- This site is optimized with the Yoast SEO plugin v27.5 - https:\/\/yoast.com\/product\/yoast-seo-wordpress\/ -->\n<title>El Alcalde Juan Hugo De La Rosa Urge Al Gobierno Del Edom\u00e9x A Donar Terreno Para La Construcci\u00f3n De Hospital Del Imss - NOTICIAS DE LA 4T<\/title>\n<meta name=\"robots\" content=\"noindex, follow, max-snippet:-1, max-image-preview:large, max-video-preview:-1\" \/>\n<meta property=\"og:locale\" content=\"es_MX\" \/>\n<meta property=\"og:type\" content=\"article\" \/>\n<meta property=\"og:title\" content=\"El Alcalde Juan Hugo De La Rosa Urge Al Gobierno Del Edom\u00e9x A Donar Terreno Para La Construcci\u00f3n De Hospital Del Imss - NOTICIAS DE LA 4T\" \/>\n<meta property=\"og:description\" content=\"Nezahualc\u00f3yotl Estado de M\u00e9xico a 25 de agosto 2020 En los \u00faltimos treinta a\u00f1os no...\" \/>\n<meta property=\"og:url\" content=\"https:\/\/redamlo.com\/index.php\/2020\/08\/25\/el-alcalde-juan-hugo-de-la-rosa-urge-al-gobierno-del-edomex-a-donar-terreno-para-la-construccion-de-hospital-del-imss\/\" \/>\n<meta property=\"og:site_name\" content=\"NOTICIAS DE LA 4T\" \/>\n<meta property=\"article:published_time\" content=\"2020-08-25T17:06:59+00:00\" \/>\n<meta property=\"og:image\" content=\"https:\/\/redamlo.com\/wp-content\/uploads\/2020\/08\/neza-03.jpg\" \/>\n\t<meta property=\"og:image:width\" content=\"1280\" \/>\n\t<meta property=\"og:image:height\" content=\"762\" \/>\n\t<meta property=\"og:image:type\" content=\"image\/jpeg\" \/>\n<meta name=\"author\" content=\"Blanca\" \/>\n<meta name=\"twitter:card\" content=\"summary_large_image\" \/>\n<meta name=\"twitter:label1\" content=\"Escrito por\" \/>\n\t<meta name=\"twitter:data1\" content=\"Blanca\" \/>\n\t<meta name=\"twitter:label2\" content=\"Tiempo de lectura\" \/>\n\t<meta name=\"twitter:data2\" content=\"4 minutos\" \/>\n<script type=\"application\/ld+json\" class=\"yoast-schema-graph\">{\"@context\":\"https:\\\/\\\/schema.org\",\"@graph\":[{\"@type\":\"Article\",\"@id\":\"https:\\\/\\\/redamlo.com\\\/index.php\\\/2020\\\/08\\\/25\\\/el-alcalde-juan-hugo-de-la-rosa-urge-al-gobierno-del-edomex-a-donar-terreno-para-la-construccion-de-hospital-del-imss\\\/#article\",\"isPartOf\":{\"@id\":\"https:\\\/\\\/redamlo.com\\\/index.php\\\/2020\\\/08\\\/25\\\/el-alcalde-juan-hugo-de-la-rosa-urge-al-gobierno-del-edomex-a-donar-terreno-para-la-construccion-de-hospital-del-imss\\\/\"},\"author\":{\"name\":\"Blanca\",\"@id\":\"https:\\\/\\\/redamlo.com\\\/#\\\/schema\\\/person\\\/7223a4375eb8f1a782fcae010a7115cf\"},\"headline\":\"El Alcalde Juan Hugo De La Rosa Urge Al Gobierno Del Edom\u00e9x A Donar Terreno Para La Construcci\u00f3n De Hospital Del Imss\",\"datePublished\":\"2020-08-25T17:06:59+00:00\",\"mainEntityOfPage\":{\"@id\":\"https:\\\/\\\/redamlo.com\\\/index.php\\\/2020\\\/08\\\/25\\\/el-alcalde-juan-hugo-de-la-rosa-urge-al-gobierno-del-edomex-a-donar-terreno-para-la-construccion-de-hospital-del-imss\\\/\"},\"wordCount\":767,\"commentCount\":0,\"publisher\":{\"@id\":\"https:\\\/\\\/redamlo.com\\\/#organization\"},\"image\":{\"@id\":\"https:\\\/\\\/redamlo.com\\\/index.php\\\/2020\\\/08\\\/25\\\/el-alcalde-juan-hugo-de-la-rosa-urge-al-gobierno-del-edomex-a-donar-terreno-para-la-construccion-de-hospital-del-imss\\\/#primaryimage\"},\"thumbnailUrl\":\"https:\\\/\\\/redamlo.com\\\/wp-content\\\/uploads\\\/2020\\\/08\\\/neza-03.jpg\",\"articleSection\":[\"Estado de M\u00e9xico\"],\"inLanguage\":\"es\",\"potentialAction\":[{\"@type\":\"CommentAction\",\"name\":\"Comment\",\"target\":[\"https:\\\/\\\/redamlo.com\\\/index.php\\\/2020\\\/08\\\/25\\\/el-alcalde-juan-hugo-de-la-rosa-urge-al-gobierno-del-edomex-a-donar-terreno-para-la-construccion-de-hospital-del-imss\\\/#respond\"]}]},{\"@type\":\"WebPage\",\"@id\":\"https:\\\/\\\/redamlo.com\\\/index.php\\\/2020\\\/08\\\/25\\\/el-alcalde-juan-hugo-de-la-rosa-urge-al-gobierno-del-edomex-a-donar-terreno-para-la-construccion-de-hospital-del-imss\\\/\",\"url\":\"https:\\\/\\\/redamlo.com\\\/index.php\\\/2020\\\/08\\\/25\\\/el-alcalde-juan-hugo-de-la-rosa-urge-al-gobierno-del-edomex-a-donar-terreno-para-la-construccion-de-hospital-del-imss\\\/\",\"name\":\"El Alcalde Juan Hugo De La Rosa Urge Al Gobierno Del Edom\u00e9x A Donar Terreno Para La Construcci\u00f3n De Hospital Del Imss - NOTICIAS DE LA 4T\",\"isPartOf\":{\"@id\":\"https:\\\/\\\/redamlo.com\\\/#website\"},\"primaryImageOfPage\":{\"@id\":\"https:\\\/\\\/redamlo.com\\\/index.php\\\/2020\\\/08\\\/25\\\/el-alcalde-juan-hugo-de-la-rosa-urge-al-gobierno-del-edomex-a-donar-terreno-para-la-construccion-de-hospital-del-imss\\\/#primaryimage\"},\"image\":{\"@id\":\"https:\\\/\\\/redamlo.com\\\/index.php\\\/2020\\\/08\\\/25\\\/el-alcalde-juan-hugo-de-la-rosa-urge-al-gobierno-del-edomex-a-donar-terreno-para-la-construccion-de-hospital-del-imss\\\/#primaryimage\"},\"thumbnailUrl\":\"https:\\\/\\\/redamlo.com\\\/wp-content\\\/uploads\\\/2020\\\/08\\\/neza-03.jpg\",\"datePublished\":\"2020-08-25T17:06:59+00:00\",\"breadcrumb\":{\"@id\":\"https:\\\/\\\/redamlo.com\\\/index.php\\\/2020\\\/08\\\/25\\\/el-alcalde-juan-hugo-de-la-rosa-urge-al-gobierno-del-edomex-a-donar-terreno-para-la-construccion-de-hospital-del-imss\\\/#breadcrumb\"},\"inLanguage\":\"es\",\"potentialAction\":[{\"@type\":\"ReadAction\",\"target\":[\"https:\\\/\\\/redamlo.com\\\/index.php\\\/2020\\\/08\\\/25\\\/el-alcalde-juan-hugo-de-la-rosa-urge-al-gobierno-del-edomex-a-donar-terreno-para-la-construccion-de-hospital-del-imss\\\/\"]}]},{\"@type\":\"ImageObject\",\"inLanguage\":\"es\",\"@id\":\"https:\\\/\\\/redamlo.com\\\/index.php\\\/2020\\\/08\\\/25\\\/el-alcalde-juan-hugo-de-la-rosa-urge-al-gobierno-del-edomex-a-donar-terreno-para-la-construccion-de-hospital-del-imss\\\/#primaryimage\",\"url\":\"https:\\\/\\\/redamlo.com\\\/wp-content\\\/uploads\\\/2020\\\/08\\\/neza-03.jpg\",\"contentUrl\":\"https:\\\/\\\/redamlo.com\\\/wp-content\\\/uploads\\\/2020\\\/08\\\/neza-03.jpg\",\"width\":1280,\"height\":762},{\"@type\":\"BreadcrumbList\",\"@id\":\"https:\\\/\\\/redamlo.com\\\/index.php\\\/2020\\\/08\\\/25\\\/el-alcalde-juan-hugo-de-la-rosa-urge-al-gobierno-del-edomex-a-donar-terreno-para-la-construccion-de-hospital-del-imss\\\/#breadcrumb\",\"itemListElement\":[{\"@type\":\"ListItem\",\"position\":1,\"name\":\"Inicio\",\"item\":\"https:\\\/\\\/redamlo.com\\\/\"},{\"@type\":\"ListItem\",\"position\":2,\"name\":\"El Alcalde Juan Hugo De La Rosa Urge Al Gobierno Del Edom\u00e9x A Donar Terreno Para La Construcci\u00f3n De Hospital Del Imss\"}]},{\"@type\":\"WebSite\",\"@id\":\"https:\\\/\\\/redamlo.com\\\/#website\",\"url\":\"https:\\\/\\\/redamlo.com\\\/\",\"name\":\"NOTICIAS DE LA 4T\",\"description\":\"\",\"publisher\":{\"@id\":\"https:\\\/\\\/redamlo.com\\\/#organization\"},\"potentialAction\":[{\"@type\":\"SearchAction\",\"target\":{\"@type\":\"EntryPoint\",\"urlTemplate\":\"https:\\\/\\\/redamlo.com\\\/?s={search_term_string}\"},\"query-input\":{\"@type\":\"PropertyValueSpecification\",\"valueRequired\":true,\"valueName\":\"search_term_string\"}}],\"inLanguage\":\"es\"},{\"@type\":\"Organization\",\"@id\":\"https:\\\/\\\/redamlo.com\\\/#organization\",\"name\":\"NOTICIAS DE LA 4T\",\"url\":\"https:\\\/\\\/redamlo.com\\\/\",\"logo\":{\"@type\":\"ImageObject\",\"inLanguage\":\"es\",\"@id\":\"https:\\\/\\\/redamlo.com\\\/#\\\/schema\\\/logo\\\/image\\\/\",\"url\":\"https:\\\/\\\/redamlo.com\\\/wp-content\\\/uploads\\\/2024\\\/08\\\/cropped-RED-AMLO-logo-50.png\",\"contentUrl\":\"https:\\\/\\\/redamlo.com\\\/wp-content\\\/uploads\\\/2024\\\/08\\\/cropped-RED-AMLO-logo-50.png\",\"width\":256,\"height\":256,\"caption\":\"NOTICIAS DE LA 4T\"},\"image\":{\"@id\":\"https:\\\/\\\/redamlo.com\\\/#\\\/schema\\\/logo\\\/image\\\/\"}},{\"@type\":\"Person\",\"@id\":\"https:\\\/\\\/redamlo.com\\\/#\\\/schema\\\/person\\\/7223a4375eb8f1a782fcae010a7115cf\",\"name\":\"Blanca\",\"image\":{\"@type\":\"ImageObject\",\"inLanguage\":\"es\",\"@id\":\"https:\\\/\\\/secure.gravatar.com\\\/avatar\\\/3f79bc8336367a4e6093eae8757acaaf61d1124834b905616de7829b0273426d?s=96&d=mm&r=g\",\"url\":\"https:\\\/\\\/secure.gravatar.com\\\/avatar\\\/3f79bc8336367a4e6093eae8757acaaf61d1124834b905616de7829b0273426d?s=96&d=mm&r=g\",\"contentUrl\":\"https:\\\/\\\/secure.gravatar.com\\\/avatar\\\/3f79bc8336367a4e6093eae8757acaaf61d1124834b905616de7829b0273426d?s=96&d=mm&r=g\",\"caption\":\"Blanca\"},\"url\":\"https:\\\/\\\/redamlo.com\\\/index.php\\\/author\\\/blanca\\\/\"}]}<\/script>\n<!-- \/ Yoast SEO plugin. -->","yoast_head_json":{"title":"El Alcalde Juan Hugo De La Rosa Urge Al Gobierno Del Edom\u00e9x A Donar Terreno Para La Construcci\u00f3n De Hospital Del Imss - NOTICIAS DE LA 4T","robots":{"index":"noindex","follow":"follow","max-snippet":"max-snippet:-1","max-image-preview":"max-image-preview:large","max-video-preview":"max-video-preview:-1"},"og_locale":"es_MX","og_type":"article","og_title":"El Alcalde Juan Hugo De La Rosa Urge Al Gobierno Del Edom\u00e9x A Donar Terreno Para La Construcci\u00f3n De Hospital Del Imss - NOTICIAS DE LA 4T","og_description":"Nezahualc\u00f3yotl Estado de M\u00e9xico a 25 de agosto 2020 En los \u00faltimos treinta a\u00f1os no...","og_url":"https:\/\/redamlo.com\/index.php\/2020\/08\/25\/el-alcalde-juan-hugo-de-la-rosa-urge-al-gobierno-del-edomex-a-donar-terreno-para-la-construccion-de-hospital-del-imss\/","og_site_name":"NOTICIAS DE LA 4T","article_published_time":"2020-08-25T17:06:59+00:00","og_image":[{"width":1280,"height":762,"url":"https:\/\/redamlo.com\/wp-content\/uploads\/2020\/08\/neza-03.jpg","type":"image\/jpeg"}],"author":"Blanca","twitter_card":"summary_large_image","twitter_misc":{"Escrito por":"Blanca","Tiempo de lectura":"4 minutos"},"schema":{"@context":"https:\/\/schema.org","@graph":[{"@type":"Article","@id":"https:\/\/redamlo.com\/index.php\/2020\/08\/25\/el-alcalde-juan-hugo-de-la-rosa-urge-al-gobierno-del-edomex-a-donar-terreno-para-la-construccion-de-hospital-del-imss\/#article","isPartOf":{"@id":"https:\/\/redamlo.com\/index.php\/2020\/08\/25\/el-alcalde-juan-hugo-de-la-rosa-urge-al-gobierno-del-edomex-a-donar-terreno-para-la-construccion-de-hospital-del-imss\/"},"author":{"name":"Blanca","@id":"https:\/\/redamlo.com\/#\/schema\/person\/7223a4375eb8f1a782fcae010a7115cf"},"headline":"El Alcalde Juan Hugo De La Rosa Urge Al Gobierno Del Edom\u00e9x A Donar Terreno Para La Construcci\u00f3n De Hospital Del Imss","datePublished":"2020-08-25T17:06:59+00:00","mainEntityOfPage":{"@id":"https:\/\/redamlo.com\/index.php\/2020\/08\/25\/el-alcalde-juan-hugo-de-la-rosa-urge-al-gobierno-del-edomex-a-donar-terreno-para-la-construccion-de-hospital-del-imss\/"},"wordCount":767,"commentCount":0,"publisher":{"@id":"https:\/\/redamlo.com\/#organization"},"image":{"@id":"https:\/\/redamlo.com\/index.php\/2020\/08\/25\/el-alcalde-juan-hugo-de-la-rosa-urge-al-gobierno-del-edomex-a-donar-terreno-para-la-construccion-de-hospital-del-imss\/#primaryimage"},"thumbnailUrl":"https:\/\/redamlo.com\/wp-content\/uploads\/2020\/08\/neza-03.jpg","articleSection":["Estado de M\u00e9xico"],"inLanguage":"es","potentialAction":[{"@type":"CommentAction","name":"Comment","target":["https:\/\/redamlo.com\/index.php\/2020\/08\/25\/el-alcalde-juan-hugo-de-la-rosa-urge-al-gobierno-del-edomex-a-donar-terreno-para-la-construccion-de-hospital-del-imss\/#respond"]}]},{"@type":"WebPage","@id":"https:\/\/redamlo.com\/index.php\/2020\/08\/25\/el-alcalde-juan-hugo-de-la-rosa-urge-al-gobierno-del-edomex-a-donar-terreno-para-la-construccion-de-hospital-del-imss\/","url":"https:\/\/redamlo.com\/index.php\/2020\/08\/25\/el-alcalde-juan-hugo-de-la-rosa-urge-al-gobierno-del-edomex-a-donar-terreno-para-la-construccion-de-hospital-del-imss\/","name":"El Alcalde Juan Hugo De La Rosa Urge Al Gobierno Del Edom\u00e9x A Donar Terreno Para La Construcci\u00f3n De Hospital Del Imss - NOTICIAS DE LA 4T","isPartOf":{"@id":"https:\/\/redamlo.com\/#website"},"primaryImageOfPage":{"@id":"https:\/\/redamlo.com\/index.php\/2020\/08\/25\/el-alcalde-juan-hugo-de-la-rosa-urge-al-gobierno-del-edomex-a-donar-terreno-para-la-construccion-de-hospital-del-imss\/#primaryimage"},"image":{"@id":"https:\/\/redamlo.com\/index.php\/2020\/08\/25\/el-alcalde-juan-hugo-de-la-rosa-urge-al-gobierno-del-edomex-a-donar-terreno-para-la-construccion-de-hospital-del-imss\/#primaryimage"},"thumbnailUrl":"https:\/\/redamlo.com\/wp-content\/uploads\/2020\/08\/neza-03.jpg","datePublished":"2020-08-25T17:06:59+00:00","breadcrumb":{"@id":"https:\/\/redamlo.com\/index.php\/2020\/08\/25\/el-alcalde-juan-hugo-de-la-rosa-urge-al-gobierno-del-edomex-a-donar-terreno-para-la-construccion-de-hospital-del-imss\/#breadcrumb"},"inLanguage":"es","potentialAction":[{"@type":"ReadAction","target":["https:\/\/redamlo.com\/index.php\/2020\/08\/25\/el-alcalde-juan-hugo-de-la-rosa-urge-al-gobierno-del-edomex-a-donar-terreno-para-la-construccion-de-hospital-del-imss\/"]}]},{"@type":"ImageObject","inLanguage":"es","@id":"https:\/\/redamlo.com\/index.php\/2020\/08\/25\/el-alcalde-juan-hugo-de-la-rosa-urge-al-gobierno-del-edomex-a-donar-terreno-para-la-construccion-de-hospital-del-imss\/#primaryimage","url":"https:\/\/redamlo.com\/wp-content\/uploads\/2020\/08\/neza-03.jpg","contentUrl":"https:\/\/redamlo.com\/wp-content\/uploads\/2020\/08\/neza-03.jpg","width":1280,"height":762},{"@type":"BreadcrumbList","@id":"https:\/\/redamlo.com\/index.php\/2020\/08\/25\/el-alcalde-juan-hugo-de-la-rosa-urge-al-gobierno-del-edomex-a-donar-terreno-para-la-construccion-de-hospital-del-imss\/#breadcrumb","itemListElement":[{"@type":"ListItem","position":1,"name":"Inicio","item":"https:\/\/redamlo.com\/"},{"@type":"ListItem","position":2,"name":"El Alcalde Juan Hugo De La Rosa Urge Al Gobierno Del Edom\u00e9x A Donar Terreno Para La Construcci\u00f3n De Hospital Del Imss"}]},{"@type":"WebSite","@id":"https:\/\/redamlo.com\/#website","url":"https:\/\/redamlo.com\/","name":"NOTICIAS DE LA 4T","description":"","publisher":{"@id":"https:\/\/redamlo.com\/#organization"},"potentialAction":[{"@type":"SearchAction","target":{"@type":"EntryPoint","urlTemplate":"https:\/\/redamlo.com\/?s={search_term_string}"},"query-input":{"@type":"PropertyValueSpecification","valueRequired":true,"valueName":"search_term_string"}}],"inLanguage":"es"},{"@type":"Organization","@id":"https:\/\/redamlo.com\/#organization","name":"NOTICIAS DE LA 4T","url":"https:\/\/redamlo.com\/","logo":{"@type":"ImageObject","inLanguage":"es","@id":"https:\/\/redamlo.com\/#\/schema\/logo\/image\/","url":"https:\/\/redamlo.com\/wp-content\/uploads\/2024\/08\/cropped-RED-AMLO-logo-50.png","contentUrl":"https:\/\/redamlo.com\/wp-content\/uploads\/2024\/08\/cropped-RED-AMLO-logo-50.png","width":256,"height":256,"caption":"NOTICIAS DE LA 4T"},"image":{"@id":"https:\/\/redamlo.com\/#\/schema\/logo\/image\/"}},{"@type":"Person","@id":"https:\/\/redamlo.com\/#\/schema\/person\/7223a4375eb8f1a782fcae010a7115cf","name":"Blanca","image":{"@type":"ImageObject","inLanguage":"es","@id":"https:\/\/secure.gravatar.com\/avatar\/3f79bc8336367a4e6093eae8757acaaf61d1124834b905616de7829b0273426d?s=96&d=mm&r=g","url":"https:\/\/secure.gravatar.com\/avatar\/3f79bc8336367a4e6093eae8757acaaf61d1124834b905616de7829b0273426d?s=96&d=mm&r=g","contentUrl":"https:\/\/secure.gravatar.com\/avatar\/3f79bc8336367a4e6093eae8757acaaf61d1124834b905616de7829b0273426d?s=96&d=mm&r=g","caption":"Blanca"},"url":"https:\/\/redamlo.com\/index.php\/author\/blanca\/"}]}},"_links":{"self":[{"href":"https:\/\/redamlo.com\/index.php\/wp-json\/wp\/v2\/posts\/900","targetHints":{"allow":["GET"]}}],"collection":[{"href":"https:\/\/redamlo.com\/index.php\/wp-json\/wp\/v2\/posts"}],"about":[{"href":"https:\/\/redamlo.com\/index.php\/wp-json\/wp\/v2\/types\/post"}],"author":[{"embeddable":true,"href":"https:\/\/redamlo.com\/index.php\/wp-json\/wp\/v2\/users\/2"}],"replies":[{"embeddable":true,"href":"https:\/\/redamlo.com\/index.php\/wp-json\/wp\/v2\/comments?post=900"}],"version-history":[{"count":0,"href":"https:\/\/redamlo.com\/index.php\/wp-json\/wp\/v2\/posts\/900\/revisions"}],"wp:featuredmedia":[{"embeddable":true,"href":"https:\/\/redamlo.com\/index.php\/wp-json\/wp\/v2\/media\/902"}],"wp:attachment":[{"href":"https:\/\/redamlo.com\/index.php\/wp-json\/wp\/v2\/media?parent=900"}],"wp:term":[{"taxonomy":"category","embeddable":true,"href":"https:\/\/redamlo.com\/index.php\/wp-json\/wp\/v2\/categories?post=900"},{"taxonomy":"post_tag","embeddable":true,"href":"https:\/\/redamlo.com\/index.php\/wp-json\/wp\/v2\/tags?post=900"}],"curies":[{"name":"wp","href":"https:\/\/api.w.org\/{rel}","templated":true}]}}