{"id":8967,"date":"2026-01-23T20:58:00","date_gmt":"2026-01-23T20:58:00","guid":{"rendered":"https:\/\/redamlo.com\/?p=8967"},"modified":"2026-01-24T21:02:07","modified_gmt":"2026-01-24T21:02:07","slug":"presidenta-claudia-sheinbaum-entrega-pensiones-para-el-bienestar-en-veracruz","status":"publish","type":"post","link":"https:\/\/redamlo.com\/index.php\/2026\/01\/23\/presidenta-claudia-sheinbaum-entrega-pensiones-para-el-bienestar-en-veracruz\/","title":{"rendered":"Presidenta Claudia Sheinbaum entrega Pensiones para el Bienestar en Veracruz"},"content":{"rendered":"\n<h2 class=\"wp-block-heading\">\u201cSon derechos del pueblo de M\u00e9xico, antes eran migajas que daban los gobiernos del pasado\u201d, afirm\u00f3<\/h2>\n\n\n\n<ul class=\"wp-block-list\">\n<li>Record\u00f3 que en 2026 se invertir\u00e1n un bill\u00f3n de pesos en Programas para el Bienestar; en Veracruz se destinan 70 mil mdp<\/li>\n\n\n\n<li>M\u00e1s de 3 millones de mexicanas ya reciben la Pensi\u00f3n Mujeres Bienestar en el pa\u00eds, uno de los nuevos apoyos en el Segundo Piso de la Cuarta Transformaci\u00f3n<\/li>\n\n\n\n<li>La inversi\u00f3n carretera en Veracruz es de 11 mil 103 mdp y se generar\u00e1n 33 mil 309 empleos: SICT<\/li>\n<\/ul>\n\n\n\n<p>La Presidenta Claudia Sheinbaum Pardo encabez\u00f3 la entrega de tarjetas de las Pensiones Mujeres Bienestar y de la Pensi\u00f3n de Adultos Mayores, en La Antigua, Veracruz, entidad en la que 2.5 millones de personas reciben los Programas para el Bienestar a trav\u00e9s de una inversi\u00f3n de 70 mil millones de pesos (mdp), que hoy son derechos establecidos en la Constituci\u00f3n desde la llegada de la Cuarta Transformaci\u00f3n.<\/p>\n\n\n\n<p>\u201cEstamos aqu\u00ed para entregar, como ya vieron, pensiones: Pensi\u00f3n Mujeres Bienestar, Pensi\u00f3n para Adultos Mayores, son dos de los Programas de Bienestar que llegaron con la Cuarta Transformaci\u00f3n de la vida p\u00fablica de M\u00e9xico. Antes no hab\u00eda Programas del Bienestar \u00bfo si? Antes solo llegaban cuando hab\u00eda elecciones, regalaban cosas, promet\u00edan m\u00e1s, nunca cumpl\u00edan. Ah, pero eso s\u00ed, \u2018te doy esto si votas por m\u00ed\u2019 \u00bfverdad?, \u00b4te doy esto si te afilias a un partido pol\u00edtico\u00b4. A ver, yo les pregunto: la Pensi\u00f3n Adulto Mayor \u00bfles preguntan si se van a afiliar a alg\u00fan partido pol\u00edtico? \u00bfo les preguntan si van a votar por alguien? Son derechos del pueblo de M\u00e9xico, antes eran migajas que daban los gobiernos del pasado, ahora son derechos que est\u00e1n establecidos en la Constituci\u00f3n de la Rep\u00fablica\u201d, destac\u00f3.<\/p>\n\n\n\n<p>Para este 2026, detall\u00f3, el Gobierno de M\u00e9xico destinar\u00e1 un bill\u00f3n de pesos para la continuidad de los Programas para el Bienestar, incluidos los tres programas de su administraci\u00f3n: Pensi\u00f3n Mujeres Bienestar, Beca Rita Cetina y Salud Casa por Casa.<\/p>\n\n\n\n<p>Record\u00f3 que con su llegada a la Presidencia llegaron todas las mujeres de M\u00e9xico y adem\u00e1s se reconoce el trabajo que realizan por su familia a trav\u00e9s de la Pensi\u00f3n Mujeres Bienestar. Adem\u00e1s de que su gobierno reivindic\u00f3 el papel de las hero\u00ednas de la patria y hoy hay 18 mujeres en el calendario c\u00edvico para homenajearlas.<\/p>\n\n\n\n<p>La secretaria de Bienestar, Ariadna Montiel Reyes, celebr\u00f3 que a nivel nacional se cumpli\u00f3 la meta de la Pensi\u00f3n Mujeres Bienestar con m\u00e1s de 3 millones de mujeres que reciben este apoyo bimestral de 3 mil 100 pesos.<\/p>\n\n\n\n<p>El secretario de Infraestructura, Comunicaciones y Transportes, Jes\u00fas Antonio Esteva Medina, explic\u00f3 que la inversi\u00f3n carretera en Veracruz es de 11 mil 103 mdp y se generar\u00e1n 33 mil 309 empleos; destac\u00f3 que las obras a realizar se concentrar\u00e1n en cinco acciones: reconstrucci\u00f3n por afectaciones de lluvias, construcci\u00f3n y ampliaci\u00f3n de puentes viales; construcci\u00f3n de autopistas, el MegaBachet\u00f3n y la construcci\u00f3n de Caminos Artesanales.<\/p>\n\n\n\n<p>La gobernadora de Veracruz, Roc\u00edo Nahle Garc\u00eda, calific\u00f3 esta entrega de apoyos como un acto simb\u00f3lico de la Cuarta Transformaci\u00f3n y celebr\u00f3 el compromiso cumplido de la Presidenta con las mujeres de M\u00e9xico, a trav\u00e9s de la Pensi\u00f3n Mujeres Bienestar.<\/p>\n\n\n\n<p>La beneficiaria de la Pensi\u00f3n Mujeres Bienestar, Paula Guti\u00e9rrez Andrade, agradeci\u00f3 este apoyo y afirm\u00f3 que no se trata de un regalo, sino de un reconocimiento y un acto de justicia para todas las mujeres mexicanas.<\/p>\n","protected":false},"excerpt":{"rendered":"<p>\u201cSon derechos del pueblo de M\u00e9xico, antes eran migajas que daban los gobiernos del pasado\u201d,&#8230;<\/p>\n","protected":false},"author":1,"featured_media":8968,"comment_status":"open","ping_status":"open","sticky":false,"template":"","format":"standard","meta":{"footnotes":""},"categories":[27],"tags":[],"class_list":["post-8967","post","type-post","status-publish","format-standard","has-post-thumbnail","hentry","category-presidencia"],"yoast_head":"<!-- This site is optimized with the Yoast SEO plugin v27.5 - https:\/\/yoast.com\/product\/yoast-seo-wordpress\/ -->\n<title>Presidenta Claudia Sheinbaum entrega Pensiones para el Bienestar en Veracruz - NOTICIAS DE LA 4T<\/title>\n<meta name=\"robots\" content=\"noindex, follow, max-snippet:-1, max-image-preview:large, max-video-preview:-1\" \/>\n<meta property=\"og:locale\" content=\"es_MX\" \/>\n<meta property=\"og:type\" content=\"article\" \/>\n<meta property=\"og:title\" content=\"Presidenta Claudia Sheinbaum entrega Pensiones para el Bienestar en Veracruz - NOTICIAS DE LA 4T\" \/>\n<meta property=\"og:description\" content=\"\u201cSon derechos del pueblo de M\u00e9xico, antes eran migajas que daban los gobiernos del pasado\u201d,...\" \/>\n<meta property=\"og:url\" content=\"https:\/\/redamlo.com\/index.php\/2026\/01\/23\/presidenta-claudia-sheinbaum-entrega-pensiones-para-el-bienestar-en-veracruz\/\" \/>\n<meta property=\"og:site_name\" content=\"NOTICIAS DE LA 4T\" \/>\n<meta property=\"article:published_time\" content=\"2026-01-23T20:58:00+00:00\" \/>\n<meta property=\"article:modified_time\" content=\"2026-01-24T21:02:07+00:00\" \/>\n<meta property=\"og:image\" content=\"https:\/\/redamlo.com\/wp-content\/uploads\/2026\/01\/sheinbaum-23-ene-26.png\" \/>\n\t<meta property=\"og:image:width\" content=\"964\" \/>\n\t<meta property=\"og:image:height\" content=\"558\" \/>\n\t<meta property=\"og:image:type\" content=\"image\/png\" \/>\n<meta name=\"author\" content=\"admin\" \/>\n<meta name=\"twitter:card\" content=\"summary_large_image\" \/>\n<meta name=\"twitter:label1\" content=\"Escrito por\" \/>\n\t<meta name=\"twitter:data1\" content=\"admin\" \/>\n\t<meta name=\"twitter:label2\" content=\"Tiempo de lectura\" \/>\n\t<meta name=\"twitter:data2\" content=\"3 minutos\" \/>\n<script type=\"application\/ld+json\" class=\"yoast-schema-graph\">{\"@context\":\"https:\\\/\\\/schema.org\",\"@graph\":[{\"@type\":\"Article\",\"@id\":\"https:\\\/\\\/redamlo.com\\\/index.php\\\/2026\\\/01\\\/23\\\/presidenta-claudia-sheinbaum-entrega-pensiones-para-el-bienestar-en-veracruz\\\/#article\",\"isPartOf\":{\"@id\":\"https:\\\/\\\/redamlo.com\\\/index.php\\\/2026\\\/01\\\/23\\\/presidenta-claudia-sheinbaum-entrega-pensiones-para-el-bienestar-en-veracruz\\\/\"},\"author\":{\"name\":\"admin\",\"@id\":\"https:\\\/\\\/redamlo.com\\\/#\\\/schema\\\/person\\\/197a0a670d21b1f4f1483ddda1b64613\"},\"headline\":\"Presidenta Claudia Sheinbaum entrega Pensiones para el Bienestar en Veracruz\",\"datePublished\":\"2026-01-23T20:58:00+00:00\",\"dateModified\":\"2026-01-24T21:02:07+00:00\",\"mainEntityOfPage\":{\"@id\":\"https:\\\/\\\/redamlo.com\\\/index.php\\\/2026\\\/01\\\/23\\\/presidenta-claudia-sheinbaum-entrega-pensiones-para-el-bienestar-en-veracruz\\\/\"},\"wordCount\":616,\"commentCount\":0,\"publisher\":{\"@id\":\"https:\\\/\\\/redamlo.com\\\/#organization\"},\"image\":{\"@id\":\"https:\\\/\\\/redamlo.com\\\/index.php\\\/2026\\\/01\\\/23\\\/presidenta-claudia-sheinbaum-entrega-pensiones-para-el-bienestar-en-veracruz\\\/#primaryimage\"},\"thumbnailUrl\":\"https:\\\/\\\/redamlo.com\\\/wp-content\\\/uploads\\\/2026\\\/01\\\/sheinbaum-23-ene-26.png\",\"articleSection\":[\"Presidencia\"],\"inLanguage\":\"es\",\"potentialAction\":[{\"@type\":\"CommentAction\",\"name\":\"Comment\",\"target\":[\"https:\\\/\\\/redamlo.com\\\/index.php\\\/2026\\\/01\\\/23\\\/presidenta-claudia-sheinbaum-entrega-pensiones-para-el-bienestar-en-veracruz\\\/#respond\"]}]},{\"@type\":\"WebPage\",\"@id\":\"https:\\\/\\\/redamlo.com\\\/index.php\\\/2026\\\/01\\\/23\\\/presidenta-claudia-sheinbaum-entrega-pensiones-para-el-bienestar-en-veracruz\\\/\",\"url\":\"https:\\\/\\\/redamlo.com\\\/index.php\\\/2026\\\/01\\\/23\\\/presidenta-claudia-sheinbaum-entrega-pensiones-para-el-bienestar-en-veracruz\\\/\",\"name\":\"Presidenta Claudia Sheinbaum entrega Pensiones para el Bienestar en Veracruz - NOTICIAS DE LA 4T\",\"isPartOf\":{\"@id\":\"https:\\\/\\\/redamlo.com\\\/#website\"},\"primaryImageOfPage\":{\"@id\":\"https:\\\/\\\/redamlo.com\\\/index.php\\\/2026\\\/01\\\/23\\\/presidenta-claudia-sheinbaum-entrega-pensiones-para-el-bienestar-en-veracruz\\\/#primaryimage\"},\"image\":{\"@id\":\"https:\\\/\\\/redamlo.com\\\/index.php\\\/2026\\\/01\\\/23\\\/presidenta-claudia-sheinbaum-entrega-pensiones-para-el-bienestar-en-veracruz\\\/#primaryimage\"},\"thumbnailUrl\":\"https:\\\/\\\/redamlo.com\\\/wp-content\\\/uploads\\\/2026\\\/01\\\/sheinbaum-23-ene-26.png\",\"datePublished\":\"2026-01-23T20:58:00+00:00\",\"dateModified\":\"2026-01-24T21:02:07+00:00\",\"breadcrumb\":{\"@id\":\"https:\\\/\\\/redamlo.com\\\/index.php\\\/2026\\\/01\\\/23\\\/presidenta-claudia-sheinbaum-entrega-pensiones-para-el-bienestar-en-veracruz\\\/#breadcrumb\"},\"inLanguage\":\"es\",\"potentialAction\":[{\"@type\":\"ReadAction\",\"target\":[\"https:\\\/\\\/redamlo.com\\\/index.php\\\/2026\\\/01\\\/23\\\/presidenta-claudia-sheinbaum-entrega-pensiones-para-el-bienestar-en-veracruz\\\/\"]}]},{\"@type\":\"ImageObject\",\"inLanguage\":\"es\",\"@id\":\"https:\\\/\\\/redamlo.com\\\/index.php\\\/2026\\\/01\\\/23\\\/presidenta-claudia-sheinbaum-entrega-pensiones-para-el-bienestar-en-veracruz\\\/#primaryimage\",\"url\":\"https:\\\/\\\/redamlo.com\\\/wp-content\\\/uploads\\\/2026\\\/01\\\/sheinbaum-23-ene-26.png\",\"contentUrl\":\"https:\\\/\\\/redamlo.com\\\/wp-content\\\/uploads\\\/2026\\\/01\\\/sheinbaum-23-ene-26.png\",\"width\":964,\"height\":558},{\"@type\":\"BreadcrumbList\",\"@id\":\"https:\\\/\\\/redamlo.com\\\/index.php\\\/2026\\\/01\\\/23\\\/presidenta-claudia-sheinbaum-entrega-pensiones-para-el-bienestar-en-veracruz\\\/#breadcrumb\",\"itemListElement\":[{\"@type\":\"ListItem\",\"position\":1,\"name\":\"Inicio\",\"item\":\"https:\\\/\\\/redamlo.com\\\/\"},{\"@type\":\"ListItem\",\"position\":2,\"name\":\"Presidenta Claudia Sheinbaum entrega Pensiones para el Bienestar en Veracruz\"}]},{\"@type\":\"WebSite\",\"@id\":\"https:\\\/\\\/redamlo.com\\\/#website\",\"url\":\"https:\\\/\\\/redamlo.com\\\/\",\"name\":\"NOTICIAS DE LA 4T\",\"description\":\"\",\"publisher\":{\"@id\":\"https:\\\/\\\/redamlo.com\\\/#organization\"},\"potentialAction\":[{\"@type\":\"SearchAction\",\"target\":{\"@type\":\"EntryPoint\",\"urlTemplate\":\"https:\\\/\\\/redamlo.com\\\/?s={search_term_string}\"},\"query-input\":{\"@type\":\"PropertyValueSpecification\",\"valueRequired\":true,\"valueName\":\"search_term_string\"}}],\"inLanguage\":\"es\"},{\"@type\":\"Organization\",\"@id\":\"https:\\\/\\\/redamlo.com\\\/#organization\",\"name\":\"NOTICIAS DE LA 4T\",\"url\":\"https:\\\/\\\/redamlo.com\\\/\",\"logo\":{\"@type\":\"ImageObject\",\"inLanguage\":\"es\",\"@id\":\"https:\\\/\\\/redamlo.com\\\/#\\\/schema\\\/logo\\\/image\\\/\",\"url\":\"https:\\\/\\\/redamlo.com\\\/wp-content\\\/uploads\\\/2024\\\/08\\\/cropped-RED-AMLO-logo-50.png\",\"contentUrl\":\"https:\\\/\\\/redamlo.com\\\/wp-content\\\/uploads\\\/2024\\\/08\\\/cropped-RED-AMLO-logo-50.png\",\"width\":256,\"height\":256,\"caption\":\"NOTICIAS DE LA 4T\"},\"image\":{\"@id\":\"https:\\\/\\\/redamlo.com\\\/#\\\/schema\\\/logo\\\/image\\\/\"}},{\"@type\":\"Person\",\"@id\":\"https:\\\/\\\/redamlo.com\\\/#\\\/schema\\\/person\\\/197a0a670d21b1f4f1483ddda1b64613\",\"name\":\"admin\",\"image\":{\"@type\":\"ImageObject\",\"inLanguage\":\"es\",\"@id\":\"https:\\\/\\\/secure.gravatar.com\\\/avatar\\\/293dccd927043f2e641da6685c2f84009782eb9ee0054daceada4e261ded849a?s=96&d=mm&r=g\",\"url\":\"https:\\\/\\\/secure.gravatar.com\\\/avatar\\\/293dccd927043f2e641da6685c2f84009782eb9ee0054daceada4e261ded849a?s=96&d=mm&r=g\",\"contentUrl\":\"https:\\\/\\\/secure.gravatar.com\\\/avatar\\\/293dccd927043f2e641da6685c2f84009782eb9ee0054daceada4e261ded849a?s=96&d=mm&r=g\",\"caption\":\"admin\"},\"sameAs\":[\"https:\\\/\\\/redamlo.com\"],\"url\":\"https:\\\/\\\/redamlo.com\\\/index.php\\\/author\\\/stell\\\/\"}]}<\/script>\n<!-- \/ Yoast SEO plugin. -->","yoast_head_json":{"title":"Presidenta Claudia Sheinbaum entrega Pensiones para el Bienestar en Veracruz - NOTICIAS DE LA 4T","robots":{"index":"noindex","follow":"follow","max-snippet":"max-snippet:-1","max-image-preview":"max-image-preview:large","max-video-preview":"max-video-preview:-1"},"og_locale":"es_MX","og_type":"article","og_title":"Presidenta Claudia Sheinbaum entrega Pensiones para el Bienestar en Veracruz - NOTICIAS DE LA 4T","og_description":"\u201cSon derechos del pueblo de M\u00e9xico, antes eran migajas que daban los gobiernos del pasado\u201d,...","og_url":"https:\/\/redamlo.com\/index.php\/2026\/01\/23\/presidenta-claudia-sheinbaum-entrega-pensiones-para-el-bienestar-en-veracruz\/","og_site_name":"NOTICIAS DE LA 4T","article_published_time":"2026-01-23T20:58:00+00:00","article_modified_time":"2026-01-24T21:02:07+00:00","og_image":[{"width":964,"height":558,"url":"https:\/\/redamlo.com\/wp-content\/uploads\/2026\/01\/sheinbaum-23-ene-26.png","type":"image\/png"}],"author":"admin","twitter_card":"summary_large_image","twitter_misc":{"Escrito por":"admin","Tiempo de lectura":"3 minutos"},"schema":{"@context":"https:\/\/schema.org","@graph":[{"@type":"Article","@id":"https:\/\/redamlo.com\/index.php\/2026\/01\/23\/presidenta-claudia-sheinbaum-entrega-pensiones-para-el-bienestar-en-veracruz\/#article","isPartOf":{"@id":"https:\/\/redamlo.com\/index.php\/2026\/01\/23\/presidenta-claudia-sheinbaum-entrega-pensiones-para-el-bienestar-en-veracruz\/"},"author":{"name":"admin","@id":"https:\/\/redamlo.com\/#\/schema\/person\/197a0a670d21b1f4f1483ddda1b64613"},"headline":"Presidenta Claudia Sheinbaum entrega Pensiones para el Bienestar en Veracruz","datePublished":"2026-01-23T20:58:00+00:00","dateModified":"2026-01-24T21:02:07+00:00","mainEntityOfPage":{"@id":"https:\/\/redamlo.com\/index.php\/2026\/01\/23\/presidenta-claudia-sheinbaum-entrega-pensiones-para-el-bienestar-en-veracruz\/"},"wordCount":616,"commentCount":0,"publisher":{"@id":"https:\/\/redamlo.com\/#organization"},"image":{"@id":"https:\/\/redamlo.com\/index.php\/2026\/01\/23\/presidenta-claudia-sheinbaum-entrega-pensiones-para-el-bienestar-en-veracruz\/#primaryimage"},"thumbnailUrl":"https:\/\/redamlo.com\/wp-content\/uploads\/2026\/01\/sheinbaum-23-ene-26.png","articleSection":["Presidencia"],"inLanguage":"es","potentialAction":[{"@type":"CommentAction","name":"Comment","target":["https:\/\/redamlo.com\/index.php\/2026\/01\/23\/presidenta-claudia-sheinbaum-entrega-pensiones-para-el-bienestar-en-veracruz\/#respond"]}]},{"@type":"WebPage","@id":"https:\/\/redamlo.com\/index.php\/2026\/01\/23\/presidenta-claudia-sheinbaum-entrega-pensiones-para-el-bienestar-en-veracruz\/","url":"https:\/\/redamlo.com\/index.php\/2026\/01\/23\/presidenta-claudia-sheinbaum-entrega-pensiones-para-el-bienestar-en-veracruz\/","name":"Presidenta Claudia Sheinbaum entrega Pensiones para el Bienestar en Veracruz - NOTICIAS DE LA 4T","isPartOf":{"@id":"https:\/\/redamlo.com\/#website"},"primaryImageOfPage":{"@id":"https:\/\/redamlo.com\/index.php\/2026\/01\/23\/presidenta-claudia-sheinbaum-entrega-pensiones-para-el-bienestar-en-veracruz\/#primaryimage"},"image":{"@id":"https:\/\/redamlo.com\/index.php\/2026\/01\/23\/presidenta-claudia-sheinbaum-entrega-pensiones-para-el-bienestar-en-veracruz\/#primaryimage"},"thumbnailUrl":"https:\/\/redamlo.com\/wp-content\/uploads\/2026\/01\/sheinbaum-23-ene-26.png","datePublished":"2026-01-23T20:58:00+00:00","dateModified":"2026-01-24T21:02:07+00:00","breadcrumb":{"@id":"https:\/\/redamlo.com\/index.php\/2026\/01\/23\/presidenta-claudia-sheinbaum-entrega-pensiones-para-el-bienestar-en-veracruz\/#breadcrumb"},"inLanguage":"es","potentialAction":[{"@type":"ReadAction","target":["https:\/\/redamlo.com\/index.php\/2026\/01\/23\/presidenta-claudia-sheinbaum-entrega-pensiones-para-el-bienestar-en-veracruz\/"]}]},{"@type":"ImageObject","inLanguage":"es","@id":"https:\/\/redamlo.com\/index.php\/2026\/01\/23\/presidenta-claudia-sheinbaum-entrega-pensiones-para-el-bienestar-en-veracruz\/#primaryimage","url":"https:\/\/redamlo.com\/wp-content\/uploads\/2026\/01\/sheinbaum-23-ene-26.png","contentUrl":"https:\/\/redamlo.com\/wp-content\/uploads\/2026\/01\/sheinbaum-23-ene-26.png","width":964,"height":558},{"@type":"BreadcrumbList","@id":"https:\/\/redamlo.com\/index.php\/2026\/01\/23\/presidenta-claudia-sheinbaum-entrega-pensiones-para-el-bienestar-en-veracruz\/#breadcrumb","itemListElement":[{"@type":"ListItem","position":1,"name":"Inicio","item":"https:\/\/redamlo.com\/"},{"@type":"ListItem","position":2,"name":"Presidenta Claudia Sheinbaum entrega Pensiones para el Bienestar en Veracruz"}]},{"@type":"WebSite","@id":"https:\/\/redamlo.com\/#website","url":"https:\/\/redamlo.com\/","name":"NOTICIAS DE LA 4T","description":"","publisher":{"@id":"https:\/\/redamlo.com\/#organization"},"potentialAction":[{"@type":"SearchAction","target":{"@type":"EntryPoint","urlTemplate":"https:\/\/redamlo.com\/?s={search_term_string}"},"query-input":{"@type":"PropertyValueSpecification","valueRequired":true,"valueName":"search_term_string"}}],"inLanguage":"es"},{"@type":"Organization","@id":"https:\/\/redamlo.com\/#organization","name":"NOTICIAS DE LA 4T","url":"https:\/\/redamlo.com\/","logo":{"@type":"ImageObject","inLanguage":"es","@id":"https:\/\/redamlo.com\/#\/schema\/logo\/image\/","url":"https:\/\/redamlo.com\/wp-content\/uploads\/2024\/08\/cropped-RED-AMLO-logo-50.png","contentUrl":"https:\/\/redamlo.com\/wp-content\/uploads\/2024\/08\/cropped-RED-AMLO-logo-50.png","width":256,"height":256,"caption":"NOTICIAS DE LA 4T"},"image":{"@id":"https:\/\/redamlo.com\/#\/schema\/logo\/image\/"}},{"@type":"Person","@id":"https:\/\/redamlo.com\/#\/schema\/person\/197a0a670d21b1f4f1483ddda1b64613","name":"admin","image":{"@type":"ImageObject","inLanguage":"es","@id":"https:\/\/secure.gravatar.com\/avatar\/293dccd927043f2e641da6685c2f84009782eb9ee0054daceada4e261ded849a?s=96&d=mm&r=g","url":"https:\/\/secure.gravatar.com\/avatar\/293dccd927043f2e641da6685c2f84009782eb9ee0054daceada4e261ded849a?s=96&d=mm&r=g","contentUrl":"https:\/\/secure.gravatar.com\/avatar\/293dccd927043f2e641da6685c2f84009782eb9ee0054daceada4e261ded849a?s=96&d=mm&r=g","caption":"admin"},"sameAs":["https:\/\/redamlo.com"],"url":"https:\/\/redamlo.com\/index.php\/author\/stell\/"}]}},"_links":{"self":[{"href":"https:\/\/redamlo.com\/index.php\/wp-json\/wp\/v2\/posts\/8967","targetHints":{"allow":["GET"]}}],"collection":[{"href":"https:\/\/redamlo.com\/index.php\/wp-json\/wp\/v2\/posts"}],"about":[{"href":"https:\/\/redamlo.com\/index.php\/wp-json\/wp\/v2\/types\/post"}],"author":[{"embeddable":true,"href":"https:\/\/redamlo.com\/index.php\/wp-json\/wp\/v2\/users\/1"}],"replies":[{"embeddable":true,"href":"https:\/\/redamlo.com\/index.php\/wp-json\/wp\/v2\/comments?post=8967"}],"version-history":[{"count":1,"href":"https:\/\/redamlo.com\/index.php\/wp-json\/wp\/v2\/posts\/8967\/revisions"}],"predecessor-version":[{"id":8969,"href":"https:\/\/redamlo.com\/index.php\/wp-json\/wp\/v2\/posts\/8967\/revisions\/8969"}],"wp:featuredmedia":[{"embeddable":true,"href":"https:\/\/redamlo.com\/index.php\/wp-json\/wp\/v2\/media\/8968"}],"wp:attachment":[{"href":"https:\/\/redamlo.com\/index.php\/wp-json\/wp\/v2\/media?parent=8967"}],"wp:term":[{"taxonomy":"category","embeddable":true,"href":"https:\/\/redamlo.com\/index.php\/wp-json\/wp\/v2\/categories?post=8967"},{"taxonomy":"post_tag","embeddable":true,"href":"https:\/\/redamlo.com\/index.php\/wp-json\/wp\/v2\/tags?post=8967"}],"curies":[{"name":"wp","href":"https:\/\/api.w.org\/{rel}","templated":true}]}}