{"id":8952,"date":"2026-01-24T20:23:16","date_gmt":"2026-01-24T20:23:16","guid":{"rendered":"https:\/\/redamlo.com\/?p=8952"},"modified":"2026-01-24T20:23:17","modified_gmt":"2026-01-24T20:23:17","slug":"nueva-jornada-de-protestas-en-minneapolis-tras-muerte-de-un-hombre-a-manos-de-agentes-federales","status":"publish","type":"post","link":"https:\/\/redamlo.com\/index.php\/2026\/01\/24\/nueva-jornada-de-protestas-en-minneapolis-tras-muerte-de-un-hombre-a-manos-de-agentes-federales\/","title":{"rendered":"Nueva jornada de protestas en Minneapolis tras muerte de un hombre a manos de agentes federales"},"content":{"rendered":"\n<p>Minneapolis, Minnesota \u2014 Una vez m\u00e1s, las calles de Minneapolis fueron escenario de protestas y confrontaciones este s\u00e1bado tras la muerte de un hombre de 37 a\u00f1os durante un operativo liderado por agentes federales de inmigraci\u00f3n. La muerte de la v\u00edctima, ocurrida en medio de un fuerte despliegue de fuerzas federales, encendi\u00f3 la indignaci\u00f3n de residentes y activistas, que volvieron a salir a las calles para manifestarse contra el uso de la fuerza.<\/p>\n\n\n\n<p>Seg\u00fan informes oficiales, la persona fallecida se encontraba en el lugar de la intervenci\u00f3n cuando, en un momento de alta tensi\u00f3n, agentes de la Patrulla Fronteriza abrieron fuego tras un altercado. Las declaraciones de autoridades federales sostienen que el hombre portaba un arma, aunque testigos y dirigentes comunitarios cuestionan la narrativa y exigen mayor claridad sobre los hechos.<\/p>\n\n\n\n<p>Tras los disparos, varios centenares de manifestantes se congregaron en el sitio, bloqueando avenidas y coreando consignas en contra de las pol\u00edticas migratorias. La protesta deriv\u00f3 en enfrentamientos con los agentes, que utilizaron gases lacrim\u00f3genos para contener a la multitud.<\/p>\n\n\n\n<p>El suceso reactiva el debate pol\u00edtico en Minnesota y a nivel nacional, donde autoridades locales dem\u00f3cratas han condenado la presencia y las acciones de los agentes federales, mientras las fuerzas del gobierno defienden sus operativos como parte de una estrategia m\u00e1s amplia de control migratorio que ha sido objeto de cr\u00edticas por parte de defensores de derechos humanos y organizaciones civiles.<\/p>\n","protected":false},"excerpt":{"rendered":"<p>Minneapolis, Minnesota \u2014 Una vez m\u00e1s, las calles de Minneapolis fueron escenario de protestas y&#8230;<\/p>\n","protected":false},"author":1,"featured_media":8953,"comment_status":"open","ping_status":"open","sticky":false,"template":"","format":"standard","meta":{"footnotes":""},"categories":[13],"tags":[],"class_list":["post-8952","post","type-post","status-publish","format-standard","has-post-thumbnail","hentry","category-internacionales"],"yoast_head":"<!-- This site is optimized with the Yoast SEO plugin v27.5 - https:\/\/yoast.com\/product\/yoast-seo-wordpress\/ -->\n<title>Nueva jornada de protestas en Minneapolis tras muerte de un hombre a manos de agentes federales - NOTICIAS DE LA 4T<\/title>\n<meta name=\"robots\" content=\"noindex, follow, max-snippet:-1, max-image-preview:large, max-video-preview:-1\" \/>\n<meta property=\"og:locale\" content=\"es_MX\" \/>\n<meta property=\"og:type\" content=\"article\" \/>\n<meta property=\"og:title\" content=\"Nueva jornada de protestas en Minneapolis tras muerte de un hombre a manos de agentes federales - NOTICIAS DE LA 4T\" \/>\n<meta property=\"og:description\" content=\"Minneapolis, Minnesota \u2014 Una vez m\u00e1s, las calles de Minneapolis fueron escenario de protestas y...\" \/>\n<meta property=\"og:url\" content=\"https:\/\/redamlo.com\/index.php\/2026\/01\/24\/nueva-jornada-de-protestas-en-minneapolis-tras-muerte-de-un-hombre-a-manos-de-agentes-federales\/\" \/>\n<meta property=\"og:site_name\" content=\"NOTICIAS DE LA 4T\" \/>\n<meta property=\"article:published_time\" content=\"2026-01-24T20:23:16+00:00\" \/>\n<meta property=\"article:modified_time\" content=\"2026-01-24T20:23:17+00:00\" \/>\n<meta property=\"og:image\" content=\"https:\/\/redamlo.com\/wp-content\/uploads\/2026\/01\/protestas-en-mineapolis.png\" \/>\n\t<meta property=\"og:image:width\" content=\"1087\" \/>\n\t<meta property=\"og:image:height\" content=\"698\" \/>\n\t<meta property=\"og:image:type\" content=\"image\/png\" \/>\n<meta name=\"author\" content=\"admin\" \/>\n<meta name=\"twitter:card\" content=\"summary_large_image\" \/>\n<meta name=\"twitter:label1\" content=\"Escrito por\" \/>\n\t<meta name=\"twitter:data1\" content=\"admin\" \/>\n\t<meta name=\"twitter:label2\" content=\"Tiempo de lectura\" \/>\n\t<meta name=\"twitter:data2\" content=\"1 minuto\" \/>\n<script type=\"application\/ld+json\" class=\"yoast-schema-graph\">{\"@context\":\"https:\\\/\\\/schema.org\",\"@graph\":[{\"@type\":\"Article\",\"@id\":\"https:\\\/\\\/redamlo.com\\\/index.php\\\/2026\\\/01\\\/24\\\/nueva-jornada-de-protestas-en-minneapolis-tras-muerte-de-un-hombre-a-manos-de-agentes-federales\\\/#article\",\"isPartOf\":{\"@id\":\"https:\\\/\\\/redamlo.com\\\/index.php\\\/2026\\\/01\\\/24\\\/nueva-jornada-de-protestas-en-minneapolis-tras-muerte-de-un-hombre-a-manos-de-agentes-federales\\\/\"},\"author\":{\"name\":\"admin\",\"@id\":\"https:\\\/\\\/redamlo.com\\\/#\\\/schema\\\/person\\\/197a0a670d21b1f4f1483ddda1b64613\"},\"headline\":\"Nueva jornada de protestas en Minneapolis tras muerte de un hombre a manos de agentes federales\",\"datePublished\":\"2026-01-24T20:23:16+00:00\",\"dateModified\":\"2026-01-24T20:23:17+00:00\",\"mainEntityOfPage\":{\"@id\":\"https:\\\/\\\/redamlo.com\\\/index.php\\\/2026\\\/01\\\/24\\\/nueva-jornada-de-protestas-en-minneapolis-tras-muerte-de-un-hombre-a-manos-de-agentes-federales\\\/\"},\"wordCount\":261,\"commentCount\":0,\"publisher\":{\"@id\":\"https:\\\/\\\/redamlo.com\\\/#organization\"},\"image\":{\"@id\":\"https:\\\/\\\/redamlo.com\\\/index.php\\\/2026\\\/01\\\/24\\\/nueva-jornada-de-protestas-en-minneapolis-tras-muerte-de-un-hombre-a-manos-de-agentes-federales\\\/#primaryimage\"},\"thumbnailUrl\":\"https:\\\/\\\/redamlo.com\\\/wp-content\\\/uploads\\\/2026\\\/01\\\/protestas-en-mineapolis.png\",\"articleSection\":[\"Internacionales\"],\"inLanguage\":\"es\",\"potentialAction\":[{\"@type\":\"CommentAction\",\"name\":\"Comment\",\"target\":[\"https:\\\/\\\/redamlo.com\\\/index.php\\\/2026\\\/01\\\/24\\\/nueva-jornada-de-protestas-en-minneapolis-tras-muerte-de-un-hombre-a-manos-de-agentes-federales\\\/#respond\"]}]},{\"@type\":\"WebPage\",\"@id\":\"https:\\\/\\\/redamlo.com\\\/index.php\\\/2026\\\/01\\\/24\\\/nueva-jornada-de-protestas-en-minneapolis-tras-muerte-de-un-hombre-a-manos-de-agentes-federales\\\/\",\"url\":\"https:\\\/\\\/redamlo.com\\\/index.php\\\/2026\\\/01\\\/24\\\/nueva-jornada-de-protestas-en-minneapolis-tras-muerte-de-un-hombre-a-manos-de-agentes-federales\\\/\",\"name\":\"Nueva jornada de protestas en Minneapolis tras muerte de un hombre a manos de agentes federales - NOTICIAS DE LA 4T\",\"isPartOf\":{\"@id\":\"https:\\\/\\\/redamlo.com\\\/#website\"},\"primaryImageOfPage\":{\"@id\":\"https:\\\/\\\/redamlo.com\\\/index.php\\\/2026\\\/01\\\/24\\\/nueva-jornada-de-protestas-en-minneapolis-tras-muerte-de-un-hombre-a-manos-de-agentes-federales\\\/#primaryimage\"},\"image\":{\"@id\":\"https:\\\/\\\/redamlo.com\\\/index.php\\\/2026\\\/01\\\/24\\\/nueva-jornada-de-protestas-en-minneapolis-tras-muerte-de-un-hombre-a-manos-de-agentes-federales\\\/#primaryimage\"},\"thumbnailUrl\":\"https:\\\/\\\/redamlo.com\\\/wp-content\\\/uploads\\\/2026\\\/01\\\/protestas-en-mineapolis.png\",\"datePublished\":\"2026-01-24T20:23:16+00:00\",\"dateModified\":\"2026-01-24T20:23:17+00:00\",\"breadcrumb\":{\"@id\":\"https:\\\/\\\/redamlo.com\\\/index.php\\\/2026\\\/01\\\/24\\\/nueva-jornada-de-protestas-en-minneapolis-tras-muerte-de-un-hombre-a-manos-de-agentes-federales\\\/#breadcrumb\"},\"inLanguage\":\"es\",\"potentialAction\":[{\"@type\":\"ReadAction\",\"target\":[\"https:\\\/\\\/redamlo.com\\\/index.php\\\/2026\\\/01\\\/24\\\/nueva-jornada-de-protestas-en-minneapolis-tras-muerte-de-un-hombre-a-manos-de-agentes-federales\\\/\"]}]},{\"@type\":\"ImageObject\",\"inLanguage\":\"es\",\"@id\":\"https:\\\/\\\/redamlo.com\\\/index.php\\\/2026\\\/01\\\/24\\\/nueva-jornada-de-protestas-en-minneapolis-tras-muerte-de-un-hombre-a-manos-de-agentes-federales\\\/#primaryimage\",\"url\":\"https:\\\/\\\/redamlo.com\\\/wp-content\\\/uploads\\\/2026\\\/01\\\/protestas-en-mineapolis.png\",\"contentUrl\":\"https:\\\/\\\/redamlo.com\\\/wp-content\\\/uploads\\\/2026\\\/01\\\/protestas-en-mineapolis.png\",\"width\":1087,\"height\":698,\"caption\":\"Cr\u00e9ditos: @BRANDON BELL\"},{\"@type\":\"BreadcrumbList\",\"@id\":\"https:\\\/\\\/redamlo.com\\\/index.php\\\/2026\\\/01\\\/24\\\/nueva-jornada-de-protestas-en-minneapolis-tras-muerte-de-un-hombre-a-manos-de-agentes-federales\\\/#breadcrumb\",\"itemListElement\":[{\"@type\":\"ListItem\",\"position\":1,\"name\":\"Inicio\",\"item\":\"https:\\\/\\\/redamlo.com\\\/\"},{\"@type\":\"ListItem\",\"position\":2,\"name\":\"Nueva jornada de protestas en Minneapolis tras muerte de un hombre a manos de agentes federales\"}]},{\"@type\":\"WebSite\",\"@id\":\"https:\\\/\\\/redamlo.com\\\/#website\",\"url\":\"https:\\\/\\\/redamlo.com\\\/\",\"name\":\"NOTICIAS DE LA 4T\",\"description\":\"\",\"publisher\":{\"@id\":\"https:\\\/\\\/redamlo.com\\\/#organization\"},\"potentialAction\":[{\"@type\":\"SearchAction\",\"target\":{\"@type\":\"EntryPoint\",\"urlTemplate\":\"https:\\\/\\\/redamlo.com\\\/?s={search_term_string}\"},\"query-input\":{\"@type\":\"PropertyValueSpecification\",\"valueRequired\":true,\"valueName\":\"search_term_string\"}}],\"inLanguage\":\"es\"},{\"@type\":\"Organization\",\"@id\":\"https:\\\/\\\/redamlo.com\\\/#organization\",\"name\":\"NOTICIAS DE LA 4T\",\"url\":\"https:\\\/\\\/redamlo.com\\\/\",\"logo\":{\"@type\":\"ImageObject\",\"inLanguage\":\"es\",\"@id\":\"https:\\\/\\\/redamlo.com\\\/#\\\/schema\\\/logo\\\/image\\\/\",\"url\":\"https:\\\/\\\/redamlo.com\\\/wp-content\\\/uploads\\\/2024\\\/08\\\/cropped-RED-AMLO-logo-50.png\",\"contentUrl\":\"https:\\\/\\\/redamlo.com\\\/wp-content\\\/uploads\\\/2024\\\/08\\\/cropped-RED-AMLO-logo-50.png\",\"width\":256,\"height\":256,\"caption\":\"NOTICIAS DE LA 4T\"},\"image\":{\"@id\":\"https:\\\/\\\/redamlo.com\\\/#\\\/schema\\\/logo\\\/image\\\/\"}},{\"@type\":\"Person\",\"@id\":\"https:\\\/\\\/redamlo.com\\\/#\\\/schema\\\/person\\\/197a0a670d21b1f4f1483ddda1b64613\",\"name\":\"admin\",\"image\":{\"@type\":\"ImageObject\",\"inLanguage\":\"es\",\"@id\":\"https:\\\/\\\/secure.gravatar.com\\\/avatar\\\/293dccd927043f2e641da6685c2f84009782eb9ee0054daceada4e261ded849a?s=96&d=mm&r=g\",\"url\":\"https:\\\/\\\/secure.gravatar.com\\\/avatar\\\/293dccd927043f2e641da6685c2f84009782eb9ee0054daceada4e261ded849a?s=96&d=mm&r=g\",\"contentUrl\":\"https:\\\/\\\/secure.gravatar.com\\\/avatar\\\/293dccd927043f2e641da6685c2f84009782eb9ee0054daceada4e261ded849a?s=96&d=mm&r=g\",\"caption\":\"admin\"},\"sameAs\":[\"https:\\\/\\\/redamlo.com\"],\"url\":\"https:\\\/\\\/redamlo.com\\\/index.php\\\/author\\\/stell\\\/\"}]}<\/script>\n<!-- \/ Yoast SEO plugin. -->","yoast_head_json":{"title":"Nueva jornada de protestas en Minneapolis tras muerte de un hombre a manos de agentes federales - NOTICIAS DE LA 4T","robots":{"index":"noindex","follow":"follow","max-snippet":"max-snippet:-1","max-image-preview":"max-image-preview:large","max-video-preview":"max-video-preview:-1"},"og_locale":"es_MX","og_type":"article","og_title":"Nueva jornada de protestas en Minneapolis tras muerte de un hombre a manos de agentes federales - NOTICIAS DE LA 4T","og_description":"Minneapolis, Minnesota \u2014 Una vez m\u00e1s, las calles de Minneapolis fueron escenario de protestas y...","og_url":"https:\/\/redamlo.com\/index.php\/2026\/01\/24\/nueva-jornada-de-protestas-en-minneapolis-tras-muerte-de-un-hombre-a-manos-de-agentes-federales\/","og_site_name":"NOTICIAS DE LA 4T","article_published_time":"2026-01-24T20:23:16+00:00","article_modified_time":"2026-01-24T20:23:17+00:00","og_image":[{"width":1087,"height":698,"url":"https:\/\/redamlo.com\/wp-content\/uploads\/2026\/01\/protestas-en-mineapolis.png","type":"image\/png"}],"author":"admin","twitter_card":"summary_large_image","twitter_misc":{"Escrito por":"admin","Tiempo de lectura":"1 minuto"},"schema":{"@context":"https:\/\/schema.org","@graph":[{"@type":"Article","@id":"https:\/\/redamlo.com\/index.php\/2026\/01\/24\/nueva-jornada-de-protestas-en-minneapolis-tras-muerte-de-un-hombre-a-manos-de-agentes-federales\/#article","isPartOf":{"@id":"https:\/\/redamlo.com\/index.php\/2026\/01\/24\/nueva-jornada-de-protestas-en-minneapolis-tras-muerte-de-un-hombre-a-manos-de-agentes-federales\/"},"author":{"name":"admin","@id":"https:\/\/redamlo.com\/#\/schema\/person\/197a0a670d21b1f4f1483ddda1b64613"},"headline":"Nueva jornada de protestas en Minneapolis tras muerte de un hombre a manos de agentes federales","datePublished":"2026-01-24T20:23:16+00:00","dateModified":"2026-01-24T20:23:17+00:00","mainEntityOfPage":{"@id":"https:\/\/redamlo.com\/index.php\/2026\/01\/24\/nueva-jornada-de-protestas-en-minneapolis-tras-muerte-de-un-hombre-a-manos-de-agentes-federales\/"},"wordCount":261,"commentCount":0,"publisher":{"@id":"https:\/\/redamlo.com\/#organization"},"image":{"@id":"https:\/\/redamlo.com\/index.php\/2026\/01\/24\/nueva-jornada-de-protestas-en-minneapolis-tras-muerte-de-un-hombre-a-manos-de-agentes-federales\/#primaryimage"},"thumbnailUrl":"https:\/\/redamlo.com\/wp-content\/uploads\/2026\/01\/protestas-en-mineapolis.png","articleSection":["Internacionales"],"inLanguage":"es","potentialAction":[{"@type":"CommentAction","name":"Comment","target":["https:\/\/redamlo.com\/index.php\/2026\/01\/24\/nueva-jornada-de-protestas-en-minneapolis-tras-muerte-de-un-hombre-a-manos-de-agentes-federales\/#respond"]}]},{"@type":"WebPage","@id":"https:\/\/redamlo.com\/index.php\/2026\/01\/24\/nueva-jornada-de-protestas-en-minneapolis-tras-muerte-de-un-hombre-a-manos-de-agentes-federales\/","url":"https:\/\/redamlo.com\/index.php\/2026\/01\/24\/nueva-jornada-de-protestas-en-minneapolis-tras-muerte-de-un-hombre-a-manos-de-agentes-federales\/","name":"Nueva jornada de protestas en Minneapolis tras muerte de un hombre a manos de agentes federales - NOTICIAS DE LA 4T","isPartOf":{"@id":"https:\/\/redamlo.com\/#website"},"primaryImageOfPage":{"@id":"https:\/\/redamlo.com\/index.php\/2026\/01\/24\/nueva-jornada-de-protestas-en-minneapolis-tras-muerte-de-un-hombre-a-manos-de-agentes-federales\/#primaryimage"},"image":{"@id":"https:\/\/redamlo.com\/index.php\/2026\/01\/24\/nueva-jornada-de-protestas-en-minneapolis-tras-muerte-de-un-hombre-a-manos-de-agentes-federales\/#primaryimage"},"thumbnailUrl":"https:\/\/redamlo.com\/wp-content\/uploads\/2026\/01\/protestas-en-mineapolis.png","datePublished":"2026-01-24T20:23:16+00:00","dateModified":"2026-01-24T20:23:17+00:00","breadcrumb":{"@id":"https:\/\/redamlo.com\/index.php\/2026\/01\/24\/nueva-jornada-de-protestas-en-minneapolis-tras-muerte-de-un-hombre-a-manos-de-agentes-federales\/#breadcrumb"},"inLanguage":"es","potentialAction":[{"@type":"ReadAction","target":["https:\/\/redamlo.com\/index.php\/2026\/01\/24\/nueva-jornada-de-protestas-en-minneapolis-tras-muerte-de-un-hombre-a-manos-de-agentes-federales\/"]}]},{"@type":"ImageObject","inLanguage":"es","@id":"https:\/\/redamlo.com\/index.php\/2026\/01\/24\/nueva-jornada-de-protestas-en-minneapolis-tras-muerte-de-un-hombre-a-manos-de-agentes-federales\/#primaryimage","url":"https:\/\/redamlo.com\/wp-content\/uploads\/2026\/01\/protestas-en-mineapolis.png","contentUrl":"https:\/\/redamlo.com\/wp-content\/uploads\/2026\/01\/protestas-en-mineapolis.png","width":1087,"height":698,"caption":"Cr\u00e9ditos: @BRANDON BELL"},{"@type":"BreadcrumbList","@id":"https:\/\/redamlo.com\/index.php\/2026\/01\/24\/nueva-jornada-de-protestas-en-minneapolis-tras-muerte-de-un-hombre-a-manos-de-agentes-federales\/#breadcrumb","itemListElement":[{"@type":"ListItem","position":1,"name":"Inicio","item":"https:\/\/redamlo.com\/"},{"@type":"ListItem","position":2,"name":"Nueva jornada de protestas en Minneapolis tras muerte de un hombre a manos de agentes federales"}]},{"@type":"WebSite","@id":"https:\/\/redamlo.com\/#website","url":"https:\/\/redamlo.com\/","name":"NOTICIAS DE LA 4T","description":"","publisher":{"@id":"https:\/\/redamlo.com\/#organization"},"potentialAction":[{"@type":"SearchAction","target":{"@type":"EntryPoint","urlTemplate":"https:\/\/redamlo.com\/?s={search_term_string}"},"query-input":{"@type":"PropertyValueSpecification","valueRequired":true,"valueName":"search_term_string"}}],"inLanguage":"es"},{"@type":"Organization","@id":"https:\/\/redamlo.com\/#organization","name":"NOTICIAS DE LA 4T","url":"https:\/\/redamlo.com\/","logo":{"@type":"ImageObject","inLanguage":"es","@id":"https:\/\/redamlo.com\/#\/schema\/logo\/image\/","url":"https:\/\/redamlo.com\/wp-content\/uploads\/2024\/08\/cropped-RED-AMLO-logo-50.png","contentUrl":"https:\/\/redamlo.com\/wp-content\/uploads\/2024\/08\/cropped-RED-AMLO-logo-50.png","width":256,"height":256,"caption":"NOTICIAS DE LA 4T"},"image":{"@id":"https:\/\/redamlo.com\/#\/schema\/logo\/image\/"}},{"@type":"Person","@id":"https:\/\/redamlo.com\/#\/schema\/person\/197a0a670d21b1f4f1483ddda1b64613","name":"admin","image":{"@type":"ImageObject","inLanguage":"es","@id":"https:\/\/secure.gravatar.com\/avatar\/293dccd927043f2e641da6685c2f84009782eb9ee0054daceada4e261ded849a?s=96&d=mm&r=g","url":"https:\/\/secure.gravatar.com\/avatar\/293dccd927043f2e641da6685c2f84009782eb9ee0054daceada4e261ded849a?s=96&d=mm&r=g","contentUrl":"https:\/\/secure.gravatar.com\/avatar\/293dccd927043f2e641da6685c2f84009782eb9ee0054daceada4e261ded849a?s=96&d=mm&r=g","caption":"admin"},"sameAs":["https:\/\/redamlo.com"],"url":"https:\/\/redamlo.com\/index.php\/author\/stell\/"}]}},"_links":{"self":[{"href":"https:\/\/redamlo.com\/index.php\/wp-json\/wp\/v2\/posts\/8952","targetHints":{"allow":["GET"]}}],"collection":[{"href":"https:\/\/redamlo.com\/index.php\/wp-json\/wp\/v2\/posts"}],"about":[{"href":"https:\/\/redamlo.com\/index.php\/wp-json\/wp\/v2\/types\/post"}],"author":[{"embeddable":true,"href":"https:\/\/redamlo.com\/index.php\/wp-json\/wp\/v2\/users\/1"}],"replies":[{"embeddable":true,"href":"https:\/\/redamlo.com\/index.php\/wp-json\/wp\/v2\/comments?post=8952"}],"version-history":[{"count":1,"href":"https:\/\/redamlo.com\/index.php\/wp-json\/wp\/v2\/posts\/8952\/revisions"}],"predecessor-version":[{"id":8954,"href":"https:\/\/redamlo.com\/index.php\/wp-json\/wp\/v2\/posts\/8952\/revisions\/8954"}],"wp:featuredmedia":[{"embeddable":true,"href":"https:\/\/redamlo.com\/index.php\/wp-json\/wp\/v2\/media\/8953"}],"wp:attachment":[{"href":"https:\/\/redamlo.com\/index.php\/wp-json\/wp\/v2\/media?parent=8952"}],"wp:term":[{"taxonomy":"category","embeddable":true,"href":"https:\/\/redamlo.com\/index.php\/wp-json\/wp\/v2\/categories?post=8952"},{"taxonomy":"post_tag","embeddable":true,"href":"https:\/\/redamlo.com\/index.php\/wp-json\/wp\/v2\/tags?post=8952"}],"curies":[{"name":"wp","href":"https:\/\/api.w.org\/{rel}","templated":true}]}}