{"id":8940,"date":"2025-12-18T22:21:52","date_gmt":"2025-12-18T22:21:52","guid":{"rendered":"https:\/\/redamlo.com\/?p=8940"},"modified":"2025-12-18T23:06:10","modified_gmt":"2025-12-18T23:06:10","slug":"realizan-en-el-estado-de-mexico-el-mitote-por-la-ciencia-y-la-cultura-organizado-por-morena","status":"publish","type":"post","link":"https:\/\/redamlo.com\/index.php\/2025\/12\/18\/realizan-en-el-estado-de-mexico-el-mitote-por-la-ciencia-y-la-cultura-organizado-por-morena\/","title":{"rendered":"Realizan en el Estado de M\u00e9xico el \u201cMitote por la Ciencia y la Cultura\u201d organizado por Morena"},"content":{"rendered":"\n<p>Con la participaci\u00f3n de militantes, simpatizantes y ciudadan\u00eda en general, el Comit\u00e9 Ejecutivo Estatal de Morena en el Estado de M\u00e9xico llev\u00f3 a cabo el \u201cMitote por la Ciencia y la Cultura\u201d, una jornada organizada a trav\u00e9s de la Secretar\u00eda T\u00e9cnica de Ciencia, Arte y Cultura, orientada a promover el encuentro comunitario y la reflexi\u00f3n colectiva desde el arte, el conocimiento y la identidad social.<\/p>\n\n\n\n<figure class=\"wp-block-image size-large\"><img loading=\"lazy\" decoding=\"async\" width=\"1024\" height=\"682\" src=\"https:\/\/redamlo.com\/wp-content\/uploads\/2025\/12\/el-mitote-por-la-ciencia-3-1024x682.jpg\" alt=\"\" class=\"wp-image-8943\" srcset=\"https:\/\/redamlo.com\/wp-content\/uploads\/2025\/12\/el-mitote-por-la-ciencia-3-1024x682.jpg 1024w, https:\/\/redamlo.com\/wp-content\/uploads\/2025\/12\/el-mitote-por-la-ciencia-3-300x200.jpg 300w, https:\/\/redamlo.com\/wp-content\/uploads\/2025\/12\/el-mitote-por-la-ciencia-3-768x512.jpg 768w, https:\/\/redamlo.com\/wp-content\/uploads\/2025\/12\/el-mitote-por-la-ciencia-3.jpg 1280w\" sizes=\"auto, (max-width: 1024px) 100vw, 1024px\" \/><\/figure>\n\n\n\n<p>El evento reuni\u00f3 expresiones art\u00edsticas, actividades culturales y espacios de di\u00e1logo en los que se plante\u00f3 la importancia de la ciencia y la cultura como componentes del proyecto pol\u00edtico de la Cuarta Transformaci\u00f3n. En este marco, se expuso que el acceso al conocimiento forma parte de una visi\u00f3n de derechos y de participaci\u00f3n social amplia.<\/p>\n\n\n\n<p>Durante la jornada se hizo referencia a los cambios impulsados en el pa\u00eds en los \u00faltimos a\u00f1os, particularmente en materia de derechos sociales, inclusi\u00f3n de pueblos originarios, participaci\u00f3n de mujeres, juventudes y personas adultas mayores, as\u00ed como al reconocimiento de la cultura popular y distintas expresiones art\u00edsticas como parte de la vida p\u00fablica.<\/p>\n\n\n\n<figure class=\"wp-block-image size-large\"><img loading=\"lazy\" decoding=\"async\" width=\"1024\" height=\"682\" src=\"https:\/\/redamlo.com\/wp-content\/uploads\/2025\/12\/el-mitote-por-la-ciencia-1-1024x682.jpg\" alt=\"\" class=\"wp-image-8944\" srcset=\"https:\/\/redamlo.com\/wp-content\/uploads\/2025\/12\/el-mitote-por-la-ciencia-1-1024x682.jpg 1024w, https:\/\/redamlo.com\/wp-content\/uploads\/2025\/12\/el-mitote-por-la-ciencia-1-300x200.jpg 300w, https:\/\/redamlo.com\/wp-content\/uploads\/2025\/12\/el-mitote-por-la-ciencia-1-768x512.jpg 768w, https:\/\/redamlo.com\/wp-content\/uploads\/2025\/12\/el-mitote-por-la-ciencia-1.jpg 1280w\" sizes=\"auto, (max-width: 1024px) 100vw, 1024px\" \/><\/figure>\n\n\n\n<p>En el encuentro se destac\u00f3 el papel organizativo del Comit\u00e9 Ejecutivo Estatal de Morena, encabezado por Luz Ma. Hern\u00e1ndez, presidenta del partido en el Estado de M\u00e9xico, quien ha mantenido una relaci\u00f3n de coordinaci\u00f3n pol\u00edtica con el gobierno estatal que encabeza la gobernadora Delfina G\u00f3mez \u00c1lvarez. En ese contexto, se mencionaron los avances electorales y de estructura partidista que Morena ha registrado en la entidad en los \u00faltimos a\u00f1os.<\/p>\n\n\n\n<p>El \u201cMitote por la Ciencia y la Cultura\u201d cont\u00f3 con la presencia de integrantes del Comit\u00e9 Ejecutivo Estatal, entre ellos Jes\u00fas Ad\u00e1n Gordo, secretario general; Ana Olvera Galindo, secretaria de Organizaci\u00f3n; Laura Amparo Lara, secretaria de Comunicaci\u00f3n; Lourdes Arroyo, secretaria de Finanzas; Zaria Aguilera Claro, secretaria de Mujeres; Aime S\u00e1nchez L\u00f3pez, comisionada de Ciencia, Arte y Cultura; Luc\u00eda Franco, comisionada de Diversidad Sexual; y Enrique Jacob Inzunza, comisionado de J\u00f3venes.<\/p>\n\n\n\n<figure class=\"wp-block-image size-large\"><img loading=\"lazy\" decoding=\"async\" width=\"1024\" height=\"683\" src=\"https:\/\/redamlo.com\/wp-content\/uploads\/2025\/12\/el-mitote-por-la-ciencia-5-1024x683.jpg\" alt=\"\" class=\"wp-image-8946\" srcset=\"https:\/\/redamlo.com\/wp-content\/uploads\/2025\/12\/el-mitote-por-la-ciencia-5-1024x683.jpg 1024w, https:\/\/redamlo.com\/wp-content\/uploads\/2025\/12\/el-mitote-por-la-ciencia-5-300x200.jpg 300w, https:\/\/redamlo.com\/wp-content\/uploads\/2025\/12\/el-mitote-por-la-ciencia-5-768x512.jpg 768w, https:\/\/redamlo.com\/wp-content\/uploads\/2025\/12\/el-mitote-por-la-ciencia-5-1536x1025.jpg 1536w, https:\/\/redamlo.com\/wp-content\/uploads\/2025\/12\/el-mitote-por-la-ciencia-5.jpg 2048w\" sizes=\"auto, (max-width: 1024px) 100vw, 1024px\" \/><\/figure>\n\n\n\n<p>Tambi\u00e9n participaron representantes del Instituto Nacional de Formaci\u00f3n Pol\u00edtica de Morena, como Marlon Naim Guzm\u00e1n, coordinador estatal, y Beatriz Dom\u00ednguez, ponente del instituto, quienes abordaron la relevancia de la formaci\u00f3n pol\u00edtica y cultural dentro del movimiento. Asimismo, asistieron Rom\u00e1n Cort\u00e9s, diputado local, y Rafael Garc\u00eda Moreno, primer s\u00edndico de Ecatepec.<\/p>\n\n\n\n<figure class=\"wp-block-image size-large\"><img loading=\"lazy\" decoding=\"async\" width=\"1024\" height=\"682\" src=\"https:\/\/redamlo.com\/wp-content\/uploads\/2025\/12\/el-mitote-por-la-ciencia-2-1024x682.jpg\" alt=\"\" class=\"wp-image-8947\" srcset=\"https:\/\/redamlo.com\/wp-content\/uploads\/2025\/12\/el-mitote-por-la-ciencia-2-1024x682.jpg 1024w, https:\/\/redamlo.com\/wp-content\/uploads\/2025\/12\/el-mitote-por-la-ciencia-2-300x200.jpg 300w, https:\/\/redamlo.com\/wp-content\/uploads\/2025\/12\/el-mitote-por-la-ciencia-2-768x512.jpg 768w, https:\/\/redamlo.com\/wp-content\/uploads\/2025\/12\/el-mitote-por-la-ciencia-2.jpg 1280w\" sizes=\"auto, (max-width: 1024px) 100vw, 1024px\" \/><\/figure>\n\n\n\n<p>La actividad form\u00f3 parte de las acciones impulsadas por Morena Estado de M\u00e9xico para fortalecer la organizaci\u00f3n territorial, la identidad cultural y los espacios de participaci\u00f3n social vinculados a su proyecto pol\u00edtico, que contin\u00faa ganando terreno en el Estado de M\u00e9xico.<\/p>\n","protected":false},"excerpt":{"rendered":"<p>Con la participaci\u00f3n de militantes, simpatizantes y ciudadan\u00eda en general, el Comit\u00e9 Ejecutivo Estatal de&#8230;<\/p>\n","protected":false},"author":1,"featured_media":8941,"comment_status":"open","ping_status":"open","sticky":false,"template":"","format":"standard","meta":{"footnotes":""},"categories":[3],"tags":[],"class_list":["post-8940","post","type-post","status-publish","format-standard","has-post-thumbnail","hentry","category-estado-de-mexico"],"yoast_head":"<!-- This site is optimized with the Yoast SEO plugin v27.5 - https:\/\/yoast.com\/product\/yoast-seo-wordpress\/ -->\n<title>Realizan en el Estado de M\u00e9xico el \u201cMitote por la Ciencia y la Cultura\u201d organizado por Morena - NOTICIAS DE LA 4T<\/title>\n<meta name=\"robots\" content=\"noindex, follow, max-snippet:-1, max-image-preview:large, max-video-preview:-1\" \/>\n<meta property=\"og:locale\" content=\"es_MX\" \/>\n<meta property=\"og:type\" content=\"article\" \/>\n<meta property=\"og:title\" content=\"Realizan en el Estado de M\u00e9xico el \u201cMitote por la Ciencia y la Cultura\u201d organizado por Morena - NOTICIAS DE LA 4T\" \/>\n<meta property=\"og:description\" content=\"Con la participaci\u00f3n de militantes, simpatizantes y ciudadan\u00eda en general, el Comit\u00e9 Ejecutivo Estatal de...\" \/>\n<meta property=\"og:url\" content=\"https:\/\/redamlo.com\/index.php\/2025\/12\/18\/realizan-en-el-estado-de-mexico-el-mitote-por-la-ciencia-y-la-cultura-organizado-por-morena\/\" \/>\n<meta property=\"og:site_name\" content=\"NOTICIAS DE LA 4T\" \/>\n<meta property=\"article:published_time\" content=\"2025-12-18T22:21:52+00:00\" \/>\n<meta property=\"article:modified_time\" content=\"2025-12-18T23:06:10+00:00\" \/>\n<meta property=\"og:image\" content=\"https:\/\/redamlo.com\/wp-content\/uploads\/2025\/12\/el-mitote-por-la-ciencia-4.jpg\" \/>\n\t<meta property=\"og:image:width\" content=\"1280\" \/>\n\t<meta property=\"og:image:height\" content=\"853\" \/>\n\t<meta property=\"og:image:type\" content=\"image\/jpeg\" \/>\n<meta name=\"author\" content=\"admin\" \/>\n<meta name=\"twitter:card\" content=\"summary_large_image\" \/>\n<meta name=\"twitter:label1\" content=\"Escrito por\" \/>\n\t<meta name=\"twitter:data1\" content=\"admin\" \/>\n\t<meta name=\"twitter:label2\" content=\"Tiempo de lectura\" \/>\n\t<meta name=\"twitter:data2\" content=\"2 minutos\" \/>\n<script type=\"application\/ld+json\" class=\"yoast-schema-graph\">{\"@context\":\"https:\\\/\\\/schema.org\",\"@graph\":[{\"@type\":\"Article\",\"@id\":\"https:\\\/\\\/redamlo.com\\\/index.php\\\/2025\\\/12\\\/18\\\/realizan-en-el-estado-de-mexico-el-mitote-por-la-ciencia-y-la-cultura-organizado-por-morena\\\/#article\",\"isPartOf\":{\"@id\":\"https:\\\/\\\/redamlo.com\\\/index.php\\\/2025\\\/12\\\/18\\\/realizan-en-el-estado-de-mexico-el-mitote-por-la-ciencia-y-la-cultura-organizado-por-morena\\\/\"},\"author\":{\"name\":\"admin\",\"@id\":\"https:\\\/\\\/redamlo.com\\\/#\\\/schema\\\/person\\\/197a0a670d21b1f4f1483ddda1b64613\"},\"headline\":\"Realizan en el Estado de M\u00e9xico el \u201cMitote por la Ciencia y la Cultura\u201d organizado por Morena\",\"datePublished\":\"2025-12-18T22:21:52+00:00\",\"dateModified\":\"2025-12-18T23:06:10+00:00\",\"mainEntityOfPage\":{\"@id\":\"https:\\\/\\\/redamlo.com\\\/index.php\\\/2025\\\/12\\\/18\\\/realizan-en-el-estado-de-mexico-el-mitote-por-la-ciencia-y-la-cultura-organizado-por-morena\\\/\"},\"wordCount\":472,\"commentCount\":0,\"publisher\":{\"@id\":\"https:\\\/\\\/redamlo.com\\\/#organization\"},\"image\":{\"@id\":\"https:\\\/\\\/redamlo.com\\\/index.php\\\/2025\\\/12\\\/18\\\/realizan-en-el-estado-de-mexico-el-mitote-por-la-ciencia-y-la-cultura-organizado-por-morena\\\/#primaryimage\"},\"thumbnailUrl\":\"https:\\\/\\\/redamlo.com\\\/wp-content\\\/uploads\\\/2025\\\/12\\\/el-mitote-por-la-ciencia-4.jpg\",\"articleSection\":[\"Estado de M\u00e9xico\"],\"inLanguage\":\"es\",\"potentialAction\":[{\"@type\":\"CommentAction\",\"name\":\"Comment\",\"target\":[\"https:\\\/\\\/redamlo.com\\\/index.php\\\/2025\\\/12\\\/18\\\/realizan-en-el-estado-de-mexico-el-mitote-por-la-ciencia-y-la-cultura-organizado-por-morena\\\/#respond\"]}]},{\"@type\":\"WebPage\",\"@id\":\"https:\\\/\\\/redamlo.com\\\/index.php\\\/2025\\\/12\\\/18\\\/realizan-en-el-estado-de-mexico-el-mitote-por-la-ciencia-y-la-cultura-organizado-por-morena\\\/\",\"url\":\"https:\\\/\\\/redamlo.com\\\/index.php\\\/2025\\\/12\\\/18\\\/realizan-en-el-estado-de-mexico-el-mitote-por-la-ciencia-y-la-cultura-organizado-por-morena\\\/\",\"name\":\"Realizan en el Estado de M\u00e9xico el \u201cMitote por la Ciencia y la Cultura\u201d organizado por Morena - NOTICIAS DE LA 4T\",\"isPartOf\":{\"@id\":\"https:\\\/\\\/redamlo.com\\\/#website\"},\"primaryImageOfPage\":{\"@id\":\"https:\\\/\\\/redamlo.com\\\/index.php\\\/2025\\\/12\\\/18\\\/realizan-en-el-estado-de-mexico-el-mitote-por-la-ciencia-y-la-cultura-organizado-por-morena\\\/#primaryimage\"},\"image\":{\"@id\":\"https:\\\/\\\/redamlo.com\\\/index.php\\\/2025\\\/12\\\/18\\\/realizan-en-el-estado-de-mexico-el-mitote-por-la-ciencia-y-la-cultura-organizado-por-morena\\\/#primaryimage\"},\"thumbnailUrl\":\"https:\\\/\\\/redamlo.com\\\/wp-content\\\/uploads\\\/2025\\\/12\\\/el-mitote-por-la-ciencia-4.jpg\",\"datePublished\":\"2025-12-18T22:21:52+00:00\",\"dateModified\":\"2025-12-18T23:06:10+00:00\",\"breadcrumb\":{\"@id\":\"https:\\\/\\\/redamlo.com\\\/index.php\\\/2025\\\/12\\\/18\\\/realizan-en-el-estado-de-mexico-el-mitote-por-la-ciencia-y-la-cultura-organizado-por-morena\\\/#breadcrumb\"},\"inLanguage\":\"es\",\"potentialAction\":[{\"@type\":\"ReadAction\",\"target\":[\"https:\\\/\\\/redamlo.com\\\/index.php\\\/2025\\\/12\\\/18\\\/realizan-en-el-estado-de-mexico-el-mitote-por-la-ciencia-y-la-cultura-organizado-por-morena\\\/\"]}]},{\"@type\":\"ImageObject\",\"inLanguage\":\"es\",\"@id\":\"https:\\\/\\\/redamlo.com\\\/index.php\\\/2025\\\/12\\\/18\\\/realizan-en-el-estado-de-mexico-el-mitote-por-la-ciencia-y-la-cultura-organizado-por-morena\\\/#primaryimage\",\"url\":\"https:\\\/\\\/redamlo.com\\\/wp-content\\\/uploads\\\/2025\\\/12\\\/el-mitote-por-la-ciencia-4.jpg\",\"contentUrl\":\"https:\\\/\\\/redamlo.com\\\/wp-content\\\/uploads\\\/2025\\\/12\\\/el-mitote-por-la-ciencia-4.jpg\",\"width\":1280,\"height\":853},{\"@type\":\"BreadcrumbList\",\"@id\":\"https:\\\/\\\/redamlo.com\\\/index.php\\\/2025\\\/12\\\/18\\\/realizan-en-el-estado-de-mexico-el-mitote-por-la-ciencia-y-la-cultura-organizado-por-morena\\\/#breadcrumb\",\"itemListElement\":[{\"@type\":\"ListItem\",\"position\":1,\"name\":\"Inicio\",\"item\":\"https:\\\/\\\/redamlo.com\\\/\"},{\"@type\":\"ListItem\",\"position\":2,\"name\":\"Realizan en el Estado de M\u00e9xico el \u201cMitote por la Ciencia y la Cultura\u201d organizado por Morena\"}]},{\"@type\":\"WebSite\",\"@id\":\"https:\\\/\\\/redamlo.com\\\/#website\",\"url\":\"https:\\\/\\\/redamlo.com\\\/\",\"name\":\"NOTICIAS DE LA 4T\",\"description\":\"\",\"publisher\":{\"@id\":\"https:\\\/\\\/redamlo.com\\\/#organization\"},\"potentialAction\":[{\"@type\":\"SearchAction\",\"target\":{\"@type\":\"EntryPoint\",\"urlTemplate\":\"https:\\\/\\\/redamlo.com\\\/?s={search_term_string}\"},\"query-input\":{\"@type\":\"PropertyValueSpecification\",\"valueRequired\":true,\"valueName\":\"search_term_string\"}}],\"inLanguage\":\"es\"},{\"@type\":\"Organization\",\"@id\":\"https:\\\/\\\/redamlo.com\\\/#organization\",\"name\":\"NOTICIAS DE LA 4T\",\"url\":\"https:\\\/\\\/redamlo.com\\\/\",\"logo\":{\"@type\":\"ImageObject\",\"inLanguage\":\"es\",\"@id\":\"https:\\\/\\\/redamlo.com\\\/#\\\/schema\\\/logo\\\/image\\\/\",\"url\":\"https:\\\/\\\/redamlo.com\\\/wp-content\\\/uploads\\\/2024\\\/08\\\/cropped-RED-AMLO-logo-50.png\",\"contentUrl\":\"https:\\\/\\\/redamlo.com\\\/wp-content\\\/uploads\\\/2024\\\/08\\\/cropped-RED-AMLO-logo-50.png\",\"width\":256,\"height\":256,\"caption\":\"NOTICIAS DE LA 4T\"},\"image\":{\"@id\":\"https:\\\/\\\/redamlo.com\\\/#\\\/schema\\\/logo\\\/image\\\/\"}},{\"@type\":\"Person\",\"@id\":\"https:\\\/\\\/redamlo.com\\\/#\\\/schema\\\/person\\\/197a0a670d21b1f4f1483ddda1b64613\",\"name\":\"admin\",\"image\":{\"@type\":\"ImageObject\",\"inLanguage\":\"es\",\"@id\":\"https:\\\/\\\/secure.gravatar.com\\\/avatar\\\/293dccd927043f2e641da6685c2f84009782eb9ee0054daceada4e261ded849a?s=96&d=mm&r=g\",\"url\":\"https:\\\/\\\/secure.gravatar.com\\\/avatar\\\/293dccd927043f2e641da6685c2f84009782eb9ee0054daceada4e261ded849a?s=96&d=mm&r=g\",\"contentUrl\":\"https:\\\/\\\/secure.gravatar.com\\\/avatar\\\/293dccd927043f2e641da6685c2f84009782eb9ee0054daceada4e261ded849a?s=96&d=mm&r=g\",\"caption\":\"admin\"},\"sameAs\":[\"https:\\\/\\\/redamlo.com\"],\"url\":\"https:\\\/\\\/redamlo.com\\\/index.php\\\/author\\\/stell\\\/\"}]}<\/script>\n<!-- \/ Yoast SEO plugin. -->","yoast_head_json":{"title":"Realizan en el Estado de M\u00e9xico el \u201cMitote por la Ciencia y la Cultura\u201d organizado por Morena - NOTICIAS DE LA 4T","robots":{"index":"noindex","follow":"follow","max-snippet":"max-snippet:-1","max-image-preview":"max-image-preview:large","max-video-preview":"max-video-preview:-1"},"og_locale":"es_MX","og_type":"article","og_title":"Realizan en el Estado de M\u00e9xico el \u201cMitote por la Ciencia y la Cultura\u201d organizado por Morena - NOTICIAS DE LA 4T","og_description":"Con la participaci\u00f3n de militantes, simpatizantes y ciudadan\u00eda en general, el Comit\u00e9 Ejecutivo Estatal de...","og_url":"https:\/\/redamlo.com\/index.php\/2025\/12\/18\/realizan-en-el-estado-de-mexico-el-mitote-por-la-ciencia-y-la-cultura-organizado-por-morena\/","og_site_name":"NOTICIAS DE LA 4T","article_published_time":"2025-12-18T22:21:52+00:00","article_modified_time":"2025-12-18T23:06:10+00:00","og_image":[{"width":1280,"height":853,"url":"https:\/\/redamlo.com\/wp-content\/uploads\/2025\/12\/el-mitote-por-la-ciencia-4.jpg","type":"image\/jpeg"}],"author":"admin","twitter_card":"summary_large_image","twitter_misc":{"Escrito por":"admin","Tiempo de lectura":"2 minutos"},"schema":{"@context":"https:\/\/schema.org","@graph":[{"@type":"Article","@id":"https:\/\/redamlo.com\/index.php\/2025\/12\/18\/realizan-en-el-estado-de-mexico-el-mitote-por-la-ciencia-y-la-cultura-organizado-por-morena\/#article","isPartOf":{"@id":"https:\/\/redamlo.com\/index.php\/2025\/12\/18\/realizan-en-el-estado-de-mexico-el-mitote-por-la-ciencia-y-la-cultura-organizado-por-morena\/"},"author":{"name":"admin","@id":"https:\/\/redamlo.com\/#\/schema\/person\/197a0a670d21b1f4f1483ddda1b64613"},"headline":"Realizan en el Estado de M\u00e9xico el \u201cMitote por la Ciencia y la Cultura\u201d organizado por Morena","datePublished":"2025-12-18T22:21:52+00:00","dateModified":"2025-12-18T23:06:10+00:00","mainEntityOfPage":{"@id":"https:\/\/redamlo.com\/index.php\/2025\/12\/18\/realizan-en-el-estado-de-mexico-el-mitote-por-la-ciencia-y-la-cultura-organizado-por-morena\/"},"wordCount":472,"commentCount":0,"publisher":{"@id":"https:\/\/redamlo.com\/#organization"},"image":{"@id":"https:\/\/redamlo.com\/index.php\/2025\/12\/18\/realizan-en-el-estado-de-mexico-el-mitote-por-la-ciencia-y-la-cultura-organizado-por-morena\/#primaryimage"},"thumbnailUrl":"https:\/\/redamlo.com\/wp-content\/uploads\/2025\/12\/el-mitote-por-la-ciencia-4.jpg","articleSection":["Estado de M\u00e9xico"],"inLanguage":"es","potentialAction":[{"@type":"CommentAction","name":"Comment","target":["https:\/\/redamlo.com\/index.php\/2025\/12\/18\/realizan-en-el-estado-de-mexico-el-mitote-por-la-ciencia-y-la-cultura-organizado-por-morena\/#respond"]}]},{"@type":"WebPage","@id":"https:\/\/redamlo.com\/index.php\/2025\/12\/18\/realizan-en-el-estado-de-mexico-el-mitote-por-la-ciencia-y-la-cultura-organizado-por-morena\/","url":"https:\/\/redamlo.com\/index.php\/2025\/12\/18\/realizan-en-el-estado-de-mexico-el-mitote-por-la-ciencia-y-la-cultura-organizado-por-morena\/","name":"Realizan en el Estado de M\u00e9xico el \u201cMitote por la Ciencia y la Cultura\u201d organizado por Morena - NOTICIAS DE LA 4T","isPartOf":{"@id":"https:\/\/redamlo.com\/#website"},"primaryImageOfPage":{"@id":"https:\/\/redamlo.com\/index.php\/2025\/12\/18\/realizan-en-el-estado-de-mexico-el-mitote-por-la-ciencia-y-la-cultura-organizado-por-morena\/#primaryimage"},"image":{"@id":"https:\/\/redamlo.com\/index.php\/2025\/12\/18\/realizan-en-el-estado-de-mexico-el-mitote-por-la-ciencia-y-la-cultura-organizado-por-morena\/#primaryimage"},"thumbnailUrl":"https:\/\/redamlo.com\/wp-content\/uploads\/2025\/12\/el-mitote-por-la-ciencia-4.jpg","datePublished":"2025-12-18T22:21:52+00:00","dateModified":"2025-12-18T23:06:10+00:00","breadcrumb":{"@id":"https:\/\/redamlo.com\/index.php\/2025\/12\/18\/realizan-en-el-estado-de-mexico-el-mitote-por-la-ciencia-y-la-cultura-organizado-por-morena\/#breadcrumb"},"inLanguage":"es","potentialAction":[{"@type":"ReadAction","target":["https:\/\/redamlo.com\/index.php\/2025\/12\/18\/realizan-en-el-estado-de-mexico-el-mitote-por-la-ciencia-y-la-cultura-organizado-por-morena\/"]}]},{"@type":"ImageObject","inLanguage":"es","@id":"https:\/\/redamlo.com\/index.php\/2025\/12\/18\/realizan-en-el-estado-de-mexico-el-mitote-por-la-ciencia-y-la-cultura-organizado-por-morena\/#primaryimage","url":"https:\/\/redamlo.com\/wp-content\/uploads\/2025\/12\/el-mitote-por-la-ciencia-4.jpg","contentUrl":"https:\/\/redamlo.com\/wp-content\/uploads\/2025\/12\/el-mitote-por-la-ciencia-4.jpg","width":1280,"height":853},{"@type":"BreadcrumbList","@id":"https:\/\/redamlo.com\/index.php\/2025\/12\/18\/realizan-en-el-estado-de-mexico-el-mitote-por-la-ciencia-y-la-cultura-organizado-por-morena\/#breadcrumb","itemListElement":[{"@type":"ListItem","position":1,"name":"Inicio","item":"https:\/\/redamlo.com\/"},{"@type":"ListItem","position":2,"name":"Realizan en el Estado de M\u00e9xico el \u201cMitote por la Ciencia y la Cultura\u201d organizado por Morena"}]},{"@type":"WebSite","@id":"https:\/\/redamlo.com\/#website","url":"https:\/\/redamlo.com\/","name":"NOTICIAS DE LA 4T","description":"","publisher":{"@id":"https:\/\/redamlo.com\/#organization"},"potentialAction":[{"@type":"SearchAction","target":{"@type":"EntryPoint","urlTemplate":"https:\/\/redamlo.com\/?s={search_term_string}"},"query-input":{"@type":"PropertyValueSpecification","valueRequired":true,"valueName":"search_term_string"}}],"inLanguage":"es"},{"@type":"Organization","@id":"https:\/\/redamlo.com\/#organization","name":"NOTICIAS DE LA 4T","url":"https:\/\/redamlo.com\/","logo":{"@type":"ImageObject","inLanguage":"es","@id":"https:\/\/redamlo.com\/#\/schema\/logo\/image\/","url":"https:\/\/redamlo.com\/wp-content\/uploads\/2024\/08\/cropped-RED-AMLO-logo-50.png","contentUrl":"https:\/\/redamlo.com\/wp-content\/uploads\/2024\/08\/cropped-RED-AMLO-logo-50.png","width":256,"height":256,"caption":"NOTICIAS DE LA 4T"},"image":{"@id":"https:\/\/redamlo.com\/#\/schema\/logo\/image\/"}},{"@type":"Person","@id":"https:\/\/redamlo.com\/#\/schema\/person\/197a0a670d21b1f4f1483ddda1b64613","name":"admin","image":{"@type":"ImageObject","inLanguage":"es","@id":"https:\/\/secure.gravatar.com\/avatar\/293dccd927043f2e641da6685c2f84009782eb9ee0054daceada4e261ded849a?s=96&d=mm&r=g","url":"https:\/\/secure.gravatar.com\/avatar\/293dccd927043f2e641da6685c2f84009782eb9ee0054daceada4e261ded849a?s=96&d=mm&r=g","contentUrl":"https:\/\/secure.gravatar.com\/avatar\/293dccd927043f2e641da6685c2f84009782eb9ee0054daceada4e261ded849a?s=96&d=mm&r=g","caption":"admin"},"sameAs":["https:\/\/redamlo.com"],"url":"https:\/\/redamlo.com\/index.php\/author\/stell\/"}]}},"_links":{"self":[{"href":"https:\/\/redamlo.com\/index.php\/wp-json\/wp\/v2\/posts\/8940","targetHints":{"allow":["GET"]}}],"collection":[{"href":"https:\/\/redamlo.com\/index.php\/wp-json\/wp\/v2\/posts"}],"about":[{"href":"https:\/\/redamlo.com\/index.php\/wp-json\/wp\/v2\/types\/post"}],"author":[{"embeddable":true,"href":"https:\/\/redamlo.com\/index.php\/wp-json\/wp\/v2\/users\/1"}],"replies":[{"embeddable":true,"href":"https:\/\/redamlo.com\/index.php\/wp-json\/wp\/v2\/comments?post=8940"}],"version-history":[{"count":2,"href":"https:\/\/redamlo.com\/index.php\/wp-json\/wp\/v2\/posts\/8940\/revisions"}],"predecessor-version":[{"id":8948,"href":"https:\/\/redamlo.com\/index.php\/wp-json\/wp\/v2\/posts\/8940\/revisions\/8948"}],"wp:featuredmedia":[{"embeddable":true,"href":"https:\/\/redamlo.com\/index.php\/wp-json\/wp\/v2\/media\/8941"}],"wp:attachment":[{"href":"https:\/\/redamlo.com\/index.php\/wp-json\/wp\/v2\/media?parent=8940"}],"wp:term":[{"taxonomy":"category","embeddable":true,"href":"https:\/\/redamlo.com\/index.php\/wp-json\/wp\/v2\/categories?post=8940"},{"taxonomy":"post_tag","embeddable":true,"href":"https:\/\/redamlo.com\/index.php\/wp-json\/wp\/v2\/tags?post=8940"}],"curies":[{"name":"wp","href":"https:\/\/api.w.org\/{rel}","templated":true}]}}