{"id":8934,"date":"2025-12-18T22:07:18","date_gmt":"2025-12-18T22:07:18","guid":{"rendered":"https:\/\/redamlo.com\/?p=8934"},"modified":"2025-12-18T22:12:24","modified_gmt":"2025-12-18T22:12:24","slug":"gobierno-federal-mantiene-acuerdos-con-transportistas-y-refuerza-atencion-al-campo","status":"publish","type":"post","link":"https:\/\/redamlo.com\/index.php\/2025\/12\/18\/gobierno-federal-mantiene-acuerdos-con-transportistas-y-refuerza-atencion-al-campo\/","title":{"rendered":"Gobierno federal mantiene acuerdos con transportistas y refuerza atenci\u00f3n al campo"},"content":{"rendered":"\n<p>Ciudad de M\u00e9xico.\u2014 El gobierno federal mantendr\u00e1 abiertas las v\u00edas de comunicaci\u00f3n con transportistas y productores agr\u00edcolas, aunque dej\u00f3 en claro que las protestas que afecten a la poblaci\u00f3n no son necesarias ni justificables, afirm\u00f3 la secretaria de Gobernaci\u00f3n, Rosa Icela Rodr\u00edguez.<\/p>\n\n\n\n<p>La funcionaria inform\u00f3 que, por tercera ocasi\u00f3n, representantes de estos sectores firmaron un acuerdo para evitar movilizaciones, tras una reuni\u00f3n en la que se revisaron, punto por punto, los compromisos asumidos por la administraci\u00f3n federal.<\/p>\n\n\n\n<p>Rodr\u00edguez explic\u00f3 que el mecanismo de atenci\u00f3n consiste en evaluar el avance de los acuerdos previamente establecidos y, en caso de surgir nuevas peticiones, iniciar un nuevo proceso de di\u00e1logo. Subray\u00f3 que esta din\u00e1mica ha demostrado ser la v\u00eda m\u00e1s eficaz para la soluci\u00f3n de conflictos. \u201cEl entendimiento se logra conversando\u201d, expres\u00f3, al retomar una m\u00e1xima de la sabidur\u00eda popular.<\/p>\n\n\n\n<p>Durante su participaci\u00f3n en la conferencia matutina, la titular de Gobernaci\u00f3n insisti\u00f3 en que el di\u00e1logo constante permite atender las inconformidades sin recurrir a bloqueos. \u201cNuestra obligaci\u00f3n es escuchar y atender, pero no bajo presi\u00f3n que afecte a terceros\u201d, se\u00f1al\u00f3.<\/p>\n\n\n\n<p>Aclar\u00f3 que el gobierno no se sienta a negociar cuando existen cierres de vialidades; sin embargo, destac\u00f3 que siempre ha habido disposici\u00f3n para escuchar las demandas ciudadanas y canalizarlas a mesas de trabajo, donde se analizan las alternativas jur\u00eddicas y administrativas para darles respuesta.<\/p>\n\n\n\n<p>Detall\u00f3 que en el encuentro m\u00e1s reciente, una de las principales exigencias estuvo relacionada con la seguridad en las carreteras, lo que deriv\u00f3 en la firma de una minuta avalada tanto por transportistas como por una organizaci\u00f3n de menor tama\u00f1o, conocida por recurrir a bloqueos.<\/p>\n\n\n\n<p>En el caso del sector agr\u00edcola, se acord\u00f3 la instalaci\u00f3n de mesas t\u00e9cnicas en los pr\u00f3ximos d\u00edas para revisar programas de apoyo y esquemas de ayuda al campo, los cuales \u2014dijo\u2014 cuentan actualmente con recursos y atenci\u00f3n sin precedentes.<\/p>\n\n\n\n<p>Aunque reconoci\u00f3 que a\u00fan existen retos pendientes, Rodr\u00edguez enfatiz\u00f3 la importancia de mantener informados a los productores sobre los tiempos, alcances y apoyos disponibles por parte del gobierno federal. \u201cSeguimos avanzando y atendiendo a este y a otros grupos\u201d, concluy\u00f3.<\/p>\n","protected":false},"excerpt":{"rendered":"<p>Ciudad de M\u00e9xico.\u2014 El gobierno federal mantendr\u00e1 abiertas las v\u00edas de comunicaci\u00f3n con transportistas y&#8230;<\/p>\n","protected":false},"author":1,"featured_media":8935,"comment_status":"open","ping_status":"open","sticky":false,"template":"","format":"standard","meta":{"footnotes":""},"categories":[5],"tags":[],"class_list":["post-8934","post","type-post","status-publish","format-standard","has-post-thumbnail","hentry","category-politica"],"yoast_head":"<!-- This site is optimized with the Yoast SEO plugin v27.5 - https:\/\/yoast.com\/product\/yoast-seo-wordpress\/ -->\n<title>Gobierno federal mantiene acuerdos con transportistas y refuerza atenci\u00f3n al campo - NOTICIAS DE LA 4T<\/title>\n<meta name=\"robots\" content=\"noindex, follow, max-snippet:-1, max-image-preview:large, max-video-preview:-1\" \/>\n<meta property=\"og:locale\" content=\"es_MX\" \/>\n<meta property=\"og:type\" content=\"article\" \/>\n<meta property=\"og:title\" content=\"Gobierno federal mantiene acuerdos con transportistas y refuerza atenci\u00f3n al campo - NOTICIAS DE LA 4T\" \/>\n<meta property=\"og:description\" content=\"Ciudad de M\u00e9xico.\u2014 El gobierno federal mantendr\u00e1 abiertas las v\u00edas de comunicaci\u00f3n con transportistas y...\" \/>\n<meta property=\"og:url\" content=\"https:\/\/redamlo.com\/index.php\/2025\/12\/18\/gobierno-federal-mantiene-acuerdos-con-transportistas-y-refuerza-atencion-al-campo\/\" \/>\n<meta property=\"og:site_name\" content=\"NOTICIAS DE LA 4T\" \/>\n<meta property=\"article:published_time\" content=\"2025-12-18T22:07:18+00:00\" \/>\n<meta property=\"article:modified_time\" content=\"2025-12-18T22:12:24+00:00\" \/>\n<meta property=\"og:image\" content=\"https:\/\/redamlo.com\/wp-content\/uploads\/2025\/12\/rosa-isela-rodriguez.png\" \/>\n\t<meta property=\"og:image:width\" content=\"831\" \/>\n\t<meta property=\"og:image:height\" content=\"642\" \/>\n\t<meta property=\"og:image:type\" content=\"image\/png\" \/>\n<meta name=\"author\" content=\"admin\" \/>\n<meta name=\"twitter:card\" content=\"summary_large_image\" \/>\n<meta name=\"twitter:label1\" content=\"Escrito por\" \/>\n\t<meta name=\"twitter:data1\" content=\"admin\" \/>\n\t<meta name=\"twitter:label2\" content=\"Tiempo de lectura\" \/>\n\t<meta name=\"twitter:data2\" content=\"2 minutos\" \/>\n<script type=\"application\/ld+json\" class=\"yoast-schema-graph\">{\"@context\":\"https:\\\/\\\/schema.org\",\"@graph\":[{\"@type\":\"Article\",\"@id\":\"https:\\\/\\\/redamlo.com\\\/index.php\\\/2025\\\/12\\\/18\\\/gobierno-federal-mantiene-acuerdos-con-transportistas-y-refuerza-atencion-al-campo\\\/#article\",\"isPartOf\":{\"@id\":\"https:\\\/\\\/redamlo.com\\\/index.php\\\/2025\\\/12\\\/18\\\/gobierno-federal-mantiene-acuerdos-con-transportistas-y-refuerza-atencion-al-campo\\\/\"},\"author\":{\"name\":\"admin\",\"@id\":\"https:\\\/\\\/redamlo.com\\\/#\\\/schema\\\/person\\\/197a0a670d21b1f4f1483ddda1b64613\"},\"headline\":\"Gobierno federal mantiene acuerdos con transportistas y refuerza atenci\u00f3n al campo\",\"datePublished\":\"2025-12-18T22:07:18+00:00\",\"dateModified\":\"2025-12-18T22:12:24+00:00\",\"mainEntityOfPage\":{\"@id\":\"https:\\\/\\\/redamlo.com\\\/index.php\\\/2025\\\/12\\\/18\\\/gobierno-federal-mantiene-acuerdos-con-transportistas-y-refuerza-atencion-al-campo\\\/\"},\"wordCount\":395,\"commentCount\":0,\"publisher\":{\"@id\":\"https:\\\/\\\/redamlo.com\\\/#organization\"},\"image\":{\"@id\":\"https:\\\/\\\/redamlo.com\\\/index.php\\\/2025\\\/12\\\/18\\\/gobierno-federal-mantiene-acuerdos-con-transportistas-y-refuerza-atencion-al-campo\\\/#primaryimage\"},\"thumbnailUrl\":\"https:\\\/\\\/redamlo.com\\\/wp-content\\\/uploads\\\/2025\\\/12\\\/rosa-isela-rodriguez.png\",\"articleSection\":[\"Pol\u00edtica\"],\"inLanguage\":\"es\",\"potentialAction\":[{\"@type\":\"CommentAction\",\"name\":\"Comment\",\"target\":[\"https:\\\/\\\/redamlo.com\\\/index.php\\\/2025\\\/12\\\/18\\\/gobierno-federal-mantiene-acuerdos-con-transportistas-y-refuerza-atencion-al-campo\\\/#respond\"]}]},{\"@type\":\"WebPage\",\"@id\":\"https:\\\/\\\/redamlo.com\\\/index.php\\\/2025\\\/12\\\/18\\\/gobierno-federal-mantiene-acuerdos-con-transportistas-y-refuerza-atencion-al-campo\\\/\",\"url\":\"https:\\\/\\\/redamlo.com\\\/index.php\\\/2025\\\/12\\\/18\\\/gobierno-federal-mantiene-acuerdos-con-transportistas-y-refuerza-atencion-al-campo\\\/\",\"name\":\"Gobierno federal mantiene acuerdos con transportistas y refuerza atenci\u00f3n al campo - NOTICIAS DE LA 4T\",\"isPartOf\":{\"@id\":\"https:\\\/\\\/redamlo.com\\\/#website\"},\"primaryImageOfPage\":{\"@id\":\"https:\\\/\\\/redamlo.com\\\/index.php\\\/2025\\\/12\\\/18\\\/gobierno-federal-mantiene-acuerdos-con-transportistas-y-refuerza-atencion-al-campo\\\/#primaryimage\"},\"image\":{\"@id\":\"https:\\\/\\\/redamlo.com\\\/index.php\\\/2025\\\/12\\\/18\\\/gobierno-federal-mantiene-acuerdos-con-transportistas-y-refuerza-atencion-al-campo\\\/#primaryimage\"},\"thumbnailUrl\":\"https:\\\/\\\/redamlo.com\\\/wp-content\\\/uploads\\\/2025\\\/12\\\/rosa-isela-rodriguez.png\",\"datePublished\":\"2025-12-18T22:07:18+00:00\",\"dateModified\":\"2025-12-18T22:12:24+00:00\",\"breadcrumb\":{\"@id\":\"https:\\\/\\\/redamlo.com\\\/index.php\\\/2025\\\/12\\\/18\\\/gobierno-federal-mantiene-acuerdos-con-transportistas-y-refuerza-atencion-al-campo\\\/#breadcrumb\"},\"inLanguage\":\"es\",\"potentialAction\":[{\"@type\":\"ReadAction\",\"target\":[\"https:\\\/\\\/redamlo.com\\\/index.php\\\/2025\\\/12\\\/18\\\/gobierno-federal-mantiene-acuerdos-con-transportistas-y-refuerza-atencion-al-campo\\\/\"]}]},{\"@type\":\"ImageObject\",\"inLanguage\":\"es\",\"@id\":\"https:\\\/\\\/redamlo.com\\\/index.php\\\/2025\\\/12\\\/18\\\/gobierno-federal-mantiene-acuerdos-con-transportistas-y-refuerza-atencion-al-campo\\\/#primaryimage\",\"url\":\"https:\\\/\\\/redamlo.com\\\/wp-content\\\/uploads\\\/2025\\\/12\\\/rosa-isela-rodriguez.png\",\"contentUrl\":\"https:\\\/\\\/redamlo.com\\\/wp-content\\\/uploads\\\/2025\\\/12\\\/rosa-isela-rodriguez.png\",\"width\":831,\"height\":642},{\"@type\":\"BreadcrumbList\",\"@id\":\"https:\\\/\\\/redamlo.com\\\/index.php\\\/2025\\\/12\\\/18\\\/gobierno-federal-mantiene-acuerdos-con-transportistas-y-refuerza-atencion-al-campo\\\/#breadcrumb\",\"itemListElement\":[{\"@type\":\"ListItem\",\"position\":1,\"name\":\"Inicio\",\"item\":\"https:\\\/\\\/redamlo.com\\\/\"},{\"@type\":\"ListItem\",\"position\":2,\"name\":\"Gobierno federal mantiene acuerdos con transportistas y refuerza atenci\u00f3n al campo\"}]},{\"@type\":\"WebSite\",\"@id\":\"https:\\\/\\\/redamlo.com\\\/#website\",\"url\":\"https:\\\/\\\/redamlo.com\\\/\",\"name\":\"NOTICIAS DE LA 4T\",\"description\":\"\",\"publisher\":{\"@id\":\"https:\\\/\\\/redamlo.com\\\/#organization\"},\"potentialAction\":[{\"@type\":\"SearchAction\",\"target\":{\"@type\":\"EntryPoint\",\"urlTemplate\":\"https:\\\/\\\/redamlo.com\\\/?s={search_term_string}\"},\"query-input\":{\"@type\":\"PropertyValueSpecification\",\"valueRequired\":true,\"valueName\":\"search_term_string\"}}],\"inLanguage\":\"es\"},{\"@type\":\"Organization\",\"@id\":\"https:\\\/\\\/redamlo.com\\\/#organization\",\"name\":\"NOTICIAS DE LA 4T\",\"url\":\"https:\\\/\\\/redamlo.com\\\/\",\"logo\":{\"@type\":\"ImageObject\",\"inLanguage\":\"es\",\"@id\":\"https:\\\/\\\/redamlo.com\\\/#\\\/schema\\\/logo\\\/image\\\/\",\"url\":\"https:\\\/\\\/redamlo.com\\\/wp-content\\\/uploads\\\/2024\\\/08\\\/cropped-RED-AMLO-logo-50.png\",\"contentUrl\":\"https:\\\/\\\/redamlo.com\\\/wp-content\\\/uploads\\\/2024\\\/08\\\/cropped-RED-AMLO-logo-50.png\",\"width\":256,\"height\":256,\"caption\":\"NOTICIAS DE LA 4T\"},\"image\":{\"@id\":\"https:\\\/\\\/redamlo.com\\\/#\\\/schema\\\/logo\\\/image\\\/\"}},{\"@type\":\"Person\",\"@id\":\"https:\\\/\\\/redamlo.com\\\/#\\\/schema\\\/person\\\/197a0a670d21b1f4f1483ddda1b64613\",\"name\":\"admin\",\"image\":{\"@type\":\"ImageObject\",\"inLanguage\":\"es\",\"@id\":\"https:\\\/\\\/secure.gravatar.com\\\/avatar\\\/293dccd927043f2e641da6685c2f84009782eb9ee0054daceada4e261ded849a?s=96&d=mm&r=g\",\"url\":\"https:\\\/\\\/secure.gravatar.com\\\/avatar\\\/293dccd927043f2e641da6685c2f84009782eb9ee0054daceada4e261ded849a?s=96&d=mm&r=g\",\"contentUrl\":\"https:\\\/\\\/secure.gravatar.com\\\/avatar\\\/293dccd927043f2e641da6685c2f84009782eb9ee0054daceada4e261ded849a?s=96&d=mm&r=g\",\"caption\":\"admin\"},\"sameAs\":[\"https:\\\/\\\/redamlo.com\"],\"url\":\"https:\\\/\\\/redamlo.com\\\/index.php\\\/author\\\/stell\\\/\"}]}<\/script>\n<!-- \/ Yoast SEO plugin. -->","yoast_head_json":{"title":"Gobierno federal mantiene acuerdos con transportistas y refuerza atenci\u00f3n al campo - NOTICIAS DE LA 4T","robots":{"index":"noindex","follow":"follow","max-snippet":"max-snippet:-1","max-image-preview":"max-image-preview:large","max-video-preview":"max-video-preview:-1"},"og_locale":"es_MX","og_type":"article","og_title":"Gobierno federal mantiene acuerdos con transportistas y refuerza atenci\u00f3n al campo - NOTICIAS DE LA 4T","og_description":"Ciudad de M\u00e9xico.\u2014 El gobierno federal mantendr\u00e1 abiertas las v\u00edas de comunicaci\u00f3n con transportistas y...","og_url":"https:\/\/redamlo.com\/index.php\/2025\/12\/18\/gobierno-federal-mantiene-acuerdos-con-transportistas-y-refuerza-atencion-al-campo\/","og_site_name":"NOTICIAS DE LA 4T","article_published_time":"2025-12-18T22:07:18+00:00","article_modified_time":"2025-12-18T22:12:24+00:00","og_image":[{"width":831,"height":642,"url":"https:\/\/redamlo.com\/wp-content\/uploads\/2025\/12\/rosa-isela-rodriguez.png","type":"image\/png"}],"author":"admin","twitter_card":"summary_large_image","twitter_misc":{"Escrito por":"admin","Tiempo de lectura":"2 minutos"},"schema":{"@context":"https:\/\/schema.org","@graph":[{"@type":"Article","@id":"https:\/\/redamlo.com\/index.php\/2025\/12\/18\/gobierno-federal-mantiene-acuerdos-con-transportistas-y-refuerza-atencion-al-campo\/#article","isPartOf":{"@id":"https:\/\/redamlo.com\/index.php\/2025\/12\/18\/gobierno-federal-mantiene-acuerdos-con-transportistas-y-refuerza-atencion-al-campo\/"},"author":{"name":"admin","@id":"https:\/\/redamlo.com\/#\/schema\/person\/197a0a670d21b1f4f1483ddda1b64613"},"headline":"Gobierno federal mantiene acuerdos con transportistas y refuerza atenci\u00f3n al campo","datePublished":"2025-12-18T22:07:18+00:00","dateModified":"2025-12-18T22:12:24+00:00","mainEntityOfPage":{"@id":"https:\/\/redamlo.com\/index.php\/2025\/12\/18\/gobierno-federal-mantiene-acuerdos-con-transportistas-y-refuerza-atencion-al-campo\/"},"wordCount":395,"commentCount":0,"publisher":{"@id":"https:\/\/redamlo.com\/#organization"},"image":{"@id":"https:\/\/redamlo.com\/index.php\/2025\/12\/18\/gobierno-federal-mantiene-acuerdos-con-transportistas-y-refuerza-atencion-al-campo\/#primaryimage"},"thumbnailUrl":"https:\/\/redamlo.com\/wp-content\/uploads\/2025\/12\/rosa-isela-rodriguez.png","articleSection":["Pol\u00edtica"],"inLanguage":"es","potentialAction":[{"@type":"CommentAction","name":"Comment","target":["https:\/\/redamlo.com\/index.php\/2025\/12\/18\/gobierno-federal-mantiene-acuerdos-con-transportistas-y-refuerza-atencion-al-campo\/#respond"]}]},{"@type":"WebPage","@id":"https:\/\/redamlo.com\/index.php\/2025\/12\/18\/gobierno-federal-mantiene-acuerdos-con-transportistas-y-refuerza-atencion-al-campo\/","url":"https:\/\/redamlo.com\/index.php\/2025\/12\/18\/gobierno-federal-mantiene-acuerdos-con-transportistas-y-refuerza-atencion-al-campo\/","name":"Gobierno federal mantiene acuerdos con transportistas y refuerza atenci\u00f3n al campo - NOTICIAS DE LA 4T","isPartOf":{"@id":"https:\/\/redamlo.com\/#website"},"primaryImageOfPage":{"@id":"https:\/\/redamlo.com\/index.php\/2025\/12\/18\/gobierno-federal-mantiene-acuerdos-con-transportistas-y-refuerza-atencion-al-campo\/#primaryimage"},"image":{"@id":"https:\/\/redamlo.com\/index.php\/2025\/12\/18\/gobierno-federal-mantiene-acuerdos-con-transportistas-y-refuerza-atencion-al-campo\/#primaryimage"},"thumbnailUrl":"https:\/\/redamlo.com\/wp-content\/uploads\/2025\/12\/rosa-isela-rodriguez.png","datePublished":"2025-12-18T22:07:18+00:00","dateModified":"2025-12-18T22:12:24+00:00","breadcrumb":{"@id":"https:\/\/redamlo.com\/index.php\/2025\/12\/18\/gobierno-federal-mantiene-acuerdos-con-transportistas-y-refuerza-atencion-al-campo\/#breadcrumb"},"inLanguage":"es","potentialAction":[{"@type":"ReadAction","target":["https:\/\/redamlo.com\/index.php\/2025\/12\/18\/gobierno-federal-mantiene-acuerdos-con-transportistas-y-refuerza-atencion-al-campo\/"]}]},{"@type":"ImageObject","inLanguage":"es","@id":"https:\/\/redamlo.com\/index.php\/2025\/12\/18\/gobierno-federal-mantiene-acuerdos-con-transportistas-y-refuerza-atencion-al-campo\/#primaryimage","url":"https:\/\/redamlo.com\/wp-content\/uploads\/2025\/12\/rosa-isela-rodriguez.png","contentUrl":"https:\/\/redamlo.com\/wp-content\/uploads\/2025\/12\/rosa-isela-rodriguez.png","width":831,"height":642},{"@type":"BreadcrumbList","@id":"https:\/\/redamlo.com\/index.php\/2025\/12\/18\/gobierno-federal-mantiene-acuerdos-con-transportistas-y-refuerza-atencion-al-campo\/#breadcrumb","itemListElement":[{"@type":"ListItem","position":1,"name":"Inicio","item":"https:\/\/redamlo.com\/"},{"@type":"ListItem","position":2,"name":"Gobierno federal mantiene acuerdos con transportistas y refuerza atenci\u00f3n al campo"}]},{"@type":"WebSite","@id":"https:\/\/redamlo.com\/#website","url":"https:\/\/redamlo.com\/","name":"NOTICIAS DE LA 4T","description":"","publisher":{"@id":"https:\/\/redamlo.com\/#organization"},"potentialAction":[{"@type":"SearchAction","target":{"@type":"EntryPoint","urlTemplate":"https:\/\/redamlo.com\/?s={search_term_string}"},"query-input":{"@type":"PropertyValueSpecification","valueRequired":true,"valueName":"search_term_string"}}],"inLanguage":"es"},{"@type":"Organization","@id":"https:\/\/redamlo.com\/#organization","name":"NOTICIAS DE LA 4T","url":"https:\/\/redamlo.com\/","logo":{"@type":"ImageObject","inLanguage":"es","@id":"https:\/\/redamlo.com\/#\/schema\/logo\/image\/","url":"https:\/\/redamlo.com\/wp-content\/uploads\/2024\/08\/cropped-RED-AMLO-logo-50.png","contentUrl":"https:\/\/redamlo.com\/wp-content\/uploads\/2024\/08\/cropped-RED-AMLO-logo-50.png","width":256,"height":256,"caption":"NOTICIAS DE LA 4T"},"image":{"@id":"https:\/\/redamlo.com\/#\/schema\/logo\/image\/"}},{"@type":"Person","@id":"https:\/\/redamlo.com\/#\/schema\/person\/197a0a670d21b1f4f1483ddda1b64613","name":"admin","image":{"@type":"ImageObject","inLanguage":"es","@id":"https:\/\/secure.gravatar.com\/avatar\/293dccd927043f2e641da6685c2f84009782eb9ee0054daceada4e261ded849a?s=96&d=mm&r=g","url":"https:\/\/secure.gravatar.com\/avatar\/293dccd927043f2e641da6685c2f84009782eb9ee0054daceada4e261ded849a?s=96&d=mm&r=g","contentUrl":"https:\/\/secure.gravatar.com\/avatar\/293dccd927043f2e641da6685c2f84009782eb9ee0054daceada4e261ded849a?s=96&d=mm&r=g","caption":"admin"},"sameAs":["https:\/\/redamlo.com"],"url":"https:\/\/redamlo.com\/index.php\/author\/stell\/"}]}},"_links":{"self":[{"href":"https:\/\/redamlo.com\/index.php\/wp-json\/wp\/v2\/posts\/8934","targetHints":{"allow":["GET"]}}],"collection":[{"href":"https:\/\/redamlo.com\/index.php\/wp-json\/wp\/v2\/posts"}],"about":[{"href":"https:\/\/redamlo.com\/index.php\/wp-json\/wp\/v2\/types\/post"}],"author":[{"embeddable":true,"href":"https:\/\/redamlo.com\/index.php\/wp-json\/wp\/v2\/users\/1"}],"replies":[{"embeddable":true,"href":"https:\/\/redamlo.com\/index.php\/wp-json\/wp\/v2\/comments?post=8934"}],"version-history":[{"count":1,"href":"https:\/\/redamlo.com\/index.php\/wp-json\/wp\/v2\/posts\/8934\/revisions"}],"predecessor-version":[{"id":8936,"href":"https:\/\/redamlo.com\/index.php\/wp-json\/wp\/v2\/posts\/8934\/revisions\/8936"}],"wp:featuredmedia":[{"embeddable":true,"href":"https:\/\/redamlo.com\/index.php\/wp-json\/wp\/v2\/media\/8935"}],"wp:attachment":[{"href":"https:\/\/redamlo.com\/index.php\/wp-json\/wp\/v2\/media?parent=8934"}],"wp:term":[{"taxonomy":"category","embeddable":true,"href":"https:\/\/redamlo.com\/index.php\/wp-json\/wp\/v2\/categories?post=8934"},{"taxonomy":"post_tag","embeddable":true,"href":"https:\/\/redamlo.com\/index.php\/wp-json\/wp\/v2\/tags?post=8934"}],"curies":[{"name":"wp","href":"https:\/\/api.w.org\/{rel}","templated":true}]}}