{"id":8931,"date":"2025-12-18T21:33:44","date_gmt":"2025-12-18T21:33:44","guid":{"rendered":"https:\/\/redamlo.com\/?p=8931"},"modified":"2025-12-18T21:33:45","modified_gmt":"2025-12-18T21:33:45","slug":"tras-18-anos-mineros-de-cananea-ponen-fin-a-uno-de-los-conflictos-laborales-mas-largos-del-pais","status":"publish","type":"post","link":"https:\/\/redamlo.com\/index.php\/2025\/12\/18\/tras-18-anos-mineros-de-cananea-ponen-fin-a-uno-de-los-conflictos-laborales-mas-largos-del-pais\/","title":{"rendered":"Tras 18 a\u00f1os, mineros de Cananea ponen fin a uno de los conflictos laborales m\u00e1s largos del pa\u00eds"},"content":{"rendered":"\n<p>Ciudad de M\u00e9xico.\u2014 Luego de m\u00e1s de 18 a\u00f1os de paro, los trabajadores de la mina de Cananea, en Sonora, afiliados al Sindicato Nacional Minero, dieron por concluido uno de los conflictos laborales m\u00e1s prolongados en la historia del pa\u00eds, tras aprobar un acuerdo definitivo alcanzado con la participaci\u00f3n del Gobierno federal.<\/p>\n\n\n\n<p>Durante casi dos d\u00e9cadas, los mineros de la Secci\u00f3n 65 enfrentaron una confrontaci\u00f3n marcada por presiones econ\u00f3micas, pol\u00edticas y judiciales, as\u00ed como por condiciones de precariedad que incluyeron desempleo prolongado, carencias alimentarias y episodios de represi\u00f3n. En el transcurso de este conflicto fallecieron al menos 52 trabajadores, de acuerdo con el recuento del gremio.<\/p>\n\n\n\n<p>La resoluci\u00f3n fue avalada por unanimidad en una asamblea general realizada en las instalaciones sindicales de Cananea, donde se respaldaron los t\u00e9rminos de un Plan de Soluci\u00f3n Integral elaborado de manera conjunta por el Sindicato Nacional Minero y el Gobierno de M\u00e9xico. El acuerdo cont\u00f3 con la intervenci\u00f3n de la presidenta Claudia Sheinbaum, as\u00ed como de las secretar\u00edas de Gobernaci\u00f3n y de Trabajo y Previsi\u00f3n Social, adem\u00e1s del gobierno del estado de Sonora.<\/p>\n\n\n\n<p>Napole\u00f3n G\u00f3mez Urrutia, dirigente nacional del sindicato, celebr\u00f3 el cierre del conflicto y destac\u00f3 la resistencia de los trabajadores a lo largo de los a\u00f1os. En un mensaje difundido en redes sociales, afirm\u00f3 que el desenlace representa el fin de una etapa marcada por abusos, injusticias y el uso de la fuerza para intentar desarticular el movimiento sindical.<\/p>\n\n\n\n<p>Si bien reconoci\u00f3 que el acuerdo pone fin a una de las disputas laborales m\u00e1s complejas del pa\u00eds, G\u00f3mez Urrutia subray\u00f3 que el di\u00e1logo debe continuar para lograr soluciones en otros conflictos mineros a\u00fan vigentes, como los de Taxco, Guerrero, y Sombrerete, Zacatecas, que estallaron de manera simult\u00e1nea en julio de 2007.<\/p>\n\n\n\n<p>El Sindicato Nacional Minero detall\u00f3 que el Plan de Soluci\u00f3n Integral contempla una liquidaci\u00f3n que respeta cl\u00e1usulas sustantivas del Contrato Colectivo de Trabajo original y reconoce plenamente los derechos adquiridos de los trabajadores.<\/p>\n\n\n\n<p>Entre los puntos centrales del acuerdo destaca la incorporaci\u00f3n de m\u00e1s de 650 trabajadores y sus familias al Instituto Mexicano del Seguro Social (IMSS), lo que permitir\u00e1 el acceso a servicios de salud tras a\u00f1os de exclusi\u00f3n durante el conflicto.<\/p>\n\n\n\n<p>Asimismo, se estableci\u00f3 un esquema para garantizar el acceso a pensiones, considerando las particularidades de cada caso, tanto para quienes cotizan bajo la Ley del Seguro Social de 1973 como para aquellos sujetos al r\u00e9gimen de 1997.<\/p>\n\n\n\n<p>El convenio tambi\u00e9n abre la posibilidad de reincorporaci\u00f3n laboral para los trabajadores que as\u00ed lo decidan y extiende sus beneficios a las viudas de los mineros fallecidos durante el prolongado paro.<\/p>\n\n\n\n<p>Iniciada en julio de 2007, la huelga de Cananea se convirti\u00f3 en un referente nacional de la lucha sindical frente al poder corporativo, originada por la defensa del contrato colectivo y por las condiciones de inseguridad en la operaci\u00f3n minera. A pesar del desgaste econ\u00f3mico y humano, el sindicato destac\u00f3 que los trabajadores y sus familias mantuvieron la determinaci\u00f3n de alcanzar una salida justa al conflicto.<\/p>\n","protected":false},"excerpt":{"rendered":"<p>Ciudad de M\u00e9xico.\u2014 Luego de m\u00e1s de 18 a\u00f1os de paro, los trabajadores de la&#8230;<\/p>\n","protected":false},"author":1,"featured_media":8932,"comment_status":"open","ping_status":"open","sticky":false,"template":"","format":"standard","meta":{"footnotes":""},"categories":[5],"tags":[],"class_list":["post-8931","post","type-post","status-publish","format-standard","has-post-thumbnail","hentry","category-politica"],"yoast_head":"<!-- This site is optimized with the Yoast SEO plugin v27.5 - https:\/\/yoast.com\/product\/yoast-seo-wordpress\/ -->\n<title>Tras 18 a\u00f1os, mineros de Cananea ponen fin a uno de los conflictos laborales m\u00e1s largos del pa\u00eds - NOTICIAS DE LA 4T<\/title>\n<meta name=\"robots\" content=\"noindex, follow, max-snippet:-1, max-image-preview:large, max-video-preview:-1\" \/>\n<meta property=\"og:locale\" content=\"es_MX\" \/>\n<meta property=\"og:type\" content=\"article\" \/>\n<meta property=\"og:title\" content=\"Tras 18 a\u00f1os, mineros de Cananea ponen fin a uno de los conflictos laborales m\u00e1s largos del pa\u00eds - NOTICIAS DE LA 4T\" \/>\n<meta property=\"og:description\" content=\"Ciudad de M\u00e9xico.\u2014 Luego de m\u00e1s de 18 a\u00f1os de paro, los trabajadores de la...\" \/>\n<meta property=\"og:url\" content=\"https:\/\/redamlo.com\/index.php\/2025\/12\/18\/tras-18-anos-mineros-de-cananea-ponen-fin-a-uno-de-los-conflictos-laborales-mas-largos-del-pais\/\" \/>\n<meta property=\"og:site_name\" content=\"NOTICIAS DE LA 4T\" \/>\n<meta property=\"article:published_time\" content=\"2025-12-18T21:33:44+00:00\" \/>\n<meta property=\"article:modified_time\" content=\"2025-12-18T21:33:45+00:00\" \/>\n<meta property=\"og:image\" content=\"https:\/\/redamlo.com\/wp-content\/uploads\/2025\/12\/minas-de-cananea-3.png\" \/>\n\t<meta property=\"og:image:width\" content=\"1104\" \/>\n\t<meta property=\"og:image:height\" content=\"555\" \/>\n\t<meta property=\"og:image:type\" content=\"image\/png\" \/>\n<meta name=\"author\" content=\"admin\" \/>\n<meta name=\"twitter:card\" content=\"summary_large_image\" \/>\n<meta name=\"twitter:label1\" content=\"Escrito por\" \/>\n\t<meta name=\"twitter:data1\" content=\"admin\" \/>\n\t<meta name=\"twitter:label2\" content=\"Tiempo de lectura\" \/>\n\t<meta name=\"twitter:data2\" content=\"3 minutos\" \/>\n<script type=\"application\/ld+json\" class=\"yoast-schema-graph\">{\"@context\":\"https:\\\/\\\/schema.org\",\"@graph\":[{\"@type\":\"Article\",\"@id\":\"https:\\\/\\\/redamlo.com\\\/index.php\\\/2025\\\/12\\\/18\\\/tras-18-anos-mineros-de-cananea-ponen-fin-a-uno-de-los-conflictos-laborales-mas-largos-del-pais\\\/#article\",\"isPartOf\":{\"@id\":\"https:\\\/\\\/redamlo.com\\\/index.php\\\/2025\\\/12\\\/18\\\/tras-18-anos-mineros-de-cananea-ponen-fin-a-uno-de-los-conflictos-laborales-mas-largos-del-pais\\\/\"},\"author\":{\"name\":\"admin\",\"@id\":\"https:\\\/\\\/redamlo.com\\\/#\\\/schema\\\/person\\\/197a0a670d21b1f4f1483ddda1b64613\"},\"headline\":\"Tras 18 a\u00f1os, mineros de Cananea ponen fin a uno de los conflictos laborales m\u00e1s largos del pa\u00eds\",\"datePublished\":\"2025-12-18T21:33:44+00:00\",\"dateModified\":\"2025-12-18T21:33:45+00:00\",\"mainEntityOfPage\":{\"@id\":\"https:\\\/\\\/redamlo.com\\\/index.php\\\/2025\\\/12\\\/18\\\/tras-18-anos-mineros-de-cananea-ponen-fin-a-uno-de-los-conflictos-laborales-mas-largos-del-pais\\\/\"},\"wordCount\":551,\"commentCount\":0,\"publisher\":{\"@id\":\"https:\\\/\\\/redamlo.com\\\/#organization\"},\"image\":{\"@id\":\"https:\\\/\\\/redamlo.com\\\/index.php\\\/2025\\\/12\\\/18\\\/tras-18-anos-mineros-de-cananea-ponen-fin-a-uno-de-los-conflictos-laborales-mas-largos-del-pais\\\/#primaryimage\"},\"thumbnailUrl\":\"https:\\\/\\\/redamlo.com\\\/wp-content\\\/uploads\\\/2025\\\/12\\\/minas-de-cananea-3.png\",\"articleSection\":[\"Pol\u00edtica\"],\"inLanguage\":\"es\",\"potentialAction\":[{\"@type\":\"CommentAction\",\"name\":\"Comment\",\"target\":[\"https:\\\/\\\/redamlo.com\\\/index.php\\\/2025\\\/12\\\/18\\\/tras-18-anos-mineros-de-cananea-ponen-fin-a-uno-de-los-conflictos-laborales-mas-largos-del-pais\\\/#respond\"]}]},{\"@type\":\"WebPage\",\"@id\":\"https:\\\/\\\/redamlo.com\\\/index.php\\\/2025\\\/12\\\/18\\\/tras-18-anos-mineros-de-cananea-ponen-fin-a-uno-de-los-conflictos-laborales-mas-largos-del-pais\\\/\",\"url\":\"https:\\\/\\\/redamlo.com\\\/index.php\\\/2025\\\/12\\\/18\\\/tras-18-anos-mineros-de-cananea-ponen-fin-a-uno-de-los-conflictos-laborales-mas-largos-del-pais\\\/\",\"name\":\"Tras 18 a\u00f1os, mineros de Cananea ponen fin a uno de los conflictos laborales m\u00e1s largos del pa\u00eds - NOTICIAS DE LA 4T\",\"isPartOf\":{\"@id\":\"https:\\\/\\\/redamlo.com\\\/#website\"},\"primaryImageOfPage\":{\"@id\":\"https:\\\/\\\/redamlo.com\\\/index.php\\\/2025\\\/12\\\/18\\\/tras-18-anos-mineros-de-cananea-ponen-fin-a-uno-de-los-conflictos-laborales-mas-largos-del-pais\\\/#primaryimage\"},\"image\":{\"@id\":\"https:\\\/\\\/redamlo.com\\\/index.php\\\/2025\\\/12\\\/18\\\/tras-18-anos-mineros-de-cananea-ponen-fin-a-uno-de-los-conflictos-laborales-mas-largos-del-pais\\\/#primaryimage\"},\"thumbnailUrl\":\"https:\\\/\\\/redamlo.com\\\/wp-content\\\/uploads\\\/2025\\\/12\\\/minas-de-cananea-3.png\",\"datePublished\":\"2025-12-18T21:33:44+00:00\",\"dateModified\":\"2025-12-18T21:33:45+00:00\",\"breadcrumb\":{\"@id\":\"https:\\\/\\\/redamlo.com\\\/index.php\\\/2025\\\/12\\\/18\\\/tras-18-anos-mineros-de-cananea-ponen-fin-a-uno-de-los-conflictos-laborales-mas-largos-del-pais\\\/#breadcrumb\"},\"inLanguage\":\"es\",\"potentialAction\":[{\"@type\":\"ReadAction\",\"target\":[\"https:\\\/\\\/redamlo.com\\\/index.php\\\/2025\\\/12\\\/18\\\/tras-18-anos-mineros-de-cananea-ponen-fin-a-uno-de-los-conflictos-laborales-mas-largos-del-pais\\\/\"]}]},{\"@type\":\"ImageObject\",\"inLanguage\":\"es\",\"@id\":\"https:\\\/\\\/redamlo.com\\\/index.php\\\/2025\\\/12\\\/18\\\/tras-18-anos-mineros-de-cananea-ponen-fin-a-uno-de-los-conflictos-laborales-mas-largos-del-pais\\\/#primaryimage\",\"url\":\"https:\\\/\\\/redamlo.com\\\/wp-content\\\/uploads\\\/2025\\\/12\\\/minas-de-cananea-3.png\",\"contentUrl\":\"https:\\\/\\\/redamlo.com\\\/wp-content\\\/uploads\\\/2025\\\/12\\\/minas-de-cananea-3.png\",\"width\":1104,\"height\":555},{\"@type\":\"BreadcrumbList\",\"@id\":\"https:\\\/\\\/redamlo.com\\\/index.php\\\/2025\\\/12\\\/18\\\/tras-18-anos-mineros-de-cananea-ponen-fin-a-uno-de-los-conflictos-laborales-mas-largos-del-pais\\\/#breadcrumb\",\"itemListElement\":[{\"@type\":\"ListItem\",\"position\":1,\"name\":\"Inicio\",\"item\":\"https:\\\/\\\/redamlo.com\\\/\"},{\"@type\":\"ListItem\",\"position\":2,\"name\":\"Tras 18 a\u00f1os, mineros de Cananea ponen fin a uno de los conflictos laborales m\u00e1s largos del pa\u00eds\"}]},{\"@type\":\"WebSite\",\"@id\":\"https:\\\/\\\/redamlo.com\\\/#website\",\"url\":\"https:\\\/\\\/redamlo.com\\\/\",\"name\":\"NOTICIAS DE LA 4T\",\"description\":\"\",\"publisher\":{\"@id\":\"https:\\\/\\\/redamlo.com\\\/#organization\"},\"potentialAction\":[{\"@type\":\"SearchAction\",\"target\":{\"@type\":\"EntryPoint\",\"urlTemplate\":\"https:\\\/\\\/redamlo.com\\\/?s={search_term_string}\"},\"query-input\":{\"@type\":\"PropertyValueSpecification\",\"valueRequired\":true,\"valueName\":\"search_term_string\"}}],\"inLanguage\":\"es\"},{\"@type\":\"Organization\",\"@id\":\"https:\\\/\\\/redamlo.com\\\/#organization\",\"name\":\"NOTICIAS DE LA 4T\",\"url\":\"https:\\\/\\\/redamlo.com\\\/\",\"logo\":{\"@type\":\"ImageObject\",\"inLanguage\":\"es\",\"@id\":\"https:\\\/\\\/redamlo.com\\\/#\\\/schema\\\/logo\\\/image\\\/\",\"url\":\"https:\\\/\\\/redamlo.com\\\/wp-content\\\/uploads\\\/2024\\\/08\\\/cropped-RED-AMLO-logo-50.png\",\"contentUrl\":\"https:\\\/\\\/redamlo.com\\\/wp-content\\\/uploads\\\/2024\\\/08\\\/cropped-RED-AMLO-logo-50.png\",\"width\":256,\"height\":256,\"caption\":\"NOTICIAS DE LA 4T\"},\"image\":{\"@id\":\"https:\\\/\\\/redamlo.com\\\/#\\\/schema\\\/logo\\\/image\\\/\"}},{\"@type\":\"Person\",\"@id\":\"https:\\\/\\\/redamlo.com\\\/#\\\/schema\\\/person\\\/197a0a670d21b1f4f1483ddda1b64613\",\"name\":\"admin\",\"image\":{\"@type\":\"ImageObject\",\"inLanguage\":\"es\",\"@id\":\"https:\\\/\\\/secure.gravatar.com\\\/avatar\\\/293dccd927043f2e641da6685c2f84009782eb9ee0054daceada4e261ded849a?s=96&d=mm&r=g\",\"url\":\"https:\\\/\\\/secure.gravatar.com\\\/avatar\\\/293dccd927043f2e641da6685c2f84009782eb9ee0054daceada4e261ded849a?s=96&d=mm&r=g\",\"contentUrl\":\"https:\\\/\\\/secure.gravatar.com\\\/avatar\\\/293dccd927043f2e641da6685c2f84009782eb9ee0054daceada4e261ded849a?s=96&d=mm&r=g\",\"caption\":\"admin\"},\"sameAs\":[\"https:\\\/\\\/redamlo.com\"],\"url\":\"https:\\\/\\\/redamlo.com\\\/index.php\\\/author\\\/stell\\\/\"}]}<\/script>\n<!-- \/ Yoast SEO plugin. -->","yoast_head_json":{"title":"Tras 18 a\u00f1os, mineros de Cananea ponen fin a uno de los conflictos laborales m\u00e1s largos del pa\u00eds - NOTICIAS DE LA 4T","robots":{"index":"noindex","follow":"follow","max-snippet":"max-snippet:-1","max-image-preview":"max-image-preview:large","max-video-preview":"max-video-preview:-1"},"og_locale":"es_MX","og_type":"article","og_title":"Tras 18 a\u00f1os, mineros de Cananea ponen fin a uno de los conflictos laborales m\u00e1s largos del pa\u00eds - NOTICIAS DE LA 4T","og_description":"Ciudad de M\u00e9xico.\u2014 Luego de m\u00e1s de 18 a\u00f1os de paro, los trabajadores de la...","og_url":"https:\/\/redamlo.com\/index.php\/2025\/12\/18\/tras-18-anos-mineros-de-cananea-ponen-fin-a-uno-de-los-conflictos-laborales-mas-largos-del-pais\/","og_site_name":"NOTICIAS DE LA 4T","article_published_time":"2025-12-18T21:33:44+00:00","article_modified_time":"2025-12-18T21:33:45+00:00","og_image":[{"width":1104,"height":555,"url":"https:\/\/redamlo.com\/wp-content\/uploads\/2025\/12\/minas-de-cananea-3.png","type":"image\/png"}],"author":"admin","twitter_card":"summary_large_image","twitter_misc":{"Escrito por":"admin","Tiempo de lectura":"3 minutos"},"schema":{"@context":"https:\/\/schema.org","@graph":[{"@type":"Article","@id":"https:\/\/redamlo.com\/index.php\/2025\/12\/18\/tras-18-anos-mineros-de-cananea-ponen-fin-a-uno-de-los-conflictos-laborales-mas-largos-del-pais\/#article","isPartOf":{"@id":"https:\/\/redamlo.com\/index.php\/2025\/12\/18\/tras-18-anos-mineros-de-cananea-ponen-fin-a-uno-de-los-conflictos-laborales-mas-largos-del-pais\/"},"author":{"name":"admin","@id":"https:\/\/redamlo.com\/#\/schema\/person\/197a0a670d21b1f4f1483ddda1b64613"},"headline":"Tras 18 a\u00f1os, mineros de Cananea ponen fin a uno de los conflictos laborales m\u00e1s largos del pa\u00eds","datePublished":"2025-12-18T21:33:44+00:00","dateModified":"2025-12-18T21:33:45+00:00","mainEntityOfPage":{"@id":"https:\/\/redamlo.com\/index.php\/2025\/12\/18\/tras-18-anos-mineros-de-cananea-ponen-fin-a-uno-de-los-conflictos-laborales-mas-largos-del-pais\/"},"wordCount":551,"commentCount":0,"publisher":{"@id":"https:\/\/redamlo.com\/#organization"},"image":{"@id":"https:\/\/redamlo.com\/index.php\/2025\/12\/18\/tras-18-anos-mineros-de-cananea-ponen-fin-a-uno-de-los-conflictos-laborales-mas-largos-del-pais\/#primaryimage"},"thumbnailUrl":"https:\/\/redamlo.com\/wp-content\/uploads\/2025\/12\/minas-de-cananea-3.png","articleSection":["Pol\u00edtica"],"inLanguage":"es","potentialAction":[{"@type":"CommentAction","name":"Comment","target":["https:\/\/redamlo.com\/index.php\/2025\/12\/18\/tras-18-anos-mineros-de-cananea-ponen-fin-a-uno-de-los-conflictos-laborales-mas-largos-del-pais\/#respond"]}]},{"@type":"WebPage","@id":"https:\/\/redamlo.com\/index.php\/2025\/12\/18\/tras-18-anos-mineros-de-cananea-ponen-fin-a-uno-de-los-conflictos-laborales-mas-largos-del-pais\/","url":"https:\/\/redamlo.com\/index.php\/2025\/12\/18\/tras-18-anos-mineros-de-cananea-ponen-fin-a-uno-de-los-conflictos-laborales-mas-largos-del-pais\/","name":"Tras 18 a\u00f1os, mineros de Cananea ponen fin a uno de los conflictos laborales m\u00e1s largos del pa\u00eds - NOTICIAS DE LA 4T","isPartOf":{"@id":"https:\/\/redamlo.com\/#website"},"primaryImageOfPage":{"@id":"https:\/\/redamlo.com\/index.php\/2025\/12\/18\/tras-18-anos-mineros-de-cananea-ponen-fin-a-uno-de-los-conflictos-laborales-mas-largos-del-pais\/#primaryimage"},"image":{"@id":"https:\/\/redamlo.com\/index.php\/2025\/12\/18\/tras-18-anos-mineros-de-cananea-ponen-fin-a-uno-de-los-conflictos-laborales-mas-largos-del-pais\/#primaryimage"},"thumbnailUrl":"https:\/\/redamlo.com\/wp-content\/uploads\/2025\/12\/minas-de-cananea-3.png","datePublished":"2025-12-18T21:33:44+00:00","dateModified":"2025-12-18T21:33:45+00:00","breadcrumb":{"@id":"https:\/\/redamlo.com\/index.php\/2025\/12\/18\/tras-18-anos-mineros-de-cananea-ponen-fin-a-uno-de-los-conflictos-laborales-mas-largos-del-pais\/#breadcrumb"},"inLanguage":"es","potentialAction":[{"@type":"ReadAction","target":["https:\/\/redamlo.com\/index.php\/2025\/12\/18\/tras-18-anos-mineros-de-cananea-ponen-fin-a-uno-de-los-conflictos-laborales-mas-largos-del-pais\/"]}]},{"@type":"ImageObject","inLanguage":"es","@id":"https:\/\/redamlo.com\/index.php\/2025\/12\/18\/tras-18-anos-mineros-de-cananea-ponen-fin-a-uno-de-los-conflictos-laborales-mas-largos-del-pais\/#primaryimage","url":"https:\/\/redamlo.com\/wp-content\/uploads\/2025\/12\/minas-de-cananea-3.png","contentUrl":"https:\/\/redamlo.com\/wp-content\/uploads\/2025\/12\/minas-de-cananea-3.png","width":1104,"height":555},{"@type":"BreadcrumbList","@id":"https:\/\/redamlo.com\/index.php\/2025\/12\/18\/tras-18-anos-mineros-de-cananea-ponen-fin-a-uno-de-los-conflictos-laborales-mas-largos-del-pais\/#breadcrumb","itemListElement":[{"@type":"ListItem","position":1,"name":"Inicio","item":"https:\/\/redamlo.com\/"},{"@type":"ListItem","position":2,"name":"Tras 18 a\u00f1os, mineros de Cananea ponen fin a uno de los conflictos laborales m\u00e1s largos del pa\u00eds"}]},{"@type":"WebSite","@id":"https:\/\/redamlo.com\/#website","url":"https:\/\/redamlo.com\/","name":"NOTICIAS DE LA 4T","description":"","publisher":{"@id":"https:\/\/redamlo.com\/#organization"},"potentialAction":[{"@type":"SearchAction","target":{"@type":"EntryPoint","urlTemplate":"https:\/\/redamlo.com\/?s={search_term_string}"},"query-input":{"@type":"PropertyValueSpecification","valueRequired":true,"valueName":"search_term_string"}}],"inLanguage":"es"},{"@type":"Organization","@id":"https:\/\/redamlo.com\/#organization","name":"NOTICIAS DE LA 4T","url":"https:\/\/redamlo.com\/","logo":{"@type":"ImageObject","inLanguage":"es","@id":"https:\/\/redamlo.com\/#\/schema\/logo\/image\/","url":"https:\/\/redamlo.com\/wp-content\/uploads\/2024\/08\/cropped-RED-AMLO-logo-50.png","contentUrl":"https:\/\/redamlo.com\/wp-content\/uploads\/2024\/08\/cropped-RED-AMLO-logo-50.png","width":256,"height":256,"caption":"NOTICIAS DE LA 4T"},"image":{"@id":"https:\/\/redamlo.com\/#\/schema\/logo\/image\/"}},{"@type":"Person","@id":"https:\/\/redamlo.com\/#\/schema\/person\/197a0a670d21b1f4f1483ddda1b64613","name":"admin","image":{"@type":"ImageObject","inLanguage":"es","@id":"https:\/\/secure.gravatar.com\/avatar\/293dccd927043f2e641da6685c2f84009782eb9ee0054daceada4e261ded849a?s=96&d=mm&r=g","url":"https:\/\/secure.gravatar.com\/avatar\/293dccd927043f2e641da6685c2f84009782eb9ee0054daceada4e261ded849a?s=96&d=mm&r=g","contentUrl":"https:\/\/secure.gravatar.com\/avatar\/293dccd927043f2e641da6685c2f84009782eb9ee0054daceada4e261ded849a?s=96&d=mm&r=g","caption":"admin"},"sameAs":["https:\/\/redamlo.com"],"url":"https:\/\/redamlo.com\/index.php\/author\/stell\/"}]}},"_links":{"self":[{"href":"https:\/\/redamlo.com\/index.php\/wp-json\/wp\/v2\/posts\/8931","targetHints":{"allow":["GET"]}}],"collection":[{"href":"https:\/\/redamlo.com\/index.php\/wp-json\/wp\/v2\/posts"}],"about":[{"href":"https:\/\/redamlo.com\/index.php\/wp-json\/wp\/v2\/types\/post"}],"author":[{"embeddable":true,"href":"https:\/\/redamlo.com\/index.php\/wp-json\/wp\/v2\/users\/1"}],"replies":[{"embeddable":true,"href":"https:\/\/redamlo.com\/index.php\/wp-json\/wp\/v2\/comments?post=8931"}],"version-history":[{"count":1,"href":"https:\/\/redamlo.com\/index.php\/wp-json\/wp\/v2\/posts\/8931\/revisions"}],"predecessor-version":[{"id":8933,"href":"https:\/\/redamlo.com\/index.php\/wp-json\/wp\/v2\/posts\/8931\/revisions\/8933"}],"wp:featuredmedia":[{"embeddable":true,"href":"https:\/\/redamlo.com\/index.php\/wp-json\/wp\/v2\/media\/8932"}],"wp:attachment":[{"href":"https:\/\/redamlo.com\/index.php\/wp-json\/wp\/v2\/media?parent=8931"}],"wp:term":[{"taxonomy":"category","embeddable":true,"href":"https:\/\/redamlo.com\/index.php\/wp-json\/wp\/v2\/categories?post=8931"},{"taxonomy":"post_tag","embeddable":true,"href":"https:\/\/redamlo.com\/index.php\/wp-json\/wp\/v2\/tags?post=8931"}],"curies":[{"name":"wp","href":"https:\/\/api.w.org\/{rel}","templated":true}]}}