{"id":893,"date":"2020-07-17T09:38:55","date_gmt":"2020-07-17T14:38:55","guid":{"rendered":"http:\/\/redamlo.com\/?p=893"},"modified":"2020-07-17T09:38:55","modified_gmt":"2020-07-17T14:38:55","slug":"fiscalia-general-de-la-republica-si-puede-iniciar-procesos-judiciales-contra-felipe-calderon-hinojosa-y-enrique-pena-nieto","status":"publish","type":"post","link":"https:\/\/redamlo.com\/index.php\/2020\/07\/17\/fiscalia-general-de-la-republica-si-puede-iniciar-procesos-judiciales-contra-felipe-calderon-hinojosa-y-enrique-pena-nieto\/","title":{"rendered":"Fiscal\u00eda General de la Rep\u00fablica s\u00ed puede iniciar procesos judiciales contra Felipe Calder\u00f3n Hinojosa y Enrique Pe\u00f1a Nieto."},"content":{"rendered":"<h1>Ciudad de M\u00e9xico a 17 de julio 2020 (Noticias N\u00facleo Informativo).-<\/h1>\n<p>El caso de <strong>Emilio Lozoya Austin<\/strong> podr\u00eda llegar hasta las m\u00e1s altas esferas del poder, el mandatario dijo que su postura es no anclarse al pasado y mejor apostar por la prevenci\u00f3n de los delitos.<\/p>\n<p>Sin embargo, se\u00f1al\u00f3 que la<strong> Fiscal\u00eda General de la Rep\u00fablica<\/strong> s\u00ed puede iniciar por cuenta propia procesos judiciales contra los expresidente<strong> Felipe Calder\u00f3n Hinojosa y Enrique Pe\u00f1a Nieto.<\/strong><\/p>\n<blockquote>\n<p class=\"[ cita ] \"><strong>No soy absoluto y tampoco soy tapadera de nadie, si el pueblo dice que se les juzgue a los expresidente, que se les juzgue, si la fiscal\u00eda abre investigaci\u00f3n en contra del expresidente Calder\u00f3n y el expresidente Pe\u00f1a, adelante.<\/strong><\/p>\n<\/blockquote>\n<p class=\"[ author-cita ]\"><span style=\"text-decoration: underline;\"><em><strong>&#8211; AMLO<\/strong><\/em><\/span><\/p>\n<div id=\"col-singular-content\" class=\"[ col s12 l8 ][ margin-bottom--large ]\">\n<div id=\"singular-content\">\n<div id=\"the-content\">\n<p><strong>Emilio Lozoya<\/strong> podr\u00eda ce\u00f1irse a la figura de testigo colaborador para que diga todo lo sabe a la FGR sobre las acusaciones de corrupci\u00f3n en los casos de Odebrecht y Agronitrogenados.<\/p>\n<p>\u201cEse es el compromiso que hizo la Fiscal\u00eda y a partir de lo que de a conocer se va a saber qui\u00e9nes est\u00e1n implicados y hasta donde llegan, eso lo va a resolver la Fiscal\u00eda\u201d, explic\u00f3 el mandatario.<\/p>\n<p><iframe loading=\"lazy\" src=\"https:\/\/www.youtube.com\/embed\/WUW20K6LQTA\" width=\"560\" height=\"315\" frameborder=\"0\" allowfullscreen=\"allowfullscreen\" data-mce-fragment=\"1\"><\/iframe><\/p>\n<\/div>\n<\/div>\n<\/div>\n","protected":false},"excerpt":{"rendered":"<p>Ciudad de M\u00e9xico a 17 de julio 2020 (Noticias N\u00facleo Informativo).- El caso de Emilio&#8230;<\/p>\n","protected":false},"author":2,"featured_media":895,"comment_status":"open","ping_status":"closed","sticky":false,"template":"","format":"standard","meta":{"footnotes":""},"categories":[1],"tags":[],"class_list":["post-893","post","type-post","status-publish","format-standard","has-post-thumbnail","hentry","category-uncategorized"],"yoast_head":"<!-- This site is optimized with the Yoast SEO plugin v27.5 - https:\/\/yoast.com\/product\/yoast-seo-wordpress\/ -->\n<title>Fiscal\u00eda General de la Rep\u00fablica s\u00ed puede iniciar procesos judiciales contra Felipe Calder\u00f3n Hinojosa y Enrique Pe\u00f1a Nieto. - NOTICIAS DE LA 4T<\/title>\n<meta name=\"robots\" content=\"noindex, follow, max-snippet:-1, max-image-preview:large, max-video-preview:-1\" \/>\n<meta property=\"og:locale\" content=\"es_MX\" \/>\n<meta property=\"og:type\" content=\"article\" \/>\n<meta property=\"og:title\" content=\"Fiscal\u00eda General de la Rep\u00fablica s\u00ed puede iniciar procesos judiciales contra Felipe Calder\u00f3n Hinojosa y Enrique Pe\u00f1a Nieto. - NOTICIAS DE LA 4T\" \/>\n<meta property=\"og:description\" content=\"Ciudad de M\u00e9xico a 17 de julio 2020 (Noticias N\u00facleo Informativo).- El caso de Emilio...\" \/>\n<meta property=\"og:url\" content=\"https:\/\/redamlo.com\/index.php\/2020\/07\/17\/fiscalia-general-de-la-republica-si-puede-iniciar-procesos-judiciales-contra-felipe-calderon-hinojosa-y-enrique-pena-nieto\/\" \/>\n<meta property=\"og:site_name\" content=\"NOTICIAS DE LA 4T\" \/>\n<meta property=\"article:published_time\" content=\"2020-07-17T14:38:55+00:00\" \/>\n<meta property=\"og:image\" content=\"https:\/\/redamlo.com\/wp-content\/uploads\/2020\/07\/amlo-fgr-puede-iniciar-proceso-contra-expresidentes.jpg\" \/>\n\t<meta property=\"og:image:width\" content=\"788\" \/>\n\t<meta property=\"og:image:height\" content=\"537\" \/>\n\t<meta property=\"og:image:type\" content=\"image\/jpeg\" \/>\n<meta name=\"author\" content=\"Blanca\" \/>\n<meta name=\"twitter:card\" content=\"summary_large_image\" \/>\n<meta name=\"twitter:label1\" content=\"Escrito por\" \/>\n\t<meta name=\"twitter:data1\" content=\"Blanca\" \/>\n\t<meta name=\"twitter:label2\" content=\"Tiempo de lectura\" \/>\n\t<meta name=\"twitter:data2\" content=\"1 minuto\" \/>\n<script type=\"application\/ld+json\" class=\"yoast-schema-graph\">{\"@context\":\"https:\\\/\\\/schema.org\",\"@graph\":[{\"@type\":\"Article\",\"@id\":\"https:\\\/\\\/redamlo.com\\\/index.php\\\/2020\\\/07\\\/17\\\/fiscalia-general-de-la-republica-si-puede-iniciar-procesos-judiciales-contra-felipe-calderon-hinojosa-y-enrique-pena-nieto\\\/#article\",\"isPartOf\":{\"@id\":\"https:\\\/\\\/redamlo.com\\\/index.php\\\/2020\\\/07\\\/17\\\/fiscalia-general-de-la-republica-si-puede-iniciar-procesos-judiciales-contra-felipe-calderon-hinojosa-y-enrique-pena-nieto\\\/\"},\"author\":{\"name\":\"Blanca\",\"@id\":\"https:\\\/\\\/redamlo.com\\\/#\\\/schema\\\/person\\\/7223a4375eb8f1a782fcae010a7115cf\"},\"headline\":\"Fiscal\u00eda General de la Rep\u00fablica s\u00ed puede iniciar procesos judiciales contra Felipe Calder\u00f3n Hinojosa y Enrique Pe\u00f1a Nieto.\",\"datePublished\":\"2020-07-17T14:38:55+00:00\",\"mainEntityOfPage\":{\"@id\":\"https:\\\/\\\/redamlo.com\\\/index.php\\\/2020\\\/07\\\/17\\\/fiscalia-general-de-la-republica-si-puede-iniciar-procesos-judiciales-contra-felipe-calderon-hinojosa-y-enrique-pena-nieto\\\/\"},\"wordCount\":226,\"commentCount\":0,\"publisher\":{\"@id\":\"https:\\\/\\\/redamlo.com\\\/#organization\"},\"image\":{\"@id\":\"https:\\\/\\\/redamlo.com\\\/index.php\\\/2020\\\/07\\\/17\\\/fiscalia-general-de-la-republica-si-puede-iniciar-procesos-judiciales-contra-felipe-calderon-hinojosa-y-enrique-pena-nieto\\\/#primaryimage\"},\"thumbnailUrl\":\"https:\\\/\\\/redamlo.com\\\/wp-content\\\/uploads\\\/2020\\\/07\\\/amlo-fgr-puede-iniciar-proceso-contra-expresidentes.jpg\",\"articleSection\":[\"Uncategorized\"],\"inLanguage\":\"es\",\"potentialAction\":[{\"@type\":\"CommentAction\",\"name\":\"Comment\",\"target\":[\"https:\\\/\\\/redamlo.com\\\/index.php\\\/2020\\\/07\\\/17\\\/fiscalia-general-de-la-republica-si-puede-iniciar-procesos-judiciales-contra-felipe-calderon-hinojosa-y-enrique-pena-nieto\\\/#respond\"]}]},{\"@type\":\"WebPage\",\"@id\":\"https:\\\/\\\/redamlo.com\\\/index.php\\\/2020\\\/07\\\/17\\\/fiscalia-general-de-la-republica-si-puede-iniciar-procesos-judiciales-contra-felipe-calderon-hinojosa-y-enrique-pena-nieto\\\/\",\"url\":\"https:\\\/\\\/redamlo.com\\\/index.php\\\/2020\\\/07\\\/17\\\/fiscalia-general-de-la-republica-si-puede-iniciar-procesos-judiciales-contra-felipe-calderon-hinojosa-y-enrique-pena-nieto\\\/\",\"name\":\"Fiscal\u00eda General de la Rep\u00fablica s\u00ed puede iniciar procesos judiciales contra Felipe Calder\u00f3n Hinojosa y Enrique Pe\u00f1a Nieto. - NOTICIAS DE LA 4T\",\"isPartOf\":{\"@id\":\"https:\\\/\\\/redamlo.com\\\/#website\"},\"primaryImageOfPage\":{\"@id\":\"https:\\\/\\\/redamlo.com\\\/index.php\\\/2020\\\/07\\\/17\\\/fiscalia-general-de-la-republica-si-puede-iniciar-procesos-judiciales-contra-felipe-calderon-hinojosa-y-enrique-pena-nieto\\\/#primaryimage\"},\"image\":{\"@id\":\"https:\\\/\\\/redamlo.com\\\/index.php\\\/2020\\\/07\\\/17\\\/fiscalia-general-de-la-republica-si-puede-iniciar-procesos-judiciales-contra-felipe-calderon-hinojosa-y-enrique-pena-nieto\\\/#primaryimage\"},\"thumbnailUrl\":\"https:\\\/\\\/redamlo.com\\\/wp-content\\\/uploads\\\/2020\\\/07\\\/amlo-fgr-puede-iniciar-proceso-contra-expresidentes.jpg\",\"datePublished\":\"2020-07-17T14:38:55+00:00\",\"breadcrumb\":{\"@id\":\"https:\\\/\\\/redamlo.com\\\/index.php\\\/2020\\\/07\\\/17\\\/fiscalia-general-de-la-republica-si-puede-iniciar-procesos-judiciales-contra-felipe-calderon-hinojosa-y-enrique-pena-nieto\\\/#breadcrumb\"},\"inLanguage\":\"es\",\"potentialAction\":[{\"@type\":\"ReadAction\",\"target\":[\"https:\\\/\\\/redamlo.com\\\/index.php\\\/2020\\\/07\\\/17\\\/fiscalia-general-de-la-republica-si-puede-iniciar-procesos-judiciales-contra-felipe-calderon-hinojosa-y-enrique-pena-nieto\\\/\"]}]},{\"@type\":\"ImageObject\",\"inLanguage\":\"es\",\"@id\":\"https:\\\/\\\/redamlo.com\\\/index.php\\\/2020\\\/07\\\/17\\\/fiscalia-general-de-la-republica-si-puede-iniciar-procesos-judiciales-contra-felipe-calderon-hinojosa-y-enrique-pena-nieto\\\/#primaryimage\",\"url\":\"https:\\\/\\\/redamlo.com\\\/wp-content\\\/uploads\\\/2020\\\/07\\\/amlo-fgr-puede-iniciar-proceso-contra-expresidentes.jpg\",\"contentUrl\":\"https:\\\/\\\/redamlo.com\\\/wp-content\\\/uploads\\\/2020\\\/07\\\/amlo-fgr-puede-iniciar-proceso-contra-expresidentes.jpg\",\"width\":788,\"height\":537},{\"@type\":\"BreadcrumbList\",\"@id\":\"https:\\\/\\\/redamlo.com\\\/index.php\\\/2020\\\/07\\\/17\\\/fiscalia-general-de-la-republica-si-puede-iniciar-procesos-judiciales-contra-felipe-calderon-hinojosa-y-enrique-pena-nieto\\\/#breadcrumb\",\"itemListElement\":[{\"@type\":\"ListItem\",\"position\":1,\"name\":\"Inicio\",\"item\":\"https:\\\/\\\/redamlo.com\\\/\"},{\"@type\":\"ListItem\",\"position\":2,\"name\":\"Fiscal\u00eda General de la Rep\u00fablica s\u00ed puede iniciar procesos judiciales contra Felipe Calder\u00f3n Hinojosa y Enrique Pe\u00f1a Nieto.\"}]},{\"@type\":\"WebSite\",\"@id\":\"https:\\\/\\\/redamlo.com\\\/#website\",\"url\":\"https:\\\/\\\/redamlo.com\\\/\",\"name\":\"NOTICIAS DE LA 4T\",\"description\":\"\",\"publisher\":{\"@id\":\"https:\\\/\\\/redamlo.com\\\/#organization\"},\"potentialAction\":[{\"@type\":\"SearchAction\",\"target\":{\"@type\":\"EntryPoint\",\"urlTemplate\":\"https:\\\/\\\/redamlo.com\\\/?s={search_term_string}\"},\"query-input\":{\"@type\":\"PropertyValueSpecification\",\"valueRequired\":true,\"valueName\":\"search_term_string\"}}],\"inLanguage\":\"es\"},{\"@type\":\"Organization\",\"@id\":\"https:\\\/\\\/redamlo.com\\\/#organization\",\"name\":\"NOTICIAS DE LA 4T\",\"url\":\"https:\\\/\\\/redamlo.com\\\/\",\"logo\":{\"@type\":\"ImageObject\",\"inLanguage\":\"es\",\"@id\":\"https:\\\/\\\/redamlo.com\\\/#\\\/schema\\\/logo\\\/image\\\/\",\"url\":\"https:\\\/\\\/redamlo.com\\\/wp-content\\\/uploads\\\/2024\\\/08\\\/cropped-RED-AMLO-logo-50.png\",\"contentUrl\":\"https:\\\/\\\/redamlo.com\\\/wp-content\\\/uploads\\\/2024\\\/08\\\/cropped-RED-AMLO-logo-50.png\",\"width\":256,\"height\":256,\"caption\":\"NOTICIAS DE LA 4T\"},\"image\":{\"@id\":\"https:\\\/\\\/redamlo.com\\\/#\\\/schema\\\/logo\\\/image\\\/\"}},{\"@type\":\"Person\",\"@id\":\"https:\\\/\\\/redamlo.com\\\/#\\\/schema\\\/person\\\/7223a4375eb8f1a782fcae010a7115cf\",\"name\":\"Blanca\",\"image\":{\"@type\":\"ImageObject\",\"inLanguage\":\"es\",\"@id\":\"https:\\\/\\\/secure.gravatar.com\\\/avatar\\\/3f79bc8336367a4e6093eae8757acaaf61d1124834b905616de7829b0273426d?s=96&d=mm&r=g\",\"url\":\"https:\\\/\\\/secure.gravatar.com\\\/avatar\\\/3f79bc8336367a4e6093eae8757acaaf61d1124834b905616de7829b0273426d?s=96&d=mm&r=g\",\"contentUrl\":\"https:\\\/\\\/secure.gravatar.com\\\/avatar\\\/3f79bc8336367a4e6093eae8757acaaf61d1124834b905616de7829b0273426d?s=96&d=mm&r=g\",\"caption\":\"Blanca\"},\"url\":\"https:\\\/\\\/redamlo.com\\\/index.php\\\/author\\\/blanca\\\/\"}]}<\/script>\n<!-- \/ Yoast SEO plugin. -->","yoast_head_json":{"title":"Fiscal\u00eda General de la Rep\u00fablica s\u00ed puede iniciar procesos judiciales contra Felipe Calder\u00f3n Hinojosa y Enrique Pe\u00f1a Nieto. - NOTICIAS DE LA 4T","robots":{"index":"noindex","follow":"follow","max-snippet":"max-snippet:-1","max-image-preview":"max-image-preview:large","max-video-preview":"max-video-preview:-1"},"og_locale":"es_MX","og_type":"article","og_title":"Fiscal\u00eda General de la Rep\u00fablica s\u00ed puede iniciar procesos judiciales contra Felipe Calder\u00f3n Hinojosa y Enrique Pe\u00f1a Nieto. - NOTICIAS DE LA 4T","og_description":"Ciudad de M\u00e9xico a 17 de julio 2020 (Noticias N\u00facleo Informativo).- El caso de Emilio...","og_url":"https:\/\/redamlo.com\/index.php\/2020\/07\/17\/fiscalia-general-de-la-republica-si-puede-iniciar-procesos-judiciales-contra-felipe-calderon-hinojosa-y-enrique-pena-nieto\/","og_site_name":"NOTICIAS DE LA 4T","article_published_time":"2020-07-17T14:38:55+00:00","og_image":[{"width":788,"height":537,"url":"https:\/\/redamlo.com\/wp-content\/uploads\/2020\/07\/amlo-fgr-puede-iniciar-proceso-contra-expresidentes.jpg","type":"image\/jpeg"}],"author":"Blanca","twitter_card":"summary_large_image","twitter_misc":{"Escrito por":"Blanca","Tiempo de lectura":"1 minuto"},"schema":{"@context":"https:\/\/schema.org","@graph":[{"@type":"Article","@id":"https:\/\/redamlo.com\/index.php\/2020\/07\/17\/fiscalia-general-de-la-republica-si-puede-iniciar-procesos-judiciales-contra-felipe-calderon-hinojosa-y-enrique-pena-nieto\/#article","isPartOf":{"@id":"https:\/\/redamlo.com\/index.php\/2020\/07\/17\/fiscalia-general-de-la-republica-si-puede-iniciar-procesos-judiciales-contra-felipe-calderon-hinojosa-y-enrique-pena-nieto\/"},"author":{"name":"Blanca","@id":"https:\/\/redamlo.com\/#\/schema\/person\/7223a4375eb8f1a782fcae010a7115cf"},"headline":"Fiscal\u00eda General de la Rep\u00fablica s\u00ed puede iniciar procesos judiciales contra Felipe Calder\u00f3n Hinojosa y Enrique Pe\u00f1a Nieto.","datePublished":"2020-07-17T14:38:55+00:00","mainEntityOfPage":{"@id":"https:\/\/redamlo.com\/index.php\/2020\/07\/17\/fiscalia-general-de-la-republica-si-puede-iniciar-procesos-judiciales-contra-felipe-calderon-hinojosa-y-enrique-pena-nieto\/"},"wordCount":226,"commentCount":0,"publisher":{"@id":"https:\/\/redamlo.com\/#organization"},"image":{"@id":"https:\/\/redamlo.com\/index.php\/2020\/07\/17\/fiscalia-general-de-la-republica-si-puede-iniciar-procesos-judiciales-contra-felipe-calderon-hinojosa-y-enrique-pena-nieto\/#primaryimage"},"thumbnailUrl":"https:\/\/redamlo.com\/wp-content\/uploads\/2020\/07\/amlo-fgr-puede-iniciar-proceso-contra-expresidentes.jpg","articleSection":["Uncategorized"],"inLanguage":"es","potentialAction":[{"@type":"CommentAction","name":"Comment","target":["https:\/\/redamlo.com\/index.php\/2020\/07\/17\/fiscalia-general-de-la-republica-si-puede-iniciar-procesos-judiciales-contra-felipe-calderon-hinojosa-y-enrique-pena-nieto\/#respond"]}]},{"@type":"WebPage","@id":"https:\/\/redamlo.com\/index.php\/2020\/07\/17\/fiscalia-general-de-la-republica-si-puede-iniciar-procesos-judiciales-contra-felipe-calderon-hinojosa-y-enrique-pena-nieto\/","url":"https:\/\/redamlo.com\/index.php\/2020\/07\/17\/fiscalia-general-de-la-republica-si-puede-iniciar-procesos-judiciales-contra-felipe-calderon-hinojosa-y-enrique-pena-nieto\/","name":"Fiscal\u00eda General de la Rep\u00fablica s\u00ed puede iniciar procesos judiciales contra Felipe Calder\u00f3n Hinojosa y Enrique Pe\u00f1a Nieto. - NOTICIAS DE LA 4T","isPartOf":{"@id":"https:\/\/redamlo.com\/#website"},"primaryImageOfPage":{"@id":"https:\/\/redamlo.com\/index.php\/2020\/07\/17\/fiscalia-general-de-la-republica-si-puede-iniciar-procesos-judiciales-contra-felipe-calderon-hinojosa-y-enrique-pena-nieto\/#primaryimage"},"image":{"@id":"https:\/\/redamlo.com\/index.php\/2020\/07\/17\/fiscalia-general-de-la-republica-si-puede-iniciar-procesos-judiciales-contra-felipe-calderon-hinojosa-y-enrique-pena-nieto\/#primaryimage"},"thumbnailUrl":"https:\/\/redamlo.com\/wp-content\/uploads\/2020\/07\/amlo-fgr-puede-iniciar-proceso-contra-expresidentes.jpg","datePublished":"2020-07-17T14:38:55+00:00","breadcrumb":{"@id":"https:\/\/redamlo.com\/index.php\/2020\/07\/17\/fiscalia-general-de-la-republica-si-puede-iniciar-procesos-judiciales-contra-felipe-calderon-hinojosa-y-enrique-pena-nieto\/#breadcrumb"},"inLanguage":"es","potentialAction":[{"@type":"ReadAction","target":["https:\/\/redamlo.com\/index.php\/2020\/07\/17\/fiscalia-general-de-la-republica-si-puede-iniciar-procesos-judiciales-contra-felipe-calderon-hinojosa-y-enrique-pena-nieto\/"]}]},{"@type":"ImageObject","inLanguage":"es","@id":"https:\/\/redamlo.com\/index.php\/2020\/07\/17\/fiscalia-general-de-la-republica-si-puede-iniciar-procesos-judiciales-contra-felipe-calderon-hinojosa-y-enrique-pena-nieto\/#primaryimage","url":"https:\/\/redamlo.com\/wp-content\/uploads\/2020\/07\/amlo-fgr-puede-iniciar-proceso-contra-expresidentes.jpg","contentUrl":"https:\/\/redamlo.com\/wp-content\/uploads\/2020\/07\/amlo-fgr-puede-iniciar-proceso-contra-expresidentes.jpg","width":788,"height":537},{"@type":"BreadcrumbList","@id":"https:\/\/redamlo.com\/index.php\/2020\/07\/17\/fiscalia-general-de-la-republica-si-puede-iniciar-procesos-judiciales-contra-felipe-calderon-hinojosa-y-enrique-pena-nieto\/#breadcrumb","itemListElement":[{"@type":"ListItem","position":1,"name":"Inicio","item":"https:\/\/redamlo.com\/"},{"@type":"ListItem","position":2,"name":"Fiscal\u00eda General de la Rep\u00fablica s\u00ed puede iniciar procesos judiciales contra Felipe Calder\u00f3n Hinojosa y Enrique Pe\u00f1a Nieto."}]},{"@type":"WebSite","@id":"https:\/\/redamlo.com\/#website","url":"https:\/\/redamlo.com\/","name":"NOTICIAS DE LA 4T","description":"","publisher":{"@id":"https:\/\/redamlo.com\/#organization"},"potentialAction":[{"@type":"SearchAction","target":{"@type":"EntryPoint","urlTemplate":"https:\/\/redamlo.com\/?s={search_term_string}"},"query-input":{"@type":"PropertyValueSpecification","valueRequired":true,"valueName":"search_term_string"}}],"inLanguage":"es"},{"@type":"Organization","@id":"https:\/\/redamlo.com\/#organization","name":"NOTICIAS DE LA 4T","url":"https:\/\/redamlo.com\/","logo":{"@type":"ImageObject","inLanguage":"es","@id":"https:\/\/redamlo.com\/#\/schema\/logo\/image\/","url":"https:\/\/redamlo.com\/wp-content\/uploads\/2024\/08\/cropped-RED-AMLO-logo-50.png","contentUrl":"https:\/\/redamlo.com\/wp-content\/uploads\/2024\/08\/cropped-RED-AMLO-logo-50.png","width":256,"height":256,"caption":"NOTICIAS DE LA 4T"},"image":{"@id":"https:\/\/redamlo.com\/#\/schema\/logo\/image\/"}},{"@type":"Person","@id":"https:\/\/redamlo.com\/#\/schema\/person\/7223a4375eb8f1a782fcae010a7115cf","name":"Blanca","image":{"@type":"ImageObject","inLanguage":"es","@id":"https:\/\/secure.gravatar.com\/avatar\/3f79bc8336367a4e6093eae8757acaaf61d1124834b905616de7829b0273426d?s=96&d=mm&r=g","url":"https:\/\/secure.gravatar.com\/avatar\/3f79bc8336367a4e6093eae8757acaaf61d1124834b905616de7829b0273426d?s=96&d=mm&r=g","contentUrl":"https:\/\/secure.gravatar.com\/avatar\/3f79bc8336367a4e6093eae8757acaaf61d1124834b905616de7829b0273426d?s=96&d=mm&r=g","caption":"Blanca"},"url":"https:\/\/redamlo.com\/index.php\/author\/blanca\/"}]}},"_links":{"self":[{"href":"https:\/\/redamlo.com\/index.php\/wp-json\/wp\/v2\/posts\/893","targetHints":{"allow":["GET"]}}],"collection":[{"href":"https:\/\/redamlo.com\/index.php\/wp-json\/wp\/v2\/posts"}],"about":[{"href":"https:\/\/redamlo.com\/index.php\/wp-json\/wp\/v2\/types\/post"}],"author":[{"embeddable":true,"href":"https:\/\/redamlo.com\/index.php\/wp-json\/wp\/v2\/users\/2"}],"replies":[{"embeddable":true,"href":"https:\/\/redamlo.com\/index.php\/wp-json\/wp\/v2\/comments?post=893"}],"version-history":[{"count":0,"href":"https:\/\/redamlo.com\/index.php\/wp-json\/wp\/v2\/posts\/893\/revisions"}],"wp:featuredmedia":[{"embeddable":true,"href":"https:\/\/redamlo.com\/index.php\/wp-json\/wp\/v2\/media\/895"}],"wp:attachment":[{"href":"https:\/\/redamlo.com\/index.php\/wp-json\/wp\/v2\/media?parent=893"}],"wp:term":[{"taxonomy":"category","embeddable":true,"href":"https:\/\/redamlo.com\/index.php\/wp-json\/wp\/v2\/categories?post=893"},{"taxonomy":"post_tag","embeddable":true,"href":"https:\/\/redamlo.com\/index.php\/wp-json\/wp\/v2\/tags?post=893"}],"curies":[{"name":"wp","href":"https:\/\/api.w.org\/{rel}","templated":true}]}}