{"id":8928,"date":"2025-12-18T21:18:19","date_gmt":"2025-12-18T21:18:19","guid":{"rendered":"https:\/\/redamlo.com\/?p=8928"},"modified":"2025-12-18T21:18:20","modified_gmt":"2025-12-18T21:18:20","slug":"alza-de-aranceles-busca-proteger-industria-y-empleo-frente-a-practicas-desleales","status":"publish","type":"post","link":"https:\/\/redamlo.com\/index.php\/2025\/12\/18\/alza-de-aranceles-busca-proteger-industria-y-empleo-frente-a-practicas-desleales\/","title":{"rendered":"Alza de aranceles busca proteger industria y empleo frente a pr\u00e1cticas desleales"},"content":{"rendered":"\n<p>Ciudad de M\u00e9xico.\u2014 El incremento de aranceles a productos provenientes de pa\u00edses con los que M\u00e9xico no mantiene acuerdos comerciales es una decisi\u00f3n v\u00e1lida y necesaria para resguardar el empleo formal y la planta productiva nacional, afirm\u00f3 el organismo Empresas Globales.<\/p>\n\n\n\n<p>La asociaci\u00f3n, que agrupa a 61 compa\u00f1\u00edas multinacionales con operaciones en el pa\u00eds, consider\u00f3 que las recientes adecuaciones a la Ley de los Impuestos Generales de Importaci\u00f3n y de Exportaci\u00f3n (LIGIE), promovidas por el Gobierno federal, responden a la necesidad de enfrentar pr\u00e1cticas desleales que distorsionan los mercados y afectan la competencia.<\/p>\n\n\n\n<p>En un contexto internacional marcado por la subvaluaci\u00f3n de mercanc\u00edas y esquemas comerciales irregulares, el organismo sostuvo que resulta leg\u00edtimo fortalecer los instrumentos de pol\u00edtica comercial para garantizar condiciones equitativas a las empresas que producen, invierten y generan empleo en territorio nacional.<\/p>\n\n\n\n<p>Empresas Globales \u2014integrada por firmas como Airbus, American Express, ArcelorMittal, Citi, Bayer, DHL, General Motors, L\u2019Or\u00e9al, Maersk, Nissan, Siemens y Walmart, entre otras\u2014 subray\u00f3 que el respeto al Estado de Derecho y la certeza jur\u00eddica son elementos fundamentales para mantener la confianza de los inversionistas y asegurar proyectos de largo plazo en M\u00e9xico.<\/p>\n\n\n\n<p>No obstante, advirti\u00f3 que la aplicaci\u00f3n de estas medidas debe contemplar esquemas de flexibilidad, como exenciones a insumos cr\u00edticos y bienes intermedios estrat\u00e9gicos, as\u00ed como mecanismos administrativos que permitan ajustes oportunos y revisiones peri\u00f3dicas sustentadas en evidencia t\u00e9cnica, con el fin de evitar afectaciones innecesarias en las cadenas de suministro.<\/p>\n\n\n\n<p>El organismo tambi\u00e9n destac\u00f3 la importancia de fortalecer la coordinaci\u00f3n entre dependencias y mejorar la capacidad operativa de las autoridades, a fin de reducir la carga administrativa y brindar certidumbre a las empresas que operan conforme a la ley y aportan al desarrollo de la econom\u00eda formal.<\/p>\n\n\n\n<p>Asimismo, reconoci\u00f3 que la estructura productiva del pa\u00eds obliga a considerar que numerosas industrias dependen de insumos importados que no cuentan con una oferta nacional suficiente en volumen, calidad o precio, particularmente en sectores estrat\u00e9gicos vinculados al T-MEC y al comercio de exportaci\u00f3n.<\/p>\n\n\n\n<p>Empresas Globales reiter\u00f3 su compromiso de seguir impulsando la integraci\u00f3n regional y la relocalizaci\u00f3n productiva en M\u00e9xico, al tiempo que se\u00f1al\u00f3 que la efectividad de la pol\u00edtica arancelaria estar\u00e1 sujeta a una instrumentaci\u00f3n inteligente, adaptable y sujeta a revisi\u00f3n constante.<\/p>\n\n\n\n<p>Entre los factores clave a evaluar, mencion\u00f3 el impacto en las cadenas de valor, los costos de producci\u00f3n, los precios al consumidor, las decisiones de inversi\u00f3n y la capacidad de las autoridades para aplicar los criterios arancelarios y aduaneros de manera eficiente y predecible.<\/p>\n\n\n\n<p>Finalmente, el organismo manifest\u00f3 su disposici\u00f3n para colaborar de forma t\u00e9cnica con la Secretar\u00eda de Econom\u00eda, con el objetivo de maximizar los beneficios de la pol\u00edtica arancelaria y reducir riesgos para la competitividad del pa\u00eds.<\/p>\n\n\n\n<p>\u201cEl reto es fortalecer el desarrollo industrial de M\u00e9xico sin poner en riesgo su integraci\u00f3n regional y global, ni la confianza de quienes generan valor y empleo\u201d, concluy\u00f3.<\/p>\n","protected":false},"excerpt":{"rendered":"<p>Ciudad de M\u00e9xico.\u2014 El incremento de aranceles a productos provenientes de pa\u00edses con los que&#8230;<\/p>\n","protected":false},"author":1,"featured_media":8929,"comment_status":"open","ping_status":"open","sticky":false,"template":"","format":"standard","meta":{"footnotes":""},"categories":[37],"tags":[],"class_list":["post-8928","post","type-post","status-publish","format-standard","has-post-thumbnail","hentry","category-economia"],"yoast_head":"<!-- This site is optimized with the Yoast SEO plugin v27.5 - https:\/\/yoast.com\/product\/yoast-seo-wordpress\/ -->\n<title>Alza de aranceles busca proteger industria y empleo frente a pr\u00e1cticas desleales - NOTICIAS DE LA 4T<\/title>\n<meta name=\"robots\" content=\"noindex, follow, max-snippet:-1, max-image-preview:large, max-video-preview:-1\" \/>\n<meta property=\"og:locale\" content=\"es_MX\" \/>\n<meta property=\"og:type\" content=\"article\" \/>\n<meta property=\"og:title\" content=\"Alza de aranceles busca proteger industria y empleo frente a pr\u00e1cticas desleales - NOTICIAS DE LA 4T\" \/>\n<meta property=\"og:description\" content=\"Ciudad de M\u00e9xico.\u2014 El incremento de aranceles a productos provenientes de pa\u00edses con los que...\" \/>\n<meta property=\"og:url\" content=\"https:\/\/redamlo.com\/index.php\/2025\/12\/18\/alza-de-aranceles-busca-proteger-industria-y-empleo-frente-a-practicas-desleales\/\" \/>\n<meta property=\"og:site_name\" content=\"NOTICIAS DE LA 4T\" \/>\n<meta property=\"article:published_time\" content=\"2025-12-18T21:18:19+00:00\" \/>\n<meta property=\"article:modified_time\" content=\"2025-12-18T21:18:20+00:00\" \/>\n<meta property=\"og:image\" content=\"https:\/\/redamlo.com\/wp-content\/uploads\/2025\/12\/aranceles-3.png\" \/>\n\t<meta property=\"og:image:width\" content=\"1016\" \/>\n\t<meta property=\"og:image:height\" content=\"565\" \/>\n\t<meta property=\"og:image:type\" content=\"image\/png\" \/>\n<meta name=\"author\" content=\"admin\" \/>\n<meta name=\"twitter:card\" content=\"summary_large_image\" \/>\n<meta name=\"twitter:label1\" content=\"Escrito por\" \/>\n\t<meta name=\"twitter:data1\" content=\"admin\" \/>\n\t<meta name=\"twitter:label2\" content=\"Tiempo de lectura\" \/>\n\t<meta name=\"twitter:data2\" content=\"3 minutos\" \/>\n<script type=\"application\/ld+json\" class=\"yoast-schema-graph\">{\"@context\":\"https:\\\/\\\/schema.org\",\"@graph\":[{\"@type\":\"Article\",\"@id\":\"https:\\\/\\\/redamlo.com\\\/index.php\\\/2025\\\/12\\\/18\\\/alza-de-aranceles-busca-proteger-industria-y-empleo-frente-a-practicas-desleales\\\/#article\",\"isPartOf\":{\"@id\":\"https:\\\/\\\/redamlo.com\\\/index.php\\\/2025\\\/12\\\/18\\\/alza-de-aranceles-busca-proteger-industria-y-empleo-frente-a-practicas-desleales\\\/\"},\"author\":{\"name\":\"admin\",\"@id\":\"https:\\\/\\\/redamlo.com\\\/#\\\/schema\\\/person\\\/197a0a670d21b1f4f1483ddda1b64613\"},\"headline\":\"Alza de aranceles busca proteger industria y empleo frente a pr\u00e1cticas desleales\",\"datePublished\":\"2025-12-18T21:18:19+00:00\",\"dateModified\":\"2025-12-18T21:18:20+00:00\",\"mainEntityOfPage\":{\"@id\":\"https:\\\/\\\/redamlo.com\\\/index.php\\\/2025\\\/12\\\/18\\\/alza-de-aranceles-busca-proteger-industria-y-empleo-frente-a-practicas-desleales\\\/\"},\"wordCount\":534,\"commentCount\":0,\"publisher\":{\"@id\":\"https:\\\/\\\/redamlo.com\\\/#organization\"},\"image\":{\"@id\":\"https:\\\/\\\/redamlo.com\\\/index.php\\\/2025\\\/12\\\/18\\\/alza-de-aranceles-busca-proteger-industria-y-empleo-frente-a-practicas-desleales\\\/#primaryimage\"},\"thumbnailUrl\":\"https:\\\/\\\/redamlo.com\\\/wp-content\\\/uploads\\\/2025\\\/12\\\/aranceles-3.png\",\"articleSection\":[\"Econom\u00eda\"],\"inLanguage\":\"es\",\"potentialAction\":[{\"@type\":\"CommentAction\",\"name\":\"Comment\",\"target\":[\"https:\\\/\\\/redamlo.com\\\/index.php\\\/2025\\\/12\\\/18\\\/alza-de-aranceles-busca-proteger-industria-y-empleo-frente-a-practicas-desleales\\\/#respond\"]}]},{\"@type\":\"WebPage\",\"@id\":\"https:\\\/\\\/redamlo.com\\\/index.php\\\/2025\\\/12\\\/18\\\/alza-de-aranceles-busca-proteger-industria-y-empleo-frente-a-practicas-desleales\\\/\",\"url\":\"https:\\\/\\\/redamlo.com\\\/index.php\\\/2025\\\/12\\\/18\\\/alza-de-aranceles-busca-proteger-industria-y-empleo-frente-a-practicas-desleales\\\/\",\"name\":\"Alza de aranceles busca proteger industria y empleo frente a pr\u00e1cticas desleales - NOTICIAS DE LA 4T\",\"isPartOf\":{\"@id\":\"https:\\\/\\\/redamlo.com\\\/#website\"},\"primaryImageOfPage\":{\"@id\":\"https:\\\/\\\/redamlo.com\\\/index.php\\\/2025\\\/12\\\/18\\\/alza-de-aranceles-busca-proteger-industria-y-empleo-frente-a-practicas-desleales\\\/#primaryimage\"},\"image\":{\"@id\":\"https:\\\/\\\/redamlo.com\\\/index.php\\\/2025\\\/12\\\/18\\\/alza-de-aranceles-busca-proteger-industria-y-empleo-frente-a-practicas-desleales\\\/#primaryimage\"},\"thumbnailUrl\":\"https:\\\/\\\/redamlo.com\\\/wp-content\\\/uploads\\\/2025\\\/12\\\/aranceles-3.png\",\"datePublished\":\"2025-12-18T21:18:19+00:00\",\"dateModified\":\"2025-12-18T21:18:20+00:00\",\"breadcrumb\":{\"@id\":\"https:\\\/\\\/redamlo.com\\\/index.php\\\/2025\\\/12\\\/18\\\/alza-de-aranceles-busca-proteger-industria-y-empleo-frente-a-practicas-desleales\\\/#breadcrumb\"},\"inLanguage\":\"es\",\"potentialAction\":[{\"@type\":\"ReadAction\",\"target\":[\"https:\\\/\\\/redamlo.com\\\/index.php\\\/2025\\\/12\\\/18\\\/alza-de-aranceles-busca-proteger-industria-y-empleo-frente-a-practicas-desleales\\\/\"]}]},{\"@type\":\"ImageObject\",\"inLanguage\":\"es\",\"@id\":\"https:\\\/\\\/redamlo.com\\\/index.php\\\/2025\\\/12\\\/18\\\/alza-de-aranceles-busca-proteger-industria-y-empleo-frente-a-practicas-desleales\\\/#primaryimage\",\"url\":\"https:\\\/\\\/redamlo.com\\\/wp-content\\\/uploads\\\/2025\\\/12\\\/aranceles-3.png\",\"contentUrl\":\"https:\\\/\\\/redamlo.com\\\/wp-content\\\/uploads\\\/2025\\\/12\\\/aranceles-3.png\",\"width\":1016,\"height\":565,\"caption\":\"Foto: REDES\"},{\"@type\":\"BreadcrumbList\",\"@id\":\"https:\\\/\\\/redamlo.com\\\/index.php\\\/2025\\\/12\\\/18\\\/alza-de-aranceles-busca-proteger-industria-y-empleo-frente-a-practicas-desleales\\\/#breadcrumb\",\"itemListElement\":[{\"@type\":\"ListItem\",\"position\":1,\"name\":\"Inicio\",\"item\":\"https:\\\/\\\/redamlo.com\\\/\"},{\"@type\":\"ListItem\",\"position\":2,\"name\":\"Alza de aranceles busca proteger industria y empleo frente a pr\u00e1cticas desleales\"}]},{\"@type\":\"WebSite\",\"@id\":\"https:\\\/\\\/redamlo.com\\\/#website\",\"url\":\"https:\\\/\\\/redamlo.com\\\/\",\"name\":\"NOTICIAS DE LA 4T\",\"description\":\"\",\"publisher\":{\"@id\":\"https:\\\/\\\/redamlo.com\\\/#organization\"},\"potentialAction\":[{\"@type\":\"SearchAction\",\"target\":{\"@type\":\"EntryPoint\",\"urlTemplate\":\"https:\\\/\\\/redamlo.com\\\/?s={search_term_string}\"},\"query-input\":{\"@type\":\"PropertyValueSpecification\",\"valueRequired\":true,\"valueName\":\"search_term_string\"}}],\"inLanguage\":\"es\"},{\"@type\":\"Organization\",\"@id\":\"https:\\\/\\\/redamlo.com\\\/#organization\",\"name\":\"NOTICIAS DE LA 4T\",\"url\":\"https:\\\/\\\/redamlo.com\\\/\",\"logo\":{\"@type\":\"ImageObject\",\"inLanguage\":\"es\",\"@id\":\"https:\\\/\\\/redamlo.com\\\/#\\\/schema\\\/logo\\\/image\\\/\",\"url\":\"https:\\\/\\\/redamlo.com\\\/wp-content\\\/uploads\\\/2024\\\/08\\\/cropped-RED-AMLO-logo-50.png\",\"contentUrl\":\"https:\\\/\\\/redamlo.com\\\/wp-content\\\/uploads\\\/2024\\\/08\\\/cropped-RED-AMLO-logo-50.png\",\"width\":256,\"height\":256,\"caption\":\"NOTICIAS DE LA 4T\"},\"image\":{\"@id\":\"https:\\\/\\\/redamlo.com\\\/#\\\/schema\\\/logo\\\/image\\\/\"}},{\"@type\":\"Person\",\"@id\":\"https:\\\/\\\/redamlo.com\\\/#\\\/schema\\\/person\\\/197a0a670d21b1f4f1483ddda1b64613\",\"name\":\"admin\",\"image\":{\"@type\":\"ImageObject\",\"inLanguage\":\"es\",\"@id\":\"https:\\\/\\\/secure.gravatar.com\\\/avatar\\\/293dccd927043f2e641da6685c2f84009782eb9ee0054daceada4e261ded849a?s=96&d=mm&r=g\",\"url\":\"https:\\\/\\\/secure.gravatar.com\\\/avatar\\\/293dccd927043f2e641da6685c2f84009782eb9ee0054daceada4e261ded849a?s=96&d=mm&r=g\",\"contentUrl\":\"https:\\\/\\\/secure.gravatar.com\\\/avatar\\\/293dccd927043f2e641da6685c2f84009782eb9ee0054daceada4e261ded849a?s=96&d=mm&r=g\",\"caption\":\"admin\"},\"sameAs\":[\"https:\\\/\\\/redamlo.com\"],\"url\":\"https:\\\/\\\/redamlo.com\\\/index.php\\\/author\\\/stell\\\/\"}]}<\/script>\n<!-- \/ Yoast SEO plugin. -->","yoast_head_json":{"title":"Alza de aranceles busca proteger industria y empleo frente a pr\u00e1cticas desleales - NOTICIAS DE LA 4T","robots":{"index":"noindex","follow":"follow","max-snippet":"max-snippet:-1","max-image-preview":"max-image-preview:large","max-video-preview":"max-video-preview:-1"},"og_locale":"es_MX","og_type":"article","og_title":"Alza de aranceles busca proteger industria y empleo frente a pr\u00e1cticas desleales - NOTICIAS DE LA 4T","og_description":"Ciudad de M\u00e9xico.\u2014 El incremento de aranceles a productos provenientes de pa\u00edses con los que...","og_url":"https:\/\/redamlo.com\/index.php\/2025\/12\/18\/alza-de-aranceles-busca-proteger-industria-y-empleo-frente-a-practicas-desleales\/","og_site_name":"NOTICIAS DE LA 4T","article_published_time":"2025-12-18T21:18:19+00:00","article_modified_time":"2025-12-18T21:18:20+00:00","og_image":[{"width":1016,"height":565,"url":"https:\/\/redamlo.com\/wp-content\/uploads\/2025\/12\/aranceles-3.png","type":"image\/png"}],"author":"admin","twitter_card":"summary_large_image","twitter_misc":{"Escrito por":"admin","Tiempo de lectura":"3 minutos"},"schema":{"@context":"https:\/\/schema.org","@graph":[{"@type":"Article","@id":"https:\/\/redamlo.com\/index.php\/2025\/12\/18\/alza-de-aranceles-busca-proteger-industria-y-empleo-frente-a-practicas-desleales\/#article","isPartOf":{"@id":"https:\/\/redamlo.com\/index.php\/2025\/12\/18\/alza-de-aranceles-busca-proteger-industria-y-empleo-frente-a-practicas-desleales\/"},"author":{"name":"admin","@id":"https:\/\/redamlo.com\/#\/schema\/person\/197a0a670d21b1f4f1483ddda1b64613"},"headline":"Alza de aranceles busca proteger industria y empleo frente a pr\u00e1cticas desleales","datePublished":"2025-12-18T21:18:19+00:00","dateModified":"2025-12-18T21:18:20+00:00","mainEntityOfPage":{"@id":"https:\/\/redamlo.com\/index.php\/2025\/12\/18\/alza-de-aranceles-busca-proteger-industria-y-empleo-frente-a-practicas-desleales\/"},"wordCount":534,"commentCount":0,"publisher":{"@id":"https:\/\/redamlo.com\/#organization"},"image":{"@id":"https:\/\/redamlo.com\/index.php\/2025\/12\/18\/alza-de-aranceles-busca-proteger-industria-y-empleo-frente-a-practicas-desleales\/#primaryimage"},"thumbnailUrl":"https:\/\/redamlo.com\/wp-content\/uploads\/2025\/12\/aranceles-3.png","articleSection":["Econom\u00eda"],"inLanguage":"es","potentialAction":[{"@type":"CommentAction","name":"Comment","target":["https:\/\/redamlo.com\/index.php\/2025\/12\/18\/alza-de-aranceles-busca-proteger-industria-y-empleo-frente-a-practicas-desleales\/#respond"]}]},{"@type":"WebPage","@id":"https:\/\/redamlo.com\/index.php\/2025\/12\/18\/alza-de-aranceles-busca-proteger-industria-y-empleo-frente-a-practicas-desleales\/","url":"https:\/\/redamlo.com\/index.php\/2025\/12\/18\/alza-de-aranceles-busca-proteger-industria-y-empleo-frente-a-practicas-desleales\/","name":"Alza de aranceles busca proteger industria y empleo frente a pr\u00e1cticas desleales - NOTICIAS DE LA 4T","isPartOf":{"@id":"https:\/\/redamlo.com\/#website"},"primaryImageOfPage":{"@id":"https:\/\/redamlo.com\/index.php\/2025\/12\/18\/alza-de-aranceles-busca-proteger-industria-y-empleo-frente-a-practicas-desleales\/#primaryimage"},"image":{"@id":"https:\/\/redamlo.com\/index.php\/2025\/12\/18\/alza-de-aranceles-busca-proteger-industria-y-empleo-frente-a-practicas-desleales\/#primaryimage"},"thumbnailUrl":"https:\/\/redamlo.com\/wp-content\/uploads\/2025\/12\/aranceles-3.png","datePublished":"2025-12-18T21:18:19+00:00","dateModified":"2025-12-18T21:18:20+00:00","breadcrumb":{"@id":"https:\/\/redamlo.com\/index.php\/2025\/12\/18\/alza-de-aranceles-busca-proteger-industria-y-empleo-frente-a-practicas-desleales\/#breadcrumb"},"inLanguage":"es","potentialAction":[{"@type":"ReadAction","target":["https:\/\/redamlo.com\/index.php\/2025\/12\/18\/alza-de-aranceles-busca-proteger-industria-y-empleo-frente-a-practicas-desleales\/"]}]},{"@type":"ImageObject","inLanguage":"es","@id":"https:\/\/redamlo.com\/index.php\/2025\/12\/18\/alza-de-aranceles-busca-proteger-industria-y-empleo-frente-a-practicas-desleales\/#primaryimage","url":"https:\/\/redamlo.com\/wp-content\/uploads\/2025\/12\/aranceles-3.png","contentUrl":"https:\/\/redamlo.com\/wp-content\/uploads\/2025\/12\/aranceles-3.png","width":1016,"height":565,"caption":"Foto: REDES"},{"@type":"BreadcrumbList","@id":"https:\/\/redamlo.com\/index.php\/2025\/12\/18\/alza-de-aranceles-busca-proteger-industria-y-empleo-frente-a-practicas-desleales\/#breadcrumb","itemListElement":[{"@type":"ListItem","position":1,"name":"Inicio","item":"https:\/\/redamlo.com\/"},{"@type":"ListItem","position":2,"name":"Alza de aranceles busca proteger industria y empleo frente a pr\u00e1cticas desleales"}]},{"@type":"WebSite","@id":"https:\/\/redamlo.com\/#website","url":"https:\/\/redamlo.com\/","name":"NOTICIAS DE LA 4T","description":"","publisher":{"@id":"https:\/\/redamlo.com\/#organization"},"potentialAction":[{"@type":"SearchAction","target":{"@type":"EntryPoint","urlTemplate":"https:\/\/redamlo.com\/?s={search_term_string}"},"query-input":{"@type":"PropertyValueSpecification","valueRequired":true,"valueName":"search_term_string"}}],"inLanguage":"es"},{"@type":"Organization","@id":"https:\/\/redamlo.com\/#organization","name":"NOTICIAS DE LA 4T","url":"https:\/\/redamlo.com\/","logo":{"@type":"ImageObject","inLanguage":"es","@id":"https:\/\/redamlo.com\/#\/schema\/logo\/image\/","url":"https:\/\/redamlo.com\/wp-content\/uploads\/2024\/08\/cropped-RED-AMLO-logo-50.png","contentUrl":"https:\/\/redamlo.com\/wp-content\/uploads\/2024\/08\/cropped-RED-AMLO-logo-50.png","width":256,"height":256,"caption":"NOTICIAS DE LA 4T"},"image":{"@id":"https:\/\/redamlo.com\/#\/schema\/logo\/image\/"}},{"@type":"Person","@id":"https:\/\/redamlo.com\/#\/schema\/person\/197a0a670d21b1f4f1483ddda1b64613","name":"admin","image":{"@type":"ImageObject","inLanguage":"es","@id":"https:\/\/secure.gravatar.com\/avatar\/293dccd927043f2e641da6685c2f84009782eb9ee0054daceada4e261ded849a?s=96&d=mm&r=g","url":"https:\/\/secure.gravatar.com\/avatar\/293dccd927043f2e641da6685c2f84009782eb9ee0054daceada4e261ded849a?s=96&d=mm&r=g","contentUrl":"https:\/\/secure.gravatar.com\/avatar\/293dccd927043f2e641da6685c2f84009782eb9ee0054daceada4e261ded849a?s=96&d=mm&r=g","caption":"admin"},"sameAs":["https:\/\/redamlo.com"],"url":"https:\/\/redamlo.com\/index.php\/author\/stell\/"}]}},"_links":{"self":[{"href":"https:\/\/redamlo.com\/index.php\/wp-json\/wp\/v2\/posts\/8928","targetHints":{"allow":["GET"]}}],"collection":[{"href":"https:\/\/redamlo.com\/index.php\/wp-json\/wp\/v2\/posts"}],"about":[{"href":"https:\/\/redamlo.com\/index.php\/wp-json\/wp\/v2\/types\/post"}],"author":[{"embeddable":true,"href":"https:\/\/redamlo.com\/index.php\/wp-json\/wp\/v2\/users\/1"}],"replies":[{"embeddable":true,"href":"https:\/\/redamlo.com\/index.php\/wp-json\/wp\/v2\/comments?post=8928"}],"version-history":[{"count":1,"href":"https:\/\/redamlo.com\/index.php\/wp-json\/wp\/v2\/posts\/8928\/revisions"}],"predecessor-version":[{"id":8930,"href":"https:\/\/redamlo.com\/index.php\/wp-json\/wp\/v2\/posts\/8928\/revisions\/8930"}],"wp:featuredmedia":[{"embeddable":true,"href":"https:\/\/redamlo.com\/index.php\/wp-json\/wp\/v2\/media\/8929"}],"wp:attachment":[{"href":"https:\/\/redamlo.com\/index.php\/wp-json\/wp\/v2\/media?parent=8928"}],"wp:term":[{"taxonomy":"category","embeddable":true,"href":"https:\/\/redamlo.com\/index.php\/wp-json\/wp\/v2\/categories?post=8928"},{"taxonomy":"post_tag","embeddable":true,"href":"https:\/\/redamlo.com\/index.php\/wp-json\/wp\/v2\/tags?post=8928"}],"curies":[{"name":"wp","href":"https:\/\/api.w.org\/{rel}","templated":true}]}}