{"id":8918,"date":"2025-11-13T21:12:00","date_gmt":"2025-11-13T21:12:00","guid":{"rendered":"https:\/\/redamlo.com\/?p=8918"},"modified":"2025-11-14T19:29:45","modified_gmt":"2025-11-14T19:29:45","slug":"celia-marin-sasaki-plantea-un-giro-historico-para-el-poder-judicial-capitalino","status":"publish","type":"post","link":"https:\/\/redamlo.com\/index.php\/2025\/11\/13\/celia-marin-sasaki-plantea-un-giro-historico-para-el-poder-judicial-capitalino\/","title":{"rendered":"Celia Mar\u00edn Sasaki plantea un giro hist\u00f3rico para el Poder Judicial Capitalino"},"content":{"rendered":"\n<h2 class=\"wp-block-heading\">Por: Zavianny Torres.<\/h2>\n\n\n\n<p>A 40 a\u00f1os de que una mujer encabezara por \u00faltima vez el Tribunal Superior<br>de Justicia de la Ciudad de M\u00e9xico (TSJCDMX), la magistrada Celia Mar\u00edn<br>Sasaki considera que el Poder Judicial capitalino vive un momento hist\u00f3rico<br>para abrir paso a una presidencia femenina. Con m\u00e1s de tres d\u00e9cadas de<br>experiencia judicial, la magistrada sostiene que su candidatura se<br>fundamenta en una trayectoria s\u00f3lida, en la defensa de la honradez, la<br>actualizaci\u00f3n permanente y la justicia social como ejes rectores de su labor.<br>Egresada de la Universidad Nacional Aut\u00f3noma de M\u00e9xico \u2014donde curs\u00f3<br>desde la Preparatoria 6 hasta los estudios de posgrado en Derecho\u2014, Mar\u00edn<br>Sasaki se form\u00f3 profesionalmente en el sistema penal. Durante 18 a\u00f1os<br>fungi\u00f3 como jueza penal y desde hace 14 es magistrada en la misma<br>materia. \u201cSoy una juzgadora de carrera; conozco profundamente al Poder<br>Judicial y los procesos que lo sostienen\u201d, afirm\u00f3.<\/p>\n\n\n\n<figure class=\"wp-block-image size-large\"><img loading=\"lazy\" decoding=\"async\" width=\"684\" height=\"1024\" src=\"https:\/\/redamlo.com\/wp-content\/uploads\/2025\/11\/celia-marin-2-684x1024.jpg\" alt=\"\" class=\"wp-image-8920\" srcset=\"https:\/\/redamlo.com\/wp-content\/uploads\/2025\/11\/celia-marin-2-684x1024.jpg 684w, https:\/\/redamlo.com\/wp-content\/uploads\/2025\/11\/celia-marin-2-200x300.jpg 200w, https:\/\/redamlo.com\/wp-content\/uploads\/2025\/11\/celia-marin-2-768x1151.jpg 768w, https:\/\/redamlo.com\/wp-content\/uploads\/2025\/11\/celia-marin-2-1025x1536.jpg 1025w, https:\/\/redamlo.com\/wp-content\/uploads\/2025\/11\/celia-marin-2-1024x1534.jpg 1024w, https:\/\/redamlo.com\/wp-content\/uploads\/2025\/11\/celia-marin-2.jpg 1367w\" sizes=\"auto, (max-width: 684px) 100vw, 684px\" \/><\/figure>\n\n\n\n<p>A lo largo de la entrevista, la magistrada subray\u00f3 que su propuesta llega en<br>un momento de transformaci\u00f3n institucional y de paridad en los espacios<br>p\u00fablicos. \u201cYa tenemos una presidenta de la Rep\u00fablica, una jefa de<br>Gobierno, dos fiscales mujeres en la Ciudad de M\u00e9xico, paridad en el<br>Congreso local y en el federal. En todos los gabinetes y poderes hay<br>presencia femenina. Sin embargo, el Tribunal no ha tenido una presidenta<br>en cuatro d\u00e9cadas. Es momento de la alternancia\u201d, se\u00f1al\u00f3.<br>Entre los diez principios que promueve en sus plataformas p\u00fablicas, pidi\u00f3<br>destacar tres que orientar\u00edan su eventual gesti\u00f3n: la honradez, la<br>actualizaci\u00f3n normativa y la justicia social.<br>Sobre el primer punto, explica que la honradez en la impartici\u00f3n de justicia<br>implica una conducta transparente y un compromiso absoluto con el servicio<br>p\u00fablico: \u201cLas personas que acuden al tribunal merecen procesos limpios,<br>decisiones fundadas y un trato digno\u201d.<br>Respecto a la actualizaci\u00f3n, la magistrada enfatiz\u00f3 que el sistema judicial<br>a\u00fan tiene pendientes derivados de la reforma procesal en materia civil y<br>familiar. Record\u00f3 que Naciones Unidas recomienda contar con 17 jueces<br>por cada 100 mil habitantes, una cifra lejana a la realidad capitalina. \u201cAntes<br>ten\u00edamos cuatro juzgados por esa proporci\u00f3n, pero tras la eliminaci\u00f3n de<br>varios \u00f3rganos, ahora son menos. El acceso a la justicia es un derecho<br>humano y necesitamos m\u00e1s juzgadoras y juzgadores que atiendan la<br>demanda existente\u201d, explic\u00f3.<br>El concepto de justicia social \u2014que reconoce como parte de su identidad<br>profesional\u2014 lo define como un trato emp\u00e1tico y accesible hacia las<br>personas usuarias del sistema judicial. \u201cLa justicia social es atender con<br>sencillez, cercan\u00eda y conocimiento. Resolver lo que en derecho<br>corresponde, pero hacerlo con sensibilidad ante las realidades que viven los<br>grupos m\u00e1s vulnerables\u201d, dijo.<br>Mar\u00edn Sasaki considera indispensable modernizar los procesos judiciales,<br>pero advirti\u00f3 que la inteligencia artificial debe utilizarse \u00fanicamente como<br>apoyo t\u00e9cnico, nunca para sustituir el criterio jurisdiccional. Se\u00f1al\u00f3 que el<br>Poder Judicial capitalino ya tiene avances en digitalizaci\u00f3n, aunque<br>persisten fallas que afectan a litigantes y justiciables.<br>\u201cHe encontrado abogados desesperados porque la plataforma se cierra<br>justo cuando vence un plazo procesal. Eso no puede pasar. Las<br>herramientas digitales deben ser confiables, seguras y funcionales\u201d,<br>destac\u00f3. A\u00f1adi\u00f3 que, en caso de asumir la presidencia, los primeros 100<br>d\u00edas se dedicar\u00edan a revisar, optimizar y fortalecer estas plataformas, as\u00ed<br>como a reducir las brechas digitales entre usuarios.<br>La magistrada record\u00f3 que la reforma judicial dividi\u00f3 al Poder Judicial en<br>tres \u00f3rganos: la administraci\u00f3n judicial; el Tribunal de Disciplina, encargado<br>del control interno; y el Tribunal Superior de Justicia, responsable<br>enteramente de la funci\u00f3n jurisdiccional. Sobre este \u00faltimo, afirm\u00f3 que el<br>reto central es garantizar procesos eficientes, sentencias de calidad y una<br>impartici\u00f3n de justicia cercana.<br>\u201cEl trabajo de la presidencia debe enfocarse en la esencia: los procesos, las<br>resoluciones y el acceso a la justicia. Todo lo que afecta la vida de las<br>personas, desde lo familiar hasta lo penal, requiere un Poder Judicial fuerte\u201d,<br>se\u00f1al\u00f3.<br>Al cierre, la magistrada destac\u00f3 que la finalidad \u00faltima del sistema judicial<br>es la construcci\u00f3n de paz. \u201cCuando alguien acude a un tribunal, lo hace<br>porque vive un conflicto que afecta su vida. Si no atendemos esos<br>problemas de fondo, podemos llevar a las personas a intentar hacerse<br>justicia por mano propia, y eso no debe ocurrir. Cada resoluci\u00f3n que<br>emitimos es una aportaci\u00f3n a la paz social\u201d.<\/p>\n\n\n\n<figure class=\"wp-block-image size-large\"><img loading=\"lazy\" decoding=\"async\" width=\"768\" height=\"1024\" src=\"https:\/\/redamlo.com\/wp-content\/uploads\/2025\/11\/celia-marin-3-768x1024.jpg\" alt=\"\" class=\"wp-image-8921\" srcset=\"https:\/\/redamlo.com\/wp-content\/uploads\/2025\/11\/celia-marin-3-768x1024.jpg 768w, https:\/\/redamlo.com\/wp-content\/uploads\/2025\/11\/celia-marin-3-225x300.jpg 225w, https:\/\/redamlo.com\/wp-content\/uploads\/2025\/11\/celia-marin-3-1152x1536.jpg 1152w, https:\/\/redamlo.com\/wp-content\/uploads\/2025\/11\/celia-marin-3-1024x1365.jpg 1024w, https:\/\/redamlo.com\/wp-content\/uploads\/2025\/11\/celia-marin-3.jpg 1200w\" sizes=\"auto, (max-width: 768px) 100vw, 768px\" \/><\/figure>\n\n\n\n<p>Con m\u00e1s de 30 a\u00f1os en la impartici\u00f3n de justicia, Mar\u00edn Sasaki afirma estar<br>lista para asumir la presidencia del Tribunal capitalino en un contexto de<br>cambio institucional y mayor participaci\u00f3n de las mujeres en los espacios<br>p\u00fablicos. El pleno del Poder Judicial definir\u00e1 en pr\u00f3ximas semanas qui\u00e9n<br>encabezar\u00e1 el TSJCDMX en este nuevo ciclo de transformaciones.<\/p>\n","protected":false},"excerpt":{"rendered":"<p>Por: Zavianny Torres. A 40 a\u00f1os de que una mujer encabezara por \u00faltima vez el&#8230;<\/p>\n","protected":false},"author":1,"featured_media":8919,"comment_status":"open","ping_status":"open","sticky":false,"template":"","format":"standard","meta":{"footnotes":""},"categories":[312],"tags":[2939,2941,2940],"class_list":["post-8918","post","type-post","status-publish","format-standard","has-post-thumbnail","hentry","category-justicia","tag-magistrada-celia-marin","tag-poder-judicial-capitalino","tag-tsjcdmx"],"yoast_head":"<!-- This site is optimized with the Yoast SEO plugin v27.5 - https:\/\/yoast.com\/product\/yoast-seo-wordpress\/ -->\n<title>Celia Mar\u00edn Sasaki plantea un giro hist\u00f3rico para el Poder Judicial Capitalino - NOTICIAS DE LA 4T<\/title>\n<meta name=\"robots\" content=\"noindex, follow, max-snippet:-1, max-image-preview:large, max-video-preview:-1\" \/>\n<meta property=\"og:locale\" content=\"es_MX\" \/>\n<meta property=\"og:type\" content=\"article\" \/>\n<meta property=\"og:title\" content=\"Celia Mar\u00edn Sasaki plantea un giro hist\u00f3rico para el Poder Judicial Capitalino - NOTICIAS DE LA 4T\" \/>\n<meta property=\"og:description\" content=\"Por: Zavianny Torres. A 40 a\u00f1os de que una mujer encabezara por \u00faltima vez el...\" \/>\n<meta property=\"og:url\" content=\"https:\/\/redamlo.com\/index.php\/2025\/11\/13\/celia-marin-sasaki-plantea-un-giro-historico-para-el-poder-judicial-capitalino\/\" \/>\n<meta property=\"og:site_name\" content=\"NOTICIAS DE LA 4T\" \/>\n<meta property=\"article:published_time\" content=\"2025-11-13T21:12:00+00:00\" \/>\n<meta property=\"article:modified_time\" content=\"2025-11-14T19:29:45+00:00\" \/>\n<meta property=\"og:image\" content=\"https:\/\/redamlo.com\/wp-content\/uploads\/2025\/11\/celia-marin.jpg\" \/>\n\t<meta property=\"og:image:width\" content=\"1600\" \/>\n\t<meta property=\"og:image:height\" content=\"1200\" \/>\n\t<meta property=\"og:image:type\" content=\"image\/jpeg\" \/>\n<meta name=\"author\" content=\"admin\" \/>\n<meta name=\"twitter:card\" content=\"summary_large_image\" \/>\n<meta name=\"twitter:label1\" content=\"Escrito por\" \/>\n\t<meta name=\"twitter:data1\" content=\"admin\" \/>\n\t<meta name=\"twitter:label2\" content=\"Tiempo de lectura\" \/>\n\t<meta name=\"twitter:data2\" content=\"4 minutos\" \/>\n<script type=\"application\/ld+json\" class=\"yoast-schema-graph\">{\"@context\":\"https:\\\/\\\/schema.org\",\"@graph\":[{\"@type\":\"Article\",\"@id\":\"https:\\\/\\\/redamlo.com\\\/index.php\\\/2025\\\/11\\\/13\\\/celia-marin-sasaki-plantea-un-giro-historico-para-el-poder-judicial-capitalino\\\/#article\",\"isPartOf\":{\"@id\":\"https:\\\/\\\/redamlo.com\\\/index.php\\\/2025\\\/11\\\/13\\\/celia-marin-sasaki-plantea-un-giro-historico-para-el-poder-judicial-capitalino\\\/\"},\"author\":{\"name\":\"admin\",\"@id\":\"https:\\\/\\\/redamlo.com\\\/#\\\/schema\\\/person\\\/197a0a670d21b1f4f1483ddda1b64613\"},\"headline\":\"Celia Mar\u00edn Sasaki plantea un giro hist\u00f3rico para el Poder Judicial Capitalino\",\"datePublished\":\"2025-11-13T21:12:00+00:00\",\"dateModified\":\"2025-11-14T19:29:45+00:00\",\"mainEntityOfPage\":{\"@id\":\"https:\\\/\\\/redamlo.com\\\/index.php\\\/2025\\\/11\\\/13\\\/celia-marin-sasaki-plantea-un-giro-historico-para-el-poder-judicial-capitalino\\\/\"},\"wordCount\":777,\"commentCount\":0,\"publisher\":{\"@id\":\"https:\\\/\\\/redamlo.com\\\/#organization\"},\"image\":{\"@id\":\"https:\\\/\\\/redamlo.com\\\/index.php\\\/2025\\\/11\\\/13\\\/celia-marin-sasaki-plantea-un-giro-historico-para-el-poder-judicial-capitalino\\\/#primaryimage\"},\"thumbnailUrl\":\"https:\\\/\\\/redamlo.com\\\/wp-content\\\/uploads\\\/2025\\\/11\\\/celia-marin.jpg\",\"keywords\":[\"magistrada celia mar\u00edn\",\"Poder judicial capitalino\",\"TSJCDMX\"],\"articleSection\":[\"Justicia\"],\"inLanguage\":\"es\",\"potentialAction\":[{\"@type\":\"CommentAction\",\"name\":\"Comment\",\"target\":[\"https:\\\/\\\/redamlo.com\\\/index.php\\\/2025\\\/11\\\/13\\\/celia-marin-sasaki-plantea-un-giro-historico-para-el-poder-judicial-capitalino\\\/#respond\"]}]},{\"@type\":\"WebPage\",\"@id\":\"https:\\\/\\\/redamlo.com\\\/index.php\\\/2025\\\/11\\\/13\\\/celia-marin-sasaki-plantea-un-giro-historico-para-el-poder-judicial-capitalino\\\/\",\"url\":\"https:\\\/\\\/redamlo.com\\\/index.php\\\/2025\\\/11\\\/13\\\/celia-marin-sasaki-plantea-un-giro-historico-para-el-poder-judicial-capitalino\\\/\",\"name\":\"Celia Mar\u00edn Sasaki plantea un giro hist\u00f3rico para el Poder Judicial Capitalino - NOTICIAS DE LA 4T\",\"isPartOf\":{\"@id\":\"https:\\\/\\\/redamlo.com\\\/#website\"},\"primaryImageOfPage\":{\"@id\":\"https:\\\/\\\/redamlo.com\\\/index.php\\\/2025\\\/11\\\/13\\\/celia-marin-sasaki-plantea-un-giro-historico-para-el-poder-judicial-capitalino\\\/#primaryimage\"},\"image\":{\"@id\":\"https:\\\/\\\/redamlo.com\\\/index.php\\\/2025\\\/11\\\/13\\\/celia-marin-sasaki-plantea-un-giro-historico-para-el-poder-judicial-capitalino\\\/#primaryimage\"},\"thumbnailUrl\":\"https:\\\/\\\/redamlo.com\\\/wp-content\\\/uploads\\\/2025\\\/11\\\/celia-marin.jpg\",\"datePublished\":\"2025-11-13T21:12:00+00:00\",\"dateModified\":\"2025-11-14T19:29:45+00:00\",\"breadcrumb\":{\"@id\":\"https:\\\/\\\/redamlo.com\\\/index.php\\\/2025\\\/11\\\/13\\\/celia-marin-sasaki-plantea-un-giro-historico-para-el-poder-judicial-capitalino\\\/#breadcrumb\"},\"inLanguage\":\"es\",\"potentialAction\":[{\"@type\":\"ReadAction\",\"target\":[\"https:\\\/\\\/redamlo.com\\\/index.php\\\/2025\\\/11\\\/13\\\/celia-marin-sasaki-plantea-un-giro-historico-para-el-poder-judicial-capitalino\\\/\"]}]},{\"@type\":\"ImageObject\",\"inLanguage\":\"es\",\"@id\":\"https:\\\/\\\/redamlo.com\\\/index.php\\\/2025\\\/11\\\/13\\\/celia-marin-sasaki-plantea-un-giro-historico-para-el-poder-judicial-capitalino\\\/#primaryimage\",\"url\":\"https:\\\/\\\/redamlo.com\\\/wp-content\\\/uploads\\\/2025\\\/11\\\/celia-marin.jpg\",\"contentUrl\":\"https:\\\/\\\/redamlo.com\\\/wp-content\\\/uploads\\\/2025\\\/11\\\/celia-marin.jpg\",\"width\":1600,\"height\":1200,\"caption\":\"Foto: Celia Mar\u00edn\"},{\"@type\":\"BreadcrumbList\",\"@id\":\"https:\\\/\\\/redamlo.com\\\/index.php\\\/2025\\\/11\\\/13\\\/celia-marin-sasaki-plantea-un-giro-historico-para-el-poder-judicial-capitalino\\\/#breadcrumb\",\"itemListElement\":[{\"@type\":\"ListItem\",\"position\":1,\"name\":\"Inicio\",\"item\":\"https:\\\/\\\/redamlo.com\\\/\"},{\"@type\":\"ListItem\",\"position\":2,\"name\":\"Celia Mar\u00edn Sasaki plantea un giro hist\u00f3rico para el Poder Judicial Capitalino\"}]},{\"@type\":\"WebSite\",\"@id\":\"https:\\\/\\\/redamlo.com\\\/#website\",\"url\":\"https:\\\/\\\/redamlo.com\\\/\",\"name\":\"NOTICIAS DE LA 4T\",\"description\":\"\",\"publisher\":{\"@id\":\"https:\\\/\\\/redamlo.com\\\/#organization\"},\"potentialAction\":[{\"@type\":\"SearchAction\",\"target\":{\"@type\":\"EntryPoint\",\"urlTemplate\":\"https:\\\/\\\/redamlo.com\\\/?s={search_term_string}\"},\"query-input\":{\"@type\":\"PropertyValueSpecification\",\"valueRequired\":true,\"valueName\":\"search_term_string\"}}],\"inLanguage\":\"es\"},{\"@type\":\"Organization\",\"@id\":\"https:\\\/\\\/redamlo.com\\\/#organization\",\"name\":\"NOTICIAS DE LA 4T\",\"url\":\"https:\\\/\\\/redamlo.com\\\/\",\"logo\":{\"@type\":\"ImageObject\",\"inLanguage\":\"es\",\"@id\":\"https:\\\/\\\/redamlo.com\\\/#\\\/schema\\\/logo\\\/image\\\/\",\"url\":\"https:\\\/\\\/redamlo.com\\\/wp-content\\\/uploads\\\/2024\\\/08\\\/cropped-RED-AMLO-logo-50.png\",\"contentUrl\":\"https:\\\/\\\/redamlo.com\\\/wp-content\\\/uploads\\\/2024\\\/08\\\/cropped-RED-AMLO-logo-50.png\",\"width\":256,\"height\":256,\"caption\":\"NOTICIAS DE LA 4T\"},\"image\":{\"@id\":\"https:\\\/\\\/redamlo.com\\\/#\\\/schema\\\/logo\\\/image\\\/\"}},{\"@type\":\"Person\",\"@id\":\"https:\\\/\\\/redamlo.com\\\/#\\\/schema\\\/person\\\/197a0a670d21b1f4f1483ddda1b64613\",\"name\":\"admin\",\"image\":{\"@type\":\"ImageObject\",\"inLanguage\":\"es\",\"@id\":\"https:\\\/\\\/secure.gravatar.com\\\/avatar\\\/293dccd927043f2e641da6685c2f84009782eb9ee0054daceada4e261ded849a?s=96&d=mm&r=g\",\"url\":\"https:\\\/\\\/secure.gravatar.com\\\/avatar\\\/293dccd927043f2e641da6685c2f84009782eb9ee0054daceada4e261ded849a?s=96&d=mm&r=g\",\"contentUrl\":\"https:\\\/\\\/secure.gravatar.com\\\/avatar\\\/293dccd927043f2e641da6685c2f84009782eb9ee0054daceada4e261ded849a?s=96&d=mm&r=g\",\"caption\":\"admin\"},\"sameAs\":[\"https:\\\/\\\/redamlo.com\"],\"url\":\"https:\\\/\\\/redamlo.com\\\/index.php\\\/author\\\/stell\\\/\"}]}<\/script>\n<!-- \/ Yoast SEO plugin. -->","yoast_head_json":{"title":"Celia Mar\u00edn Sasaki plantea un giro hist\u00f3rico para el Poder Judicial Capitalino - NOTICIAS DE LA 4T","robots":{"index":"noindex","follow":"follow","max-snippet":"max-snippet:-1","max-image-preview":"max-image-preview:large","max-video-preview":"max-video-preview:-1"},"og_locale":"es_MX","og_type":"article","og_title":"Celia Mar\u00edn Sasaki plantea un giro hist\u00f3rico para el Poder Judicial Capitalino - NOTICIAS DE LA 4T","og_description":"Por: Zavianny Torres. A 40 a\u00f1os de que una mujer encabezara por \u00faltima vez el...","og_url":"https:\/\/redamlo.com\/index.php\/2025\/11\/13\/celia-marin-sasaki-plantea-un-giro-historico-para-el-poder-judicial-capitalino\/","og_site_name":"NOTICIAS DE LA 4T","article_published_time":"2025-11-13T21:12:00+00:00","article_modified_time":"2025-11-14T19:29:45+00:00","og_image":[{"width":1600,"height":1200,"url":"https:\/\/redamlo.com\/wp-content\/uploads\/2025\/11\/celia-marin.jpg","type":"image\/jpeg"}],"author":"admin","twitter_card":"summary_large_image","twitter_misc":{"Escrito por":"admin","Tiempo de lectura":"4 minutos"},"schema":{"@context":"https:\/\/schema.org","@graph":[{"@type":"Article","@id":"https:\/\/redamlo.com\/index.php\/2025\/11\/13\/celia-marin-sasaki-plantea-un-giro-historico-para-el-poder-judicial-capitalino\/#article","isPartOf":{"@id":"https:\/\/redamlo.com\/index.php\/2025\/11\/13\/celia-marin-sasaki-plantea-un-giro-historico-para-el-poder-judicial-capitalino\/"},"author":{"name":"admin","@id":"https:\/\/redamlo.com\/#\/schema\/person\/197a0a670d21b1f4f1483ddda1b64613"},"headline":"Celia Mar\u00edn Sasaki plantea un giro hist\u00f3rico para el Poder Judicial Capitalino","datePublished":"2025-11-13T21:12:00+00:00","dateModified":"2025-11-14T19:29:45+00:00","mainEntityOfPage":{"@id":"https:\/\/redamlo.com\/index.php\/2025\/11\/13\/celia-marin-sasaki-plantea-un-giro-historico-para-el-poder-judicial-capitalino\/"},"wordCount":777,"commentCount":0,"publisher":{"@id":"https:\/\/redamlo.com\/#organization"},"image":{"@id":"https:\/\/redamlo.com\/index.php\/2025\/11\/13\/celia-marin-sasaki-plantea-un-giro-historico-para-el-poder-judicial-capitalino\/#primaryimage"},"thumbnailUrl":"https:\/\/redamlo.com\/wp-content\/uploads\/2025\/11\/celia-marin.jpg","keywords":["magistrada celia mar\u00edn","Poder judicial capitalino","TSJCDMX"],"articleSection":["Justicia"],"inLanguage":"es","potentialAction":[{"@type":"CommentAction","name":"Comment","target":["https:\/\/redamlo.com\/index.php\/2025\/11\/13\/celia-marin-sasaki-plantea-un-giro-historico-para-el-poder-judicial-capitalino\/#respond"]}]},{"@type":"WebPage","@id":"https:\/\/redamlo.com\/index.php\/2025\/11\/13\/celia-marin-sasaki-plantea-un-giro-historico-para-el-poder-judicial-capitalino\/","url":"https:\/\/redamlo.com\/index.php\/2025\/11\/13\/celia-marin-sasaki-plantea-un-giro-historico-para-el-poder-judicial-capitalino\/","name":"Celia Mar\u00edn Sasaki plantea un giro hist\u00f3rico para el Poder Judicial Capitalino - NOTICIAS DE LA 4T","isPartOf":{"@id":"https:\/\/redamlo.com\/#website"},"primaryImageOfPage":{"@id":"https:\/\/redamlo.com\/index.php\/2025\/11\/13\/celia-marin-sasaki-plantea-un-giro-historico-para-el-poder-judicial-capitalino\/#primaryimage"},"image":{"@id":"https:\/\/redamlo.com\/index.php\/2025\/11\/13\/celia-marin-sasaki-plantea-un-giro-historico-para-el-poder-judicial-capitalino\/#primaryimage"},"thumbnailUrl":"https:\/\/redamlo.com\/wp-content\/uploads\/2025\/11\/celia-marin.jpg","datePublished":"2025-11-13T21:12:00+00:00","dateModified":"2025-11-14T19:29:45+00:00","breadcrumb":{"@id":"https:\/\/redamlo.com\/index.php\/2025\/11\/13\/celia-marin-sasaki-plantea-un-giro-historico-para-el-poder-judicial-capitalino\/#breadcrumb"},"inLanguage":"es","potentialAction":[{"@type":"ReadAction","target":["https:\/\/redamlo.com\/index.php\/2025\/11\/13\/celia-marin-sasaki-plantea-un-giro-historico-para-el-poder-judicial-capitalino\/"]}]},{"@type":"ImageObject","inLanguage":"es","@id":"https:\/\/redamlo.com\/index.php\/2025\/11\/13\/celia-marin-sasaki-plantea-un-giro-historico-para-el-poder-judicial-capitalino\/#primaryimage","url":"https:\/\/redamlo.com\/wp-content\/uploads\/2025\/11\/celia-marin.jpg","contentUrl":"https:\/\/redamlo.com\/wp-content\/uploads\/2025\/11\/celia-marin.jpg","width":1600,"height":1200,"caption":"Foto: Celia Mar\u00edn"},{"@type":"BreadcrumbList","@id":"https:\/\/redamlo.com\/index.php\/2025\/11\/13\/celia-marin-sasaki-plantea-un-giro-historico-para-el-poder-judicial-capitalino\/#breadcrumb","itemListElement":[{"@type":"ListItem","position":1,"name":"Inicio","item":"https:\/\/redamlo.com\/"},{"@type":"ListItem","position":2,"name":"Celia Mar\u00edn Sasaki plantea un giro hist\u00f3rico para el Poder Judicial Capitalino"}]},{"@type":"WebSite","@id":"https:\/\/redamlo.com\/#website","url":"https:\/\/redamlo.com\/","name":"NOTICIAS DE LA 4T","description":"","publisher":{"@id":"https:\/\/redamlo.com\/#organization"},"potentialAction":[{"@type":"SearchAction","target":{"@type":"EntryPoint","urlTemplate":"https:\/\/redamlo.com\/?s={search_term_string}"},"query-input":{"@type":"PropertyValueSpecification","valueRequired":true,"valueName":"search_term_string"}}],"inLanguage":"es"},{"@type":"Organization","@id":"https:\/\/redamlo.com\/#organization","name":"NOTICIAS DE LA 4T","url":"https:\/\/redamlo.com\/","logo":{"@type":"ImageObject","inLanguage":"es","@id":"https:\/\/redamlo.com\/#\/schema\/logo\/image\/","url":"https:\/\/redamlo.com\/wp-content\/uploads\/2024\/08\/cropped-RED-AMLO-logo-50.png","contentUrl":"https:\/\/redamlo.com\/wp-content\/uploads\/2024\/08\/cropped-RED-AMLO-logo-50.png","width":256,"height":256,"caption":"NOTICIAS DE LA 4T"},"image":{"@id":"https:\/\/redamlo.com\/#\/schema\/logo\/image\/"}},{"@type":"Person","@id":"https:\/\/redamlo.com\/#\/schema\/person\/197a0a670d21b1f4f1483ddda1b64613","name":"admin","image":{"@type":"ImageObject","inLanguage":"es","@id":"https:\/\/secure.gravatar.com\/avatar\/293dccd927043f2e641da6685c2f84009782eb9ee0054daceada4e261ded849a?s=96&d=mm&r=g","url":"https:\/\/secure.gravatar.com\/avatar\/293dccd927043f2e641da6685c2f84009782eb9ee0054daceada4e261ded849a?s=96&d=mm&r=g","contentUrl":"https:\/\/secure.gravatar.com\/avatar\/293dccd927043f2e641da6685c2f84009782eb9ee0054daceada4e261ded849a?s=96&d=mm&r=g","caption":"admin"},"sameAs":["https:\/\/redamlo.com"],"url":"https:\/\/redamlo.com\/index.php\/author\/stell\/"}]}},"_links":{"self":[{"href":"https:\/\/redamlo.com\/index.php\/wp-json\/wp\/v2\/posts\/8918","targetHints":{"allow":["GET"]}}],"collection":[{"href":"https:\/\/redamlo.com\/index.php\/wp-json\/wp\/v2\/posts"}],"about":[{"href":"https:\/\/redamlo.com\/index.php\/wp-json\/wp\/v2\/types\/post"}],"author":[{"embeddable":true,"href":"https:\/\/redamlo.com\/index.php\/wp-json\/wp\/v2\/users\/1"}],"replies":[{"embeddable":true,"href":"https:\/\/redamlo.com\/index.php\/wp-json\/wp\/v2\/comments?post=8918"}],"version-history":[{"count":2,"href":"https:\/\/redamlo.com\/index.php\/wp-json\/wp\/v2\/posts\/8918\/revisions"}],"predecessor-version":[{"id":8926,"href":"https:\/\/redamlo.com\/index.php\/wp-json\/wp\/v2\/posts\/8918\/revisions\/8926"}],"wp:featuredmedia":[{"embeddable":true,"href":"https:\/\/redamlo.com\/index.php\/wp-json\/wp\/v2\/media\/8919"}],"wp:attachment":[{"href":"https:\/\/redamlo.com\/index.php\/wp-json\/wp\/v2\/media?parent=8918"}],"wp:term":[{"taxonomy":"category","embeddable":true,"href":"https:\/\/redamlo.com\/index.php\/wp-json\/wp\/v2\/categories?post=8918"},{"taxonomy":"post_tag","embeddable":true,"href":"https:\/\/redamlo.com\/index.php\/wp-json\/wp\/v2\/tags?post=8918"}],"curies":[{"name":"wp","href":"https:\/\/api.w.org\/{rel}","templated":true}]}}