{"id":8909,"date":"2025-11-14T18:52:59","date_gmt":"2025-11-14T18:52:59","guid":{"rendered":"https:\/\/redamlo.com\/?p=8909"},"modified":"2025-11-14T18:53:00","modified_gmt":"2025-11-14T18:53:00","slug":"grupo-salinas-dos-decadas-de-litigios-fiscales-que-culminan-en-derrota-ante-la-corte","status":"publish","type":"post","link":"https:\/\/redamlo.com\/index.php\/2025\/11\/14\/grupo-salinas-dos-decadas-de-litigios-fiscales-que-culminan-en-derrota-ante-la-corte\/","title":{"rendered":"Grupo Salinas: dos d\u00e9cadas de litigios fiscales que culminan en derrota ante la Corte"},"content":{"rendered":"\n<p>La resoluci\u00f3n de la Suprema Corte de Justicia de la Naci\u00f3n (SCJN) cerr\u00f3 un cap\u00edtulo de m\u00e1s de veinte a\u00f1os de conflictos entre Grupo Salinas y el fisco mexicano. Algunos de los juicios m\u00e1s antiguos perdidos por el conglomerado se remontan a 2008, aunque registros financieros de Tv Azteca y Elektra indican que, desde 2017, ya arrastraban procedimientos iniciados incluso en 2001.<\/p>\n\n\n\n<p>Durante d\u00e9cadas, el grupo presidido por Ricardo Salinas Pliego \u2014al igual que otros grandes contribuyentes\u2014 aprovech\u00f3 el r\u00e9gimen de consolidaci\u00f3n fiscal, creado en 1982. Este esquema permit\u00eda integrar resultados de varias empresas para presentar un solo estado financiero al SAT. Entre las pr\u00e1cticas detectadas en an\u00e1lisis oficiales se encontraban p\u00e9rdidas derivadas de compras de negocios en quiebra, con las que se reduc\u00edan utilidades sujetas a impuestos. El abuso del modelo llev\u00f3 a administraciones anteriores a modificarlo para frenar maniobras de evasi\u00f3n.<\/p>\n\n\n\n<p>Para Elektra, las reformas de 2010 y 2014 representaron un quiebre: los cambios en la consolidaci\u00f3n fiscal afectaron directamente la forma en que compensaban sus balances. Muchos de los cr\u00e9ditos fiscales que hoy enfrenta la empresa fueron determinados en el sexenio de Enrique Pe\u00f1a Nieto, a partir de revisiones realizadas durante la presidencia de Felipe Calder\u00f3n.<\/p>\n\n\n\n<p>El adeudo m\u00e1s voluminoso corresponde a las p\u00e9rdidas inexistentes registradas en 2008, 2010, 2011 y 2012. Dichas operaciones desencadenaron un cr\u00e9dito fiscal que, en 2013, ascend\u00eda a 18 mil 455 millones de pesos, seg\u00fan reportes enviados a la Bolsa Mexicana de Valores (BMV).<\/p>\n\n\n\n<p>Al finalizar 2018, ya con el cambio de administraci\u00f3n federal en curso, Tv Azteca y Elektra reportaban afectaciones derivadas del fin de la consolidaci\u00f3n fiscal, as\u00ed como otros litigios. Ese a\u00f1o, la televisora manten\u00eda disputas por 5 mil 443 millones de pesos, incluso por cr\u00e9ditos que databan de 2001; Elektra peleaba 14 mil 8 millones. Estas cifras solo representaban los casos en tribunales o pr\u00f3ximos a resolverse, no la totalidad de los pasivos identificados.<\/p>\n\n\n\n<p>En paralelo, Salinas Pliego ingres\u00f3 al Consejo Asesor Empresarial del presidente L\u00f3pez Obrador, quien desde los primeros meses de su gobierno exhibi\u00f3 una lista de grandes contribuyentes con adeudos relevantes. Tras resistencias iniciales, corporativos como Walmart, BBVA M\u00e9xico, Grupo Modelo, Am\u00e9rica M\u00f3vil, IBM, FEMSA y Grupo BAL anunciaron pagos multimillonarios al SAT, algunos mediante acuerdos conclusivos.<\/p>\n\n\n\n<p>El combate a los privilegios fiscales se volvi\u00f3 una bandera del gobierno anterior y deriv\u00f3 en la reforma al art\u00edculo 28 constitucional, que, desde 2020, proh\u00edbe la condonaci\u00f3n y exenci\u00f3n de impuestos fuera de lo establecido en la ley.<\/p>\n\n\n\n<h3 class=\"wp-block-heading\"><strong>Lo que viene<\/strong><\/h3>\n\n\n\n<p>Tras la derrota definitiva en tribunales nacionales, corresponde a la SCJN notificar al SAT. Con la sentencia firme, el organismo deber\u00e1 fijar el monto final de los cr\u00e9ditos, aplicando las deducciones permitidas.<\/p>\n\n\n\n<p>Antes de la discusi\u00f3n en la Corte, Grupo Salinas anticip\u00f3 su derrota y su principal directivo advirti\u00f3 que podr\u00eda llevarse \u201csu dinero\u201d del pa\u00eds. La fortuna estimada de Salinas Pliego asciende a 134 mil 450 millones de pesos; su adeudo con las finanzas p\u00fablicas: 74 mil millones.<\/p>\n","protected":false},"excerpt":{"rendered":"<p>La resoluci\u00f3n de la Suprema Corte de Justicia de la Naci\u00f3n (SCJN) cerr\u00f3 un cap\u00edtulo&#8230;<\/p>\n","protected":false},"author":1,"featured_media":8910,"comment_status":"open","ping_status":"open","sticky":false,"template":"","format":"standard","meta":{"footnotes":""},"categories":[312],"tags":[2657,2935,2519,1710],"class_list":["post-8909","post","type-post","status-publish","format-standard","has-post-thumbnail","hentry","category-justicia","tag-grupo-salinas","tag-salinas-pliego","tag-sat","tag-scjn"],"yoast_head":"<!-- This site is optimized with the Yoast SEO plugin v27.5 - https:\/\/yoast.com\/product\/yoast-seo-wordpress\/ -->\n<title>Grupo Salinas: dos d\u00e9cadas de litigios fiscales que culminan en derrota ante la Corte - NOTICIAS DE LA 4T<\/title>\n<meta name=\"robots\" content=\"noindex, follow, max-snippet:-1, max-image-preview:large, max-video-preview:-1\" \/>\n<meta property=\"og:locale\" content=\"es_MX\" \/>\n<meta property=\"og:type\" content=\"article\" \/>\n<meta property=\"og:title\" content=\"Grupo Salinas: dos d\u00e9cadas de litigios fiscales que culminan en derrota ante la Corte - NOTICIAS DE LA 4T\" \/>\n<meta property=\"og:description\" content=\"La resoluci\u00f3n de la Suprema Corte de Justicia de la Naci\u00f3n (SCJN) cerr\u00f3 un cap\u00edtulo...\" \/>\n<meta property=\"og:url\" content=\"https:\/\/redamlo.com\/index.php\/2025\/11\/14\/grupo-salinas-dos-decadas-de-litigios-fiscales-que-culminan-en-derrota-ante-la-corte\/\" \/>\n<meta property=\"og:site_name\" content=\"NOTICIAS DE LA 4T\" \/>\n<meta property=\"article:published_time\" content=\"2025-11-14T18:52:59+00:00\" \/>\n<meta property=\"article:modified_time\" content=\"2025-11-14T18:53:00+00:00\" \/>\n<meta property=\"og:image\" content=\"https:\/\/redamlo.com\/wp-content\/uploads\/2025\/11\/grupo-salinas.png\" \/>\n\t<meta property=\"og:image:width\" content=\"900\" \/>\n\t<meta property=\"og:image:height\" content=\"499\" \/>\n\t<meta property=\"og:image:type\" content=\"image\/png\" \/>\n<meta name=\"author\" content=\"admin\" \/>\n<meta name=\"twitter:card\" content=\"summary_large_image\" \/>\n<meta name=\"twitter:label1\" content=\"Escrito por\" \/>\n\t<meta name=\"twitter:data1\" content=\"admin\" \/>\n\t<meta name=\"twitter:label2\" content=\"Tiempo de lectura\" \/>\n\t<meta name=\"twitter:data2\" content=\"3 minutos\" \/>\n<script type=\"application\/ld+json\" class=\"yoast-schema-graph\">{\"@context\":\"https:\\\/\\\/schema.org\",\"@graph\":[{\"@type\":\"Article\",\"@id\":\"https:\\\/\\\/redamlo.com\\\/index.php\\\/2025\\\/11\\\/14\\\/grupo-salinas-dos-decadas-de-litigios-fiscales-que-culminan-en-derrota-ante-la-corte\\\/#article\",\"isPartOf\":{\"@id\":\"https:\\\/\\\/redamlo.com\\\/index.php\\\/2025\\\/11\\\/14\\\/grupo-salinas-dos-decadas-de-litigios-fiscales-que-culminan-en-derrota-ante-la-corte\\\/\"},\"author\":{\"name\":\"admin\",\"@id\":\"https:\\\/\\\/redamlo.com\\\/#\\\/schema\\\/person\\\/197a0a670d21b1f4f1483ddda1b64613\"},\"headline\":\"Grupo Salinas: dos d\u00e9cadas de litigios fiscales que culminan en derrota ante la Corte\",\"datePublished\":\"2025-11-14T18:52:59+00:00\",\"dateModified\":\"2025-11-14T18:53:00+00:00\",\"mainEntityOfPage\":{\"@id\":\"https:\\\/\\\/redamlo.com\\\/index.php\\\/2025\\\/11\\\/14\\\/grupo-salinas-dos-decadas-de-litigios-fiscales-que-culminan-en-derrota-ante-la-corte\\\/\"},\"wordCount\":527,\"commentCount\":0,\"publisher\":{\"@id\":\"https:\\\/\\\/redamlo.com\\\/#organization\"},\"image\":{\"@id\":\"https:\\\/\\\/redamlo.com\\\/index.php\\\/2025\\\/11\\\/14\\\/grupo-salinas-dos-decadas-de-litigios-fiscales-que-culminan-en-derrota-ante-la-corte\\\/#primaryimage\"},\"thumbnailUrl\":\"https:\\\/\\\/redamlo.com\\\/wp-content\\\/uploads\\\/2025\\\/11\\\/grupo-salinas.png\",\"keywords\":[\"grupo salinas\",\"salinas pliego\",\"SAT\",\"SCJN\"],\"articleSection\":[\"Justicia\"],\"inLanguage\":\"es\",\"potentialAction\":[{\"@type\":\"CommentAction\",\"name\":\"Comment\",\"target\":[\"https:\\\/\\\/redamlo.com\\\/index.php\\\/2025\\\/11\\\/14\\\/grupo-salinas-dos-decadas-de-litigios-fiscales-que-culminan-en-derrota-ante-la-corte\\\/#respond\"]}]},{\"@type\":\"WebPage\",\"@id\":\"https:\\\/\\\/redamlo.com\\\/index.php\\\/2025\\\/11\\\/14\\\/grupo-salinas-dos-decadas-de-litigios-fiscales-que-culminan-en-derrota-ante-la-corte\\\/\",\"url\":\"https:\\\/\\\/redamlo.com\\\/index.php\\\/2025\\\/11\\\/14\\\/grupo-salinas-dos-decadas-de-litigios-fiscales-que-culminan-en-derrota-ante-la-corte\\\/\",\"name\":\"Grupo Salinas: dos d\u00e9cadas de litigios fiscales que culminan en derrota ante la Corte - NOTICIAS DE LA 4T\",\"isPartOf\":{\"@id\":\"https:\\\/\\\/redamlo.com\\\/#website\"},\"primaryImageOfPage\":{\"@id\":\"https:\\\/\\\/redamlo.com\\\/index.php\\\/2025\\\/11\\\/14\\\/grupo-salinas-dos-decadas-de-litigios-fiscales-que-culminan-en-derrota-ante-la-corte\\\/#primaryimage\"},\"image\":{\"@id\":\"https:\\\/\\\/redamlo.com\\\/index.php\\\/2025\\\/11\\\/14\\\/grupo-salinas-dos-decadas-de-litigios-fiscales-que-culminan-en-derrota-ante-la-corte\\\/#primaryimage\"},\"thumbnailUrl\":\"https:\\\/\\\/redamlo.com\\\/wp-content\\\/uploads\\\/2025\\\/11\\\/grupo-salinas.png\",\"datePublished\":\"2025-11-14T18:52:59+00:00\",\"dateModified\":\"2025-11-14T18:53:00+00:00\",\"breadcrumb\":{\"@id\":\"https:\\\/\\\/redamlo.com\\\/index.php\\\/2025\\\/11\\\/14\\\/grupo-salinas-dos-decadas-de-litigios-fiscales-que-culminan-en-derrota-ante-la-corte\\\/#breadcrumb\"},\"inLanguage\":\"es\",\"potentialAction\":[{\"@type\":\"ReadAction\",\"target\":[\"https:\\\/\\\/redamlo.com\\\/index.php\\\/2025\\\/11\\\/14\\\/grupo-salinas-dos-decadas-de-litigios-fiscales-que-culminan-en-derrota-ante-la-corte\\\/\"]}]},{\"@type\":\"ImageObject\",\"inLanguage\":\"es\",\"@id\":\"https:\\\/\\\/redamlo.com\\\/index.php\\\/2025\\\/11\\\/14\\\/grupo-salinas-dos-decadas-de-litigios-fiscales-que-culminan-en-derrota-ante-la-corte\\\/#primaryimage\",\"url\":\"https:\\\/\\\/redamlo.com\\\/wp-content\\\/uploads\\\/2025\\\/11\\\/grupo-salinas.png\",\"contentUrl\":\"https:\\\/\\\/redamlo.com\\\/wp-content\\\/uploads\\\/2025\\\/11\\\/grupo-salinas.png\",\"width\":900,\"height\":499,\"caption\":\"Foto: REDES\"},{\"@type\":\"BreadcrumbList\",\"@id\":\"https:\\\/\\\/redamlo.com\\\/index.php\\\/2025\\\/11\\\/14\\\/grupo-salinas-dos-decadas-de-litigios-fiscales-que-culminan-en-derrota-ante-la-corte\\\/#breadcrumb\",\"itemListElement\":[{\"@type\":\"ListItem\",\"position\":1,\"name\":\"Inicio\",\"item\":\"https:\\\/\\\/redamlo.com\\\/\"},{\"@type\":\"ListItem\",\"position\":2,\"name\":\"Grupo Salinas: dos d\u00e9cadas de litigios fiscales que culminan en derrota ante la Corte\"}]},{\"@type\":\"WebSite\",\"@id\":\"https:\\\/\\\/redamlo.com\\\/#website\",\"url\":\"https:\\\/\\\/redamlo.com\\\/\",\"name\":\"NOTICIAS DE LA 4T\",\"description\":\"\",\"publisher\":{\"@id\":\"https:\\\/\\\/redamlo.com\\\/#organization\"},\"potentialAction\":[{\"@type\":\"SearchAction\",\"target\":{\"@type\":\"EntryPoint\",\"urlTemplate\":\"https:\\\/\\\/redamlo.com\\\/?s={search_term_string}\"},\"query-input\":{\"@type\":\"PropertyValueSpecification\",\"valueRequired\":true,\"valueName\":\"search_term_string\"}}],\"inLanguage\":\"es\"},{\"@type\":\"Organization\",\"@id\":\"https:\\\/\\\/redamlo.com\\\/#organization\",\"name\":\"NOTICIAS DE LA 4T\",\"url\":\"https:\\\/\\\/redamlo.com\\\/\",\"logo\":{\"@type\":\"ImageObject\",\"inLanguage\":\"es\",\"@id\":\"https:\\\/\\\/redamlo.com\\\/#\\\/schema\\\/logo\\\/image\\\/\",\"url\":\"https:\\\/\\\/redamlo.com\\\/wp-content\\\/uploads\\\/2024\\\/08\\\/cropped-RED-AMLO-logo-50.png\",\"contentUrl\":\"https:\\\/\\\/redamlo.com\\\/wp-content\\\/uploads\\\/2024\\\/08\\\/cropped-RED-AMLO-logo-50.png\",\"width\":256,\"height\":256,\"caption\":\"NOTICIAS DE LA 4T\"},\"image\":{\"@id\":\"https:\\\/\\\/redamlo.com\\\/#\\\/schema\\\/logo\\\/image\\\/\"}},{\"@type\":\"Person\",\"@id\":\"https:\\\/\\\/redamlo.com\\\/#\\\/schema\\\/person\\\/197a0a670d21b1f4f1483ddda1b64613\",\"name\":\"admin\",\"image\":{\"@type\":\"ImageObject\",\"inLanguage\":\"es\",\"@id\":\"https:\\\/\\\/secure.gravatar.com\\\/avatar\\\/293dccd927043f2e641da6685c2f84009782eb9ee0054daceada4e261ded849a?s=96&d=mm&r=g\",\"url\":\"https:\\\/\\\/secure.gravatar.com\\\/avatar\\\/293dccd927043f2e641da6685c2f84009782eb9ee0054daceada4e261ded849a?s=96&d=mm&r=g\",\"contentUrl\":\"https:\\\/\\\/secure.gravatar.com\\\/avatar\\\/293dccd927043f2e641da6685c2f84009782eb9ee0054daceada4e261ded849a?s=96&d=mm&r=g\",\"caption\":\"admin\"},\"sameAs\":[\"https:\\\/\\\/redamlo.com\"],\"url\":\"https:\\\/\\\/redamlo.com\\\/index.php\\\/author\\\/stell\\\/\"}]}<\/script>\n<!-- \/ Yoast SEO plugin. -->","yoast_head_json":{"title":"Grupo Salinas: dos d\u00e9cadas de litigios fiscales que culminan en derrota ante la Corte - NOTICIAS DE LA 4T","robots":{"index":"noindex","follow":"follow","max-snippet":"max-snippet:-1","max-image-preview":"max-image-preview:large","max-video-preview":"max-video-preview:-1"},"og_locale":"es_MX","og_type":"article","og_title":"Grupo Salinas: dos d\u00e9cadas de litigios fiscales que culminan en derrota ante la Corte - NOTICIAS DE LA 4T","og_description":"La resoluci\u00f3n de la Suprema Corte de Justicia de la Naci\u00f3n (SCJN) cerr\u00f3 un cap\u00edtulo...","og_url":"https:\/\/redamlo.com\/index.php\/2025\/11\/14\/grupo-salinas-dos-decadas-de-litigios-fiscales-que-culminan-en-derrota-ante-la-corte\/","og_site_name":"NOTICIAS DE LA 4T","article_published_time":"2025-11-14T18:52:59+00:00","article_modified_time":"2025-11-14T18:53:00+00:00","og_image":[{"width":900,"height":499,"url":"https:\/\/redamlo.com\/wp-content\/uploads\/2025\/11\/grupo-salinas.png","type":"image\/png"}],"author":"admin","twitter_card":"summary_large_image","twitter_misc":{"Escrito por":"admin","Tiempo de lectura":"3 minutos"},"schema":{"@context":"https:\/\/schema.org","@graph":[{"@type":"Article","@id":"https:\/\/redamlo.com\/index.php\/2025\/11\/14\/grupo-salinas-dos-decadas-de-litigios-fiscales-que-culminan-en-derrota-ante-la-corte\/#article","isPartOf":{"@id":"https:\/\/redamlo.com\/index.php\/2025\/11\/14\/grupo-salinas-dos-decadas-de-litigios-fiscales-que-culminan-en-derrota-ante-la-corte\/"},"author":{"name":"admin","@id":"https:\/\/redamlo.com\/#\/schema\/person\/197a0a670d21b1f4f1483ddda1b64613"},"headline":"Grupo Salinas: dos d\u00e9cadas de litigios fiscales que culminan en derrota ante la Corte","datePublished":"2025-11-14T18:52:59+00:00","dateModified":"2025-11-14T18:53:00+00:00","mainEntityOfPage":{"@id":"https:\/\/redamlo.com\/index.php\/2025\/11\/14\/grupo-salinas-dos-decadas-de-litigios-fiscales-que-culminan-en-derrota-ante-la-corte\/"},"wordCount":527,"commentCount":0,"publisher":{"@id":"https:\/\/redamlo.com\/#organization"},"image":{"@id":"https:\/\/redamlo.com\/index.php\/2025\/11\/14\/grupo-salinas-dos-decadas-de-litigios-fiscales-que-culminan-en-derrota-ante-la-corte\/#primaryimage"},"thumbnailUrl":"https:\/\/redamlo.com\/wp-content\/uploads\/2025\/11\/grupo-salinas.png","keywords":["grupo salinas","salinas pliego","SAT","SCJN"],"articleSection":["Justicia"],"inLanguage":"es","potentialAction":[{"@type":"CommentAction","name":"Comment","target":["https:\/\/redamlo.com\/index.php\/2025\/11\/14\/grupo-salinas-dos-decadas-de-litigios-fiscales-que-culminan-en-derrota-ante-la-corte\/#respond"]}]},{"@type":"WebPage","@id":"https:\/\/redamlo.com\/index.php\/2025\/11\/14\/grupo-salinas-dos-decadas-de-litigios-fiscales-que-culminan-en-derrota-ante-la-corte\/","url":"https:\/\/redamlo.com\/index.php\/2025\/11\/14\/grupo-salinas-dos-decadas-de-litigios-fiscales-que-culminan-en-derrota-ante-la-corte\/","name":"Grupo Salinas: dos d\u00e9cadas de litigios fiscales que culminan en derrota ante la Corte - NOTICIAS DE LA 4T","isPartOf":{"@id":"https:\/\/redamlo.com\/#website"},"primaryImageOfPage":{"@id":"https:\/\/redamlo.com\/index.php\/2025\/11\/14\/grupo-salinas-dos-decadas-de-litigios-fiscales-que-culminan-en-derrota-ante-la-corte\/#primaryimage"},"image":{"@id":"https:\/\/redamlo.com\/index.php\/2025\/11\/14\/grupo-salinas-dos-decadas-de-litigios-fiscales-que-culminan-en-derrota-ante-la-corte\/#primaryimage"},"thumbnailUrl":"https:\/\/redamlo.com\/wp-content\/uploads\/2025\/11\/grupo-salinas.png","datePublished":"2025-11-14T18:52:59+00:00","dateModified":"2025-11-14T18:53:00+00:00","breadcrumb":{"@id":"https:\/\/redamlo.com\/index.php\/2025\/11\/14\/grupo-salinas-dos-decadas-de-litigios-fiscales-que-culminan-en-derrota-ante-la-corte\/#breadcrumb"},"inLanguage":"es","potentialAction":[{"@type":"ReadAction","target":["https:\/\/redamlo.com\/index.php\/2025\/11\/14\/grupo-salinas-dos-decadas-de-litigios-fiscales-que-culminan-en-derrota-ante-la-corte\/"]}]},{"@type":"ImageObject","inLanguage":"es","@id":"https:\/\/redamlo.com\/index.php\/2025\/11\/14\/grupo-salinas-dos-decadas-de-litigios-fiscales-que-culminan-en-derrota-ante-la-corte\/#primaryimage","url":"https:\/\/redamlo.com\/wp-content\/uploads\/2025\/11\/grupo-salinas.png","contentUrl":"https:\/\/redamlo.com\/wp-content\/uploads\/2025\/11\/grupo-salinas.png","width":900,"height":499,"caption":"Foto: REDES"},{"@type":"BreadcrumbList","@id":"https:\/\/redamlo.com\/index.php\/2025\/11\/14\/grupo-salinas-dos-decadas-de-litigios-fiscales-que-culminan-en-derrota-ante-la-corte\/#breadcrumb","itemListElement":[{"@type":"ListItem","position":1,"name":"Inicio","item":"https:\/\/redamlo.com\/"},{"@type":"ListItem","position":2,"name":"Grupo Salinas: dos d\u00e9cadas de litigios fiscales que culminan en derrota ante la Corte"}]},{"@type":"WebSite","@id":"https:\/\/redamlo.com\/#website","url":"https:\/\/redamlo.com\/","name":"NOTICIAS DE LA 4T","description":"","publisher":{"@id":"https:\/\/redamlo.com\/#organization"},"potentialAction":[{"@type":"SearchAction","target":{"@type":"EntryPoint","urlTemplate":"https:\/\/redamlo.com\/?s={search_term_string}"},"query-input":{"@type":"PropertyValueSpecification","valueRequired":true,"valueName":"search_term_string"}}],"inLanguage":"es"},{"@type":"Organization","@id":"https:\/\/redamlo.com\/#organization","name":"NOTICIAS DE LA 4T","url":"https:\/\/redamlo.com\/","logo":{"@type":"ImageObject","inLanguage":"es","@id":"https:\/\/redamlo.com\/#\/schema\/logo\/image\/","url":"https:\/\/redamlo.com\/wp-content\/uploads\/2024\/08\/cropped-RED-AMLO-logo-50.png","contentUrl":"https:\/\/redamlo.com\/wp-content\/uploads\/2024\/08\/cropped-RED-AMLO-logo-50.png","width":256,"height":256,"caption":"NOTICIAS DE LA 4T"},"image":{"@id":"https:\/\/redamlo.com\/#\/schema\/logo\/image\/"}},{"@type":"Person","@id":"https:\/\/redamlo.com\/#\/schema\/person\/197a0a670d21b1f4f1483ddda1b64613","name":"admin","image":{"@type":"ImageObject","inLanguage":"es","@id":"https:\/\/secure.gravatar.com\/avatar\/293dccd927043f2e641da6685c2f84009782eb9ee0054daceada4e261ded849a?s=96&d=mm&r=g","url":"https:\/\/secure.gravatar.com\/avatar\/293dccd927043f2e641da6685c2f84009782eb9ee0054daceada4e261ded849a?s=96&d=mm&r=g","contentUrl":"https:\/\/secure.gravatar.com\/avatar\/293dccd927043f2e641da6685c2f84009782eb9ee0054daceada4e261ded849a?s=96&d=mm&r=g","caption":"admin"},"sameAs":["https:\/\/redamlo.com"],"url":"https:\/\/redamlo.com\/index.php\/author\/stell\/"}]}},"_links":{"self":[{"href":"https:\/\/redamlo.com\/index.php\/wp-json\/wp\/v2\/posts\/8909","targetHints":{"allow":["GET"]}}],"collection":[{"href":"https:\/\/redamlo.com\/index.php\/wp-json\/wp\/v2\/posts"}],"about":[{"href":"https:\/\/redamlo.com\/index.php\/wp-json\/wp\/v2\/types\/post"}],"author":[{"embeddable":true,"href":"https:\/\/redamlo.com\/index.php\/wp-json\/wp\/v2\/users\/1"}],"replies":[{"embeddable":true,"href":"https:\/\/redamlo.com\/index.php\/wp-json\/wp\/v2\/comments?post=8909"}],"version-history":[{"count":1,"href":"https:\/\/redamlo.com\/index.php\/wp-json\/wp\/v2\/posts\/8909\/revisions"}],"predecessor-version":[{"id":8911,"href":"https:\/\/redamlo.com\/index.php\/wp-json\/wp\/v2\/posts\/8909\/revisions\/8911"}],"wp:featuredmedia":[{"embeddable":true,"href":"https:\/\/redamlo.com\/index.php\/wp-json\/wp\/v2\/media\/8910"}],"wp:attachment":[{"href":"https:\/\/redamlo.com\/index.php\/wp-json\/wp\/v2\/media?parent=8909"}],"wp:term":[{"taxonomy":"category","embeddable":true,"href":"https:\/\/redamlo.com\/index.php\/wp-json\/wp\/v2\/categories?post=8909"},{"taxonomy":"post_tag","embeddable":true,"href":"https:\/\/redamlo.com\/index.php\/wp-json\/wp\/v2\/tags?post=8909"}],"curies":[{"name":"wp","href":"https:\/\/api.w.org\/{rel}","templated":true}]}}