{"id":8803,"date":"2025-06-18T19:06:45","date_gmt":"2025-06-19T00:06:45","guid":{"rendered":"https:\/\/redamlo.com\/?p=8803"},"modified":"2025-06-18T19:06:45","modified_gmt":"2025-06-19T00:06:45","slug":"propuso-a-su-homologo-estadounidense-acuerdo-en-seguridad-migracion-comercio-y-reconocimiento-a-las-familias-mexicanas-en-eua","status":"publish","type":"post","link":"https:\/\/redamlo.com\/index.php\/2025\/06\/18\/propuso-a-su-homologo-estadounidense-acuerdo-en-seguridad-migracion-comercio-y-reconocimiento-a-las-familias-mexicanas-en-eua\/","title":{"rendered":"propuso a su hom\u00f3logo estadounidense, acuerdo en seguridad, migraci\u00f3n, comercio y reconocimiento a las familias mexicanas en EUA"},"content":{"rendered":"<ul>\n<li>Inform\u00f3 que este viernes, el secretario de Econom\u00eda, Marcelo Ebrard Casaubon, se reunir\u00e1 con el Secretario de Comercio de Estados Unidos, Howard Lutnick<\/li>\n<\/ul>\n<p>La Presidenta de M\u00e9xico, Claudia Sheinbaum Pardo, calific\u00f3 como muy buena la llamada telef\u00f3nica que sostuvo con su hom\u00f3logo de Estados Unidos, Donald Trump, mientras realizaba su visita a Canad\u00e1 para participar en la 51\u00aa Cumbre de L\u00edderes del G7 e inform\u00f3 que le propuso hacer un acuerdo general en materia de migraci\u00f3n, seguridad y comercio.<\/p>\n<p>\u201cHemos alcanzado muchos acuerdos: Hoy tenemos una frontera mucho m\u00e1s segura. Hay un acuerdo en t\u00e9rminos de seguridad, que pr\u00e1cticamente es un primer acuerdo que se firm\u00f3 en Washington y ahora es avance de ese acuerdo que ya pr\u00e1cticamente est\u00e1 listo para determinar la colaboraci\u00f3n y la coordinaci\u00f3n, a partir del respeto a nuestras soberan\u00edas. En migraci\u00f3n, hay una disminuci\u00f3n muy grande de la migraci\u00f3n que pasaba por M\u00e9xico. Y, entonces, le plante\u00e9 que \u00bfpor qu\u00e9 no ten\u00edamos un acuerdo general, un acuerdo que tuviera que ver con seguridad, con migraci\u00f3n y tambi\u00e9n con comercio?\u201d, puntualiz\u00f3.<\/p>\n<p>Explic\u00f3 que adem\u00e1s de este acuerdo, el Tratado entre M\u00e9xico, Estados Unidos y Canad\u00e1 (T-MEC) se mantiene y se revisar\u00e1 en el 2026 como est\u00e1 programado.\u00a0 Asimismo, la Jefa del Ejecutivo Federal, destac\u00f3 que durante la conversaci\u00f3n le coment\u00f3 a su hom\u00f3logo la importancia de que este nuevo acuerdo integral reconozca los esfuerzos y el trabajo de las familias mexicanas que viven en Estados Unidos.<\/p>\n<p>\u201cLe mencion\u00e9 tambi\u00e9n la importancia de reconocer a los mexicanos en Estados Unidos; mexicanos, familias mexicanas que llevan a\u00f1os viviendo, que trabajan por Estados Unidos, que \u00e9l sabe de estas familias. Se lo plante\u00e9 y dijo: \u2018Es cierto, hay muchas familias mexicanas que trabajan por el bien de nuestro pa\u00eds\u2019. Entonces, le plante\u00e9 este acuerdo general y \u00e9l estuvo de acuerdo\u201d, agreg\u00f3.<\/p>\n<p>Inform\u00f3 que este viernes, el secretario de Econom\u00eda, Marcelo Ebrard Casaubon, se reunir\u00e1 con el secretario de Comercio de Estados Unidos, Howard Lutnick, para seguir con los avances en materia de comercio. Mientras que, en seguridad y migraci\u00f3n, son temas que se ver\u00e1n con el Departamento de Estado.<\/p>\n","protected":false},"excerpt":{"rendered":"<p>Inform\u00f3 que este viernes, el secretario de Econom\u00eda, Marcelo Ebrard Casaubon, se reunir\u00e1 con el&#8230;<\/p>\n","protected":false},"author":1,"featured_media":8804,"comment_status":"open","ping_status":"closed","sticky":false,"template":"","format":"standard","meta":{"footnotes":""},"categories":[27],"tags":[2910,2470,2017],"class_list":["post-8803","post","type-post","status-publish","format-standard","has-post-thumbnail","hentry","category-presidencia","tag-estrategia-de-migracion","tag-sheinbaum","tag-trump"],"yoast_head":"<!-- This site is optimized with the Yoast SEO plugin v27.5 - https:\/\/yoast.com\/product\/yoast-seo-wordpress\/ -->\n<title>propuso a su hom\u00f3logo estadounidense, acuerdo en seguridad, migraci\u00f3n, comercio y reconocimiento a las familias mexicanas en EUA - NOTICIAS DE LA 4T<\/title>\n<meta name=\"robots\" content=\"noindex, follow, max-snippet:-1, max-image-preview:large, max-video-preview:-1\" \/>\n<meta property=\"og:locale\" content=\"es_MX\" \/>\n<meta property=\"og:type\" content=\"article\" \/>\n<meta property=\"og:title\" content=\"propuso a su hom\u00f3logo estadounidense, acuerdo en seguridad, migraci\u00f3n, comercio y reconocimiento a las familias mexicanas en EUA - NOTICIAS DE LA 4T\" \/>\n<meta property=\"og:description\" content=\"Inform\u00f3 que este viernes, el secretario de Econom\u00eda, Marcelo Ebrard Casaubon, se reunir\u00e1 con el...\" \/>\n<meta property=\"og:url\" content=\"https:\/\/redamlo.com\/index.php\/2025\/06\/18\/propuso-a-su-homologo-estadounidense-acuerdo-en-seguridad-migracion-comercio-y-reconocimiento-a-las-familias-mexicanas-en-eua\/\" \/>\n<meta property=\"og:site_name\" content=\"NOTICIAS DE LA 4T\" \/>\n<meta property=\"article:published_time\" content=\"2025-06-19T00:06:45+00:00\" \/>\n<meta property=\"og:image\" content=\"https:\/\/redamlo.com\/wp-content\/uploads\/2025\/06\/post_WhatsApp_Image_2025-06-18_at_9.46.40_AM.jpeg\" \/>\n\t<meta property=\"og:image:width\" content=\"650\" \/>\n\t<meta property=\"og:image:height\" content=\"380\" \/>\n\t<meta property=\"og:image:type\" content=\"image\/jpeg\" \/>\n<meta name=\"author\" content=\"admin\" \/>\n<meta name=\"twitter:card\" content=\"summary_large_image\" \/>\n<meta name=\"twitter:label1\" content=\"Escrito por\" \/>\n\t<meta name=\"twitter:data1\" content=\"admin\" \/>\n\t<meta name=\"twitter:label2\" content=\"Tiempo de lectura\" \/>\n\t<meta name=\"twitter:data2\" content=\"2 minutos\" \/>\n<script type=\"application\/ld+json\" class=\"yoast-schema-graph\">{\"@context\":\"https:\\\/\\\/schema.org\",\"@graph\":[{\"@type\":\"Article\",\"@id\":\"https:\\\/\\\/redamlo.com\\\/index.php\\\/2025\\\/06\\\/18\\\/propuso-a-su-homologo-estadounidense-acuerdo-en-seguridad-migracion-comercio-y-reconocimiento-a-las-familias-mexicanas-en-eua\\\/#article\",\"isPartOf\":{\"@id\":\"https:\\\/\\\/redamlo.com\\\/index.php\\\/2025\\\/06\\\/18\\\/propuso-a-su-homologo-estadounidense-acuerdo-en-seguridad-migracion-comercio-y-reconocimiento-a-las-familias-mexicanas-en-eua\\\/\"},\"author\":{\"name\":\"admin\",\"@id\":\"https:\\\/\\\/redamlo.com\\\/#\\\/schema\\\/person\\\/197a0a670d21b1f4f1483ddda1b64613\"},\"headline\":\"propuso a su hom\u00f3logo estadounidense, acuerdo en seguridad, migraci\u00f3n, comercio y reconocimiento a las familias mexicanas en EUA\",\"datePublished\":\"2025-06-19T00:06:45+00:00\",\"mainEntityOfPage\":{\"@id\":\"https:\\\/\\\/redamlo.com\\\/index.php\\\/2025\\\/06\\\/18\\\/propuso-a-su-homologo-estadounidense-acuerdo-en-seguridad-migracion-comercio-y-reconocimiento-a-las-familias-mexicanas-en-eua\\\/\"},\"wordCount\":398,\"commentCount\":0,\"publisher\":{\"@id\":\"https:\\\/\\\/redamlo.com\\\/#organization\"},\"image\":{\"@id\":\"https:\\\/\\\/redamlo.com\\\/index.php\\\/2025\\\/06\\\/18\\\/propuso-a-su-homologo-estadounidense-acuerdo-en-seguridad-migracion-comercio-y-reconocimiento-a-las-familias-mexicanas-en-eua\\\/#primaryimage\"},\"thumbnailUrl\":\"https:\\\/\\\/redamlo.com\\\/wp-content\\\/uploads\\\/2025\\\/06\\\/post_WhatsApp_Image_2025-06-18_at_9.46.40_AM.jpeg\",\"keywords\":[\"estrategia de migraci\u00f3n\",\"Sheinbaum\",\"Trump\"],\"articleSection\":[\"Presidencia\"],\"inLanguage\":\"es\",\"potentialAction\":[{\"@type\":\"CommentAction\",\"name\":\"Comment\",\"target\":[\"https:\\\/\\\/redamlo.com\\\/index.php\\\/2025\\\/06\\\/18\\\/propuso-a-su-homologo-estadounidense-acuerdo-en-seguridad-migracion-comercio-y-reconocimiento-a-las-familias-mexicanas-en-eua\\\/#respond\"]}]},{\"@type\":\"WebPage\",\"@id\":\"https:\\\/\\\/redamlo.com\\\/index.php\\\/2025\\\/06\\\/18\\\/propuso-a-su-homologo-estadounidense-acuerdo-en-seguridad-migracion-comercio-y-reconocimiento-a-las-familias-mexicanas-en-eua\\\/\",\"url\":\"https:\\\/\\\/redamlo.com\\\/index.php\\\/2025\\\/06\\\/18\\\/propuso-a-su-homologo-estadounidense-acuerdo-en-seguridad-migracion-comercio-y-reconocimiento-a-las-familias-mexicanas-en-eua\\\/\",\"name\":\"propuso a su hom\u00f3logo estadounidense, acuerdo en seguridad, migraci\u00f3n, comercio y reconocimiento a las familias mexicanas en EUA - NOTICIAS DE LA 4T\",\"isPartOf\":{\"@id\":\"https:\\\/\\\/redamlo.com\\\/#website\"},\"primaryImageOfPage\":{\"@id\":\"https:\\\/\\\/redamlo.com\\\/index.php\\\/2025\\\/06\\\/18\\\/propuso-a-su-homologo-estadounidense-acuerdo-en-seguridad-migracion-comercio-y-reconocimiento-a-las-familias-mexicanas-en-eua\\\/#primaryimage\"},\"image\":{\"@id\":\"https:\\\/\\\/redamlo.com\\\/index.php\\\/2025\\\/06\\\/18\\\/propuso-a-su-homologo-estadounidense-acuerdo-en-seguridad-migracion-comercio-y-reconocimiento-a-las-familias-mexicanas-en-eua\\\/#primaryimage\"},\"thumbnailUrl\":\"https:\\\/\\\/redamlo.com\\\/wp-content\\\/uploads\\\/2025\\\/06\\\/post_WhatsApp_Image_2025-06-18_at_9.46.40_AM.jpeg\",\"datePublished\":\"2025-06-19T00:06:45+00:00\",\"breadcrumb\":{\"@id\":\"https:\\\/\\\/redamlo.com\\\/index.php\\\/2025\\\/06\\\/18\\\/propuso-a-su-homologo-estadounidense-acuerdo-en-seguridad-migracion-comercio-y-reconocimiento-a-las-familias-mexicanas-en-eua\\\/#breadcrumb\"},\"inLanguage\":\"es\",\"potentialAction\":[{\"@type\":\"ReadAction\",\"target\":[\"https:\\\/\\\/redamlo.com\\\/index.php\\\/2025\\\/06\\\/18\\\/propuso-a-su-homologo-estadounidense-acuerdo-en-seguridad-migracion-comercio-y-reconocimiento-a-las-familias-mexicanas-en-eua\\\/\"]}]},{\"@type\":\"ImageObject\",\"inLanguage\":\"es\",\"@id\":\"https:\\\/\\\/redamlo.com\\\/index.php\\\/2025\\\/06\\\/18\\\/propuso-a-su-homologo-estadounidense-acuerdo-en-seguridad-migracion-comercio-y-reconocimiento-a-las-familias-mexicanas-en-eua\\\/#primaryimage\",\"url\":\"https:\\\/\\\/redamlo.com\\\/wp-content\\\/uploads\\\/2025\\\/06\\\/post_WhatsApp_Image_2025-06-18_at_9.46.40_AM.jpeg\",\"contentUrl\":\"https:\\\/\\\/redamlo.com\\\/wp-content\\\/uploads\\\/2025\\\/06\\\/post_WhatsApp_Image_2025-06-18_at_9.46.40_AM.jpeg\",\"width\":650,\"height\":380},{\"@type\":\"BreadcrumbList\",\"@id\":\"https:\\\/\\\/redamlo.com\\\/index.php\\\/2025\\\/06\\\/18\\\/propuso-a-su-homologo-estadounidense-acuerdo-en-seguridad-migracion-comercio-y-reconocimiento-a-las-familias-mexicanas-en-eua\\\/#breadcrumb\",\"itemListElement\":[{\"@type\":\"ListItem\",\"position\":1,\"name\":\"Inicio\",\"item\":\"https:\\\/\\\/redamlo.com\\\/\"},{\"@type\":\"ListItem\",\"position\":2,\"name\":\"propuso a su hom\u00f3logo estadounidense, acuerdo en seguridad, migraci\u00f3n, comercio y reconocimiento a las familias mexicanas en EUA\"}]},{\"@type\":\"WebSite\",\"@id\":\"https:\\\/\\\/redamlo.com\\\/#website\",\"url\":\"https:\\\/\\\/redamlo.com\\\/\",\"name\":\"NOTICIAS DE LA 4T\",\"description\":\"\",\"publisher\":{\"@id\":\"https:\\\/\\\/redamlo.com\\\/#organization\"},\"potentialAction\":[{\"@type\":\"SearchAction\",\"target\":{\"@type\":\"EntryPoint\",\"urlTemplate\":\"https:\\\/\\\/redamlo.com\\\/?s={search_term_string}\"},\"query-input\":{\"@type\":\"PropertyValueSpecification\",\"valueRequired\":true,\"valueName\":\"search_term_string\"}}],\"inLanguage\":\"es\"},{\"@type\":\"Organization\",\"@id\":\"https:\\\/\\\/redamlo.com\\\/#organization\",\"name\":\"NOTICIAS DE LA 4T\",\"url\":\"https:\\\/\\\/redamlo.com\\\/\",\"logo\":{\"@type\":\"ImageObject\",\"inLanguage\":\"es\",\"@id\":\"https:\\\/\\\/redamlo.com\\\/#\\\/schema\\\/logo\\\/image\\\/\",\"url\":\"https:\\\/\\\/redamlo.com\\\/wp-content\\\/uploads\\\/2024\\\/08\\\/cropped-RED-AMLO-logo-50.png\",\"contentUrl\":\"https:\\\/\\\/redamlo.com\\\/wp-content\\\/uploads\\\/2024\\\/08\\\/cropped-RED-AMLO-logo-50.png\",\"width\":256,\"height\":256,\"caption\":\"NOTICIAS DE LA 4T\"},\"image\":{\"@id\":\"https:\\\/\\\/redamlo.com\\\/#\\\/schema\\\/logo\\\/image\\\/\"}},{\"@type\":\"Person\",\"@id\":\"https:\\\/\\\/redamlo.com\\\/#\\\/schema\\\/person\\\/197a0a670d21b1f4f1483ddda1b64613\",\"name\":\"admin\",\"image\":{\"@type\":\"ImageObject\",\"inLanguage\":\"es\",\"@id\":\"https:\\\/\\\/secure.gravatar.com\\\/avatar\\\/293dccd927043f2e641da6685c2f84009782eb9ee0054daceada4e261ded849a?s=96&d=mm&r=g\",\"url\":\"https:\\\/\\\/secure.gravatar.com\\\/avatar\\\/293dccd927043f2e641da6685c2f84009782eb9ee0054daceada4e261ded849a?s=96&d=mm&r=g\",\"contentUrl\":\"https:\\\/\\\/secure.gravatar.com\\\/avatar\\\/293dccd927043f2e641da6685c2f84009782eb9ee0054daceada4e261ded849a?s=96&d=mm&r=g\",\"caption\":\"admin\"},\"sameAs\":[\"https:\\\/\\\/redamlo.com\"],\"url\":\"https:\\\/\\\/redamlo.com\\\/index.php\\\/author\\\/stell\\\/\"}]}<\/script>\n<!-- \/ Yoast SEO plugin. -->","yoast_head_json":{"title":"propuso a su hom\u00f3logo estadounidense, acuerdo en seguridad, migraci\u00f3n, comercio y reconocimiento a las familias mexicanas en EUA - NOTICIAS DE LA 4T","robots":{"index":"noindex","follow":"follow","max-snippet":"max-snippet:-1","max-image-preview":"max-image-preview:large","max-video-preview":"max-video-preview:-1"},"og_locale":"es_MX","og_type":"article","og_title":"propuso a su hom\u00f3logo estadounidense, acuerdo en seguridad, migraci\u00f3n, comercio y reconocimiento a las familias mexicanas en EUA - NOTICIAS DE LA 4T","og_description":"Inform\u00f3 que este viernes, el secretario de Econom\u00eda, Marcelo Ebrard Casaubon, se reunir\u00e1 con el...","og_url":"https:\/\/redamlo.com\/index.php\/2025\/06\/18\/propuso-a-su-homologo-estadounidense-acuerdo-en-seguridad-migracion-comercio-y-reconocimiento-a-las-familias-mexicanas-en-eua\/","og_site_name":"NOTICIAS DE LA 4T","article_published_time":"2025-06-19T00:06:45+00:00","og_image":[{"width":650,"height":380,"url":"https:\/\/redamlo.com\/wp-content\/uploads\/2025\/06\/post_WhatsApp_Image_2025-06-18_at_9.46.40_AM.jpeg","type":"image\/jpeg"}],"author":"admin","twitter_card":"summary_large_image","twitter_misc":{"Escrito por":"admin","Tiempo de lectura":"2 minutos"},"schema":{"@context":"https:\/\/schema.org","@graph":[{"@type":"Article","@id":"https:\/\/redamlo.com\/index.php\/2025\/06\/18\/propuso-a-su-homologo-estadounidense-acuerdo-en-seguridad-migracion-comercio-y-reconocimiento-a-las-familias-mexicanas-en-eua\/#article","isPartOf":{"@id":"https:\/\/redamlo.com\/index.php\/2025\/06\/18\/propuso-a-su-homologo-estadounidense-acuerdo-en-seguridad-migracion-comercio-y-reconocimiento-a-las-familias-mexicanas-en-eua\/"},"author":{"name":"admin","@id":"https:\/\/redamlo.com\/#\/schema\/person\/197a0a670d21b1f4f1483ddda1b64613"},"headline":"propuso a su hom\u00f3logo estadounidense, acuerdo en seguridad, migraci\u00f3n, comercio y reconocimiento a las familias mexicanas en EUA","datePublished":"2025-06-19T00:06:45+00:00","mainEntityOfPage":{"@id":"https:\/\/redamlo.com\/index.php\/2025\/06\/18\/propuso-a-su-homologo-estadounidense-acuerdo-en-seguridad-migracion-comercio-y-reconocimiento-a-las-familias-mexicanas-en-eua\/"},"wordCount":398,"commentCount":0,"publisher":{"@id":"https:\/\/redamlo.com\/#organization"},"image":{"@id":"https:\/\/redamlo.com\/index.php\/2025\/06\/18\/propuso-a-su-homologo-estadounidense-acuerdo-en-seguridad-migracion-comercio-y-reconocimiento-a-las-familias-mexicanas-en-eua\/#primaryimage"},"thumbnailUrl":"https:\/\/redamlo.com\/wp-content\/uploads\/2025\/06\/post_WhatsApp_Image_2025-06-18_at_9.46.40_AM.jpeg","keywords":["estrategia de migraci\u00f3n","Sheinbaum","Trump"],"articleSection":["Presidencia"],"inLanguage":"es","potentialAction":[{"@type":"CommentAction","name":"Comment","target":["https:\/\/redamlo.com\/index.php\/2025\/06\/18\/propuso-a-su-homologo-estadounidense-acuerdo-en-seguridad-migracion-comercio-y-reconocimiento-a-las-familias-mexicanas-en-eua\/#respond"]}]},{"@type":"WebPage","@id":"https:\/\/redamlo.com\/index.php\/2025\/06\/18\/propuso-a-su-homologo-estadounidense-acuerdo-en-seguridad-migracion-comercio-y-reconocimiento-a-las-familias-mexicanas-en-eua\/","url":"https:\/\/redamlo.com\/index.php\/2025\/06\/18\/propuso-a-su-homologo-estadounidense-acuerdo-en-seguridad-migracion-comercio-y-reconocimiento-a-las-familias-mexicanas-en-eua\/","name":"propuso a su hom\u00f3logo estadounidense, acuerdo en seguridad, migraci\u00f3n, comercio y reconocimiento a las familias mexicanas en EUA - NOTICIAS DE LA 4T","isPartOf":{"@id":"https:\/\/redamlo.com\/#website"},"primaryImageOfPage":{"@id":"https:\/\/redamlo.com\/index.php\/2025\/06\/18\/propuso-a-su-homologo-estadounidense-acuerdo-en-seguridad-migracion-comercio-y-reconocimiento-a-las-familias-mexicanas-en-eua\/#primaryimage"},"image":{"@id":"https:\/\/redamlo.com\/index.php\/2025\/06\/18\/propuso-a-su-homologo-estadounidense-acuerdo-en-seguridad-migracion-comercio-y-reconocimiento-a-las-familias-mexicanas-en-eua\/#primaryimage"},"thumbnailUrl":"https:\/\/redamlo.com\/wp-content\/uploads\/2025\/06\/post_WhatsApp_Image_2025-06-18_at_9.46.40_AM.jpeg","datePublished":"2025-06-19T00:06:45+00:00","breadcrumb":{"@id":"https:\/\/redamlo.com\/index.php\/2025\/06\/18\/propuso-a-su-homologo-estadounidense-acuerdo-en-seguridad-migracion-comercio-y-reconocimiento-a-las-familias-mexicanas-en-eua\/#breadcrumb"},"inLanguage":"es","potentialAction":[{"@type":"ReadAction","target":["https:\/\/redamlo.com\/index.php\/2025\/06\/18\/propuso-a-su-homologo-estadounidense-acuerdo-en-seguridad-migracion-comercio-y-reconocimiento-a-las-familias-mexicanas-en-eua\/"]}]},{"@type":"ImageObject","inLanguage":"es","@id":"https:\/\/redamlo.com\/index.php\/2025\/06\/18\/propuso-a-su-homologo-estadounidense-acuerdo-en-seguridad-migracion-comercio-y-reconocimiento-a-las-familias-mexicanas-en-eua\/#primaryimage","url":"https:\/\/redamlo.com\/wp-content\/uploads\/2025\/06\/post_WhatsApp_Image_2025-06-18_at_9.46.40_AM.jpeg","contentUrl":"https:\/\/redamlo.com\/wp-content\/uploads\/2025\/06\/post_WhatsApp_Image_2025-06-18_at_9.46.40_AM.jpeg","width":650,"height":380},{"@type":"BreadcrumbList","@id":"https:\/\/redamlo.com\/index.php\/2025\/06\/18\/propuso-a-su-homologo-estadounidense-acuerdo-en-seguridad-migracion-comercio-y-reconocimiento-a-las-familias-mexicanas-en-eua\/#breadcrumb","itemListElement":[{"@type":"ListItem","position":1,"name":"Inicio","item":"https:\/\/redamlo.com\/"},{"@type":"ListItem","position":2,"name":"propuso a su hom\u00f3logo estadounidense, acuerdo en seguridad, migraci\u00f3n, comercio y reconocimiento a las familias mexicanas en EUA"}]},{"@type":"WebSite","@id":"https:\/\/redamlo.com\/#website","url":"https:\/\/redamlo.com\/","name":"NOTICIAS DE LA 4T","description":"","publisher":{"@id":"https:\/\/redamlo.com\/#organization"},"potentialAction":[{"@type":"SearchAction","target":{"@type":"EntryPoint","urlTemplate":"https:\/\/redamlo.com\/?s={search_term_string}"},"query-input":{"@type":"PropertyValueSpecification","valueRequired":true,"valueName":"search_term_string"}}],"inLanguage":"es"},{"@type":"Organization","@id":"https:\/\/redamlo.com\/#organization","name":"NOTICIAS DE LA 4T","url":"https:\/\/redamlo.com\/","logo":{"@type":"ImageObject","inLanguage":"es","@id":"https:\/\/redamlo.com\/#\/schema\/logo\/image\/","url":"https:\/\/redamlo.com\/wp-content\/uploads\/2024\/08\/cropped-RED-AMLO-logo-50.png","contentUrl":"https:\/\/redamlo.com\/wp-content\/uploads\/2024\/08\/cropped-RED-AMLO-logo-50.png","width":256,"height":256,"caption":"NOTICIAS DE LA 4T"},"image":{"@id":"https:\/\/redamlo.com\/#\/schema\/logo\/image\/"}},{"@type":"Person","@id":"https:\/\/redamlo.com\/#\/schema\/person\/197a0a670d21b1f4f1483ddda1b64613","name":"admin","image":{"@type":"ImageObject","inLanguage":"es","@id":"https:\/\/secure.gravatar.com\/avatar\/293dccd927043f2e641da6685c2f84009782eb9ee0054daceada4e261ded849a?s=96&d=mm&r=g","url":"https:\/\/secure.gravatar.com\/avatar\/293dccd927043f2e641da6685c2f84009782eb9ee0054daceada4e261ded849a?s=96&d=mm&r=g","contentUrl":"https:\/\/secure.gravatar.com\/avatar\/293dccd927043f2e641da6685c2f84009782eb9ee0054daceada4e261ded849a?s=96&d=mm&r=g","caption":"admin"},"sameAs":["https:\/\/redamlo.com"],"url":"https:\/\/redamlo.com\/index.php\/author\/stell\/"}]}},"_links":{"self":[{"href":"https:\/\/redamlo.com\/index.php\/wp-json\/wp\/v2\/posts\/8803","targetHints":{"allow":["GET"]}}],"collection":[{"href":"https:\/\/redamlo.com\/index.php\/wp-json\/wp\/v2\/posts"}],"about":[{"href":"https:\/\/redamlo.com\/index.php\/wp-json\/wp\/v2\/types\/post"}],"author":[{"embeddable":true,"href":"https:\/\/redamlo.com\/index.php\/wp-json\/wp\/v2\/users\/1"}],"replies":[{"embeddable":true,"href":"https:\/\/redamlo.com\/index.php\/wp-json\/wp\/v2\/comments?post=8803"}],"version-history":[{"count":0,"href":"https:\/\/redamlo.com\/index.php\/wp-json\/wp\/v2\/posts\/8803\/revisions"}],"wp:featuredmedia":[{"embeddable":true,"href":"https:\/\/redamlo.com\/index.php\/wp-json\/wp\/v2\/media\/8804"}],"wp:attachment":[{"href":"https:\/\/redamlo.com\/index.php\/wp-json\/wp\/v2\/media?parent=8803"}],"wp:term":[{"taxonomy":"category","embeddable":true,"href":"https:\/\/redamlo.com\/index.php\/wp-json\/wp\/v2\/categories?post=8803"},{"taxonomy":"post_tag","embeddable":true,"href":"https:\/\/redamlo.com\/index.php\/wp-json\/wp\/v2\/tags?post=8803"}],"curies":[{"name":"wp","href":"https:\/\/api.w.org\/{rel}","templated":true}]}}