{"id":8800,"date":"2025-06-17T15:54:56","date_gmt":"2025-06-17T20:54:56","guid":{"rendered":"https:\/\/redamlo.com\/?p=8800"},"modified":"2025-06-17T15:54:56","modified_gmt":"2025-06-17T20:54:56","slug":"en-g7-conversan-presidenta-claudia-sheinbaum-y-primer-ministro-de-india-narendra-modi-sobre-inversiones-cientificas-y-tecnologicas","status":"publish","type":"post","link":"https:\/\/redamlo.com\/index.php\/2025\/06\/17\/en-g7-conversan-presidenta-claudia-sheinbaum-y-primer-ministro-de-india-narendra-modi-sobre-inversiones-cientificas-y-tecnologicas\/","title":{"rendered":"En G7, conversan Presidenta Claudia Sheinbaum y primer ministro de India, Narendra Modi, sobre inversiones cient\u00edficas y tecnol\u00f3gicas"},"content":{"rendered":"<h2>La reuni\u00f3n se celebr\u00f3 en el marco de la 51\u00aa Cumbre de L\u00edderes del G7, a la que M\u00e9xico asiste como pa\u00eds invitado<\/h2>\n<p>En el marco de la 51\u00aa Cumbre de L\u00edderes del G7, que se realiza en Kananaskis, Alberta, Canad\u00e1, la Presidenta Claudia Sheinbaum Pardo sostuvo una reuni\u00f3n con el primer ministro de India, Narendra Modi, en la cual conversaron sobre el fortalecimiento de la relaci\u00f3n con M\u00e9xico a partir de inversiones destinadas al desarrollo cient\u00edfico y tecnol\u00f3gico.<\/p>\n<p>\u201cEn la Cumbre del G7, nos reunimos con el primer ministro de India, @narendramodi; fortalecemos la relaci\u00f3n con M\u00e9xico a partir de inversiones destinadas al desarrollo cient\u00edfico y tecnol\u00f3gico\u201d, comparti\u00f3 la Jefa del Ejecutivo Federal en sus redes sociales.<\/p>\n<p>Por su parte, el primer ministro de India, Narendra Modi, resalt\u00f3, a trav\u00e9s de sus redes sociales, que felicit\u00f3 a la mandataria mexicana por su hist\u00f3rica victoria electoral del 2 de junio de 2024, convirti\u00e9ndose en la primera mujer Presidenta de M\u00e9xico en dos siglos. Destac\u00f3 que ambos mandatarios coincidieron en el fortalecimiento de los lazos entre las dos naciones y sus pueblos, as\u00ed como en los sectores de agricultura, semiconductores, minerales cr\u00edticos, la salud, entre otros.<\/p>\n<p>\u201cTuve una muy buena reuni\u00f3n con la Presidenta de M\u00e9xico, Claudia Sheinbaum. La felicit\u00e9 personalmente por su hist\u00f3rica victoria electoral, convirti\u00e9ndose en la primera mujer Presidente de M\u00e9xico en dos siglos. Ambos vemos un inmenso potencial para que los lazos entre la India y M\u00e9xico se fortalezcan a\u00fan m\u00e1s en el futuro, especialmente en sectores como la agricultura, semiconductores, minerales cr\u00edticos, la salud, entre otros. Tambi\u00e9n conversamos sobre las formas de reforzar los lazos entre nuestros pueblos. @Claudiashein\u201d, comparti\u00f3 en sus redes sociales.<\/p>\n<p>M\u00e9xico asiste como pa\u00eds invitado a la 51\u00aa Cumbre de L\u00edderes del G7, la cual se compone de los pa\u00edses industrializados: Canad\u00e1, Francia, Alemania, Italia, Jap\u00f3n, Reino Unido y Estados Unidos. Adem\u00e1s de la Uni\u00f3n Europea.<\/p>\n","protected":false},"excerpt":{"rendered":"<p>La reuni\u00f3n se celebr\u00f3 en el marco de la 51\u00aa Cumbre de L\u00edderes del G7,&#8230;<\/p>\n","protected":false},"author":1,"featured_media":8801,"comment_status":"open","ping_status":"closed","sticky":false,"template":"","format":"standard","meta":{"footnotes":""},"categories":[27],"tags":[721,2908,755,2909],"class_list":["post-8800","post","type-post","status-publish","format-standard","has-post-thumbnail","hentry","category-presidencia","tag-canada","tag-g7-sheinbaum","tag-india","tag-narendra-modi"],"yoast_head":"<!-- This site is optimized with the Yoast SEO plugin v27.5 - https:\/\/yoast.com\/product\/yoast-seo-wordpress\/ -->\n<title>En G7, conversan Presidenta Claudia Sheinbaum y primer ministro de India, Narendra Modi, sobre inversiones cient\u00edficas y tecnol\u00f3gicas - NOTICIAS DE LA 4T<\/title>\n<meta name=\"robots\" content=\"noindex, follow, max-snippet:-1, max-image-preview:large, max-video-preview:-1\" \/>\n<meta property=\"og:locale\" content=\"es_MX\" \/>\n<meta property=\"og:type\" content=\"article\" \/>\n<meta property=\"og:title\" content=\"En G7, conversan Presidenta Claudia Sheinbaum y primer ministro de India, Narendra Modi, sobre inversiones cient\u00edficas y tecnol\u00f3gicas - NOTICIAS DE LA 4T\" \/>\n<meta property=\"og:description\" content=\"La reuni\u00f3n se celebr\u00f3 en el marco de la 51\u00aa Cumbre de L\u00edderes del G7,...\" \/>\n<meta property=\"og:url\" content=\"https:\/\/redamlo.com\/index.php\/2025\/06\/17\/en-g7-conversan-presidenta-claudia-sheinbaum-y-primer-ministro-de-india-narendra-modi-sobre-inversiones-cientificas-y-tecnologicas\/\" \/>\n<meta property=\"og:site_name\" content=\"NOTICIAS DE LA 4T\" \/>\n<meta property=\"article:published_time\" content=\"2025-06-17T20:54:56+00:00\" \/>\n<meta property=\"og:image\" content=\"https:\/\/redamlo.com\/wp-content\/uploads\/2025\/06\/Narendra-Modi-Claudia-Sheinbaum.jpeg\" \/>\n\t<meta property=\"og:image:width\" content=\"650\" \/>\n\t<meta property=\"og:image:height\" content=\"380\" \/>\n\t<meta property=\"og:image:type\" content=\"image\/jpeg\" \/>\n<meta name=\"author\" content=\"admin\" \/>\n<meta name=\"twitter:card\" content=\"summary_large_image\" \/>\n<meta name=\"twitter:label1\" content=\"Escrito por\" \/>\n\t<meta name=\"twitter:data1\" content=\"admin\" \/>\n\t<meta name=\"twitter:label2\" content=\"Tiempo de lectura\" \/>\n\t<meta name=\"twitter:data2\" content=\"2 minutos\" \/>\n<script type=\"application\/ld+json\" class=\"yoast-schema-graph\">{\"@context\":\"https:\\\/\\\/schema.org\",\"@graph\":[{\"@type\":\"Article\",\"@id\":\"https:\\\/\\\/redamlo.com\\\/index.php\\\/2025\\\/06\\\/17\\\/en-g7-conversan-presidenta-claudia-sheinbaum-y-primer-ministro-de-india-narendra-modi-sobre-inversiones-cientificas-y-tecnologicas\\\/#article\",\"isPartOf\":{\"@id\":\"https:\\\/\\\/redamlo.com\\\/index.php\\\/2025\\\/06\\\/17\\\/en-g7-conversan-presidenta-claudia-sheinbaum-y-primer-ministro-de-india-narendra-modi-sobre-inversiones-cientificas-y-tecnologicas\\\/\"},\"author\":{\"name\":\"admin\",\"@id\":\"https:\\\/\\\/redamlo.com\\\/#\\\/schema\\\/person\\\/197a0a670d21b1f4f1483ddda1b64613\"},\"headline\":\"En G7, conversan Presidenta Claudia Sheinbaum y primer ministro de India, Narendra Modi, sobre inversiones cient\u00edficas y tecnol\u00f3gicas\",\"datePublished\":\"2025-06-17T20:54:56+00:00\",\"mainEntityOfPage\":{\"@id\":\"https:\\\/\\\/redamlo.com\\\/index.php\\\/2025\\\/06\\\/17\\\/en-g7-conversan-presidenta-claudia-sheinbaum-y-primer-ministro-de-india-narendra-modi-sobre-inversiones-cientificas-y-tecnologicas\\\/\"},\"wordCount\":365,\"commentCount\":0,\"publisher\":{\"@id\":\"https:\\\/\\\/redamlo.com\\\/#organization\"},\"image\":{\"@id\":\"https:\\\/\\\/redamlo.com\\\/index.php\\\/2025\\\/06\\\/17\\\/en-g7-conversan-presidenta-claudia-sheinbaum-y-primer-ministro-de-india-narendra-modi-sobre-inversiones-cientificas-y-tecnologicas\\\/#primaryimage\"},\"thumbnailUrl\":\"https:\\\/\\\/redamlo.com\\\/wp-content\\\/uploads\\\/2025\\\/06\\\/Narendra-Modi-Claudia-Sheinbaum.jpeg\",\"keywords\":[\"Canad\u00e1\",\"G7 Sheinbaum\",\"India\",\"Narendra Modi\"],\"articleSection\":[\"Presidencia\"],\"inLanguage\":\"es\",\"potentialAction\":[{\"@type\":\"CommentAction\",\"name\":\"Comment\",\"target\":[\"https:\\\/\\\/redamlo.com\\\/index.php\\\/2025\\\/06\\\/17\\\/en-g7-conversan-presidenta-claudia-sheinbaum-y-primer-ministro-de-india-narendra-modi-sobre-inversiones-cientificas-y-tecnologicas\\\/#respond\"]}]},{\"@type\":\"WebPage\",\"@id\":\"https:\\\/\\\/redamlo.com\\\/index.php\\\/2025\\\/06\\\/17\\\/en-g7-conversan-presidenta-claudia-sheinbaum-y-primer-ministro-de-india-narendra-modi-sobre-inversiones-cientificas-y-tecnologicas\\\/\",\"url\":\"https:\\\/\\\/redamlo.com\\\/index.php\\\/2025\\\/06\\\/17\\\/en-g7-conversan-presidenta-claudia-sheinbaum-y-primer-ministro-de-india-narendra-modi-sobre-inversiones-cientificas-y-tecnologicas\\\/\",\"name\":\"En G7, conversan Presidenta Claudia Sheinbaum y primer ministro de India, Narendra Modi, sobre inversiones cient\u00edficas y tecnol\u00f3gicas - NOTICIAS DE LA 4T\",\"isPartOf\":{\"@id\":\"https:\\\/\\\/redamlo.com\\\/#website\"},\"primaryImageOfPage\":{\"@id\":\"https:\\\/\\\/redamlo.com\\\/index.php\\\/2025\\\/06\\\/17\\\/en-g7-conversan-presidenta-claudia-sheinbaum-y-primer-ministro-de-india-narendra-modi-sobre-inversiones-cientificas-y-tecnologicas\\\/#primaryimage\"},\"image\":{\"@id\":\"https:\\\/\\\/redamlo.com\\\/index.php\\\/2025\\\/06\\\/17\\\/en-g7-conversan-presidenta-claudia-sheinbaum-y-primer-ministro-de-india-narendra-modi-sobre-inversiones-cientificas-y-tecnologicas\\\/#primaryimage\"},\"thumbnailUrl\":\"https:\\\/\\\/redamlo.com\\\/wp-content\\\/uploads\\\/2025\\\/06\\\/Narendra-Modi-Claudia-Sheinbaum.jpeg\",\"datePublished\":\"2025-06-17T20:54:56+00:00\",\"breadcrumb\":{\"@id\":\"https:\\\/\\\/redamlo.com\\\/index.php\\\/2025\\\/06\\\/17\\\/en-g7-conversan-presidenta-claudia-sheinbaum-y-primer-ministro-de-india-narendra-modi-sobre-inversiones-cientificas-y-tecnologicas\\\/#breadcrumb\"},\"inLanguage\":\"es\",\"potentialAction\":[{\"@type\":\"ReadAction\",\"target\":[\"https:\\\/\\\/redamlo.com\\\/index.php\\\/2025\\\/06\\\/17\\\/en-g7-conversan-presidenta-claudia-sheinbaum-y-primer-ministro-de-india-narendra-modi-sobre-inversiones-cientificas-y-tecnologicas\\\/\"]}]},{\"@type\":\"ImageObject\",\"inLanguage\":\"es\",\"@id\":\"https:\\\/\\\/redamlo.com\\\/index.php\\\/2025\\\/06\\\/17\\\/en-g7-conversan-presidenta-claudia-sheinbaum-y-primer-ministro-de-india-narendra-modi-sobre-inversiones-cientificas-y-tecnologicas\\\/#primaryimage\",\"url\":\"https:\\\/\\\/redamlo.com\\\/wp-content\\\/uploads\\\/2025\\\/06\\\/Narendra-Modi-Claudia-Sheinbaum.jpeg\",\"contentUrl\":\"https:\\\/\\\/redamlo.com\\\/wp-content\\\/uploads\\\/2025\\\/06\\\/Narendra-Modi-Claudia-Sheinbaum.jpeg\",\"width\":650,\"height\":380},{\"@type\":\"BreadcrumbList\",\"@id\":\"https:\\\/\\\/redamlo.com\\\/index.php\\\/2025\\\/06\\\/17\\\/en-g7-conversan-presidenta-claudia-sheinbaum-y-primer-ministro-de-india-narendra-modi-sobre-inversiones-cientificas-y-tecnologicas\\\/#breadcrumb\",\"itemListElement\":[{\"@type\":\"ListItem\",\"position\":1,\"name\":\"Inicio\",\"item\":\"https:\\\/\\\/redamlo.com\\\/\"},{\"@type\":\"ListItem\",\"position\":2,\"name\":\"En G7, conversan Presidenta Claudia Sheinbaum y primer ministro de India, Narendra Modi, sobre inversiones cient\u00edficas y tecnol\u00f3gicas\"}]},{\"@type\":\"WebSite\",\"@id\":\"https:\\\/\\\/redamlo.com\\\/#website\",\"url\":\"https:\\\/\\\/redamlo.com\\\/\",\"name\":\"NOTICIAS DE LA 4T\",\"description\":\"\",\"publisher\":{\"@id\":\"https:\\\/\\\/redamlo.com\\\/#organization\"},\"potentialAction\":[{\"@type\":\"SearchAction\",\"target\":{\"@type\":\"EntryPoint\",\"urlTemplate\":\"https:\\\/\\\/redamlo.com\\\/?s={search_term_string}\"},\"query-input\":{\"@type\":\"PropertyValueSpecification\",\"valueRequired\":true,\"valueName\":\"search_term_string\"}}],\"inLanguage\":\"es\"},{\"@type\":\"Organization\",\"@id\":\"https:\\\/\\\/redamlo.com\\\/#organization\",\"name\":\"NOTICIAS DE LA 4T\",\"url\":\"https:\\\/\\\/redamlo.com\\\/\",\"logo\":{\"@type\":\"ImageObject\",\"inLanguage\":\"es\",\"@id\":\"https:\\\/\\\/redamlo.com\\\/#\\\/schema\\\/logo\\\/image\\\/\",\"url\":\"https:\\\/\\\/redamlo.com\\\/wp-content\\\/uploads\\\/2024\\\/08\\\/cropped-RED-AMLO-logo-50.png\",\"contentUrl\":\"https:\\\/\\\/redamlo.com\\\/wp-content\\\/uploads\\\/2024\\\/08\\\/cropped-RED-AMLO-logo-50.png\",\"width\":256,\"height\":256,\"caption\":\"NOTICIAS DE LA 4T\"},\"image\":{\"@id\":\"https:\\\/\\\/redamlo.com\\\/#\\\/schema\\\/logo\\\/image\\\/\"}},{\"@type\":\"Person\",\"@id\":\"https:\\\/\\\/redamlo.com\\\/#\\\/schema\\\/person\\\/197a0a670d21b1f4f1483ddda1b64613\",\"name\":\"admin\",\"image\":{\"@type\":\"ImageObject\",\"inLanguage\":\"es\",\"@id\":\"https:\\\/\\\/secure.gravatar.com\\\/avatar\\\/293dccd927043f2e641da6685c2f84009782eb9ee0054daceada4e261ded849a?s=96&d=mm&r=g\",\"url\":\"https:\\\/\\\/secure.gravatar.com\\\/avatar\\\/293dccd927043f2e641da6685c2f84009782eb9ee0054daceada4e261ded849a?s=96&d=mm&r=g\",\"contentUrl\":\"https:\\\/\\\/secure.gravatar.com\\\/avatar\\\/293dccd927043f2e641da6685c2f84009782eb9ee0054daceada4e261ded849a?s=96&d=mm&r=g\",\"caption\":\"admin\"},\"sameAs\":[\"https:\\\/\\\/redamlo.com\"],\"url\":\"https:\\\/\\\/redamlo.com\\\/index.php\\\/author\\\/stell\\\/\"}]}<\/script>\n<!-- \/ Yoast SEO plugin. -->","yoast_head_json":{"title":"En G7, conversan Presidenta Claudia Sheinbaum y primer ministro de India, Narendra Modi, sobre inversiones cient\u00edficas y tecnol\u00f3gicas - NOTICIAS DE LA 4T","robots":{"index":"noindex","follow":"follow","max-snippet":"max-snippet:-1","max-image-preview":"max-image-preview:large","max-video-preview":"max-video-preview:-1"},"og_locale":"es_MX","og_type":"article","og_title":"En G7, conversan Presidenta Claudia Sheinbaum y primer ministro de India, Narendra Modi, sobre inversiones cient\u00edficas y tecnol\u00f3gicas - NOTICIAS DE LA 4T","og_description":"La reuni\u00f3n se celebr\u00f3 en el marco de la 51\u00aa Cumbre de L\u00edderes del G7,...","og_url":"https:\/\/redamlo.com\/index.php\/2025\/06\/17\/en-g7-conversan-presidenta-claudia-sheinbaum-y-primer-ministro-de-india-narendra-modi-sobre-inversiones-cientificas-y-tecnologicas\/","og_site_name":"NOTICIAS DE LA 4T","article_published_time":"2025-06-17T20:54:56+00:00","og_image":[{"width":650,"height":380,"url":"https:\/\/redamlo.com\/wp-content\/uploads\/2025\/06\/Narendra-Modi-Claudia-Sheinbaum.jpeg","type":"image\/jpeg"}],"author":"admin","twitter_card":"summary_large_image","twitter_misc":{"Escrito por":"admin","Tiempo de lectura":"2 minutos"},"schema":{"@context":"https:\/\/schema.org","@graph":[{"@type":"Article","@id":"https:\/\/redamlo.com\/index.php\/2025\/06\/17\/en-g7-conversan-presidenta-claudia-sheinbaum-y-primer-ministro-de-india-narendra-modi-sobre-inversiones-cientificas-y-tecnologicas\/#article","isPartOf":{"@id":"https:\/\/redamlo.com\/index.php\/2025\/06\/17\/en-g7-conversan-presidenta-claudia-sheinbaum-y-primer-ministro-de-india-narendra-modi-sobre-inversiones-cientificas-y-tecnologicas\/"},"author":{"name":"admin","@id":"https:\/\/redamlo.com\/#\/schema\/person\/197a0a670d21b1f4f1483ddda1b64613"},"headline":"En G7, conversan Presidenta Claudia Sheinbaum y primer ministro de India, Narendra Modi, sobre inversiones cient\u00edficas y tecnol\u00f3gicas","datePublished":"2025-06-17T20:54:56+00:00","mainEntityOfPage":{"@id":"https:\/\/redamlo.com\/index.php\/2025\/06\/17\/en-g7-conversan-presidenta-claudia-sheinbaum-y-primer-ministro-de-india-narendra-modi-sobre-inversiones-cientificas-y-tecnologicas\/"},"wordCount":365,"commentCount":0,"publisher":{"@id":"https:\/\/redamlo.com\/#organization"},"image":{"@id":"https:\/\/redamlo.com\/index.php\/2025\/06\/17\/en-g7-conversan-presidenta-claudia-sheinbaum-y-primer-ministro-de-india-narendra-modi-sobre-inversiones-cientificas-y-tecnologicas\/#primaryimage"},"thumbnailUrl":"https:\/\/redamlo.com\/wp-content\/uploads\/2025\/06\/Narendra-Modi-Claudia-Sheinbaum.jpeg","keywords":["Canad\u00e1","G7 Sheinbaum","India","Narendra Modi"],"articleSection":["Presidencia"],"inLanguage":"es","potentialAction":[{"@type":"CommentAction","name":"Comment","target":["https:\/\/redamlo.com\/index.php\/2025\/06\/17\/en-g7-conversan-presidenta-claudia-sheinbaum-y-primer-ministro-de-india-narendra-modi-sobre-inversiones-cientificas-y-tecnologicas\/#respond"]}]},{"@type":"WebPage","@id":"https:\/\/redamlo.com\/index.php\/2025\/06\/17\/en-g7-conversan-presidenta-claudia-sheinbaum-y-primer-ministro-de-india-narendra-modi-sobre-inversiones-cientificas-y-tecnologicas\/","url":"https:\/\/redamlo.com\/index.php\/2025\/06\/17\/en-g7-conversan-presidenta-claudia-sheinbaum-y-primer-ministro-de-india-narendra-modi-sobre-inversiones-cientificas-y-tecnologicas\/","name":"En G7, conversan Presidenta Claudia Sheinbaum y primer ministro de India, Narendra Modi, sobre inversiones cient\u00edficas y tecnol\u00f3gicas - NOTICIAS DE LA 4T","isPartOf":{"@id":"https:\/\/redamlo.com\/#website"},"primaryImageOfPage":{"@id":"https:\/\/redamlo.com\/index.php\/2025\/06\/17\/en-g7-conversan-presidenta-claudia-sheinbaum-y-primer-ministro-de-india-narendra-modi-sobre-inversiones-cientificas-y-tecnologicas\/#primaryimage"},"image":{"@id":"https:\/\/redamlo.com\/index.php\/2025\/06\/17\/en-g7-conversan-presidenta-claudia-sheinbaum-y-primer-ministro-de-india-narendra-modi-sobre-inversiones-cientificas-y-tecnologicas\/#primaryimage"},"thumbnailUrl":"https:\/\/redamlo.com\/wp-content\/uploads\/2025\/06\/Narendra-Modi-Claudia-Sheinbaum.jpeg","datePublished":"2025-06-17T20:54:56+00:00","breadcrumb":{"@id":"https:\/\/redamlo.com\/index.php\/2025\/06\/17\/en-g7-conversan-presidenta-claudia-sheinbaum-y-primer-ministro-de-india-narendra-modi-sobre-inversiones-cientificas-y-tecnologicas\/#breadcrumb"},"inLanguage":"es","potentialAction":[{"@type":"ReadAction","target":["https:\/\/redamlo.com\/index.php\/2025\/06\/17\/en-g7-conversan-presidenta-claudia-sheinbaum-y-primer-ministro-de-india-narendra-modi-sobre-inversiones-cientificas-y-tecnologicas\/"]}]},{"@type":"ImageObject","inLanguage":"es","@id":"https:\/\/redamlo.com\/index.php\/2025\/06\/17\/en-g7-conversan-presidenta-claudia-sheinbaum-y-primer-ministro-de-india-narendra-modi-sobre-inversiones-cientificas-y-tecnologicas\/#primaryimage","url":"https:\/\/redamlo.com\/wp-content\/uploads\/2025\/06\/Narendra-Modi-Claudia-Sheinbaum.jpeg","contentUrl":"https:\/\/redamlo.com\/wp-content\/uploads\/2025\/06\/Narendra-Modi-Claudia-Sheinbaum.jpeg","width":650,"height":380},{"@type":"BreadcrumbList","@id":"https:\/\/redamlo.com\/index.php\/2025\/06\/17\/en-g7-conversan-presidenta-claudia-sheinbaum-y-primer-ministro-de-india-narendra-modi-sobre-inversiones-cientificas-y-tecnologicas\/#breadcrumb","itemListElement":[{"@type":"ListItem","position":1,"name":"Inicio","item":"https:\/\/redamlo.com\/"},{"@type":"ListItem","position":2,"name":"En G7, conversan Presidenta Claudia Sheinbaum y primer ministro de India, Narendra Modi, sobre inversiones cient\u00edficas y tecnol\u00f3gicas"}]},{"@type":"WebSite","@id":"https:\/\/redamlo.com\/#website","url":"https:\/\/redamlo.com\/","name":"NOTICIAS DE LA 4T","description":"","publisher":{"@id":"https:\/\/redamlo.com\/#organization"},"potentialAction":[{"@type":"SearchAction","target":{"@type":"EntryPoint","urlTemplate":"https:\/\/redamlo.com\/?s={search_term_string}"},"query-input":{"@type":"PropertyValueSpecification","valueRequired":true,"valueName":"search_term_string"}}],"inLanguage":"es"},{"@type":"Organization","@id":"https:\/\/redamlo.com\/#organization","name":"NOTICIAS DE LA 4T","url":"https:\/\/redamlo.com\/","logo":{"@type":"ImageObject","inLanguage":"es","@id":"https:\/\/redamlo.com\/#\/schema\/logo\/image\/","url":"https:\/\/redamlo.com\/wp-content\/uploads\/2024\/08\/cropped-RED-AMLO-logo-50.png","contentUrl":"https:\/\/redamlo.com\/wp-content\/uploads\/2024\/08\/cropped-RED-AMLO-logo-50.png","width":256,"height":256,"caption":"NOTICIAS DE LA 4T"},"image":{"@id":"https:\/\/redamlo.com\/#\/schema\/logo\/image\/"}},{"@type":"Person","@id":"https:\/\/redamlo.com\/#\/schema\/person\/197a0a670d21b1f4f1483ddda1b64613","name":"admin","image":{"@type":"ImageObject","inLanguage":"es","@id":"https:\/\/secure.gravatar.com\/avatar\/293dccd927043f2e641da6685c2f84009782eb9ee0054daceada4e261ded849a?s=96&d=mm&r=g","url":"https:\/\/secure.gravatar.com\/avatar\/293dccd927043f2e641da6685c2f84009782eb9ee0054daceada4e261ded849a?s=96&d=mm&r=g","contentUrl":"https:\/\/secure.gravatar.com\/avatar\/293dccd927043f2e641da6685c2f84009782eb9ee0054daceada4e261ded849a?s=96&d=mm&r=g","caption":"admin"},"sameAs":["https:\/\/redamlo.com"],"url":"https:\/\/redamlo.com\/index.php\/author\/stell\/"}]}},"_links":{"self":[{"href":"https:\/\/redamlo.com\/index.php\/wp-json\/wp\/v2\/posts\/8800","targetHints":{"allow":["GET"]}}],"collection":[{"href":"https:\/\/redamlo.com\/index.php\/wp-json\/wp\/v2\/posts"}],"about":[{"href":"https:\/\/redamlo.com\/index.php\/wp-json\/wp\/v2\/types\/post"}],"author":[{"embeddable":true,"href":"https:\/\/redamlo.com\/index.php\/wp-json\/wp\/v2\/users\/1"}],"replies":[{"embeddable":true,"href":"https:\/\/redamlo.com\/index.php\/wp-json\/wp\/v2\/comments?post=8800"}],"version-history":[{"count":0,"href":"https:\/\/redamlo.com\/index.php\/wp-json\/wp\/v2\/posts\/8800\/revisions"}],"wp:featuredmedia":[{"embeddable":true,"href":"https:\/\/redamlo.com\/index.php\/wp-json\/wp\/v2\/media\/8801"}],"wp:attachment":[{"href":"https:\/\/redamlo.com\/index.php\/wp-json\/wp\/v2\/media?parent=8800"}],"wp:term":[{"taxonomy":"category","embeddable":true,"href":"https:\/\/redamlo.com\/index.php\/wp-json\/wp\/v2\/categories?post=8800"},{"taxonomy":"post_tag","embeddable":true,"href":"https:\/\/redamlo.com\/index.php\/wp-json\/wp\/v2\/tags?post=8800"}],"curies":[{"name":"wp","href":"https:\/\/api.w.org\/{rel}","templated":true}]}}