{"id":8783,"date":"2025-06-01T09:00:34","date_gmt":"2025-06-01T14:00:34","guid":{"rendered":"https:\/\/redamlo.com\/?p=8783"},"modified":"2025-06-01T09:00:34","modified_gmt":"2025-06-01T14:00:34","slug":"celia-maya-garcia-llama-al-voto-en-historica-eleccion-judicial","status":"publish","type":"post","link":"https:\/\/redamlo.com\/index.php\/2025\/06\/01\/celia-maya-garcia-llama-al-voto-en-historica-eleccion-judicial\/","title":{"rendered":"Celia Maya Garc\u00eda llama al voto en hist\u00f3rica elecci\u00f3n judicial"},"content":{"rendered":"<p>La consejera del Consejo de la Judicatura Federal (CJF), Celia Maya Garc\u00eda, emiti\u00f3<br \/>\nsu voto en la primera elecci\u00f3n directa de jueces y magistrados en M\u00e9xico, un hecho<br \/>\nsin precedentes derivado de una reforma constitucional que busca fortalecer el<br \/>\nsistema de justicia. Como candidata al Tribunal de Disciplina Judicial, Maya destac\u00f3<br \/>\nla importancia de la participaci\u00f3n ciudadana en este proceso, que calific\u00f3 como un<br \/>\nmomento crucial para generar confianza en los tribunales.<br \/>\nEn entrevista, la consejera subray\u00f3 que esta reforma pretende establecer un v\u00ednculo<br \/>\ndirecto entre la ciudadan\u00eda y sus jueces, asegurando que estos respondan<br \/>\n\u00fanicamente al pueblo y no a intereses externos. \u201cEs la primera vez que se elige de<br \/>\nmanera directa a jueces y magistrados, lo cual es un hecho importante porque<br \/>\nmedita una reforma constitucional que busca mejorar el sistema de justicia\u201d, afirm\u00f3.<br \/>\nMaya Garc\u00eda enfatiz\u00f3 que el Tribunal de Disciplina Judicial, al que aspira integrarse,<br \/>\ntendr\u00e1 la funci\u00f3n de investigar quejas y delitos, adem\u00e1s de realizar una evaluaci\u00f3n<br \/>\nconstante del desempe\u00f1o judicial. Propuso fortalecer la formaci\u00f3n de jueces con un<br \/>\nenfoque en la sensibilidad social, los derechos humanos y la perspectiva de g\u00e9nero,<br \/>\npara garantizar resoluciones prontas, justas y basadas en la Constituci\u00f3n.<br \/>\n\u201cNecesitamos jueces que entiendan la problem\u00e1tica del pa\u00eds y ofrezcan soluciones<br \/>\nque generen confianza\u201d, se\u00f1al\u00f3.<br \/>\nSobre la elecci\u00f3n popular de jueces, la consejera defendi\u00f3 su legitimidad,<br \/>\ndestacando que fortalece la independencia judicial al no deber el cargo a<br \/>\nrecomendaciones o influencias. \u201cEl juez se lo debe al pueblo\u201d, afirm\u00f3, reconociendo<br \/>\nque el proceso, al ser nuevo, enfrentar\u00e1 retos que deber\u00e1n analizarse para futuras<br \/>\nelecciones.<br \/>\nEn cuanto a posibles cuestionamientos sobre la legitimidad de los resultados,<br \/>\ndebido a la baja participaci\u00f3n, la consejera Celia Maya llam\u00f3 a confiar en el proceso<br \/>\ny en la voluntad de mejorar el sistema de justicia. \u201cDebemos confiar en que<br \/>\nqueremos que este pa\u00eds vaya mejor. No dudemos hasta que haya pruebas\u201d,<br \/>\nexpres\u00f3, subrayando su experiencia en el \u00e1mbito judicial donde las decisiones se<br \/>\nbasan en evidencia.<br \/>\nFinalmente, la consejera destac\u00f3 la importancia de la separaci\u00f3n entre la Suprema<br \/>\nCorte de Justicia de la Naci\u00f3n y el CJF, que ahora tendr\u00e1n presidencias distintas, lo<br \/>\nque fortalecer\u00e1 la colegiaci\u00f3n y la transparencia. En caso de ser electa, como<br \/>\nmarcan diversas encuestas que la colocan al frente de las simpat\u00edas ciudadanas,<br \/>\nMaya Garc\u00eda se comprometi\u00f3 a trabajar en un plan conjunto con los dem\u00e1s<br \/>\nintegrantes del tribunal para responder a las necesidades del pueblo, ajustando la<br \/>\nnormativa si fuera necesario.<\/p>\n","protected":false},"excerpt":{"rendered":"<p>La consejera del Consejo de la Judicatura Federal (CJF), Celia Maya Garc\u00eda, emiti\u00f3 su voto&#8230;<\/p>\n","protected":false},"author":1,"featured_media":8784,"comment_status":"open","ping_status":"closed","sticky":false,"template":"","format":"standard","meta":{"footnotes":""},"categories":[312],"tags":[2644,2906],"class_list":["post-8783","post","type-post","status-publish","format-standard","has-post-thumbnail","hentry","category-justicia","tag-celia-maya","tag-eleccion-judicial"],"yoast_head":"<!-- This site is optimized with the Yoast SEO plugin v27.5 - https:\/\/yoast.com\/product\/yoast-seo-wordpress\/ -->\n<title>Celia Maya Garc\u00eda llama al voto en hist\u00f3rica elecci\u00f3n judicial - NOTICIAS DE LA 4T<\/title>\n<meta name=\"robots\" content=\"noindex, follow, max-snippet:-1, max-image-preview:large, max-video-preview:-1\" \/>\n<meta property=\"og:locale\" content=\"es_MX\" \/>\n<meta property=\"og:type\" content=\"article\" \/>\n<meta property=\"og:title\" content=\"Celia Maya Garc\u00eda llama al voto en hist\u00f3rica elecci\u00f3n judicial - NOTICIAS DE LA 4T\" \/>\n<meta property=\"og:description\" content=\"La consejera del Consejo de la Judicatura Federal (CJF), Celia Maya Garc\u00eda, emiti\u00f3 su voto...\" \/>\n<meta property=\"og:url\" content=\"https:\/\/redamlo.com\/index.php\/2025\/06\/01\/celia-maya-garcia-llama-al-voto-en-historica-eleccion-judicial\/\" \/>\n<meta property=\"og:site_name\" content=\"NOTICIAS DE LA 4T\" \/>\n<meta property=\"article:published_time\" content=\"2025-06-01T14:00:34+00:00\" \/>\n<meta property=\"og:image\" content=\"https:\/\/redamlo.com\/wp-content\/uploads\/2025\/06\/eleccion-celia-maya-1-scaled-1.jpg\" \/>\n\t<meta property=\"og:image:width\" content=\"2560\" \/>\n\t<meta property=\"og:image:height\" content=\"1920\" \/>\n\t<meta property=\"og:image:type\" content=\"image\/jpeg\" \/>\n<meta name=\"author\" content=\"admin\" \/>\n<meta name=\"twitter:card\" content=\"summary_large_image\" \/>\n<meta name=\"twitter:label1\" content=\"Escrito por\" \/>\n\t<meta name=\"twitter:data1\" content=\"admin\" \/>\n\t<meta name=\"twitter:label2\" content=\"Tiempo de lectura\" \/>\n\t<meta name=\"twitter:data2\" content=\"2 minutos\" \/>\n<script type=\"application\/ld+json\" class=\"yoast-schema-graph\">{\"@context\":\"https:\\\/\\\/schema.org\",\"@graph\":[{\"@type\":\"Article\",\"@id\":\"https:\\\/\\\/redamlo.com\\\/index.php\\\/2025\\\/06\\\/01\\\/celia-maya-garcia-llama-al-voto-en-historica-eleccion-judicial\\\/#article\",\"isPartOf\":{\"@id\":\"https:\\\/\\\/redamlo.com\\\/index.php\\\/2025\\\/06\\\/01\\\/celia-maya-garcia-llama-al-voto-en-historica-eleccion-judicial\\\/\"},\"author\":{\"name\":\"admin\",\"@id\":\"https:\\\/\\\/redamlo.com\\\/#\\\/schema\\\/person\\\/197a0a670d21b1f4f1483ddda1b64613\"},\"headline\":\"Celia Maya Garc\u00eda llama al voto en hist\u00f3rica elecci\u00f3n judicial\",\"datePublished\":\"2025-06-01T14:00:34+00:00\",\"mainEntityOfPage\":{\"@id\":\"https:\\\/\\\/redamlo.com\\\/index.php\\\/2025\\\/06\\\/01\\\/celia-maya-garcia-llama-al-voto-en-historica-eleccion-judicial\\\/\"},\"wordCount\":450,\"commentCount\":0,\"publisher\":{\"@id\":\"https:\\\/\\\/redamlo.com\\\/#organization\"},\"image\":{\"@id\":\"https:\\\/\\\/redamlo.com\\\/index.php\\\/2025\\\/06\\\/01\\\/celia-maya-garcia-llama-al-voto-en-historica-eleccion-judicial\\\/#primaryimage\"},\"thumbnailUrl\":\"https:\\\/\\\/redamlo.com\\\/wp-content\\\/uploads\\\/2025\\\/06\\\/eleccion-celia-maya-1-scaled-1.jpg\",\"keywords\":[\"Celia Maya\",\"elecci\u00f3n judicial\"],\"articleSection\":[\"Justicia\"],\"inLanguage\":\"es\",\"potentialAction\":[{\"@type\":\"CommentAction\",\"name\":\"Comment\",\"target\":[\"https:\\\/\\\/redamlo.com\\\/index.php\\\/2025\\\/06\\\/01\\\/celia-maya-garcia-llama-al-voto-en-historica-eleccion-judicial\\\/#respond\"]}]},{\"@type\":\"WebPage\",\"@id\":\"https:\\\/\\\/redamlo.com\\\/index.php\\\/2025\\\/06\\\/01\\\/celia-maya-garcia-llama-al-voto-en-historica-eleccion-judicial\\\/\",\"url\":\"https:\\\/\\\/redamlo.com\\\/index.php\\\/2025\\\/06\\\/01\\\/celia-maya-garcia-llama-al-voto-en-historica-eleccion-judicial\\\/\",\"name\":\"Celia Maya Garc\u00eda llama al voto en hist\u00f3rica elecci\u00f3n judicial - NOTICIAS DE LA 4T\",\"isPartOf\":{\"@id\":\"https:\\\/\\\/redamlo.com\\\/#website\"},\"primaryImageOfPage\":{\"@id\":\"https:\\\/\\\/redamlo.com\\\/index.php\\\/2025\\\/06\\\/01\\\/celia-maya-garcia-llama-al-voto-en-historica-eleccion-judicial\\\/#primaryimage\"},\"image\":{\"@id\":\"https:\\\/\\\/redamlo.com\\\/index.php\\\/2025\\\/06\\\/01\\\/celia-maya-garcia-llama-al-voto-en-historica-eleccion-judicial\\\/#primaryimage\"},\"thumbnailUrl\":\"https:\\\/\\\/redamlo.com\\\/wp-content\\\/uploads\\\/2025\\\/06\\\/eleccion-celia-maya-1-scaled-1.jpg\",\"datePublished\":\"2025-06-01T14:00:34+00:00\",\"breadcrumb\":{\"@id\":\"https:\\\/\\\/redamlo.com\\\/index.php\\\/2025\\\/06\\\/01\\\/celia-maya-garcia-llama-al-voto-en-historica-eleccion-judicial\\\/#breadcrumb\"},\"inLanguage\":\"es\",\"potentialAction\":[{\"@type\":\"ReadAction\",\"target\":[\"https:\\\/\\\/redamlo.com\\\/index.php\\\/2025\\\/06\\\/01\\\/celia-maya-garcia-llama-al-voto-en-historica-eleccion-judicial\\\/\"]}]},{\"@type\":\"ImageObject\",\"inLanguage\":\"es\",\"@id\":\"https:\\\/\\\/redamlo.com\\\/index.php\\\/2025\\\/06\\\/01\\\/celia-maya-garcia-llama-al-voto-en-historica-eleccion-judicial\\\/#primaryimage\",\"url\":\"https:\\\/\\\/redamlo.com\\\/wp-content\\\/uploads\\\/2025\\\/06\\\/eleccion-celia-maya-1-scaled-1.jpg\",\"contentUrl\":\"https:\\\/\\\/redamlo.com\\\/wp-content\\\/uploads\\\/2025\\\/06\\\/eleccion-celia-maya-1-scaled-1.jpg\",\"width\":2560,\"height\":1920},{\"@type\":\"BreadcrumbList\",\"@id\":\"https:\\\/\\\/redamlo.com\\\/index.php\\\/2025\\\/06\\\/01\\\/celia-maya-garcia-llama-al-voto-en-historica-eleccion-judicial\\\/#breadcrumb\",\"itemListElement\":[{\"@type\":\"ListItem\",\"position\":1,\"name\":\"Inicio\",\"item\":\"https:\\\/\\\/redamlo.com\\\/\"},{\"@type\":\"ListItem\",\"position\":2,\"name\":\"Celia Maya Garc\u00eda llama al voto en hist\u00f3rica elecci\u00f3n judicial\"}]},{\"@type\":\"WebSite\",\"@id\":\"https:\\\/\\\/redamlo.com\\\/#website\",\"url\":\"https:\\\/\\\/redamlo.com\\\/\",\"name\":\"NOTICIAS DE LA 4T\",\"description\":\"\",\"publisher\":{\"@id\":\"https:\\\/\\\/redamlo.com\\\/#organization\"},\"potentialAction\":[{\"@type\":\"SearchAction\",\"target\":{\"@type\":\"EntryPoint\",\"urlTemplate\":\"https:\\\/\\\/redamlo.com\\\/?s={search_term_string}\"},\"query-input\":{\"@type\":\"PropertyValueSpecification\",\"valueRequired\":true,\"valueName\":\"search_term_string\"}}],\"inLanguage\":\"es\"},{\"@type\":\"Organization\",\"@id\":\"https:\\\/\\\/redamlo.com\\\/#organization\",\"name\":\"NOTICIAS DE LA 4T\",\"url\":\"https:\\\/\\\/redamlo.com\\\/\",\"logo\":{\"@type\":\"ImageObject\",\"inLanguage\":\"es\",\"@id\":\"https:\\\/\\\/redamlo.com\\\/#\\\/schema\\\/logo\\\/image\\\/\",\"url\":\"https:\\\/\\\/redamlo.com\\\/wp-content\\\/uploads\\\/2024\\\/08\\\/cropped-RED-AMLO-logo-50.png\",\"contentUrl\":\"https:\\\/\\\/redamlo.com\\\/wp-content\\\/uploads\\\/2024\\\/08\\\/cropped-RED-AMLO-logo-50.png\",\"width\":256,\"height\":256,\"caption\":\"NOTICIAS DE LA 4T\"},\"image\":{\"@id\":\"https:\\\/\\\/redamlo.com\\\/#\\\/schema\\\/logo\\\/image\\\/\"}},{\"@type\":\"Person\",\"@id\":\"https:\\\/\\\/redamlo.com\\\/#\\\/schema\\\/person\\\/197a0a670d21b1f4f1483ddda1b64613\",\"name\":\"admin\",\"image\":{\"@type\":\"ImageObject\",\"inLanguage\":\"es\",\"@id\":\"https:\\\/\\\/secure.gravatar.com\\\/avatar\\\/293dccd927043f2e641da6685c2f84009782eb9ee0054daceada4e261ded849a?s=96&d=mm&r=g\",\"url\":\"https:\\\/\\\/secure.gravatar.com\\\/avatar\\\/293dccd927043f2e641da6685c2f84009782eb9ee0054daceada4e261ded849a?s=96&d=mm&r=g\",\"contentUrl\":\"https:\\\/\\\/secure.gravatar.com\\\/avatar\\\/293dccd927043f2e641da6685c2f84009782eb9ee0054daceada4e261ded849a?s=96&d=mm&r=g\",\"caption\":\"admin\"},\"sameAs\":[\"https:\\\/\\\/redamlo.com\"],\"url\":\"https:\\\/\\\/redamlo.com\\\/index.php\\\/author\\\/stell\\\/\"}]}<\/script>\n<!-- \/ Yoast SEO plugin. -->","yoast_head_json":{"title":"Celia Maya Garc\u00eda llama al voto en hist\u00f3rica elecci\u00f3n judicial - NOTICIAS DE LA 4T","robots":{"index":"noindex","follow":"follow","max-snippet":"max-snippet:-1","max-image-preview":"max-image-preview:large","max-video-preview":"max-video-preview:-1"},"og_locale":"es_MX","og_type":"article","og_title":"Celia Maya Garc\u00eda llama al voto en hist\u00f3rica elecci\u00f3n judicial - NOTICIAS DE LA 4T","og_description":"La consejera del Consejo de la Judicatura Federal (CJF), Celia Maya Garc\u00eda, emiti\u00f3 su voto...","og_url":"https:\/\/redamlo.com\/index.php\/2025\/06\/01\/celia-maya-garcia-llama-al-voto-en-historica-eleccion-judicial\/","og_site_name":"NOTICIAS DE LA 4T","article_published_time":"2025-06-01T14:00:34+00:00","og_image":[{"width":2560,"height":1920,"url":"https:\/\/redamlo.com\/wp-content\/uploads\/2025\/06\/eleccion-celia-maya-1-scaled-1.jpg","type":"image\/jpeg"}],"author":"admin","twitter_card":"summary_large_image","twitter_misc":{"Escrito por":"admin","Tiempo de lectura":"2 minutos"},"schema":{"@context":"https:\/\/schema.org","@graph":[{"@type":"Article","@id":"https:\/\/redamlo.com\/index.php\/2025\/06\/01\/celia-maya-garcia-llama-al-voto-en-historica-eleccion-judicial\/#article","isPartOf":{"@id":"https:\/\/redamlo.com\/index.php\/2025\/06\/01\/celia-maya-garcia-llama-al-voto-en-historica-eleccion-judicial\/"},"author":{"name":"admin","@id":"https:\/\/redamlo.com\/#\/schema\/person\/197a0a670d21b1f4f1483ddda1b64613"},"headline":"Celia Maya Garc\u00eda llama al voto en hist\u00f3rica elecci\u00f3n judicial","datePublished":"2025-06-01T14:00:34+00:00","mainEntityOfPage":{"@id":"https:\/\/redamlo.com\/index.php\/2025\/06\/01\/celia-maya-garcia-llama-al-voto-en-historica-eleccion-judicial\/"},"wordCount":450,"commentCount":0,"publisher":{"@id":"https:\/\/redamlo.com\/#organization"},"image":{"@id":"https:\/\/redamlo.com\/index.php\/2025\/06\/01\/celia-maya-garcia-llama-al-voto-en-historica-eleccion-judicial\/#primaryimage"},"thumbnailUrl":"https:\/\/redamlo.com\/wp-content\/uploads\/2025\/06\/eleccion-celia-maya-1-scaled-1.jpg","keywords":["Celia Maya","elecci\u00f3n judicial"],"articleSection":["Justicia"],"inLanguage":"es","potentialAction":[{"@type":"CommentAction","name":"Comment","target":["https:\/\/redamlo.com\/index.php\/2025\/06\/01\/celia-maya-garcia-llama-al-voto-en-historica-eleccion-judicial\/#respond"]}]},{"@type":"WebPage","@id":"https:\/\/redamlo.com\/index.php\/2025\/06\/01\/celia-maya-garcia-llama-al-voto-en-historica-eleccion-judicial\/","url":"https:\/\/redamlo.com\/index.php\/2025\/06\/01\/celia-maya-garcia-llama-al-voto-en-historica-eleccion-judicial\/","name":"Celia Maya Garc\u00eda llama al voto en hist\u00f3rica elecci\u00f3n judicial - NOTICIAS DE LA 4T","isPartOf":{"@id":"https:\/\/redamlo.com\/#website"},"primaryImageOfPage":{"@id":"https:\/\/redamlo.com\/index.php\/2025\/06\/01\/celia-maya-garcia-llama-al-voto-en-historica-eleccion-judicial\/#primaryimage"},"image":{"@id":"https:\/\/redamlo.com\/index.php\/2025\/06\/01\/celia-maya-garcia-llama-al-voto-en-historica-eleccion-judicial\/#primaryimage"},"thumbnailUrl":"https:\/\/redamlo.com\/wp-content\/uploads\/2025\/06\/eleccion-celia-maya-1-scaled-1.jpg","datePublished":"2025-06-01T14:00:34+00:00","breadcrumb":{"@id":"https:\/\/redamlo.com\/index.php\/2025\/06\/01\/celia-maya-garcia-llama-al-voto-en-historica-eleccion-judicial\/#breadcrumb"},"inLanguage":"es","potentialAction":[{"@type":"ReadAction","target":["https:\/\/redamlo.com\/index.php\/2025\/06\/01\/celia-maya-garcia-llama-al-voto-en-historica-eleccion-judicial\/"]}]},{"@type":"ImageObject","inLanguage":"es","@id":"https:\/\/redamlo.com\/index.php\/2025\/06\/01\/celia-maya-garcia-llama-al-voto-en-historica-eleccion-judicial\/#primaryimage","url":"https:\/\/redamlo.com\/wp-content\/uploads\/2025\/06\/eleccion-celia-maya-1-scaled-1.jpg","contentUrl":"https:\/\/redamlo.com\/wp-content\/uploads\/2025\/06\/eleccion-celia-maya-1-scaled-1.jpg","width":2560,"height":1920},{"@type":"BreadcrumbList","@id":"https:\/\/redamlo.com\/index.php\/2025\/06\/01\/celia-maya-garcia-llama-al-voto-en-historica-eleccion-judicial\/#breadcrumb","itemListElement":[{"@type":"ListItem","position":1,"name":"Inicio","item":"https:\/\/redamlo.com\/"},{"@type":"ListItem","position":2,"name":"Celia Maya Garc\u00eda llama al voto en hist\u00f3rica elecci\u00f3n judicial"}]},{"@type":"WebSite","@id":"https:\/\/redamlo.com\/#website","url":"https:\/\/redamlo.com\/","name":"NOTICIAS DE LA 4T","description":"","publisher":{"@id":"https:\/\/redamlo.com\/#organization"},"potentialAction":[{"@type":"SearchAction","target":{"@type":"EntryPoint","urlTemplate":"https:\/\/redamlo.com\/?s={search_term_string}"},"query-input":{"@type":"PropertyValueSpecification","valueRequired":true,"valueName":"search_term_string"}}],"inLanguage":"es"},{"@type":"Organization","@id":"https:\/\/redamlo.com\/#organization","name":"NOTICIAS DE LA 4T","url":"https:\/\/redamlo.com\/","logo":{"@type":"ImageObject","inLanguage":"es","@id":"https:\/\/redamlo.com\/#\/schema\/logo\/image\/","url":"https:\/\/redamlo.com\/wp-content\/uploads\/2024\/08\/cropped-RED-AMLO-logo-50.png","contentUrl":"https:\/\/redamlo.com\/wp-content\/uploads\/2024\/08\/cropped-RED-AMLO-logo-50.png","width":256,"height":256,"caption":"NOTICIAS DE LA 4T"},"image":{"@id":"https:\/\/redamlo.com\/#\/schema\/logo\/image\/"}},{"@type":"Person","@id":"https:\/\/redamlo.com\/#\/schema\/person\/197a0a670d21b1f4f1483ddda1b64613","name":"admin","image":{"@type":"ImageObject","inLanguage":"es","@id":"https:\/\/secure.gravatar.com\/avatar\/293dccd927043f2e641da6685c2f84009782eb9ee0054daceada4e261ded849a?s=96&d=mm&r=g","url":"https:\/\/secure.gravatar.com\/avatar\/293dccd927043f2e641da6685c2f84009782eb9ee0054daceada4e261ded849a?s=96&d=mm&r=g","contentUrl":"https:\/\/secure.gravatar.com\/avatar\/293dccd927043f2e641da6685c2f84009782eb9ee0054daceada4e261ded849a?s=96&d=mm&r=g","caption":"admin"},"sameAs":["https:\/\/redamlo.com"],"url":"https:\/\/redamlo.com\/index.php\/author\/stell\/"}]}},"_links":{"self":[{"href":"https:\/\/redamlo.com\/index.php\/wp-json\/wp\/v2\/posts\/8783","targetHints":{"allow":["GET"]}}],"collection":[{"href":"https:\/\/redamlo.com\/index.php\/wp-json\/wp\/v2\/posts"}],"about":[{"href":"https:\/\/redamlo.com\/index.php\/wp-json\/wp\/v2\/types\/post"}],"author":[{"embeddable":true,"href":"https:\/\/redamlo.com\/index.php\/wp-json\/wp\/v2\/users\/1"}],"replies":[{"embeddable":true,"href":"https:\/\/redamlo.com\/index.php\/wp-json\/wp\/v2\/comments?post=8783"}],"version-history":[{"count":0,"href":"https:\/\/redamlo.com\/index.php\/wp-json\/wp\/v2\/posts\/8783\/revisions"}],"wp:featuredmedia":[{"embeddable":true,"href":"https:\/\/redamlo.com\/index.php\/wp-json\/wp\/v2\/media\/8784"}],"wp:attachment":[{"href":"https:\/\/redamlo.com\/index.php\/wp-json\/wp\/v2\/media?parent=8783"}],"wp:term":[{"taxonomy":"category","embeddable":true,"href":"https:\/\/redamlo.com\/index.php\/wp-json\/wp\/v2\/categories?post=8783"},{"taxonomy":"post_tag","embeddable":true,"href":"https:\/\/redamlo.com\/index.php\/wp-json\/wp\/v2\/tags?post=8783"}],"curies":[{"name":"wp","href":"https:\/\/api.w.org\/{rel}","templated":true}]}}