{"id":8777,"date":"2025-05-29T11:49:34","date_gmt":"2025-05-29T16:49:34","guid":{"rendered":"https:\/\/redamlo.com\/?p=8777"},"modified":"2025-05-29T11:49:34","modified_gmt":"2025-05-29T16:49:34","slug":"elon-musk-renuncio-ayer-a-su-puesto-en-el-gobierno-de-estados-unidos","status":"publish","type":"post","link":"https:\/\/redamlo.com\/index.php\/2025\/05\/29\/elon-musk-renuncio-ayer-a-su-puesto-en-el-gobierno-de-estados-unidos\/","title":{"rendered":"Elon Musk renunci\u00f3 ayer a su puesto en el Gobierno de Estados Unidos"},"content":{"rendered":"<h3>Elon Musk anunci\u00f3 ayer mi\u00e9rcoles que dejaba su puesto en el gobierno de Estados Unidos como asesor para reducir el gasto federal.<\/h3>\n<p>La Casa Blanca agradeci\u00f3 este jueves los servicios prestados por Elon Musk, despu\u00e9s de que el multimillonario anunciara que pon\u00eda fin a su misi\u00f3n de reducir el gasto p\u00fablico encomendada por el presidente Donald Trump al frente de una comisi\u00f3n llamada DOGE.<\/p>\n<p>Musk anunci\u00f3 el mi\u00e9rcoles que abandona su papel en el gobierno estadounidense poco despu\u00e9s de criticar el proyecto de ley presupuestario de Trump.<\/p>\n<p>El magnate tecnol\u00f3gico de origen sudafricano estima que este proyecto de ley aprobado por la C\u00e1mara de Representantes y todav\u00eda pendiente del voto en el Senado aumentar\u00eda el d\u00e9ficit y socavar\u00eda el trabajo de la comisi\u00f3n de eficiencia gubernamental (DOGE) que ha despedido a decenas de miles de funcionarios p\u00fablicos.<\/p>\n<p>Musk tambi\u00e9n se quej\u00f3 de que el DOGE, del que fue el rostro visible, se ha convertido en un &#8220;chivo expiatorio&#8221; del descontento con la administraci\u00f3n.<\/p>\n<p>&#8220;Le agradecemos sus servicios. Le damos las gracias por poner en marcha el DOGE&#8221;, declar\u00f3 a los periodistas la portavoz del ejecutivo Karoline Leavitt. &#8220;Los esfuerzos para reducir el despilfarro, el fraude y el abuso continuar\u00e1n&#8221;, a\u00f1adi\u00f3.<\/p>\n<p>La portavoz declin\u00f3 hacer m\u00e1s comentarios.<\/p>\n<p>&#8220;A medida que mi tiempo programado como empleado especial del Gobierno llega a su fin, me gustar\u00eda agradecer al presidente Donald Trump por la oportunidad de reducir el gasto superfluo&#8221;, escribi\u00f3 Musk en su red social X.<\/p>\n<p>Fuente: El Economista.<\/p>\n","protected":false},"excerpt":{"rendered":"<p>Elon Musk anunci\u00f3 ayer mi\u00e9rcoles que dejaba su puesto en el gobierno de Estados Unidos&#8230;<\/p>\n","protected":false},"author":1,"featured_media":8778,"comment_status":"open","ping_status":"closed","sticky":false,"template":"","format":"standard","meta":{"footnotes":""},"categories":[13],"tags":[1447,2900,2901],"class_list":["post-8777","post","type-post","status-publish","format-standard","has-post-thumbnail","hentry","category-internacionales","tag-casa-blanca","tag-elon-musk","tag-gobierno-de-eu"],"yoast_head":"<!-- This site is optimized with the Yoast SEO plugin v27.5 - https:\/\/yoast.com\/product\/yoast-seo-wordpress\/ -->\n<title>Elon Musk renunci\u00f3 ayer a su puesto en el Gobierno de Estados Unidos - NOTICIAS DE LA 4T<\/title>\n<meta name=\"robots\" content=\"noindex, follow, max-snippet:-1, max-image-preview:large, max-video-preview:-1\" \/>\n<meta property=\"og:locale\" content=\"es_MX\" \/>\n<meta property=\"og:type\" content=\"article\" \/>\n<meta property=\"og:title\" content=\"Elon Musk renunci\u00f3 ayer a su puesto en el Gobierno de Estados Unidos - NOTICIAS DE LA 4T\" \/>\n<meta property=\"og:description\" content=\"Elon Musk anunci\u00f3 ayer mi\u00e9rcoles que dejaba su puesto en el gobierno de Estados Unidos...\" \/>\n<meta property=\"og:url\" content=\"https:\/\/redamlo.com\/index.php\/2025\/05\/29\/elon-musk-renuncio-ayer-a-su-puesto-en-el-gobierno-de-estados-unidos\/\" \/>\n<meta property=\"og:site_name\" content=\"NOTICIAS DE LA 4T\" \/>\n<meta property=\"article:published_time\" content=\"2025-05-29T16:49:34+00:00\" \/>\n<meta property=\"og:image\" content=\"https:\/\/redamlo.com\/wp-content\/uploads\/2025\/05\/elon-musk.png\" \/>\n\t<meta property=\"og:image:width\" content=\"565\" \/>\n\t<meta property=\"og:image:height\" content=\"448\" \/>\n\t<meta property=\"og:image:type\" content=\"image\/png\" \/>\n<meta name=\"author\" content=\"admin\" \/>\n<meta name=\"twitter:card\" content=\"summary_large_image\" \/>\n<meta name=\"twitter:label1\" content=\"Escrito por\" \/>\n\t<meta name=\"twitter:data1\" content=\"admin\" \/>\n\t<meta name=\"twitter:label2\" content=\"Tiempo de lectura\" \/>\n\t<meta name=\"twitter:data2\" content=\"1 minuto\" \/>\n<script type=\"application\/ld+json\" class=\"yoast-schema-graph\">{\"@context\":\"https:\\\/\\\/schema.org\",\"@graph\":[{\"@type\":\"Article\",\"@id\":\"https:\\\/\\\/redamlo.com\\\/index.php\\\/2025\\\/05\\\/29\\\/elon-musk-renuncio-ayer-a-su-puesto-en-el-gobierno-de-estados-unidos\\\/#article\",\"isPartOf\":{\"@id\":\"https:\\\/\\\/redamlo.com\\\/index.php\\\/2025\\\/05\\\/29\\\/elon-musk-renuncio-ayer-a-su-puesto-en-el-gobierno-de-estados-unidos\\\/\"},\"author\":{\"name\":\"admin\",\"@id\":\"https:\\\/\\\/redamlo.com\\\/#\\\/schema\\\/person\\\/197a0a670d21b1f4f1483ddda1b64613\"},\"headline\":\"Elon Musk renunci\u00f3 ayer a su puesto en el Gobierno de Estados Unidos\",\"datePublished\":\"2025-05-29T16:49:34+00:00\",\"mainEntityOfPage\":{\"@id\":\"https:\\\/\\\/redamlo.com\\\/index.php\\\/2025\\\/05\\\/29\\\/elon-musk-renuncio-ayer-a-su-puesto-en-el-gobierno-de-estados-unidos\\\/\"},\"wordCount\":281,\"commentCount\":0,\"publisher\":{\"@id\":\"https:\\\/\\\/redamlo.com\\\/#organization\"},\"image\":{\"@id\":\"https:\\\/\\\/redamlo.com\\\/index.php\\\/2025\\\/05\\\/29\\\/elon-musk-renuncio-ayer-a-su-puesto-en-el-gobierno-de-estados-unidos\\\/#primaryimage\"},\"thumbnailUrl\":\"https:\\\/\\\/redamlo.com\\\/wp-content\\\/uploads\\\/2025\\\/05\\\/elon-musk.png\",\"keywords\":[\"Casa Blanca\",\"elon musk\",\"gobierno de EU\"],\"articleSection\":[\"Internacionales\"],\"inLanguage\":\"es\",\"potentialAction\":[{\"@type\":\"CommentAction\",\"name\":\"Comment\",\"target\":[\"https:\\\/\\\/redamlo.com\\\/index.php\\\/2025\\\/05\\\/29\\\/elon-musk-renuncio-ayer-a-su-puesto-en-el-gobierno-de-estados-unidos\\\/#respond\"]}]},{\"@type\":\"WebPage\",\"@id\":\"https:\\\/\\\/redamlo.com\\\/index.php\\\/2025\\\/05\\\/29\\\/elon-musk-renuncio-ayer-a-su-puesto-en-el-gobierno-de-estados-unidos\\\/\",\"url\":\"https:\\\/\\\/redamlo.com\\\/index.php\\\/2025\\\/05\\\/29\\\/elon-musk-renuncio-ayer-a-su-puesto-en-el-gobierno-de-estados-unidos\\\/\",\"name\":\"Elon Musk renunci\u00f3 ayer a su puesto en el Gobierno de Estados Unidos - NOTICIAS DE LA 4T\",\"isPartOf\":{\"@id\":\"https:\\\/\\\/redamlo.com\\\/#website\"},\"primaryImageOfPage\":{\"@id\":\"https:\\\/\\\/redamlo.com\\\/index.php\\\/2025\\\/05\\\/29\\\/elon-musk-renuncio-ayer-a-su-puesto-en-el-gobierno-de-estados-unidos\\\/#primaryimage\"},\"image\":{\"@id\":\"https:\\\/\\\/redamlo.com\\\/index.php\\\/2025\\\/05\\\/29\\\/elon-musk-renuncio-ayer-a-su-puesto-en-el-gobierno-de-estados-unidos\\\/#primaryimage\"},\"thumbnailUrl\":\"https:\\\/\\\/redamlo.com\\\/wp-content\\\/uploads\\\/2025\\\/05\\\/elon-musk.png\",\"datePublished\":\"2025-05-29T16:49:34+00:00\",\"breadcrumb\":{\"@id\":\"https:\\\/\\\/redamlo.com\\\/index.php\\\/2025\\\/05\\\/29\\\/elon-musk-renuncio-ayer-a-su-puesto-en-el-gobierno-de-estados-unidos\\\/#breadcrumb\"},\"inLanguage\":\"es\",\"potentialAction\":[{\"@type\":\"ReadAction\",\"target\":[\"https:\\\/\\\/redamlo.com\\\/index.php\\\/2025\\\/05\\\/29\\\/elon-musk-renuncio-ayer-a-su-puesto-en-el-gobierno-de-estados-unidos\\\/\"]}]},{\"@type\":\"ImageObject\",\"inLanguage\":\"es\",\"@id\":\"https:\\\/\\\/redamlo.com\\\/index.php\\\/2025\\\/05\\\/29\\\/elon-musk-renuncio-ayer-a-su-puesto-en-el-gobierno-de-estados-unidos\\\/#primaryimage\",\"url\":\"https:\\\/\\\/redamlo.com\\\/wp-content\\\/uploads\\\/2025\\\/05\\\/elon-musk.png\",\"contentUrl\":\"https:\\\/\\\/redamlo.com\\\/wp-content\\\/uploads\\\/2025\\\/05\\\/elon-musk.png\",\"width\":565,\"height\":448},{\"@type\":\"BreadcrumbList\",\"@id\":\"https:\\\/\\\/redamlo.com\\\/index.php\\\/2025\\\/05\\\/29\\\/elon-musk-renuncio-ayer-a-su-puesto-en-el-gobierno-de-estados-unidos\\\/#breadcrumb\",\"itemListElement\":[{\"@type\":\"ListItem\",\"position\":1,\"name\":\"Inicio\",\"item\":\"https:\\\/\\\/redamlo.com\\\/\"},{\"@type\":\"ListItem\",\"position\":2,\"name\":\"Elon Musk renunci\u00f3 ayer a su puesto en el Gobierno de Estados Unidos\"}]},{\"@type\":\"WebSite\",\"@id\":\"https:\\\/\\\/redamlo.com\\\/#website\",\"url\":\"https:\\\/\\\/redamlo.com\\\/\",\"name\":\"NOTICIAS DE LA 4T\",\"description\":\"\",\"publisher\":{\"@id\":\"https:\\\/\\\/redamlo.com\\\/#organization\"},\"potentialAction\":[{\"@type\":\"SearchAction\",\"target\":{\"@type\":\"EntryPoint\",\"urlTemplate\":\"https:\\\/\\\/redamlo.com\\\/?s={search_term_string}\"},\"query-input\":{\"@type\":\"PropertyValueSpecification\",\"valueRequired\":true,\"valueName\":\"search_term_string\"}}],\"inLanguage\":\"es\"},{\"@type\":\"Organization\",\"@id\":\"https:\\\/\\\/redamlo.com\\\/#organization\",\"name\":\"NOTICIAS DE LA 4T\",\"url\":\"https:\\\/\\\/redamlo.com\\\/\",\"logo\":{\"@type\":\"ImageObject\",\"inLanguage\":\"es\",\"@id\":\"https:\\\/\\\/redamlo.com\\\/#\\\/schema\\\/logo\\\/image\\\/\",\"url\":\"https:\\\/\\\/redamlo.com\\\/wp-content\\\/uploads\\\/2024\\\/08\\\/cropped-RED-AMLO-logo-50.png\",\"contentUrl\":\"https:\\\/\\\/redamlo.com\\\/wp-content\\\/uploads\\\/2024\\\/08\\\/cropped-RED-AMLO-logo-50.png\",\"width\":256,\"height\":256,\"caption\":\"NOTICIAS DE LA 4T\"},\"image\":{\"@id\":\"https:\\\/\\\/redamlo.com\\\/#\\\/schema\\\/logo\\\/image\\\/\"}},{\"@type\":\"Person\",\"@id\":\"https:\\\/\\\/redamlo.com\\\/#\\\/schema\\\/person\\\/197a0a670d21b1f4f1483ddda1b64613\",\"name\":\"admin\",\"image\":{\"@type\":\"ImageObject\",\"inLanguage\":\"es\",\"@id\":\"https:\\\/\\\/secure.gravatar.com\\\/avatar\\\/293dccd927043f2e641da6685c2f84009782eb9ee0054daceada4e261ded849a?s=96&d=mm&r=g\",\"url\":\"https:\\\/\\\/secure.gravatar.com\\\/avatar\\\/293dccd927043f2e641da6685c2f84009782eb9ee0054daceada4e261ded849a?s=96&d=mm&r=g\",\"contentUrl\":\"https:\\\/\\\/secure.gravatar.com\\\/avatar\\\/293dccd927043f2e641da6685c2f84009782eb9ee0054daceada4e261ded849a?s=96&d=mm&r=g\",\"caption\":\"admin\"},\"sameAs\":[\"https:\\\/\\\/redamlo.com\"],\"url\":\"https:\\\/\\\/redamlo.com\\\/index.php\\\/author\\\/stell\\\/\"}]}<\/script>\n<!-- \/ Yoast SEO plugin. -->","yoast_head_json":{"title":"Elon Musk renunci\u00f3 ayer a su puesto en el Gobierno de Estados Unidos - NOTICIAS DE LA 4T","robots":{"index":"noindex","follow":"follow","max-snippet":"max-snippet:-1","max-image-preview":"max-image-preview:large","max-video-preview":"max-video-preview:-1"},"og_locale":"es_MX","og_type":"article","og_title":"Elon Musk renunci\u00f3 ayer a su puesto en el Gobierno de Estados Unidos - NOTICIAS DE LA 4T","og_description":"Elon Musk anunci\u00f3 ayer mi\u00e9rcoles que dejaba su puesto en el gobierno de Estados Unidos...","og_url":"https:\/\/redamlo.com\/index.php\/2025\/05\/29\/elon-musk-renuncio-ayer-a-su-puesto-en-el-gobierno-de-estados-unidos\/","og_site_name":"NOTICIAS DE LA 4T","article_published_time":"2025-05-29T16:49:34+00:00","og_image":[{"width":565,"height":448,"url":"https:\/\/redamlo.com\/wp-content\/uploads\/2025\/05\/elon-musk.png","type":"image\/png"}],"author":"admin","twitter_card":"summary_large_image","twitter_misc":{"Escrito por":"admin","Tiempo de lectura":"1 minuto"},"schema":{"@context":"https:\/\/schema.org","@graph":[{"@type":"Article","@id":"https:\/\/redamlo.com\/index.php\/2025\/05\/29\/elon-musk-renuncio-ayer-a-su-puesto-en-el-gobierno-de-estados-unidos\/#article","isPartOf":{"@id":"https:\/\/redamlo.com\/index.php\/2025\/05\/29\/elon-musk-renuncio-ayer-a-su-puesto-en-el-gobierno-de-estados-unidos\/"},"author":{"name":"admin","@id":"https:\/\/redamlo.com\/#\/schema\/person\/197a0a670d21b1f4f1483ddda1b64613"},"headline":"Elon Musk renunci\u00f3 ayer a su puesto en el Gobierno de Estados Unidos","datePublished":"2025-05-29T16:49:34+00:00","mainEntityOfPage":{"@id":"https:\/\/redamlo.com\/index.php\/2025\/05\/29\/elon-musk-renuncio-ayer-a-su-puesto-en-el-gobierno-de-estados-unidos\/"},"wordCount":281,"commentCount":0,"publisher":{"@id":"https:\/\/redamlo.com\/#organization"},"image":{"@id":"https:\/\/redamlo.com\/index.php\/2025\/05\/29\/elon-musk-renuncio-ayer-a-su-puesto-en-el-gobierno-de-estados-unidos\/#primaryimage"},"thumbnailUrl":"https:\/\/redamlo.com\/wp-content\/uploads\/2025\/05\/elon-musk.png","keywords":["Casa Blanca","elon musk","gobierno de EU"],"articleSection":["Internacionales"],"inLanguage":"es","potentialAction":[{"@type":"CommentAction","name":"Comment","target":["https:\/\/redamlo.com\/index.php\/2025\/05\/29\/elon-musk-renuncio-ayer-a-su-puesto-en-el-gobierno-de-estados-unidos\/#respond"]}]},{"@type":"WebPage","@id":"https:\/\/redamlo.com\/index.php\/2025\/05\/29\/elon-musk-renuncio-ayer-a-su-puesto-en-el-gobierno-de-estados-unidos\/","url":"https:\/\/redamlo.com\/index.php\/2025\/05\/29\/elon-musk-renuncio-ayer-a-su-puesto-en-el-gobierno-de-estados-unidos\/","name":"Elon Musk renunci\u00f3 ayer a su puesto en el Gobierno de Estados Unidos - NOTICIAS DE LA 4T","isPartOf":{"@id":"https:\/\/redamlo.com\/#website"},"primaryImageOfPage":{"@id":"https:\/\/redamlo.com\/index.php\/2025\/05\/29\/elon-musk-renuncio-ayer-a-su-puesto-en-el-gobierno-de-estados-unidos\/#primaryimage"},"image":{"@id":"https:\/\/redamlo.com\/index.php\/2025\/05\/29\/elon-musk-renuncio-ayer-a-su-puesto-en-el-gobierno-de-estados-unidos\/#primaryimage"},"thumbnailUrl":"https:\/\/redamlo.com\/wp-content\/uploads\/2025\/05\/elon-musk.png","datePublished":"2025-05-29T16:49:34+00:00","breadcrumb":{"@id":"https:\/\/redamlo.com\/index.php\/2025\/05\/29\/elon-musk-renuncio-ayer-a-su-puesto-en-el-gobierno-de-estados-unidos\/#breadcrumb"},"inLanguage":"es","potentialAction":[{"@type":"ReadAction","target":["https:\/\/redamlo.com\/index.php\/2025\/05\/29\/elon-musk-renuncio-ayer-a-su-puesto-en-el-gobierno-de-estados-unidos\/"]}]},{"@type":"ImageObject","inLanguage":"es","@id":"https:\/\/redamlo.com\/index.php\/2025\/05\/29\/elon-musk-renuncio-ayer-a-su-puesto-en-el-gobierno-de-estados-unidos\/#primaryimage","url":"https:\/\/redamlo.com\/wp-content\/uploads\/2025\/05\/elon-musk.png","contentUrl":"https:\/\/redamlo.com\/wp-content\/uploads\/2025\/05\/elon-musk.png","width":565,"height":448},{"@type":"BreadcrumbList","@id":"https:\/\/redamlo.com\/index.php\/2025\/05\/29\/elon-musk-renuncio-ayer-a-su-puesto-en-el-gobierno-de-estados-unidos\/#breadcrumb","itemListElement":[{"@type":"ListItem","position":1,"name":"Inicio","item":"https:\/\/redamlo.com\/"},{"@type":"ListItem","position":2,"name":"Elon Musk renunci\u00f3 ayer a su puesto en el Gobierno de Estados Unidos"}]},{"@type":"WebSite","@id":"https:\/\/redamlo.com\/#website","url":"https:\/\/redamlo.com\/","name":"NOTICIAS DE LA 4T","description":"","publisher":{"@id":"https:\/\/redamlo.com\/#organization"},"potentialAction":[{"@type":"SearchAction","target":{"@type":"EntryPoint","urlTemplate":"https:\/\/redamlo.com\/?s={search_term_string}"},"query-input":{"@type":"PropertyValueSpecification","valueRequired":true,"valueName":"search_term_string"}}],"inLanguage":"es"},{"@type":"Organization","@id":"https:\/\/redamlo.com\/#organization","name":"NOTICIAS DE LA 4T","url":"https:\/\/redamlo.com\/","logo":{"@type":"ImageObject","inLanguage":"es","@id":"https:\/\/redamlo.com\/#\/schema\/logo\/image\/","url":"https:\/\/redamlo.com\/wp-content\/uploads\/2024\/08\/cropped-RED-AMLO-logo-50.png","contentUrl":"https:\/\/redamlo.com\/wp-content\/uploads\/2024\/08\/cropped-RED-AMLO-logo-50.png","width":256,"height":256,"caption":"NOTICIAS DE LA 4T"},"image":{"@id":"https:\/\/redamlo.com\/#\/schema\/logo\/image\/"}},{"@type":"Person","@id":"https:\/\/redamlo.com\/#\/schema\/person\/197a0a670d21b1f4f1483ddda1b64613","name":"admin","image":{"@type":"ImageObject","inLanguage":"es","@id":"https:\/\/secure.gravatar.com\/avatar\/293dccd927043f2e641da6685c2f84009782eb9ee0054daceada4e261ded849a?s=96&d=mm&r=g","url":"https:\/\/secure.gravatar.com\/avatar\/293dccd927043f2e641da6685c2f84009782eb9ee0054daceada4e261ded849a?s=96&d=mm&r=g","contentUrl":"https:\/\/secure.gravatar.com\/avatar\/293dccd927043f2e641da6685c2f84009782eb9ee0054daceada4e261ded849a?s=96&d=mm&r=g","caption":"admin"},"sameAs":["https:\/\/redamlo.com"],"url":"https:\/\/redamlo.com\/index.php\/author\/stell\/"}]}},"_links":{"self":[{"href":"https:\/\/redamlo.com\/index.php\/wp-json\/wp\/v2\/posts\/8777","targetHints":{"allow":["GET"]}}],"collection":[{"href":"https:\/\/redamlo.com\/index.php\/wp-json\/wp\/v2\/posts"}],"about":[{"href":"https:\/\/redamlo.com\/index.php\/wp-json\/wp\/v2\/types\/post"}],"author":[{"embeddable":true,"href":"https:\/\/redamlo.com\/index.php\/wp-json\/wp\/v2\/users\/1"}],"replies":[{"embeddable":true,"href":"https:\/\/redamlo.com\/index.php\/wp-json\/wp\/v2\/comments?post=8777"}],"version-history":[{"count":0,"href":"https:\/\/redamlo.com\/index.php\/wp-json\/wp\/v2\/posts\/8777\/revisions"}],"wp:featuredmedia":[{"embeddable":true,"href":"https:\/\/redamlo.com\/index.php\/wp-json\/wp\/v2\/media\/8778"}],"wp:attachment":[{"href":"https:\/\/redamlo.com\/index.php\/wp-json\/wp\/v2\/media?parent=8777"}],"wp:term":[{"taxonomy":"category","embeddable":true,"href":"https:\/\/redamlo.com\/index.php\/wp-json\/wp\/v2\/categories?post=8777"},{"taxonomy":"post_tag","embeddable":true,"href":"https:\/\/redamlo.com\/index.php\/wp-json\/wp\/v2\/tags?post=8777"}],"curies":[{"name":"wp","href":"https:\/\/api.w.org\/{rel}","templated":true}]}}