{"id":8767,"date":"2025-05-28T23:55:36","date_gmt":"2025-05-29T04:55:36","guid":{"rendered":"https:\/\/redamlo.com\/?p=8767"},"modified":"2025-05-28T23:55:36","modified_gmt":"2025-05-29T04:55:36","slug":"se-registra-incendio-en-el-centro-comercial-portal-san-angel-en-cdmx","status":"publish","type":"post","link":"https:\/\/redamlo.com\/index.php\/2025\/05\/28\/se-registra-incendio-en-el-centro-comercial-portal-san-angel-en-cdmx\/","title":{"rendered":"Se registra incendio en el centro comercial Portal San \u00c1ngel en CDMX"},"content":{"rendered":"<h2 class=\"teaser\">La Secretar\u00eda de Gesti\u00f3n Integral de Riesgos y Protecci\u00f3n Civil (SGRIPC) report\u00f3 que la evacuaci\u00f3n de las personas fue preventiva<\/h2>\n<p>Un\u00a0<strong>incendio\u00a0<\/strong>en el centro comercial\u00a0<strong>Portal San \u00c1ngel<\/strong>, ubicado en Avenida Revoluci\u00f3n, alcald\u00eda\u00a0<strong>\u00c1lvaro Obreg\u00f3n<\/strong>, provoc\u00f3 la evacuaci\u00f3n de unas 850 personas, pero no caus\u00f3 lesionados, informaron las autoridades.<\/p>\n<h2>\u00bfQu\u00e9 pas\u00f3 en el centro comercial Portal San \u00c1ngel?<\/h2>\n<p>Se indic\u00f3 que<strong>\u00a017 perros y tres gatos\u00a0<\/strong>de una tienda de mascotas no sufrieron\u00a0<strong>afectaciones<\/strong>.<\/p>\n<p>Un corto circuito en uno de los ventiladores gener\u00f3 el\u00a0<strong>incendio\u00a0<\/strong>y la humareda se propag\u00f3 r\u00e1pidamente hacia los establecimientos comerciales, inform\u00f3 la alcald\u00eda\u00a0<strong>\u00c1lvaro Obreg\u00f3n<\/strong>.<\/p>\n<p>Elementos del Heroico Cuerpo de Bomberos y de Protecci\u00f3n Civil atendieron la emergencia.<\/p>\n<p>La Secretar\u00eda de Gesti\u00f3n Integral de Riesgos y Protecci\u00f3n Civil (<strong>SGRIPC<\/strong>) report\u00f3 que la evacuaci\u00f3n de las personas fue\u00a0<strong>preventiva\u00a0<\/strong>y no se presentaron lesionados.<\/p>\n<div class=\"banner-content-ads\">\n<div id=\"bd16c46dd34b4ab483bc578a3cf558c1\"><\/div>\n<\/div>\n<p>Para las 20:15 horas, el director de los Bomberos capitalinos, Juan Manuel P\u00e9rez Cova, inform\u00f3 que el siniestro estaba controlado y sin\u00a0<strong>riesgos<\/strong>.<\/p>\n<p>Fuente: Excelsior.<\/p>\n","protected":false},"excerpt":{"rendered":"<p>La Secretar\u00eda de Gesti\u00f3n Integral de Riesgos y Protecci\u00f3n Civil (SGRIPC) report\u00f3 que la evacuaci\u00f3n&#8230;<\/p>\n","protected":false},"author":1,"featured_media":8768,"comment_status":"open","ping_status":"closed","sticky":false,"template":"","format":"standard","meta":{"footnotes":""},"categories":[17],"tags":[],"class_list":["post-8767","post","type-post","status-publish","format-standard","has-post-thumbnail","hentry","category-cdmx"],"yoast_head":"<!-- This site is optimized with the Yoast SEO plugin v27.5 - https:\/\/yoast.com\/product\/yoast-seo-wordpress\/ -->\n<title>Se registra incendio en el centro comercial Portal San \u00c1ngel en CDMX - NOTICIAS DE LA 4T<\/title>\n<meta name=\"robots\" content=\"noindex, follow, max-snippet:-1, max-image-preview:large, max-video-preview:-1\" \/>\n<meta property=\"og:locale\" content=\"es_MX\" \/>\n<meta property=\"og:type\" content=\"article\" \/>\n<meta property=\"og:title\" content=\"Se registra incendio en el centro comercial Portal San \u00c1ngel en CDMX - NOTICIAS DE LA 4T\" \/>\n<meta property=\"og:description\" content=\"La Secretar\u00eda de Gesti\u00f3n Integral de Riesgos y Protecci\u00f3n Civil (SGRIPC) report\u00f3 que la evacuaci\u00f3n...\" \/>\n<meta property=\"og:url\" content=\"https:\/\/redamlo.com\/index.php\/2025\/05\/28\/se-registra-incendio-en-el-centro-comercial-portal-san-angel-en-cdmx\/\" \/>\n<meta property=\"og:site_name\" content=\"NOTICIAS DE LA 4T\" \/>\n<meta property=\"article:published_time\" content=\"2025-05-29T04:55:36+00:00\" \/>\n<meta property=\"og:image\" content=\"https:\/\/redamlo.com\/wp-content\/uploads\/2025\/05\/incendio-portal-san-angel.png\" \/>\n\t<meta property=\"og:image:width\" content=\"707\" \/>\n\t<meta property=\"og:image:height\" content=\"447\" \/>\n\t<meta property=\"og:image:type\" content=\"image\/png\" \/>\n<meta name=\"author\" content=\"admin\" \/>\n<meta name=\"twitter:card\" content=\"summary_large_image\" \/>\n<meta name=\"twitter:label1\" content=\"Escrito por\" \/>\n\t<meta name=\"twitter:data1\" content=\"admin\" \/>\n\t<meta name=\"twitter:label2\" content=\"Tiempo de lectura\" \/>\n\t<meta name=\"twitter:data2\" content=\"1 minuto\" \/>\n<script type=\"application\/ld+json\" class=\"yoast-schema-graph\">{\"@context\":\"https:\\\/\\\/schema.org\",\"@graph\":[{\"@type\":\"Article\",\"@id\":\"https:\\\/\\\/redamlo.com\\\/index.php\\\/2025\\\/05\\\/28\\\/se-registra-incendio-en-el-centro-comercial-portal-san-angel-en-cdmx\\\/#article\",\"isPartOf\":{\"@id\":\"https:\\\/\\\/redamlo.com\\\/index.php\\\/2025\\\/05\\\/28\\\/se-registra-incendio-en-el-centro-comercial-portal-san-angel-en-cdmx\\\/\"},\"author\":{\"name\":\"admin\",\"@id\":\"https:\\\/\\\/redamlo.com\\\/#\\\/schema\\\/person\\\/197a0a670d21b1f4f1483ddda1b64613\"},\"headline\":\"Se registra incendio en el centro comercial Portal San \u00c1ngel en CDMX\",\"datePublished\":\"2025-05-29T04:55:36+00:00\",\"mainEntityOfPage\":{\"@id\":\"https:\\\/\\\/redamlo.com\\\/index.php\\\/2025\\\/05\\\/28\\\/se-registra-incendio-en-el-centro-comercial-portal-san-angel-en-cdmx\\\/\"},\"wordCount\":190,\"commentCount\":0,\"publisher\":{\"@id\":\"https:\\\/\\\/redamlo.com\\\/#organization\"},\"image\":{\"@id\":\"https:\\\/\\\/redamlo.com\\\/index.php\\\/2025\\\/05\\\/28\\\/se-registra-incendio-en-el-centro-comercial-portal-san-angel-en-cdmx\\\/#primaryimage\"},\"thumbnailUrl\":\"https:\\\/\\\/redamlo.com\\\/wp-content\\\/uploads\\\/2025\\\/05\\\/incendio-portal-san-angel.png\",\"articleSection\":[\"CDMX\"],\"inLanguage\":\"es\",\"potentialAction\":[{\"@type\":\"CommentAction\",\"name\":\"Comment\",\"target\":[\"https:\\\/\\\/redamlo.com\\\/index.php\\\/2025\\\/05\\\/28\\\/se-registra-incendio-en-el-centro-comercial-portal-san-angel-en-cdmx\\\/#respond\"]}]},{\"@type\":\"WebPage\",\"@id\":\"https:\\\/\\\/redamlo.com\\\/index.php\\\/2025\\\/05\\\/28\\\/se-registra-incendio-en-el-centro-comercial-portal-san-angel-en-cdmx\\\/\",\"url\":\"https:\\\/\\\/redamlo.com\\\/index.php\\\/2025\\\/05\\\/28\\\/se-registra-incendio-en-el-centro-comercial-portal-san-angel-en-cdmx\\\/\",\"name\":\"Se registra incendio en el centro comercial Portal San \u00c1ngel en CDMX - NOTICIAS DE LA 4T\",\"isPartOf\":{\"@id\":\"https:\\\/\\\/redamlo.com\\\/#website\"},\"primaryImageOfPage\":{\"@id\":\"https:\\\/\\\/redamlo.com\\\/index.php\\\/2025\\\/05\\\/28\\\/se-registra-incendio-en-el-centro-comercial-portal-san-angel-en-cdmx\\\/#primaryimage\"},\"image\":{\"@id\":\"https:\\\/\\\/redamlo.com\\\/index.php\\\/2025\\\/05\\\/28\\\/se-registra-incendio-en-el-centro-comercial-portal-san-angel-en-cdmx\\\/#primaryimage\"},\"thumbnailUrl\":\"https:\\\/\\\/redamlo.com\\\/wp-content\\\/uploads\\\/2025\\\/05\\\/incendio-portal-san-angel.png\",\"datePublished\":\"2025-05-29T04:55:36+00:00\",\"breadcrumb\":{\"@id\":\"https:\\\/\\\/redamlo.com\\\/index.php\\\/2025\\\/05\\\/28\\\/se-registra-incendio-en-el-centro-comercial-portal-san-angel-en-cdmx\\\/#breadcrumb\"},\"inLanguage\":\"es\",\"potentialAction\":[{\"@type\":\"ReadAction\",\"target\":[\"https:\\\/\\\/redamlo.com\\\/index.php\\\/2025\\\/05\\\/28\\\/se-registra-incendio-en-el-centro-comercial-portal-san-angel-en-cdmx\\\/\"]}]},{\"@type\":\"ImageObject\",\"inLanguage\":\"es\",\"@id\":\"https:\\\/\\\/redamlo.com\\\/index.php\\\/2025\\\/05\\\/28\\\/se-registra-incendio-en-el-centro-comercial-portal-san-angel-en-cdmx\\\/#primaryimage\",\"url\":\"https:\\\/\\\/redamlo.com\\\/wp-content\\\/uploads\\\/2025\\\/05\\\/incendio-portal-san-angel.png\",\"contentUrl\":\"https:\\\/\\\/redamlo.com\\\/wp-content\\\/uploads\\\/2025\\\/05\\\/incendio-portal-san-angel.png\",\"width\":707,\"height\":447,\"caption\":\"Foto: X @SGIRPC_CDMX\"},{\"@type\":\"BreadcrumbList\",\"@id\":\"https:\\\/\\\/redamlo.com\\\/index.php\\\/2025\\\/05\\\/28\\\/se-registra-incendio-en-el-centro-comercial-portal-san-angel-en-cdmx\\\/#breadcrumb\",\"itemListElement\":[{\"@type\":\"ListItem\",\"position\":1,\"name\":\"Inicio\",\"item\":\"https:\\\/\\\/redamlo.com\\\/\"},{\"@type\":\"ListItem\",\"position\":2,\"name\":\"Se registra incendio en el centro comercial Portal San \u00c1ngel en CDMX\"}]},{\"@type\":\"WebSite\",\"@id\":\"https:\\\/\\\/redamlo.com\\\/#website\",\"url\":\"https:\\\/\\\/redamlo.com\\\/\",\"name\":\"NOTICIAS DE LA 4T\",\"description\":\"\",\"publisher\":{\"@id\":\"https:\\\/\\\/redamlo.com\\\/#organization\"},\"potentialAction\":[{\"@type\":\"SearchAction\",\"target\":{\"@type\":\"EntryPoint\",\"urlTemplate\":\"https:\\\/\\\/redamlo.com\\\/?s={search_term_string}\"},\"query-input\":{\"@type\":\"PropertyValueSpecification\",\"valueRequired\":true,\"valueName\":\"search_term_string\"}}],\"inLanguage\":\"es\"},{\"@type\":\"Organization\",\"@id\":\"https:\\\/\\\/redamlo.com\\\/#organization\",\"name\":\"NOTICIAS DE LA 4T\",\"url\":\"https:\\\/\\\/redamlo.com\\\/\",\"logo\":{\"@type\":\"ImageObject\",\"inLanguage\":\"es\",\"@id\":\"https:\\\/\\\/redamlo.com\\\/#\\\/schema\\\/logo\\\/image\\\/\",\"url\":\"https:\\\/\\\/redamlo.com\\\/wp-content\\\/uploads\\\/2024\\\/08\\\/cropped-RED-AMLO-logo-50.png\",\"contentUrl\":\"https:\\\/\\\/redamlo.com\\\/wp-content\\\/uploads\\\/2024\\\/08\\\/cropped-RED-AMLO-logo-50.png\",\"width\":256,\"height\":256,\"caption\":\"NOTICIAS DE LA 4T\"},\"image\":{\"@id\":\"https:\\\/\\\/redamlo.com\\\/#\\\/schema\\\/logo\\\/image\\\/\"}},{\"@type\":\"Person\",\"@id\":\"https:\\\/\\\/redamlo.com\\\/#\\\/schema\\\/person\\\/197a0a670d21b1f4f1483ddda1b64613\",\"name\":\"admin\",\"image\":{\"@type\":\"ImageObject\",\"inLanguage\":\"es\",\"@id\":\"https:\\\/\\\/secure.gravatar.com\\\/avatar\\\/293dccd927043f2e641da6685c2f84009782eb9ee0054daceada4e261ded849a?s=96&d=mm&r=g\",\"url\":\"https:\\\/\\\/secure.gravatar.com\\\/avatar\\\/293dccd927043f2e641da6685c2f84009782eb9ee0054daceada4e261ded849a?s=96&d=mm&r=g\",\"contentUrl\":\"https:\\\/\\\/secure.gravatar.com\\\/avatar\\\/293dccd927043f2e641da6685c2f84009782eb9ee0054daceada4e261ded849a?s=96&d=mm&r=g\",\"caption\":\"admin\"},\"sameAs\":[\"https:\\\/\\\/redamlo.com\"],\"url\":\"https:\\\/\\\/redamlo.com\\\/index.php\\\/author\\\/stell\\\/\"}]}<\/script>\n<!-- \/ Yoast SEO plugin. -->","yoast_head_json":{"title":"Se registra incendio en el centro comercial Portal San \u00c1ngel en CDMX - NOTICIAS DE LA 4T","robots":{"index":"noindex","follow":"follow","max-snippet":"max-snippet:-1","max-image-preview":"max-image-preview:large","max-video-preview":"max-video-preview:-1"},"og_locale":"es_MX","og_type":"article","og_title":"Se registra incendio en el centro comercial Portal San \u00c1ngel en CDMX - NOTICIAS DE LA 4T","og_description":"La Secretar\u00eda de Gesti\u00f3n Integral de Riesgos y Protecci\u00f3n Civil (SGRIPC) report\u00f3 que la evacuaci\u00f3n...","og_url":"https:\/\/redamlo.com\/index.php\/2025\/05\/28\/se-registra-incendio-en-el-centro-comercial-portal-san-angel-en-cdmx\/","og_site_name":"NOTICIAS DE LA 4T","article_published_time":"2025-05-29T04:55:36+00:00","og_image":[{"width":707,"height":447,"url":"https:\/\/redamlo.com\/wp-content\/uploads\/2025\/05\/incendio-portal-san-angel.png","type":"image\/png"}],"author":"admin","twitter_card":"summary_large_image","twitter_misc":{"Escrito por":"admin","Tiempo de lectura":"1 minuto"},"schema":{"@context":"https:\/\/schema.org","@graph":[{"@type":"Article","@id":"https:\/\/redamlo.com\/index.php\/2025\/05\/28\/se-registra-incendio-en-el-centro-comercial-portal-san-angel-en-cdmx\/#article","isPartOf":{"@id":"https:\/\/redamlo.com\/index.php\/2025\/05\/28\/se-registra-incendio-en-el-centro-comercial-portal-san-angel-en-cdmx\/"},"author":{"name":"admin","@id":"https:\/\/redamlo.com\/#\/schema\/person\/197a0a670d21b1f4f1483ddda1b64613"},"headline":"Se registra incendio en el centro comercial Portal San \u00c1ngel en CDMX","datePublished":"2025-05-29T04:55:36+00:00","mainEntityOfPage":{"@id":"https:\/\/redamlo.com\/index.php\/2025\/05\/28\/se-registra-incendio-en-el-centro-comercial-portal-san-angel-en-cdmx\/"},"wordCount":190,"commentCount":0,"publisher":{"@id":"https:\/\/redamlo.com\/#organization"},"image":{"@id":"https:\/\/redamlo.com\/index.php\/2025\/05\/28\/se-registra-incendio-en-el-centro-comercial-portal-san-angel-en-cdmx\/#primaryimage"},"thumbnailUrl":"https:\/\/redamlo.com\/wp-content\/uploads\/2025\/05\/incendio-portal-san-angel.png","articleSection":["CDMX"],"inLanguage":"es","potentialAction":[{"@type":"CommentAction","name":"Comment","target":["https:\/\/redamlo.com\/index.php\/2025\/05\/28\/se-registra-incendio-en-el-centro-comercial-portal-san-angel-en-cdmx\/#respond"]}]},{"@type":"WebPage","@id":"https:\/\/redamlo.com\/index.php\/2025\/05\/28\/se-registra-incendio-en-el-centro-comercial-portal-san-angel-en-cdmx\/","url":"https:\/\/redamlo.com\/index.php\/2025\/05\/28\/se-registra-incendio-en-el-centro-comercial-portal-san-angel-en-cdmx\/","name":"Se registra incendio en el centro comercial Portal San \u00c1ngel en CDMX - NOTICIAS DE LA 4T","isPartOf":{"@id":"https:\/\/redamlo.com\/#website"},"primaryImageOfPage":{"@id":"https:\/\/redamlo.com\/index.php\/2025\/05\/28\/se-registra-incendio-en-el-centro-comercial-portal-san-angel-en-cdmx\/#primaryimage"},"image":{"@id":"https:\/\/redamlo.com\/index.php\/2025\/05\/28\/se-registra-incendio-en-el-centro-comercial-portal-san-angel-en-cdmx\/#primaryimage"},"thumbnailUrl":"https:\/\/redamlo.com\/wp-content\/uploads\/2025\/05\/incendio-portal-san-angel.png","datePublished":"2025-05-29T04:55:36+00:00","breadcrumb":{"@id":"https:\/\/redamlo.com\/index.php\/2025\/05\/28\/se-registra-incendio-en-el-centro-comercial-portal-san-angel-en-cdmx\/#breadcrumb"},"inLanguage":"es","potentialAction":[{"@type":"ReadAction","target":["https:\/\/redamlo.com\/index.php\/2025\/05\/28\/se-registra-incendio-en-el-centro-comercial-portal-san-angel-en-cdmx\/"]}]},{"@type":"ImageObject","inLanguage":"es","@id":"https:\/\/redamlo.com\/index.php\/2025\/05\/28\/se-registra-incendio-en-el-centro-comercial-portal-san-angel-en-cdmx\/#primaryimage","url":"https:\/\/redamlo.com\/wp-content\/uploads\/2025\/05\/incendio-portal-san-angel.png","contentUrl":"https:\/\/redamlo.com\/wp-content\/uploads\/2025\/05\/incendio-portal-san-angel.png","width":707,"height":447,"caption":"Foto: X @SGIRPC_CDMX"},{"@type":"BreadcrumbList","@id":"https:\/\/redamlo.com\/index.php\/2025\/05\/28\/se-registra-incendio-en-el-centro-comercial-portal-san-angel-en-cdmx\/#breadcrumb","itemListElement":[{"@type":"ListItem","position":1,"name":"Inicio","item":"https:\/\/redamlo.com\/"},{"@type":"ListItem","position":2,"name":"Se registra incendio en el centro comercial Portal San \u00c1ngel en CDMX"}]},{"@type":"WebSite","@id":"https:\/\/redamlo.com\/#website","url":"https:\/\/redamlo.com\/","name":"NOTICIAS DE LA 4T","description":"","publisher":{"@id":"https:\/\/redamlo.com\/#organization"},"potentialAction":[{"@type":"SearchAction","target":{"@type":"EntryPoint","urlTemplate":"https:\/\/redamlo.com\/?s={search_term_string}"},"query-input":{"@type":"PropertyValueSpecification","valueRequired":true,"valueName":"search_term_string"}}],"inLanguage":"es"},{"@type":"Organization","@id":"https:\/\/redamlo.com\/#organization","name":"NOTICIAS DE LA 4T","url":"https:\/\/redamlo.com\/","logo":{"@type":"ImageObject","inLanguage":"es","@id":"https:\/\/redamlo.com\/#\/schema\/logo\/image\/","url":"https:\/\/redamlo.com\/wp-content\/uploads\/2024\/08\/cropped-RED-AMLO-logo-50.png","contentUrl":"https:\/\/redamlo.com\/wp-content\/uploads\/2024\/08\/cropped-RED-AMLO-logo-50.png","width":256,"height":256,"caption":"NOTICIAS DE LA 4T"},"image":{"@id":"https:\/\/redamlo.com\/#\/schema\/logo\/image\/"}},{"@type":"Person","@id":"https:\/\/redamlo.com\/#\/schema\/person\/197a0a670d21b1f4f1483ddda1b64613","name":"admin","image":{"@type":"ImageObject","inLanguage":"es","@id":"https:\/\/secure.gravatar.com\/avatar\/293dccd927043f2e641da6685c2f84009782eb9ee0054daceada4e261ded849a?s=96&d=mm&r=g","url":"https:\/\/secure.gravatar.com\/avatar\/293dccd927043f2e641da6685c2f84009782eb9ee0054daceada4e261ded849a?s=96&d=mm&r=g","contentUrl":"https:\/\/secure.gravatar.com\/avatar\/293dccd927043f2e641da6685c2f84009782eb9ee0054daceada4e261ded849a?s=96&d=mm&r=g","caption":"admin"},"sameAs":["https:\/\/redamlo.com"],"url":"https:\/\/redamlo.com\/index.php\/author\/stell\/"}]}},"_links":{"self":[{"href":"https:\/\/redamlo.com\/index.php\/wp-json\/wp\/v2\/posts\/8767","targetHints":{"allow":["GET"]}}],"collection":[{"href":"https:\/\/redamlo.com\/index.php\/wp-json\/wp\/v2\/posts"}],"about":[{"href":"https:\/\/redamlo.com\/index.php\/wp-json\/wp\/v2\/types\/post"}],"author":[{"embeddable":true,"href":"https:\/\/redamlo.com\/index.php\/wp-json\/wp\/v2\/users\/1"}],"replies":[{"embeddable":true,"href":"https:\/\/redamlo.com\/index.php\/wp-json\/wp\/v2\/comments?post=8767"}],"version-history":[{"count":0,"href":"https:\/\/redamlo.com\/index.php\/wp-json\/wp\/v2\/posts\/8767\/revisions"}],"wp:featuredmedia":[{"embeddable":true,"href":"https:\/\/redamlo.com\/index.php\/wp-json\/wp\/v2\/media\/8768"}],"wp:attachment":[{"href":"https:\/\/redamlo.com\/index.php\/wp-json\/wp\/v2\/media?parent=8767"}],"wp:term":[{"taxonomy":"category","embeddable":true,"href":"https:\/\/redamlo.com\/index.php\/wp-json\/wp\/v2\/categories?post=8767"},{"taxonomy":"post_tag","embeddable":true,"href":"https:\/\/redamlo.com\/index.php\/wp-json\/wp\/v2\/tags?post=8767"}],"curies":[{"name":"wp","href":"https:\/\/api.w.org\/{rel}","templated":true}]}}