{"id":8761,"date":"2025-05-28T20:20:15","date_gmt":"2025-05-29T01:20:15","guid":{"rendered":"https:\/\/redamlo.com\/?p=8761"},"modified":"2025-05-28T20:20:15","modified_gmt":"2025-05-29T01:20:15","slug":"detienen-en-eu-a-migrante-mexicano-que-supuestamente-amenazo-con-disparar-contra-trump","status":"publish","type":"post","link":"https:\/\/redamlo.com\/index.php\/2025\/05\/28\/detienen-en-eu-a-migrante-mexicano-que-supuestamente-amenazo-con-disparar-contra-trump\/","title":{"rendered":"Detienen en EU a migrante mexicano que supuestamente amenaz\u00f3 con disparar contra Trump"},"content":{"rendered":"<h3>Ram\u00f3n Morales Reyes, de 54 a\u00f1os de edad, supuestamente envi\u00f3 una carta a un agente del Servicio de Inmigraci\u00f3n y Control de Aduanas de Estados Unidos (ICE) en la que afirmaba que le disparar\u00eda al presidente en la cabeza en uno de sus m\u00edtines.<\/h3>\n<p>Autoridades de Estados Unidos detuvieron a un inmigrante mexicano que supuestamente amenaz\u00f3 con dispararle al presidente\u00a0Donald Trump, inform\u00f3 el mi\u00e9rcoles el Departamento de Seguridad Nacional (DHS, por su sigla en ingl\u00e9s).<\/p>\n<p>Ram\u00f3n Morales Reyes, de 54 a\u00f1os de edad, supuestamente envi\u00f3 una carta a un agente del Servicio de Inmigraci\u00f3n y Control de Aduanas de Estados Unidos (<b>ICE<\/b>) en la que afirmaba que le disparar\u00eda al presidente en la cabeza en uno de sus m\u00edtines, seg\u00fan el DHS, que public\u00f3 una imagen de la misiva.<\/p>\n<p>Morales dijo en la carta que el ICE hab\u00eda estado deportando a miembros de su familia, aunque no mencion\u00f3 a nadie en concreto.<\/p>\n<p>Trump fue blanco de dos intentos de asesinato\u00a0durante su campa\u00f1a presidencial de 2024, incluido un tiroteo en un mitin en Butler, Pensilvania. Los sospechosos de ambos intentos eran ciudadanos estadounidenses.<\/p>\n<p>&#8220;Todos los pol\u00edticos y miembros de los medios de comunicaci\u00f3n deber\u00edan tomar nota de estos repetidos atentados contra la vida del presidente Trump y bajar el tono de su ret\u00f3rica&#8221;, dijo la secretaria de Seguridad Nacional, Kristi Noem, en un comunicado.<\/p>\n<p>Morales entr\u00f3 ilegalmente en Estados Unidos al menos nueve veces entre 1998 y 2005, seg\u00fan el DHS. Hab\u00eda sido detenido anteriormente por un atropello con fuga y otros delitos, destac\u00f3 la cartera.<\/p>\n<p>Actualmente se encuentra detenido por las autoridades migratorias en Wisconsin a la espera de ser deportado, seg\u00fan el DHS.<\/p>\n<p>Fuente: El Economista.<\/p>\n","protected":false},"excerpt":{"rendered":"<p>Ram\u00f3n Morales Reyes, de 54 a\u00f1os de edad, supuestamente envi\u00f3 una carta a un agente&#8230;<\/p>\n","protected":false},"author":1,"featured_media":8762,"comment_status":"open","ping_status":"closed","sticky":false,"template":"","format":"standard","meta":{"footnotes":""},"categories":[13],"tags":[2895],"class_list":["post-8761","post","type-post","status-publish","format-standard","has-post-thumbnail","hentry","category-internacionales","tag-migrante-amenaza-a-trump"],"yoast_head":"<!-- This site is optimized with the Yoast SEO plugin v27.5 - https:\/\/yoast.com\/product\/yoast-seo-wordpress\/ -->\n<title>Detienen en EU a migrante mexicano que supuestamente amenaz\u00f3 con disparar contra Trump - NOTICIAS DE LA 4T<\/title>\n<meta name=\"robots\" content=\"noindex, follow, max-snippet:-1, max-image-preview:large, max-video-preview:-1\" \/>\n<meta property=\"og:locale\" content=\"es_MX\" \/>\n<meta property=\"og:type\" content=\"article\" \/>\n<meta property=\"og:title\" content=\"Detienen en EU a migrante mexicano que supuestamente amenaz\u00f3 con disparar contra Trump - NOTICIAS DE LA 4T\" \/>\n<meta property=\"og:description\" content=\"Ram\u00f3n Morales Reyes, de 54 a\u00f1os de edad, supuestamente envi\u00f3 una carta a un agente...\" \/>\n<meta property=\"og:url\" content=\"https:\/\/redamlo.com\/index.php\/2025\/05\/28\/detienen-en-eu-a-migrante-mexicano-que-supuestamente-amenazo-con-disparar-contra-trump\/\" \/>\n<meta property=\"og:site_name\" content=\"NOTICIAS DE LA 4T\" \/>\n<meta property=\"article:published_time\" content=\"2025-05-29T01:20:15+00:00\" \/>\n<meta property=\"og:image\" content=\"https:\/\/redamlo.com\/wp-content\/uploads\/2025\/05\/migrante-que-amenazo-a-trump.png\" \/>\n\t<meta property=\"og:image:width\" content=\"672\" \/>\n\t<meta property=\"og:image:height\" content=\"487\" \/>\n\t<meta property=\"og:image:type\" content=\"image\/png\" \/>\n<meta name=\"author\" content=\"admin\" \/>\n<meta name=\"twitter:card\" content=\"summary_large_image\" \/>\n<meta name=\"twitter:label1\" content=\"Escrito por\" \/>\n\t<meta name=\"twitter:data1\" content=\"admin\" \/>\n\t<meta name=\"twitter:label2\" content=\"Tiempo de lectura\" \/>\n\t<meta name=\"twitter:data2\" content=\"1 minuto\" \/>\n<script type=\"application\/ld+json\" class=\"yoast-schema-graph\">{\"@context\":\"https:\\\/\\\/schema.org\",\"@graph\":[{\"@type\":\"Article\",\"@id\":\"https:\\\/\\\/redamlo.com\\\/index.php\\\/2025\\\/05\\\/28\\\/detienen-en-eu-a-migrante-mexicano-que-supuestamente-amenazo-con-disparar-contra-trump\\\/#article\",\"isPartOf\":{\"@id\":\"https:\\\/\\\/redamlo.com\\\/index.php\\\/2025\\\/05\\\/28\\\/detienen-en-eu-a-migrante-mexicano-que-supuestamente-amenazo-con-disparar-contra-trump\\\/\"},\"author\":{\"name\":\"admin\",\"@id\":\"https:\\\/\\\/redamlo.com\\\/#\\\/schema\\\/person\\\/197a0a670d21b1f4f1483ddda1b64613\"},\"headline\":\"Detienen en EU a migrante mexicano que supuestamente amenaz\u00f3 con disparar contra Trump\",\"datePublished\":\"2025-05-29T01:20:15+00:00\",\"mainEntityOfPage\":{\"@id\":\"https:\\\/\\\/redamlo.com\\\/index.php\\\/2025\\\/05\\\/28\\\/detienen-en-eu-a-migrante-mexicano-que-supuestamente-amenazo-con-disparar-contra-trump\\\/\"},\"wordCount\":309,\"commentCount\":0,\"publisher\":{\"@id\":\"https:\\\/\\\/redamlo.com\\\/#organization\"},\"image\":{\"@id\":\"https:\\\/\\\/redamlo.com\\\/index.php\\\/2025\\\/05\\\/28\\\/detienen-en-eu-a-migrante-mexicano-que-supuestamente-amenazo-con-disparar-contra-trump\\\/#primaryimage\"},\"thumbnailUrl\":\"https:\\\/\\\/redamlo.com\\\/wp-content\\\/uploads\\\/2025\\\/05\\\/migrante-que-amenazo-a-trump.png\",\"keywords\":[\"migrante amenaza a trump\"],\"articleSection\":[\"Internacionales\"],\"inLanguage\":\"es\",\"potentialAction\":[{\"@type\":\"CommentAction\",\"name\":\"Comment\",\"target\":[\"https:\\\/\\\/redamlo.com\\\/index.php\\\/2025\\\/05\\\/28\\\/detienen-en-eu-a-migrante-mexicano-que-supuestamente-amenazo-con-disparar-contra-trump\\\/#respond\"]}]},{\"@type\":\"WebPage\",\"@id\":\"https:\\\/\\\/redamlo.com\\\/index.php\\\/2025\\\/05\\\/28\\\/detienen-en-eu-a-migrante-mexicano-que-supuestamente-amenazo-con-disparar-contra-trump\\\/\",\"url\":\"https:\\\/\\\/redamlo.com\\\/index.php\\\/2025\\\/05\\\/28\\\/detienen-en-eu-a-migrante-mexicano-que-supuestamente-amenazo-con-disparar-contra-trump\\\/\",\"name\":\"Detienen en EU a migrante mexicano que supuestamente amenaz\u00f3 con disparar contra Trump - NOTICIAS DE LA 4T\",\"isPartOf\":{\"@id\":\"https:\\\/\\\/redamlo.com\\\/#website\"},\"primaryImageOfPage\":{\"@id\":\"https:\\\/\\\/redamlo.com\\\/index.php\\\/2025\\\/05\\\/28\\\/detienen-en-eu-a-migrante-mexicano-que-supuestamente-amenazo-con-disparar-contra-trump\\\/#primaryimage\"},\"image\":{\"@id\":\"https:\\\/\\\/redamlo.com\\\/index.php\\\/2025\\\/05\\\/28\\\/detienen-en-eu-a-migrante-mexicano-que-supuestamente-amenazo-con-disparar-contra-trump\\\/#primaryimage\"},\"thumbnailUrl\":\"https:\\\/\\\/redamlo.com\\\/wp-content\\\/uploads\\\/2025\\\/05\\\/migrante-que-amenazo-a-trump.png\",\"datePublished\":\"2025-05-29T01:20:15+00:00\",\"breadcrumb\":{\"@id\":\"https:\\\/\\\/redamlo.com\\\/index.php\\\/2025\\\/05\\\/28\\\/detienen-en-eu-a-migrante-mexicano-que-supuestamente-amenazo-con-disparar-contra-trump\\\/#breadcrumb\"},\"inLanguage\":\"es\",\"potentialAction\":[{\"@type\":\"ReadAction\",\"target\":[\"https:\\\/\\\/redamlo.com\\\/index.php\\\/2025\\\/05\\\/28\\\/detienen-en-eu-a-migrante-mexicano-que-supuestamente-amenazo-con-disparar-contra-trump\\\/\"]}]},{\"@type\":\"ImageObject\",\"inLanguage\":\"es\",\"@id\":\"https:\\\/\\\/redamlo.com\\\/index.php\\\/2025\\\/05\\\/28\\\/detienen-en-eu-a-migrante-mexicano-que-supuestamente-amenazo-con-disparar-contra-trump\\\/#primaryimage\",\"url\":\"https:\\\/\\\/redamlo.com\\\/wp-content\\\/uploads\\\/2025\\\/05\\\/migrante-que-amenazo-a-trump.png\",\"contentUrl\":\"https:\\\/\\\/redamlo.com\\\/wp-content\\\/uploads\\\/2025\\\/05\\\/migrante-que-amenazo-a-trump.png\",\"width\":672,\"height\":487},{\"@type\":\"BreadcrumbList\",\"@id\":\"https:\\\/\\\/redamlo.com\\\/index.php\\\/2025\\\/05\\\/28\\\/detienen-en-eu-a-migrante-mexicano-que-supuestamente-amenazo-con-disparar-contra-trump\\\/#breadcrumb\",\"itemListElement\":[{\"@type\":\"ListItem\",\"position\":1,\"name\":\"Inicio\",\"item\":\"https:\\\/\\\/redamlo.com\\\/\"},{\"@type\":\"ListItem\",\"position\":2,\"name\":\"Detienen en EU a migrante mexicano que supuestamente amenaz\u00f3 con disparar contra Trump\"}]},{\"@type\":\"WebSite\",\"@id\":\"https:\\\/\\\/redamlo.com\\\/#website\",\"url\":\"https:\\\/\\\/redamlo.com\\\/\",\"name\":\"NOTICIAS DE LA 4T\",\"description\":\"\",\"publisher\":{\"@id\":\"https:\\\/\\\/redamlo.com\\\/#organization\"},\"potentialAction\":[{\"@type\":\"SearchAction\",\"target\":{\"@type\":\"EntryPoint\",\"urlTemplate\":\"https:\\\/\\\/redamlo.com\\\/?s={search_term_string}\"},\"query-input\":{\"@type\":\"PropertyValueSpecification\",\"valueRequired\":true,\"valueName\":\"search_term_string\"}}],\"inLanguage\":\"es\"},{\"@type\":\"Organization\",\"@id\":\"https:\\\/\\\/redamlo.com\\\/#organization\",\"name\":\"NOTICIAS DE LA 4T\",\"url\":\"https:\\\/\\\/redamlo.com\\\/\",\"logo\":{\"@type\":\"ImageObject\",\"inLanguage\":\"es\",\"@id\":\"https:\\\/\\\/redamlo.com\\\/#\\\/schema\\\/logo\\\/image\\\/\",\"url\":\"https:\\\/\\\/redamlo.com\\\/wp-content\\\/uploads\\\/2024\\\/08\\\/cropped-RED-AMLO-logo-50.png\",\"contentUrl\":\"https:\\\/\\\/redamlo.com\\\/wp-content\\\/uploads\\\/2024\\\/08\\\/cropped-RED-AMLO-logo-50.png\",\"width\":256,\"height\":256,\"caption\":\"NOTICIAS DE LA 4T\"},\"image\":{\"@id\":\"https:\\\/\\\/redamlo.com\\\/#\\\/schema\\\/logo\\\/image\\\/\"}},{\"@type\":\"Person\",\"@id\":\"https:\\\/\\\/redamlo.com\\\/#\\\/schema\\\/person\\\/197a0a670d21b1f4f1483ddda1b64613\",\"name\":\"admin\",\"image\":{\"@type\":\"ImageObject\",\"inLanguage\":\"es\",\"@id\":\"https:\\\/\\\/secure.gravatar.com\\\/avatar\\\/293dccd927043f2e641da6685c2f84009782eb9ee0054daceada4e261ded849a?s=96&d=mm&r=g\",\"url\":\"https:\\\/\\\/secure.gravatar.com\\\/avatar\\\/293dccd927043f2e641da6685c2f84009782eb9ee0054daceada4e261ded849a?s=96&d=mm&r=g\",\"contentUrl\":\"https:\\\/\\\/secure.gravatar.com\\\/avatar\\\/293dccd927043f2e641da6685c2f84009782eb9ee0054daceada4e261ded849a?s=96&d=mm&r=g\",\"caption\":\"admin\"},\"sameAs\":[\"https:\\\/\\\/redamlo.com\"],\"url\":\"https:\\\/\\\/redamlo.com\\\/index.php\\\/author\\\/stell\\\/\"}]}<\/script>\n<!-- \/ Yoast SEO plugin. -->","yoast_head_json":{"title":"Detienen en EU a migrante mexicano que supuestamente amenaz\u00f3 con disparar contra Trump - NOTICIAS DE LA 4T","robots":{"index":"noindex","follow":"follow","max-snippet":"max-snippet:-1","max-image-preview":"max-image-preview:large","max-video-preview":"max-video-preview:-1"},"og_locale":"es_MX","og_type":"article","og_title":"Detienen en EU a migrante mexicano que supuestamente amenaz\u00f3 con disparar contra Trump - NOTICIAS DE LA 4T","og_description":"Ram\u00f3n Morales Reyes, de 54 a\u00f1os de edad, supuestamente envi\u00f3 una carta a un agente...","og_url":"https:\/\/redamlo.com\/index.php\/2025\/05\/28\/detienen-en-eu-a-migrante-mexicano-que-supuestamente-amenazo-con-disparar-contra-trump\/","og_site_name":"NOTICIAS DE LA 4T","article_published_time":"2025-05-29T01:20:15+00:00","og_image":[{"width":672,"height":487,"url":"https:\/\/redamlo.com\/wp-content\/uploads\/2025\/05\/migrante-que-amenazo-a-trump.png","type":"image\/png"}],"author":"admin","twitter_card":"summary_large_image","twitter_misc":{"Escrito por":"admin","Tiempo de lectura":"1 minuto"},"schema":{"@context":"https:\/\/schema.org","@graph":[{"@type":"Article","@id":"https:\/\/redamlo.com\/index.php\/2025\/05\/28\/detienen-en-eu-a-migrante-mexicano-que-supuestamente-amenazo-con-disparar-contra-trump\/#article","isPartOf":{"@id":"https:\/\/redamlo.com\/index.php\/2025\/05\/28\/detienen-en-eu-a-migrante-mexicano-que-supuestamente-amenazo-con-disparar-contra-trump\/"},"author":{"name":"admin","@id":"https:\/\/redamlo.com\/#\/schema\/person\/197a0a670d21b1f4f1483ddda1b64613"},"headline":"Detienen en EU a migrante mexicano que supuestamente amenaz\u00f3 con disparar contra Trump","datePublished":"2025-05-29T01:20:15+00:00","mainEntityOfPage":{"@id":"https:\/\/redamlo.com\/index.php\/2025\/05\/28\/detienen-en-eu-a-migrante-mexicano-que-supuestamente-amenazo-con-disparar-contra-trump\/"},"wordCount":309,"commentCount":0,"publisher":{"@id":"https:\/\/redamlo.com\/#organization"},"image":{"@id":"https:\/\/redamlo.com\/index.php\/2025\/05\/28\/detienen-en-eu-a-migrante-mexicano-que-supuestamente-amenazo-con-disparar-contra-trump\/#primaryimage"},"thumbnailUrl":"https:\/\/redamlo.com\/wp-content\/uploads\/2025\/05\/migrante-que-amenazo-a-trump.png","keywords":["migrante amenaza a trump"],"articleSection":["Internacionales"],"inLanguage":"es","potentialAction":[{"@type":"CommentAction","name":"Comment","target":["https:\/\/redamlo.com\/index.php\/2025\/05\/28\/detienen-en-eu-a-migrante-mexicano-que-supuestamente-amenazo-con-disparar-contra-trump\/#respond"]}]},{"@type":"WebPage","@id":"https:\/\/redamlo.com\/index.php\/2025\/05\/28\/detienen-en-eu-a-migrante-mexicano-que-supuestamente-amenazo-con-disparar-contra-trump\/","url":"https:\/\/redamlo.com\/index.php\/2025\/05\/28\/detienen-en-eu-a-migrante-mexicano-que-supuestamente-amenazo-con-disparar-contra-trump\/","name":"Detienen en EU a migrante mexicano que supuestamente amenaz\u00f3 con disparar contra Trump - NOTICIAS DE LA 4T","isPartOf":{"@id":"https:\/\/redamlo.com\/#website"},"primaryImageOfPage":{"@id":"https:\/\/redamlo.com\/index.php\/2025\/05\/28\/detienen-en-eu-a-migrante-mexicano-que-supuestamente-amenazo-con-disparar-contra-trump\/#primaryimage"},"image":{"@id":"https:\/\/redamlo.com\/index.php\/2025\/05\/28\/detienen-en-eu-a-migrante-mexicano-que-supuestamente-amenazo-con-disparar-contra-trump\/#primaryimage"},"thumbnailUrl":"https:\/\/redamlo.com\/wp-content\/uploads\/2025\/05\/migrante-que-amenazo-a-trump.png","datePublished":"2025-05-29T01:20:15+00:00","breadcrumb":{"@id":"https:\/\/redamlo.com\/index.php\/2025\/05\/28\/detienen-en-eu-a-migrante-mexicano-que-supuestamente-amenazo-con-disparar-contra-trump\/#breadcrumb"},"inLanguage":"es","potentialAction":[{"@type":"ReadAction","target":["https:\/\/redamlo.com\/index.php\/2025\/05\/28\/detienen-en-eu-a-migrante-mexicano-que-supuestamente-amenazo-con-disparar-contra-trump\/"]}]},{"@type":"ImageObject","inLanguage":"es","@id":"https:\/\/redamlo.com\/index.php\/2025\/05\/28\/detienen-en-eu-a-migrante-mexicano-que-supuestamente-amenazo-con-disparar-contra-trump\/#primaryimage","url":"https:\/\/redamlo.com\/wp-content\/uploads\/2025\/05\/migrante-que-amenazo-a-trump.png","contentUrl":"https:\/\/redamlo.com\/wp-content\/uploads\/2025\/05\/migrante-que-amenazo-a-trump.png","width":672,"height":487},{"@type":"BreadcrumbList","@id":"https:\/\/redamlo.com\/index.php\/2025\/05\/28\/detienen-en-eu-a-migrante-mexicano-que-supuestamente-amenazo-con-disparar-contra-trump\/#breadcrumb","itemListElement":[{"@type":"ListItem","position":1,"name":"Inicio","item":"https:\/\/redamlo.com\/"},{"@type":"ListItem","position":2,"name":"Detienen en EU a migrante mexicano que supuestamente amenaz\u00f3 con disparar contra Trump"}]},{"@type":"WebSite","@id":"https:\/\/redamlo.com\/#website","url":"https:\/\/redamlo.com\/","name":"NOTICIAS DE LA 4T","description":"","publisher":{"@id":"https:\/\/redamlo.com\/#organization"},"potentialAction":[{"@type":"SearchAction","target":{"@type":"EntryPoint","urlTemplate":"https:\/\/redamlo.com\/?s={search_term_string}"},"query-input":{"@type":"PropertyValueSpecification","valueRequired":true,"valueName":"search_term_string"}}],"inLanguage":"es"},{"@type":"Organization","@id":"https:\/\/redamlo.com\/#organization","name":"NOTICIAS DE LA 4T","url":"https:\/\/redamlo.com\/","logo":{"@type":"ImageObject","inLanguage":"es","@id":"https:\/\/redamlo.com\/#\/schema\/logo\/image\/","url":"https:\/\/redamlo.com\/wp-content\/uploads\/2024\/08\/cropped-RED-AMLO-logo-50.png","contentUrl":"https:\/\/redamlo.com\/wp-content\/uploads\/2024\/08\/cropped-RED-AMLO-logo-50.png","width":256,"height":256,"caption":"NOTICIAS DE LA 4T"},"image":{"@id":"https:\/\/redamlo.com\/#\/schema\/logo\/image\/"}},{"@type":"Person","@id":"https:\/\/redamlo.com\/#\/schema\/person\/197a0a670d21b1f4f1483ddda1b64613","name":"admin","image":{"@type":"ImageObject","inLanguage":"es","@id":"https:\/\/secure.gravatar.com\/avatar\/293dccd927043f2e641da6685c2f84009782eb9ee0054daceada4e261ded849a?s=96&d=mm&r=g","url":"https:\/\/secure.gravatar.com\/avatar\/293dccd927043f2e641da6685c2f84009782eb9ee0054daceada4e261ded849a?s=96&d=mm&r=g","contentUrl":"https:\/\/secure.gravatar.com\/avatar\/293dccd927043f2e641da6685c2f84009782eb9ee0054daceada4e261ded849a?s=96&d=mm&r=g","caption":"admin"},"sameAs":["https:\/\/redamlo.com"],"url":"https:\/\/redamlo.com\/index.php\/author\/stell\/"}]}},"_links":{"self":[{"href":"https:\/\/redamlo.com\/index.php\/wp-json\/wp\/v2\/posts\/8761","targetHints":{"allow":["GET"]}}],"collection":[{"href":"https:\/\/redamlo.com\/index.php\/wp-json\/wp\/v2\/posts"}],"about":[{"href":"https:\/\/redamlo.com\/index.php\/wp-json\/wp\/v2\/types\/post"}],"author":[{"embeddable":true,"href":"https:\/\/redamlo.com\/index.php\/wp-json\/wp\/v2\/users\/1"}],"replies":[{"embeddable":true,"href":"https:\/\/redamlo.com\/index.php\/wp-json\/wp\/v2\/comments?post=8761"}],"version-history":[{"count":0,"href":"https:\/\/redamlo.com\/index.php\/wp-json\/wp\/v2\/posts\/8761\/revisions"}],"wp:featuredmedia":[{"embeddable":true,"href":"https:\/\/redamlo.com\/index.php\/wp-json\/wp\/v2\/media\/8762"}],"wp:attachment":[{"href":"https:\/\/redamlo.com\/index.php\/wp-json\/wp\/v2\/media?parent=8761"}],"wp:term":[{"taxonomy":"category","embeddable":true,"href":"https:\/\/redamlo.com\/index.php\/wp-json\/wp\/v2\/categories?post=8761"},{"taxonomy":"post_tag","embeddable":true,"href":"https:\/\/redamlo.com\/index.php\/wp-json\/wp\/v2\/tags?post=8761"}],"curies":[{"name":"wp","href":"https:\/\/api.w.org\/{rel}","templated":true}]}}