{"id":8722,"date":"2025-05-24T21:04:11","date_gmt":"2025-05-25T02:04:11","guid":{"rendered":"https:\/\/redamlo.com\/?p=8722"},"modified":"2025-05-24T21:04:11","modified_gmt":"2025-05-25T02:04:11","slug":"donald-trump-impondra-aranceles-del-25-a-apple-y-samsung","status":"publish","type":"post","link":"https:\/\/redamlo.com\/index.php\/2025\/05\/24\/donald-trump-impondra-aranceles-del-25-a-apple-y-samsung\/","title":{"rendered":"Donald Trump impondr\u00e1 aranceles del 25% a Apple y Samsung"},"content":{"rendered":"<p>El presidente de Estados Unidos, Donald Trump, dijo este viernes que el arancel del 25% que dice que impondr\u00e1 a Apple tambi\u00e9n se aplicar\u00e1 a Samsung y a otros fabricantes de tel\u00e9fonos inteligentes.<\/p>\n<p>El presidente de Estados Unidos,\u00a0<b>Donald Trump<\/b>, dijo este viernes que el arancel del 25% que dice que impondr\u00e1 a\u00a0<b>Apple<\/b>\u00a0tambi\u00e9n se aplicar\u00e1 a\u00a0<b>Samsung<\/b>\u00a0y a otros fabricantes de tel\u00e9fonos inteligentes.<\/p>\n<p>&#8220;Tambi\u00e9n afectar\u00eda a Samsung y a cualquiera que fabrique ese producto; de lo contrario, no ser\u00eda justo&#8221;, dijo Trump, a\u00f1adi\u00f3 que los nuevos aranceles entrar\u00edan en vigor a finales de junio.<\/p>\n<p>Trump, en declaraciones a los periodistas en el\u00a0Despacho Oval, tambi\u00e9n declar\u00f3 que le parec\u00eda bien\u00a0dejar en vigor un arancel del 50% a la Uni\u00f3n Europea\u00a0en ausencia de un acuerdo comercial.<\/p>\n<blockquote><p>&#8220;Hace tiempo inform\u00e9 a Tim Cook (presidente) de Apple que espero que sus iPhones que se vendan en Estados Unidos sean fabricados en Estados Unidos, no en India ni en otros lugares. Si no es el caso, Apple deber\u00e1 pagar un arancel de al menos 25%&#8221;, amenaz\u00f3 Trump m\u00e1s temprano este viernes en su red Truth Social.&#8221;<\/p><\/blockquote>\n<p>Durante su\u00a0viaje a Catar\u00a0la semana pasada, el presidente estadounidense afirm\u00f3 haberle dicho a Cook: &#8220;Lo hemos tratado muy bien. Hemos aceptado todas las f\u00e1bricas que ha construido en China a lo largo de los a\u00f1os&#8221;.<\/p>\n<blockquote>\n<p class=\"c-detail__cite\"><cite class=\"c-detail__cite__title\">&#8220;No nos interesa que los fabrique en India. India puede valerse por s\u00ed misma, le va muy bien&#8221;, dijo durante la segunda etapa de su gira por el Golfo. &#8220;Queremos que los fabrique aqu\u00ed (en Estados Unidos)&#8221;.<\/cite><\/p>\n<\/blockquote>\n<p>Seg\u00fan el sitio web de noticias Politico, Cook visit\u00f3 la Casa Blanca el martes.<\/p>\n<p>Apple lleva mucho tiempo ensamblando la gran mayor\u00eda de sus iPhones en China, en f\u00e1bricas operadas por sus dos principales subcontratistas, las taiwanesas\u00a0<b>Foxconn<\/b>\u00a0y\u00a0<b>Pegatron<\/b>.<\/p>\n<p>Fuente: El Economista.<\/p>\n","protected":false},"excerpt":{"rendered":"<p>El presidente de Estados Unidos, Donald Trump, dijo este viernes que el arancel del 25%&#8230;<\/p>\n","protected":false},"author":1,"featured_media":8723,"comment_status":"open","ping_status":"closed","sticky":false,"template":"","format":"standard","meta":{"footnotes":""},"categories":[13],"tags":[2879,2838,2823,2880,2017],"class_list":["post-8722","post","type-post","status-publish","format-standard","has-post-thumbnail","hentry","category-internacionales","tag-apple","tag-aranceles","tag-eu","tag-samsung","tag-trump"],"yoast_head":"<!-- This site is optimized with the Yoast SEO plugin v27.5 - https:\/\/yoast.com\/product\/yoast-seo-wordpress\/ -->\n<title>Donald Trump impondr\u00e1 aranceles del 25% a Apple y Samsung - NOTICIAS DE LA 4T<\/title>\n<meta name=\"robots\" content=\"noindex, follow, max-snippet:-1, max-image-preview:large, max-video-preview:-1\" \/>\n<meta property=\"og:locale\" content=\"es_MX\" \/>\n<meta property=\"og:type\" content=\"article\" \/>\n<meta property=\"og:title\" content=\"Donald Trump impondr\u00e1 aranceles del 25% a Apple y Samsung - NOTICIAS DE LA 4T\" \/>\n<meta property=\"og:description\" content=\"El presidente de Estados Unidos, Donald Trump, dijo este viernes que el arancel del 25%...\" \/>\n<meta property=\"og:url\" content=\"https:\/\/redamlo.com\/index.php\/2025\/05\/24\/donald-trump-impondra-aranceles-del-25-a-apple-y-samsung\/\" \/>\n<meta property=\"og:site_name\" content=\"NOTICIAS DE LA 4T\" \/>\n<meta property=\"article:published_time\" content=\"2025-05-25T02:04:11+00:00\" \/>\n<meta property=\"og:image\" content=\"https:\/\/redamlo.com\/wp-content\/uploads\/2025\/05\/apple.png\" \/>\n\t<meta property=\"og:image:width\" content=\"927\" \/>\n\t<meta property=\"og:image:height\" content=\"439\" \/>\n\t<meta property=\"og:image:type\" content=\"image\/png\" \/>\n<meta name=\"author\" content=\"admin\" \/>\n<meta name=\"twitter:card\" content=\"summary_large_image\" \/>\n<meta name=\"twitter:label1\" content=\"Escrito por\" \/>\n\t<meta name=\"twitter:data1\" content=\"admin\" \/>\n\t<meta name=\"twitter:label2\" content=\"Tiempo de lectura\" \/>\n\t<meta name=\"twitter:data2\" content=\"2 minutos\" \/>\n<script type=\"application\/ld+json\" class=\"yoast-schema-graph\">{\"@context\":\"https:\\\/\\\/schema.org\",\"@graph\":[{\"@type\":\"Article\",\"@id\":\"https:\\\/\\\/redamlo.com\\\/index.php\\\/2025\\\/05\\\/24\\\/donald-trump-impondra-aranceles-del-25-a-apple-y-samsung\\\/#article\",\"isPartOf\":{\"@id\":\"https:\\\/\\\/redamlo.com\\\/index.php\\\/2025\\\/05\\\/24\\\/donald-trump-impondra-aranceles-del-25-a-apple-y-samsung\\\/\"},\"author\":{\"name\":\"admin\",\"@id\":\"https:\\\/\\\/redamlo.com\\\/#\\\/schema\\\/person\\\/197a0a670d21b1f4f1483ddda1b64613\"},\"headline\":\"Donald Trump impondr\u00e1 aranceles del 25% a Apple y Samsung\",\"datePublished\":\"2025-05-25T02:04:11+00:00\",\"mainEntityOfPage\":{\"@id\":\"https:\\\/\\\/redamlo.com\\\/index.php\\\/2025\\\/05\\\/24\\\/donald-trump-impondra-aranceles-del-25-a-apple-y-samsung\\\/\"},\"wordCount\":327,\"commentCount\":0,\"publisher\":{\"@id\":\"https:\\\/\\\/redamlo.com\\\/#organization\"},\"image\":{\"@id\":\"https:\\\/\\\/redamlo.com\\\/index.php\\\/2025\\\/05\\\/24\\\/donald-trump-impondra-aranceles-del-25-a-apple-y-samsung\\\/#primaryimage\"},\"thumbnailUrl\":\"https:\\\/\\\/redamlo.com\\\/wp-content\\\/uploads\\\/2025\\\/05\\\/apple.png\",\"keywords\":[\"Apple\",\"aranceles\",\"EU\",\"samsung\",\"Trump\"],\"articleSection\":[\"Internacionales\"],\"inLanguage\":\"es\",\"potentialAction\":[{\"@type\":\"CommentAction\",\"name\":\"Comment\",\"target\":[\"https:\\\/\\\/redamlo.com\\\/index.php\\\/2025\\\/05\\\/24\\\/donald-trump-impondra-aranceles-del-25-a-apple-y-samsung\\\/#respond\"]}]},{\"@type\":\"WebPage\",\"@id\":\"https:\\\/\\\/redamlo.com\\\/index.php\\\/2025\\\/05\\\/24\\\/donald-trump-impondra-aranceles-del-25-a-apple-y-samsung\\\/\",\"url\":\"https:\\\/\\\/redamlo.com\\\/index.php\\\/2025\\\/05\\\/24\\\/donald-trump-impondra-aranceles-del-25-a-apple-y-samsung\\\/\",\"name\":\"Donald Trump impondr\u00e1 aranceles del 25% a Apple y Samsung - NOTICIAS DE LA 4T\",\"isPartOf\":{\"@id\":\"https:\\\/\\\/redamlo.com\\\/#website\"},\"primaryImageOfPage\":{\"@id\":\"https:\\\/\\\/redamlo.com\\\/index.php\\\/2025\\\/05\\\/24\\\/donald-trump-impondra-aranceles-del-25-a-apple-y-samsung\\\/#primaryimage\"},\"image\":{\"@id\":\"https:\\\/\\\/redamlo.com\\\/index.php\\\/2025\\\/05\\\/24\\\/donald-trump-impondra-aranceles-del-25-a-apple-y-samsung\\\/#primaryimage\"},\"thumbnailUrl\":\"https:\\\/\\\/redamlo.com\\\/wp-content\\\/uploads\\\/2025\\\/05\\\/apple.png\",\"datePublished\":\"2025-05-25T02:04:11+00:00\",\"breadcrumb\":{\"@id\":\"https:\\\/\\\/redamlo.com\\\/index.php\\\/2025\\\/05\\\/24\\\/donald-trump-impondra-aranceles-del-25-a-apple-y-samsung\\\/#breadcrumb\"},\"inLanguage\":\"es\",\"potentialAction\":[{\"@type\":\"ReadAction\",\"target\":[\"https:\\\/\\\/redamlo.com\\\/index.php\\\/2025\\\/05\\\/24\\\/donald-trump-impondra-aranceles-del-25-a-apple-y-samsung\\\/\"]}]},{\"@type\":\"ImageObject\",\"inLanguage\":\"es\",\"@id\":\"https:\\\/\\\/redamlo.com\\\/index.php\\\/2025\\\/05\\\/24\\\/donald-trump-impondra-aranceles-del-25-a-apple-y-samsung\\\/#primaryimage\",\"url\":\"https:\\\/\\\/redamlo.com\\\/wp-content\\\/uploads\\\/2025\\\/05\\\/apple.png\",\"contentUrl\":\"https:\\\/\\\/redamlo.com\\\/wp-content\\\/uploads\\\/2025\\\/05\\\/apple.png\",\"width\":927,\"height\":439},{\"@type\":\"BreadcrumbList\",\"@id\":\"https:\\\/\\\/redamlo.com\\\/index.php\\\/2025\\\/05\\\/24\\\/donald-trump-impondra-aranceles-del-25-a-apple-y-samsung\\\/#breadcrumb\",\"itemListElement\":[{\"@type\":\"ListItem\",\"position\":1,\"name\":\"Inicio\",\"item\":\"https:\\\/\\\/redamlo.com\\\/\"},{\"@type\":\"ListItem\",\"position\":2,\"name\":\"Donald Trump impondr\u00e1 aranceles del 25% a Apple y Samsung\"}]},{\"@type\":\"WebSite\",\"@id\":\"https:\\\/\\\/redamlo.com\\\/#website\",\"url\":\"https:\\\/\\\/redamlo.com\\\/\",\"name\":\"NOTICIAS DE LA 4T\",\"description\":\"\",\"publisher\":{\"@id\":\"https:\\\/\\\/redamlo.com\\\/#organization\"},\"potentialAction\":[{\"@type\":\"SearchAction\",\"target\":{\"@type\":\"EntryPoint\",\"urlTemplate\":\"https:\\\/\\\/redamlo.com\\\/?s={search_term_string}\"},\"query-input\":{\"@type\":\"PropertyValueSpecification\",\"valueRequired\":true,\"valueName\":\"search_term_string\"}}],\"inLanguage\":\"es\"},{\"@type\":\"Organization\",\"@id\":\"https:\\\/\\\/redamlo.com\\\/#organization\",\"name\":\"NOTICIAS DE LA 4T\",\"url\":\"https:\\\/\\\/redamlo.com\\\/\",\"logo\":{\"@type\":\"ImageObject\",\"inLanguage\":\"es\",\"@id\":\"https:\\\/\\\/redamlo.com\\\/#\\\/schema\\\/logo\\\/image\\\/\",\"url\":\"https:\\\/\\\/redamlo.com\\\/wp-content\\\/uploads\\\/2024\\\/08\\\/cropped-RED-AMLO-logo-50.png\",\"contentUrl\":\"https:\\\/\\\/redamlo.com\\\/wp-content\\\/uploads\\\/2024\\\/08\\\/cropped-RED-AMLO-logo-50.png\",\"width\":256,\"height\":256,\"caption\":\"NOTICIAS DE LA 4T\"},\"image\":{\"@id\":\"https:\\\/\\\/redamlo.com\\\/#\\\/schema\\\/logo\\\/image\\\/\"}},{\"@type\":\"Person\",\"@id\":\"https:\\\/\\\/redamlo.com\\\/#\\\/schema\\\/person\\\/197a0a670d21b1f4f1483ddda1b64613\",\"name\":\"admin\",\"image\":{\"@type\":\"ImageObject\",\"inLanguage\":\"es\",\"@id\":\"https:\\\/\\\/secure.gravatar.com\\\/avatar\\\/293dccd927043f2e641da6685c2f84009782eb9ee0054daceada4e261ded849a?s=96&d=mm&r=g\",\"url\":\"https:\\\/\\\/secure.gravatar.com\\\/avatar\\\/293dccd927043f2e641da6685c2f84009782eb9ee0054daceada4e261ded849a?s=96&d=mm&r=g\",\"contentUrl\":\"https:\\\/\\\/secure.gravatar.com\\\/avatar\\\/293dccd927043f2e641da6685c2f84009782eb9ee0054daceada4e261ded849a?s=96&d=mm&r=g\",\"caption\":\"admin\"},\"sameAs\":[\"https:\\\/\\\/redamlo.com\"],\"url\":\"https:\\\/\\\/redamlo.com\\\/index.php\\\/author\\\/stell\\\/\"}]}<\/script>\n<!-- \/ Yoast SEO plugin. -->","yoast_head_json":{"title":"Donald Trump impondr\u00e1 aranceles del 25% a Apple y Samsung - NOTICIAS DE LA 4T","robots":{"index":"noindex","follow":"follow","max-snippet":"max-snippet:-1","max-image-preview":"max-image-preview:large","max-video-preview":"max-video-preview:-1"},"og_locale":"es_MX","og_type":"article","og_title":"Donald Trump impondr\u00e1 aranceles del 25% a Apple y Samsung - NOTICIAS DE LA 4T","og_description":"El presidente de Estados Unidos, Donald Trump, dijo este viernes que el arancel del 25%...","og_url":"https:\/\/redamlo.com\/index.php\/2025\/05\/24\/donald-trump-impondra-aranceles-del-25-a-apple-y-samsung\/","og_site_name":"NOTICIAS DE LA 4T","article_published_time":"2025-05-25T02:04:11+00:00","og_image":[{"width":927,"height":439,"url":"https:\/\/redamlo.com\/wp-content\/uploads\/2025\/05\/apple.png","type":"image\/png"}],"author":"admin","twitter_card":"summary_large_image","twitter_misc":{"Escrito por":"admin","Tiempo de lectura":"2 minutos"},"schema":{"@context":"https:\/\/schema.org","@graph":[{"@type":"Article","@id":"https:\/\/redamlo.com\/index.php\/2025\/05\/24\/donald-trump-impondra-aranceles-del-25-a-apple-y-samsung\/#article","isPartOf":{"@id":"https:\/\/redamlo.com\/index.php\/2025\/05\/24\/donald-trump-impondra-aranceles-del-25-a-apple-y-samsung\/"},"author":{"name":"admin","@id":"https:\/\/redamlo.com\/#\/schema\/person\/197a0a670d21b1f4f1483ddda1b64613"},"headline":"Donald Trump impondr\u00e1 aranceles del 25% a Apple y Samsung","datePublished":"2025-05-25T02:04:11+00:00","mainEntityOfPage":{"@id":"https:\/\/redamlo.com\/index.php\/2025\/05\/24\/donald-trump-impondra-aranceles-del-25-a-apple-y-samsung\/"},"wordCount":327,"commentCount":0,"publisher":{"@id":"https:\/\/redamlo.com\/#organization"},"image":{"@id":"https:\/\/redamlo.com\/index.php\/2025\/05\/24\/donald-trump-impondra-aranceles-del-25-a-apple-y-samsung\/#primaryimage"},"thumbnailUrl":"https:\/\/redamlo.com\/wp-content\/uploads\/2025\/05\/apple.png","keywords":["Apple","aranceles","EU","samsung","Trump"],"articleSection":["Internacionales"],"inLanguage":"es","potentialAction":[{"@type":"CommentAction","name":"Comment","target":["https:\/\/redamlo.com\/index.php\/2025\/05\/24\/donald-trump-impondra-aranceles-del-25-a-apple-y-samsung\/#respond"]}]},{"@type":"WebPage","@id":"https:\/\/redamlo.com\/index.php\/2025\/05\/24\/donald-trump-impondra-aranceles-del-25-a-apple-y-samsung\/","url":"https:\/\/redamlo.com\/index.php\/2025\/05\/24\/donald-trump-impondra-aranceles-del-25-a-apple-y-samsung\/","name":"Donald Trump impondr\u00e1 aranceles del 25% a Apple y Samsung - NOTICIAS DE LA 4T","isPartOf":{"@id":"https:\/\/redamlo.com\/#website"},"primaryImageOfPage":{"@id":"https:\/\/redamlo.com\/index.php\/2025\/05\/24\/donald-trump-impondra-aranceles-del-25-a-apple-y-samsung\/#primaryimage"},"image":{"@id":"https:\/\/redamlo.com\/index.php\/2025\/05\/24\/donald-trump-impondra-aranceles-del-25-a-apple-y-samsung\/#primaryimage"},"thumbnailUrl":"https:\/\/redamlo.com\/wp-content\/uploads\/2025\/05\/apple.png","datePublished":"2025-05-25T02:04:11+00:00","breadcrumb":{"@id":"https:\/\/redamlo.com\/index.php\/2025\/05\/24\/donald-trump-impondra-aranceles-del-25-a-apple-y-samsung\/#breadcrumb"},"inLanguage":"es","potentialAction":[{"@type":"ReadAction","target":["https:\/\/redamlo.com\/index.php\/2025\/05\/24\/donald-trump-impondra-aranceles-del-25-a-apple-y-samsung\/"]}]},{"@type":"ImageObject","inLanguage":"es","@id":"https:\/\/redamlo.com\/index.php\/2025\/05\/24\/donald-trump-impondra-aranceles-del-25-a-apple-y-samsung\/#primaryimage","url":"https:\/\/redamlo.com\/wp-content\/uploads\/2025\/05\/apple.png","contentUrl":"https:\/\/redamlo.com\/wp-content\/uploads\/2025\/05\/apple.png","width":927,"height":439},{"@type":"BreadcrumbList","@id":"https:\/\/redamlo.com\/index.php\/2025\/05\/24\/donald-trump-impondra-aranceles-del-25-a-apple-y-samsung\/#breadcrumb","itemListElement":[{"@type":"ListItem","position":1,"name":"Inicio","item":"https:\/\/redamlo.com\/"},{"@type":"ListItem","position":2,"name":"Donald Trump impondr\u00e1 aranceles del 25% a Apple y Samsung"}]},{"@type":"WebSite","@id":"https:\/\/redamlo.com\/#website","url":"https:\/\/redamlo.com\/","name":"NOTICIAS DE LA 4T","description":"","publisher":{"@id":"https:\/\/redamlo.com\/#organization"},"potentialAction":[{"@type":"SearchAction","target":{"@type":"EntryPoint","urlTemplate":"https:\/\/redamlo.com\/?s={search_term_string}"},"query-input":{"@type":"PropertyValueSpecification","valueRequired":true,"valueName":"search_term_string"}}],"inLanguage":"es"},{"@type":"Organization","@id":"https:\/\/redamlo.com\/#organization","name":"NOTICIAS DE LA 4T","url":"https:\/\/redamlo.com\/","logo":{"@type":"ImageObject","inLanguage":"es","@id":"https:\/\/redamlo.com\/#\/schema\/logo\/image\/","url":"https:\/\/redamlo.com\/wp-content\/uploads\/2024\/08\/cropped-RED-AMLO-logo-50.png","contentUrl":"https:\/\/redamlo.com\/wp-content\/uploads\/2024\/08\/cropped-RED-AMLO-logo-50.png","width":256,"height":256,"caption":"NOTICIAS DE LA 4T"},"image":{"@id":"https:\/\/redamlo.com\/#\/schema\/logo\/image\/"}},{"@type":"Person","@id":"https:\/\/redamlo.com\/#\/schema\/person\/197a0a670d21b1f4f1483ddda1b64613","name":"admin","image":{"@type":"ImageObject","inLanguage":"es","@id":"https:\/\/secure.gravatar.com\/avatar\/293dccd927043f2e641da6685c2f84009782eb9ee0054daceada4e261ded849a?s=96&d=mm&r=g","url":"https:\/\/secure.gravatar.com\/avatar\/293dccd927043f2e641da6685c2f84009782eb9ee0054daceada4e261ded849a?s=96&d=mm&r=g","contentUrl":"https:\/\/secure.gravatar.com\/avatar\/293dccd927043f2e641da6685c2f84009782eb9ee0054daceada4e261ded849a?s=96&d=mm&r=g","caption":"admin"},"sameAs":["https:\/\/redamlo.com"],"url":"https:\/\/redamlo.com\/index.php\/author\/stell\/"}]}},"_links":{"self":[{"href":"https:\/\/redamlo.com\/index.php\/wp-json\/wp\/v2\/posts\/8722","targetHints":{"allow":["GET"]}}],"collection":[{"href":"https:\/\/redamlo.com\/index.php\/wp-json\/wp\/v2\/posts"}],"about":[{"href":"https:\/\/redamlo.com\/index.php\/wp-json\/wp\/v2\/types\/post"}],"author":[{"embeddable":true,"href":"https:\/\/redamlo.com\/index.php\/wp-json\/wp\/v2\/users\/1"}],"replies":[{"embeddable":true,"href":"https:\/\/redamlo.com\/index.php\/wp-json\/wp\/v2\/comments?post=8722"}],"version-history":[{"count":0,"href":"https:\/\/redamlo.com\/index.php\/wp-json\/wp\/v2\/posts\/8722\/revisions"}],"wp:featuredmedia":[{"embeddable":true,"href":"https:\/\/redamlo.com\/index.php\/wp-json\/wp\/v2\/media\/8723"}],"wp:attachment":[{"href":"https:\/\/redamlo.com\/index.php\/wp-json\/wp\/v2\/media?parent=8722"}],"wp:term":[{"taxonomy":"category","embeddable":true,"href":"https:\/\/redamlo.com\/index.php\/wp-json\/wp\/v2\/categories?post=8722"},{"taxonomy":"post_tag","embeddable":true,"href":"https:\/\/redamlo.com\/index.php\/wp-json\/wp\/v2\/tags?post=8722"}],"curies":[{"name":"wp","href":"https:\/\/api.w.org\/{rel}","templated":true}]}}