{"id":8719,"date":"2025-05-23T16:33:27","date_gmt":"2025-05-23T21:33:27","guid":{"rendered":"https:\/\/redamlo.com\/?p=8719"},"modified":"2025-05-23T16:33:27","modified_gmt":"2025-05-23T21:33:27","slug":"maestros-seran-recibidos-por-segob-y-sep-sheinbaum","status":"publish","type":"post","link":"https:\/\/redamlo.com\/index.php\/2025\/05\/23\/maestros-seran-recibidos-por-segob-y-sep-sheinbaum\/","title":{"rendered":"&#8220;Maestros ser\u00e1n recibidos por SEGOB y SEP&#8221;: Sheinbaum"},"content":{"rendered":"<h2 class=\"teaser\">Sheinbaum dijo que conf\u00eda en sus secretarios, por lo que los maestros de la CNTE ser\u00e1n recibidos por la Segob y SEP.<\/h2>\n<p>La presidenta\u00a0<strong>Claudia Sheinbaum<\/strong>\u00a0rechaz\u00f3 reunirse con los maestros de la\u00a0<strong>Coordinadora Nacional de Trabajadores de la Educaci\u00f3n (CNTE)<\/strong>\u00a0luego de los bloqueos que han realizado esta semana y el enfrentamiento que tuvieron con reporteros en su intento de boicotear su conferencia, pese a que ya ten\u00edan pactado el encuentro.<\/p>\n<blockquote><p>&#8220;Esa reuni\u00f3n estaba acordada desde hace d\u00edas, no tendr\u00edan por qu\u00e9 haber golpeado reporteros, afectado como afectaron a muchos ciudadanos de la ciudad\u201d, dijo la presidenta al argumentar por qu\u00e9 no recibir\u00eda este viernes a los maestros.&#8221;<\/p><\/blockquote>\n<p>Sheinbaum asegur\u00f3 que est\u00e1n a favor de la\u00a0<strong>libertad de manifestaci\u00f3n<\/strong>, pero de manera pac\u00edfica, y cuestion\u00f3 que los integrantes de la CNTE hayan realizado todas estas actividades, con m\u00faltiples bloqueos que ayer afectaron a cientos de habitantes de la Ciudad de M\u00e9xico, cuando ya estaba acordado que hoy tendr\u00edan una reuni\u00f3n.<\/p>\n<blockquote><p>&#8220;\u00bfPara qu\u00e9 hacen todo eso si ellos sab\u00edan que se iban a reunir conmigo el viernes? Entonces hay cosas que no est\u00e1n bien, el di\u00e1logo est\u00e1 abierto al nivel m\u00e1s alto porque es la secretaria de Gobernaci\u00f3n, el secretario de Educaci\u00f3n, los que los van a recibir, pero en estas condiciones me parece que para qu\u00e9 se re\u00fanen conmigo, yo conf\u00edo plenamente en los secretarios&#8221;, dijo.<\/p><\/blockquote>\n<p>La mandataria\u00a0<strong>definitivamente descart\u00f3 una reuni\u00f3n\u00a0<\/strong>en el futuro con los maestros con todas estas acciones, pero aclar\u00f3 que el di\u00e1logo se mantiene y ser\u00e1 permanente ya que ser\u00e1n la secretaria de Gobernaci\u00f3n, Rosa Icela Rodr\u00edguez, y el secretario de Educaci\u00f3n P\u00fablica, Mario Delgado, quienes se reunir\u00e1n y dialogar\u00e1n con ellos para llegar a un acuerdo y aclar\u00f3 que en lo que tiene que ver al salario ya se dio un incremento y todo depende de los recursos que se tengan en el gobierno.<\/p>\n<h2>CNTE cumple una semana de plant\u00f3n en la CDMX<\/h2>\n<p>Los integrantes de la CNTE, procedentes de diversos estados del pa\u00eds, se movilizaron hacia la Ciudad de M\u00e9xico e instalaron un plant\u00f3n en la plancha de Z\u00f3calo desde el pasado 15 de mayo, D\u00eda del Maestro, a fin de presionar al gobierno federal para que d\u00e9 respuesta a sus demandas.<\/p>\n<p>Desde entonces, los maestros han emprendido una serie de acciones como el bloqueo de vialidades principales como Insurgentes y Reforma, adem\u00e1s de haber\u00a0<a href=\"https:\/\/www.excelsior.com.mx\/comunidad\/maestros-toman-casetas-cdmx-hoy-19-mayo-2025\/1716707\" target=\"_blank\" rel=\"noopener\"><strong>tomado casetas de autopistas<\/strong><\/a>\u00a0como la M\u00e9xico-Cuernavaca, M\u00e9xico-Quer\u00e9taro y M\u00e9xico-Puebla y diversas movilizaciones que este viernes incluyen el AICM.<\/p>\n<p>La presidenta Sheinbaum asegur\u00f3 que\u00a0<strong>no caer\u00edan en ninguna provocaci\u00f3n<\/strong>\u00a0y reiter\u00f3 que el di\u00e1logo permanecer\u00e1 abierto con los maestros a fin de poder alcanzar un acuerdo con ellos y terminar con el plant\u00f3n y las afectaciones.<\/p>\n<p>Los maestros de la CNTE exigen:<\/p>\n<ul>\n<li>Abrogaci\u00f3n de la ley del Issste de 2007.<\/li>\n<li>Eliminaci\u00f3n de la reforma educativa.<\/li>\n<li>Incremento directo al salario del 100%.<\/li>\n<\/ul>\n<p>Fuente: Excelsior.<\/p>\n","protected":false},"excerpt":{"rendered":"<p>Sheinbaum dijo que conf\u00eda en sus secretarios, por lo que los maestros de la CNTE&#8230;<\/p>\n","protected":false},"author":1,"featured_media":8720,"comment_status":"open","ping_status":"closed","sticky":false,"template":"","format":"standard","meta":{"footnotes":""},"categories":[28,27],"tags":[2878,277,172,279,2470],"class_list":["post-8719","post","type-post","status-publish","format-standard","has-post-thumbnail","hentry","category-educacion","category-presidencia","tag-cente","tag-maestros","tag-segob","tag-sep","tag-sheinbaum"],"yoast_head":"<!-- This site is optimized with the Yoast SEO plugin v27.5 - https:\/\/yoast.com\/product\/yoast-seo-wordpress\/ -->\n<title>&quot;Maestros ser\u00e1n recibidos por SEGOB y SEP&quot;: Sheinbaum - NOTICIAS DE LA 4T<\/title>\n<meta name=\"robots\" content=\"noindex, follow, max-snippet:-1, max-image-preview:large, max-video-preview:-1\" \/>\n<meta property=\"og:locale\" content=\"es_MX\" \/>\n<meta property=\"og:type\" content=\"article\" \/>\n<meta property=\"og:title\" content=\"&quot;Maestros ser\u00e1n recibidos por SEGOB y SEP&quot;: Sheinbaum - NOTICIAS DE LA 4T\" \/>\n<meta property=\"og:description\" content=\"Sheinbaum dijo que conf\u00eda en sus secretarios, por lo que los maestros de la CNTE...\" \/>\n<meta property=\"og:url\" content=\"https:\/\/redamlo.com\/index.php\/2025\/05\/23\/maestros-seran-recibidos-por-segob-y-sep-sheinbaum\/\" \/>\n<meta property=\"og:site_name\" content=\"NOTICIAS DE LA 4T\" \/>\n<meta property=\"article:published_time\" content=\"2025-05-23T21:33:27+00:00\" \/>\n<meta property=\"og:image\" content=\"https:\/\/redamlo.com\/wp-content\/uploads\/2025\/05\/sheinbaum-23-mayo.png\" \/>\n\t<meta property=\"og:image:width\" content=\"576\" \/>\n\t<meta property=\"og:image:height\" content=\"419\" \/>\n\t<meta property=\"og:image:type\" content=\"image\/png\" \/>\n<meta name=\"author\" content=\"admin\" \/>\n<meta name=\"twitter:card\" content=\"summary_large_image\" \/>\n<meta name=\"twitter:label1\" content=\"Escrito por\" \/>\n\t<meta name=\"twitter:data1\" content=\"admin\" \/>\n\t<meta name=\"twitter:label2\" content=\"Tiempo de lectura\" \/>\n\t<meta name=\"twitter:data2\" content=\"3 minutos\" \/>\n<script type=\"application\/ld+json\" class=\"yoast-schema-graph\">{\"@context\":\"https:\\\/\\\/schema.org\",\"@graph\":[{\"@type\":\"Article\",\"@id\":\"https:\\\/\\\/redamlo.com\\\/index.php\\\/2025\\\/05\\\/23\\\/maestros-seran-recibidos-por-segob-y-sep-sheinbaum\\\/#article\",\"isPartOf\":{\"@id\":\"https:\\\/\\\/redamlo.com\\\/index.php\\\/2025\\\/05\\\/23\\\/maestros-seran-recibidos-por-segob-y-sep-sheinbaum\\\/\"},\"author\":{\"name\":\"admin\",\"@id\":\"https:\\\/\\\/redamlo.com\\\/#\\\/schema\\\/person\\\/197a0a670d21b1f4f1483ddda1b64613\"},\"headline\":\"&#8220;Maestros ser\u00e1n recibidos por SEGOB y SEP&#8221;: Sheinbaum\",\"datePublished\":\"2025-05-23T21:33:27+00:00\",\"mainEntityOfPage\":{\"@id\":\"https:\\\/\\\/redamlo.com\\\/index.php\\\/2025\\\/05\\\/23\\\/maestros-seran-recibidos-por-segob-y-sep-sheinbaum\\\/\"},\"wordCount\":531,\"commentCount\":0,\"publisher\":{\"@id\":\"https:\\\/\\\/redamlo.com\\\/#organization\"},\"image\":{\"@id\":\"https:\\\/\\\/redamlo.com\\\/index.php\\\/2025\\\/05\\\/23\\\/maestros-seran-recibidos-por-segob-y-sep-sheinbaum\\\/#primaryimage\"},\"thumbnailUrl\":\"https:\\\/\\\/redamlo.com\\\/wp-content\\\/uploads\\\/2025\\\/05\\\/sheinbaum-23-mayo.png\",\"keywords\":[\"cente\",\"maestros\",\"Segob\",\"SEP\",\"Sheinbaum\"],\"articleSection\":[\"Educaci\u00f3n\",\"Presidencia\"],\"inLanguage\":\"es\",\"potentialAction\":[{\"@type\":\"CommentAction\",\"name\":\"Comment\",\"target\":[\"https:\\\/\\\/redamlo.com\\\/index.php\\\/2025\\\/05\\\/23\\\/maestros-seran-recibidos-por-segob-y-sep-sheinbaum\\\/#respond\"]}]},{\"@type\":\"WebPage\",\"@id\":\"https:\\\/\\\/redamlo.com\\\/index.php\\\/2025\\\/05\\\/23\\\/maestros-seran-recibidos-por-segob-y-sep-sheinbaum\\\/\",\"url\":\"https:\\\/\\\/redamlo.com\\\/index.php\\\/2025\\\/05\\\/23\\\/maestros-seran-recibidos-por-segob-y-sep-sheinbaum\\\/\",\"name\":\"\\\"Maestros ser\u00e1n recibidos por SEGOB y SEP\\\": Sheinbaum - NOTICIAS DE LA 4T\",\"isPartOf\":{\"@id\":\"https:\\\/\\\/redamlo.com\\\/#website\"},\"primaryImageOfPage\":{\"@id\":\"https:\\\/\\\/redamlo.com\\\/index.php\\\/2025\\\/05\\\/23\\\/maestros-seran-recibidos-por-segob-y-sep-sheinbaum\\\/#primaryimage\"},\"image\":{\"@id\":\"https:\\\/\\\/redamlo.com\\\/index.php\\\/2025\\\/05\\\/23\\\/maestros-seran-recibidos-por-segob-y-sep-sheinbaum\\\/#primaryimage\"},\"thumbnailUrl\":\"https:\\\/\\\/redamlo.com\\\/wp-content\\\/uploads\\\/2025\\\/05\\\/sheinbaum-23-mayo.png\",\"datePublished\":\"2025-05-23T21:33:27+00:00\",\"breadcrumb\":{\"@id\":\"https:\\\/\\\/redamlo.com\\\/index.php\\\/2025\\\/05\\\/23\\\/maestros-seran-recibidos-por-segob-y-sep-sheinbaum\\\/#breadcrumb\"},\"inLanguage\":\"es\",\"potentialAction\":[{\"@type\":\"ReadAction\",\"target\":[\"https:\\\/\\\/redamlo.com\\\/index.php\\\/2025\\\/05\\\/23\\\/maestros-seran-recibidos-por-segob-y-sep-sheinbaum\\\/\"]}]},{\"@type\":\"ImageObject\",\"inLanguage\":\"es\",\"@id\":\"https:\\\/\\\/redamlo.com\\\/index.php\\\/2025\\\/05\\\/23\\\/maestros-seran-recibidos-por-segob-y-sep-sheinbaum\\\/#primaryimage\",\"url\":\"https:\\\/\\\/redamlo.com\\\/wp-content\\\/uploads\\\/2025\\\/05\\\/sheinbaum-23-mayo.png\",\"contentUrl\":\"https:\\\/\\\/redamlo.com\\\/wp-content\\\/uploads\\\/2025\\\/05\\\/sheinbaum-23-mayo.png\",\"width\":576,\"height\":419},{\"@type\":\"BreadcrumbList\",\"@id\":\"https:\\\/\\\/redamlo.com\\\/index.php\\\/2025\\\/05\\\/23\\\/maestros-seran-recibidos-por-segob-y-sep-sheinbaum\\\/#breadcrumb\",\"itemListElement\":[{\"@type\":\"ListItem\",\"position\":1,\"name\":\"Inicio\",\"item\":\"https:\\\/\\\/redamlo.com\\\/\"},{\"@type\":\"ListItem\",\"position\":2,\"name\":\"&#8220;Maestros ser\u00e1n recibidos por SEGOB y SEP&#8221;: Sheinbaum\"}]},{\"@type\":\"WebSite\",\"@id\":\"https:\\\/\\\/redamlo.com\\\/#website\",\"url\":\"https:\\\/\\\/redamlo.com\\\/\",\"name\":\"NOTICIAS DE LA 4T\",\"description\":\"\",\"publisher\":{\"@id\":\"https:\\\/\\\/redamlo.com\\\/#organization\"},\"potentialAction\":[{\"@type\":\"SearchAction\",\"target\":{\"@type\":\"EntryPoint\",\"urlTemplate\":\"https:\\\/\\\/redamlo.com\\\/?s={search_term_string}\"},\"query-input\":{\"@type\":\"PropertyValueSpecification\",\"valueRequired\":true,\"valueName\":\"search_term_string\"}}],\"inLanguage\":\"es\"},{\"@type\":\"Organization\",\"@id\":\"https:\\\/\\\/redamlo.com\\\/#organization\",\"name\":\"NOTICIAS DE LA 4T\",\"url\":\"https:\\\/\\\/redamlo.com\\\/\",\"logo\":{\"@type\":\"ImageObject\",\"inLanguage\":\"es\",\"@id\":\"https:\\\/\\\/redamlo.com\\\/#\\\/schema\\\/logo\\\/image\\\/\",\"url\":\"https:\\\/\\\/redamlo.com\\\/wp-content\\\/uploads\\\/2024\\\/08\\\/cropped-RED-AMLO-logo-50.png\",\"contentUrl\":\"https:\\\/\\\/redamlo.com\\\/wp-content\\\/uploads\\\/2024\\\/08\\\/cropped-RED-AMLO-logo-50.png\",\"width\":256,\"height\":256,\"caption\":\"NOTICIAS DE LA 4T\"},\"image\":{\"@id\":\"https:\\\/\\\/redamlo.com\\\/#\\\/schema\\\/logo\\\/image\\\/\"}},{\"@type\":\"Person\",\"@id\":\"https:\\\/\\\/redamlo.com\\\/#\\\/schema\\\/person\\\/197a0a670d21b1f4f1483ddda1b64613\",\"name\":\"admin\",\"image\":{\"@type\":\"ImageObject\",\"inLanguage\":\"es\",\"@id\":\"https:\\\/\\\/secure.gravatar.com\\\/avatar\\\/293dccd927043f2e641da6685c2f84009782eb9ee0054daceada4e261ded849a?s=96&d=mm&r=g\",\"url\":\"https:\\\/\\\/secure.gravatar.com\\\/avatar\\\/293dccd927043f2e641da6685c2f84009782eb9ee0054daceada4e261ded849a?s=96&d=mm&r=g\",\"contentUrl\":\"https:\\\/\\\/secure.gravatar.com\\\/avatar\\\/293dccd927043f2e641da6685c2f84009782eb9ee0054daceada4e261ded849a?s=96&d=mm&r=g\",\"caption\":\"admin\"},\"sameAs\":[\"https:\\\/\\\/redamlo.com\"],\"url\":\"https:\\\/\\\/redamlo.com\\\/index.php\\\/author\\\/stell\\\/\"}]}<\/script>\n<!-- \/ Yoast SEO plugin. -->","yoast_head_json":{"title":"\"Maestros ser\u00e1n recibidos por SEGOB y SEP\": Sheinbaum - NOTICIAS DE LA 4T","robots":{"index":"noindex","follow":"follow","max-snippet":"max-snippet:-1","max-image-preview":"max-image-preview:large","max-video-preview":"max-video-preview:-1"},"og_locale":"es_MX","og_type":"article","og_title":"\"Maestros ser\u00e1n recibidos por SEGOB y SEP\": Sheinbaum - NOTICIAS DE LA 4T","og_description":"Sheinbaum dijo que conf\u00eda en sus secretarios, por lo que los maestros de la CNTE...","og_url":"https:\/\/redamlo.com\/index.php\/2025\/05\/23\/maestros-seran-recibidos-por-segob-y-sep-sheinbaum\/","og_site_name":"NOTICIAS DE LA 4T","article_published_time":"2025-05-23T21:33:27+00:00","og_image":[{"width":576,"height":419,"url":"https:\/\/redamlo.com\/wp-content\/uploads\/2025\/05\/sheinbaum-23-mayo.png","type":"image\/png"}],"author":"admin","twitter_card":"summary_large_image","twitter_misc":{"Escrito por":"admin","Tiempo de lectura":"3 minutos"},"schema":{"@context":"https:\/\/schema.org","@graph":[{"@type":"Article","@id":"https:\/\/redamlo.com\/index.php\/2025\/05\/23\/maestros-seran-recibidos-por-segob-y-sep-sheinbaum\/#article","isPartOf":{"@id":"https:\/\/redamlo.com\/index.php\/2025\/05\/23\/maestros-seran-recibidos-por-segob-y-sep-sheinbaum\/"},"author":{"name":"admin","@id":"https:\/\/redamlo.com\/#\/schema\/person\/197a0a670d21b1f4f1483ddda1b64613"},"headline":"&#8220;Maestros ser\u00e1n recibidos por SEGOB y SEP&#8221;: Sheinbaum","datePublished":"2025-05-23T21:33:27+00:00","mainEntityOfPage":{"@id":"https:\/\/redamlo.com\/index.php\/2025\/05\/23\/maestros-seran-recibidos-por-segob-y-sep-sheinbaum\/"},"wordCount":531,"commentCount":0,"publisher":{"@id":"https:\/\/redamlo.com\/#organization"},"image":{"@id":"https:\/\/redamlo.com\/index.php\/2025\/05\/23\/maestros-seran-recibidos-por-segob-y-sep-sheinbaum\/#primaryimage"},"thumbnailUrl":"https:\/\/redamlo.com\/wp-content\/uploads\/2025\/05\/sheinbaum-23-mayo.png","keywords":["cente","maestros","Segob","SEP","Sheinbaum"],"articleSection":["Educaci\u00f3n","Presidencia"],"inLanguage":"es","potentialAction":[{"@type":"CommentAction","name":"Comment","target":["https:\/\/redamlo.com\/index.php\/2025\/05\/23\/maestros-seran-recibidos-por-segob-y-sep-sheinbaum\/#respond"]}]},{"@type":"WebPage","@id":"https:\/\/redamlo.com\/index.php\/2025\/05\/23\/maestros-seran-recibidos-por-segob-y-sep-sheinbaum\/","url":"https:\/\/redamlo.com\/index.php\/2025\/05\/23\/maestros-seran-recibidos-por-segob-y-sep-sheinbaum\/","name":"\"Maestros ser\u00e1n recibidos por SEGOB y SEP\": Sheinbaum - NOTICIAS DE LA 4T","isPartOf":{"@id":"https:\/\/redamlo.com\/#website"},"primaryImageOfPage":{"@id":"https:\/\/redamlo.com\/index.php\/2025\/05\/23\/maestros-seran-recibidos-por-segob-y-sep-sheinbaum\/#primaryimage"},"image":{"@id":"https:\/\/redamlo.com\/index.php\/2025\/05\/23\/maestros-seran-recibidos-por-segob-y-sep-sheinbaum\/#primaryimage"},"thumbnailUrl":"https:\/\/redamlo.com\/wp-content\/uploads\/2025\/05\/sheinbaum-23-mayo.png","datePublished":"2025-05-23T21:33:27+00:00","breadcrumb":{"@id":"https:\/\/redamlo.com\/index.php\/2025\/05\/23\/maestros-seran-recibidos-por-segob-y-sep-sheinbaum\/#breadcrumb"},"inLanguage":"es","potentialAction":[{"@type":"ReadAction","target":["https:\/\/redamlo.com\/index.php\/2025\/05\/23\/maestros-seran-recibidos-por-segob-y-sep-sheinbaum\/"]}]},{"@type":"ImageObject","inLanguage":"es","@id":"https:\/\/redamlo.com\/index.php\/2025\/05\/23\/maestros-seran-recibidos-por-segob-y-sep-sheinbaum\/#primaryimage","url":"https:\/\/redamlo.com\/wp-content\/uploads\/2025\/05\/sheinbaum-23-mayo.png","contentUrl":"https:\/\/redamlo.com\/wp-content\/uploads\/2025\/05\/sheinbaum-23-mayo.png","width":576,"height":419},{"@type":"BreadcrumbList","@id":"https:\/\/redamlo.com\/index.php\/2025\/05\/23\/maestros-seran-recibidos-por-segob-y-sep-sheinbaum\/#breadcrumb","itemListElement":[{"@type":"ListItem","position":1,"name":"Inicio","item":"https:\/\/redamlo.com\/"},{"@type":"ListItem","position":2,"name":"&#8220;Maestros ser\u00e1n recibidos por SEGOB y SEP&#8221;: Sheinbaum"}]},{"@type":"WebSite","@id":"https:\/\/redamlo.com\/#website","url":"https:\/\/redamlo.com\/","name":"NOTICIAS DE LA 4T","description":"","publisher":{"@id":"https:\/\/redamlo.com\/#organization"},"potentialAction":[{"@type":"SearchAction","target":{"@type":"EntryPoint","urlTemplate":"https:\/\/redamlo.com\/?s={search_term_string}"},"query-input":{"@type":"PropertyValueSpecification","valueRequired":true,"valueName":"search_term_string"}}],"inLanguage":"es"},{"@type":"Organization","@id":"https:\/\/redamlo.com\/#organization","name":"NOTICIAS DE LA 4T","url":"https:\/\/redamlo.com\/","logo":{"@type":"ImageObject","inLanguage":"es","@id":"https:\/\/redamlo.com\/#\/schema\/logo\/image\/","url":"https:\/\/redamlo.com\/wp-content\/uploads\/2024\/08\/cropped-RED-AMLO-logo-50.png","contentUrl":"https:\/\/redamlo.com\/wp-content\/uploads\/2024\/08\/cropped-RED-AMLO-logo-50.png","width":256,"height":256,"caption":"NOTICIAS DE LA 4T"},"image":{"@id":"https:\/\/redamlo.com\/#\/schema\/logo\/image\/"}},{"@type":"Person","@id":"https:\/\/redamlo.com\/#\/schema\/person\/197a0a670d21b1f4f1483ddda1b64613","name":"admin","image":{"@type":"ImageObject","inLanguage":"es","@id":"https:\/\/secure.gravatar.com\/avatar\/293dccd927043f2e641da6685c2f84009782eb9ee0054daceada4e261ded849a?s=96&d=mm&r=g","url":"https:\/\/secure.gravatar.com\/avatar\/293dccd927043f2e641da6685c2f84009782eb9ee0054daceada4e261ded849a?s=96&d=mm&r=g","contentUrl":"https:\/\/secure.gravatar.com\/avatar\/293dccd927043f2e641da6685c2f84009782eb9ee0054daceada4e261ded849a?s=96&d=mm&r=g","caption":"admin"},"sameAs":["https:\/\/redamlo.com"],"url":"https:\/\/redamlo.com\/index.php\/author\/stell\/"}]}},"_links":{"self":[{"href":"https:\/\/redamlo.com\/index.php\/wp-json\/wp\/v2\/posts\/8719","targetHints":{"allow":["GET"]}}],"collection":[{"href":"https:\/\/redamlo.com\/index.php\/wp-json\/wp\/v2\/posts"}],"about":[{"href":"https:\/\/redamlo.com\/index.php\/wp-json\/wp\/v2\/types\/post"}],"author":[{"embeddable":true,"href":"https:\/\/redamlo.com\/index.php\/wp-json\/wp\/v2\/users\/1"}],"replies":[{"embeddable":true,"href":"https:\/\/redamlo.com\/index.php\/wp-json\/wp\/v2\/comments?post=8719"}],"version-history":[{"count":0,"href":"https:\/\/redamlo.com\/index.php\/wp-json\/wp\/v2\/posts\/8719\/revisions"}],"wp:featuredmedia":[{"embeddable":true,"href":"https:\/\/redamlo.com\/index.php\/wp-json\/wp\/v2\/media\/8720"}],"wp:attachment":[{"href":"https:\/\/redamlo.com\/index.php\/wp-json\/wp\/v2\/media?parent=8719"}],"wp:term":[{"taxonomy":"category","embeddable":true,"href":"https:\/\/redamlo.com\/index.php\/wp-json\/wp\/v2\/categories?post=8719"},{"taxonomy":"post_tag","embeddable":true,"href":"https:\/\/redamlo.com\/index.php\/wp-json\/wp\/v2\/tags?post=8719"}],"curies":[{"name":"wp","href":"https:\/\/api.w.org\/{rel}","templated":true}]}}