{"id":8716,"date":"2025-05-23T13:28:28","date_gmt":"2025-05-23T18:28:28","guid":{"rendered":"https:\/\/redamlo.com\/?p=8716"},"modified":"2025-05-23T13:28:28","modified_gmt":"2025-05-23T18:28:28","slug":"maestros-se-manifiestan-en-terminal-1-y-2-de-aicm","status":"publish","type":"post","link":"https:\/\/redamlo.com\/index.php\/2025\/05\/23\/maestros-se-manifiestan-en-terminal-1-y-2-de-aicm\/","title":{"rendered":"Maestros se manifiestan en terminal 1 y 2 de AICM"},"content":{"rendered":"<p>Alrededor de las 9:30 de la ma\u00f1ana los primeros contingentes conformados por cientos de profesores adheridos a la Coordinadora Nacional de Trabajadores de la Educaci\u00f3n (CNTE) arribaron a la terminal \u00a02 del Aeropuerto Internacional de la Ciudad de M\u00e9xico (AICM) ante la falta de respuesta inmediata de la mesa de negociaci\u00f3n con la presidenta Claudia Sheinbaum Pardo.<\/p>\n<p>Si bien los profesores ya ten\u00edan planeada esta acci\u00f3n en el noveno d\u00eda lucha, con el anuncio de la Presidenta en la ma\u00f1anera de que no asistir\u00eda a la reuni\u00f3n programada a mediod\u00eda en la Secretar\u00eda de Gobernaci\u00f3n, la mayor\u00eda de los profesores que est\u00e1n en el plant\u00f3n \u00a0van a movilizarse a las inmediaciones del aeropuerto \u201cpor la falta del cumplimiento del acuerdo establecido el martes pasado\u201d.<\/p>\n<p>Los profesores llegaron desde el metro Pantitl\u00e1n y caminaron por Eje 1 hasta llegar a la terminal 2, donde la puerta\u00a0est\u00e1 cerrada y tras ella un resguardo policial de decenas de elementos. All\u00ed se\u00a0concentran las secciones 7 de Chiapas, 14 de Guerrero, 9 de la Ciudad de M\u00e9xico y 18 de Michoac\u00e1n; mientras que la secci\u00f3n 22 de Oaxaca se instala en la terminal, donde un gran cuerpo policiaco ya los esperaba sobre Circuito Interior.<\/p>\n<p><strong>Conferencia de prensa<\/strong><\/p>\n<p>La Comisi\u00f3n Nacional \u00danica de Negociaciones (CNUN) encabeza una marcha de la Terminal 2 a la 1. El maestro Pedro a Hernandez de la secci\u00f3n 9 y la maestra Yenny Aracely P\u00e9rez van en la vanguardia.<\/p>\n<p>Estiman que al llegar a la Terminal 1 dar\u00e1n conferencia de prensa para informar sobre anuncio hecho en la ma\u00f1anera por parte de la Presidenta.<\/p>\n<p>Hern\u00e1ndez confirm\u00f3 a este diario que el d\u00eda de hoy a temprana hora se les avis\u00f3 que la mesa de negociaci\u00f3n se suspend\u00eda hasta nuevo aviso.<\/p>\n<p>Decenas de profesores, encabezados por Oaxaca avanzan\u00a0 por Eje 1 que ocupan todo un sentido de la vialidad.<\/p>\n<p>Desde la noche previa, autoridades del aeropuerto alertaron a los pasajeros v\u00eda redes sociales salir con precauci\u00f3n y con tiempo a los vuelos programados para el d\u00eda de hoy ante las posibles movilizaciones. Hoy en la ma\u00f1ana alertaron que solo podr\u00e1n ingresar a las instalaciones del aeropuerto aquellos que tengan pase de abordar.<\/p>\n<p>Sobre Circuito Interior y \u00a0Eje 1 decenas de personas con maletas y mochilas caminan a paso apresurado ante los bloqueos y cierres viales, mientras que motociclistas logran pasar los cercos policiacos sin importarles los avisos de que el camino est\u00e1 cerrado, e incluso algunos de ellos les han dado ride a transe\u00fantes que se dirigen a tomar sus vuelos, para que no lleguen tarde.<\/p>\n<p>Profesores de la dirigencia del magisterio se\u00f1alaron que est\u00e1 suspendida la mesa en la Secretar\u00eda de Gobernaci\u00f3n hasta nuevo aviso. No se descarta la intensificaci\u00f3n de las protestas el d\u00eda hoy.<\/p>\n<p>En tanto, en la Terminal 1 del AICM, cientos de elementos de la Secretar\u00eda de de Seguridad Ciudadana de la Ciudad de M\u00e9xico, se concentran en las inmediaciones a la espera de la llegada de los contingentes magisteriales.<\/p>\n<p>Hasta el momento, la llegada y salida de pasajeros contin\u00faa con normalidad, con el apoyo de decenas de elementos de tr\u00e1nsito que agilizan el ascenso y descenso de pasajeros.<\/p>\n<p>Fuente: La Jornada.<\/p>\n","protected":false},"excerpt":{"rendered":"<p>Alrededor de las 9:30 de la ma\u00f1ana los primeros contingentes conformados por cientos de profesores&#8230;<\/p>\n","protected":false},"author":1,"featured_media":8717,"comment_status":"open","ping_status":"closed","sticky":false,"template":"","format":"standard","meta":{"footnotes":""},"categories":[17],"tags":[603,1385,2877,263,279],"class_list":["post-8716","post","type-post","status-publish","format-standard","has-post-thumbnail","hentry","category-cdmx","tag-aicm","tag-cnte","tag-maestros-marcha","tag-manifestaciones","tag-sep"],"yoast_head":"<!-- This site is optimized with the Yoast SEO plugin v27.5 - https:\/\/yoast.com\/product\/yoast-seo-wordpress\/ -->\n<title>Maestros se manifiestan en terminal 1 y 2 de AICM - NOTICIAS DE LA 4T<\/title>\n<meta name=\"robots\" content=\"noindex, follow, max-snippet:-1, max-image-preview:large, max-video-preview:-1\" \/>\n<meta property=\"og:locale\" content=\"es_MX\" \/>\n<meta property=\"og:type\" content=\"article\" \/>\n<meta property=\"og:title\" content=\"Maestros se manifiestan en terminal 1 y 2 de AICM - NOTICIAS DE LA 4T\" \/>\n<meta property=\"og:description\" content=\"Alrededor de las 9:30 de la ma\u00f1ana los primeros contingentes conformados por cientos de profesores...\" \/>\n<meta property=\"og:url\" content=\"https:\/\/redamlo.com\/index.php\/2025\/05\/23\/maestros-se-manifiestan-en-terminal-1-y-2-de-aicm\/\" \/>\n<meta property=\"og:site_name\" content=\"NOTICIAS DE LA 4T\" \/>\n<meta property=\"article:published_time\" content=\"2025-05-23T18:28:28+00:00\" \/>\n<meta property=\"og:image\" content=\"https:\/\/redamlo.com\/wp-content\/uploads\/2025\/05\/maestros-bloquean-aicm.png\" \/>\n\t<meta property=\"og:image:width\" content=\"610\" \/>\n\t<meta property=\"og:image:height\" content=\"425\" \/>\n\t<meta property=\"og:image:type\" content=\"image\/png\" \/>\n<meta name=\"author\" content=\"admin\" \/>\n<meta name=\"twitter:card\" content=\"summary_large_image\" \/>\n<meta name=\"twitter:label1\" content=\"Escrito por\" \/>\n\t<meta name=\"twitter:data1\" content=\"admin\" \/>\n\t<meta name=\"twitter:label2\" content=\"Tiempo de lectura\" \/>\n\t<meta name=\"twitter:data2\" content=\"3 minutos\" \/>\n<script type=\"application\/ld+json\" class=\"yoast-schema-graph\">{\"@context\":\"https:\\\/\\\/schema.org\",\"@graph\":[{\"@type\":\"Article\",\"@id\":\"https:\\\/\\\/redamlo.com\\\/index.php\\\/2025\\\/05\\\/23\\\/maestros-se-manifiestan-en-terminal-1-y-2-de-aicm\\\/#article\",\"isPartOf\":{\"@id\":\"https:\\\/\\\/redamlo.com\\\/index.php\\\/2025\\\/05\\\/23\\\/maestros-se-manifiestan-en-terminal-1-y-2-de-aicm\\\/\"},\"author\":{\"name\":\"admin\",\"@id\":\"https:\\\/\\\/redamlo.com\\\/#\\\/schema\\\/person\\\/197a0a670d21b1f4f1483ddda1b64613\"},\"headline\":\"Maestros se manifiestan en terminal 1 y 2 de AICM\",\"datePublished\":\"2025-05-23T18:28:28+00:00\",\"mainEntityOfPage\":{\"@id\":\"https:\\\/\\\/redamlo.com\\\/index.php\\\/2025\\\/05\\\/23\\\/maestros-se-manifiestan-en-terminal-1-y-2-de-aicm\\\/\"},\"wordCount\":563,\"commentCount\":0,\"publisher\":{\"@id\":\"https:\\\/\\\/redamlo.com\\\/#organization\"},\"image\":{\"@id\":\"https:\\\/\\\/redamlo.com\\\/index.php\\\/2025\\\/05\\\/23\\\/maestros-se-manifiestan-en-terminal-1-y-2-de-aicm\\\/#primaryimage\"},\"thumbnailUrl\":\"https:\\\/\\\/redamlo.com\\\/wp-content\\\/uploads\\\/2025\\\/05\\\/maestros-bloquean-aicm.png\",\"keywords\":[\"AICM\",\"CNTE\",\"maestros marcha\",\"manifestaciones\",\"SEP\"],\"articleSection\":[\"CDMX\"],\"inLanguage\":\"es\",\"potentialAction\":[{\"@type\":\"CommentAction\",\"name\":\"Comment\",\"target\":[\"https:\\\/\\\/redamlo.com\\\/index.php\\\/2025\\\/05\\\/23\\\/maestros-se-manifiestan-en-terminal-1-y-2-de-aicm\\\/#respond\"]}]},{\"@type\":\"WebPage\",\"@id\":\"https:\\\/\\\/redamlo.com\\\/index.php\\\/2025\\\/05\\\/23\\\/maestros-se-manifiestan-en-terminal-1-y-2-de-aicm\\\/\",\"url\":\"https:\\\/\\\/redamlo.com\\\/index.php\\\/2025\\\/05\\\/23\\\/maestros-se-manifiestan-en-terminal-1-y-2-de-aicm\\\/\",\"name\":\"Maestros se manifiestan en terminal 1 y 2 de AICM - NOTICIAS DE LA 4T\",\"isPartOf\":{\"@id\":\"https:\\\/\\\/redamlo.com\\\/#website\"},\"primaryImageOfPage\":{\"@id\":\"https:\\\/\\\/redamlo.com\\\/index.php\\\/2025\\\/05\\\/23\\\/maestros-se-manifiestan-en-terminal-1-y-2-de-aicm\\\/#primaryimage\"},\"image\":{\"@id\":\"https:\\\/\\\/redamlo.com\\\/index.php\\\/2025\\\/05\\\/23\\\/maestros-se-manifiestan-en-terminal-1-y-2-de-aicm\\\/#primaryimage\"},\"thumbnailUrl\":\"https:\\\/\\\/redamlo.com\\\/wp-content\\\/uploads\\\/2025\\\/05\\\/maestros-bloquean-aicm.png\",\"datePublished\":\"2025-05-23T18:28:28+00:00\",\"breadcrumb\":{\"@id\":\"https:\\\/\\\/redamlo.com\\\/index.php\\\/2025\\\/05\\\/23\\\/maestros-se-manifiestan-en-terminal-1-y-2-de-aicm\\\/#breadcrumb\"},\"inLanguage\":\"es\",\"potentialAction\":[{\"@type\":\"ReadAction\",\"target\":[\"https:\\\/\\\/redamlo.com\\\/index.php\\\/2025\\\/05\\\/23\\\/maestros-se-manifiestan-en-terminal-1-y-2-de-aicm\\\/\"]}]},{\"@type\":\"ImageObject\",\"inLanguage\":\"es\",\"@id\":\"https:\\\/\\\/redamlo.com\\\/index.php\\\/2025\\\/05\\\/23\\\/maestros-se-manifiestan-en-terminal-1-y-2-de-aicm\\\/#primaryimage\",\"url\":\"https:\\\/\\\/redamlo.com\\\/wp-content\\\/uploads\\\/2025\\\/05\\\/maestros-bloquean-aicm.png\",\"contentUrl\":\"https:\\\/\\\/redamlo.com\\\/wp-content\\\/uploads\\\/2025\\\/05\\\/maestros-bloquean-aicm.png\",\"width\":610,\"height\":425},{\"@type\":\"BreadcrumbList\",\"@id\":\"https:\\\/\\\/redamlo.com\\\/index.php\\\/2025\\\/05\\\/23\\\/maestros-se-manifiestan-en-terminal-1-y-2-de-aicm\\\/#breadcrumb\",\"itemListElement\":[{\"@type\":\"ListItem\",\"position\":1,\"name\":\"Inicio\",\"item\":\"https:\\\/\\\/redamlo.com\\\/\"},{\"@type\":\"ListItem\",\"position\":2,\"name\":\"Maestros se manifiestan en terminal 1 y 2 de AICM\"}]},{\"@type\":\"WebSite\",\"@id\":\"https:\\\/\\\/redamlo.com\\\/#website\",\"url\":\"https:\\\/\\\/redamlo.com\\\/\",\"name\":\"NOTICIAS DE LA 4T\",\"description\":\"\",\"publisher\":{\"@id\":\"https:\\\/\\\/redamlo.com\\\/#organization\"},\"potentialAction\":[{\"@type\":\"SearchAction\",\"target\":{\"@type\":\"EntryPoint\",\"urlTemplate\":\"https:\\\/\\\/redamlo.com\\\/?s={search_term_string}\"},\"query-input\":{\"@type\":\"PropertyValueSpecification\",\"valueRequired\":true,\"valueName\":\"search_term_string\"}}],\"inLanguage\":\"es\"},{\"@type\":\"Organization\",\"@id\":\"https:\\\/\\\/redamlo.com\\\/#organization\",\"name\":\"NOTICIAS DE LA 4T\",\"url\":\"https:\\\/\\\/redamlo.com\\\/\",\"logo\":{\"@type\":\"ImageObject\",\"inLanguage\":\"es\",\"@id\":\"https:\\\/\\\/redamlo.com\\\/#\\\/schema\\\/logo\\\/image\\\/\",\"url\":\"https:\\\/\\\/redamlo.com\\\/wp-content\\\/uploads\\\/2024\\\/08\\\/cropped-RED-AMLO-logo-50.png\",\"contentUrl\":\"https:\\\/\\\/redamlo.com\\\/wp-content\\\/uploads\\\/2024\\\/08\\\/cropped-RED-AMLO-logo-50.png\",\"width\":256,\"height\":256,\"caption\":\"NOTICIAS DE LA 4T\"},\"image\":{\"@id\":\"https:\\\/\\\/redamlo.com\\\/#\\\/schema\\\/logo\\\/image\\\/\"}},{\"@type\":\"Person\",\"@id\":\"https:\\\/\\\/redamlo.com\\\/#\\\/schema\\\/person\\\/197a0a670d21b1f4f1483ddda1b64613\",\"name\":\"admin\",\"image\":{\"@type\":\"ImageObject\",\"inLanguage\":\"es\",\"@id\":\"https:\\\/\\\/secure.gravatar.com\\\/avatar\\\/293dccd927043f2e641da6685c2f84009782eb9ee0054daceada4e261ded849a?s=96&d=mm&r=g\",\"url\":\"https:\\\/\\\/secure.gravatar.com\\\/avatar\\\/293dccd927043f2e641da6685c2f84009782eb9ee0054daceada4e261ded849a?s=96&d=mm&r=g\",\"contentUrl\":\"https:\\\/\\\/secure.gravatar.com\\\/avatar\\\/293dccd927043f2e641da6685c2f84009782eb9ee0054daceada4e261ded849a?s=96&d=mm&r=g\",\"caption\":\"admin\"},\"sameAs\":[\"https:\\\/\\\/redamlo.com\"],\"url\":\"https:\\\/\\\/redamlo.com\\\/index.php\\\/author\\\/stell\\\/\"}]}<\/script>\n<!-- \/ Yoast SEO plugin. -->","yoast_head_json":{"title":"Maestros se manifiestan en terminal 1 y 2 de AICM - NOTICIAS DE LA 4T","robots":{"index":"noindex","follow":"follow","max-snippet":"max-snippet:-1","max-image-preview":"max-image-preview:large","max-video-preview":"max-video-preview:-1"},"og_locale":"es_MX","og_type":"article","og_title":"Maestros se manifiestan en terminal 1 y 2 de AICM - NOTICIAS DE LA 4T","og_description":"Alrededor de las 9:30 de la ma\u00f1ana los primeros contingentes conformados por cientos de profesores...","og_url":"https:\/\/redamlo.com\/index.php\/2025\/05\/23\/maestros-se-manifiestan-en-terminal-1-y-2-de-aicm\/","og_site_name":"NOTICIAS DE LA 4T","article_published_time":"2025-05-23T18:28:28+00:00","og_image":[{"width":610,"height":425,"url":"https:\/\/redamlo.com\/wp-content\/uploads\/2025\/05\/maestros-bloquean-aicm.png","type":"image\/png"}],"author":"admin","twitter_card":"summary_large_image","twitter_misc":{"Escrito por":"admin","Tiempo de lectura":"3 minutos"},"schema":{"@context":"https:\/\/schema.org","@graph":[{"@type":"Article","@id":"https:\/\/redamlo.com\/index.php\/2025\/05\/23\/maestros-se-manifiestan-en-terminal-1-y-2-de-aicm\/#article","isPartOf":{"@id":"https:\/\/redamlo.com\/index.php\/2025\/05\/23\/maestros-se-manifiestan-en-terminal-1-y-2-de-aicm\/"},"author":{"name":"admin","@id":"https:\/\/redamlo.com\/#\/schema\/person\/197a0a670d21b1f4f1483ddda1b64613"},"headline":"Maestros se manifiestan en terminal 1 y 2 de AICM","datePublished":"2025-05-23T18:28:28+00:00","mainEntityOfPage":{"@id":"https:\/\/redamlo.com\/index.php\/2025\/05\/23\/maestros-se-manifiestan-en-terminal-1-y-2-de-aicm\/"},"wordCount":563,"commentCount":0,"publisher":{"@id":"https:\/\/redamlo.com\/#organization"},"image":{"@id":"https:\/\/redamlo.com\/index.php\/2025\/05\/23\/maestros-se-manifiestan-en-terminal-1-y-2-de-aicm\/#primaryimage"},"thumbnailUrl":"https:\/\/redamlo.com\/wp-content\/uploads\/2025\/05\/maestros-bloquean-aicm.png","keywords":["AICM","CNTE","maestros marcha","manifestaciones","SEP"],"articleSection":["CDMX"],"inLanguage":"es","potentialAction":[{"@type":"CommentAction","name":"Comment","target":["https:\/\/redamlo.com\/index.php\/2025\/05\/23\/maestros-se-manifiestan-en-terminal-1-y-2-de-aicm\/#respond"]}]},{"@type":"WebPage","@id":"https:\/\/redamlo.com\/index.php\/2025\/05\/23\/maestros-se-manifiestan-en-terminal-1-y-2-de-aicm\/","url":"https:\/\/redamlo.com\/index.php\/2025\/05\/23\/maestros-se-manifiestan-en-terminal-1-y-2-de-aicm\/","name":"Maestros se manifiestan en terminal 1 y 2 de AICM - NOTICIAS DE LA 4T","isPartOf":{"@id":"https:\/\/redamlo.com\/#website"},"primaryImageOfPage":{"@id":"https:\/\/redamlo.com\/index.php\/2025\/05\/23\/maestros-se-manifiestan-en-terminal-1-y-2-de-aicm\/#primaryimage"},"image":{"@id":"https:\/\/redamlo.com\/index.php\/2025\/05\/23\/maestros-se-manifiestan-en-terminal-1-y-2-de-aicm\/#primaryimage"},"thumbnailUrl":"https:\/\/redamlo.com\/wp-content\/uploads\/2025\/05\/maestros-bloquean-aicm.png","datePublished":"2025-05-23T18:28:28+00:00","breadcrumb":{"@id":"https:\/\/redamlo.com\/index.php\/2025\/05\/23\/maestros-se-manifiestan-en-terminal-1-y-2-de-aicm\/#breadcrumb"},"inLanguage":"es","potentialAction":[{"@type":"ReadAction","target":["https:\/\/redamlo.com\/index.php\/2025\/05\/23\/maestros-se-manifiestan-en-terminal-1-y-2-de-aicm\/"]}]},{"@type":"ImageObject","inLanguage":"es","@id":"https:\/\/redamlo.com\/index.php\/2025\/05\/23\/maestros-se-manifiestan-en-terminal-1-y-2-de-aicm\/#primaryimage","url":"https:\/\/redamlo.com\/wp-content\/uploads\/2025\/05\/maestros-bloquean-aicm.png","contentUrl":"https:\/\/redamlo.com\/wp-content\/uploads\/2025\/05\/maestros-bloquean-aicm.png","width":610,"height":425},{"@type":"BreadcrumbList","@id":"https:\/\/redamlo.com\/index.php\/2025\/05\/23\/maestros-se-manifiestan-en-terminal-1-y-2-de-aicm\/#breadcrumb","itemListElement":[{"@type":"ListItem","position":1,"name":"Inicio","item":"https:\/\/redamlo.com\/"},{"@type":"ListItem","position":2,"name":"Maestros se manifiestan en terminal 1 y 2 de AICM"}]},{"@type":"WebSite","@id":"https:\/\/redamlo.com\/#website","url":"https:\/\/redamlo.com\/","name":"NOTICIAS DE LA 4T","description":"","publisher":{"@id":"https:\/\/redamlo.com\/#organization"},"potentialAction":[{"@type":"SearchAction","target":{"@type":"EntryPoint","urlTemplate":"https:\/\/redamlo.com\/?s={search_term_string}"},"query-input":{"@type":"PropertyValueSpecification","valueRequired":true,"valueName":"search_term_string"}}],"inLanguage":"es"},{"@type":"Organization","@id":"https:\/\/redamlo.com\/#organization","name":"NOTICIAS DE LA 4T","url":"https:\/\/redamlo.com\/","logo":{"@type":"ImageObject","inLanguage":"es","@id":"https:\/\/redamlo.com\/#\/schema\/logo\/image\/","url":"https:\/\/redamlo.com\/wp-content\/uploads\/2024\/08\/cropped-RED-AMLO-logo-50.png","contentUrl":"https:\/\/redamlo.com\/wp-content\/uploads\/2024\/08\/cropped-RED-AMLO-logo-50.png","width":256,"height":256,"caption":"NOTICIAS DE LA 4T"},"image":{"@id":"https:\/\/redamlo.com\/#\/schema\/logo\/image\/"}},{"@type":"Person","@id":"https:\/\/redamlo.com\/#\/schema\/person\/197a0a670d21b1f4f1483ddda1b64613","name":"admin","image":{"@type":"ImageObject","inLanguage":"es","@id":"https:\/\/secure.gravatar.com\/avatar\/293dccd927043f2e641da6685c2f84009782eb9ee0054daceada4e261ded849a?s=96&d=mm&r=g","url":"https:\/\/secure.gravatar.com\/avatar\/293dccd927043f2e641da6685c2f84009782eb9ee0054daceada4e261ded849a?s=96&d=mm&r=g","contentUrl":"https:\/\/secure.gravatar.com\/avatar\/293dccd927043f2e641da6685c2f84009782eb9ee0054daceada4e261ded849a?s=96&d=mm&r=g","caption":"admin"},"sameAs":["https:\/\/redamlo.com"],"url":"https:\/\/redamlo.com\/index.php\/author\/stell\/"}]}},"_links":{"self":[{"href":"https:\/\/redamlo.com\/index.php\/wp-json\/wp\/v2\/posts\/8716","targetHints":{"allow":["GET"]}}],"collection":[{"href":"https:\/\/redamlo.com\/index.php\/wp-json\/wp\/v2\/posts"}],"about":[{"href":"https:\/\/redamlo.com\/index.php\/wp-json\/wp\/v2\/types\/post"}],"author":[{"embeddable":true,"href":"https:\/\/redamlo.com\/index.php\/wp-json\/wp\/v2\/users\/1"}],"replies":[{"embeddable":true,"href":"https:\/\/redamlo.com\/index.php\/wp-json\/wp\/v2\/comments?post=8716"}],"version-history":[{"count":0,"href":"https:\/\/redamlo.com\/index.php\/wp-json\/wp\/v2\/posts\/8716\/revisions"}],"wp:featuredmedia":[{"embeddable":true,"href":"https:\/\/redamlo.com\/index.php\/wp-json\/wp\/v2\/media\/8717"}],"wp:attachment":[{"href":"https:\/\/redamlo.com\/index.php\/wp-json\/wp\/v2\/media?parent=8716"}],"wp:term":[{"taxonomy":"category","embeddable":true,"href":"https:\/\/redamlo.com\/index.php\/wp-json\/wp\/v2\/categories?post=8716"},{"taxonomy":"post_tag","embeddable":true,"href":"https:\/\/redamlo.com\/index.php\/wp-json\/wp\/v2\/tags?post=8716"}],"curies":[{"name":"wp","href":"https:\/\/api.w.org\/{rel}","templated":true}]}}