{"id":8707,"date":"2025-05-22T18:58:32","date_gmt":"2025-05-22T23:58:32","guid":{"rendered":"https:\/\/redamlo.com\/?p=8707"},"modified":"2025-05-22T18:58:32","modified_gmt":"2025-05-22T23:58:32","slug":"corte-de-eu-obliga-a-garcia-luna-y-esposa-a-pagar-suma-millonaria-a-gobierno-de-mexico","status":"publish","type":"post","link":"https:\/\/redamlo.com\/index.php\/2025\/05\/22\/corte-de-eu-obliga-a-garcia-luna-y-esposa-a-pagar-suma-millonaria-a-gobierno-de-mexico\/","title":{"rendered":"Corte de EU obliga a Garc\u00eda Luna y esposa a pagar suma millonaria  a Gobierno de M\u00e9xico"},"content":{"rendered":"<p class=\"nota-justify\">La Unidad de Inteligencia Financiera (UIF) de la Secretar\u00eda de Hacienda y Cr\u00e9dito P\u00fablico inform\u00f3 que la Corte de Circuito del D\u00e9cimo Primer Circuito Judicial para el Condado de Miami Dade, Florida, dict\u00f3 sentencia final en contra de Genaro Garc\u00eda Luna y su esposa Linda Cristina Pereyra, derivado de la demanda civil que present\u00f3 en septiembre de 2021, por lo que de acuerdo con la ley de ese estado, la reparaci\u00f3n equivale a tres veces la cantidad de dinero por la que el gobierno de M\u00e9xico los demand\u00f3 originalmente.<\/p>\n<p class=\"nota-justify\">El proceso contra Garc\u00eda Luna y c\u00f3mplices parte de que el gobierno de M\u00e9xico termin\u00f3 pagando 745.9 millones de d\u00f3lares (14 mil 397.6 millones de pesos a precios actuales) a firmas vinculadas al exfuncionario, por medio de un esquema de triangulaci\u00f3n de recursos con empresas localizadas en para\u00edsos fiscales \u2013desde pa\u00edses insulares hasta Estados Unidos\u2013, de acuerdo con los informes de la UIF.<\/p>\n<p class=\"nota-justify\">En un comunicado, la UIF confirm\u00f3 que Garc\u00eda Luna deber\u00e1 pagar\u00a0748\u00a0millones 829 mil 676 de d\u00f3lares y mil 740 millones 25 mil 540 d\u00f3lares su esposa, Linda Cristina Pereyra, como parte del proceso iniciado el 21 de septiembre de 2021 por parte de la unidad de Hacienda para que se restituyeran al pa\u00eds los recursos pagados por el gobierno mexicano a la red de corrupci\u00f3n que involucra al ex secretario de Felipe Calder\u00f3n Hinojosa, quien ocup\u00f3 la presidencia de M\u00e9xico entre 2006 y 2012.<\/p>\n<p class=\"nota-justify\">Hasta la fecha, el gobierno mexicano ha recuperado 2 millones 801 mil 672.7 d\u00f3lares \u2013menos de 0.5 por ciento\u2013 de los 745.9 en que se estima el desfalco por el que se acusa a Garc\u00eda Luna y c\u00f3mplices. Sin embargo, la UIF advirti\u00f3 que \u201ca partir de la emisi\u00f3n de la sentencia, el Estado Mexicano proceder\u00e1 a su ejecuci\u00f3n respecto de los bienes propiedad de los sentenciados que sean localizados en el futuro, a\u00fan bajo la propiedad simulada de terceros que operen como testaferros\u201d.<\/p>\n<p class=\"nota-justify\">Como parte de las resoluciones de culpabilidad citadas, ya fue ejecutada una respecto de la empresa Delta Integrator LLC, propiedad de Garc\u00eda Luna y su esposa, de lo que deriv\u00f3 una recuperaci\u00f3n de activos que asciende a un mill\u00f3n 970 mil 872.72 d\u00f3lares, as\u00ed como un inmueble valuado en 555 mil 800.00 d\u00f3lares. Adicionalmente, como resultado del vencimiento de una hipoteca otorgada a un tercero por la misma empresa, se recuperaron 275 mil d\u00f3lares, reiter\u00f3 la unidad en un comunicado.<\/p>\n<p class=\"nota-justify\">Agreg\u00f3 que los recursos l\u00edquidos recuperados fueron ingresados de inmediato a la Tesorer\u00eda de la Federaci\u00f3n, mientras que el bien inmueble est\u00e1 bajo administraci\u00f3n del Gobierno de M\u00e9xico para su venta. Y hasta el momento, bajo la propiedad directa de Garc\u00eda Luna y su esposa, como personas f\u00edsicas, as\u00ed como de las empresas OGGI CAFFE LLC, GL&amp; ASSOCIATES CONSULTING LLC, y GLAC SECURITY, no se han localizados otros bienes.<\/p>\n<p class=\"nota-justify\">A trav\u00e9s de empresas vinculadas al consorcio que encabez\u00f3 Jonathan Alexis Weinberg Pinto y que fueron constituidas en Panam\u00e1 \u2013como Nunvav\u2013, se otorgaron 30 contratos en tecnolog\u00eda y seguridad que terminaron en pagos a cuentas de Israel y Barbados, que luego fueron transferidos a empresas fachada de M\u00e9xico y el mismo Estados Unidos, donde el dinero se lav\u00f3 a trav\u00e9s de inversiones inmobiliarias en el estado de Florida.<\/p>\n<p class=\"nota-justify\">Este jueves, circul\u00f3 que una corte civil de Miami impuso una multa de 749 millones de d\u00f3lares 829 mil 676 d\u00f3lares a Genaro Garc\u00eda Luna y de mil 740 millones 25 mil 540 a su esposa, Linda Cristina Pereyra, como parte de un proceso iniciado el 21 de septiembre de 2021 por parte de la UIF para que se restituyeran al pa\u00eds los recursos pagados por el gobierno mexicana a la red de corrupci\u00f3n que involucra al exsecretario de Calder\u00f3n Hinojosa.<\/p>\n<p class=\"nota-justify\">De acuerdo con los informes de la UIF, a trav\u00e9s de Nunvav se cobraba a instancias oficiales y se enviaba al Occidental Bank, en Barbados, a trav\u00e9s de Citibank. Al menos 76 millones de d\u00f3lares del dinero movido por esta empresa del conglomerado Weinberg y que fue constituida en Panam\u00e1 regresaron a M\u00e9xico a trav\u00e9s de 64 operaciones utilizando cuentas de una casa de bolsa y de bancos en el pa\u00eds.<\/p>\n<p class=\"nota-justify\">En realidad, los hallazgos de la UIF llevaron a imponer una denuncia en la que de inicio se se\u00f1al\u00f3 a 8 personas f\u00edsicas y a 44 empresas de diferentes pa\u00edses, como parte de una red para sacar el dinero de M\u00e9xico, ocultarlo, y luego devolverlo a sus beneficiarios finales.<\/p>\n<p class=\"nota-justify\">Y s\u00f3lo en M\u00e9xico, se detectaron 16 empresas que son receptoras de este dinero, algunas de las cuales, la mitad est\u00e1n listadas como factureras por parte del Servicio de Administraci\u00f3n Tributaria.<\/p>\n<p>Informaci\u00f3n de: La Jornada.<\/p>\n","protected":false},"excerpt":{"rendered":"<p>La Unidad de Inteligencia Financiera (UIF) de la Secretar\u00eda de Hacienda y Cr\u00e9dito P\u00fablico inform\u00f3&#8230;<\/p>\n","protected":false},"author":1,"featured_media":8708,"comment_status":"open","ping_status":"closed","sticky":false,"template":"","format":"standard","meta":{"footnotes":""},"categories":[94,5],"tags":[2552],"class_list":["post-8707","post","type-post","status-publish","format-standard","has-post-thumbnail","hentry","category-deportes","category-politica","tag-garcia-luna"],"yoast_head":"<!-- This site is optimized with the Yoast SEO plugin v27.5 - https:\/\/yoast.com\/product\/yoast-seo-wordpress\/ -->\n<title>Corte de EU obliga a Garc\u00eda Luna y esposa a pagar suma millonaria a Gobierno de M\u00e9xico - NOTICIAS DE LA 4T<\/title>\n<meta name=\"robots\" content=\"noindex, follow, max-snippet:-1, max-image-preview:large, max-video-preview:-1\" \/>\n<meta property=\"og:locale\" content=\"es_MX\" \/>\n<meta property=\"og:type\" content=\"article\" \/>\n<meta property=\"og:title\" content=\"Corte de EU obliga a Garc\u00eda Luna y esposa a pagar suma millonaria a Gobierno de M\u00e9xico - NOTICIAS DE LA 4T\" \/>\n<meta property=\"og:description\" content=\"La Unidad de Inteligencia Financiera (UIF) de la Secretar\u00eda de Hacienda y Cr\u00e9dito P\u00fablico inform\u00f3...\" \/>\n<meta property=\"og:url\" content=\"https:\/\/redamlo.com\/index.php\/2025\/05\/22\/corte-de-eu-obliga-a-garcia-luna-y-esposa-a-pagar-suma-millonaria-a-gobierno-de-mexico\/\" \/>\n<meta property=\"og:site_name\" content=\"NOTICIAS DE LA 4T\" \/>\n<meta property=\"article:published_time\" content=\"2025-05-22T23:58:32+00:00\" \/>\n<meta property=\"og:image\" content=\"https:\/\/redamlo.com\/wp-content\/uploads\/2025\/05\/sentencia-garcia-luna.png\" \/>\n\t<meta property=\"og:image:width\" content=\"565\" \/>\n\t<meta property=\"og:image:height\" content=\"618\" \/>\n\t<meta property=\"og:image:type\" content=\"image\/png\" \/>\n<meta name=\"author\" content=\"admin\" \/>\n<meta name=\"twitter:card\" content=\"summary_large_image\" \/>\n<meta name=\"twitter:label1\" content=\"Escrito por\" \/>\n\t<meta name=\"twitter:data1\" content=\"admin\" \/>\n\t<meta name=\"twitter:label2\" content=\"Tiempo de lectura\" \/>\n\t<meta name=\"twitter:data2\" content=\"4 minutos\" \/>\n<script type=\"application\/ld+json\" class=\"yoast-schema-graph\">{\"@context\":\"https:\\\/\\\/schema.org\",\"@graph\":[{\"@type\":\"Article\",\"@id\":\"https:\\\/\\\/redamlo.com\\\/index.php\\\/2025\\\/05\\\/22\\\/corte-de-eu-obliga-a-garcia-luna-y-esposa-a-pagar-suma-millonaria-a-gobierno-de-mexico\\\/#article\",\"isPartOf\":{\"@id\":\"https:\\\/\\\/redamlo.com\\\/index.php\\\/2025\\\/05\\\/22\\\/corte-de-eu-obliga-a-garcia-luna-y-esposa-a-pagar-suma-millonaria-a-gobierno-de-mexico\\\/\"},\"author\":{\"name\":\"admin\",\"@id\":\"https:\\\/\\\/redamlo.com\\\/#\\\/schema\\\/person\\\/197a0a670d21b1f4f1483ddda1b64613\"},\"headline\":\"Corte de EU obliga a Garc\u00eda Luna y esposa a pagar suma millonaria a Gobierno de M\u00e9xico\",\"datePublished\":\"2025-05-22T23:58:32+00:00\",\"mainEntityOfPage\":{\"@id\":\"https:\\\/\\\/redamlo.com\\\/index.php\\\/2025\\\/05\\\/22\\\/corte-de-eu-obliga-a-garcia-luna-y-esposa-a-pagar-suma-millonaria-a-gobierno-de-mexico\\\/\"},\"wordCount\":822,\"commentCount\":0,\"publisher\":{\"@id\":\"https:\\\/\\\/redamlo.com\\\/#organization\"},\"image\":{\"@id\":\"https:\\\/\\\/redamlo.com\\\/index.php\\\/2025\\\/05\\\/22\\\/corte-de-eu-obliga-a-garcia-luna-y-esposa-a-pagar-suma-millonaria-a-gobierno-de-mexico\\\/#primaryimage\"},\"thumbnailUrl\":\"https:\\\/\\\/redamlo.com\\\/wp-content\\\/uploads\\\/2025\\\/05\\\/sentencia-garcia-luna.png\",\"keywords\":[\"Garcia Luna\"],\"articleSection\":[\"Deportes\",\"Pol\u00edtica\"],\"inLanguage\":\"es\",\"potentialAction\":[{\"@type\":\"CommentAction\",\"name\":\"Comment\",\"target\":[\"https:\\\/\\\/redamlo.com\\\/index.php\\\/2025\\\/05\\\/22\\\/corte-de-eu-obliga-a-garcia-luna-y-esposa-a-pagar-suma-millonaria-a-gobierno-de-mexico\\\/#respond\"]}]},{\"@type\":\"WebPage\",\"@id\":\"https:\\\/\\\/redamlo.com\\\/index.php\\\/2025\\\/05\\\/22\\\/corte-de-eu-obliga-a-garcia-luna-y-esposa-a-pagar-suma-millonaria-a-gobierno-de-mexico\\\/\",\"url\":\"https:\\\/\\\/redamlo.com\\\/index.php\\\/2025\\\/05\\\/22\\\/corte-de-eu-obliga-a-garcia-luna-y-esposa-a-pagar-suma-millonaria-a-gobierno-de-mexico\\\/\",\"name\":\"Corte de EU obliga a Garc\u00eda Luna y esposa a pagar suma millonaria a Gobierno de M\u00e9xico - NOTICIAS DE LA 4T\",\"isPartOf\":{\"@id\":\"https:\\\/\\\/redamlo.com\\\/#website\"},\"primaryImageOfPage\":{\"@id\":\"https:\\\/\\\/redamlo.com\\\/index.php\\\/2025\\\/05\\\/22\\\/corte-de-eu-obliga-a-garcia-luna-y-esposa-a-pagar-suma-millonaria-a-gobierno-de-mexico\\\/#primaryimage\"},\"image\":{\"@id\":\"https:\\\/\\\/redamlo.com\\\/index.php\\\/2025\\\/05\\\/22\\\/corte-de-eu-obliga-a-garcia-luna-y-esposa-a-pagar-suma-millonaria-a-gobierno-de-mexico\\\/#primaryimage\"},\"thumbnailUrl\":\"https:\\\/\\\/redamlo.com\\\/wp-content\\\/uploads\\\/2025\\\/05\\\/sentencia-garcia-luna.png\",\"datePublished\":\"2025-05-22T23:58:32+00:00\",\"breadcrumb\":{\"@id\":\"https:\\\/\\\/redamlo.com\\\/index.php\\\/2025\\\/05\\\/22\\\/corte-de-eu-obliga-a-garcia-luna-y-esposa-a-pagar-suma-millonaria-a-gobierno-de-mexico\\\/#breadcrumb\"},\"inLanguage\":\"es\",\"potentialAction\":[{\"@type\":\"ReadAction\",\"target\":[\"https:\\\/\\\/redamlo.com\\\/index.php\\\/2025\\\/05\\\/22\\\/corte-de-eu-obliga-a-garcia-luna-y-esposa-a-pagar-suma-millonaria-a-gobierno-de-mexico\\\/\"]}]},{\"@type\":\"ImageObject\",\"inLanguage\":\"es\",\"@id\":\"https:\\\/\\\/redamlo.com\\\/index.php\\\/2025\\\/05\\\/22\\\/corte-de-eu-obliga-a-garcia-luna-y-esposa-a-pagar-suma-millonaria-a-gobierno-de-mexico\\\/#primaryimage\",\"url\":\"https:\\\/\\\/redamlo.com\\\/wp-content\\\/uploads\\\/2025\\\/05\\\/sentencia-garcia-luna.png\",\"contentUrl\":\"https:\\\/\\\/redamlo.com\\\/wp-content\\\/uploads\\\/2025\\\/05\\\/sentencia-garcia-luna.png\",\"width\":565,\"height\":618},{\"@type\":\"BreadcrumbList\",\"@id\":\"https:\\\/\\\/redamlo.com\\\/index.php\\\/2025\\\/05\\\/22\\\/corte-de-eu-obliga-a-garcia-luna-y-esposa-a-pagar-suma-millonaria-a-gobierno-de-mexico\\\/#breadcrumb\",\"itemListElement\":[{\"@type\":\"ListItem\",\"position\":1,\"name\":\"Inicio\",\"item\":\"https:\\\/\\\/redamlo.com\\\/\"},{\"@type\":\"ListItem\",\"position\":2,\"name\":\"Corte de EU obliga a Garc\u00eda Luna y esposa a pagar suma millonaria a Gobierno de M\u00e9xico\"}]},{\"@type\":\"WebSite\",\"@id\":\"https:\\\/\\\/redamlo.com\\\/#website\",\"url\":\"https:\\\/\\\/redamlo.com\\\/\",\"name\":\"NOTICIAS DE LA 4T\",\"description\":\"\",\"publisher\":{\"@id\":\"https:\\\/\\\/redamlo.com\\\/#organization\"},\"potentialAction\":[{\"@type\":\"SearchAction\",\"target\":{\"@type\":\"EntryPoint\",\"urlTemplate\":\"https:\\\/\\\/redamlo.com\\\/?s={search_term_string}\"},\"query-input\":{\"@type\":\"PropertyValueSpecification\",\"valueRequired\":true,\"valueName\":\"search_term_string\"}}],\"inLanguage\":\"es\"},{\"@type\":\"Organization\",\"@id\":\"https:\\\/\\\/redamlo.com\\\/#organization\",\"name\":\"NOTICIAS DE LA 4T\",\"url\":\"https:\\\/\\\/redamlo.com\\\/\",\"logo\":{\"@type\":\"ImageObject\",\"inLanguage\":\"es\",\"@id\":\"https:\\\/\\\/redamlo.com\\\/#\\\/schema\\\/logo\\\/image\\\/\",\"url\":\"https:\\\/\\\/redamlo.com\\\/wp-content\\\/uploads\\\/2024\\\/08\\\/cropped-RED-AMLO-logo-50.png\",\"contentUrl\":\"https:\\\/\\\/redamlo.com\\\/wp-content\\\/uploads\\\/2024\\\/08\\\/cropped-RED-AMLO-logo-50.png\",\"width\":256,\"height\":256,\"caption\":\"NOTICIAS DE LA 4T\"},\"image\":{\"@id\":\"https:\\\/\\\/redamlo.com\\\/#\\\/schema\\\/logo\\\/image\\\/\"}},{\"@type\":\"Person\",\"@id\":\"https:\\\/\\\/redamlo.com\\\/#\\\/schema\\\/person\\\/197a0a670d21b1f4f1483ddda1b64613\",\"name\":\"admin\",\"image\":{\"@type\":\"ImageObject\",\"inLanguage\":\"es\",\"@id\":\"https:\\\/\\\/secure.gravatar.com\\\/avatar\\\/293dccd927043f2e641da6685c2f84009782eb9ee0054daceada4e261ded849a?s=96&d=mm&r=g\",\"url\":\"https:\\\/\\\/secure.gravatar.com\\\/avatar\\\/293dccd927043f2e641da6685c2f84009782eb9ee0054daceada4e261ded849a?s=96&d=mm&r=g\",\"contentUrl\":\"https:\\\/\\\/secure.gravatar.com\\\/avatar\\\/293dccd927043f2e641da6685c2f84009782eb9ee0054daceada4e261ded849a?s=96&d=mm&r=g\",\"caption\":\"admin\"},\"sameAs\":[\"https:\\\/\\\/redamlo.com\"],\"url\":\"https:\\\/\\\/redamlo.com\\\/index.php\\\/author\\\/stell\\\/\"}]}<\/script>\n<!-- \/ Yoast SEO plugin. -->","yoast_head_json":{"title":"Corte de EU obliga a Garc\u00eda Luna y esposa a pagar suma millonaria a Gobierno de M\u00e9xico - NOTICIAS DE LA 4T","robots":{"index":"noindex","follow":"follow","max-snippet":"max-snippet:-1","max-image-preview":"max-image-preview:large","max-video-preview":"max-video-preview:-1"},"og_locale":"es_MX","og_type":"article","og_title":"Corte de EU obliga a Garc\u00eda Luna y esposa a pagar suma millonaria a Gobierno de M\u00e9xico - NOTICIAS DE LA 4T","og_description":"La Unidad de Inteligencia Financiera (UIF) de la Secretar\u00eda de Hacienda y Cr\u00e9dito P\u00fablico inform\u00f3...","og_url":"https:\/\/redamlo.com\/index.php\/2025\/05\/22\/corte-de-eu-obliga-a-garcia-luna-y-esposa-a-pagar-suma-millonaria-a-gobierno-de-mexico\/","og_site_name":"NOTICIAS DE LA 4T","article_published_time":"2025-05-22T23:58:32+00:00","og_image":[{"width":565,"height":618,"url":"https:\/\/redamlo.com\/wp-content\/uploads\/2025\/05\/sentencia-garcia-luna.png","type":"image\/png"}],"author":"admin","twitter_card":"summary_large_image","twitter_misc":{"Escrito por":"admin","Tiempo de lectura":"4 minutos"},"schema":{"@context":"https:\/\/schema.org","@graph":[{"@type":"Article","@id":"https:\/\/redamlo.com\/index.php\/2025\/05\/22\/corte-de-eu-obliga-a-garcia-luna-y-esposa-a-pagar-suma-millonaria-a-gobierno-de-mexico\/#article","isPartOf":{"@id":"https:\/\/redamlo.com\/index.php\/2025\/05\/22\/corte-de-eu-obliga-a-garcia-luna-y-esposa-a-pagar-suma-millonaria-a-gobierno-de-mexico\/"},"author":{"name":"admin","@id":"https:\/\/redamlo.com\/#\/schema\/person\/197a0a670d21b1f4f1483ddda1b64613"},"headline":"Corte de EU obliga a Garc\u00eda Luna y esposa a pagar suma millonaria a Gobierno de M\u00e9xico","datePublished":"2025-05-22T23:58:32+00:00","mainEntityOfPage":{"@id":"https:\/\/redamlo.com\/index.php\/2025\/05\/22\/corte-de-eu-obliga-a-garcia-luna-y-esposa-a-pagar-suma-millonaria-a-gobierno-de-mexico\/"},"wordCount":822,"commentCount":0,"publisher":{"@id":"https:\/\/redamlo.com\/#organization"},"image":{"@id":"https:\/\/redamlo.com\/index.php\/2025\/05\/22\/corte-de-eu-obliga-a-garcia-luna-y-esposa-a-pagar-suma-millonaria-a-gobierno-de-mexico\/#primaryimage"},"thumbnailUrl":"https:\/\/redamlo.com\/wp-content\/uploads\/2025\/05\/sentencia-garcia-luna.png","keywords":["Garcia Luna"],"articleSection":["Deportes","Pol\u00edtica"],"inLanguage":"es","potentialAction":[{"@type":"CommentAction","name":"Comment","target":["https:\/\/redamlo.com\/index.php\/2025\/05\/22\/corte-de-eu-obliga-a-garcia-luna-y-esposa-a-pagar-suma-millonaria-a-gobierno-de-mexico\/#respond"]}]},{"@type":"WebPage","@id":"https:\/\/redamlo.com\/index.php\/2025\/05\/22\/corte-de-eu-obliga-a-garcia-luna-y-esposa-a-pagar-suma-millonaria-a-gobierno-de-mexico\/","url":"https:\/\/redamlo.com\/index.php\/2025\/05\/22\/corte-de-eu-obliga-a-garcia-luna-y-esposa-a-pagar-suma-millonaria-a-gobierno-de-mexico\/","name":"Corte de EU obliga a Garc\u00eda Luna y esposa a pagar suma millonaria a Gobierno de M\u00e9xico - NOTICIAS DE LA 4T","isPartOf":{"@id":"https:\/\/redamlo.com\/#website"},"primaryImageOfPage":{"@id":"https:\/\/redamlo.com\/index.php\/2025\/05\/22\/corte-de-eu-obliga-a-garcia-luna-y-esposa-a-pagar-suma-millonaria-a-gobierno-de-mexico\/#primaryimage"},"image":{"@id":"https:\/\/redamlo.com\/index.php\/2025\/05\/22\/corte-de-eu-obliga-a-garcia-luna-y-esposa-a-pagar-suma-millonaria-a-gobierno-de-mexico\/#primaryimage"},"thumbnailUrl":"https:\/\/redamlo.com\/wp-content\/uploads\/2025\/05\/sentencia-garcia-luna.png","datePublished":"2025-05-22T23:58:32+00:00","breadcrumb":{"@id":"https:\/\/redamlo.com\/index.php\/2025\/05\/22\/corte-de-eu-obliga-a-garcia-luna-y-esposa-a-pagar-suma-millonaria-a-gobierno-de-mexico\/#breadcrumb"},"inLanguage":"es","potentialAction":[{"@type":"ReadAction","target":["https:\/\/redamlo.com\/index.php\/2025\/05\/22\/corte-de-eu-obliga-a-garcia-luna-y-esposa-a-pagar-suma-millonaria-a-gobierno-de-mexico\/"]}]},{"@type":"ImageObject","inLanguage":"es","@id":"https:\/\/redamlo.com\/index.php\/2025\/05\/22\/corte-de-eu-obliga-a-garcia-luna-y-esposa-a-pagar-suma-millonaria-a-gobierno-de-mexico\/#primaryimage","url":"https:\/\/redamlo.com\/wp-content\/uploads\/2025\/05\/sentencia-garcia-luna.png","contentUrl":"https:\/\/redamlo.com\/wp-content\/uploads\/2025\/05\/sentencia-garcia-luna.png","width":565,"height":618},{"@type":"BreadcrumbList","@id":"https:\/\/redamlo.com\/index.php\/2025\/05\/22\/corte-de-eu-obliga-a-garcia-luna-y-esposa-a-pagar-suma-millonaria-a-gobierno-de-mexico\/#breadcrumb","itemListElement":[{"@type":"ListItem","position":1,"name":"Inicio","item":"https:\/\/redamlo.com\/"},{"@type":"ListItem","position":2,"name":"Corte de EU obliga a Garc\u00eda Luna y esposa a pagar suma millonaria a Gobierno de M\u00e9xico"}]},{"@type":"WebSite","@id":"https:\/\/redamlo.com\/#website","url":"https:\/\/redamlo.com\/","name":"NOTICIAS DE LA 4T","description":"","publisher":{"@id":"https:\/\/redamlo.com\/#organization"},"potentialAction":[{"@type":"SearchAction","target":{"@type":"EntryPoint","urlTemplate":"https:\/\/redamlo.com\/?s={search_term_string}"},"query-input":{"@type":"PropertyValueSpecification","valueRequired":true,"valueName":"search_term_string"}}],"inLanguage":"es"},{"@type":"Organization","@id":"https:\/\/redamlo.com\/#organization","name":"NOTICIAS DE LA 4T","url":"https:\/\/redamlo.com\/","logo":{"@type":"ImageObject","inLanguage":"es","@id":"https:\/\/redamlo.com\/#\/schema\/logo\/image\/","url":"https:\/\/redamlo.com\/wp-content\/uploads\/2024\/08\/cropped-RED-AMLO-logo-50.png","contentUrl":"https:\/\/redamlo.com\/wp-content\/uploads\/2024\/08\/cropped-RED-AMLO-logo-50.png","width":256,"height":256,"caption":"NOTICIAS DE LA 4T"},"image":{"@id":"https:\/\/redamlo.com\/#\/schema\/logo\/image\/"}},{"@type":"Person","@id":"https:\/\/redamlo.com\/#\/schema\/person\/197a0a670d21b1f4f1483ddda1b64613","name":"admin","image":{"@type":"ImageObject","inLanguage":"es","@id":"https:\/\/secure.gravatar.com\/avatar\/293dccd927043f2e641da6685c2f84009782eb9ee0054daceada4e261ded849a?s=96&d=mm&r=g","url":"https:\/\/secure.gravatar.com\/avatar\/293dccd927043f2e641da6685c2f84009782eb9ee0054daceada4e261ded849a?s=96&d=mm&r=g","contentUrl":"https:\/\/secure.gravatar.com\/avatar\/293dccd927043f2e641da6685c2f84009782eb9ee0054daceada4e261ded849a?s=96&d=mm&r=g","caption":"admin"},"sameAs":["https:\/\/redamlo.com"],"url":"https:\/\/redamlo.com\/index.php\/author\/stell\/"}]}},"_links":{"self":[{"href":"https:\/\/redamlo.com\/index.php\/wp-json\/wp\/v2\/posts\/8707","targetHints":{"allow":["GET"]}}],"collection":[{"href":"https:\/\/redamlo.com\/index.php\/wp-json\/wp\/v2\/posts"}],"about":[{"href":"https:\/\/redamlo.com\/index.php\/wp-json\/wp\/v2\/types\/post"}],"author":[{"embeddable":true,"href":"https:\/\/redamlo.com\/index.php\/wp-json\/wp\/v2\/users\/1"}],"replies":[{"embeddable":true,"href":"https:\/\/redamlo.com\/index.php\/wp-json\/wp\/v2\/comments?post=8707"}],"version-history":[{"count":0,"href":"https:\/\/redamlo.com\/index.php\/wp-json\/wp\/v2\/posts\/8707\/revisions"}],"wp:featuredmedia":[{"embeddable":true,"href":"https:\/\/redamlo.com\/index.php\/wp-json\/wp\/v2\/media\/8708"}],"wp:attachment":[{"href":"https:\/\/redamlo.com\/index.php\/wp-json\/wp\/v2\/media?parent=8707"}],"wp:term":[{"taxonomy":"category","embeddable":true,"href":"https:\/\/redamlo.com\/index.php\/wp-json\/wp\/v2\/categories?post=8707"},{"taxonomy":"post_tag","embeddable":true,"href":"https:\/\/redamlo.com\/index.php\/wp-json\/wp\/v2\/tags?post=8707"}],"curies":[{"name":"wp","href":"https:\/\/api.w.org\/{rel}","templated":true}]}}