{"id":8701,"date":"2025-05-22T18:30:29","date_gmt":"2025-05-22T23:30:29","guid":{"rendered":"https:\/\/redamlo.com\/?p=8701"},"modified":"2025-05-22T18:30:29","modified_gmt":"2025-05-22T23:30:29","slug":"manifestantes-en-espana-gritan-ladron-y-asesino-a-felipe-calderon","status":"publish","type":"post","link":"https:\/\/redamlo.com\/index.php\/2025\/05\/22\/manifestantes-en-espana-gritan-ladron-y-asesino-a-felipe-calderon\/","title":{"rendered":"Manifestantes en Espa\u00f1a gritan ladr\u00f3n y asesino a Felipe Calder\u00f3n"},"content":{"rendered":"<p class=\"nota-justify\"><i>En la Ciudad de Madrid a<\/i>lrededor de 200 personas se concentraron a un costado de la puerta principal del Teatro Campoamor, de Oviedo, capital de Asturias, para gritar \u201cladrones\u201d, \u201casesinos\u201d y \u201ccorruptos\u201d a una serie de pol\u00edticos de la derecha iberoamericana que se congreg\u00f3 al llamado de la fundaci\u00f3n ultra Libertad y Desarrollo. Entre los ex mandatarios repudiados destacaba el mexicano Felipe Calder\u00f3n, al que le recriminaron sus presuntos v\u00ednculos con el narcotr\u00e1fico, su participaci\u00f3n activa en el fraude electoral en el 2006 y que haya dejado \u201cm\u00e1s miseria y desigualdad\u201d en nuestro pa\u00eds. En el foro, durante su intervenci\u00f3n, Calder\u00f3n decret\u00f3 el \u201cestrepitoso fracaso de la democracia\u201d en M\u00e9xico y Am\u00e9rica Latina para favorecer la llegada de \u201cpopulismos\u201d que, \u201ccomo Hitler o Mussolini\u201d no piensan \u201cdejar el poder\u201d.<\/p>\n<p class=\"nota-justify\">La Fundaci\u00f3n Libertad y Desarrollo, presidida por el guatemalteco Dionisio Rodr\u00edguez, congreg\u00f3 a pol\u00edticos, empresarios, periodistas e intelectuales pr\u00f3ximos al ultraliberalismo m\u00e1s salvaje de Iberoam\u00e9rica, pero tambi\u00e9n de Estados Unidos, donde tiene estrechas relaciones con los sectores m\u00e1s conservadores del Partido Republicano. En los \u00faltimos a\u00f1os han intensificado sus actos y reuniones porque consideran que \u201cvivimos una \u00e9poca que amenaza con destruir la democracia\u201d, que se sustituir\u00e1 por un r\u00e9gimen \u201cpopulista y autoritario\u201d.<\/p>\n<p class=\"nota-justify\">En definitiva advierten que \u201cestamos ante una encrucijada\u201d y se necesitan \u201cde forma urgente\u201d \u201cnuevos liderazgos\u201d para defender \u201cla libertad y la democracia\u201d.<\/p>\n<p class=\"nota-justify\">En el debate en el que particip\u00f3 el ex presidente Felipe Calder\u00f3n, que titularon \u201cLa pol\u00edtica y el desarrollo. Dos caras de la misma moneda\u201d, tambi\u00e9n estaban otros ex mandatarios, como el espa\u00f1ol Jos\u00e9 Mar\u00eda Aznar, el colombiano Andr\u00e9s Pastrana y el argentino Mauricio Macri. Todos ellos, que tuvieron que entrar por la puerta trasera del teatro para escuchar lo menos posible las muestras de repulsa de una parte de la sociedad asturiana, arremetieron contra los movimientos de izquierda, \u201cla cultura woke\u201d y calificaron de \u201cmuy grave\u201d la \u201ccrisis pol\u00edtica que vive el mundo\u201d.<\/p>\n<p class=\"nota-justify\">En su intervenci\u00f3n, Calder\u00f3n lament\u00f3 que \u201cel Grupo de Puebla y el Foro de Sao Paolo han logrado coronar a sus peones y poner en el poder, curiosamente por v\u00edas democr\u00e1ticas, a los peores autoritarismos que hemos visto en Am\u00e9rica Latina. Daniel Ortega y Hugo Ch\u00e1vez llegaron por v\u00eda democr\u00e1tica y los gobiernos autoritarios en Am\u00e9rica Latina han llegado por v\u00eda democr\u00e1tica cumpliendo aquella profec\u00eda de que las democracias mueren de manera democr\u00e1tica. Es decir, que tanto Hitler como Mussolini como los autoritarios latinoamericanos llegaron por el voto y no piensan salir de ah\u00ed. Coronaron a sus peones y los hicieron reinas y no piensan salir. Mucho me temo, y ojal\u00e1 me equivoque, que ese va a ser el caso de M\u00e9xico\u201d.<\/p>\n<p class=\"nota-justify\">Adem\u00e1s, el ex presidente mexicano ahond\u00f3 en la crisis pol\u00edtica que vive M\u00e9xico y el resto de Am\u00e9rica Latina: \u201cEl populismo es la manipulaci\u00f3n de los sentimientos del pueblo en su nombre para dominarlo. Y estas dictaduras se hacen m\u00e1s fuertes en esta mundo de la postverdad, lo que ha favorecido el estrepitoso fracaso de la democracia\u201d.<\/p>\n<p class=\"nota-justify\"><strong>Repudio en la calle<\/strong><\/p>\n<p class=\"nota-justify\">La presencia de tantos ex mandatarios, pero sobre todo de personas que enarbolan el discurso ultraliberal, provoc\u00f3 una concentraci\u00f3n de repulsa tras una gran pancarta que dec\u00eda \u201cLadrones\u201d y en la que se escucharon gritos como \u201casesinos\u201d y \u201ccorruptos\u201d. Marco Antu\u00f1a, asturiano y uno de los asistentes a la protesta, explic\u00f3 a La Jornada que \u201csomos un colectivo de gente de distinto cariz ideol\u00f3gico y vital, hay desde estudiantes hasta trabajadores de la mina. Somos gente que durante muchos a\u00f1os hemos tenido una intensa relaci\u00f3n con Am\u00e9rica Latina y m\u00e1s con M\u00e9xico, ya que recordamos con mucho cari\u00f1o lo que hizo L\u00e1zaro C\u00e1rdenas. As\u00ed que queremos expresar nuestra voz disconforme frente a tanta alegr\u00eda de neoliberalismo y advertir que cuando estas personas hablan de democracia y libertad en realidad est\u00e1n prostituyendo estas palabras\u201d.<\/p>\n<p class=\"nota-justify\">Antu\u00f1a a\u00f1adi\u00f3 que \u201cnos molesta en general la presencia de todos ellos, porque representan todo contra lo que peleamos. Y en concreto nos molesta Felipe Calder\u00f3n porque creemos que deber\u00eda estar rindiendo cuentas frente a la justicia por todo el saqueo y el dolor que provoc\u00f3 en M\u00e9xico al ser parte del entramado que llev\u00f3 a la ruina a tanta gente. Por eso sentimos el deber moral de denunciar que su pasado es turbio\u201d.<\/p>\n<p class=\"nota-justify\">Otro de los manifestantes era Javier Arjona, quien se\u00f1al\u00f3 que \u201chan venido a provocarnos a Asturias toda esta gente con tan ampl\u00edo prontuario criminal. Y ante esta provocaci\u00f3n Asturias ha respondido de forma digna o con la digna rabia, como dicen los zapatistas, con esta concentraci\u00f3n de rechazo y tratando de explicar a la gente que no se puede utilizar un espacio p\u00fablico para fomentar discursos de odio y liberticidas\u201d.<\/p>\n<p class=\"nota-justify\">Adem\u00e1s centr\u00f3 su rechazo en Calder\u00f3n: \u201cNos provoca repulsi\u00f3n, entre otras cosas por la vinculaci\u00f3n de su secretario de Estado, Genaro Garc\u00eda Luna, al narcotr\u00e1fico y al crimen organizado, que ha provocado tanta muerte y destrucci\u00f3n en M\u00e9xico. Pero adem\u00e1s por su pasado de fraude electoral en el 2006 y eso, aunque lo tiene que dilucidar el pueblo mexicano, en Asturias tampoco lo olvidamos ni su vinculaci\u00f3n con los ricos y los poderosos para provocar m\u00e1s miseria y desigualdad. Por eso la clase obrera no podemos ser imparciales ante su presencia aqu\u00ed y rechazarla\u201d.<\/p>\n<p>Informaci\u00f3n de: La JOrnada.<\/p>\n<p>&nbsp;<\/p>\n","protected":false},"excerpt":{"rendered":"<p>En la Ciudad de Madrid alrededor de 200 personas se concentraron a un costado de&#8230;<\/p>\n","protected":false},"author":1,"featured_media":8702,"comment_status":"open","ping_status":"closed","sticky":false,"template":"","format":"standard","meta":{"footnotes":""},"categories":[13],"tags":[2873,2874],"class_list":["post-8701","post","type-post","status-publish","format-standard","has-post-thumbnail","hentry","category-internacionales","tag-felipe-calderon-asesino","tag-madrid-espana"],"yoast_head":"<!-- This site is optimized with the Yoast SEO plugin v27.5 - https:\/\/yoast.com\/product\/yoast-seo-wordpress\/ -->\n<title>Manifestantes en Espa\u00f1a gritan ladr\u00f3n y asesino a Felipe Calder\u00f3n - NOTICIAS DE LA 4T<\/title>\n<meta name=\"robots\" content=\"noindex, follow, max-snippet:-1, max-image-preview:large, max-video-preview:-1\" \/>\n<meta property=\"og:locale\" content=\"es_MX\" \/>\n<meta property=\"og:type\" content=\"article\" \/>\n<meta property=\"og:title\" content=\"Manifestantes en Espa\u00f1a gritan ladr\u00f3n y asesino a Felipe Calder\u00f3n - NOTICIAS DE LA 4T\" \/>\n<meta property=\"og:description\" content=\"En la Ciudad de Madrid alrededor de 200 personas se concentraron a un costado de...\" \/>\n<meta property=\"og:url\" content=\"https:\/\/redamlo.com\/index.php\/2025\/05\/22\/manifestantes-en-espana-gritan-ladron-y-asesino-a-felipe-calderon\/\" \/>\n<meta property=\"og:site_name\" content=\"NOTICIAS DE LA 4T\" \/>\n<meta property=\"article:published_time\" content=\"2025-05-22T23:30:29+00:00\" \/>\n<meta property=\"og:image\" content=\"https:\/\/redamlo.com\/wp-content\/uploads\/2025\/05\/manifestantes-en-espana.png\" \/>\n\t<meta property=\"og:image:width\" content=\"471\" \/>\n\t<meta property=\"og:image:height\" content=\"442\" \/>\n\t<meta property=\"og:image:type\" content=\"image\/png\" \/>\n<meta name=\"author\" content=\"admin\" \/>\n<meta name=\"twitter:card\" content=\"summary_large_image\" \/>\n<meta name=\"twitter:label1\" content=\"Escrito por\" \/>\n\t<meta name=\"twitter:data1\" content=\"admin\" \/>\n\t<meta name=\"twitter:label2\" content=\"Tiempo de lectura\" \/>\n\t<meta name=\"twitter:data2\" content=\"5 minutos\" \/>\n<script type=\"application\/ld+json\" class=\"yoast-schema-graph\">{\"@context\":\"https:\\\/\\\/schema.org\",\"@graph\":[{\"@type\":\"Article\",\"@id\":\"https:\\\/\\\/redamlo.com\\\/index.php\\\/2025\\\/05\\\/22\\\/manifestantes-en-espana-gritan-ladron-y-asesino-a-felipe-calderon\\\/#article\",\"isPartOf\":{\"@id\":\"https:\\\/\\\/redamlo.com\\\/index.php\\\/2025\\\/05\\\/22\\\/manifestantes-en-espana-gritan-ladron-y-asesino-a-felipe-calderon\\\/\"},\"author\":{\"name\":\"admin\",\"@id\":\"https:\\\/\\\/redamlo.com\\\/#\\\/schema\\\/person\\\/197a0a670d21b1f4f1483ddda1b64613\"},\"headline\":\"Manifestantes en Espa\u00f1a gritan ladr\u00f3n y asesino a Felipe Calder\u00f3n\",\"datePublished\":\"2025-05-22T23:30:29+00:00\",\"mainEntityOfPage\":{\"@id\":\"https:\\\/\\\/redamlo.com\\\/index.php\\\/2025\\\/05\\\/22\\\/manifestantes-en-espana-gritan-ladron-y-asesino-a-felipe-calderon\\\/\"},\"wordCount\":973,\"commentCount\":0,\"publisher\":{\"@id\":\"https:\\\/\\\/redamlo.com\\\/#organization\"},\"image\":{\"@id\":\"https:\\\/\\\/redamlo.com\\\/index.php\\\/2025\\\/05\\\/22\\\/manifestantes-en-espana-gritan-ladron-y-asesino-a-felipe-calderon\\\/#primaryimage\"},\"thumbnailUrl\":\"https:\\\/\\\/redamlo.com\\\/wp-content\\\/uploads\\\/2025\\\/05\\\/manifestantes-en-espana.png\",\"keywords\":[\"felipe calderon asesino\",\"madrid espa\u00f1a\"],\"articleSection\":[\"Internacionales\"],\"inLanguage\":\"es\",\"potentialAction\":[{\"@type\":\"CommentAction\",\"name\":\"Comment\",\"target\":[\"https:\\\/\\\/redamlo.com\\\/index.php\\\/2025\\\/05\\\/22\\\/manifestantes-en-espana-gritan-ladron-y-asesino-a-felipe-calderon\\\/#respond\"]}]},{\"@type\":\"WebPage\",\"@id\":\"https:\\\/\\\/redamlo.com\\\/index.php\\\/2025\\\/05\\\/22\\\/manifestantes-en-espana-gritan-ladron-y-asesino-a-felipe-calderon\\\/\",\"url\":\"https:\\\/\\\/redamlo.com\\\/index.php\\\/2025\\\/05\\\/22\\\/manifestantes-en-espana-gritan-ladron-y-asesino-a-felipe-calderon\\\/\",\"name\":\"Manifestantes en Espa\u00f1a gritan ladr\u00f3n y asesino a Felipe Calder\u00f3n - NOTICIAS DE LA 4T\",\"isPartOf\":{\"@id\":\"https:\\\/\\\/redamlo.com\\\/#website\"},\"primaryImageOfPage\":{\"@id\":\"https:\\\/\\\/redamlo.com\\\/index.php\\\/2025\\\/05\\\/22\\\/manifestantes-en-espana-gritan-ladron-y-asesino-a-felipe-calderon\\\/#primaryimage\"},\"image\":{\"@id\":\"https:\\\/\\\/redamlo.com\\\/index.php\\\/2025\\\/05\\\/22\\\/manifestantes-en-espana-gritan-ladron-y-asesino-a-felipe-calderon\\\/#primaryimage\"},\"thumbnailUrl\":\"https:\\\/\\\/redamlo.com\\\/wp-content\\\/uploads\\\/2025\\\/05\\\/manifestantes-en-espana.png\",\"datePublished\":\"2025-05-22T23:30:29+00:00\",\"breadcrumb\":{\"@id\":\"https:\\\/\\\/redamlo.com\\\/index.php\\\/2025\\\/05\\\/22\\\/manifestantes-en-espana-gritan-ladron-y-asesino-a-felipe-calderon\\\/#breadcrumb\"},\"inLanguage\":\"es\",\"potentialAction\":[{\"@type\":\"ReadAction\",\"target\":[\"https:\\\/\\\/redamlo.com\\\/index.php\\\/2025\\\/05\\\/22\\\/manifestantes-en-espana-gritan-ladron-y-asesino-a-felipe-calderon\\\/\"]}]},{\"@type\":\"ImageObject\",\"inLanguage\":\"es\",\"@id\":\"https:\\\/\\\/redamlo.com\\\/index.php\\\/2025\\\/05\\\/22\\\/manifestantes-en-espana-gritan-ladron-y-asesino-a-felipe-calderon\\\/#primaryimage\",\"url\":\"https:\\\/\\\/redamlo.com\\\/wp-content\\\/uploads\\\/2025\\\/05\\\/manifestantes-en-espana.png\",\"contentUrl\":\"https:\\\/\\\/redamlo.com\\\/wp-content\\\/uploads\\\/2025\\\/05\\\/manifestantes-en-espana.png\",\"width\":471,\"height\":442},{\"@type\":\"BreadcrumbList\",\"@id\":\"https:\\\/\\\/redamlo.com\\\/index.php\\\/2025\\\/05\\\/22\\\/manifestantes-en-espana-gritan-ladron-y-asesino-a-felipe-calderon\\\/#breadcrumb\",\"itemListElement\":[{\"@type\":\"ListItem\",\"position\":1,\"name\":\"Inicio\",\"item\":\"https:\\\/\\\/redamlo.com\\\/\"},{\"@type\":\"ListItem\",\"position\":2,\"name\":\"Manifestantes en Espa\u00f1a gritan ladr\u00f3n y asesino a Felipe Calder\u00f3n\"}]},{\"@type\":\"WebSite\",\"@id\":\"https:\\\/\\\/redamlo.com\\\/#website\",\"url\":\"https:\\\/\\\/redamlo.com\\\/\",\"name\":\"NOTICIAS DE LA 4T\",\"description\":\"\",\"publisher\":{\"@id\":\"https:\\\/\\\/redamlo.com\\\/#organization\"},\"potentialAction\":[{\"@type\":\"SearchAction\",\"target\":{\"@type\":\"EntryPoint\",\"urlTemplate\":\"https:\\\/\\\/redamlo.com\\\/?s={search_term_string}\"},\"query-input\":{\"@type\":\"PropertyValueSpecification\",\"valueRequired\":true,\"valueName\":\"search_term_string\"}}],\"inLanguage\":\"es\"},{\"@type\":\"Organization\",\"@id\":\"https:\\\/\\\/redamlo.com\\\/#organization\",\"name\":\"NOTICIAS DE LA 4T\",\"url\":\"https:\\\/\\\/redamlo.com\\\/\",\"logo\":{\"@type\":\"ImageObject\",\"inLanguage\":\"es\",\"@id\":\"https:\\\/\\\/redamlo.com\\\/#\\\/schema\\\/logo\\\/image\\\/\",\"url\":\"https:\\\/\\\/redamlo.com\\\/wp-content\\\/uploads\\\/2024\\\/08\\\/cropped-RED-AMLO-logo-50.png\",\"contentUrl\":\"https:\\\/\\\/redamlo.com\\\/wp-content\\\/uploads\\\/2024\\\/08\\\/cropped-RED-AMLO-logo-50.png\",\"width\":256,\"height\":256,\"caption\":\"NOTICIAS DE LA 4T\"},\"image\":{\"@id\":\"https:\\\/\\\/redamlo.com\\\/#\\\/schema\\\/logo\\\/image\\\/\"}},{\"@type\":\"Person\",\"@id\":\"https:\\\/\\\/redamlo.com\\\/#\\\/schema\\\/person\\\/197a0a670d21b1f4f1483ddda1b64613\",\"name\":\"admin\",\"image\":{\"@type\":\"ImageObject\",\"inLanguage\":\"es\",\"@id\":\"https:\\\/\\\/secure.gravatar.com\\\/avatar\\\/293dccd927043f2e641da6685c2f84009782eb9ee0054daceada4e261ded849a?s=96&d=mm&r=g\",\"url\":\"https:\\\/\\\/secure.gravatar.com\\\/avatar\\\/293dccd927043f2e641da6685c2f84009782eb9ee0054daceada4e261ded849a?s=96&d=mm&r=g\",\"contentUrl\":\"https:\\\/\\\/secure.gravatar.com\\\/avatar\\\/293dccd927043f2e641da6685c2f84009782eb9ee0054daceada4e261ded849a?s=96&d=mm&r=g\",\"caption\":\"admin\"},\"sameAs\":[\"https:\\\/\\\/redamlo.com\"],\"url\":\"https:\\\/\\\/redamlo.com\\\/index.php\\\/author\\\/stell\\\/\"}]}<\/script>\n<!-- \/ Yoast SEO plugin. -->","yoast_head_json":{"title":"Manifestantes en Espa\u00f1a gritan ladr\u00f3n y asesino a Felipe Calder\u00f3n - NOTICIAS DE LA 4T","robots":{"index":"noindex","follow":"follow","max-snippet":"max-snippet:-1","max-image-preview":"max-image-preview:large","max-video-preview":"max-video-preview:-1"},"og_locale":"es_MX","og_type":"article","og_title":"Manifestantes en Espa\u00f1a gritan ladr\u00f3n y asesino a Felipe Calder\u00f3n - NOTICIAS DE LA 4T","og_description":"En la Ciudad de Madrid alrededor de 200 personas se concentraron a un costado de...","og_url":"https:\/\/redamlo.com\/index.php\/2025\/05\/22\/manifestantes-en-espana-gritan-ladron-y-asesino-a-felipe-calderon\/","og_site_name":"NOTICIAS DE LA 4T","article_published_time":"2025-05-22T23:30:29+00:00","og_image":[{"width":471,"height":442,"url":"https:\/\/redamlo.com\/wp-content\/uploads\/2025\/05\/manifestantes-en-espana.png","type":"image\/png"}],"author":"admin","twitter_card":"summary_large_image","twitter_misc":{"Escrito por":"admin","Tiempo de lectura":"5 minutos"},"schema":{"@context":"https:\/\/schema.org","@graph":[{"@type":"Article","@id":"https:\/\/redamlo.com\/index.php\/2025\/05\/22\/manifestantes-en-espana-gritan-ladron-y-asesino-a-felipe-calderon\/#article","isPartOf":{"@id":"https:\/\/redamlo.com\/index.php\/2025\/05\/22\/manifestantes-en-espana-gritan-ladron-y-asesino-a-felipe-calderon\/"},"author":{"name":"admin","@id":"https:\/\/redamlo.com\/#\/schema\/person\/197a0a670d21b1f4f1483ddda1b64613"},"headline":"Manifestantes en Espa\u00f1a gritan ladr\u00f3n y asesino a Felipe Calder\u00f3n","datePublished":"2025-05-22T23:30:29+00:00","mainEntityOfPage":{"@id":"https:\/\/redamlo.com\/index.php\/2025\/05\/22\/manifestantes-en-espana-gritan-ladron-y-asesino-a-felipe-calderon\/"},"wordCount":973,"commentCount":0,"publisher":{"@id":"https:\/\/redamlo.com\/#organization"},"image":{"@id":"https:\/\/redamlo.com\/index.php\/2025\/05\/22\/manifestantes-en-espana-gritan-ladron-y-asesino-a-felipe-calderon\/#primaryimage"},"thumbnailUrl":"https:\/\/redamlo.com\/wp-content\/uploads\/2025\/05\/manifestantes-en-espana.png","keywords":["felipe calderon asesino","madrid espa\u00f1a"],"articleSection":["Internacionales"],"inLanguage":"es","potentialAction":[{"@type":"CommentAction","name":"Comment","target":["https:\/\/redamlo.com\/index.php\/2025\/05\/22\/manifestantes-en-espana-gritan-ladron-y-asesino-a-felipe-calderon\/#respond"]}]},{"@type":"WebPage","@id":"https:\/\/redamlo.com\/index.php\/2025\/05\/22\/manifestantes-en-espana-gritan-ladron-y-asesino-a-felipe-calderon\/","url":"https:\/\/redamlo.com\/index.php\/2025\/05\/22\/manifestantes-en-espana-gritan-ladron-y-asesino-a-felipe-calderon\/","name":"Manifestantes en Espa\u00f1a gritan ladr\u00f3n y asesino a Felipe Calder\u00f3n - NOTICIAS DE LA 4T","isPartOf":{"@id":"https:\/\/redamlo.com\/#website"},"primaryImageOfPage":{"@id":"https:\/\/redamlo.com\/index.php\/2025\/05\/22\/manifestantes-en-espana-gritan-ladron-y-asesino-a-felipe-calderon\/#primaryimage"},"image":{"@id":"https:\/\/redamlo.com\/index.php\/2025\/05\/22\/manifestantes-en-espana-gritan-ladron-y-asesino-a-felipe-calderon\/#primaryimage"},"thumbnailUrl":"https:\/\/redamlo.com\/wp-content\/uploads\/2025\/05\/manifestantes-en-espana.png","datePublished":"2025-05-22T23:30:29+00:00","breadcrumb":{"@id":"https:\/\/redamlo.com\/index.php\/2025\/05\/22\/manifestantes-en-espana-gritan-ladron-y-asesino-a-felipe-calderon\/#breadcrumb"},"inLanguage":"es","potentialAction":[{"@type":"ReadAction","target":["https:\/\/redamlo.com\/index.php\/2025\/05\/22\/manifestantes-en-espana-gritan-ladron-y-asesino-a-felipe-calderon\/"]}]},{"@type":"ImageObject","inLanguage":"es","@id":"https:\/\/redamlo.com\/index.php\/2025\/05\/22\/manifestantes-en-espana-gritan-ladron-y-asesino-a-felipe-calderon\/#primaryimage","url":"https:\/\/redamlo.com\/wp-content\/uploads\/2025\/05\/manifestantes-en-espana.png","contentUrl":"https:\/\/redamlo.com\/wp-content\/uploads\/2025\/05\/manifestantes-en-espana.png","width":471,"height":442},{"@type":"BreadcrumbList","@id":"https:\/\/redamlo.com\/index.php\/2025\/05\/22\/manifestantes-en-espana-gritan-ladron-y-asesino-a-felipe-calderon\/#breadcrumb","itemListElement":[{"@type":"ListItem","position":1,"name":"Inicio","item":"https:\/\/redamlo.com\/"},{"@type":"ListItem","position":2,"name":"Manifestantes en Espa\u00f1a gritan ladr\u00f3n y asesino a Felipe Calder\u00f3n"}]},{"@type":"WebSite","@id":"https:\/\/redamlo.com\/#website","url":"https:\/\/redamlo.com\/","name":"NOTICIAS DE LA 4T","description":"","publisher":{"@id":"https:\/\/redamlo.com\/#organization"},"potentialAction":[{"@type":"SearchAction","target":{"@type":"EntryPoint","urlTemplate":"https:\/\/redamlo.com\/?s={search_term_string}"},"query-input":{"@type":"PropertyValueSpecification","valueRequired":true,"valueName":"search_term_string"}}],"inLanguage":"es"},{"@type":"Organization","@id":"https:\/\/redamlo.com\/#organization","name":"NOTICIAS DE LA 4T","url":"https:\/\/redamlo.com\/","logo":{"@type":"ImageObject","inLanguage":"es","@id":"https:\/\/redamlo.com\/#\/schema\/logo\/image\/","url":"https:\/\/redamlo.com\/wp-content\/uploads\/2024\/08\/cropped-RED-AMLO-logo-50.png","contentUrl":"https:\/\/redamlo.com\/wp-content\/uploads\/2024\/08\/cropped-RED-AMLO-logo-50.png","width":256,"height":256,"caption":"NOTICIAS DE LA 4T"},"image":{"@id":"https:\/\/redamlo.com\/#\/schema\/logo\/image\/"}},{"@type":"Person","@id":"https:\/\/redamlo.com\/#\/schema\/person\/197a0a670d21b1f4f1483ddda1b64613","name":"admin","image":{"@type":"ImageObject","inLanguage":"es","@id":"https:\/\/secure.gravatar.com\/avatar\/293dccd927043f2e641da6685c2f84009782eb9ee0054daceada4e261ded849a?s=96&d=mm&r=g","url":"https:\/\/secure.gravatar.com\/avatar\/293dccd927043f2e641da6685c2f84009782eb9ee0054daceada4e261ded849a?s=96&d=mm&r=g","contentUrl":"https:\/\/secure.gravatar.com\/avatar\/293dccd927043f2e641da6685c2f84009782eb9ee0054daceada4e261ded849a?s=96&d=mm&r=g","caption":"admin"},"sameAs":["https:\/\/redamlo.com"],"url":"https:\/\/redamlo.com\/index.php\/author\/stell\/"}]}},"_links":{"self":[{"href":"https:\/\/redamlo.com\/index.php\/wp-json\/wp\/v2\/posts\/8701","targetHints":{"allow":["GET"]}}],"collection":[{"href":"https:\/\/redamlo.com\/index.php\/wp-json\/wp\/v2\/posts"}],"about":[{"href":"https:\/\/redamlo.com\/index.php\/wp-json\/wp\/v2\/types\/post"}],"author":[{"embeddable":true,"href":"https:\/\/redamlo.com\/index.php\/wp-json\/wp\/v2\/users\/1"}],"replies":[{"embeddable":true,"href":"https:\/\/redamlo.com\/index.php\/wp-json\/wp\/v2\/comments?post=8701"}],"version-history":[{"count":0,"href":"https:\/\/redamlo.com\/index.php\/wp-json\/wp\/v2\/posts\/8701\/revisions"}],"wp:featuredmedia":[{"embeddable":true,"href":"https:\/\/redamlo.com\/index.php\/wp-json\/wp\/v2\/media\/8702"}],"wp:attachment":[{"href":"https:\/\/redamlo.com\/index.php\/wp-json\/wp\/v2\/media?parent=8701"}],"wp:term":[{"taxonomy":"category","embeddable":true,"href":"https:\/\/redamlo.com\/index.php\/wp-json\/wp\/v2\/categories?post=8701"},{"taxonomy":"post_tag","embeddable":true,"href":"https:\/\/redamlo.com\/index.php\/wp-json\/wp\/v2\/tags?post=8701"}],"curies":[{"name":"wp","href":"https:\/\/api.w.org\/{rel}","templated":true}]}}