{"id":870,"date":"2020-07-13T16:33:27","date_gmt":"2020-07-13T21:33:27","guid":{"rendered":"http:\/\/redamlo.com\/?p=870"},"modified":"2020-07-13T16:33:27","modified_gmt":"2020-07-13T21:33:27","slug":"morena-propone-que-inquilinos-puedan-solicitar-no-pagar-renta-cdmx","status":"publish","type":"post","link":"https:\/\/redamlo.com\/index.php\/2020\/07\/13\/morena-propone-que-inquilinos-puedan-solicitar-no-pagar-renta-cdmx\/","title":{"rendered":"MORENA PROPONE QUE INQUILINOS PUEDAN SOLICITAR NO PAGAR RENTA CDMX"},"content":{"rendered":"<h1><strong>Ciudad de M\u00e9xico a 13 de julio 2020 (Cdmx Press).-<\/strong><\/h1>\n<p><strong>Morena<\/strong>\u00a0present\u00f3 una\u00a0<strong>iniciativa<\/strong>\u00a0de reformas al C\u00f3digo Civil para que los\u00a0<strong>caseros<\/strong>\u00a0<strong>flexibilicen<\/strong>\u00a0la posesi\u00f3n de la\u00a0<strong>propiedad,<\/strong>\u00a0 con el objetivo de que los\u00a0<strong>inquilinos<\/strong>\u00a0no tengan que pagar las\u00a0<strong>rentas<\/strong>\u00a0en tiempo y forma, en caso de\u00a0<strong>emergencias<\/strong>\u00a0que paralice las actividades econ\u00f3mica, como la pandemia de COVID-19.<\/p>\n<p>Las diputadas <strong>Valentina Batres y Martha \u00c1vila, por la Ciudad de M\u00e9xico<\/strong>, propusieron que los inquilinos puedan exigir modificar el contrato de arrendamiento para cambiar las condiciones de \u00e9ste, o incluso dejar de pagar.<\/p>\n<p>\u201cEn caso de emergencia, desastres naturales, declaratorias de emergencia ambiental o natural, as\u00ed como cualquier otra situaci\u00f3n de fuerza mayor que paralice las actividades econ\u00f3micas e impida al arrendatario el cumplimiento del contrato, podr\u00e1 solicitar al arrendador la renegociaci\u00f3n transitoria o definitiva de las condiciones del contrato de arrendamiento\u201d, se\u00f1ala la propuesta.<\/p>\n<p>En caso de que no exista contrato escrito, no se podr\u00e1 hacer el desalojo hasta que exista uno: \u201cel arrendamiento de vivienda no podr\u00e1 ser menor a tres a\u00f1os\u201d.<\/p>\n<p>\u201cEn el caso de arrendamientos de vivienda, la ausencia de contrato escrito impedir\u00e1 que pueda hacerse un desalojo, a\u00fan por incumplimiento del pago de la renta, hasta que no sea subsanada esta formalidad\u201d.<\/p>\n<p>Tampoco se le podr\u00e1 exigir un mes de anticipo al arrendatario ni que presente alguna propiedad como garant\u00eda.<\/p>\n<p class=\"paragraph\" data-count=\"466\" data-wrap=\"77\">\u201cEl arrendatario de vivienda tiene derecho a que no se le exija m\u00e1s de un mes de anticipo para el arriendo del inmueble; que no se le solicite fianza o alg\u00fan tipo de propiedad inmueble como garant\u00eda; no ser v\u00edctimas de desocupaciones arbitrarias, ilegales y\/o forzosas; en caso de desocupaciones ordenadas judicialmente deber\u00e1 notificarse de la diligencia con una anticipaci\u00f3n de dos meses contados a partir de la fecha de notificaci\u00f3n\u201d, se agrega la iniciativa.<\/p>\n","protected":false},"excerpt":{"rendered":"<p>Ciudad de M\u00e9xico a 13 de julio 2020 (Cdmx Press).- Morena\u00a0present\u00f3 una\u00a0iniciativa\u00a0de reformas al C\u00f3digo&#8230;<\/p>\n","protected":false},"author":2,"featured_media":872,"comment_status":"open","ping_status":"closed","sticky":false,"template":"","format":"standard","meta":{"footnotes":""},"categories":[285],"tags":[],"class_list":["post-870","post","type-post","status-publish","format-standard","has-post-thumbnail","hentry","category-camara-de-diputados"],"yoast_head":"<!-- This site is optimized with the Yoast SEO plugin v27.5 - https:\/\/yoast.com\/product\/yoast-seo-wordpress\/ -->\n<title>MORENA PROPONE QUE INQUILINOS PUEDAN SOLICITAR NO PAGAR RENTA CDMX - NOTICIAS DE LA 4T<\/title>\n<meta name=\"robots\" content=\"noindex, follow, max-snippet:-1, max-image-preview:large, max-video-preview:-1\" \/>\n<meta property=\"og:locale\" content=\"es_MX\" \/>\n<meta property=\"og:type\" content=\"article\" \/>\n<meta property=\"og:title\" content=\"MORENA PROPONE QUE INQUILINOS PUEDAN SOLICITAR NO PAGAR RENTA CDMX - NOTICIAS DE LA 4T\" \/>\n<meta property=\"og:description\" content=\"Ciudad de M\u00e9xico a 13 de julio 2020 (Cdmx Press).- Morena\u00a0present\u00f3 una\u00a0iniciativa\u00a0de reformas al C\u00f3digo...\" \/>\n<meta property=\"og:url\" content=\"https:\/\/redamlo.com\/index.php\/2020\/07\/13\/morena-propone-que-inquilinos-puedan-solicitar-no-pagar-renta-cdmx\/\" \/>\n<meta property=\"og:site_name\" content=\"NOTICIAS DE LA 4T\" \/>\n<meta property=\"article:published_time\" content=\"2020-07-13T21:33:27+00:00\" \/>\n<meta property=\"og:image\" content=\"https:\/\/redamlo.com\/wp-content\/uploads\/2020\/07\/CDMX-BIENES-RAICES.jpg\" \/>\n\t<meta property=\"og:image:width\" content=\"1280\" \/>\n\t<meta property=\"og:image:height\" content=\"719\" \/>\n\t<meta property=\"og:image:type\" content=\"image\/jpeg\" \/>\n<meta name=\"author\" content=\"Blanca\" \/>\n<meta name=\"twitter:card\" content=\"summary_large_image\" \/>\n<meta name=\"twitter:label1\" content=\"Escrito por\" \/>\n\t<meta name=\"twitter:data1\" content=\"Blanca\" \/>\n\t<meta name=\"twitter:label2\" content=\"Tiempo de lectura\" \/>\n\t<meta name=\"twitter:data2\" content=\"2 minutos\" \/>\n<script type=\"application\/ld+json\" class=\"yoast-schema-graph\">{\"@context\":\"https:\\\/\\\/schema.org\",\"@graph\":[{\"@type\":\"Article\",\"@id\":\"https:\\\/\\\/redamlo.com\\\/index.php\\\/2020\\\/07\\\/13\\\/morena-propone-que-inquilinos-puedan-solicitar-no-pagar-renta-cdmx\\\/#article\",\"isPartOf\":{\"@id\":\"https:\\\/\\\/redamlo.com\\\/index.php\\\/2020\\\/07\\\/13\\\/morena-propone-que-inquilinos-puedan-solicitar-no-pagar-renta-cdmx\\\/\"},\"author\":{\"name\":\"Blanca\",\"@id\":\"https:\\\/\\\/redamlo.com\\\/#\\\/schema\\\/person\\\/7223a4375eb8f1a782fcae010a7115cf\"},\"headline\":\"MORENA PROPONE QUE INQUILINOS PUEDAN SOLICITAR NO PAGAR RENTA CDMX\",\"datePublished\":\"2020-07-13T21:33:27+00:00\",\"mainEntityOfPage\":{\"@id\":\"https:\\\/\\\/redamlo.com\\\/index.php\\\/2020\\\/07\\\/13\\\/morena-propone-que-inquilinos-puedan-solicitar-no-pagar-renta-cdmx\\\/\"},\"wordCount\":329,\"commentCount\":0,\"publisher\":{\"@id\":\"https:\\\/\\\/redamlo.com\\\/#organization\"},\"image\":{\"@id\":\"https:\\\/\\\/redamlo.com\\\/index.php\\\/2020\\\/07\\\/13\\\/morena-propone-que-inquilinos-puedan-solicitar-no-pagar-renta-cdmx\\\/#primaryimage\"},\"thumbnailUrl\":\"https:\\\/\\\/redamlo.com\\\/wp-content\\\/uploads\\\/2020\\\/07\\\/CDMX-BIENES-RAICES.jpg\",\"articleSection\":[\"Camara de Diputados\"],\"inLanguage\":\"es\",\"potentialAction\":[{\"@type\":\"CommentAction\",\"name\":\"Comment\",\"target\":[\"https:\\\/\\\/redamlo.com\\\/index.php\\\/2020\\\/07\\\/13\\\/morena-propone-que-inquilinos-puedan-solicitar-no-pagar-renta-cdmx\\\/#respond\"]}]},{\"@type\":\"WebPage\",\"@id\":\"https:\\\/\\\/redamlo.com\\\/index.php\\\/2020\\\/07\\\/13\\\/morena-propone-que-inquilinos-puedan-solicitar-no-pagar-renta-cdmx\\\/\",\"url\":\"https:\\\/\\\/redamlo.com\\\/index.php\\\/2020\\\/07\\\/13\\\/morena-propone-que-inquilinos-puedan-solicitar-no-pagar-renta-cdmx\\\/\",\"name\":\"MORENA PROPONE QUE INQUILINOS PUEDAN SOLICITAR NO PAGAR RENTA CDMX - NOTICIAS DE LA 4T\",\"isPartOf\":{\"@id\":\"https:\\\/\\\/redamlo.com\\\/#website\"},\"primaryImageOfPage\":{\"@id\":\"https:\\\/\\\/redamlo.com\\\/index.php\\\/2020\\\/07\\\/13\\\/morena-propone-que-inquilinos-puedan-solicitar-no-pagar-renta-cdmx\\\/#primaryimage\"},\"image\":{\"@id\":\"https:\\\/\\\/redamlo.com\\\/index.php\\\/2020\\\/07\\\/13\\\/morena-propone-que-inquilinos-puedan-solicitar-no-pagar-renta-cdmx\\\/#primaryimage\"},\"thumbnailUrl\":\"https:\\\/\\\/redamlo.com\\\/wp-content\\\/uploads\\\/2020\\\/07\\\/CDMX-BIENES-RAICES.jpg\",\"datePublished\":\"2020-07-13T21:33:27+00:00\",\"breadcrumb\":{\"@id\":\"https:\\\/\\\/redamlo.com\\\/index.php\\\/2020\\\/07\\\/13\\\/morena-propone-que-inquilinos-puedan-solicitar-no-pagar-renta-cdmx\\\/#breadcrumb\"},\"inLanguage\":\"es\",\"potentialAction\":[{\"@type\":\"ReadAction\",\"target\":[\"https:\\\/\\\/redamlo.com\\\/index.php\\\/2020\\\/07\\\/13\\\/morena-propone-que-inquilinos-puedan-solicitar-no-pagar-renta-cdmx\\\/\"]}]},{\"@type\":\"ImageObject\",\"inLanguage\":\"es\",\"@id\":\"https:\\\/\\\/redamlo.com\\\/index.php\\\/2020\\\/07\\\/13\\\/morena-propone-que-inquilinos-puedan-solicitar-no-pagar-renta-cdmx\\\/#primaryimage\",\"url\":\"https:\\\/\\\/redamlo.com\\\/wp-content\\\/uploads\\\/2020\\\/07\\\/CDMX-BIENES-RAICES.jpg\",\"contentUrl\":\"https:\\\/\\\/redamlo.com\\\/wp-content\\\/uploads\\\/2020\\\/07\\\/CDMX-BIENES-RAICES.jpg\",\"width\":1280,\"height\":719},{\"@type\":\"BreadcrumbList\",\"@id\":\"https:\\\/\\\/redamlo.com\\\/index.php\\\/2020\\\/07\\\/13\\\/morena-propone-que-inquilinos-puedan-solicitar-no-pagar-renta-cdmx\\\/#breadcrumb\",\"itemListElement\":[{\"@type\":\"ListItem\",\"position\":1,\"name\":\"Inicio\",\"item\":\"https:\\\/\\\/redamlo.com\\\/\"},{\"@type\":\"ListItem\",\"position\":2,\"name\":\"MORENA PROPONE QUE INQUILINOS PUEDAN SOLICITAR NO PAGAR RENTA CDMX\"}]},{\"@type\":\"WebSite\",\"@id\":\"https:\\\/\\\/redamlo.com\\\/#website\",\"url\":\"https:\\\/\\\/redamlo.com\\\/\",\"name\":\"NOTICIAS DE LA 4T\",\"description\":\"\",\"publisher\":{\"@id\":\"https:\\\/\\\/redamlo.com\\\/#organization\"},\"potentialAction\":[{\"@type\":\"SearchAction\",\"target\":{\"@type\":\"EntryPoint\",\"urlTemplate\":\"https:\\\/\\\/redamlo.com\\\/?s={search_term_string}\"},\"query-input\":{\"@type\":\"PropertyValueSpecification\",\"valueRequired\":true,\"valueName\":\"search_term_string\"}}],\"inLanguage\":\"es\"},{\"@type\":\"Organization\",\"@id\":\"https:\\\/\\\/redamlo.com\\\/#organization\",\"name\":\"NOTICIAS DE LA 4T\",\"url\":\"https:\\\/\\\/redamlo.com\\\/\",\"logo\":{\"@type\":\"ImageObject\",\"inLanguage\":\"es\",\"@id\":\"https:\\\/\\\/redamlo.com\\\/#\\\/schema\\\/logo\\\/image\\\/\",\"url\":\"https:\\\/\\\/redamlo.com\\\/wp-content\\\/uploads\\\/2024\\\/08\\\/cropped-RED-AMLO-logo-50.png\",\"contentUrl\":\"https:\\\/\\\/redamlo.com\\\/wp-content\\\/uploads\\\/2024\\\/08\\\/cropped-RED-AMLO-logo-50.png\",\"width\":256,\"height\":256,\"caption\":\"NOTICIAS DE LA 4T\"},\"image\":{\"@id\":\"https:\\\/\\\/redamlo.com\\\/#\\\/schema\\\/logo\\\/image\\\/\"}},{\"@type\":\"Person\",\"@id\":\"https:\\\/\\\/redamlo.com\\\/#\\\/schema\\\/person\\\/7223a4375eb8f1a782fcae010a7115cf\",\"name\":\"Blanca\",\"image\":{\"@type\":\"ImageObject\",\"inLanguage\":\"es\",\"@id\":\"https:\\\/\\\/secure.gravatar.com\\\/avatar\\\/3f79bc8336367a4e6093eae8757acaaf61d1124834b905616de7829b0273426d?s=96&d=mm&r=g\",\"url\":\"https:\\\/\\\/secure.gravatar.com\\\/avatar\\\/3f79bc8336367a4e6093eae8757acaaf61d1124834b905616de7829b0273426d?s=96&d=mm&r=g\",\"contentUrl\":\"https:\\\/\\\/secure.gravatar.com\\\/avatar\\\/3f79bc8336367a4e6093eae8757acaaf61d1124834b905616de7829b0273426d?s=96&d=mm&r=g\",\"caption\":\"Blanca\"},\"url\":\"https:\\\/\\\/redamlo.com\\\/index.php\\\/author\\\/blanca\\\/\"}]}<\/script>\n<!-- \/ Yoast SEO plugin. -->","yoast_head_json":{"title":"MORENA PROPONE QUE INQUILINOS PUEDAN SOLICITAR NO PAGAR RENTA CDMX - NOTICIAS DE LA 4T","robots":{"index":"noindex","follow":"follow","max-snippet":"max-snippet:-1","max-image-preview":"max-image-preview:large","max-video-preview":"max-video-preview:-1"},"og_locale":"es_MX","og_type":"article","og_title":"MORENA PROPONE QUE INQUILINOS PUEDAN SOLICITAR NO PAGAR RENTA CDMX - NOTICIAS DE LA 4T","og_description":"Ciudad de M\u00e9xico a 13 de julio 2020 (Cdmx Press).- Morena\u00a0present\u00f3 una\u00a0iniciativa\u00a0de reformas al C\u00f3digo...","og_url":"https:\/\/redamlo.com\/index.php\/2020\/07\/13\/morena-propone-que-inquilinos-puedan-solicitar-no-pagar-renta-cdmx\/","og_site_name":"NOTICIAS DE LA 4T","article_published_time":"2020-07-13T21:33:27+00:00","og_image":[{"width":1280,"height":719,"url":"https:\/\/redamlo.com\/wp-content\/uploads\/2020\/07\/CDMX-BIENES-RAICES.jpg","type":"image\/jpeg"}],"author":"Blanca","twitter_card":"summary_large_image","twitter_misc":{"Escrito por":"Blanca","Tiempo de lectura":"2 minutos"},"schema":{"@context":"https:\/\/schema.org","@graph":[{"@type":"Article","@id":"https:\/\/redamlo.com\/index.php\/2020\/07\/13\/morena-propone-que-inquilinos-puedan-solicitar-no-pagar-renta-cdmx\/#article","isPartOf":{"@id":"https:\/\/redamlo.com\/index.php\/2020\/07\/13\/morena-propone-que-inquilinos-puedan-solicitar-no-pagar-renta-cdmx\/"},"author":{"name":"Blanca","@id":"https:\/\/redamlo.com\/#\/schema\/person\/7223a4375eb8f1a782fcae010a7115cf"},"headline":"MORENA PROPONE QUE INQUILINOS PUEDAN SOLICITAR NO PAGAR RENTA CDMX","datePublished":"2020-07-13T21:33:27+00:00","mainEntityOfPage":{"@id":"https:\/\/redamlo.com\/index.php\/2020\/07\/13\/morena-propone-que-inquilinos-puedan-solicitar-no-pagar-renta-cdmx\/"},"wordCount":329,"commentCount":0,"publisher":{"@id":"https:\/\/redamlo.com\/#organization"},"image":{"@id":"https:\/\/redamlo.com\/index.php\/2020\/07\/13\/morena-propone-que-inquilinos-puedan-solicitar-no-pagar-renta-cdmx\/#primaryimage"},"thumbnailUrl":"https:\/\/redamlo.com\/wp-content\/uploads\/2020\/07\/CDMX-BIENES-RAICES.jpg","articleSection":["Camara de Diputados"],"inLanguage":"es","potentialAction":[{"@type":"CommentAction","name":"Comment","target":["https:\/\/redamlo.com\/index.php\/2020\/07\/13\/morena-propone-que-inquilinos-puedan-solicitar-no-pagar-renta-cdmx\/#respond"]}]},{"@type":"WebPage","@id":"https:\/\/redamlo.com\/index.php\/2020\/07\/13\/morena-propone-que-inquilinos-puedan-solicitar-no-pagar-renta-cdmx\/","url":"https:\/\/redamlo.com\/index.php\/2020\/07\/13\/morena-propone-que-inquilinos-puedan-solicitar-no-pagar-renta-cdmx\/","name":"MORENA PROPONE QUE INQUILINOS PUEDAN SOLICITAR NO PAGAR RENTA CDMX - NOTICIAS DE LA 4T","isPartOf":{"@id":"https:\/\/redamlo.com\/#website"},"primaryImageOfPage":{"@id":"https:\/\/redamlo.com\/index.php\/2020\/07\/13\/morena-propone-que-inquilinos-puedan-solicitar-no-pagar-renta-cdmx\/#primaryimage"},"image":{"@id":"https:\/\/redamlo.com\/index.php\/2020\/07\/13\/morena-propone-que-inquilinos-puedan-solicitar-no-pagar-renta-cdmx\/#primaryimage"},"thumbnailUrl":"https:\/\/redamlo.com\/wp-content\/uploads\/2020\/07\/CDMX-BIENES-RAICES.jpg","datePublished":"2020-07-13T21:33:27+00:00","breadcrumb":{"@id":"https:\/\/redamlo.com\/index.php\/2020\/07\/13\/morena-propone-que-inquilinos-puedan-solicitar-no-pagar-renta-cdmx\/#breadcrumb"},"inLanguage":"es","potentialAction":[{"@type":"ReadAction","target":["https:\/\/redamlo.com\/index.php\/2020\/07\/13\/morena-propone-que-inquilinos-puedan-solicitar-no-pagar-renta-cdmx\/"]}]},{"@type":"ImageObject","inLanguage":"es","@id":"https:\/\/redamlo.com\/index.php\/2020\/07\/13\/morena-propone-que-inquilinos-puedan-solicitar-no-pagar-renta-cdmx\/#primaryimage","url":"https:\/\/redamlo.com\/wp-content\/uploads\/2020\/07\/CDMX-BIENES-RAICES.jpg","contentUrl":"https:\/\/redamlo.com\/wp-content\/uploads\/2020\/07\/CDMX-BIENES-RAICES.jpg","width":1280,"height":719},{"@type":"BreadcrumbList","@id":"https:\/\/redamlo.com\/index.php\/2020\/07\/13\/morena-propone-que-inquilinos-puedan-solicitar-no-pagar-renta-cdmx\/#breadcrumb","itemListElement":[{"@type":"ListItem","position":1,"name":"Inicio","item":"https:\/\/redamlo.com\/"},{"@type":"ListItem","position":2,"name":"MORENA PROPONE QUE INQUILINOS PUEDAN SOLICITAR NO PAGAR RENTA CDMX"}]},{"@type":"WebSite","@id":"https:\/\/redamlo.com\/#website","url":"https:\/\/redamlo.com\/","name":"NOTICIAS DE LA 4T","description":"","publisher":{"@id":"https:\/\/redamlo.com\/#organization"},"potentialAction":[{"@type":"SearchAction","target":{"@type":"EntryPoint","urlTemplate":"https:\/\/redamlo.com\/?s={search_term_string}"},"query-input":{"@type":"PropertyValueSpecification","valueRequired":true,"valueName":"search_term_string"}}],"inLanguage":"es"},{"@type":"Organization","@id":"https:\/\/redamlo.com\/#organization","name":"NOTICIAS DE LA 4T","url":"https:\/\/redamlo.com\/","logo":{"@type":"ImageObject","inLanguage":"es","@id":"https:\/\/redamlo.com\/#\/schema\/logo\/image\/","url":"https:\/\/redamlo.com\/wp-content\/uploads\/2024\/08\/cropped-RED-AMLO-logo-50.png","contentUrl":"https:\/\/redamlo.com\/wp-content\/uploads\/2024\/08\/cropped-RED-AMLO-logo-50.png","width":256,"height":256,"caption":"NOTICIAS DE LA 4T"},"image":{"@id":"https:\/\/redamlo.com\/#\/schema\/logo\/image\/"}},{"@type":"Person","@id":"https:\/\/redamlo.com\/#\/schema\/person\/7223a4375eb8f1a782fcae010a7115cf","name":"Blanca","image":{"@type":"ImageObject","inLanguage":"es","@id":"https:\/\/secure.gravatar.com\/avatar\/3f79bc8336367a4e6093eae8757acaaf61d1124834b905616de7829b0273426d?s=96&d=mm&r=g","url":"https:\/\/secure.gravatar.com\/avatar\/3f79bc8336367a4e6093eae8757acaaf61d1124834b905616de7829b0273426d?s=96&d=mm&r=g","contentUrl":"https:\/\/secure.gravatar.com\/avatar\/3f79bc8336367a4e6093eae8757acaaf61d1124834b905616de7829b0273426d?s=96&d=mm&r=g","caption":"Blanca"},"url":"https:\/\/redamlo.com\/index.php\/author\/blanca\/"}]}},"_links":{"self":[{"href":"https:\/\/redamlo.com\/index.php\/wp-json\/wp\/v2\/posts\/870","targetHints":{"allow":["GET"]}}],"collection":[{"href":"https:\/\/redamlo.com\/index.php\/wp-json\/wp\/v2\/posts"}],"about":[{"href":"https:\/\/redamlo.com\/index.php\/wp-json\/wp\/v2\/types\/post"}],"author":[{"embeddable":true,"href":"https:\/\/redamlo.com\/index.php\/wp-json\/wp\/v2\/users\/2"}],"replies":[{"embeddable":true,"href":"https:\/\/redamlo.com\/index.php\/wp-json\/wp\/v2\/comments?post=870"}],"version-history":[{"count":0,"href":"https:\/\/redamlo.com\/index.php\/wp-json\/wp\/v2\/posts\/870\/revisions"}],"wp:featuredmedia":[{"embeddable":true,"href":"https:\/\/redamlo.com\/index.php\/wp-json\/wp\/v2\/media\/872"}],"wp:attachment":[{"href":"https:\/\/redamlo.com\/index.php\/wp-json\/wp\/v2\/media?parent=870"}],"wp:term":[{"taxonomy":"category","embeddable":true,"href":"https:\/\/redamlo.com\/index.php\/wp-json\/wp\/v2\/categories?post=870"},{"taxonomy":"post_tag","embeddable":true,"href":"https:\/\/redamlo.com\/index.php\/wp-json\/wp\/v2\/tags?post=870"}],"curies":[{"name":"wp","href":"https:\/\/api.w.org\/{rel}","templated":true}]}}