{"id":8686,"date":"2025-05-20T13:31:16","date_gmt":"2025-05-20T18:31:16","guid":{"rendered":"https:\/\/redamlo.com\/?p=8686"},"modified":"2025-05-20T13:31:16","modified_gmt":"2025-05-20T18:31:16","slug":"asesinan-a-secretaria-particular-y-asesor-de-clara-brugada","status":"publish","type":"post","link":"https:\/\/redamlo.com\/index.php\/2025\/05\/20\/asesinan-a-secretaria-particular-y-asesor-de-clara-brugada\/","title":{"rendered":"Asesinan a secretaria particular y asesor de Clara Brugada"},"content":{"rendered":"<p>Gobierno de CDMX inform\u00f3 este martes el fallecimiento de Ximena Guzm\u00e1n, Secretaria Particular de la Jefa de Gobierno, y de Jos\u00e9 Mu\u00f1oz, asesor de la misma oficina, tras ser v\u00edctimas de una agresi\u00f3n directa.<\/p>\n<p class=\"nota-justify\">El ataque ocurri\u00f3 en el cruce de Calzada de Tlalpan y la calle Napole\u00f3n, en la colonia Moderna de la alcald\u00eda Benito Ju\u00e1rez. De acuerdo con informaci\u00f3n preliminar, los agresores se trasladaban en una motocicleta.<\/p>\n<p class=\"nota-justify\">Las autoridades capitalinas, en coordinaci\u00f3n con la Fiscal\u00eda General de Justicia y la Secretar\u00eda de Seguridad Ciudadana, ya iniciaron las investigaciones para esclarecer los hechos. Tambi\u00e9n se analizan las grabaciones de las c\u00e1maras de videovigilancia en la zona para identificar a los responsables.<\/p>\n<p class=\"nota-justify\">\u201cEl Gobierno de la Ciudad de M\u00e9xico reitera que no habr\u00e1 impunidad. Los responsables ser\u00e1n detenidos y deber\u00e1n enfrentar a la justicia\u201d, se lee en el comunicado oficial.<\/p>\n<p class=\"nota-justify\">La administraci\u00f3n local expres\u00f3 sus condolencias a los familiares de las v\u00edctimas y asegur\u00f3 que brindar\u00e1 todo el apoyo necesario.<\/p>\n<ul>\n<li>\n<p class=\"nota-justify\"><strong>Presidenta ofrece apoyo tras ataque a funcionarios de CDMX<\/strong><\/p>\n<\/li>\n<\/ul>\n<p class=\"nota-justify\">La presidenta Claudia Sheinbaum Pardo extern\u00f3 su apoyo a la jefa de gobierno de la Ciudad de M\u00e9xico por el asesinato sobre calzada de Tlalpan de dos de sus cercanos colaboradores.<\/p>\n<p class=\"nota-justify\">Minutos despu\u00e9s de que en plena ma\u00f1anera recibiera una tarjeta con informaci\u00f3n \u2014que dijo que confirmar\u00eda en el transcurso de la conferencia\u2014, la mandataria confirm\u00f3 que a causa de un ataque con armas de fuego perdieron la vida la secretaria particular de la jefa de gobierno, Ximena Guzm\u00e1n; y Jos\u00e9 Mu\u00f1oz, asesor de Brugada.<\/p>\n<p class=\"nota-justify\">Indic\u00f3 que ya se iniciaron las investigaciones correspondientes por parte de las autoridades locales, que contar\u00e1n con el apoyo de las autoridades federales. Asimismo, se hace ya el an\u00e1lisis de las c\u00e1maras de seguridad a fin de detectar a los agresores.<\/p>\n<p class=\"nota-justify\">El ataque se dio sobre calzada de Tlalpan, cerca de la estaci\u00f3n del Metro Xola. Los agresores viajaban en una motocicleta, asegur\u00f3 la presidenta.<\/p>\n<p class=\"nota-justify\">\u201cTodo el apoyo que requiera la jefa de gobierno para la investigaci\u00f3n y para llegar al fondo de esta situaci\u00f3n, que no haya impunidad\u201d, sostuvo la jefa del\u00a0Ejecutivo.<\/p>\n<p><strong>Suspenden todos los eventos p\u00fablicos de Clara Brugada<\/strong><\/p>\n<p>El Gobierno de la Ciudad de M\u00e9xico inform\u00f3 la suspensi\u00f3n de todos los eventos oficiales programados para este martes, tras el asesinato de dos colaboradores cercanos a la jefa de Gobierno, Clara Brugada.<\/p>\n<p>Fuente: La Jornada.<\/p>\n","protected":false},"excerpt":{"rendered":"<p>Gobierno de CDMX inform\u00f3 este martes el fallecimiento de Ximena Guzm\u00e1n, Secretaria Particular de la&#8230;<\/p>\n","protected":false},"author":1,"featured_media":8687,"comment_status":"open","ping_status":"closed","sticky":false,"template":"","format":"standard","meta":{"footnotes":""},"categories":[17,33],"tags":[2861,885,2862,2863,2864],"class_list":["post-8686","post","type-post","status-publish","format-standard","has-post-thumbnail","hentry","category-cdmx","category-seguridad","tag-asesinato-secretaria-particular","tag-clara-brugada","tag-gobierno-cdmx","tag-jose-munoz","tag-ximena-guzman"],"yoast_head":"<!-- This site is optimized with the Yoast SEO plugin v27.5 - https:\/\/yoast.com\/product\/yoast-seo-wordpress\/ -->\n<title>Asesinan a secretaria particular y asesor de Clara Brugada - NOTICIAS DE LA 4T<\/title>\n<meta name=\"robots\" content=\"noindex, follow, max-snippet:-1, max-image-preview:large, max-video-preview:-1\" \/>\n<meta property=\"og:locale\" content=\"es_MX\" \/>\n<meta property=\"og:type\" content=\"article\" \/>\n<meta property=\"og:title\" content=\"Asesinan a secretaria particular y asesor de Clara Brugada - NOTICIAS DE LA 4T\" \/>\n<meta property=\"og:description\" content=\"Gobierno de CDMX inform\u00f3 este martes el fallecimiento de Ximena Guzm\u00e1n, Secretaria Particular de la...\" \/>\n<meta property=\"og:url\" content=\"https:\/\/redamlo.com\/index.php\/2025\/05\/20\/asesinan-a-secretaria-particular-y-asesor-de-clara-brugada\/\" \/>\n<meta property=\"og:site_name\" content=\"NOTICIAS DE LA 4T\" \/>\n<meta property=\"article:published_time\" content=\"2025-05-20T18:31:16+00:00\" \/>\n<meta property=\"og:image\" content=\"https:\/\/redamlo.com\/wp-content\/uploads\/2025\/05\/asesinato-ximena-y-jose.jpg\" \/>\n\t<meta property=\"og:image:width\" content=\"300\" \/>\n\t<meta property=\"og:image:height\" content=\"168\" \/>\n\t<meta property=\"og:image:type\" content=\"image\/jpeg\" \/>\n<meta name=\"author\" content=\"admin\" \/>\n<meta name=\"twitter:card\" content=\"summary_large_image\" \/>\n<meta name=\"twitter:label1\" content=\"Escrito por\" \/>\n\t<meta name=\"twitter:data1\" content=\"admin\" \/>\n\t<meta name=\"twitter:label2\" content=\"Tiempo de lectura\" \/>\n\t<meta name=\"twitter:data2\" content=\"2 minutos\" \/>\n<script type=\"application\/ld+json\" class=\"yoast-schema-graph\">{\"@context\":\"https:\\\/\\\/schema.org\",\"@graph\":[{\"@type\":\"Article\",\"@id\":\"https:\\\/\\\/redamlo.com\\\/index.php\\\/2025\\\/05\\\/20\\\/asesinan-a-secretaria-particular-y-asesor-de-clara-brugada\\\/#article\",\"isPartOf\":{\"@id\":\"https:\\\/\\\/redamlo.com\\\/index.php\\\/2025\\\/05\\\/20\\\/asesinan-a-secretaria-particular-y-asesor-de-clara-brugada\\\/\"},\"author\":{\"name\":\"admin\",\"@id\":\"https:\\\/\\\/redamlo.com\\\/#\\\/schema\\\/person\\\/197a0a670d21b1f4f1483ddda1b64613\"},\"headline\":\"Asesinan a secretaria particular y asesor de Clara Brugada\",\"datePublished\":\"2025-05-20T18:31:16+00:00\",\"mainEntityOfPage\":{\"@id\":\"https:\\\/\\\/redamlo.com\\\/index.php\\\/2025\\\/05\\\/20\\\/asesinan-a-secretaria-particular-y-asesor-de-clara-brugada\\\/\"},\"wordCount\":435,\"commentCount\":0,\"publisher\":{\"@id\":\"https:\\\/\\\/redamlo.com\\\/#organization\"},\"image\":{\"@id\":\"https:\\\/\\\/redamlo.com\\\/index.php\\\/2025\\\/05\\\/20\\\/asesinan-a-secretaria-particular-y-asesor-de-clara-brugada\\\/#primaryimage\"},\"thumbnailUrl\":\"https:\\\/\\\/redamlo.com\\\/wp-content\\\/uploads\\\/2025\\\/05\\\/asesinato-ximena-y-jose.jpg\",\"keywords\":[\"asesinato secretaria particular\",\"Clara Brugada\",\"gobierno cdmx\",\"jose mu\u00f1oz\",\"ximena guzman\"],\"articleSection\":[\"CDMX\",\"Seguridad\"],\"inLanguage\":\"es\",\"potentialAction\":[{\"@type\":\"CommentAction\",\"name\":\"Comment\",\"target\":[\"https:\\\/\\\/redamlo.com\\\/index.php\\\/2025\\\/05\\\/20\\\/asesinan-a-secretaria-particular-y-asesor-de-clara-brugada\\\/#respond\"]}]},{\"@type\":\"WebPage\",\"@id\":\"https:\\\/\\\/redamlo.com\\\/index.php\\\/2025\\\/05\\\/20\\\/asesinan-a-secretaria-particular-y-asesor-de-clara-brugada\\\/\",\"url\":\"https:\\\/\\\/redamlo.com\\\/index.php\\\/2025\\\/05\\\/20\\\/asesinan-a-secretaria-particular-y-asesor-de-clara-brugada\\\/\",\"name\":\"Asesinan a secretaria particular y asesor de Clara Brugada - NOTICIAS DE LA 4T\",\"isPartOf\":{\"@id\":\"https:\\\/\\\/redamlo.com\\\/#website\"},\"primaryImageOfPage\":{\"@id\":\"https:\\\/\\\/redamlo.com\\\/index.php\\\/2025\\\/05\\\/20\\\/asesinan-a-secretaria-particular-y-asesor-de-clara-brugada\\\/#primaryimage\"},\"image\":{\"@id\":\"https:\\\/\\\/redamlo.com\\\/index.php\\\/2025\\\/05\\\/20\\\/asesinan-a-secretaria-particular-y-asesor-de-clara-brugada\\\/#primaryimage\"},\"thumbnailUrl\":\"https:\\\/\\\/redamlo.com\\\/wp-content\\\/uploads\\\/2025\\\/05\\\/asesinato-ximena-y-jose.jpg\",\"datePublished\":\"2025-05-20T18:31:16+00:00\",\"breadcrumb\":{\"@id\":\"https:\\\/\\\/redamlo.com\\\/index.php\\\/2025\\\/05\\\/20\\\/asesinan-a-secretaria-particular-y-asesor-de-clara-brugada\\\/#breadcrumb\"},\"inLanguage\":\"es\",\"potentialAction\":[{\"@type\":\"ReadAction\",\"target\":[\"https:\\\/\\\/redamlo.com\\\/index.php\\\/2025\\\/05\\\/20\\\/asesinan-a-secretaria-particular-y-asesor-de-clara-brugada\\\/\"]}]},{\"@type\":\"ImageObject\",\"inLanguage\":\"es\",\"@id\":\"https:\\\/\\\/redamlo.com\\\/index.php\\\/2025\\\/05\\\/20\\\/asesinan-a-secretaria-particular-y-asesor-de-clara-brugada\\\/#primaryimage\",\"url\":\"https:\\\/\\\/redamlo.com\\\/wp-content\\\/uploads\\\/2025\\\/05\\\/asesinato-ximena-y-jose.jpg\",\"contentUrl\":\"https:\\\/\\\/redamlo.com\\\/wp-content\\\/uploads\\\/2025\\\/05\\\/asesinato-ximena-y-jose.jpg\",\"width\":300,\"height\":168},{\"@type\":\"BreadcrumbList\",\"@id\":\"https:\\\/\\\/redamlo.com\\\/index.php\\\/2025\\\/05\\\/20\\\/asesinan-a-secretaria-particular-y-asesor-de-clara-brugada\\\/#breadcrumb\",\"itemListElement\":[{\"@type\":\"ListItem\",\"position\":1,\"name\":\"Inicio\",\"item\":\"https:\\\/\\\/redamlo.com\\\/\"},{\"@type\":\"ListItem\",\"position\":2,\"name\":\"Asesinan a secretaria particular y asesor de Clara Brugada\"}]},{\"@type\":\"WebSite\",\"@id\":\"https:\\\/\\\/redamlo.com\\\/#website\",\"url\":\"https:\\\/\\\/redamlo.com\\\/\",\"name\":\"NOTICIAS DE LA 4T\",\"description\":\"\",\"publisher\":{\"@id\":\"https:\\\/\\\/redamlo.com\\\/#organization\"},\"potentialAction\":[{\"@type\":\"SearchAction\",\"target\":{\"@type\":\"EntryPoint\",\"urlTemplate\":\"https:\\\/\\\/redamlo.com\\\/?s={search_term_string}\"},\"query-input\":{\"@type\":\"PropertyValueSpecification\",\"valueRequired\":true,\"valueName\":\"search_term_string\"}}],\"inLanguage\":\"es\"},{\"@type\":\"Organization\",\"@id\":\"https:\\\/\\\/redamlo.com\\\/#organization\",\"name\":\"NOTICIAS DE LA 4T\",\"url\":\"https:\\\/\\\/redamlo.com\\\/\",\"logo\":{\"@type\":\"ImageObject\",\"inLanguage\":\"es\",\"@id\":\"https:\\\/\\\/redamlo.com\\\/#\\\/schema\\\/logo\\\/image\\\/\",\"url\":\"https:\\\/\\\/redamlo.com\\\/wp-content\\\/uploads\\\/2024\\\/08\\\/cropped-RED-AMLO-logo-50.png\",\"contentUrl\":\"https:\\\/\\\/redamlo.com\\\/wp-content\\\/uploads\\\/2024\\\/08\\\/cropped-RED-AMLO-logo-50.png\",\"width\":256,\"height\":256,\"caption\":\"NOTICIAS DE LA 4T\"},\"image\":{\"@id\":\"https:\\\/\\\/redamlo.com\\\/#\\\/schema\\\/logo\\\/image\\\/\"}},{\"@type\":\"Person\",\"@id\":\"https:\\\/\\\/redamlo.com\\\/#\\\/schema\\\/person\\\/197a0a670d21b1f4f1483ddda1b64613\",\"name\":\"admin\",\"image\":{\"@type\":\"ImageObject\",\"inLanguage\":\"es\",\"@id\":\"https:\\\/\\\/secure.gravatar.com\\\/avatar\\\/293dccd927043f2e641da6685c2f84009782eb9ee0054daceada4e261ded849a?s=96&d=mm&r=g\",\"url\":\"https:\\\/\\\/secure.gravatar.com\\\/avatar\\\/293dccd927043f2e641da6685c2f84009782eb9ee0054daceada4e261ded849a?s=96&d=mm&r=g\",\"contentUrl\":\"https:\\\/\\\/secure.gravatar.com\\\/avatar\\\/293dccd927043f2e641da6685c2f84009782eb9ee0054daceada4e261ded849a?s=96&d=mm&r=g\",\"caption\":\"admin\"},\"sameAs\":[\"https:\\\/\\\/redamlo.com\"],\"url\":\"https:\\\/\\\/redamlo.com\\\/index.php\\\/author\\\/stell\\\/\"}]}<\/script>\n<!-- \/ Yoast SEO plugin. -->","yoast_head_json":{"title":"Asesinan a secretaria particular y asesor de Clara Brugada - NOTICIAS DE LA 4T","robots":{"index":"noindex","follow":"follow","max-snippet":"max-snippet:-1","max-image-preview":"max-image-preview:large","max-video-preview":"max-video-preview:-1"},"og_locale":"es_MX","og_type":"article","og_title":"Asesinan a secretaria particular y asesor de Clara Brugada - NOTICIAS DE LA 4T","og_description":"Gobierno de CDMX inform\u00f3 este martes el fallecimiento de Ximena Guzm\u00e1n, Secretaria Particular de la...","og_url":"https:\/\/redamlo.com\/index.php\/2025\/05\/20\/asesinan-a-secretaria-particular-y-asesor-de-clara-brugada\/","og_site_name":"NOTICIAS DE LA 4T","article_published_time":"2025-05-20T18:31:16+00:00","og_image":[{"width":300,"height":168,"url":"https:\/\/redamlo.com\/wp-content\/uploads\/2025\/05\/asesinato-ximena-y-jose.jpg","type":"image\/jpeg"}],"author":"admin","twitter_card":"summary_large_image","twitter_misc":{"Escrito por":"admin","Tiempo de lectura":"2 minutos"},"schema":{"@context":"https:\/\/schema.org","@graph":[{"@type":"Article","@id":"https:\/\/redamlo.com\/index.php\/2025\/05\/20\/asesinan-a-secretaria-particular-y-asesor-de-clara-brugada\/#article","isPartOf":{"@id":"https:\/\/redamlo.com\/index.php\/2025\/05\/20\/asesinan-a-secretaria-particular-y-asesor-de-clara-brugada\/"},"author":{"name":"admin","@id":"https:\/\/redamlo.com\/#\/schema\/person\/197a0a670d21b1f4f1483ddda1b64613"},"headline":"Asesinan a secretaria particular y asesor de Clara Brugada","datePublished":"2025-05-20T18:31:16+00:00","mainEntityOfPage":{"@id":"https:\/\/redamlo.com\/index.php\/2025\/05\/20\/asesinan-a-secretaria-particular-y-asesor-de-clara-brugada\/"},"wordCount":435,"commentCount":0,"publisher":{"@id":"https:\/\/redamlo.com\/#organization"},"image":{"@id":"https:\/\/redamlo.com\/index.php\/2025\/05\/20\/asesinan-a-secretaria-particular-y-asesor-de-clara-brugada\/#primaryimage"},"thumbnailUrl":"https:\/\/redamlo.com\/wp-content\/uploads\/2025\/05\/asesinato-ximena-y-jose.jpg","keywords":["asesinato secretaria particular","Clara Brugada","gobierno cdmx","jose mu\u00f1oz","ximena guzman"],"articleSection":["CDMX","Seguridad"],"inLanguage":"es","potentialAction":[{"@type":"CommentAction","name":"Comment","target":["https:\/\/redamlo.com\/index.php\/2025\/05\/20\/asesinan-a-secretaria-particular-y-asesor-de-clara-brugada\/#respond"]}]},{"@type":"WebPage","@id":"https:\/\/redamlo.com\/index.php\/2025\/05\/20\/asesinan-a-secretaria-particular-y-asesor-de-clara-brugada\/","url":"https:\/\/redamlo.com\/index.php\/2025\/05\/20\/asesinan-a-secretaria-particular-y-asesor-de-clara-brugada\/","name":"Asesinan a secretaria particular y asesor de Clara Brugada - NOTICIAS DE LA 4T","isPartOf":{"@id":"https:\/\/redamlo.com\/#website"},"primaryImageOfPage":{"@id":"https:\/\/redamlo.com\/index.php\/2025\/05\/20\/asesinan-a-secretaria-particular-y-asesor-de-clara-brugada\/#primaryimage"},"image":{"@id":"https:\/\/redamlo.com\/index.php\/2025\/05\/20\/asesinan-a-secretaria-particular-y-asesor-de-clara-brugada\/#primaryimage"},"thumbnailUrl":"https:\/\/redamlo.com\/wp-content\/uploads\/2025\/05\/asesinato-ximena-y-jose.jpg","datePublished":"2025-05-20T18:31:16+00:00","breadcrumb":{"@id":"https:\/\/redamlo.com\/index.php\/2025\/05\/20\/asesinan-a-secretaria-particular-y-asesor-de-clara-brugada\/#breadcrumb"},"inLanguage":"es","potentialAction":[{"@type":"ReadAction","target":["https:\/\/redamlo.com\/index.php\/2025\/05\/20\/asesinan-a-secretaria-particular-y-asesor-de-clara-brugada\/"]}]},{"@type":"ImageObject","inLanguage":"es","@id":"https:\/\/redamlo.com\/index.php\/2025\/05\/20\/asesinan-a-secretaria-particular-y-asesor-de-clara-brugada\/#primaryimage","url":"https:\/\/redamlo.com\/wp-content\/uploads\/2025\/05\/asesinato-ximena-y-jose.jpg","contentUrl":"https:\/\/redamlo.com\/wp-content\/uploads\/2025\/05\/asesinato-ximena-y-jose.jpg","width":300,"height":168},{"@type":"BreadcrumbList","@id":"https:\/\/redamlo.com\/index.php\/2025\/05\/20\/asesinan-a-secretaria-particular-y-asesor-de-clara-brugada\/#breadcrumb","itemListElement":[{"@type":"ListItem","position":1,"name":"Inicio","item":"https:\/\/redamlo.com\/"},{"@type":"ListItem","position":2,"name":"Asesinan a secretaria particular y asesor de Clara Brugada"}]},{"@type":"WebSite","@id":"https:\/\/redamlo.com\/#website","url":"https:\/\/redamlo.com\/","name":"NOTICIAS DE LA 4T","description":"","publisher":{"@id":"https:\/\/redamlo.com\/#organization"},"potentialAction":[{"@type":"SearchAction","target":{"@type":"EntryPoint","urlTemplate":"https:\/\/redamlo.com\/?s={search_term_string}"},"query-input":{"@type":"PropertyValueSpecification","valueRequired":true,"valueName":"search_term_string"}}],"inLanguage":"es"},{"@type":"Organization","@id":"https:\/\/redamlo.com\/#organization","name":"NOTICIAS DE LA 4T","url":"https:\/\/redamlo.com\/","logo":{"@type":"ImageObject","inLanguage":"es","@id":"https:\/\/redamlo.com\/#\/schema\/logo\/image\/","url":"https:\/\/redamlo.com\/wp-content\/uploads\/2024\/08\/cropped-RED-AMLO-logo-50.png","contentUrl":"https:\/\/redamlo.com\/wp-content\/uploads\/2024\/08\/cropped-RED-AMLO-logo-50.png","width":256,"height":256,"caption":"NOTICIAS DE LA 4T"},"image":{"@id":"https:\/\/redamlo.com\/#\/schema\/logo\/image\/"}},{"@type":"Person","@id":"https:\/\/redamlo.com\/#\/schema\/person\/197a0a670d21b1f4f1483ddda1b64613","name":"admin","image":{"@type":"ImageObject","inLanguage":"es","@id":"https:\/\/secure.gravatar.com\/avatar\/293dccd927043f2e641da6685c2f84009782eb9ee0054daceada4e261ded849a?s=96&d=mm&r=g","url":"https:\/\/secure.gravatar.com\/avatar\/293dccd927043f2e641da6685c2f84009782eb9ee0054daceada4e261ded849a?s=96&d=mm&r=g","contentUrl":"https:\/\/secure.gravatar.com\/avatar\/293dccd927043f2e641da6685c2f84009782eb9ee0054daceada4e261ded849a?s=96&d=mm&r=g","caption":"admin"},"sameAs":["https:\/\/redamlo.com"],"url":"https:\/\/redamlo.com\/index.php\/author\/stell\/"}]}},"_links":{"self":[{"href":"https:\/\/redamlo.com\/index.php\/wp-json\/wp\/v2\/posts\/8686","targetHints":{"allow":["GET"]}}],"collection":[{"href":"https:\/\/redamlo.com\/index.php\/wp-json\/wp\/v2\/posts"}],"about":[{"href":"https:\/\/redamlo.com\/index.php\/wp-json\/wp\/v2\/types\/post"}],"author":[{"embeddable":true,"href":"https:\/\/redamlo.com\/index.php\/wp-json\/wp\/v2\/users\/1"}],"replies":[{"embeddable":true,"href":"https:\/\/redamlo.com\/index.php\/wp-json\/wp\/v2\/comments?post=8686"}],"version-history":[{"count":0,"href":"https:\/\/redamlo.com\/index.php\/wp-json\/wp\/v2\/posts\/8686\/revisions"}],"wp:featuredmedia":[{"embeddable":true,"href":"https:\/\/redamlo.com\/index.php\/wp-json\/wp\/v2\/media\/8687"}],"wp:attachment":[{"href":"https:\/\/redamlo.com\/index.php\/wp-json\/wp\/v2\/media?parent=8686"}],"wp:term":[{"taxonomy":"category","embeddable":true,"href":"https:\/\/redamlo.com\/index.php\/wp-json\/wp\/v2\/categories?post=8686"},{"taxonomy":"post_tag","embeddable":true,"href":"https:\/\/redamlo.com\/index.php\/wp-json\/wp\/v2\/tags?post=8686"}],"curies":[{"name":"wp","href":"https:\/\/api.w.org\/{rel}","templated":true}]}}