{"id":8669,"date":"2025-04-22T16:48:08","date_gmt":"2025-04-22T21:48:08","guid":{"rendered":"https:\/\/redamlo.com\/?p=8669"},"modified":"2025-04-22T16:48:08","modified_gmt":"2025-04-22T21:48:08","slug":"sheinbaum-no-asistira-al-fueneral-del-papa-francisco-en-el-vaticano","status":"publish","type":"post","link":"https:\/\/redamlo.com\/index.php\/2025\/04\/22\/sheinbaum-no-asistira-al-fueneral-del-papa-francisco-en-el-vaticano\/","title":{"rendered":"Sheinbaum no asistir\u00e1 al fueneral del Papa Francisco en el Vaticano"},"content":{"rendered":"<p>De cara a las pr\u00f3ximas exequias del papa Francisco tras su muerte a los 88 a\u00f1os de edad, la presidenta de M\u00e9xico,\u00a0Claudia Sheinbaum Pardo, inform\u00f3 que ella no asistir\u00e1 a este acto en el Vaticano.<\/p>\n<p>En su lugar, revel\u00f3 la mandataria, acudir\u00e1 la titular de la Secretar\u00eda de Gobernaci\u00f3n (Segob),\u00a0Rosa Icela Rodr\u00edguez Vel\u00e1zquez, quien estar\u00e1 representando al gobierno de M\u00e9xico.<\/p>\n<p>No ir\u00e9 yo, vamos a enviar a Rosa Icela Rodr\u00edguez, como representante del gobierno de M\u00e9xico. Creo que es de este fin de semana al otro, creo el s\u00e1bado 28, s\u00ed va a ir. \u00a1Ah!, 26, va a ir la secretaria de Gobernaci\u00f3n\u201d, se\u00f1al\u00f3.<\/p>\n<p>Previo a este anuncio, la jefa de Estado reiter\u00f3 el liderazgo que el Santo Padre tuvo a nivel mundial y reconoci\u00f3 el trabajo que emprendi\u00f3 en favor de la paz y de los m\u00e1s necesitados.<\/p>\n<h2><strong>\u00bfCu\u00e1ndo iniciar\u00e1 el funeral del Papa?<\/strong><\/h2>\n<p>El funeral del\u00a0papa Francisco\u00a0tendr\u00e1 lugar el s\u00e1bado 26 de abril, pero los fieles podr\u00e1n dar su \u00faltimo adi\u00f3s al primer pont\u00edfice latinoamericano a partir del mi\u00e9rcoles en la bas\u00edlica de San Pedro, anunci\u00f3 este martes el Vaticano.<\/p>\n<p><strong>La misa funeral se celebrar\u00e1 a las 10H00 (08H00 GMT) en la plaza vaticana de San Pedro<\/strong>, situada ante la bas\u00edlica hom\u00f3nima y donde el jesuita argentino realiz\u00f3 su \u00faltima aparici\u00f3n p\u00fablica el pasado Domingo de Resurrecci\u00f3n.<\/p>\n<p>Fuente: Excelsior.<\/p>\n","protected":false},"excerpt":{"rendered":"<p>De cara a las pr\u00f3ximas exequias del papa Francisco tras su muerte a los 88&#8230;<\/p>\n","protected":false},"author":1,"featured_media":8670,"comment_status":"open","ping_status":"closed","sticky":false,"template":"","format":"standard","meta":{"footnotes":""},"categories":[27],"tags":[2856,2470],"class_list":["post-8669","post","type-post","status-publish","format-standard","has-post-thumbnail","hentry","category-presidencia","tag-funeral-del-papa-francisco","tag-sheinbaum"],"yoast_head":"<!-- This site is optimized with the Yoast SEO plugin v27.5 - https:\/\/yoast.com\/product\/yoast-seo-wordpress\/ -->\n<title>Sheinbaum no asistir\u00e1 al fueneral del Papa Francisco en el Vaticano - NOTICIAS DE LA 4T<\/title>\n<meta name=\"robots\" content=\"noindex, follow, max-snippet:-1, max-image-preview:large, max-video-preview:-1\" \/>\n<meta property=\"og:locale\" content=\"es_MX\" \/>\n<meta property=\"og:type\" content=\"article\" \/>\n<meta property=\"og:title\" content=\"Sheinbaum no asistir\u00e1 al fueneral del Papa Francisco en el Vaticano - NOTICIAS DE LA 4T\" \/>\n<meta property=\"og:description\" content=\"De cara a las pr\u00f3ximas exequias del papa Francisco tras su muerte a los 88...\" \/>\n<meta property=\"og:url\" content=\"https:\/\/redamlo.com\/index.php\/2025\/04\/22\/sheinbaum-no-asistira-al-fueneral-del-papa-francisco-en-el-vaticano\/\" \/>\n<meta property=\"og:site_name\" content=\"NOTICIAS DE LA 4T\" \/>\n<meta property=\"article:published_time\" content=\"2025-04-22T21:48:08+00:00\" \/>\n<meta property=\"og:image\" content=\"https:\/\/redamlo.com\/wp-content\/uploads\/2025\/04\/sheinbaum-y-rosa-icela.png\" \/>\n\t<meta property=\"og:image:width\" content=\"653\" \/>\n\t<meta property=\"og:image:height\" content=\"429\" \/>\n\t<meta property=\"og:image:type\" content=\"image\/png\" \/>\n<meta name=\"author\" content=\"admin\" \/>\n<meta name=\"twitter:card\" content=\"summary_large_image\" \/>\n<meta name=\"twitter:label1\" content=\"Escrito por\" \/>\n\t<meta name=\"twitter:data1\" content=\"admin\" \/>\n\t<meta name=\"twitter:label2\" content=\"Tiempo de lectura\" \/>\n\t<meta name=\"twitter:data2\" content=\"1 minuto\" \/>\n<script type=\"application\/ld+json\" class=\"yoast-schema-graph\">{\"@context\":\"https:\\\/\\\/schema.org\",\"@graph\":[{\"@type\":\"Article\",\"@id\":\"https:\\\/\\\/redamlo.com\\\/index.php\\\/2025\\\/04\\\/22\\\/sheinbaum-no-asistira-al-fueneral-del-papa-francisco-en-el-vaticano\\\/#article\",\"isPartOf\":{\"@id\":\"https:\\\/\\\/redamlo.com\\\/index.php\\\/2025\\\/04\\\/22\\\/sheinbaum-no-asistira-al-fueneral-del-papa-francisco-en-el-vaticano\\\/\"},\"author\":{\"name\":\"admin\",\"@id\":\"https:\\\/\\\/redamlo.com\\\/#\\\/schema\\\/person\\\/197a0a670d21b1f4f1483ddda1b64613\"},\"headline\":\"Sheinbaum no asistir\u00e1 al fueneral del Papa Francisco en el Vaticano\",\"datePublished\":\"2025-04-22T21:48:08+00:00\",\"mainEntityOfPage\":{\"@id\":\"https:\\\/\\\/redamlo.com\\\/index.php\\\/2025\\\/04\\\/22\\\/sheinbaum-no-asistira-al-fueneral-del-papa-francisco-en-el-vaticano\\\/\"},\"wordCount\":258,\"commentCount\":0,\"publisher\":{\"@id\":\"https:\\\/\\\/redamlo.com\\\/#organization\"},\"image\":{\"@id\":\"https:\\\/\\\/redamlo.com\\\/index.php\\\/2025\\\/04\\\/22\\\/sheinbaum-no-asistira-al-fueneral-del-papa-francisco-en-el-vaticano\\\/#primaryimage\"},\"thumbnailUrl\":\"https:\\\/\\\/redamlo.com\\\/wp-content\\\/uploads\\\/2025\\\/04\\\/sheinbaum-y-rosa-icela.png\",\"keywords\":[\"funeral del papa francisco\",\"Sheinbaum\"],\"articleSection\":[\"Presidencia\"],\"inLanguage\":\"es\",\"potentialAction\":[{\"@type\":\"CommentAction\",\"name\":\"Comment\",\"target\":[\"https:\\\/\\\/redamlo.com\\\/index.php\\\/2025\\\/04\\\/22\\\/sheinbaum-no-asistira-al-fueneral-del-papa-francisco-en-el-vaticano\\\/#respond\"]}]},{\"@type\":\"WebPage\",\"@id\":\"https:\\\/\\\/redamlo.com\\\/index.php\\\/2025\\\/04\\\/22\\\/sheinbaum-no-asistira-al-fueneral-del-papa-francisco-en-el-vaticano\\\/\",\"url\":\"https:\\\/\\\/redamlo.com\\\/index.php\\\/2025\\\/04\\\/22\\\/sheinbaum-no-asistira-al-fueneral-del-papa-francisco-en-el-vaticano\\\/\",\"name\":\"Sheinbaum no asistir\u00e1 al fueneral del Papa Francisco en el Vaticano - NOTICIAS DE LA 4T\",\"isPartOf\":{\"@id\":\"https:\\\/\\\/redamlo.com\\\/#website\"},\"primaryImageOfPage\":{\"@id\":\"https:\\\/\\\/redamlo.com\\\/index.php\\\/2025\\\/04\\\/22\\\/sheinbaum-no-asistira-al-fueneral-del-papa-francisco-en-el-vaticano\\\/#primaryimage\"},\"image\":{\"@id\":\"https:\\\/\\\/redamlo.com\\\/index.php\\\/2025\\\/04\\\/22\\\/sheinbaum-no-asistira-al-fueneral-del-papa-francisco-en-el-vaticano\\\/#primaryimage\"},\"thumbnailUrl\":\"https:\\\/\\\/redamlo.com\\\/wp-content\\\/uploads\\\/2025\\\/04\\\/sheinbaum-y-rosa-icela.png\",\"datePublished\":\"2025-04-22T21:48:08+00:00\",\"breadcrumb\":{\"@id\":\"https:\\\/\\\/redamlo.com\\\/index.php\\\/2025\\\/04\\\/22\\\/sheinbaum-no-asistira-al-fueneral-del-papa-francisco-en-el-vaticano\\\/#breadcrumb\"},\"inLanguage\":\"es\",\"potentialAction\":[{\"@type\":\"ReadAction\",\"target\":[\"https:\\\/\\\/redamlo.com\\\/index.php\\\/2025\\\/04\\\/22\\\/sheinbaum-no-asistira-al-fueneral-del-papa-francisco-en-el-vaticano\\\/\"]}]},{\"@type\":\"ImageObject\",\"inLanguage\":\"es\",\"@id\":\"https:\\\/\\\/redamlo.com\\\/index.php\\\/2025\\\/04\\\/22\\\/sheinbaum-no-asistira-al-fueneral-del-papa-francisco-en-el-vaticano\\\/#primaryimage\",\"url\":\"https:\\\/\\\/redamlo.com\\\/wp-content\\\/uploads\\\/2025\\\/04\\\/sheinbaum-y-rosa-icela.png\",\"contentUrl\":\"https:\\\/\\\/redamlo.com\\\/wp-content\\\/uploads\\\/2025\\\/04\\\/sheinbaum-y-rosa-icela.png\",\"width\":653,\"height\":429},{\"@type\":\"BreadcrumbList\",\"@id\":\"https:\\\/\\\/redamlo.com\\\/index.php\\\/2025\\\/04\\\/22\\\/sheinbaum-no-asistira-al-fueneral-del-papa-francisco-en-el-vaticano\\\/#breadcrumb\",\"itemListElement\":[{\"@type\":\"ListItem\",\"position\":1,\"name\":\"Inicio\",\"item\":\"https:\\\/\\\/redamlo.com\\\/\"},{\"@type\":\"ListItem\",\"position\":2,\"name\":\"Sheinbaum no asistir\u00e1 al fueneral del Papa Francisco en el Vaticano\"}]},{\"@type\":\"WebSite\",\"@id\":\"https:\\\/\\\/redamlo.com\\\/#website\",\"url\":\"https:\\\/\\\/redamlo.com\\\/\",\"name\":\"NOTICIAS DE LA 4T\",\"description\":\"\",\"publisher\":{\"@id\":\"https:\\\/\\\/redamlo.com\\\/#organization\"},\"potentialAction\":[{\"@type\":\"SearchAction\",\"target\":{\"@type\":\"EntryPoint\",\"urlTemplate\":\"https:\\\/\\\/redamlo.com\\\/?s={search_term_string}\"},\"query-input\":{\"@type\":\"PropertyValueSpecification\",\"valueRequired\":true,\"valueName\":\"search_term_string\"}}],\"inLanguage\":\"es\"},{\"@type\":\"Organization\",\"@id\":\"https:\\\/\\\/redamlo.com\\\/#organization\",\"name\":\"NOTICIAS DE LA 4T\",\"url\":\"https:\\\/\\\/redamlo.com\\\/\",\"logo\":{\"@type\":\"ImageObject\",\"inLanguage\":\"es\",\"@id\":\"https:\\\/\\\/redamlo.com\\\/#\\\/schema\\\/logo\\\/image\\\/\",\"url\":\"https:\\\/\\\/redamlo.com\\\/wp-content\\\/uploads\\\/2024\\\/08\\\/cropped-RED-AMLO-logo-50.png\",\"contentUrl\":\"https:\\\/\\\/redamlo.com\\\/wp-content\\\/uploads\\\/2024\\\/08\\\/cropped-RED-AMLO-logo-50.png\",\"width\":256,\"height\":256,\"caption\":\"NOTICIAS DE LA 4T\"},\"image\":{\"@id\":\"https:\\\/\\\/redamlo.com\\\/#\\\/schema\\\/logo\\\/image\\\/\"}},{\"@type\":\"Person\",\"@id\":\"https:\\\/\\\/redamlo.com\\\/#\\\/schema\\\/person\\\/197a0a670d21b1f4f1483ddda1b64613\",\"name\":\"admin\",\"image\":{\"@type\":\"ImageObject\",\"inLanguage\":\"es\",\"@id\":\"https:\\\/\\\/secure.gravatar.com\\\/avatar\\\/293dccd927043f2e641da6685c2f84009782eb9ee0054daceada4e261ded849a?s=96&d=mm&r=g\",\"url\":\"https:\\\/\\\/secure.gravatar.com\\\/avatar\\\/293dccd927043f2e641da6685c2f84009782eb9ee0054daceada4e261ded849a?s=96&d=mm&r=g\",\"contentUrl\":\"https:\\\/\\\/secure.gravatar.com\\\/avatar\\\/293dccd927043f2e641da6685c2f84009782eb9ee0054daceada4e261ded849a?s=96&d=mm&r=g\",\"caption\":\"admin\"},\"sameAs\":[\"https:\\\/\\\/redamlo.com\"],\"url\":\"https:\\\/\\\/redamlo.com\\\/index.php\\\/author\\\/stell\\\/\"}]}<\/script>\n<!-- \/ Yoast SEO plugin. -->","yoast_head_json":{"title":"Sheinbaum no asistir\u00e1 al fueneral del Papa Francisco en el Vaticano - NOTICIAS DE LA 4T","robots":{"index":"noindex","follow":"follow","max-snippet":"max-snippet:-1","max-image-preview":"max-image-preview:large","max-video-preview":"max-video-preview:-1"},"og_locale":"es_MX","og_type":"article","og_title":"Sheinbaum no asistir\u00e1 al fueneral del Papa Francisco en el Vaticano - NOTICIAS DE LA 4T","og_description":"De cara a las pr\u00f3ximas exequias del papa Francisco tras su muerte a los 88...","og_url":"https:\/\/redamlo.com\/index.php\/2025\/04\/22\/sheinbaum-no-asistira-al-fueneral-del-papa-francisco-en-el-vaticano\/","og_site_name":"NOTICIAS DE LA 4T","article_published_time":"2025-04-22T21:48:08+00:00","og_image":[{"width":653,"height":429,"url":"https:\/\/redamlo.com\/wp-content\/uploads\/2025\/04\/sheinbaum-y-rosa-icela.png","type":"image\/png"}],"author":"admin","twitter_card":"summary_large_image","twitter_misc":{"Escrito por":"admin","Tiempo de lectura":"1 minuto"},"schema":{"@context":"https:\/\/schema.org","@graph":[{"@type":"Article","@id":"https:\/\/redamlo.com\/index.php\/2025\/04\/22\/sheinbaum-no-asistira-al-fueneral-del-papa-francisco-en-el-vaticano\/#article","isPartOf":{"@id":"https:\/\/redamlo.com\/index.php\/2025\/04\/22\/sheinbaum-no-asistira-al-fueneral-del-papa-francisco-en-el-vaticano\/"},"author":{"name":"admin","@id":"https:\/\/redamlo.com\/#\/schema\/person\/197a0a670d21b1f4f1483ddda1b64613"},"headline":"Sheinbaum no asistir\u00e1 al fueneral del Papa Francisco en el Vaticano","datePublished":"2025-04-22T21:48:08+00:00","mainEntityOfPage":{"@id":"https:\/\/redamlo.com\/index.php\/2025\/04\/22\/sheinbaum-no-asistira-al-fueneral-del-papa-francisco-en-el-vaticano\/"},"wordCount":258,"commentCount":0,"publisher":{"@id":"https:\/\/redamlo.com\/#organization"},"image":{"@id":"https:\/\/redamlo.com\/index.php\/2025\/04\/22\/sheinbaum-no-asistira-al-fueneral-del-papa-francisco-en-el-vaticano\/#primaryimage"},"thumbnailUrl":"https:\/\/redamlo.com\/wp-content\/uploads\/2025\/04\/sheinbaum-y-rosa-icela.png","keywords":["funeral del papa francisco","Sheinbaum"],"articleSection":["Presidencia"],"inLanguage":"es","potentialAction":[{"@type":"CommentAction","name":"Comment","target":["https:\/\/redamlo.com\/index.php\/2025\/04\/22\/sheinbaum-no-asistira-al-fueneral-del-papa-francisco-en-el-vaticano\/#respond"]}]},{"@type":"WebPage","@id":"https:\/\/redamlo.com\/index.php\/2025\/04\/22\/sheinbaum-no-asistira-al-fueneral-del-papa-francisco-en-el-vaticano\/","url":"https:\/\/redamlo.com\/index.php\/2025\/04\/22\/sheinbaum-no-asistira-al-fueneral-del-papa-francisco-en-el-vaticano\/","name":"Sheinbaum no asistir\u00e1 al fueneral del Papa Francisco en el Vaticano - NOTICIAS DE LA 4T","isPartOf":{"@id":"https:\/\/redamlo.com\/#website"},"primaryImageOfPage":{"@id":"https:\/\/redamlo.com\/index.php\/2025\/04\/22\/sheinbaum-no-asistira-al-fueneral-del-papa-francisco-en-el-vaticano\/#primaryimage"},"image":{"@id":"https:\/\/redamlo.com\/index.php\/2025\/04\/22\/sheinbaum-no-asistira-al-fueneral-del-papa-francisco-en-el-vaticano\/#primaryimage"},"thumbnailUrl":"https:\/\/redamlo.com\/wp-content\/uploads\/2025\/04\/sheinbaum-y-rosa-icela.png","datePublished":"2025-04-22T21:48:08+00:00","breadcrumb":{"@id":"https:\/\/redamlo.com\/index.php\/2025\/04\/22\/sheinbaum-no-asistira-al-fueneral-del-papa-francisco-en-el-vaticano\/#breadcrumb"},"inLanguage":"es","potentialAction":[{"@type":"ReadAction","target":["https:\/\/redamlo.com\/index.php\/2025\/04\/22\/sheinbaum-no-asistira-al-fueneral-del-papa-francisco-en-el-vaticano\/"]}]},{"@type":"ImageObject","inLanguage":"es","@id":"https:\/\/redamlo.com\/index.php\/2025\/04\/22\/sheinbaum-no-asistira-al-fueneral-del-papa-francisco-en-el-vaticano\/#primaryimage","url":"https:\/\/redamlo.com\/wp-content\/uploads\/2025\/04\/sheinbaum-y-rosa-icela.png","contentUrl":"https:\/\/redamlo.com\/wp-content\/uploads\/2025\/04\/sheinbaum-y-rosa-icela.png","width":653,"height":429},{"@type":"BreadcrumbList","@id":"https:\/\/redamlo.com\/index.php\/2025\/04\/22\/sheinbaum-no-asistira-al-fueneral-del-papa-francisco-en-el-vaticano\/#breadcrumb","itemListElement":[{"@type":"ListItem","position":1,"name":"Inicio","item":"https:\/\/redamlo.com\/"},{"@type":"ListItem","position":2,"name":"Sheinbaum no asistir\u00e1 al fueneral del Papa Francisco en el Vaticano"}]},{"@type":"WebSite","@id":"https:\/\/redamlo.com\/#website","url":"https:\/\/redamlo.com\/","name":"NOTICIAS DE LA 4T","description":"","publisher":{"@id":"https:\/\/redamlo.com\/#organization"},"potentialAction":[{"@type":"SearchAction","target":{"@type":"EntryPoint","urlTemplate":"https:\/\/redamlo.com\/?s={search_term_string}"},"query-input":{"@type":"PropertyValueSpecification","valueRequired":true,"valueName":"search_term_string"}}],"inLanguage":"es"},{"@type":"Organization","@id":"https:\/\/redamlo.com\/#organization","name":"NOTICIAS DE LA 4T","url":"https:\/\/redamlo.com\/","logo":{"@type":"ImageObject","inLanguage":"es","@id":"https:\/\/redamlo.com\/#\/schema\/logo\/image\/","url":"https:\/\/redamlo.com\/wp-content\/uploads\/2024\/08\/cropped-RED-AMLO-logo-50.png","contentUrl":"https:\/\/redamlo.com\/wp-content\/uploads\/2024\/08\/cropped-RED-AMLO-logo-50.png","width":256,"height":256,"caption":"NOTICIAS DE LA 4T"},"image":{"@id":"https:\/\/redamlo.com\/#\/schema\/logo\/image\/"}},{"@type":"Person","@id":"https:\/\/redamlo.com\/#\/schema\/person\/197a0a670d21b1f4f1483ddda1b64613","name":"admin","image":{"@type":"ImageObject","inLanguage":"es","@id":"https:\/\/secure.gravatar.com\/avatar\/293dccd927043f2e641da6685c2f84009782eb9ee0054daceada4e261ded849a?s=96&d=mm&r=g","url":"https:\/\/secure.gravatar.com\/avatar\/293dccd927043f2e641da6685c2f84009782eb9ee0054daceada4e261ded849a?s=96&d=mm&r=g","contentUrl":"https:\/\/secure.gravatar.com\/avatar\/293dccd927043f2e641da6685c2f84009782eb9ee0054daceada4e261ded849a?s=96&d=mm&r=g","caption":"admin"},"sameAs":["https:\/\/redamlo.com"],"url":"https:\/\/redamlo.com\/index.php\/author\/stell\/"}]}},"_links":{"self":[{"href":"https:\/\/redamlo.com\/index.php\/wp-json\/wp\/v2\/posts\/8669","targetHints":{"allow":["GET"]}}],"collection":[{"href":"https:\/\/redamlo.com\/index.php\/wp-json\/wp\/v2\/posts"}],"about":[{"href":"https:\/\/redamlo.com\/index.php\/wp-json\/wp\/v2\/types\/post"}],"author":[{"embeddable":true,"href":"https:\/\/redamlo.com\/index.php\/wp-json\/wp\/v2\/users\/1"}],"replies":[{"embeddable":true,"href":"https:\/\/redamlo.com\/index.php\/wp-json\/wp\/v2\/comments?post=8669"}],"version-history":[{"count":0,"href":"https:\/\/redamlo.com\/index.php\/wp-json\/wp\/v2\/posts\/8669\/revisions"}],"wp:featuredmedia":[{"embeddable":true,"href":"https:\/\/redamlo.com\/index.php\/wp-json\/wp\/v2\/media\/8670"}],"wp:attachment":[{"href":"https:\/\/redamlo.com\/index.php\/wp-json\/wp\/v2\/media?parent=8669"}],"wp:term":[{"taxonomy":"category","embeddable":true,"href":"https:\/\/redamlo.com\/index.php\/wp-json\/wp\/v2\/categories?post=8669"},{"taxonomy":"post_tag","embeddable":true,"href":"https:\/\/redamlo.com\/index.php\/wp-json\/wp\/v2\/tags?post=8669"}],"curies":[{"name":"wp","href":"https:\/\/api.w.org\/{rel}","templated":true}]}}