{"id":8666,"date":"2025-04-21T16:25:28","date_gmt":"2025-04-21T21:25:28","guid":{"rendered":"https:\/\/redamlo.com\/?p=8666"},"modified":"2025-04-21T16:25:28","modified_gmt":"2025-04-21T21:25:28","slug":"sheinbaum-lamenta-muerte-del-papa-francisco-siempre-estuvo-cerca-de-los-pobres","status":"publish","type":"post","link":"https:\/\/redamlo.com\/index.php\/2025\/04\/21\/sheinbaum-lamenta-muerte-del-papa-francisco-siempre-estuvo-cerca-de-los-pobres\/","title":{"rendered":"Sheinbaum lamenta muerte del Papa Francisco: &#8220;Siempre estuvo cerca de los pobres&#8221;"},"content":{"rendered":"<p>La<strong>\u00a0presidenta Claudia Sheinbaum\u00a0<\/strong>Pardo lament\u00f3 la\u00a0<strong>muerte del Papa Francisco<\/strong>, quien falleci\u00f3 este lunes 21 de abril a los 88 a\u00f1os, de acuerdo con El Vaticano.<\/p>\n<p>Al inicio de su\u00a0<strong>conferencia ma\u00f1anera<\/strong>, la presidenta Sheinbaum nuevamente lament\u00f3 la muerte del\u00a0Sumo Port\u00edfice, por lo que envi\u00f3 su p\u00e9same y un abrazo para todos los fieles mexicanos:<\/p>\n<blockquote><p>&#8220;Nuestro pesar por el fallecimiento del Papa Francisco, nuestro abrazo a todos los cat\u00f3licos de M\u00e9xico pero tambi\u00e9n a los no cat\u00f3licos.\u00a0 Fue un\u00a0<strong>humanista<\/strong>, un hombre que estuvo\u00a0cerca del m\u00e1s humilde, de los pobres, todav\u00eda ayer su mensaje fue por la paz. Es una p\u00e9rdida dolorosa, que en paz descanse, nuestro abrazo a todo el mundo&#8221;, dijo desde Palacio Nacional.<\/p><\/blockquote>\n<p>Dada la premura de la noticia del fallecimiento de quien se llamara en vida Jorge Mario Bergoglio, la mandataria dijo que este martes en conferencia\u00a0presentar\u00e1 una semblanza.<\/p>\n<p>Asimismo, descart\u00f3 acudir a los\u00a0funerales del Sumo Pont\u00edfice; sin embargo, dijo que en representaci\u00f3n del gobierno federal\u00a0acudir\u00e1 el\u00a0<strong>embajador de M\u00e9xico en El Vaticano<\/strong>,<strong>\u00a0Alberto Barranco\u00a0<\/strong>Chavarr\u00eda.<\/p>\n<p>Sheinbaum aprovech\u00f3 relatar c\u00f3mo fue el d\u00eda que\u00a0<strong>conoci\u00f3 al Sumo Pont\u00edfice<\/strong>, ya que el a\u00f1o pasado antes de que iniciaran las campa\u00f1as presidenciales viaj\u00f3 a El Vaticano para encontrarse con \u00e9l a invitaci\u00f3n de los hermanos Sulaim\u00e1n.<\/p>\n<p>Dijo que la reuni\u00f3n con Bergoglio dur\u00f3 m\u00e1s de una hora\u00a0en su Casa Santa Marta y que se dio justo\u00a0despu\u00e9s de que su contrincante en las urnas, X\u00f3chitl G\u00e1lvez Ruiz, tambi\u00e9n lo visitara.<\/p>\n<blockquote>\n<blockquote><p>&#8220;Hablamos, le dije que iba a competir por la presidencia y le dije\u00a0la frase de \u00e9l que\u00a0<strong>muestra su humanismo<\/strong>\u00a0que es &#8216;Que la \u00fanica forma l\u00edcita de mirar a alguien de arriba a abajo es cuando uno le da la mano para levantarse&#8217;, ese pensamiento lo dije incluso\u00a0en mi campa\u00f1a (&#8230;)<\/p>\n<p>\u00c9l me mostr\u00f3 un cuadro con esa frase representada, me platic\u00f3 de su vida, de momentos de su vida. Un hombre con buen sentido del humor, y estuve casi una hora ah\u00ed. Un privilegio,\u00a0un hombre sabio\u00a0que\u00a0<strong>con pocas palabras dec\u00eda pensamientos muy profundos<\/strong>&#8220;, dijo.<\/p><\/blockquote>\n<\/blockquote>\n<p>Fuente: Dinero en Imagen.<\/p>\n","protected":false},"excerpt":{"rendered":"<p>La\u00a0presidenta Claudia Sheinbaum\u00a0Pardo lament\u00f3 la\u00a0muerte del Papa Francisco, quien falleci\u00f3 este lunes 21 de abril&#8230;<\/p>\n","protected":false},"author":1,"featured_media":8667,"comment_status":"open","ping_status":"closed","sticky":false,"template":"","format":"standard","meta":{"footnotes":""},"categories":[27],"tags":[1554,1144,2470],"class_list":["post-8666","post","type-post","status-publish","format-standard","has-post-thumbnail","hentry","category-presidencia","tag-papa-francisco","tag-pesame","tag-sheinbaum"],"yoast_head":"<!-- This site is optimized with the Yoast SEO plugin v27.5 - https:\/\/yoast.com\/product\/yoast-seo-wordpress\/ -->\n<title>Sheinbaum lamenta muerte del Papa Francisco: &quot;Siempre estuvo cerca de los pobres&quot; - NOTICIAS DE LA 4T<\/title>\n<meta name=\"robots\" content=\"noindex, follow, max-snippet:-1, max-image-preview:large, max-video-preview:-1\" \/>\n<meta property=\"og:locale\" content=\"es_MX\" \/>\n<meta property=\"og:type\" content=\"article\" \/>\n<meta property=\"og:title\" content=\"Sheinbaum lamenta muerte del Papa Francisco: &quot;Siempre estuvo cerca de los pobres&quot; - NOTICIAS DE LA 4T\" \/>\n<meta property=\"og:description\" content=\"La\u00a0presidenta Claudia Sheinbaum\u00a0Pardo lament\u00f3 la\u00a0muerte del Papa Francisco, quien falleci\u00f3 este lunes 21 de abril...\" \/>\n<meta property=\"og:url\" content=\"https:\/\/redamlo.com\/index.php\/2025\/04\/21\/sheinbaum-lamenta-muerte-del-papa-francisco-siempre-estuvo-cerca-de-los-pobres\/\" \/>\n<meta property=\"og:site_name\" content=\"NOTICIAS DE LA 4T\" \/>\n<meta property=\"article:published_time\" content=\"2025-04-21T21:25:28+00:00\" \/>\n<meta property=\"og:image\" content=\"https:\/\/redamlo.com\/wp-content\/uploads\/2025\/04\/sheinbaum-y-papa-francisco.png\" \/>\n\t<meta property=\"og:image:width\" content=\"757\" \/>\n\t<meta property=\"og:image:height\" content=\"517\" \/>\n\t<meta property=\"og:image:type\" content=\"image\/png\" \/>\n<meta name=\"author\" content=\"admin\" \/>\n<meta name=\"twitter:card\" content=\"summary_large_image\" \/>\n<meta name=\"twitter:label1\" content=\"Escrito por\" \/>\n\t<meta name=\"twitter:data1\" content=\"admin\" \/>\n\t<meta name=\"twitter:label2\" content=\"Tiempo de lectura\" \/>\n\t<meta name=\"twitter:data2\" content=\"2 minutos\" \/>\n<script type=\"application\/ld+json\" class=\"yoast-schema-graph\">{\"@context\":\"https:\\\/\\\/schema.org\",\"@graph\":[{\"@type\":\"Article\",\"@id\":\"https:\\\/\\\/redamlo.com\\\/index.php\\\/2025\\\/04\\\/21\\\/sheinbaum-lamenta-muerte-del-papa-francisco-siempre-estuvo-cerca-de-los-pobres\\\/#article\",\"isPartOf\":{\"@id\":\"https:\\\/\\\/redamlo.com\\\/index.php\\\/2025\\\/04\\\/21\\\/sheinbaum-lamenta-muerte-del-papa-francisco-siempre-estuvo-cerca-de-los-pobres\\\/\"},\"author\":{\"name\":\"admin\",\"@id\":\"https:\\\/\\\/redamlo.com\\\/#\\\/schema\\\/person\\\/197a0a670d21b1f4f1483ddda1b64613\"},\"headline\":\"Sheinbaum lamenta muerte del Papa Francisco: &#8220;Siempre estuvo cerca de los pobres&#8221;\",\"datePublished\":\"2025-04-21T21:25:28+00:00\",\"mainEntityOfPage\":{\"@id\":\"https:\\\/\\\/redamlo.com\\\/index.php\\\/2025\\\/04\\\/21\\\/sheinbaum-lamenta-muerte-del-papa-francisco-siempre-estuvo-cerca-de-los-pobres\\\/\"},\"wordCount\":393,\"commentCount\":0,\"publisher\":{\"@id\":\"https:\\\/\\\/redamlo.com\\\/#organization\"},\"image\":{\"@id\":\"https:\\\/\\\/redamlo.com\\\/index.php\\\/2025\\\/04\\\/21\\\/sheinbaum-lamenta-muerte-del-papa-francisco-siempre-estuvo-cerca-de-los-pobres\\\/#primaryimage\"},\"thumbnailUrl\":\"https:\\\/\\\/redamlo.com\\\/wp-content\\\/uploads\\\/2025\\\/04\\\/sheinbaum-y-papa-francisco.png\",\"keywords\":[\"Papa Francisco\",\"p\u00e9same\",\"Sheinbaum\"],\"articleSection\":[\"Presidencia\"],\"inLanguage\":\"es\",\"potentialAction\":[{\"@type\":\"CommentAction\",\"name\":\"Comment\",\"target\":[\"https:\\\/\\\/redamlo.com\\\/index.php\\\/2025\\\/04\\\/21\\\/sheinbaum-lamenta-muerte-del-papa-francisco-siempre-estuvo-cerca-de-los-pobres\\\/#respond\"]}]},{\"@type\":\"WebPage\",\"@id\":\"https:\\\/\\\/redamlo.com\\\/index.php\\\/2025\\\/04\\\/21\\\/sheinbaum-lamenta-muerte-del-papa-francisco-siempre-estuvo-cerca-de-los-pobres\\\/\",\"url\":\"https:\\\/\\\/redamlo.com\\\/index.php\\\/2025\\\/04\\\/21\\\/sheinbaum-lamenta-muerte-del-papa-francisco-siempre-estuvo-cerca-de-los-pobres\\\/\",\"name\":\"Sheinbaum lamenta muerte del Papa Francisco: \\\"Siempre estuvo cerca de los pobres\\\" - NOTICIAS DE LA 4T\",\"isPartOf\":{\"@id\":\"https:\\\/\\\/redamlo.com\\\/#website\"},\"primaryImageOfPage\":{\"@id\":\"https:\\\/\\\/redamlo.com\\\/index.php\\\/2025\\\/04\\\/21\\\/sheinbaum-lamenta-muerte-del-papa-francisco-siempre-estuvo-cerca-de-los-pobres\\\/#primaryimage\"},\"image\":{\"@id\":\"https:\\\/\\\/redamlo.com\\\/index.php\\\/2025\\\/04\\\/21\\\/sheinbaum-lamenta-muerte-del-papa-francisco-siempre-estuvo-cerca-de-los-pobres\\\/#primaryimage\"},\"thumbnailUrl\":\"https:\\\/\\\/redamlo.com\\\/wp-content\\\/uploads\\\/2025\\\/04\\\/sheinbaum-y-papa-francisco.png\",\"datePublished\":\"2025-04-21T21:25:28+00:00\",\"breadcrumb\":{\"@id\":\"https:\\\/\\\/redamlo.com\\\/index.php\\\/2025\\\/04\\\/21\\\/sheinbaum-lamenta-muerte-del-papa-francisco-siempre-estuvo-cerca-de-los-pobres\\\/#breadcrumb\"},\"inLanguage\":\"es\",\"potentialAction\":[{\"@type\":\"ReadAction\",\"target\":[\"https:\\\/\\\/redamlo.com\\\/index.php\\\/2025\\\/04\\\/21\\\/sheinbaum-lamenta-muerte-del-papa-francisco-siempre-estuvo-cerca-de-los-pobres\\\/\"]}]},{\"@type\":\"ImageObject\",\"inLanguage\":\"es\",\"@id\":\"https:\\\/\\\/redamlo.com\\\/index.php\\\/2025\\\/04\\\/21\\\/sheinbaum-lamenta-muerte-del-papa-francisco-siempre-estuvo-cerca-de-los-pobres\\\/#primaryimage\",\"url\":\"https:\\\/\\\/redamlo.com\\\/wp-content\\\/uploads\\\/2025\\\/04\\\/sheinbaum-y-papa-francisco.png\",\"contentUrl\":\"https:\\\/\\\/redamlo.com\\\/wp-content\\\/uploads\\\/2025\\\/04\\\/sheinbaum-y-papa-francisco.png\",\"width\":757,\"height\":517},{\"@type\":\"BreadcrumbList\",\"@id\":\"https:\\\/\\\/redamlo.com\\\/index.php\\\/2025\\\/04\\\/21\\\/sheinbaum-lamenta-muerte-del-papa-francisco-siempre-estuvo-cerca-de-los-pobres\\\/#breadcrumb\",\"itemListElement\":[{\"@type\":\"ListItem\",\"position\":1,\"name\":\"Inicio\",\"item\":\"https:\\\/\\\/redamlo.com\\\/\"},{\"@type\":\"ListItem\",\"position\":2,\"name\":\"Sheinbaum lamenta muerte del Papa Francisco: &#8220;Siempre estuvo cerca de los pobres&#8221;\"}]},{\"@type\":\"WebSite\",\"@id\":\"https:\\\/\\\/redamlo.com\\\/#website\",\"url\":\"https:\\\/\\\/redamlo.com\\\/\",\"name\":\"NOTICIAS DE LA 4T\",\"description\":\"\",\"publisher\":{\"@id\":\"https:\\\/\\\/redamlo.com\\\/#organization\"},\"potentialAction\":[{\"@type\":\"SearchAction\",\"target\":{\"@type\":\"EntryPoint\",\"urlTemplate\":\"https:\\\/\\\/redamlo.com\\\/?s={search_term_string}\"},\"query-input\":{\"@type\":\"PropertyValueSpecification\",\"valueRequired\":true,\"valueName\":\"search_term_string\"}}],\"inLanguage\":\"es\"},{\"@type\":\"Organization\",\"@id\":\"https:\\\/\\\/redamlo.com\\\/#organization\",\"name\":\"NOTICIAS DE LA 4T\",\"url\":\"https:\\\/\\\/redamlo.com\\\/\",\"logo\":{\"@type\":\"ImageObject\",\"inLanguage\":\"es\",\"@id\":\"https:\\\/\\\/redamlo.com\\\/#\\\/schema\\\/logo\\\/image\\\/\",\"url\":\"https:\\\/\\\/redamlo.com\\\/wp-content\\\/uploads\\\/2024\\\/08\\\/cropped-RED-AMLO-logo-50.png\",\"contentUrl\":\"https:\\\/\\\/redamlo.com\\\/wp-content\\\/uploads\\\/2024\\\/08\\\/cropped-RED-AMLO-logo-50.png\",\"width\":256,\"height\":256,\"caption\":\"NOTICIAS DE LA 4T\"},\"image\":{\"@id\":\"https:\\\/\\\/redamlo.com\\\/#\\\/schema\\\/logo\\\/image\\\/\"}},{\"@type\":\"Person\",\"@id\":\"https:\\\/\\\/redamlo.com\\\/#\\\/schema\\\/person\\\/197a0a670d21b1f4f1483ddda1b64613\",\"name\":\"admin\",\"image\":{\"@type\":\"ImageObject\",\"inLanguage\":\"es\",\"@id\":\"https:\\\/\\\/secure.gravatar.com\\\/avatar\\\/293dccd927043f2e641da6685c2f84009782eb9ee0054daceada4e261ded849a?s=96&d=mm&r=g\",\"url\":\"https:\\\/\\\/secure.gravatar.com\\\/avatar\\\/293dccd927043f2e641da6685c2f84009782eb9ee0054daceada4e261ded849a?s=96&d=mm&r=g\",\"contentUrl\":\"https:\\\/\\\/secure.gravatar.com\\\/avatar\\\/293dccd927043f2e641da6685c2f84009782eb9ee0054daceada4e261ded849a?s=96&d=mm&r=g\",\"caption\":\"admin\"},\"sameAs\":[\"https:\\\/\\\/redamlo.com\"],\"url\":\"https:\\\/\\\/redamlo.com\\\/index.php\\\/author\\\/stell\\\/\"}]}<\/script>\n<!-- \/ Yoast SEO plugin. -->","yoast_head_json":{"title":"Sheinbaum lamenta muerte del Papa Francisco: \"Siempre estuvo cerca de los pobres\" - NOTICIAS DE LA 4T","robots":{"index":"noindex","follow":"follow","max-snippet":"max-snippet:-1","max-image-preview":"max-image-preview:large","max-video-preview":"max-video-preview:-1"},"og_locale":"es_MX","og_type":"article","og_title":"Sheinbaum lamenta muerte del Papa Francisco: \"Siempre estuvo cerca de los pobres\" - NOTICIAS DE LA 4T","og_description":"La\u00a0presidenta Claudia Sheinbaum\u00a0Pardo lament\u00f3 la\u00a0muerte del Papa Francisco, quien falleci\u00f3 este lunes 21 de abril...","og_url":"https:\/\/redamlo.com\/index.php\/2025\/04\/21\/sheinbaum-lamenta-muerte-del-papa-francisco-siempre-estuvo-cerca-de-los-pobres\/","og_site_name":"NOTICIAS DE LA 4T","article_published_time":"2025-04-21T21:25:28+00:00","og_image":[{"width":757,"height":517,"url":"https:\/\/redamlo.com\/wp-content\/uploads\/2025\/04\/sheinbaum-y-papa-francisco.png","type":"image\/png"}],"author":"admin","twitter_card":"summary_large_image","twitter_misc":{"Escrito por":"admin","Tiempo de lectura":"2 minutos"},"schema":{"@context":"https:\/\/schema.org","@graph":[{"@type":"Article","@id":"https:\/\/redamlo.com\/index.php\/2025\/04\/21\/sheinbaum-lamenta-muerte-del-papa-francisco-siempre-estuvo-cerca-de-los-pobres\/#article","isPartOf":{"@id":"https:\/\/redamlo.com\/index.php\/2025\/04\/21\/sheinbaum-lamenta-muerte-del-papa-francisco-siempre-estuvo-cerca-de-los-pobres\/"},"author":{"name":"admin","@id":"https:\/\/redamlo.com\/#\/schema\/person\/197a0a670d21b1f4f1483ddda1b64613"},"headline":"Sheinbaum lamenta muerte del Papa Francisco: &#8220;Siempre estuvo cerca de los pobres&#8221;","datePublished":"2025-04-21T21:25:28+00:00","mainEntityOfPage":{"@id":"https:\/\/redamlo.com\/index.php\/2025\/04\/21\/sheinbaum-lamenta-muerte-del-papa-francisco-siempre-estuvo-cerca-de-los-pobres\/"},"wordCount":393,"commentCount":0,"publisher":{"@id":"https:\/\/redamlo.com\/#organization"},"image":{"@id":"https:\/\/redamlo.com\/index.php\/2025\/04\/21\/sheinbaum-lamenta-muerte-del-papa-francisco-siempre-estuvo-cerca-de-los-pobres\/#primaryimage"},"thumbnailUrl":"https:\/\/redamlo.com\/wp-content\/uploads\/2025\/04\/sheinbaum-y-papa-francisco.png","keywords":["Papa Francisco","p\u00e9same","Sheinbaum"],"articleSection":["Presidencia"],"inLanguage":"es","potentialAction":[{"@type":"CommentAction","name":"Comment","target":["https:\/\/redamlo.com\/index.php\/2025\/04\/21\/sheinbaum-lamenta-muerte-del-papa-francisco-siempre-estuvo-cerca-de-los-pobres\/#respond"]}]},{"@type":"WebPage","@id":"https:\/\/redamlo.com\/index.php\/2025\/04\/21\/sheinbaum-lamenta-muerte-del-papa-francisco-siempre-estuvo-cerca-de-los-pobres\/","url":"https:\/\/redamlo.com\/index.php\/2025\/04\/21\/sheinbaum-lamenta-muerte-del-papa-francisco-siempre-estuvo-cerca-de-los-pobres\/","name":"Sheinbaum lamenta muerte del Papa Francisco: \"Siempre estuvo cerca de los pobres\" - NOTICIAS DE LA 4T","isPartOf":{"@id":"https:\/\/redamlo.com\/#website"},"primaryImageOfPage":{"@id":"https:\/\/redamlo.com\/index.php\/2025\/04\/21\/sheinbaum-lamenta-muerte-del-papa-francisco-siempre-estuvo-cerca-de-los-pobres\/#primaryimage"},"image":{"@id":"https:\/\/redamlo.com\/index.php\/2025\/04\/21\/sheinbaum-lamenta-muerte-del-papa-francisco-siempre-estuvo-cerca-de-los-pobres\/#primaryimage"},"thumbnailUrl":"https:\/\/redamlo.com\/wp-content\/uploads\/2025\/04\/sheinbaum-y-papa-francisco.png","datePublished":"2025-04-21T21:25:28+00:00","breadcrumb":{"@id":"https:\/\/redamlo.com\/index.php\/2025\/04\/21\/sheinbaum-lamenta-muerte-del-papa-francisco-siempre-estuvo-cerca-de-los-pobres\/#breadcrumb"},"inLanguage":"es","potentialAction":[{"@type":"ReadAction","target":["https:\/\/redamlo.com\/index.php\/2025\/04\/21\/sheinbaum-lamenta-muerte-del-papa-francisco-siempre-estuvo-cerca-de-los-pobres\/"]}]},{"@type":"ImageObject","inLanguage":"es","@id":"https:\/\/redamlo.com\/index.php\/2025\/04\/21\/sheinbaum-lamenta-muerte-del-papa-francisco-siempre-estuvo-cerca-de-los-pobres\/#primaryimage","url":"https:\/\/redamlo.com\/wp-content\/uploads\/2025\/04\/sheinbaum-y-papa-francisco.png","contentUrl":"https:\/\/redamlo.com\/wp-content\/uploads\/2025\/04\/sheinbaum-y-papa-francisco.png","width":757,"height":517},{"@type":"BreadcrumbList","@id":"https:\/\/redamlo.com\/index.php\/2025\/04\/21\/sheinbaum-lamenta-muerte-del-papa-francisco-siempre-estuvo-cerca-de-los-pobres\/#breadcrumb","itemListElement":[{"@type":"ListItem","position":1,"name":"Inicio","item":"https:\/\/redamlo.com\/"},{"@type":"ListItem","position":2,"name":"Sheinbaum lamenta muerte del Papa Francisco: &#8220;Siempre estuvo cerca de los pobres&#8221;"}]},{"@type":"WebSite","@id":"https:\/\/redamlo.com\/#website","url":"https:\/\/redamlo.com\/","name":"NOTICIAS DE LA 4T","description":"","publisher":{"@id":"https:\/\/redamlo.com\/#organization"},"potentialAction":[{"@type":"SearchAction","target":{"@type":"EntryPoint","urlTemplate":"https:\/\/redamlo.com\/?s={search_term_string}"},"query-input":{"@type":"PropertyValueSpecification","valueRequired":true,"valueName":"search_term_string"}}],"inLanguage":"es"},{"@type":"Organization","@id":"https:\/\/redamlo.com\/#organization","name":"NOTICIAS DE LA 4T","url":"https:\/\/redamlo.com\/","logo":{"@type":"ImageObject","inLanguage":"es","@id":"https:\/\/redamlo.com\/#\/schema\/logo\/image\/","url":"https:\/\/redamlo.com\/wp-content\/uploads\/2024\/08\/cropped-RED-AMLO-logo-50.png","contentUrl":"https:\/\/redamlo.com\/wp-content\/uploads\/2024\/08\/cropped-RED-AMLO-logo-50.png","width":256,"height":256,"caption":"NOTICIAS DE LA 4T"},"image":{"@id":"https:\/\/redamlo.com\/#\/schema\/logo\/image\/"}},{"@type":"Person","@id":"https:\/\/redamlo.com\/#\/schema\/person\/197a0a670d21b1f4f1483ddda1b64613","name":"admin","image":{"@type":"ImageObject","inLanguage":"es","@id":"https:\/\/secure.gravatar.com\/avatar\/293dccd927043f2e641da6685c2f84009782eb9ee0054daceada4e261ded849a?s=96&d=mm&r=g","url":"https:\/\/secure.gravatar.com\/avatar\/293dccd927043f2e641da6685c2f84009782eb9ee0054daceada4e261ded849a?s=96&d=mm&r=g","contentUrl":"https:\/\/secure.gravatar.com\/avatar\/293dccd927043f2e641da6685c2f84009782eb9ee0054daceada4e261ded849a?s=96&d=mm&r=g","caption":"admin"},"sameAs":["https:\/\/redamlo.com"],"url":"https:\/\/redamlo.com\/index.php\/author\/stell\/"}]}},"_links":{"self":[{"href":"https:\/\/redamlo.com\/index.php\/wp-json\/wp\/v2\/posts\/8666","targetHints":{"allow":["GET"]}}],"collection":[{"href":"https:\/\/redamlo.com\/index.php\/wp-json\/wp\/v2\/posts"}],"about":[{"href":"https:\/\/redamlo.com\/index.php\/wp-json\/wp\/v2\/types\/post"}],"author":[{"embeddable":true,"href":"https:\/\/redamlo.com\/index.php\/wp-json\/wp\/v2\/users\/1"}],"replies":[{"embeddable":true,"href":"https:\/\/redamlo.com\/index.php\/wp-json\/wp\/v2\/comments?post=8666"}],"version-history":[{"count":0,"href":"https:\/\/redamlo.com\/index.php\/wp-json\/wp\/v2\/posts\/8666\/revisions"}],"wp:featuredmedia":[{"embeddable":true,"href":"https:\/\/redamlo.com\/index.php\/wp-json\/wp\/v2\/media\/8667"}],"wp:attachment":[{"href":"https:\/\/redamlo.com\/index.php\/wp-json\/wp\/v2\/media?parent=8666"}],"wp:term":[{"taxonomy":"category","embeddable":true,"href":"https:\/\/redamlo.com\/index.php\/wp-json\/wp\/v2\/categories?post=8666"},{"taxonomy":"post_tag","embeddable":true,"href":"https:\/\/redamlo.com\/index.php\/wp-json\/wp\/v2\/tags?post=8666"}],"curies":[{"name":"wp","href":"https:\/\/api.w.org\/{rel}","templated":true}]}}