{"id":8643,"date":"2025-03-17T13:27:17","date_gmt":"2025-03-17T19:27:17","guid":{"rendered":"https:\/\/redamlo.com\/?p=8643"},"modified":"2025-03-17T13:27:17","modified_gmt":"2025-03-17T19:27:17","slug":"sheinbaum-anuncia-seis-acciones-inmediatas-contra-el-delito-de-desaparicion","status":"publish","type":"post","link":"https:\/\/redamlo.com\/index.php\/2025\/03\/17\/sheinbaum-anuncia-seis-acciones-inmediatas-contra-el-delito-de-desaparicion\/","title":{"rendered":"Sheinbaum anuncia seis acciones inmediatas contra el delito de desaparici\u00f3n"},"content":{"rendered":"<h2>Sobre el caso de Teuchitl\u00e1n, Jalisco: \u201cNo habr\u00e1 impunidad; nunca ocultaremos nada y la verdad debe prevalecer siempre (&#8230;) En mi gobierno no habr\u00e1 construcci\u00f3n oscura de verdades hist\u00f3ricas\u201d, asever\u00f3<\/h2>\n<ul>\n<li>\u201cSiempre estar\u00e9 del lado de las v\u00edctimas y de la justicia\u201d, reiter\u00f3<\/li>\n<li>Se fortalecer\u00e1 la Comisi\u00f3n Nacional de B\u00fasqueda, el Centro Nacional de Identificaci\u00f3n Humana y la Comisi\u00f3n Ejecutiva de Atenci\u00f3n a V\u00edctimas<\/li>\n<li>Se enviar\u00e1n reformas para consolidar al Certificado \u00danico de Registro de Poblaci\u00f3n como \u00fanica fuente de identidad; se crear\u00e1 una Base Nacional \u00danica de Informaci\u00f3n Forense, la Plataforma Nacional de Identificaci\u00f3n Humana; se generar\u00e1 una alerta de b\u00fasqueda inmediata en todas las corporaciones y entidades del pa\u00eds; se equiparar\u00e1n el delito de desaparici\u00f3n al de secuestro y se establecer\u00e1 la publicaci\u00f3n mensual de las cifras de carpetas de investigaci\u00f3n sobre desapariciones<\/li>\n<\/ul>\n<p>&nbsp;<\/p>\n<p>La Presidenta Claudia Sheinbaum Pardo resalt\u00f3 que, para el Gobierno de M\u00e9xico es prioridad nacional atender el problema de personas desaparecidas y no localizadas, por lo cual se implementar\u00e1n seis acciones inmediatas para combatir el delito de desaparici\u00f3n. Asegur\u00f3, que en el caso de Teuchitl\u00e1n, Jalisco no habr\u00e1 impunidad y su administraci\u00f3n est\u00e1 comprometida a brindar certeza y verdad a las familias de las personas desaparecidas, a esclarecer los hechos mediante la informaci\u00f3n que se obtenga de la evidencia cient\u00edfica y a perseguir a los responsables.<\/p>\n<p>&#8220;Es importante aclarar que antes, en el pasado, la desaparici\u00f3n en M\u00e9xico era perpetrada por el Estado, ahora est\u00e1 principalmente vinculada con la delincuencia organizada. En cualquier caso, es un delito sumamente grave que debe prevenirse, atenderse y sancionarse y, por ello, actuaremos en el marco de la ley y con toda la fuerza del Estado&#8221;, asever\u00f3.<\/p>\n<p>Resalt\u00f3 que, en el marco del Humanismo Mexicano, la atenci\u00f3n a las v\u00edctimas de desaparici\u00f3n y otros delitos, as\u00ed como su acceso a la justicia y al bienestar, se requiere de la m\u00e1xima atenci\u00f3n, por lo que su administraci\u00f3n trabaja en coordinaci\u00f3n con los tres \u00f3rdenes de gobierno, actuando con sensibilidad y empat\u00eda con quienes buscan a sus hijos o seres queridos. Por ello, se les apoyar\u00e1 a trav\u00e9s de la Comisi\u00f3n Nacional de B\u00fasqueda y la Comisi\u00f3n Ejecutiva de Atenci\u00f3n a V\u00edctimas, y a observar para que las Fiscal\u00edas y el Poder Judicial hagan cada uno su tarea.<\/p>\n<p>\u201cCada autoridad estatal, municipal, federal, Fiscal\u00edas, Poder Judicial, debe asumir su responsabilidad\u201d, afirm\u00f3.<\/p>\n<p><strong>Tras reiterar que siempre estar\u00e1 del lado de las v\u00edctimas y de la justicia, anunci\u00f3 las siguientes acciones inmediatas:<\/strong><\/p>\n<p>1. Hoy, se firma un decreto para fortalecer a la Comisi\u00f3n Nacional de B\u00fasqueda a fin de ampliar su capacidad de atenci\u00f3n, an\u00e1lisis de contexto y la adquisici\u00f3n de equipos tecnol\u00f3gicos que acompa\u00f1en la b\u00fasqueda con evidencias cient\u00edficas.<\/p>\n<p>2. El pr\u00f3ximo jueves se enviar\u00e1n iniciativas de reforma al Congreso de la Uni\u00f3n: la primera, una reforma a la Ley General de Poblaci\u00f3n, para consolidar el Certificado \u00danico de Registro de Poblaci\u00f3n como la fuente \u00fanica de identidad de las personas que permita cruzarla con todos los registros administrativos que existen en el pa\u00eds, para generar alertas que faciliten la identificaci\u00f3n de indicios de vida de personas reportadas como desaparecidas. En esta labor participar\u00e1 la Secretar\u00eda de Gobernaci\u00f3n por medio del Registro Nacional de Poblaci\u00f3n (RENAPO) y la Agencia de Transformaci\u00f3n Digital y Telecomunicaciones (ATDT).<\/p>\n<p>La segunda iniciativa, se trata de una reforma a la actual Ley General en Materia de Desaparici\u00f3n Forzada de Personas, Desaparici\u00f3n Cometida por Particulares y del Sistema Nacional de B\u00fasqueda de Personas para:<\/p>\n<ul>\n<li>Crear la Base Nacional \u00danica de Informaci\u00f3n Forense que se alimente con datos de los servicios periciales de las 32 Fiscal\u00edas estatales y la Fiscal\u00eda General de la Rep\u00fablica, as\u00ed como de los servicios forenses estatal y federal.<\/li>\n<li>Crear la Plataforma Nacional de Identificaci\u00f3n Humana que comunique y actualice la totalidad de registros administrativos y forenses de cualquier autoridad de todo el pa\u00eds, incluido, cuando as\u00ed se le llame, el registro electoral del Instituto Nacional Electoral (INE) para cotejo de huellas dactilares, realizar consultas que identifiquen indicios de vida o incluso, a personas fallecidas.<\/li>\n<li>Fortalecer el Centro Nacional de Identificaci\u00f3n Humana que tendr\u00e1 a su cargo la gesti\u00f3n de la Plataforma Nacional de Identificaci\u00f3n Humana, que contar\u00e1 con todas las t\u00e9cnicas, incluida la identificaci\u00f3n de ADN, con el apoyo de Instituciones Cient\u00edficas y en colaboraci\u00f3n con la Fiscal\u00eda General de la Rep\u00fablica, las Fiscal\u00edas estatales, la Comisi\u00f3n Nacional y las Comisiones estatales de B\u00fasqueda, as\u00ed como la Agencia de Transformaci\u00f3n Digital.<\/li>\n<\/ul>\n<p>3. Incorporar en la Ley nuevos protocolos que permitan generar una alerta de b\u00fasqueda inmediata en todas las corporaciones y entidades del pa\u00eds, as\u00ed como abrir de inmediato carpetas de investigaci\u00f3n por el delito de desaparici\u00f3n o no localizaci\u00f3n, sin necesidad de esperar 72 horas como todav\u00eda ocurre en algunos estados de la Rep\u00fablica.<\/p>\n<p>4. Equiparar el delito de desaparici\u00f3n al de secuestro, y homologar tanto penas como procedimientos de investigaci\u00f3n del delito de desaparici\u00f3n en todas las Fiscal\u00edas estatales y la Fiscal\u00eda federal.<\/p>\n<p>5. Establecer la publicaci\u00f3n mensual de las cifras de carpetas de investigaci\u00f3n sobre desapariciones de las Fiscal\u00edas estatales y la Fiscal\u00eda General de la Rep\u00fablica, por medio del Secretariado Ejecutivo del Sistema Nacional de Seguridad P\u00fablica.<\/p>\n<p>6. Fortalecer la Comisi\u00f3n Ejecutiva de Atenci\u00f3n a V\u00edctimas para el acompa\u00f1amiento, apoyo y asesor\u00eda a todos los familiares que tienen alguna persona desaparecida.<\/p>\n<p><strong>En el caso de Teuchitl\u00e1n, Jalisco, inform\u00f3 que:<\/strong><\/p>\n<ul>\n<li>Desde que el Gabinete de Seguridad tom\u00f3 conocimiento se solicit\u00f3 la intervenci\u00f3n de la Fiscal\u00eda General de la Rep\u00fablica para garantizar una investigaci\u00f3n profunda con el acompa\u00f1amiento de la Comisi\u00f3n Nacional de B\u00fasqueda, cuyos expertos se encuentran en el lugar.<\/li>\n<li>Asegur\u00f3 que el Gobierno de M\u00e9xico est\u00e1 comprometido en brindar certeza y verdad a las familias de las personas desaparecidas, esclarecer los hechos mediante la informaci\u00f3n que se obtenga de la evidencia cient\u00edfica y se persiga a los responsables. \u201cNo habr\u00e1 impunidad\u201d<\/li>\n<li>Asever\u00f3 que nunca se ocultar\u00e1 nada y se prevalecer\u00e1 la verdad siempre: \u201cEn mi gobierno no habr\u00e1 construcci\u00f3n oscura de verdades hist\u00f3ricas, nunca; desde el gobierno no se tolerar\u00e1 la construcci\u00f3n de verdades a medias o falsedades. Siempre estaremos con la verdad y con la justicia\u201d.<\/li>\n<li>Tambi\u00e9n se da puntual seguimiento a la l\u00ednea de tiempo de quienes, desde septiembre de 2024, tuvieron conocimiento de los hechos y responsabilidad jur\u00eddica del resguardo del predio y lo que encontraron en el mismo, para deslindar responsabilidades y conocer la verdad frente a las v\u00edctimas y al pueblo de M\u00e9xico.<\/li>\n<li>Se instruy\u00f3 a servidores p\u00fablicos de la Secretar\u00eda de Gobernaci\u00f3n y la Comisi\u00f3n Nacional de B\u00fasqueda atender a familiares de las v\u00edctimas de personas desaparecidas. En este y en otros casos.<\/li>\n<li>Tambi\u00e9n el Gabinete de Seguridad coadyuvar\u00e1 en todas las investigaciones.<\/li>\n<li>Adem\u00e1s se est\u00e1 al pendiente de que el pr\u00f3ximo mi\u00e9rcoles la Fiscal\u00eda General de la Rep\u00fablica informe al pueblo de M\u00e9xico de los avances en las investigaciones y las pruebas que tiene sobre este caso.<\/li>\n<\/ul>\n<p>\u201cNuestro sentir est\u00e1 con las familias de las personas desaparecidas. Sabemos de su necesidad y anhelo de reencontrarse con sus seres amados. Nunca vamos a confrontar a una madre, cuyo hijo, hija, hermano o un familiar desapareci\u00f3\u201d, expres\u00f3.<\/p>\n<p>Asegur\u00f3 que el eje principal del Gobierno de M\u00e9xico est\u00e1 centrado en el respeto a los derechos humanos, la construcci\u00f3n de paz y la atenci\u00f3n a las v\u00edctimas, y siempre la verdad y la justicia, ante ello, se convocar\u00e1 al Consejo Nacional de Seguridad P\u00fablica para construir los protocolos necesarios junto a todos los gobernadores, para atender este delito; atender a las v\u00edctimas y fortalecerlas Comisiones de B\u00fasqueda, as\u00ed las Fiscal\u00edas estatales y la Fiscal\u00eda General de la Rep\u00fablica.<\/p>\n","protected":false},"excerpt":{"rendered":"<p>Sobre el caso de Teuchitl\u00e1n, Jalisco: \u201cNo habr\u00e1 impunidad; nunca ocultaremos nada y la verdad&#8230;<\/p>\n","protected":false},"author":1,"featured_media":8644,"comment_status":"open","ping_status":"closed","sticky":false,"template":"","format":"standard","meta":{"footnotes":""},"categories":[27],"tags":[2852,2470],"class_list":["post-8643","post","type-post","status-publish","format-standard","has-post-thumbnail","hentry","category-presidencia","tag-desapariciones-forzadas","tag-sheinbaum"],"yoast_head":"<!-- This site is optimized with the Yoast SEO plugin v27.5 - https:\/\/yoast.com\/product\/yoast-seo-wordpress\/ -->\n<title>Sheinbaum anuncia seis acciones inmediatas contra el delito de desaparici\u00f3n - NOTICIAS DE LA 4T<\/title>\n<meta name=\"robots\" content=\"noindex, follow, max-snippet:-1, max-image-preview:large, max-video-preview:-1\" \/>\n<meta property=\"og:locale\" content=\"es_MX\" \/>\n<meta property=\"og:type\" content=\"article\" \/>\n<meta property=\"og:title\" content=\"Sheinbaum anuncia seis acciones inmediatas contra el delito de desaparici\u00f3n - NOTICIAS DE LA 4T\" \/>\n<meta property=\"og:description\" content=\"Sobre el caso de Teuchitl\u00e1n, Jalisco: \u201cNo habr\u00e1 impunidad; nunca ocultaremos nada y la verdad...\" \/>\n<meta property=\"og:url\" content=\"https:\/\/redamlo.com\/index.php\/2025\/03\/17\/sheinbaum-anuncia-seis-acciones-inmediatas-contra-el-delito-de-desaparicion\/\" \/>\n<meta property=\"og:site_name\" content=\"NOTICIAS DE LA 4T\" \/>\n<meta property=\"article:published_time\" content=\"2025-03-17T19:27:17+00:00\" \/>\n<meta property=\"og:image\" content=\"https:\/\/redamlo.com\/wp-content\/uploads\/2025\/03\/post_2025-03-17_Conferencia_de_prensa_matutina_-_Palacio_Nacional_18_HC.jpg\" \/>\n\t<meta property=\"og:image:width\" content=\"650\" \/>\n\t<meta property=\"og:image:height\" content=\"380\" \/>\n\t<meta property=\"og:image:type\" content=\"image\/jpeg\" \/>\n<meta name=\"author\" content=\"admin\" \/>\n<meta name=\"twitter:card\" content=\"summary_large_image\" \/>\n<meta name=\"twitter:label1\" content=\"Escrito por\" \/>\n\t<meta name=\"twitter:data1\" content=\"admin\" \/>\n\t<meta name=\"twitter:label2\" content=\"Tiempo de lectura\" \/>\n\t<meta name=\"twitter:data2\" content=\"7 minutos\" \/>\n<script type=\"application\/ld+json\" class=\"yoast-schema-graph\">{\"@context\":\"https:\\\/\\\/schema.org\",\"@graph\":[{\"@type\":\"Article\",\"@id\":\"https:\\\/\\\/redamlo.com\\\/index.php\\\/2025\\\/03\\\/17\\\/sheinbaum-anuncia-seis-acciones-inmediatas-contra-el-delito-de-desaparicion\\\/#article\",\"isPartOf\":{\"@id\":\"https:\\\/\\\/redamlo.com\\\/index.php\\\/2025\\\/03\\\/17\\\/sheinbaum-anuncia-seis-acciones-inmediatas-contra-el-delito-de-desaparicion\\\/\"},\"author\":{\"name\":\"admin\",\"@id\":\"https:\\\/\\\/redamlo.com\\\/#\\\/schema\\\/person\\\/197a0a670d21b1f4f1483ddda1b64613\"},\"headline\":\"Sheinbaum anuncia seis acciones inmediatas contra el delito de desaparici\u00f3n\",\"datePublished\":\"2025-03-17T19:27:17+00:00\",\"mainEntityOfPage\":{\"@id\":\"https:\\\/\\\/redamlo.com\\\/index.php\\\/2025\\\/03\\\/17\\\/sheinbaum-anuncia-seis-acciones-inmediatas-contra-el-delito-de-desaparicion\\\/\"},\"wordCount\":1415,\"commentCount\":0,\"publisher\":{\"@id\":\"https:\\\/\\\/redamlo.com\\\/#organization\"},\"image\":{\"@id\":\"https:\\\/\\\/redamlo.com\\\/index.php\\\/2025\\\/03\\\/17\\\/sheinbaum-anuncia-seis-acciones-inmediatas-contra-el-delito-de-desaparicion\\\/#primaryimage\"},\"thumbnailUrl\":\"https:\\\/\\\/redamlo.com\\\/wp-content\\\/uploads\\\/2025\\\/03\\\/post_2025-03-17_Conferencia_de_prensa_matutina_-_Palacio_Nacional_18_HC.jpg\",\"keywords\":[\"desapariciones forzadas\",\"Sheinbaum\"],\"articleSection\":[\"Presidencia\"],\"inLanguage\":\"es\",\"potentialAction\":[{\"@type\":\"CommentAction\",\"name\":\"Comment\",\"target\":[\"https:\\\/\\\/redamlo.com\\\/index.php\\\/2025\\\/03\\\/17\\\/sheinbaum-anuncia-seis-acciones-inmediatas-contra-el-delito-de-desaparicion\\\/#respond\"]}]},{\"@type\":\"WebPage\",\"@id\":\"https:\\\/\\\/redamlo.com\\\/index.php\\\/2025\\\/03\\\/17\\\/sheinbaum-anuncia-seis-acciones-inmediatas-contra-el-delito-de-desaparicion\\\/\",\"url\":\"https:\\\/\\\/redamlo.com\\\/index.php\\\/2025\\\/03\\\/17\\\/sheinbaum-anuncia-seis-acciones-inmediatas-contra-el-delito-de-desaparicion\\\/\",\"name\":\"Sheinbaum anuncia seis acciones inmediatas contra el delito de desaparici\u00f3n - NOTICIAS DE LA 4T\",\"isPartOf\":{\"@id\":\"https:\\\/\\\/redamlo.com\\\/#website\"},\"primaryImageOfPage\":{\"@id\":\"https:\\\/\\\/redamlo.com\\\/index.php\\\/2025\\\/03\\\/17\\\/sheinbaum-anuncia-seis-acciones-inmediatas-contra-el-delito-de-desaparicion\\\/#primaryimage\"},\"image\":{\"@id\":\"https:\\\/\\\/redamlo.com\\\/index.php\\\/2025\\\/03\\\/17\\\/sheinbaum-anuncia-seis-acciones-inmediatas-contra-el-delito-de-desaparicion\\\/#primaryimage\"},\"thumbnailUrl\":\"https:\\\/\\\/redamlo.com\\\/wp-content\\\/uploads\\\/2025\\\/03\\\/post_2025-03-17_Conferencia_de_prensa_matutina_-_Palacio_Nacional_18_HC.jpg\",\"datePublished\":\"2025-03-17T19:27:17+00:00\",\"breadcrumb\":{\"@id\":\"https:\\\/\\\/redamlo.com\\\/index.php\\\/2025\\\/03\\\/17\\\/sheinbaum-anuncia-seis-acciones-inmediatas-contra-el-delito-de-desaparicion\\\/#breadcrumb\"},\"inLanguage\":\"es\",\"potentialAction\":[{\"@type\":\"ReadAction\",\"target\":[\"https:\\\/\\\/redamlo.com\\\/index.php\\\/2025\\\/03\\\/17\\\/sheinbaum-anuncia-seis-acciones-inmediatas-contra-el-delito-de-desaparicion\\\/\"]}]},{\"@type\":\"ImageObject\",\"inLanguage\":\"es\",\"@id\":\"https:\\\/\\\/redamlo.com\\\/index.php\\\/2025\\\/03\\\/17\\\/sheinbaum-anuncia-seis-acciones-inmediatas-contra-el-delito-de-desaparicion\\\/#primaryimage\",\"url\":\"https:\\\/\\\/redamlo.com\\\/wp-content\\\/uploads\\\/2025\\\/03\\\/post_2025-03-17_Conferencia_de_prensa_matutina_-_Palacio_Nacional_18_HC.jpg\",\"contentUrl\":\"https:\\\/\\\/redamlo.com\\\/wp-content\\\/uploads\\\/2025\\\/03\\\/post_2025-03-17_Conferencia_de_prensa_matutina_-_Palacio_Nacional_18_HC.jpg\",\"width\":650,\"height\":380},{\"@type\":\"BreadcrumbList\",\"@id\":\"https:\\\/\\\/redamlo.com\\\/index.php\\\/2025\\\/03\\\/17\\\/sheinbaum-anuncia-seis-acciones-inmediatas-contra-el-delito-de-desaparicion\\\/#breadcrumb\",\"itemListElement\":[{\"@type\":\"ListItem\",\"position\":1,\"name\":\"Inicio\",\"item\":\"https:\\\/\\\/redamlo.com\\\/\"},{\"@type\":\"ListItem\",\"position\":2,\"name\":\"Sheinbaum anuncia seis acciones inmediatas contra el delito de desaparici\u00f3n\"}]},{\"@type\":\"WebSite\",\"@id\":\"https:\\\/\\\/redamlo.com\\\/#website\",\"url\":\"https:\\\/\\\/redamlo.com\\\/\",\"name\":\"NOTICIAS DE LA 4T\",\"description\":\"\",\"publisher\":{\"@id\":\"https:\\\/\\\/redamlo.com\\\/#organization\"},\"potentialAction\":[{\"@type\":\"SearchAction\",\"target\":{\"@type\":\"EntryPoint\",\"urlTemplate\":\"https:\\\/\\\/redamlo.com\\\/?s={search_term_string}\"},\"query-input\":{\"@type\":\"PropertyValueSpecification\",\"valueRequired\":true,\"valueName\":\"search_term_string\"}}],\"inLanguage\":\"es\"},{\"@type\":\"Organization\",\"@id\":\"https:\\\/\\\/redamlo.com\\\/#organization\",\"name\":\"NOTICIAS DE LA 4T\",\"url\":\"https:\\\/\\\/redamlo.com\\\/\",\"logo\":{\"@type\":\"ImageObject\",\"inLanguage\":\"es\",\"@id\":\"https:\\\/\\\/redamlo.com\\\/#\\\/schema\\\/logo\\\/image\\\/\",\"url\":\"https:\\\/\\\/redamlo.com\\\/wp-content\\\/uploads\\\/2024\\\/08\\\/cropped-RED-AMLO-logo-50.png\",\"contentUrl\":\"https:\\\/\\\/redamlo.com\\\/wp-content\\\/uploads\\\/2024\\\/08\\\/cropped-RED-AMLO-logo-50.png\",\"width\":256,\"height\":256,\"caption\":\"NOTICIAS DE LA 4T\"},\"image\":{\"@id\":\"https:\\\/\\\/redamlo.com\\\/#\\\/schema\\\/logo\\\/image\\\/\"}},{\"@type\":\"Person\",\"@id\":\"https:\\\/\\\/redamlo.com\\\/#\\\/schema\\\/person\\\/197a0a670d21b1f4f1483ddda1b64613\",\"name\":\"admin\",\"image\":{\"@type\":\"ImageObject\",\"inLanguage\":\"es\",\"@id\":\"https:\\\/\\\/secure.gravatar.com\\\/avatar\\\/293dccd927043f2e641da6685c2f84009782eb9ee0054daceada4e261ded849a?s=96&d=mm&r=g\",\"url\":\"https:\\\/\\\/secure.gravatar.com\\\/avatar\\\/293dccd927043f2e641da6685c2f84009782eb9ee0054daceada4e261ded849a?s=96&d=mm&r=g\",\"contentUrl\":\"https:\\\/\\\/secure.gravatar.com\\\/avatar\\\/293dccd927043f2e641da6685c2f84009782eb9ee0054daceada4e261ded849a?s=96&d=mm&r=g\",\"caption\":\"admin\"},\"sameAs\":[\"https:\\\/\\\/redamlo.com\"],\"url\":\"https:\\\/\\\/redamlo.com\\\/index.php\\\/author\\\/stell\\\/\"}]}<\/script>\n<!-- \/ Yoast SEO plugin. -->","yoast_head_json":{"title":"Sheinbaum anuncia seis acciones inmediatas contra el delito de desaparici\u00f3n - NOTICIAS DE LA 4T","robots":{"index":"noindex","follow":"follow","max-snippet":"max-snippet:-1","max-image-preview":"max-image-preview:large","max-video-preview":"max-video-preview:-1"},"og_locale":"es_MX","og_type":"article","og_title":"Sheinbaum anuncia seis acciones inmediatas contra el delito de desaparici\u00f3n - NOTICIAS DE LA 4T","og_description":"Sobre el caso de Teuchitl\u00e1n, Jalisco: \u201cNo habr\u00e1 impunidad; nunca ocultaremos nada y la verdad...","og_url":"https:\/\/redamlo.com\/index.php\/2025\/03\/17\/sheinbaum-anuncia-seis-acciones-inmediatas-contra-el-delito-de-desaparicion\/","og_site_name":"NOTICIAS DE LA 4T","article_published_time":"2025-03-17T19:27:17+00:00","og_image":[{"width":650,"height":380,"url":"https:\/\/redamlo.com\/wp-content\/uploads\/2025\/03\/post_2025-03-17_Conferencia_de_prensa_matutina_-_Palacio_Nacional_18_HC.jpg","type":"image\/jpeg"}],"author":"admin","twitter_card":"summary_large_image","twitter_misc":{"Escrito por":"admin","Tiempo de lectura":"7 minutos"},"schema":{"@context":"https:\/\/schema.org","@graph":[{"@type":"Article","@id":"https:\/\/redamlo.com\/index.php\/2025\/03\/17\/sheinbaum-anuncia-seis-acciones-inmediatas-contra-el-delito-de-desaparicion\/#article","isPartOf":{"@id":"https:\/\/redamlo.com\/index.php\/2025\/03\/17\/sheinbaum-anuncia-seis-acciones-inmediatas-contra-el-delito-de-desaparicion\/"},"author":{"name":"admin","@id":"https:\/\/redamlo.com\/#\/schema\/person\/197a0a670d21b1f4f1483ddda1b64613"},"headline":"Sheinbaum anuncia seis acciones inmediatas contra el delito de desaparici\u00f3n","datePublished":"2025-03-17T19:27:17+00:00","mainEntityOfPage":{"@id":"https:\/\/redamlo.com\/index.php\/2025\/03\/17\/sheinbaum-anuncia-seis-acciones-inmediatas-contra-el-delito-de-desaparicion\/"},"wordCount":1415,"commentCount":0,"publisher":{"@id":"https:\/\/redamlo.com\/#organization"},"image":{"@id":"https:\/\/redamlo.com\/index.php\/2025\/03\/17\/sheinbaum-anuncia-seis-acciones-inmediatas-contra-el-delito-de-desaparicion\/#primaryimage"},"thumbnailUrl":"https:\/\/redamlo.com\/wp-content\/uploads\/2025\/03\/post_2025-03-17_Conferencia_de_prensa_matutina_-_Palacio_Nacional_18_HC.jpg","keywords":["desapariciones forzadas","Sheinbaum"],"articleSection":["Presidencia"],"inLanguage":"es","potentialAction":[{"@type":"CommentAction","name":"Comment","target":["https:\/\/redamlo.com\/index.php\/2025\/03\/17\/sheinbaum-anuncia-seis-acciones-inmediatas-contra-el-delito-de-desaparicion\/#respond"]}]},{"@type":"WebPage","@id":"https:\/\/redamlo.com\/index.php\/2025\/03\/17\/sheinbaum-anuncia-seis-acciones-inmediatas-contra-el-delito-de-desaparicion\/","url":"https:\/\/redamlo.com\/index.php\/2025\/03\/17\/sheinbaum-anuncia-seis-acciones-inmediatas-contra-el-delito-de-desaparicion\/","name":"Sheinbaum anuncia seis acciones inmediatas contra el delito de desaparici\u00f3n - NOTICIAS DE LA 4T","isPartOf":{"@id":"https:\/\/redamlo.com\/#website"},"primaryImageOfPage":{"@id":"https:\/\/redamlo.com\/index.php\/2025\/03\/17\/sheinbaum-anuncia-seis-acciones-inmediatas-contra-el-delito-de-desaparicion\/#primaryimage"},"image":{"@id":"https:\/\/redamlo.com\/index.php\/2025\/03\/17\/sheinbaum-anuncia-seis-acciones-inmediatas-contra-el-delito-de-desaparicion\/#primaryimage"},"thumbnailUrl":"https:\/\/redamlo.com\/wp-content\/uploads\/2025\/03\/post_2025-03-17_Conferencia_de_prensa_matutina_-_Palacio_Nacional_18_HC.jpg","datePublished":"2025-03-17T19:27:17+00:00","breadcrumb":{"@id":"https:\/\/redamlo.com\/index.php\/2025\/03\/17\/sheinbaum-anuncia-seis-acciones-inmediatas-contra-el-delito-de-desaparicion\/#breadcrumb"},"inLanguage":"es","potentialAction":[{"@type":"ReadAction","target":["https:\/\/redamlo.com\/index.php\/2025\/03\/17\/sheinbaum-anuncia-seis-acciones-inmediatas-contra-el-delito-de-desaparicion\/"]}]},{"@type":"ImageObject","inLanguage":"es","@id":"https:\/\/redamlo.com\/index.php\/2025\/03\/17\/sheinbaum-anuncia-seis-acciones-inmediatas-contra-el-delito-de-desaparicion\/#primaryimage","url":"https:\/\/redamlo.com\/wp-content\/uploads\/2025\/03\/post_2025-03-17_Conferencia_de_prensa_matutina_-_Palacio_Nacional_18_HC.jpg","contentUrl":"https:\/\/redamlo.com\/wp-content\/uploads\/2025\/03\/post_2025-03-17_Conferencia_de_prensa_matutina_-_Palacio_Nacional_18_HC.jpg","width":650,"height":380},{"@type":"BreadcrumbList","@id":"https:\/\/redamlo.com\/index.php\/2025\/03\/17\/sheinbaum-anuncia-seis-acciones-inmediatas-contra-el-delito-de-desaparicion\/#breadcrumb","itemListElement":[{"@type":"ListItem","position":1,"name":"Inicio","item":"https:\/\/redamlo.com\/"},{"@type":"ListItem","position":2,"name":"Sheinbaum anuncia seis acciones inmediatas contra el delito de desaparici\u00f3n"}]},{"@type":"WebSite","@id":"https:\/\/redamlo.com\/#website","url":"https:\/\/redamlo.com\/","name":"NOTICIAS DE LA 4T","description":"","publisher":{"@id":"https:\/\/redamlo.com\/#organization"},"potentialAction":[{"@type":"SearchAction","target":{"@type":"EntryPoint","urlTemplate":"https:\/\/redamlo.com\/?s={search_term_string}"},"query-input":{"@type":"PropertyValueSpecification","valueRequired":true,"valueName":"search_term_string"}}],"inLanguage":"es"},{"@type":"Organization","@id":"https:\/\/redamlo.com\/#organization","name":"NOTICIAS DE LA 4T","url":"https:\/\/redamlo.com\/","logo":{"@type":"ImageObject","inLanguage":"es","@id":"https:\/\/redamlo.com\/#\/schema\/logo\/image\/","url":"https:\/\/redamlo.com\/wp-content\/uploads\/2024\/08\/cropped-RED-AMLO-logo-50.png","contentUrl":"https:\/\/redamlo.com\/wp-content\/uploads\/2024\/08\/cropped-RED-AMLO-logo-50.png","width":256,"height":256,"caption":"NOTICIAS DE LA 4T"},"image":{"@id":"https:\/\/redamlo.com\/#\/schema\/logo\/image\/"}},{"@type":"Person","@id":"https:\/\/redamlo.com\/#\/schema\/person\/197a0a670d21b1f4f1483ddda1b64613","name":"admin","image":{"@type":"ImageObject","inLanguage":"es","@id":"https:\/\/secure.gravatar.com\/avatar\/293dccd927043f2e641da6685c2f84009782eb9ee0054daceada4e261ded849a?s=96&d=mm&r=g","url":"https:\/\/secure.gravatar.com\/avatar\/293dccd927043f2e641da6685c2f84009782eb9ee0054daceada4e261ded849a?s=96&d=mm&r=g","contentUrl":"https:\/\/secure.gravatar.com\/avatar\/293dccd927043f2e641da6685c2f84009782eb9ee0054daceada4e261ded849a?s=96&d=mm&r=g","caption":"admin"},"sameAs":["https:\/\/redamlo.com"],"url":"https:\/\/redamlo.com\/index.php\/author\/stell\/"}]}},"_links":{"self":[{"href":"https:\/\/redamlo.com\/index.php\/wp-json\/wp\/v2\/posts\/8643","targetHints":{"allow":["GET"]}}],"collection":[{"href":"https:\/\/redamlo.com\/index.php\/wp-json\/wp\/v2\/posts"}],"about":[{"href":"https:\/\/redamlo.com\/index.php\/wp-json\/wp\/v2\/types\/post"}],"author":[{"embeddable":true,"href":"https:\/\/redamlo.com\/index.php\/wp-json\/wp\/v2\/users\/1"}],"replies":[{"embeddable":true,"href":"https:\/\/redamlo.com\/index.php\/wp-json\/wp\/v2\/comments?post=8643"}],"version-history":[{"count":0,"href":"https:\/\/redamlo.com\/index.php\/wp-json\/wp\/v2\/posts\/8643\/revisions"}],"wp:featuredmedia":[{"embeddable":true,"href":"https:\/\/redamlo.com\/index.php\/wp-json\/wp\/v2\/media\/8644"}],"wp:attachment":[{"href":"https:\/\/redamlo.com\/index.php\/wp-json\/wp\/v2\/media?parent=8643"}],"wp:term":[{"taxonomy":"category","embeddable":true,"href":"https:\/\/redamlo.com\/index.php\/wp-json\/wp\/v2\/categories?post=8643"},{"taxonomy":"post_tag","embeddable":true,"href":"https:\/\/redamlo.com\/index.php\/wp-json\/wp\/v2\/tags?post=8643"}],"curies":[{"name":"wp","href":"https:\/\/api.w.org\/{rel}","templated":true}]}}