{"id":8624,"date":"2025-03-06T20:16:29","date_gmt":"2025-03-07T02:16:29","guid":{"rendered":"https:\/\/redamlo.com\/?p=8624"},"modified":"2025-03-06T20:16:29","modified_gmt":"2025-03-07T02:16:29","slug":"aplazan-sesion-para-discutir-desafuero-de-cuauhtemoc-blanco","status":"publish","type":"post","link":"https:\/\/redamlo.com\/index.php\/2025\/03\/06\/aplazan-sesion-para-discutir-desafuero-de-cuauhtemoc-blanco\/","title":{"rendered":"Aplazan sesi\u00f3n para discutir desafuero de Cuauhtem\u00f3c Blanco"},"content":{"rendered":"<p class=\"nota-justify\">La Secci\u00f3n Instructora\u00a0 de la C\u00e1mara de Diputados decidi\u00f3 hoy por 3 votos contra uno aplazar la admisi\u00f3n a estudio de la solicitud de desafuero en contra del diputado morenista Cuauht\u00e9moc Blanco, acusado de violaci\u00f3n en grado de tentativa en contra de su media hermana, lo que significa un acto de \u201cdilaci\u00f3n\u201d y de promoci\u00f3n de la \u201cimpunidad\u201d, denunci\u00f3 la bancada del PAN en San L\u00e1zaro.<\/p>\n<p class=\"nota-justify\">Al t\u00e9rmino de la sesi\u00f3n de la SI, legisladores del blanquiazul indicaron que hab\u00edan pedido que este jueves se admitiera el expediente a an\u00e1lisis, pero dicha propuesta \u201cfue derrotada por 3-1\u201d, y aunque dijeron no culpar a nadie, indicaron que tampoco buscan \u201cimpunidades, y menos frente a una mujer, de cara al 8M\u201d.<\/p>\n<p class=\"nota-justify\">Adem\u00e1s de un diputado del PAN, la SI est\u00e1 conformada por el morenista Hugo \u00c9ric Flores (quien es presidente de dicha instancia), Adriana Belinda Quiroz Gallegos (tambi\u00e9n de Morena) y Ra\u00fal Bola\u00f1os Cacho (del PVEM).<\/p>\n<p class=\"nota-justify\">Los panistas recalcaron que \u201cya es demasiado tiempo el que se le est\u00e1 dando a estos asuntos\u201d por lo que aunque no culpabilizan a nadie a priori, tampoco admitir\u00e1n ninguna dilaci\u00f3n ni impunidad. Subrayaron que la Fiscal\u00eda de Morelos ya hab\u00eda entregado desde el 21 de febrero todos los documentos necesarios en este caso e hicieron \u00e9nfasis en que, a su juicio, ya hab\u00eda elementos para admitir ya el expediente de la acusaci\u00f3n contra el ex futbolista, lo cual no significa declararlo culpable de nada.<\/p>\n<p class=\"nota-justify\">Aunque presumen la inocencia del acusado, dijeron, tambi\u00e9n revisan el expediente \u201ccon la perspectiva de g\u00e9nero que reclaman las mujeres hoy de cara al 8M\u201d.<\/p>\n<p class=\"nota-justify\">Los panistas recalcaron que la votaci\u00f3n de hoy en la SI no significa \u201cde ninguna manera\u201d que el caso de Blanco se cierra, sino que \u201cse est\u00e1n haciendo los tr\u00e1mites de correr traslado, de copias, y todas esas burocracias que tanto le chocan y le molestan a la gente\u201d.<\/p>\n<p class=\"nota-justify\">En ese tono, enfatizaron: \u201cque se aclaren en Morena, que est\u00e1 dividido: \u00bfquieren o no quieren entrarle a revisar el expediente? Que se aclaren ya, porque est\u00e1n promoviendo la impunidad en contra de una mujer que se dice agredida\u201d y a quien, de entrada, ellos le creen, porque esa es \u201cla primera regla del feminismo\u201d.<\/p>\n<p class=\"nota-justify\"><strong>\u201cSin obst\u00e1culos en caso Cuauht\u00e9moc\u201d: Flores<\/strong><\/p>\n<p class=\"nota-justify\">Antes de que iniciara la sesi\u00f3n de la SI, cuyos resultados narraron los panistas, Hugo \u00c9ric Flores confirm\u00f3 que ya se hab\u00edan recibido de la Fiscal\u00eda de Morelos los expedientes relacionados con Cuauht\u00e9moc Blanco, por lo que \u201ca partir de hoy empiezan a correr t\u00e9rminos legales que estamos cumpliendo. Ya le fue entregado a la Secretar\u00eda General de la C\u00e1mara, la Secretar\u00eda General ya lo remiti\u00f3 a la SI, y hoy justamente empieza ese proceso\u201d.<\/p>\n<p class=\"nota-justify\">Cuando se le pregunt\u00f3 si hab\u00eda \u201cobst\u00e1culos\u201d para que avanzara el proceso en contra del ex gobernador de Morelos, o incluso si hab\u00eda alg\u00fan tipo de \u201cbloqueo o apoyo\u201d en su favor, el morenista asegur\u00f3: \u201cNo, yo no he recibido ninguna instrucci\u00f3n al respecto. Estamos haciendo las cosas conforme a derecho y con todos los procesos legales correctos. Entonces no hay tal bloqueo\u201d.<\/p>\n<p class=\"nota-justify\">Desde su experiencia como abogado, dijo, \u201clas cosas tienen que estar bien desde el principio, porque no podemos dejar ning\u00fan espacio a que, por alg\u00fan asunto de procedibilidad, despu\u00e9s pueda ser se\u00f1alada una instituci\u00f3n, como es la C\u00e1mara de Diputados, por haber acelerado procesos sin tener incluso t\u00e9rminos legales para acelerarlos\u201d.<\/p>\n<p class=\"nota-justify\">Por ello, recalc\u00f3 que \u201cno veo obst\u00e1culos, m\u00e1s bien que tenemos la firme convicci\u00f3n de hacer todo conforme a derecho y que todo lleve sus tiempos y sus procesos legales, para que despu\u00e9s no haya ninguna situaci\u00f3n jur\u00eddica que pueda dar motivo a alguna responsabilidad de nosotros o, inclusive, dejemos sin el debido proceso o en la indefensi\u00f3n a alguna de las personas que han sido se\u00f1aladas o alguna de las v\u00edctimas que han se\u00f1alado\u201d.<\/p>\n<p class=\"nota-justify\">Horas despu\u00e9s de que terminara el encuentro de la SI, dicha instancia emiti\u00f3 un comunicado en el que neg\u00f3 haber rechazado la admisi\u00f3n de desafuero de Blanco. \u201cPor primera vez \u2013explic\u00f3&#8211; se hizo del conocimiento de sus integrantes la solicitud de Declaraci\u00f3n de Procedencia\u201d del caso.<\/p>\n<p class=\"nota-justify\">Por ese medio escrito, Flores dijo que \u201cse someti\u00f3 a su estudio y an\u00e1lisis la referida solicitud, para continuar con los procedimientos legales, sin que exista por parte de sus integrantes rechazo alguno en su tr\u00e1mite\u201d.<\/p>\n<p>Informaci\u00f3n: La Jornada.<\/p>\n","protected":false},"excerpt":{"rendered":"<p>La Secci\u00f3n Instructora\u00a0 de la C\u00e1mara de Diputados decidi\u00f3 hoy por 3 votos contra uno&#8230;<\/p>\n","protected":false},"author":1,"featured_media":8625,"comment_status":"open","ping_status":"closed","sticky":false,"template":"","format":"standard","meta":{"footnotes":""},"categories":[94,5],"tags":[417,2847,2848],"class_list":["post-8624","post","type-post","status-publish","format-standard","has-post-thumbnail","hentry","category-deportes","category-politica","tag-camara-de-diputados","tag-cuauhtemoc-blanco","tag-desafuero"],"yoast_head":"<!-- This site is optimized with the Yoast SEO plugin v27.5 - https:\/\/yoast.com\/product\/yoast-seo-wordpress\/ -->\n<title>Aplazan sesi\u00f3n para discutir desafuero de Cuauhtem\u00f3c Blanco - NOTICIAS DE LA 4T<\/title>\n<meta name=\"robots\" content=\"noindex, follow, max-snippet:-1, max-image-preview:large, max-video-preview:-1\" \/>\n<meta property=\"og:locale\" content=\"es_MX\" \/>\n<meta property=\"og:type\" content=\"article\" \/>\n<meta property=\"og:title\" content=\"Aplazan sesi\u00f3n para discutir desafuero de Cuauhtem\u00f3c Blanco - NOTICIAS DE LA 4T\" \/>\n<meta property=\"og:description\" content=\"La Secci\u00f3n Instructora\u00a0 de la C\u00e1mara de Diputados decidi\u00f3 hoy por 3 votos contra uno...\" \/>\n<meta property=\"og:url\" content=\"https:\/\/redamlo.com\/index.php\/2025\/03\/06\/aplazan-sesion-para-discutir-desafuero-de-cuauhtemoc-blanco\/\" \/>\n<meta property=\"og:site_name\" content=\"NOTICIAS DE LA 4T\" \/>\n<meta property=\"article:published_time\" content=\"2025-03-07T02:16:29+00:00\" \/>\n<meta property=\"og:image\" content=\"https:\/\/redamlo.com\/wp-content\/uploads\/2025\/03\/cuauhtemoc-blanco.png\" \/>\n\t<meta property=\"og:image:width\" content=\"656\" \/>\n\t<meta property=\"og:image:height\" content=\"415\" \/>\n\t<meta property=\"og:image:type\" content=\"image\/png\" \/>\n<meta name=\"author\" content=\"admin\" \/>\n<meta name=\"twitter:card\" content=\"summary_large_image\" \/>\n<meta name=\"twitter:label1\" content=\"Escrito por\" \/>\n\t<meta name=\"twitter:data1\" content=\"admin\" \/>\n\t<meta name=\"twitter:label2\" content=\"Tiempo de lectura\" \/>\n\t<meta name=\"twitter:data2\" content=\"4 minutos\" \/>\n<script type=\"application\/ld+json\" class=\"yoast-schema-graph\">{\"@context\":\"https:\\\/\\\/schema.org\",\"@graph\":[{\"@type\":\"Article\",\"@id\":\"https:\\\/\\\/redamlo.com\\\/index.php\\\/2025\\\/03\\\/06\\\/aplazan-sesion-para-discutir-desafuero-de-cuauhtemoc-blanco\\\/#article\",\"isPartOf\":{\"@id\":\"https:\\\/\\\/redamlo.com\\\/index.php\\\/2025\\\/03\\\/06\\\/aplazan-sesion-para-discutir-desafuero-de-cuauhtemoc-blanco\\\/\"},\"author\":{\"name\":\"admin\",\"@id\":\"https:\\\/\\\/redamlo.com\\\/#\\\/schema\\\/person\\\/197a0a670d21b1f4f1483ddda1b64613\"},\"headline\":\"Aplazan sesi\u00f3n para discutir desafuero de Cuauhtem\u00f3c Blanco\",\"datePublished\":\"2025-03-07T02:16:29+00:00\",\"mainEntityOfPage\":{\"@id\":\"https:\\\/\\\/redamlo.com\\\/index.php\\\/2025\\\/03\\\/06\\\/aplazan-sesion-para-discutir-desafuero-de-cuauhtemoc-blanco\\\/\"},\"wordCount\":798,\"commentCount\":0,\"publisher\":{\"@id\":\"https:\\\/\\\/redamlo.com\\\/#organization\"},\"image\":{\"@id\":\"https:\\\/\\\/redamlo.com\\\/index.php\\\/2025\\\/03\\\/06\\\/aplazan-sesion-para-discutir-desafuero-de-cuauhtemoc-blanco\\\/#primaryimage\"},\"thumbnailUrl\":\"https:\\\/\\\/redamlo.com\\\/wp-content\\\/uploads\\\/2025\\\/03\\\/cuauhtemoc-blanco.png\",\"keywords\":[\"C\u00e1mara de Diputados\",\"cuauhtemoc blanco\",\"desafuero\"],\"articleSection\":[\"Deportes\",\"Pol\u00edtica\"],\"inLanguage\":\"es\",\"potentialAction\":[{\"@type\":\"CommentAction\",\"name\":\"Comment\",\"target\":[\"https:\\\/\\\/redamlo.com\\\/index.php\\\/2025\\\/03\\\/06\\\/aplazan-sesion-para-discutir-desafuero-de-cuauhtemoc-blanco\\\/#respond\"]}]},{\"@type\":\"WebPage\",\"@id\":\"https:\\\/\\\/redamlo.com\\\/index.php\\\/2025\\\/03\\\/06\\\/aplazan-sesion-para-discutir-desafuero-de-cuauhtemoc-blanco\\\/\",\"url\":\"https:\\\/\\\/redamlo.com\\\/index.php\\\/2025\\\/03\\\/06\\\/aplazan-sesion-para-discutir-desafuero-de-cuauhtemoc-blanco\\\/\",\"name\":\"Aplazan sesi\u00f3n para discutir desafuero de Cuauhtem\u00f3c Blanco - NOTICIAS DE LA 4T\",\"isPartOf\":{\"@id\":\"https:\\\/\\\/redamlo.com\\\/#website\"},\"primaryImageOfPage\":{\"@id\":\"https:\\\/\\\/redamlo.com\\\/index.php\\\/2025\\\/03\\\/06\\\/aplazan-sesion-para-discutir-desafuero-de-cuauhtemoc-blanco\\\/#primaryimage\"},\"image\":{\"@id\":\"https:\\\/\\\/redamlo.com\\\/index.php\\\/2025\\\/03\\\/06\\\/aplazan-sesion-para-discutir-desafuero-de-cuauhtemoc-blanco\\\/#primaryimage\"},\"thumbnailUrl\":\"https:\\\/\\\/redamlo.com\\\/wp-content\\\/uploads\\\/2025\\\/03\\\/cuauhtemoc-blanco.png\",\"datePublished\":\"2025-03-07T02:16:29+00:00\",\"breadcrumb\":{\"@id\":\"https:\\\/\\\/redamlo.com\\\/index.php\\\/2025\\\/03\\\/06\\\/aplazan-sesion-para-discutir-desafuero-de-cuauhtemoc-blanco\\\/#breadcrumb\"},\"inLanguage\":\"es\",\"potentialAction\":[{\"@type\":\"ReadAction\",\"target\":[\"https:\\\/\\\/redamlo.com\\\/index.php\\\/2025\\\/03\\\/06\\\/aplazan-sesion-para-discutir-desafuero-de-cuauhtemoc-blanco\\\/\"]}]},{\"@type\":\"ImageObject\",\"inLanguage\":\"es\",\"@id\":\"https:\\\/\\\/redamlo.com\\\/index.php\\\/2025\\\/03\\\/06\\\/aplazan-sesion-para-discutir-desafuero-de-cuauhtemoc-blanco\\\/#primaryimage\",\"url\":\"https:\\\/\\\/redamlo.com\\\/wp-content\\\/uploads\\\/2025\\\/03\\\/cuauhtemoc-blanco.png\",\"contentUrl\":\"https:\\\/\\\/redamlo.com\\\/wp-content\\\/uploads\\\/2025\\\/03\\\/cuauhtemoc-blanco.png\",\"width\":656,\"height\":415},{\"@type\":\"BreadcrumbList\",\"@id\":\"https:\\\/\\\/redamlo.com\\\/index.php\\\/2025\\\/03\\\/06\\\/aplazan-sesion-para-discutir-desafuero-de-cuauhtemoc-blanco\\\/#breadcrumb\",\"itemListElement\":[{\"@type\":\"ListItem\",\"position\":1,\"name\":\"Inicio\",\"item\":\"https:\\\/\\\/redamlo.com\\\/\"},{\"@type\":\"ListItem\",\"position\":2,\"name\":\"Aplazan sesi\u00f3n para discutir desafuero de Cuauhtem\u00f3c Blanco\"}]},{\"@type\":\"WebSite\",\"@id\":\"https:\\\/\\\/redamlo.com\\\/#website\",\"url\":\"https:\\\/\\\/redamlo.com\\\/\",\"name\":\"NOTICIAS DE LA 4T\",\"description\":\"\",\"publisher\":{\"@id\":\"https:\\\/\\\/redamlo.com\\\/#organization\"},\"potentialAction\":[{\"@type\":\"SearchAction\",\"target\":{\"@type\":\"EntryPoint\",\"urlTemplate\":\"https:\\\/\\\/redamlo.com\\\/?s={search_term_string}\"},\"query-input\":{\"@type\":\"PropertyValueSpecification\",\"valueRequired\":true,\"valueName\":\"search_term_string\"}}],\"inLanguage\":\"es\"},{\"@type\":\"Organization\",\"@id\":\"https:\\\/\\\/redamlo.com\\\/#organization\",\"name\":\"NOTICIAS DE LA 4T\",\"url\":\"https:\\\/\\\/redamlo.com\\\/\",\"logo\":{\"@type\":\"ImageObject\",\"inLanguage\":\"es\",\"@id\":\"https:\\\/\\\/redamlo.com\\\/#\\\/schema\\\/logo\\\/image\\\/\",\"url\":\"https:\\\/\\\/redamlo.com\\\/wp-content\\\/uploads\\\/2024\\\/08\\\/cropped-RED-AMLO-logo-50.png\",\"contentUrl\":\"https:\\\/\\\/redamlo.com\\\/wp-content\\\/uploads\\\/2024\\\/08\\\/cropped-RED-AMLO-logo-50.png\",\"width\":256,\"height\":256,\"caption\":\"NOTICIAS DE LA 4T\"},\"image\":{\"@id\":\"https:\\\/\\\/redamlo.com\\\/#\\\/schema\\\/logo\\\/image\\\/\"}},{\"@type\":\"Person\",\"@id\":\"https:\\\/\\\/redamlo.com\\\/#\\\/schema\\\/person\\\/197a0a670d21b1f4f1483ddda1b64613\",\"name\":\"admin\",\"image\":{\"@type\":\"ImageObject\",\"inLanguage\":\"es\",\"@id\":\"https:\\\/\\\/secure.gravatar.com\\\/avatar\\\/293dccd927043f2e641da6685c2f84009782eb9ee0054daceada4e261ded849a?s=96&d=mm&r=g\",\"url\":\"https:\\\/\\\/secure.gravatar.com\\\/avatar\\\/293dccd927043f2e641da6685c2f84009782eb9ee0054daceada4e261ded849a?s=96&d=mm&r=g\",\"contentUrl\":\"https:\\\/\\\/secure.gravatar.com\\\/avatar\\\/293dccd927043f2e641da6685c2f84009782eb9ee0054daceada4e261ded849a?s=96&d=mm&r=g\",\"caption\":\"admin\"},\"sameAs\":[\"https:\\\/\\\/redamlo.com\"],\"url\":\"https:\\\/\\\/redamlo.com\\\/index.php\\\/author\\\/stell\\\/\"}]}<\/script>\n<!-- \/ Yoast SEO plugin. -->","yoast_head_json":{"title":"Aplazan sesi\u00f3n para discutir desafuero de Cuauhtem\u00f3c Blanco - NOTICIAS DE LA 4T","robots":{"index":"noindex","follow":"follow","max-snippet":"max-snippet:-1","max-image-preview":"max-image-preview:large","max-video-preview":"max-video-preview:-1"},"og_locale":"es_MX","og_type":"article","og_title":"Aplazan sesi\u00f3n para discutir desafuero de Cuauhtem\u00f3c Blanco - NOTICIAS DE LA 4T","og_description":"La Secci\u00f3n Instructora\u00a0 de la C\u00e1mara de Diputados decidi\u00f3 hoy por 3 votos contra uno...","og_url":"https:\/\/redamlo.com\/index.php\/2025\/03\/06\/aplazan-sesion-para-discutir-desafuero-de-cuauhtemoc-blanco\/","og_site_name":"NOTICIAS DE LA 4T","article_published_time":"2025-03-07T02:16:29+00:00","og_image":[{"width":656,"height":415,"url":"https:\/\/redamlo.com\/wp-content\/uploads\/2025\/03\/cuauhtemoc-blanco.png","type":"image\/png"}],"author":"admin","twitter_card":"summary_large_image","twitter_misc":{"Escrito por":"admin","Tiempo de lectura":"4 minutos"},"schema":{"@context":"https:\/\/schema.org","@graph":[{"@type":"Article","@id":"https:\/\/redamlo.com\/index.php\/2025\/03\/06\/aplazan-sesion-para-discutir-desafuero-de-cuauhtemoc-blanco\/#article","isPartOf":{"@id":"https:\/\/redamlo.com\/index.php\/2025\/03\/06\/aplazan-sesion-para-discutir-desafuero-de-cuauhtemoc-blanco\/"},"author":{"name":"admin","@id":"https:\/\/redamlo.com\/#\/schema\/person\/197a0a670d21b1f4f1483ddda1b64613"},"headline":"Aplazan sesi\u00f3n para discutir desafuero de Cuauhtem\u00f3c Blanco","datePublished":"2025-03-07T02:16:29+00:00","mainEntityOfPage":{"@id":"https:\/\/redamlo.com\/index.php\/2025\/03\/06\/aplazan-sesion-para-discutir-desafuero-de-cuauhtemoc-blanco\/"},"wordCount":798,"commentCount":0,"publisher":{"@id":"https:\/\/redamlo.com\/#organization"},"image":{"@id":"https:\/\/redamlo.com\/index.php\/2025\/03\/06\/aplazan-sesion-para-discutir-desafuero-de-cuauhtemoc-blanco\/#primaryimage"},"thumbnailUrl":"https:\/\/redamlo.com\/wp-content\/uploads\/2025\/03\/cuauhtemoc-blanco.png","keywords":["C\u00e1mara de Diputados","cuauhtemoc blanco","desafuero"],"articleSection":["Deportes","Pol\u00edtica"],"inLanguage":"es","potentialAction":[{"@type":"CommentAction","name":"Comment","target":["https:\/\/redamlo.com\/index.php\/2025\/03\/06\/aplazan-sesion-para-discutir-desafuero-de-cuauhtemoc-blanco\/#respond"]}]},{"@type":"WebPage","@id":"https:\/\/redamlo.com\/index.php\/2025\/03\/06\/aplazan-sesion-para-discutir-desafuero-de-cuauhtemoc-blanco\/","url":"https:\/\/redamlo.com\/index.php\/2025\/03\/06\/aplazan-sesion-para-discutir-desafuero-de-cuauhtemoc-blanco\/","name":"Aplazan sesi\u00f3n para discutir desafuero de Cuauhtem\u00f3c Blanco - NOTICIAS DE LA 4T","isPartOf":{"@id":"https:\/\/redamlo.com\/#website"},"primaryImageOfPage":{"@id":"https:\/\/redamlo.com\/index.php\/2025\/03\/06\/aplazan-sesion-para-discutir-desafuero-de-cuauhtemoc-blanco\/#primaryimage"},"image":{"@id":"https:\/\/redamlo.com\/index.php\/2025\/03\/06\/aplazan-sesion-para-discutir-desafuero-de-cuauhtemoc-blanco\/#primaryimage"},"thumbnailUrl":"https:\/\/redamlo.com\/wp-content\/uploads\/2025\/03\/cuauhtemoc-blanco.png","datePublished":"2025-03-07T02:16:29+00:00","breadcrumb":{"@id":"https:\/\/redamlo.com\/index.php\/2025\/03\/06\/aplazan-sesion-para-discutir-desafuero-de-cuauhtemoc-blanco\/#breadcrumb"},"inLanguage":"es","potentialAction":[{"@type":"ReadAction","target":["https:\/\/redamlo.com\/index.php\/2025\/03\/06\/aplazan-sesion-para-discutir-desafuero-de-cuauhtemoc-blanco\/"]}]},{"@type":"ImageObject","inLanguage":"es","@id":"https:\/\/redamlo.com\/index.php\/2025\/03\/06\/aplazan-sesion-para-discutir-desafuero-de-cuauhtemoc-blanco\/#primaryimage","url":"https:\/\/redamlo.com\/wp-content\/uploads\/2025\/03\/cuauhtemoc-blanco.png","contentUrl":"https:\/\/redamlo.com\/wp-content\/uploads\/2025\/03\/cuauhtemoc-blanco.png","width":656,"height":415},{"@type":"BreadcrumbList","@id":"https:\/\/redamlo.com\/index.php\/2025\/03\/06\/aplazan-sesion-para-discutir-desafuero-de-cuauhtemoc-blanco\/#breadcrumb","itemListElement":[{"@type":"ListItem","position":1,"name":"Inicio","item":"https:\/\/redamlo.com\/"},{"@type":"ListItem","position":2,"name":"Aplazan sesi\u00f3n para discutir desafuero de Cuauhtem\u00f3c Blanco"}]},{"@type":"WebSite","@id":"https:\/\/redamlo.com\/#website","url":"https:\/\/redamlo.com\/","name":"NOTICIAS DE LA 4T","description":"","publisher":{"@id":"https:\/\/redamlo.com\/#organization"},"potentialAction":[{"@type":"SearchAction","target":{"@type":"EntryPoint","urlTemplate":"https:\/\/redamlo.com\/?s={search_term_string}"},"query-input":{"@type":"PropertyValueSpecification","valueRequired":true,"valueName":"search_term_string"}}],"inLanguage":"es"},{"@type":"Organization","@id":"https:\/\/redamlo.com\/#organization","name":"NOTICIAS DE LA 4T","url":"https:\/\/redamlo.com\/","logo":{"@type":"ImageObject","inLanguage":"es","@id":"https:\/\/redamlo.com\/#\/schema\/logo\/image\/","url":"https:\/\/redamlo.com\/wp-content\/uploads\/2024\/08\/cropped-RED-AMLO-logo-50.png","contentUrl":"https:\/\/redamlo.com\/wp-content\/uploads\/2024\/08\/cropped-RED-AMLO-logo-50.png","width":256,"height":256,"caption":"NOTICIAS DE LA 4T"},"image":{"@id":"https:\/\/redamlo.com\/#\/schema\/logo\/image\/"}},{"@type":"Person","@id":"https:\/\/redamlo.com\/#\/schema\/person\/197a0a670d21b1f4f1483ddda1b64613","name":"admin","image":{"@type":"ImageObject","inLanguage":"es","@id":"https:\/\/secure.gravatar.com\/avatar\/293dccd927043f2e641da6685c2f84009782eb9ee0054daceada4e261ded849a?s=96&d=mm&r=g","url":"https:\/\/secure.gravatar.com\/avatar\/293dccd927043f2e641da6685c2f84009782eb9ee0054daceada4e261ded849a?s=96&d=mm&r=g","contentUrl":"https:\/\/secure.gravatar.com\/avatar\/293dccd927043f2e641da6685c2f84009782eb9ee0054daceada4e261ded849a?s=96&d=mm&r=g","caption":"admin"},"sameAs":["https:\/\/redamlo.com"],"url":"https:\/\/redamlo.com\/index.php\/author\/stell\/"}]}},"_links":{"self":[{"href":"https:\/\/redamlo.com\/index.php\/wp-json\/wp\/v2\/posts\/8624","targetHints":{"allow":["GET"]}}],"collection":[{"href":"https:\/\/redamlo.com\/index.php\/wp-json\/wp\/v2\/posts"}],"about":[{"href":"https:\/\/redamlo.com\/index.php\/wp-json\/wp\/v2\/types\/post"}],"author":[{"embeddable":true,"href":"https:\/\/redamlo.com\/index.php\/wp-json\/wp\/v2\/users\/1"}],"replies":[{"embeddable":true,"href":"https:\/\/redamlo.com\/index.php\/wp-json\/wp\/v2\/comments?post=8624"}],"version-history":[{"count":0,"href":"https:\/\/redamlo.com\/index.php\/wp-json\/wp\/v2\/posts\/8624\/revisions"}],"wp:featuredmedia":[{"embeddable":true,"href":"https:\/\/redamlo.com\/index.php\/wp-json\/wp\/v2\/media\/8625"}],"wp:attachment":[{"href":"https:\/\/redamlo.com\/index.php\/wp-json\/wp\/v2\/media?parent=8624"}],"wp:term":[{"taxonomy":"category","embeddable":true,"href":"https:\/\/redamlo.com\/index.php\/wp-json\/wp\/v2\/categories?post=8624"},{"taxonomy":"post_tag","embeddable":true,"href":"https:\/\/redamlo.com\/index.php\/wp-json\/wp\/v2\/tags?post=8624"}],"curies":[{"name":"wp","href":"https:\/\/api.w.org\/{rel}","templated":true}]}}