{"id":860,"date":"2020-07-09T11:46:58","date_gmt":"2020-07-09T16:46:58","guid":{"rendered":"http:\/\/redamlo.com\/?p=860"},"modified":"2020-07-09T11:46:58","modified_gmt":"2020-07-09T16:46:58","slug":"consulta-ciudadana-como-consideras-la-visita-de-amlo-a-la-casa-blanca","status":"publish","type":"post","link":"https:\/\/redamlo.com\/index.php\/2020\/07\/09\/consulta-ciudadana-como-consideras-la-visita-de-amlo-a-la-casa-blanca\/","title":{"rendered":"Consulta Ciudadana \u00bfComo consideras la Visita de AMLO a la Casa Blanca?"},"content":{"rendered":"<h1>Ciudad de M\u00e9xico a 9 de julio 2020 (Noticias de la Ciudad de M\u00e9xico y el Mundo Cdmx-Press).-<\/h1>\n<h3><em><strong><span style=\"text-decoration: underline;\">Por: Luis Antonio Gonz\u00e1lez Montes<\/span><\/strong><\/em><\/h3>\n<p>Durante dos a\u00f1os del triunfo hist\u00f3rico del Presidente <strong><span style=\"text-decoration: underline;\">Andr\u00e9s Manuel L\u00f3pez Obrador<\/span>, <\/strong>han ocurrido cambios sociales y pol\u00edticos sin precedentes.<\/p>\n<p>El actual gobierno enfrenta la herencia de un estado fallido, que dejo un M\u00e9xico violento y con una Econom\u00eda\u00a0 quebrantada.<\/p>\n<p>La oposici\u00f3n se ha dado a la tarea de criticar cada d\u00eda hasta el mas insignificante detalle del Gobierno de la 4a Transformaci\u00f3n.<\/p>\n<p>La llegada de la endemia y sus consecuencias han sido temas que la oposici\u00f3n y la prensa utilizan para el desprestigio.<\/p>\n<p>El d\u00eda de ayer 8 de julio, se escribi\u00f3 un nuevo capitulo para la historia Nacional, la visita del <span style=\"text-decoration: underline;\"><strong>Presidente de los Estados Unidos Mexicanos a la Casa Blanca.<\/strong><\/span><\/p>\n<p>Desde ayer las voces de las principales figuras de oposicion se han congelado, en <strong>Twitter<\/strong> se preguntan por el paradero de <em><strong>Felipe Calder\u00f3n<\/strong><\/em>, pues no ha dado se\u00f1ales en las <strong>Redes Sociales.<\/strong><\/p>\n<p><strong>\u00bfCUAL ES TU OPINI\u00d3N ACERCA DE LA VISITA DE AMLO A LA CASA BLANCA?<\/strong><\/p>\n<p>&nbsp;<\/p>\n<p><strong>\u00a0<\/strong><br \/>\n<script type=\"text\/javascript\">\n(function(d,s,id,u){\n  if (d.getElementById(id)) return;\n  var js, sjs = d.getElementsByTagName(s)[0],\n      t = Math.floor(new Date().getTime() \/ 1000000);\n  js=d.createElement(s); js.id=id; js.async=1; js.src=u+'?'+t;\n  sjs.parentNode.insertBefore(js, sjs);\n}(document, 'script', 'os-widget-jssdk', 'https:\/\/www.opinionstage.com\/assets\/loader.js'));\n<\/script><\/p>\n<div id=\"os-widget-709910\" class=\"os_poll\" data-path=\"\/polls\/2662433\"><\/div>\n","protected":false},"excerpt":{"rendered":"<p>Ciudad de M\u00e9xico a 9 de julio 2020 (Noticias de la Ciudad de M\u00e9xico y&#8230;<\/p>\n","protected":false},"author":2,"featured_media":863,"comment_status":"open","ping_status":"closed","sticky":false,"template":"","format":"standard","meta":{"footnotes":""},"categories":[25,13,215],"tags":[131,326,327],"class_list":["post-860","post","type-post","status-publish","format-standard","has-post-thumbnail","hentry","category-4t","category-internacionales","category-opinion","tag-andres-manuel-lopez-obrador","tag-obrador","tag-presidente-de-mexico"],"yoast_head":"<!-- This site is optimized with the Yoast SEO plugin v27.5 - https:\/\/yoast.com\/product\/yoast-seo-wordpress\/ -->\n<title>Consulta Ciudadana \u00bfComo consideras la Visita de AMLO a la Casa Blanca? - NOTICIAS DE LA 4T<\/title>\n<meta name=\"robots\" content=\"noindex, follow, max-snippet:-1, max-image-preview:large, max-video-preview:-1\" \/>\n<meta property=\"og:locale\" content=\"es_MX\" \/>\n<meta property=\"og:type\" content=\"article\" \/>\n<meta property=\"og:title\" content=\"Consulta Ciudadana \u00bfComo consideras la Visita de AMLO a la Casa Blanca? - NOTICIAS DE LA 4T\" \/>\n<meta property=\"og:description\" content=\"Ciudad de M\u00e9xico a 9 de julio 2020 (Noticias de la Ciudad de M\u00e9xico y...\" \/>\n<meta property=\"og:url\" content=\"https:\/\/redamlo.com\/index.php\/2020\/07\/09\/consulta-ciudadana-como-consideras-la-visita-de-amlo-a-la-casa-blanca\/\" \/>\n<meta property=\"og:site_name\" content=\"NOTICIAS DE LA 4T\" \/>\n<meta property=\"article:published_time\" content=\"2020-07-09T16:46:58+00:00\" \/>\n<meta property=\"og:image\" content=\"https:\/\/redamlo.com\/wp-content\/uploads\/2020\/07\/amlo-trump-casa-blanca.jpg\" \/>\n\t<meta property=\"og:image:width\" content=\"1200\" \/>\n\t<meta property=\"og:image:height\" content=\"675\" \/>\n\t<meta property=\"og:image:type\" content=\"image\/jpeg\" \/>\n<meta name=\"author\" content=\"Blanca\" \/>\n<meta name=\"twitter:card\" content=\"summary_large_image\" \/>\n<meta name=\"twitter:label1\" content=\"Escrito por\" \/>\n\t<meta name=\"twitter:data1\" content=\"Blanca\" \/>\n\t<meta name=\"twitter:label2\" content=\"Tiempo de lectura\" \/>\n\t<meta name=\"twitter:data2\" content=\"1 minuto\" \/>\n<script type=\"application\/ld+json\" class=\"yoast-schema-graph\">{\"@context\":\"https:\\\/\\\/schema.org\",\"@graph\":[{\"@type\":\"Article\",\"@id\":\"https:\\\/\\\/redamlo.com\\\/index.php\\\/2020\\\/07\\\/09\\\/consulta-ciudadana-como-consideras-la-visita-de-amlo-a-la-casa-blanca\\\/#article\",\"isPartOf\":{\"@id\":\"https:\\\/\\\/redamlo.com\\\/index.php\\\/2020\\\/07\\\/09\\\/consulta-ciudadana-como-consideras-la-visita-de-amlo-a-la-casa-blanca\\\/\"},\"author\":{\"name\":\"Blanca\",\"@id\":\"https:\\\/\\\/redamlo.com\\\/#\\\/schema\\\/person\\\/7223a4375eb8f1a782fcae010a7115cf\"},\"headline\":\"Consulta Ciudadana \u00bfComo consideras la Visita de AMLO a la Casa Blanca?\",\"datePublished\":\"2020-07-09T16:46:58+00:00\",\"mainEntityOfPage\":{\"@id\":\"https:\\\/\\\/redamlo.com\\\/index.php\\\/2020\\\/07\\\/09\\\/consulta-ciudadana-como-consideras-la-visita-de-amlo-a-la-casa-blanca\\\/\"},\"wordCount\":211,\"commentCount\":0,\"publisher\":{\"@id\":\"https:\\\/\\\/redamlo.com\\\/#organization\"},\"image\":{\"@id\":\"https:\\\/\\\/redamlo.com\\\/index.php\\\/2020\\\/07\\\/09\\\/consulta-ciudadana-como-consideras-la-visita-de-amlo-a-la-casa-blanca\\\/#primaryimage\"},\"thumbnailUrl\":\"https:\\\/\\\/redamlo.com\\\/wp-content\\\/uploads\\\/2020\\\/07\\\/amlo-trump-casa-blanca.jpg\",\"keywords\":[\"Andr\u00e9s Manuel L\u00f3pez Obrador\",\"Obrador\",\"Presidente de M\u00e9xico\"],\"articleSection\":[\"4T\",\"Internacionales\",\"Opini\u00f3n\"],\"inLanguage\":\"es\",\"potentialAction\":[{\"@type\":\"CommentAction\",\"name\":\"Comment\",\"target\":[\"https:\\\/\\\/redamlo.com\\\/index.php\\\/2020\\\/07\\\/09\\\/consulta-ciudadana-como-consideras-la-visita-de-amlo-a-la-casa-blanca\\\/#respond\"]}]},{\"@type\":\"WebPage\",\"@id\":\"https:\\\/\\\/redamlo.com\\\/index.php\\\/2020\\\/07\\\/09\\\/consulta-ciudadana-como-consideras-la-visita-de-amlo-a-la-casa-blanca\\\/\",\"url\":\"https:\\\/\\\/redamlo.com\\\/index.php\\\/2020\\\/07\\\/09\\\/consulta-ciudadana-como-consideras-la-visita-de-amlo-a-la-casa-blanca\\\/\",\"name\":\"Consulta Ciudadana \u00bfComo consideras la Visita de AMLO a la Casa Blanca? - NOTICIAS DE LA 4T\",\"isPartOf\":{\"@id\":\"https:\\\/\\\/redamlo.com\\\/#website\"},\"primaryImageOfPage\":{\"@id\":\"https:\\\/\\\/redamlo.com\\\/index.php\\\/2020\\\/07\\\/09\\\/consulta-ciudadana-como-consideras-la-visita-de-amlo-a-la-casa-blanca\\\/#primaryimage\"},\"image\":{\"@id\":\"https:\\\/\\\/redamlo.com\\\/index.php\\\/2020\\\/07\\\/09\\\/consulta-ciudadana-como-consideras-la-visita-de-amlo-a-la-casa-blanca\\\/#primaryimage\"},\"thumbnailUrl\":\"https:\\\/\\\/redamlo.com\\\/wp-content\\\/uploads\\\/2020\\\/07\\\/amlo-trump-casa-blanca.jpg\",\"datePublished\":\"2020-07-09T16:46:58+00:00\",\"breadcrumb\":{\"@id\":\"https:\\\/\\\/redamlo.com\\\/index.php\\\/2020\\\/07\\\/09\\\/consulta-ciudadana-como-consideras-la-visita-de-amlo-a-la-casa-blanca\\\/#breadcrumb\"},\"inLanguage\":\"es\",\"potentialAction\":[{\"@type\":\"ReadAction\",\"target\":[\"https:\\\/\\\/redamlo.com\\\/index.php\\\/2020\\\/07\\\/09\\\/consulta-ciudadana-como-consideras-la-visita-de-amlo-a-la-casa-blanca\\\/\"]}]},{\"@type\":\"ImageObject\",\"inLanguage\":\"es\",\"@id\":\"https:\\\/\\\/redamlo.com\\\/index.php\\\/2020\\\/07\\\/09\\\/consulta-ciudadana-como-consideras-la-visita-de-amlo-a-la-casa-blanca\\\/#primaryimage\",\"url\":\"https:\\\/\\\/redamlo.com\\\/wp-content\\\/uploads\\\/2020\\\/07\\\/amlo-trump-casa-blanca.jpg\",\"contentUrl\":\"https:\\\/\\\/redamlo.com\\\/wp-content\\\/uploads\\\/2020\\\/07\\\/amlo-trump-casa-blanca.jpg\",\"width\":1200,\"height\":675},{\"@type\":\"BreadcrumbList\",\"@id\":\"https:\\\/\\\/redamlo.com\\\/index.php\\\/2020\\\/07\\\/09\\\/consulta-ciudadana-como-consideras-la-visita-de-amlo-a-la-casa-blanca\\\/#breadcrumb\",\"itemListElement\":[{\"@type\":\"ListItem\",\"position\":1,\"name\":\"Inicio\",\"item\":\"https:\\\/\\\/redamlo.com\\\/\"},{\"@type\":\"ListItem\",\"position\":2,\"name\":\"Consulta Ciudadana \u00bfComo consideras la Visita de AMLO a la Casa Blanca?\"}]},{\"@type\":\"WebSite\",\"@id\":\"https:\\\/\\\/redamlo.com\\\/#website\",\"url\":\"https:\\\/\\\/redamlo.com\\\/\",\"name\":\"NOTICIAS DE LA 4T\",\"description\":\"\",\"publisher\":{\"@id\":\"https:\\\/\\\/redamlo.com\\\/#organization\"},\"potentialAction\":[{\"@type\":\"SearchAction\",\"target\":{\"@type\":\"EntryPoint\",\"urlTemplate\":\"https:\\\/\\\/redamlo.com\\\/?s={search_term_string}\"},\"query-input\":{\"@type\":\"PropertyValueSpecification\",\"valueRequired\":true,\"valueName\":\"search_term_string\"}}],\"inLanguage\":\"es\"},{\"@type\":\"Organization\",\"@id\":\"https:\\\/\\\/redamlo.com\\\/#organization\",\"name\":\"NOTICIAS DE LA 4T\",\"url\":\"https:\\\/\\\/redamlo.com\\\/\",\"logo\":{\"@type\":\"ImageObject\",\"inLanguage\":\"es\",\"@id\":\"https:\\\/\\\/redamlo.com\\\/#\\\/schema\\\/logo\\\/image\\\/\",\"url\":\"https:\\\/\\\/redamlo.com\\\/wp-content\\\/uploads\\\/2024\\\/08\\\/cropped-RED-AMLO-logo-50.png\",\"contentUrl\":\"https:\\\/\\\/redamlo.com\\\/wp-content\\\/uploads\\\/2024\\\/08\\\/cropped-RED-AMLO-logo-50.png\",\"width\":256,\"height\":256,\"caption\":\"NOTICIAS DE LA 4T\"},\"image\":{\"@id\":\"https:\\\/\\\/redamlo.com\\\/#\\\/schema\\\/logo\\\/image\\\/\"}},{\"@type\":\"Person\",\"@id\":\"https:\\\/\\\/redamlo.com\\\/#\\\/schema\\\/person\\\/7223a4375eb8f1a782fcae010a7115cf\",\"name\":\"Blanca\",\"image\":{\"@type\":\"ImageObject\",\"inLanguage\":\"es\",\"@id\":\"https:\\\/\\\/secure.gravatar.com\\\/avatar\\\/3f79bc8336367a4e6093eae8757acaaf61d1124834b905616de7829b0273426d?s=96&d=mm&r=g\",\"url\":\"https:\\\/\\\/secure.gravatar.com\\\/avatar\\\/3f79bc8336367a4e6093eae8757acaaf61d1124834b905616de7829b0273426d?s=96&d=mm&r=g\",\"contentUrl\":\"https:\\\/\\\/secure.gravatar.com\\\/avatar\\\/3f79bc8336367a4e6093eae8757acaaf61d1124834b905616de7829b0273426d?s=96&d=mm&r=g\",\"caption\":\"Blanca\"},\"url\":\"https:\\\/\\\/redamlo.com\\\/index.php\\\/author\\\/blanca\\\/\"}]}<\/script>\n<!-- \/ Yoast SEO plugin. -->","yoast_head_json":{"title":"Consulta Ciudadana \u00bfComo consideras la Visita de AMLO a la Casa Blanca? - NOTICIAS DE LA 4T","robots":{"index":"noindex","follow":"follow","max-snippet":"max-snippet:-1","max-image-preview":"max-image-preview:large","max-video-preview":"max-video-preview:-1"},"og_locale":"es_MX","og_type":"article","og_title":"Consulta Ciudadana \u00bfComo consideras la Visita de AMLO a la Casa Blanca? - NOTICIAS DE LA 4T","og_description":"Ciudad de M\u00e9xico a 9 de julio 2020 (Noticias de la Ciudad de M\u00e9xico y...","og_url":"https:\/\/redamlo.com\/index.php\/2020\/07\/09\/consulta-ciudadana-como-consideras-la-visita-de-amlo-a-la-casa-blanca\/","og_site_name":"NOTICIAS DE LA 4T","article_published_time":"2020-07-09T16:46:58+00:00","og_image":[{"width":1200,"height":675,"url":"https:\/\/redamlo.com\/wp-content\/uploads\/2020\/07\/amlo-trump-casa-blanca.jpg","type":"image\/jpeg"}],"author":"Blanca","twitter_card":"summary_large_image","twitter_misc":{"Escrito por":"Blanca","Tiempo de lectura":"1 minuto"},"schema":{"@context":"https:\/\/schema.org","@graph":[{"@type":"Article","@id":"https:\/\/redamlo.com\/index.php\/2020\/07\/09\/consulta-ciudadana-como-consideras-la-visita-de-amlo-a-la-casa-blanca\/#article","isPartOf":{"@id":"https:\/\/redamlo.com\/index.php\/2020\/07\/09\/consulta-ciudadana-como-consideras-la-visita-de-amlo-a-la-casa-blanca\/"},"author":{"name":"Blanca","@id":"https:\/\/redamlo.com\/#\/schema\/person\/7223a4375eb8f1a782fcae010a7115cf"},"headline":"Consulta Ciudadana \u00bfComo consideras la Visita de AMLO a la Casa Blanca?","datePublished":"2020-07-09T16:46:58+00:00","mainEntityOfPage":{"@id":"https:\/\/redamlo.com\/index.php\/2020\/07\/09\/consulta-ciudadana-como-consideras-la-visita-de-amlo-a-la-casa-blanca\/"},"wordCount":211,"commentCount":0,"publisher":{"@id":"https:\/\/redamlo.com\/#organization"},"image":{"@id":"https:\/\/redamlo.com\/index.php\/2020\/07\/09\/consulta-ciudadana-como-consideras-la-visita-de-amlo-a-la-casa-blanca\/#primaryimage"},"thumbnailUrl":"https:\/\/redamlo.com\/wp-content\/uploads\/2020\/07\/amlo-trump-casa-blanca.jpg","keywords":["Andr\u00e9s Manuel L\u00f3pez Obrador","Obrador","Presidente de M\u00e9xico"],"articleSection":["4T","Internacionales","Opini\u00f3n"],"inLanguage":"es","potentialAction":[{"@type":"CommentAction","name":"Comment","target":["https:\/\/redamlo.com\/index.php\/2020\/07\/09\/consulta-ciudadana-como-consideras-la-visita-de-amlo-a-la-casa-blanca\/#respond"]}]},{"@type":"WebPage","@id":"https:\/\/redamlo.com\/index.php\/2020\/07\/09\/consulta-ciudadana-como-consideras-la-visita-de-amlo-a-la-casa-blanca\/","url":"https:\/\/redamlo.com\/index.php\/2020\/07\/09\/consulta-ciudadana-como-consideras-la-visita-de-amlo-a-la-casa-blanca\/","name":"Consulta Ciudadana \u00bfComo consideras la Visita de AMLO a la Casa Blanca? - NOTICIAS DE LA 4T","isPartOf":{"@id":"https:\/\/redamlo.com\/#website"},"primaryImageOfPage":{"@id":"https:\/\/redamlo.com\/index.php\/2020\/07\/09\/consulta-ciudadana-como-consideras-la-visita-de-amlo-a-la-casa-blanca\/#primaryimage"},"image":{"@id":"https:\/\/redamlo.com\/index.php\/2020\/07\/09\/consulta-ciudadana-como-consideras-la-visita-de-amlo-a-la-casa-blanca\/#primaryimage"},"thumbnailUrl":"https:\/\/redamlo.com\/wp-content\/uploads\/2020\/07\/amlo-trump-casa-blanca.jpg","datePublished":"2020-07-09T16:46:58+00:00","breadcrumb":{"@id":"https:\/\/redamlo.com\/index.php\/2020\/07\/09\/consulta-ciudadana-como-consideras-la-visita-de-amlo-a-la-casa-blanca\/#breadcrumb"},"inLanguage":"es","potentialAction":[{"@type":"ReadAction","target":["https:\/\/redamlo.com\/index.php\/2020\/07\/09\/consulta-ciudadana-como-consideras-la-visita-de-amlo-a-la-casa-blanca\/"]}]},{"@type":"ImageObject","inLanguage":"es","@id":"https:\/\/redamlo.com\/index.php\/2020\/07\/09\/consulta-ciudadana-como-consideras-la-visita-de-amlo-a-la-casa-blanca\/#primaryimage","url":"https:\/\/redamlo.com\/wp-content\/uploads\/2020\/07\/amlo-trump-casa-blanca.jpg","contentUrl":"https:\/\/redamlo.com\/wp-content\/uploads\/2020\/07\/amlo-trump-casa-blanca.jpg","width":1200,"height":675},{"@type":"BreadcrumbList","@id":"https:\/\/redamlo.com\/index.php\/2020\/07\/09\/consulta-ciudadana-como-consideras-la-visita-de-amlo-a-la-casa-blanca\/#breadcrumb","itemListElement":[{"@type":"ListItem","position":1,"name":"Inicio","item":"https:\/\/redamlo.com\/"},{"@type":"ListItem","position":2,"name":"Consulta Ciudadana \u00bfComo consideras la Visita de AMLO a la Casa Blanca?"}]},{"@type":"WebSite","@id":"https:\/\/redamlo.com\/#website","url":"https:\/\/redamlo.com\/","name":"NOTICIAS DE LA 4T","description":"","publisher":{"@id":"https:\/\/redamlo.com\/#organization"},"potentialAction":[{"@type":"SearchAction","target":{"@type":"EntryPoint","urlTemplate":"https:\/\/redamlo.com\/?s={search_term_string}"},"query-input":{"@type":"PropertyValueSpecification","valueRequired":true,"valueName":"search_term_string"}}],"inLanguage":"es"},{"@type":"Organization","@id":"https:\/\/redamlo.com\/#organization","name":"NOTICIAS DE LA 4T","url":"https:\/\/redamlo.com\/","logo":{"@type":"ImageObject","inLanguage":"es","@id":"https:\/\/redamlo.com\/#\/schema\/logo\/image\/","url":"https:\/\/redamlo.com\/wp-content\/uploads\/2024\/08\/cropped-RED-AMLO-logo-50.png","contentUrl":"https:\/\/redamlo.com\/wp-content\/uploads\/2024\/08\/cropped-RED-AMLO-logo-50.png","width":256,"height":256,"caption":"NOTICIAS DE LA 4T"},"image":{"@id":"https:\/\/redamlo.com\/#\/schema\/logo\/image\/"}},{"@type":"Person","@id":"https:\/\/redamlo.com\/#\/schema\/person\/7223a4375eb8f1a782fcae010a7115cf","name":"Blanca","image":{"@type":"ImageObject","inLanguage":"es","@id":"https:\/\/secure.gravatar.com\/avatar\/3f79bc8336367a4e6093eae8757acaaf61d1124834b905616de7829b0273426d?s=96&d=mm&r=g","url":"https:\/\/secure.gravatar.com\/avatar\/3f79bc8336367a4e6093eae8757acaaf61d1124834b905616de7829b0273426d?s=96&d=mm&r=g","contentUrl":"https:\/\/secure.gravatar.com\/avatar\/3f79bc8336367a4e6093eae8757acaaf61d1124834b905616de7829b0273426d?s=96&d=mm&r=g","caption":"Blanca"},"url":"https:\/\/redamlo.com\/index.php\/author\/blanca\/"}]}},"_links":{"self":[{"href":"https:\/\/redamlo.com\/index.php\/wp-json\/wp\/v2\/posts\/860","targetHints":{"allow":["GET"]}}],"collection":[{"href":"https:\/\/redamlo.com\/index.php\/wp-json\/wp\/v2\/posts"}],"about":[{"href":"https:\/\/redamlo.com\/index.php\/wp-json\/wp\/v2\/types\/post"}],"author":[{"embeddable":true,"href":"https:\/\/redamlo.com\/index.php\/wp-json\/wp\/v2\/users\/2"}],"replies":[{"embeddable":true,"href":"https:\/\/redamlo.com\/index.php\/wp-json\/wp\/v2\/comments?post=860"}],"version-history":[{"count":0,"href":"https:\/\/redamlo.com\/index.php\/wp-json\/wp\/v2\/posts\/860\/revisions"}],"wp:featuredmedia":[{"embeddable":true,"href":"https:\/\/redamlo.com\/index.php\/wp-json\/wp\/v2\/media\/863"}],"wp:attachment":[{"href":"https:\/\/redamlo.com\/index.php\/wp-json\/wp\/v2\/media?parent=860"}],"wp:term":[{"taxonomy":"category","embeddable":true,"href":"https:\/\/redamlo.com\/index.php\/wp-json\/wp\/v2\/categories?post=860"},{"taxonomy":"post_tag","embeddable":true,"href":"https:\/\/redamlo.com\/index.php\/wp-json\/wp\/v2\/tags?post=860"}],"curies":[{"name":"wp","href":"https:\/\/api.w.org\/{rel}","templated":true}]}}