{"id":8520,"date":"2025-02-01T15:53:33","date_gmt":"2025-02-01T21:53:33","guid":{"rendered":"https:\/\/redamlo.com\/?p=8520"},"modified":"2025-02-01T15:53:33","modified_gmt":"2025-02-01T21:53:33","slug":"claudia-sheinbaum-rechazo-las-acusaciones-de-la-casa-blanca-que-vinculan-al-gobierno-mexicano-con-grupos-criminales","status":"publish","type":"post","link":"https:\/\/redamlo.com\/index.php\/2025\/02\/01\/claudia-sheinbaum-rechazo-las-acusaciones-de-la-casa-blanca-que-vinculan-al-gobierno-mexicano-con-grupos-criminales\/","title":{"rendered":"Claudia Sheinbaum\u00a0rechaz\u00f3 las acusaciones de la\u00a0Casa Blanca\u00a0que vinculan al gobierno mexicano con grupos criminales"},"content":{"rendered":"<p><b>Claudia Sheinbaum<\/b>, presidenta de M\u00e9xico, expres\u00f3 postura ante la decisi\u00f3n del presidente de\u00a0<b>Estados Unidos<\/b>,\u00a0<b>Donald Trump<\/b>, quien este s\u00e1bado firm\u00f3 ub \u00f3rdenes ejecutivas para aplicar un arancel del 25 % a las mercanc\u00edas mexicanas. En su intervenci\u00f3n, Sheinbaum dej\u00f3 claro que M\u00e9xico \u201csiempre negocia con la frente en alto\u201d y que \u201cnunca agacha la cabeza\u201d al tratar con otras naciones.<\/p>\n<p>\u201cNosotros somos pueblo, estamos al servicio del pueblo de M\u00e9xico. No queremos m\u00e1s que estar al servicio del pueblo de M\u00e9xico. Y eso le da a nuestro Pa\u00eds mucha fuerza, mucha fuerza, frente a cualquier adversidad o cualquier problema, porque estamos juntos (&#8230;) Y es importante decir, lo dije en el Z\u00f3calo, cuando hice mi informe de los 100 d\u00edas de Gobierno: cuando negociamos con otras naciones, cuando platicamos con otras naciones, siempre con la frente en alto, nunca agachando la cabeza. Somos iguales con todas las naciones del mundo\u201d, sostuvo.<\/p>\n<p>En su visita de trabajo al\u00a0<b>Estado de M\u00e9xico<\/b>, donde entreg\u00f3 este s\u00e1bado tarjetas del Programa de Mejoramiento de Vivienda para el Bienestar en Valle de Chalco, la mandataria reiter\u00f3 que no est\u00e1 preocupada por los aranceles del 25% que Estados Unidos comenzar\u00e1 a aplicar a los productos mexicanos.<\/p>\n<div class=\"Enhancement\">\n<div class=\"Enhancement-item\">\n<h2>Sheinbaum responde a acusasiones de colusi\u00f3n con el \u2018narco\u2019<\/h2>\n<\/div>\n<\/div>\n<p><b>Claudia Sheinbaum<\/b>\u00a0rechaz\u00f3 las acusaciones de la\u00a0<b>Casa Blanca<\/b>\u00a0que vinculan al gobierno mexicano con grupos criminales, calific\u00e1ndolas de infundadas y le propuso a Trump establecer una mesa de trabajo, destacando que \u201clos problemas no se resuelven con aranceles\u201d.<\/p>\n<p>\u201cRechazamos categ\u00f3ricamente la calumnia que hace la Casa Blanca al Gobierno de M\u00e9xico de tener alianzas con organizaciones criminales, as\u00ed como cualquier intenci\u00f3n injerencista en nuestro territorio\u201d, manifest\u00f3.<\/p>\n<div class=\"Enhancement\">\n<div class=\"Enhancement-item\">\n<div class=\"TweetEmbed\">\n<div class=\"twitter-tweet twitter-tweet-rendered\"><iframe id=\"twitter-widget-0\" class=\"\" title=\"X Post\" src=\"https:\/\/platform.twitter.com\/embed\/Tweet.html?dnt=false&amp;embedId=twitter-widget-0&amp;features=eyJ0ZndfdGltZWxpbmVfbGlzdCI6eyJidWNrZXQiOltdLCJ2ZXJzaW9uIjpudWxsfSwidGZ3X2ZvbGxvd2VyX2NvdW50X3N1bnNldCI6eyJidWNrZXQiOnRydWUsInZlcnNpb24iOm51bGx9LCJ0ZndfdHdlZXRfZWRpdF9iYWNrZW5kIjp7ImJ1Y2tldCI6Im9uIiwidmVyc2lvbiI6bnVsbH0sInRmd19yZWZzcmNfc2Vzc2lvbiI6eyJidWNrZXQiOiJvbiIsInZlcnNpb24iOm51bGx9LCJ0ZndfZm9zbnJfc29mdF9pbnRlcnZlbnRpb25zX2VuYWJsZWQiOnsiYnVja2V0Ijoib24iLCJ2ZXJzaW9uIjpudWxsfSwidGZ3X21peGVkX21lZGlhXzE1ODk3Ijp7ImJ1Y2tldCI6InRyZWF0bWVudCIsInZlcnNpb24iOm51bGx9LCJ0ZndfZXhwZXJpbWVudHNfY29va2llX2V4cGlyYXRpb24iOnsiYnVja2V0IjoxMjA5NjAwLCJ2ZXJzaW9uIjpudWxsfSwidGZ3X3Nob3dfYmlyZHdhdGNoX3Bpdm90c19lbmFibGVkIjp7ImJ1Y2tldCI6Im9uIiwidmVyc2lvbiI6bnVsbH0sInRmd19kdXBsaWNhdGVfc2NyaWJlc190b19zZXR0aW5ncyI6eyJidWNrZXQiOiJvbiIsInZlcnNpb24iOm51bGx9LCJ0ZndfdXNlX3Byb2ZpbGVfaW1hZ2Vfc2hhcGVfZW5hYmxlZCI6eyJidWNrZXQiOiJvbiIsInZlcnNpb24iOm51bGx9LCJ0ZndfdmlkZW9faGxzX2R5bmFtaWNfbWFuaWZlc3RzXzE1MDgyIjp7ImJ1Y2tldCI6InRydWVfYml0cmF0ZSIsInZlcnNpb24iOm51bGx9LCJ0ZndfbGVnYWN5X3RpbWVsaW5lX3N1bnNldCI6eyJidWNrZXQiOnRydWUsInZlcnNpb24iOm51bGx9LCJ0ZndfdHdlZXRfZWRpdF9mcm9udGVuZCI6eyJidWNrZXQiOiJvbiIsInZlcnNpb24iOm51bGx9fQ%3D%3D&amp;frame=false&amp;hideCard=false&amp;hideThread=false&amp;id=1885857655094415528&amp;lang=es&amp;origin=https%3A%2F%2Fwww.adn40.mx%2Fpoder%2F2025-02-01%2Fsheinbaum-a-trump-mexico-negocia-frente-en-alto-nunca-agacha-cabeza-aranceles&amp;sessionId=31445b67756ae21841b928f42510865a5daa7bd9&amp;siteScreenName=adn40&amp;theme=light&amp;widgetsVersion=2615f7e52b7e0%3A1702314776716&amp;width=550px\" frameborder=\"0\" scrolling=\"no\" allowfullscreen=\"allowfullscreen\" data-gtm-yt-inspected-11=\"true\" data-tweet-id=\"1885857655094415528\" data-mce-fragment=\"1\"><\/iframe><\/div>\n<\/div>\n<\/div>\n<\/div>\n<p>En una declaraci\u00f3n publicada en X, Sheinbaum se\u00f1al\u00f3 que las verdaderas alianzas con grupos criminales se encuentran en las armer\u00edas de Estados Unidos, que venden armas de alto poder a estos grupos. La Presidenta cit\u00f3 un informe del Departamento de Justicia de Estados Unidos de enero como evidencia.<\/p>\n<p>Fuente: ADN 40.<\/p>\n","protected":false},"excerpt":{"rendered":"<p>Claudia Sheinbaum, presidenta de M\u00e9xico, expres\u00f3 postura ante la decisi\u00f3n del presidente de\u00a0Estados Unidos,\u00a0Donald Trump,&#8230;<\/p>\n","protected":false},"author":1,"featured_media":8521,"comment_status":"open","ping_status":"closed","sticky":false,"template":"","format":"standard","meta":{"footnotes":""},"categories":[27],"tags":[2838,2470,2017],"class_list":["post-8520","post","type-post","status-publish","format-standard","has-post-thumbnail","hentry","category-presidencia","tag-aranceles","tag-sheinbaum","tag-trump"],"yoast_head":"<!-- This site is optimized with the Yoast SEO plugin v27.5 - https:\/\/yoast.com\/product\/yoast-seo-wordpress\/ -->\n<title>Claudia Sheinbaum\u00a0rechaz\u00f3 las acusaciones de la\u00a0Casa Blanca\u00a0que vinculan al gobierno mexicano con grupos criminales - NOTICIAS DE LA 4T<\/title>\n<meta name=\"robots\" content=\"noindex, follow, max-snippet:-1, max-image-preview:large, max-video-preview:-1\" \/>\n<meta property=\"og:locale\" content=\"es_MX\" \/>\n<meta property=\"og:type\" content=\"article\" \/>\n<meta property=\"og:title\" content=\"Claudia Sheinbaum\u00a0rechaz\u00f3 las acusaciones de la\u00a0Casa Blanca\u00a0que vinculan al gobierno mexicano con grupos criminales - NOTICIAS DE LA 4T\" \/>\n<meta property=\"og:description\" content=\"Claudia Sheinbaum, presidenta de M\u00e9xico, expres\u00f3 postura ante la decisi\u00f3n del presidente de\u00a0Estados Unidos,\u00a0Donald Trump,...\" \/>\n<meta property=\"og:url\" content=\"https:\/\/redamlo.com\/index.php\/2025\/02\/01\/claudia-sheinbaum-rechazo-las-acusaciones-de-la-casa-blanca-que-vinculan-al-gobierno-mexicano-con-grupos-criminales\/\" \/>\n<meta property=\"og:site_name\" content=\"NOTICIAS DE LA 4T\" \/>\n<meta property=\"article:published_time\" content=\"2025-02-01T21:53:33+00:00\" \/>\n<meta property=\"og:image\" content=\"https:\/\/redamlo.com\/wp-content\/uploads\/2025\/02\/sheinbaum-01-feb.png\" \/>\n\t<meta property=\"og:image:width\" content=\"821\" \/>\n\t<meta property=\"og:image:height\" content=\"442\" \/>\n\t<meta property=\"og:image:type\" content=\"image\/png\" \/>\n<meta name=\"author\" content=\"admin\" \/>\n<meta name=\"twitter:card\" content=\"summary_large_image\" \/>\n<meta name=\"twitter:label1\" content=\"Escrito por\" \/>\n\t<meta name=\"twitter:data1\" content=\"admin\" \/>\n\t<meta name=\"twitter:label2\" content=\"Tiempo de lectura\" \/>\n\t<meta name=\"twitter:data2\" content=\"2 minutos\" \/>\n<script type=\"application\/ld+json\" class=\"yoast-schema-graph\">{\"@context\":\"https:\\\/\\\/schema.org\",\"@graph\":[{\"@type\":\"Article\",\"@id\":\"https:\\\/\\\/redamlo.com\\\/index.php\\\/2025\\\/02\\\/01\\\/claudia-sheinbaum-rechazo-las-acusaciones-de-la-casa-blanca-que-vinculan-al-gobierno-mexicano-con-grupos-criminales\\\/#article\",\"isPartOf\":{\"@id\":\"https:\\\/\\\/redamlo.com\\\/index.php\\\/2025\\\/02\\\/01\\\/claudia-sheinbaum-rechazo-las-acusaciones-de-la-casa-blanca-que-vinculan-al-gobierno-mexicano-con-grupos-criminales\\\/\"},\"author\":{\"name\":\"admin\",\"@id\":\"https:\\\/\\\/redamlo.com\\\/#\\\/schema\\\/person\\\/197a0a670d21b1f4f1483ddda1b64613\"},\"headline\":\"Claudia Sheinbaum\u00a0rechaz\u00f3 las acusaciones de la\u00a0Casa Blanca\u00a0que vinculan al gobierno mexicano con grupos criminales\",\"datePublished\":\"2025-02-01T21:53:33+00:00\",\"mainEntityOfPage\":{\"@id\":\"https:\\\/\\\/redamlo.com\\\/index.php\\\/2025\\\/02\\\/01\\\/claudia-sheinbaum-rechazo-las-acusaciones-de-la-casa-blanca-que-vinculan-al-gobierno-mexicano-con-grupos-criminales\\\/\"},\"wordCount\":361,\"commentCount\":0,\"publisher\":{\"@id\":\"https:\\\/\\\/redamlo.com\\\/#organization\"},\"image\":{\"@id\":\"https:\\\/\\\/redamlo.com\\\/index.php\\\/2025\\\/02\\\/01\\\/claudia-sheinbaum-rechazo-las-acusaciones-de-la-casa-blanca-que-vinculan-al-gobierno-mexicano-con-grupos-criminales\\\/#primaryimage\"},\"thumbnailUrl\":\"https:\\\/\\\/redamlo.com\\\/wp-content\\\/uploads\\\/2025\\\/02\\\/sheinbaum-01-feb.png\",\"keywords\":[\"aranceles\",\"Sheinbaum\",\"Trump\"],\"articleSection\":[\"Presidencia\"],\"inLanguage\":\"es\",\"potentialAction\":[{\"@type\":\"CommentAction\",\"name\":\"Comment\",\"target\":[\"https:\\\/\\\/redamlo.com\\\/index.php\\\/2025\\\/02\\\/01\\\/claudia-sheinbaum-rechazo-las-acusaciones-de-la-casa-blanca-que-vinculan-al-gobierno-mexicano-con-grupos-criminales\\\/#respond\"]}]},{\"@type\":\"WebPage\",\"@id\":\"https:\\\/\\\/redamlo.com\\\/index.php\\\/2025\\\/02\\\/01\\\/claudia-sheinbaum-rechazo-las-acusaciones-de-la-casa-blanca-que-vinculan-al-gobierno-mexicano-con-grupos-criminales\\\/\",\"url\":\"https:\\\/\\\/redamlo.com\\\/index.php\\\/2025\\\/02\\\/01\\\/claudia-sheinbaum-rechazo-las-acusaciones-de-la-casa-blanca-que-vinculan-al-gobierno-mexicano-con-grupos-criminales\\\/\",\"name\":\"Claudia Sheinbaum\u00a0rechaz\u00f3 las acusaciones de la\u00a0Casa Blanca\u00a0que vinculan al gobierno mexicano con grupos criminales - NOTICIAS DE LA 4T\",\"isPartOf\":{\"@id\":\"https:\\\/\\\/redamlo.com\\\/#website\"},\"primaryImageOfPage\":{\"@id\":\"https:\\\/\\\/redamlo.com\\\/index.php\\\/2025\\\/02\\\/01\\\/claudia-sheinbaum-rechazo-las-acusaciones-de-la-casa-blanca-que-vinculan-al-gobierno-mexicano-con-grupos-criminales\\\/#primaryimage\"},\"image\":{\"@id\":\"https:\\\/\\\/redamlo.com\\\/index.php\\\/2025\\\/02\\\/01\\\/claudia-sheinbaum-rechazo-las-acusaciones-de-la-casa-blanca-que-vinculan-al-gobierno-mexicano-con-grupos-criminales\\\/#primaryimage\"},\"thumbnailUrl\":\"https:\\\/\\\/redamlo.com\\\/wp-content\\\/uploads\\\/2025\\\/02\\\/sheinbaum-01-feb.png\",\"datePublished\":\"2025-02-01T21:53:33+00:00\",\"breadcrumb\":{\"@id\":\"https:\\\/\\\/redamlo.com\\\/index.php\\\/2025\\\/02\\\/01\\\/claudia-sheinbaum-rechazo-las-acusaciones-de-la-casa-blanca-que-vinculan-al-gobierno-mexicano-con-grupos-criminales\\\/#breadcrumb\"},\"inLanguage\":\"es\",\"potentialAction\":[{\"@type\":\"ReadAction\",\"target\":[\"https:\\\/\\\/redamlo.com\\\/index.php\\\/2025\\\/02\\\/01\\\/claudia-sheinbaum-rechazo-las-acusaciones-de-la-casa-blanca-que-vinculan-al-gobierno-mexicano-con-grupos-criminales\\\/\"]}]},{\"@type\":\"ImageObject\",\"inLanguage\":\"es\",\"@id\":\"https:\\\/\\\/redamlo.com\\\/index.php\\\/2025\\\/02\\\/01\\\/claudia-sheinbaum-rechazo-las-acusaciones-de-la-casa-blanca-que-vinculan-al-gobierno-mexicano-con-grupos-criminales\\\/#primaryimage\",\"url\":\"https:\\\/\\\/redamlo.com\\\/wp-content\\\/uploads\\\/2025\\\/02\\\/sheinbaum-01-feb.png\",\"contentUrl\":\"https:\\\/\\\/redamlo.com\\\/wp-content\\\/uploads\\\/2025\\\/02\\\/sheinbaum-01-feb.png\",\"width\":821,\"height\":442},{\"@type\":\"BreadcrumbList\",\"@id\":\"https:\\\/\\\/redamlo.com\\\/index.php\\\/2025\\\/02\\\/01\\\/claudia-sheinbaum-rechazo-las-acusaciones-de-la-casa-blanca-que-vinculan-al-gobierno-mexicano-con-grupos-criminales\\\/#breadcrumb\",\"itemListElement\":[{\"@type\":\"ListItem\",\"position\":1,\"name\":\"Inicio\",\"item\":\"https:\\\/\\\/redamlo.com\\\/\"},{\"@type\":\"ListItem\",\"position\":2,\"name\":\"Claudia Sheinbaum\u00a0rechaz\u00f3 las acusaciones de la\u00a0Casa Blanca\u00a0que vinculan al gobierno mexicano con grupos criminales\"}]},{\"@type\":\"WebSite\",\"@id\":\"https:\\\/\\\/redamlo.com\\\/#website\",\"url\":\"https:\\\/\\\/redamlo.com\\\/\",\"name\":\"NOTICIAS DE LA 4T\",\"description\":\"\",\"publisher\":{\"@id\":\"https:\\\/\\\/redamlo.com\\\/#organization\"},\"potentialAction\":[{\"@type\":\"SearchAction\",\"target\":{\"@type\":\"EntryPoint\",\"urlTemplate\":\"https:\\\/\\\/redamlo.com\\\/?s={search_term_string}\"},\"query-input\":{\"@type\":\"PropertyValueSpecification\",\"valueRequired\":true,\"valueName\":\"search_term_string\"}}],\"inLanguage\":\"es\"},{\"@type\":\"Organization\",\"@id\":\"https:\\\/\\\/redamlo.com\\\/#organization\",\"name\":\"NOTICIAS DE LA 4T\",\"url\":\"https:\\\/\\\/redamlo.com\\\/\",\"logo\":{\"@type\":\"ImageObject\",\"inLanguage\":\"es\",\"@id\":\"https:\\\/\\\/redamlo.com\\\/#\\\/schema\\\/logo\\\/image\\\/\",\"url\":\"https:\\\/\\\/redamlo.com\\\/wp-content\\\/uploads\\\/2024\\\/08\\\/cropped-RED-AMLO-logo-50.png\",\"contentUrl\":\"https:\\\/\\\/redamlo.com\\\/wp-content\\\/uploads\\\/2024\\\/08\\\/cropped-RED-AMLO-logo-50.png\",\"width\":256,\"height\":256,\"caption\":\"NOTICIAS DE LA 4T\"},\"image\":{\"@id\":\"https:\\\/\\\/redamlo.com\\\/#\\\/schema\\\/logo\\\/image\\\/\"}},{\"@type\":\"Person\",\"@id\":\"https:\\\/\\\/redamlo.com\\\/#\\\/schema\\\/person\\\/197a0a670d21b1f4f1483ddda1b64613\",\"name\":\"admin\",\"image\":{\"@type\":\"ImageObject\",\"inLanguage\":\"es\",\"@id\":\"https:\\\/\\\/secure.gravatar.com\\\/avatar\\\/293dccd927043f2e641da6685c2f84009782eb9ee0054daceada4e261ded849a?s=96&d=mm&r=g\",\"url\":\"https:\\\/\\\/secure.gravatar.com\\\/avatar\\\/293dccd927043f2e641da6685c2f84009782eb9ee0054daceada4e261ded849a?s=96&d=mm&r=g\",\"contentUrl\":\"https:\\\/\\\/secure.gravatar.com\\\/avatar\\\/293dccd927043f2e641da6685c2f84009782eb9ee0054daceada4e261ded849a?s=96&d=mm&r=g\",\"caption\":\"admin\"},\"sameAs\":[\"https:\\\/\\\/redamlo.com\"],\"url\":\"https:\\\/\\\/redamlo.com\\\/index.php\\\/author\\\/stell\\\/\"}]}<\/script>\n<!-- \/ Yoast SEO plugin. -->","yoast_head_json":{"title":"Claudia Sheinbaum\u00a0rechaz\u00f3 las acusaciones de la\u00a0Casa Blanca\u00a0que vinculan al gobierno mexicano con grupos criminales - NOTICIAS DE LA 4T","robots":{"index":"noindex","follow":"follow","max-snippet":"max-snippet:-1","max-image-preview":"max-image-preview:large","max-video-preview":"max-video-preview:-1"},"og_locale":"es_MX","og_type":"article","og_title":"Claudia Sheinbaum\u00a0rechaz\u00f3 las acusaciones de la\u00a0Casa Blanca\u00a0que vinculan al gobierno mexicano con grupos criminales - NOTICIAS DE LA 4T","og_description":"Claudia Sheinbaum, presidenta de M\u00e9xico, expres\u00f3 postura ante la decisi\u00f3n del presidente de\u00a0Estados Unidos,\u00a0Donald Trump,...","og_url":"https:\/\/redamlo.com\/index.php\/2025\/02\/01\/claudia-sheinbaum-rechazo-las-acusaciones-de-la-casa-blanca-que-vinculan-al-gobierno-mexicano-con-grupos-criminales\/","og_site_name":"NOTICIAS DE LA 4T","article_published_time":"2025-02-01T21:53:33+00:00","og_image":[{"width":821,"height":442,"url":"https:\/\/redamlo.com\/wp-content\/uploads\/2025\/02\/sheinbaum-01-feb.png","type":"image\/png"}],"author":"admin","twitter_card":"summary_large_image","twitter_misc":{"Escrito por":"admin","Tiempo de lectura":"2 minutos"},"schema":{"@context":"https:\/\/schema.org","@graph":[{"@type":"Article","@id":"https:\/\/redamlo.com\/index.php\/2025\/02\/01\/claudia-sheinbaum-rechazo-las-acusaciones-de-la-casa-blanca-que-vinculan-al-gobierno-mexicano-con-grupos-criminales\/#article","isPartOf":{"@id":"https:\/\/redamlo.com\/index.php\/2025\/02\/01\/claudia-sheinbaum-rechazo-las-acusaciones-de-la-casa-blanca-que-vinculan-al-gobierno-mexicano-con-grupos-criminales\/"},"author":{"name":"admin","@id":"https:\/\/redamlo.com\/#\/schema\/person\/197a0a670d21b1f4f1483ddda1b64613"},"headline":"Claudia Sheinbaum\u00a0rechaz\u00f3 las acusaciones de la\u00a0Casa Blanca\u00a0que vinculan al gobierno mexicano con grupos criminales","datePublished":"2025-02-01T21:53:33+00:00","mainEntityOfPage":{"@id":"https:\/\/redamlo.com\/index.php\/2025\/02\/01\/claudia-sheinbaum-rechazo-las-acusaciones-de-la-casa-blanca-que-vinculan-al-gobierno-mexicano-con-grupos-criminales\/"},"wordCount":361,"commentCount":0,"publisher":{"@id":"https:\/\/redamlo.com\/#organization"},"image":{"@id":"https:\/\/redamlo.com\/index.php\/2025\/02\/01\/claudia-sheinbaum-rechazo-las-acusaciones-de-la-casa-blanca-que-vinculan-al-gobierno-mexicano-con-grupos-criminales\/#primaryimage"},"thumbnailUrl":"https:\/\/redamlo.com\/wp-content\/uploads\/2025\/02\/sheinbaum-01-feb.png","keywords":["aranceles","Sheinbaum","Trump"],"articleSection":["Presidencia"],"inLanguage":"es","potentialAction":[{"@type":"CommentAction","name":"Comment","target":["https:\/\/redamlo.com\/index.php\/2025\/02\/01\/claudia-sheinbaum-rechazo-las-acusaciones-de-la-casa-blanca-que-vinculan-al-gobierno-mexicano-con-grupos-criminales\/#respond"]}]},{"@type":"WebPage","@id":"https:\/\/redamlo.com\/index.php\/2025\/02\/01\/claudia-sheinbaum-rechazo-las-acusaciones-de-la-casa-blanca-que-vinculan-al-gobierno-mexicano-con-grupos-criminales\/","url":"https:\/\/redamlo.com\/index.php\/2025\/02\/01\/claudia-sheinbaum-rechazo-las-acusaciones-de-la-casa-blanca-que-vinculan-al-gobierno-mexicano-con-grupos-criminales\/","name":"Claudia Sheinbaum\u00a0rechaz\u00f3 las acusaciones de la\u00a0Casa Blanca\u00a0que vinculan al gobierno mexicano con grupos criminales - NOTICIAS DE LA 4T","isPartOf":{"@id":"https:\/\/redamlo.com\/#website"},"primaryImageOfPage":{"@id":"https:\/\/redamlo.com\/index.php\/2025\/02\/01\/claudia-sheinbaum-rechazo-las-acusaciones-de-la-casa-blanca-que-vinculan-al-gobierno-mexicano-con-grupos-criminales\/#primaryimage"},"image":{"@id":"https:\/\/redamlo.com\/index.php\/2025\/02\/01\/claudia-sheinbaum-rechazo-las-acusaciones-de-la-casa-blanca-que-vinculan-al-gobierno-mexicano-con-grupos-criminales\/#primaryimage"},"thumbnailUrl":"https:\/\/redamlo.com\/wp-content\/uploads\/2025\/02\/sheinbaum-01-feb.png","datePublished":"2025-02-01T21:53:33+00:00","breadcrumb":{"@id":"https:\/\/redamlo.com\/index.php\/2025\/02\/01\/claudia-sheinbaum-rechazo-las-acusaciones-de-la-casa-blanca-que-vinculan-al-gobierno-mexicano-con-grupos-criminales\/#breadcrumb"},"inLanguage":"es","potentialAction":[{"@type":"ReadAction","target":["https:\/\/redamlo.com\/index.php\/2025\/02\/01\/claudia-sheinbaum-rechazo-las-acusaciones-de-la-casa-blanca-que-vinculan-al-gobierno-mexicano-con-grupos-criminales\/"]}]},{"@type":"ImageObject","inLanguage":"es","@id":"https:\/\/redamlo.com\/index.php\/2025\/02\/01\/claudia-sheinbaum-rechazo-las-acusaciones-de-la-casa-blanca-que-vinculan-al-gobierno-mexicano-con-grupos-criminales\/#primaryimage","url":"https:\/\/redamlo.com\/wp-content\/uploads\/2025\/02\/sheinbaum-01-feb.png","contentUrl":"https:\/\/redamlo.com\/wp-content\/uploads\/2025\/02\/sheinbaum-01-feb.png","width":821,"height":442},{"@type":"BreadcrumbList","@id":"https:\/\/redamlo.com\/index.php\/2025\/02\/01\/claudia-sheinbaum-rechazo-las-acusaciones-de-la-casa-blanca-que-vinculan-al-gobierno-mexicano-con-grupos-criminales\/#breadcrumb","itemListElement":[{"@type":"ListItem","position":1,"name":"Inicio","item":"https:\/\/redamlo.com\/"},{"@type":"ListItem","position":2,"name":"Claudia Sheinbaum\u00a0rechaz\u00f3 las acusaciones de la\u00a0Casa Blanca\u00a0que vinculan al gobierno mexicano con grupos criminales"}]},{"@type":"WebSite","@id":"https:\/\/redamlo.com\/#website","url":"https:\/\/redamlo.com\/","name":"NOTICIAS DE LA 4T","description":"","publisher":{"@id":"https:\/\/redamlo.com\/#organization"},"potentialAction":[{"@type":"SearchAction","target":{"@type":"EntryPoint","urlTemplate":"https:\/\/redamlo.com\/?s={search_term_string}"},"query-input":{"@type":"PropertyValueSpecification","valueRequired":true,"valueName":"search_term_string"}}],"inLanguage":"es"},{"@type":"Organization","@id":"https:\/\/redamlo.com\/#organization","name":"NOTICIAS DE LA 4T","url":"https:\/\/redamlo.com\/","logo":{"@type":"ImageObject","inLanguage":"es","@id":"https:\/\/redamlo.com\/#\/schema\/logo\/image\/","url":"https:\/\/redamlo.com\/wp-content\/uploads\/2024\/08\/cropped-RED-AMLO-logo-50.png","contentUrl":"https:\/\/redamlo.com\/wp-content\/uploads\/2024\/08\/cropped-RED-AMLO-logo-50.png","width":256,"height":256,"caption":"NOTICIAS DE LA 4T"},"image":{"@id":"https:\/\/redamlo.com\/#\/schema\/logo\/image\/"}},{"@type":"Person","@id":"https:\/\/redamlo.com\/#\/schema\/person\/197a0a670d21b1f4f1483ddda1b64613","name":"admin","image":{"@type":"ImageObject","inLanguage":"es","@id":"https:\/\/secure.gravatar.com\/avatar\/293dccd927043f2e641da6685c2f84009782eb9ee0054daceada4e261ded849a?s=96&d=mm&r=g","url":"https:\/\/secure.gravatar.com\/avatar\/293dccd927043f2e641da6685c2f84009782eb9ee0054daceada4e261ded849a?s=96&d=mm&r=g","contentUrl":"https:\/\/secure.gravatar.com\/avatar\/293dccd927043f2e641da6685c2f84009782eb9ee0054daceada4e261ded849a?s=96&d=mm&r=g","caption":"admin"},"sameAs":["https:\/\/redamlo.com"],"url":"https:\/\/redamlo.com\/index.php\/author\/stell\/"}]}},"_links":{"self":[{"href":"https:\/\/redamlo.com\/index.php\/wp-json\/wp\/v2\/posts\/8520","targetHints":{"allow":["GET"]}}],"collection":[{"href":"https:\/\/redamlo.com\/index.php\/wp-json\/wp\/v2\/posts"}],"about":[{"href":"https:\/\/redamlo.com\/index.php\/wp-json\/wp\/v2\/types\/post"}],"author":[{"embeddable":true,"href":"https:\/\/redamlo.com\/index.php\/wp-json\/wp\/v2\/users\/1"}],"replies":[{"embeddable":true,"href":"https:\/\/redamlo.com\/index.php\/wp-json\/wp\/v2\/comments?post=8520"}],"version-history":[{"count":0,"href":"https:\/\/redamlo.com\/index.php\/wp-json\/wp\/v2\/posts\/8520\/revisions"}],"wp:featuredmedia":[{"embeddable":true,"href":"https:\/\/redamlo.com\/index.php\/wp-json\/wp\/v2\/media\/8521"}],"wp:attachment":[{"href":"https:\/\/redamlo.com\/index.php\/wp-json\/wp\/v2\/media?parent=8520"}],"wp:term":[{"taxonomy":"category","embeddable":true,"href":"https:\/\/redamlo.com\/index.php\/wp-json\/wp\/v2\/categories?post=8520"},{"taxonomy":"post_tag","embeddable":true,"href":"https:\/\/redamlo.com\/index.php\/wp-json\/wp\/v2\/tags?post=8520"}],"curies":[{"name":"wp","href":"https:\/\/api.w.org\/{rel}","templated":true}]}}