{"id":8513,"date":"2025-02-02T15:47:30","date_gmt":"2025-02-02T21:47:30","guid":{"rendered":"https:\/\/redamlo.com\/?p=8513"},"modified":"2025-02-02T15:47:30","modified_gmt":"2025-02-02T21:47:30","slug":"celia-maya-garcia-afirma-la-impunidad-es-uno-de-los-males-sociales-que-mas-dano-causan-a-nuestra-democracia","status":"publish","type":"post","link":"https:\/\/redamlo.com\/index.php\/2025\/02\/02\/celia-maya-garcia-afirma-la-impunidad-es-uno-de-los-males-sociales-que-mas-dano-causan-a-nuestra-democracia\/","title":{"rendered":"&#8220;La impunidad es uno de los males sociales que m\u00e1s da\u00f1o causan a nuestra democracia&#8221;: Celia Maya Consejera de CJF"},"content":{"rendered":"<p style=\"text-align: justify;\"><span style=\"font-size: 14.0pt; font-family: 'Arial','sans-serif';\">La consejera del Consejo de la Judicatura Federal (CJF), Celia Maya Garc\u00eda, imparti\u00f3 la conferencia &#8220;El Tribunal de Disciplina Judicial: Reflexiones para construir una justicia eficaz&#8221; en el Centro Universitario de Ciencias Econ\u00f3mico Administrativas (CUCEA) de la Universidad de Guadalajara.<\/span><\/p>\n<p style=\"text-align: justify;\"><span style=\"font-size: 14.0pt; font-family: 'Arial','sans-serif';\">Maya Garc\u00eda abord\u00f3 la trascendencia de la reciente reforma judicial y la creaci\u00f3n del Tribunal de Disciplina Judicial como elementos clave para fortalecer la rendici\u00f3n de cuentas y la transparencia en el Poder Judicial de la Federaci\u00f3n.<\/span><\/p>\n<p style=\"text-align: justify;\"><span style=\"font-size: 14.0pt; font-family: 'Arial','sans-serif';\">Durante su intervenci\u00f3n, la consejera destac\u00f3 que esta reforma representa una transformaci\u00f3n profunda e integral del sistema judicial mexicano, respondiendo a la necesidad de contar con un poder judicial legitimado, eficiente y cercano a la ciudadan\u00eda. Subray\u00f3 que la creaci\u00f3n del Tribunal de Disciplina Judicial es un paso fundamental para combatir la impunidad y garantizar que los jueces y magistrados cumplan con los m\u00e1s altos est\u00e1ndares de integridad y profesionalismo.<\/span><\/p>\n<p><img loading=\"lazy\" decoding=\"async\" class=\"aligncenter wp-image-8514 size-large\" src=\"https:\/\/redamlo.com\/wp-content\/uploads\/2025\/02\/celia-maya-garcia-1-1024x584.jpg\" alt=\"\" width=\"640\" height=\"365\" srcset=\"https:\/\/redamlo.com\/wp-content\/uploads\/2025\/02\/celia-maya-garcia-1-1024x584.jpg 1024w, https:\/\/redamlo.com\/wp-content\/uploads\/2025\/02\/celia-maya-garcia-1-300x171.jpg 300w, https:\/\/redamlo.com\/wp-content\/uploads\/2025\/02\/celia-maya-garcia-1-768x438.jpg 768w, https:\/\/redamlo.com\/wp-content\/uploads\/2025\/02\/celia-maya-garcia-1.jpg 1280w\" sizes=\"auto, (max-width: 640px) 100vw, 640px\" \/><\/p>\n<p style=\"text-align: justify;\"><span style=\"font-size: 14.0pt; font-family: 'Arial','sans-serif';\">&#8220;La impunidad es uno de los males sociales que m\u00e1s da\u00f1o causan a nuestra democracia&#8221;, afirm\u00f3 la consejera Maya Garc\u00eda. &#8220;Con la creaci\u00f3n del Tribunal de Disciplina Judicial, buscamos establecer un marco de actuaci\u00f3n claro y eficaz para sancionar las conductas irregulares y garantizar que los impartidores de justicia cumplan con su deber de servir a la sociedad&#8221;.<\/span><\/p>\n<p style=\"text-align: justify;\"><strong><span style=\"font-size: 14.0pt; font-family: 'Arial','sans-serif';\">Importancia de la Reforma Judicial<\/span><\/strong><\/p>\n<p style=\"text-align: justify;\"><span style=\"font-size: 14.0pt; font-family: 'Arial','sans-serif';\">La consejera Maya Garc\u00eda explic\u00f3 que la reforma judicial en marcha busca fortalecer la confianza de la ciudadan\u00eda en el sistema judicial, asegurando procesos m\u00e1s \u00e1giles y justos. Destac\u00f3 que esta reforma es comparable en magnitud con las modificaciones constitucionales de 1917, ya que implica cambios estructurales de gran impacto.<\/span><\/p>\n<p style=\"text-align: justify;\"><span style=\"font-size: 14.0pt; font-family: 'Arial','sans-serif';\">Uno de los cambios m\u00e1s significativos de la reforma es la modificaci\u00f3n en el proceso de selecci\u00f3n de jueces y magistrados, quienes ser\u00e1n elegidos mediante voto popular. &#8220;En esta elecci\u00f3n extraordinaria de 2025, renovaremos a ministros, magistrados y jueces, quienes actualmente ocupan estos cargos y podr\u00e1n ser candidatos&#8221;, explic\u00f3 la consejera, resaltando la democratizaci\u00f3n del acceso a la justicia.<\/span><\/p>\n<p style=\"text-align: justify;\"><span style=\"font-size: 14.0pt; font-family: 'Arial','sans-serif';\">Otro aspecto fundamental de la reforma es la reducci\u00f3n del n\u00famero de ministros en la Suprema Corte de Justicia de la Naci\u00f3n de once a nueve, con una modificaci\u00f3n en la duraci\u00f3n de su mandato de quince a doce a\u00f1os. &#8220;La presidencia de la Corte ser\u00e1 rotatoria en funci\u00f3n del n\u00famero de votos obtenidos en la elecci\u00f3n, garantizando una mayor equidad y participaci\u00f3n en la toma de decisiones&#8221;, detall\u00f3 Maya Garc\u00eda.<\/span><\/p>\n<p style=\"text-align: justify;\"><span style=\"font-size: 14.0pt; font-family: 'Arial','sans-serif';\">El nuevo Tribunal de Disciplina Judicial reemplazar\u00e1 al Consejo de la Judicatura Federal y se encargar\u00e1 de vigilar y sancionar las irregularidades dentro del Poder Judicial. &#8220;Este tribunal tendr\u00e1 dos \u00f3rganos clave: uno de investigaci\u00f3n y otro de evaluaci\u00f3n, asegurando que se vigile y sancione conforme a los est\u00e1ndares legales&#8221;, precis\u00f3 la consejera.<\/span><\/p>\n<p style=\"text-align: justify;\"><span style=\"font-size: 14.0pt; font-family: 'Arial','sans-serif';\">La consejera subray\u00f3 que la impunidad ha sido un problema persistente dentro del sistema judicial mexicano y que esta reforma representa un avance significativo en su combate. &#8220;La impunidad es uno de los males sociales que causa graves da\u00f1os a nuestra democracia. No podemos permitir que las malas pr\u00e1cticas contin\u00faen sin consecuencias&#8221;, enfatiz\u00f3.<\/span><\/p>\n<p style=\"text-align: justify;\"><span style=\"font-size: 14.0pt; font-family: 'Arial','sans-serif';\">El Tribunal de Disciplina Judicial tambi\u00e9n tendr\u00e1 la facultad de resolver conflictos internos del Poder Judicial, facilitando un sistema de justicia m\u00e1s \u00e1gil y menos burocr\u00e1tico. &#8220;Este tribunal resolver\u00e1 los conflictos entre el poder judicial federal y sus servidores, as\u00ed como los que se susciten en la Suprema Corte con sus empleados&#8221;, puntualiz\u00f3 Maya Garc\u00eda.<\/span><\/p>\n<p><img loading=\"lazy\" decoding=\"async\" class=\"aligncenter wp-image-8516 size-large\" src=\"https:\/\/redamlo.com\/wp-content\/uploads\/2025\/02\/celia-maya-garcia-3-1024x1024.jpg\" alt=\"\" width=\"640\" height=\"640\" srcset=\"https:\/\/redamlo.com\/wp-content\/uploads\/2025\/02\/celia-maya-garcia-3-1024x1024.jpg 1024w, https:\/\/redamlo.com\/wp-content\/uploads\/2025\/02\/celia-maya-garcia-3-300x300.jpg 300w, https:\/\/redamlo.com\/wp-content\/uploads\/2025\/02\/celia-maya-garcia-3-150x150.jpg 150w, https:\/\/redamlo.com\/wp-content\/uploads\/2025\/02\/celia-maya-garcia-3-768x768.jpg 768w, https:\/\/redamlo.com\/wp-content\/uploads\/2025\/02\/celia-maya-garcia-3-1536x1536.jpg 1536w, https:\/\/redamlo.com\/wp-content\/uploads\/2025\/02\/celia-maya-garcia-3.jpg 1600w\" sizes=\"auto, (max-width: 640px) 100vw, 640px\" \/><\/p>\n<p style=\"text-align: justify;\"><span style=\"font-size: 14.0pt; font-family: 'Arial','sans-serif';\">Finalmente, la consejera concluy\u00f3 su intervenci\u00f3n con un llamado a la ciudadan\u00eda para respaldar esta reforma y vigilar su implementaci\u00f3n. &#8220;Este nuevo \u00f3rgano ha de acreditar en su desempe\u00f1o estar dotado de la pertinencia para solventar las necesidades y prop\u00f3sitos que justificaron su establecimiento&#8221;, concluy\u00f3.<\/span><\/p>\n","protected":false},"excerpt":{"rendered":"<p>La consejera del Consejo de la Judicatura Federal (CJF), Celia Maya Garc\u00eda, imparti\u00f3 la conferencia&#8230;<\/p>\n","protected":false},"author":1,"featured_media":8515,"comment_status":"open","ping_status":"closed","sticky":false,"template":"","format":"standard","meta":{"footnotes":""},"categories":[312],"tags":[2840,2645],"class_list":["post-8513","post","type-post","status-publish","format-standard","has-post-thumbnail","hentry","category-justicia","tag-celia-maya-garcia","tag-cjf"],"yoast_head":"<!-- This site is optimized with the Yoast SEO plugin v27.5 - https:\/\/yoast.com\/product\/yoast-seo-wordpress\/ -->\n<title>&quot;La impunidad es uno de los males sociales que m\u00e1s da\u00f1o causan a nuestra democracia&quot;: Celia Maya Consejera de CJF - NOTICIAS DE LA 4T<\/title>\n<meta name=\"robots\" content=\"noindex, follow, max-snippet:-1, max-image-preview:large, max-video-preview:-1\" \/>\n<meta property=\"og:locale\" content=\"es_MX\" \/>\n<meta property=\"og:type\" content=\"article\" \/>\n<meta property=\"og:title\" content=\"&quot;La impunidad es uno de los males sociales que m\u00e1s da\u00f1o causan a nuestra democracia&quot;: Celia Maya Consejera de CJF - NOTICIAS DE LA 4T\" \/>\n<meta property=\"og:description\" content=\"La consejera del Consejo de la Judicatura Federal (CJF), Celia Maya Garc\u00eda, imparti\u00f3 la conferencia...\" \/>\n<meta property=\"og:url\" content=\"https:\/\/redamlo.com\/index.php\/2025\/02\/02\/celia-maya-garcia-afirma-la-impunidad-es-uno-de-los-males-sociales-que-mas-dano-causan-a-nuestra-democracia\/\" \/>\n<meta property=\"og:site_name\" content=\"NOTICIAS DE LA 4T\" \/>\n<meta property=\"article:published_time\" content=\"2025-02-02T21:47:30+00:00\" \/>\n<meta property=\"og:image\" content=\"https:\/\/redamlo.com\/wp-content\/uploads\/2025\/02\/celia-maya-garcia-2.jpg\" \/>\n\t<meta property=\"og:image:width\" content=\"1280\" \/>\n\t<meta property=\"og:image:height\" content=\"719\" \/>\n\t<meta property=\"og:image:type\" content=\"image\/jpeg\" \/>\n<meta name=\"author\" content=\"admin\" \/>\n<meta name=\"twitter:card\" content=\"summary_large_image\" \/>\n<meta name=\"twitter:label1\" content=\"Escrito por\" \/>\n\t<meta name=\"twitter:data1\" content=\"admin\" \/>\n\t<meta name=\"twitter:label2\" content=\"Tiempo de lectura\" \/>\n\t<meta name=\"twitter:data2\" content=\"3 minutos\" \/>\n<script type=\"application\/ld+json\" class=\"yoast-schema-graph\">{\"@context\":\"https:\\\/\\\/schema.org\",\"@graph\":[{\"@type\":\"Article\",\"@id\":\"https:\\\/\\\/redamlo.com\\\/index.php\\\/2025\\\/02\\\/02\\\/celia-maya-garcia-afirma-la-impunidad-es-uno-de-los-males-sociales-que-mas-dano-causan-a-nuestra-democracia\\\/#article\",\"isPartOf\":{\"@id\":\"https:\\\/\\\/redamlo.com\\\/index.php\\\/2025\\\/02\\\/02\\\/celia-maya-garcia-afirma-la-impunidad-es-uno-de-los-males-sociales-que-mas-dano-causan-a-nuestra-democracia\\\/\"},\"author\":{\"name\":\"admin\",\"@id\":\"https:\\\/\\\/redamlo.com\\\/#\\\/schema\\\/person\\\/197a0a670d21b1f4f1483ddda1b64613\"},\"headline\":\"&#8220;La impunidad es uno de los males sociales que m\u00e1s da\u00f1o causan a nuestra democracia&#8221;: Celia Maya Consejera de CJF\",\"datePublished\":\"2025-02-02T21:47:30+00:00\",\"mainEntityOfPage\":{\"@id\":\"https:\\\/\\\/redamlo.com\\\/index.php\\\/2025\\\/02\\\/02\\\/celia-maya-garcia-afirma-la-impunidad-es-uno-de-los-males-sociales-que-mas-dano-causan-a-nuestra-democracia\\\/\"},\"wordCount\":669,\"commentCount\":0,\"publisher\":{\"@id\":\"https:\\\/\\\/redamlo.com\\\/#organization\"},\"image\":{\"@id\":\"https:\\\/\\\/redamlo.com\\\/index.php\\\/2025\\\/02\\\/02\\\/celia-maya-garcia-afirma-la-impunidad-es-uno-de-los-males-sociales-que-mas-dano-causan-a-nuestra-democracia\\\/#primaryimage\"},\"thumbnailUrl\":\"https:\\\/\\\/redamlo.com\\\/wp-content\\\/uploads\\\/2025\\\/02\\\/celia-maya-garcia-2.jpg\",\"keywords\":[\"Celia Maya Garc\u00eda\",\"cjf\"],\"articleSection\":[\"Justicia\"],\"inLanguage\":\"es\",\"potentialAction\":[{\"@type\":\"CommentAction\",\"name\":\"Comment\",\"target\":[\"https:\\\/\\\/redamlo.com\\\/index.php\\\/2025\\\/02\\\/02\\\/celia-maya-garcia-afirma-la-impunidad-es-uno-de-los-males-sociales-que-mas-dano-causan-a-nuestra-democracia\\\/#respond\"]}]},{\"@type\":\"WebPage\",\"@id\":\"https:\\\/\\\/redamlo.com\\\/index.php\\\/2025\\\/02\\\/02\\\/celia-maya-garcia-afirma-la-impunidad-es-uno-de-los-males-sociales-que-mas-dano-causan-a-nuestra-democracia\\\/\",\"url\":\"https:\\\/\\\/redamlo.com\\\/index.php\\\/2025\\\/02\\\/02\\\/celia-maya-garcia-afirma-la-impunidad-es-uno-de-los-males-sociales-que-mas-dano-causan-a-nuestra-democracia\\\/\",\"name\":\"\\\"La impunidad es uno de los males sociales que m\u00e1s da\u00f1o causan a nuestra democracia\\\": Celia Maya Consejera de CJF - NOTICIAS DE LA 4T\",\"isPartOf\":{\"@id\":\"https:\\\/\\\/redamlo.com\\\/#website\"},\"primaryImageOfPage\":{\"@id\":\"https:\\\/\\\/redamlo.com\\\/index.php\\\/2025\\\/02\\\/02\\\/celia-maya-garcia-afirma-la-impunidad-es-uno-de-los-males-sociales-que-mas-dano-causan-a-nuestra-democracia\\\/#primaryimage\"},\"image\":{\"@id\":\"https:\\\/\\\/redamlo.com\\\/index.php\\\/2025\\\/02\\\/02\\\/celia-maya-garcia-afirma-la-impunidad-es-uno-de-los-males-sociales-que-mas-dano-causan-a-nuestra-democracia\\\/#primaryimage\"},\"thumbnailUrl\":\"https:\\\/\\\/redamlo.com\\\/wp-content\\\/uploads\\\/2025\\\/02\\\/celia-maya-garcia-2.jpg\",\"datePublished\":\"2025-02-02T21:47:30+00:00\",\"breadcrumb\":{\"@id\":\"https:\\\/\\\/redamlo.com\\\/index.php\\\/2025\\\/02\\\/02\\\/celia-maya-garcia-afirma-la-impunidad-es-uno-de-los-males-sociales-que-mas-dano-causan-a-nuestra-democracia\\\/#breadcrumb\"},\"inLanguage\":\"es\",\"potentialAction\":[{\"@type\":\"ReadAction\",\"target\":[\"https:\\\/\\\/redamlo.com\\\/index.php\\\/2025\\\/02\\\/02\\\/celia-maya-garcia-afirma-la-impunidad-es-uno-de-los-males-sociales-que-mas-dano-causan-a-nuestra-democracia\\\/\"]}]},{\"@type\":\"ImageObject\",\"inLanguage\":\"es\",\"@id\":\"https:\\\/\\\/redamlo.com\\\/index.php\\\/2025\\\/02\\\/02\\\/celia-maya-garcia-afirma-la-impunidad-es-uno-de-los-males-sociales-que-mas-dano-causan-a-nuestra-democracia\\\/#primaryimage\",\"url\":\"https:\\\/\\\/redamlo.com\\\/wp-content\\\/uploads\\\/2025\\\/02\\\/celia-maya-garcia-2.jpg\",\"contentUrl\":\"https:\\\/\\\/redamlo.com\\\/wp-content\\\/uploads\\\/2025\\\/02\\\/celia-maya-garcia-2.jpg\",\"width\":1280,\"height\":719},{\"@type\":\"BreadcrumbList\",\"@id\":\"https:\\\/\\\/redamlo.com\\\/index.php\\\/2025\\\/02\\\/02\\\/celia-maya-garcia-afirma-la-impunidad-es-uno-de-los-males-sociales-que-mas-dano-causan-a-nuestra-democracia\\\/#breadcrumb\",\"itemListElement\":[{\"@type\":\"ListItem\",\"position\":1,\"name\":\"Inicio\",\"item\":\"https:\\\/\\\/redamlo.com\\\/\"},{\"@type\":\"ListItem\",\"position\":2,\"name\":\"&#8220;La impunidad es uno de los males sociales que m\u00e1s da\u00f1o causan a nuestra democracia&#8221;: Celia Maya Consejera de CJF\"}]},{\"@type\":\"WebSite\",\"@id\":\"https:\\\/\\\/redamlo.com\\\/#website\",\"url\":\"https:\\\/\\\/redamlo.com\\\/\",\"name\":\"NOTICIAS DE LA 4T\",\"description\":\"\",\"publisher\":{\"@id\":\"https:\\\/\\\/redamlo.com\\\/#organization\"},\"potentialAction\":[{\"@type\":\"SearchAction\",\"target\":{\"@type\":\"EntryPoint\",\"urlTemplate\":\"https:\\\/\\\/redamlo.com\\\/?s={search_term_string}\"},\"query-input\":{\"@type\":\"PropertyValueSpecification\",\"valueRequired\":true,\"valueName\":\"search_term_string\"}}],\"inLanguage\":\"es\"},{\"@type\":\"Organization\",\"@id\":\"https:\\\/\\\/redamlo.com\\\/#organization\",\"name\":\"NOTICIAS DE LA 4T\",\"url\":\"https:\\\/\\\/redamlo.com\\\/\",\"logo\":{\"@type\":\"ImageObject\",\"inLanguage\":\"es\",\"@id\":\"https:\\\/\\\/redamlo.com\\\/#\\\/schema\\\/logo\\\/image\\\/\",\"url\":\"https:\\\/\\\/redamlo.com\\\/wp-content\\\/uploads\\\/2024\\\/08\\\/cropped-RED-AMLO-logo-50.png\",\"contentUrl\":\"https:\\\/\\\/redamlo.com\\\/wp-content\\\/uploads\\\/2024\\\/08\\\/cropped-RED-AMLO-logo-50.png\",\"width\":256,\"height\":256,\"caption\":\"NOTICIAS DE LA 4T\"},\"image\":{\"@id\":\"https:\\\/\\\/redamlo.com\\\/#\\\/schema\\\/logo\\\/image\\\/\"}},{\"@type\":\"Person\",\"@id\":\"https:\\\/\\\/redamlo.com\\\/#\\\/schema\\\/person\\\/197a0a670d21b1f4f1483ddda1b64613\",\"name\":\"admin\",\"image\":{\"@type\":\"ImageObject\",\"inLanguage\":\"es\",\"@id\":\"https:\\\/\\\/secure.gravatar.com\\\/avatar\\\/293dccd927043f2e641da6685c2f84009782eb9ee0054daceada4e261ded849a?s=96&d=mm&r=g\",\"url\":\"https:\\\/\\\/secure.gravatar.com\\\/avatar\\\/293dccd927043f2e641da6685c2f84009782eb9ee0054daceada4e261ded849a?s=96&d=mm&r=g\",\"contentUrl\":\"https:\\\/\\\/secure.gravatar.com\\\/avatar\\\/293dccd927043f2e641da6685c2f84009782eb9ee0054daceada4e261ded849a?s=96&d=mm&r=g\",\"caption\":\"admin\"},\"sameAs\":[\"https:\\\/\\\/redamlo.com\"],\"url\":\"https:\\\/\\\/redamlo.com\\\/index.php\\\/author\\\/stell\\\/\"}]}<\/script>\n<!-- \/ Yoast SEO plugin. -->","yoast_head_json":{"title":"\"La impunidad es uno de los males sociales que m\u00e1s da\u00f1o causan a nuestra democracia\": Celia Maya Consejera de CJF - NOTICIAS DE LA 4T","robots":{"index":"noindex","follow":"follow","max-snippet":"max-snippet:-1","max-image-preview":"max-image-preview:large","max-video-preview":"max-video-preview:-1"},"og_locale":"es_MX","og_type":"article","og_title":"\"La impunidad es uno de los males sociales que m\u00e1s da\u00f1o causan a nuestra democracia\": Celia Maya Consejera de CJF - NOTICIAS DE LA 4T","og_description":"La consejera del Consejo de la Judicatura Federal (CJF), Celia Maya Garc\u00eda, imparti\u00f3 la conferencia...","og_url":"https:\/\/redamlo.com\/index.php\/2025\/02\/02\/celia-maya-garcia-afirma-la-impunidad-es-uno-de-los-males-sociales-que-mas-dano-causan-a-nuestra-democracia\/","og_site_name":"NOTICIAS DE LA 4T","article_published_time":"2025-02-02T21:47:30+00:00","og_image":[{"width":1280,"height":719,"url":"https:\/\/redamlo.com\/wp-content\/uploads\/2025\/02\/celia-maya-garcia-2.jpg","type":"image\/jpeg"}],"author":"admin","twitter_card":"summary_large_image","twitter_misc":{"Escrito por":"admin","Tiempo de lectura":"3 minutos"},"schema":{"@context":"https:\/\/schema.org","@graph":[{"@type":"Article","@id":"https:\/\/redamlo.com\/index.php\/2025\/02\/02\/celia-maya-garcia-afirma-la-impunidad-es-uno-de-los-males-sociales-que-mas-dano-causan-a-nuestra-democracia\/#article","isPartOf":{"@id":"https:\/\/redamlo.com\/index.php\/2025\/02\/02\/celia-maya-garcia-afirma-la-impunidad-es-uno-de-los-males-sociales-que-mas-dano-causan-a-nuestra-democracia\/"},"author":{"name":"admin","@id":"https:\/\/redamlo.com\/#\/schema\/person\/197a0a670d21b1f4f1483ddda1b64613"},"headline":"&#8220;La impunidad es uno de los males sociales que m\u00e1s da\u00f1o causan a nuestra democracia&#8221;: Celia Maya Consejera de CJF","datePublished":"2025-02-02T21:47:30+00:00","mainEntityOfPage":{"@id":"https:\/\/redamlo.com\/index.php\/2025\/02\/02\/celia-maya-garcia-afirma-la-impunidad-es-uno-de-los-males-sociales-que-mas-dano-causan-a-nuestra-democracia\/"},"wordCount":669,"commentCount":0,"publisher":{"@id":"https:\/\/redamlo.com\/#organization"},"image":{"@id":"https:\/\/redamlo.com\/index.php\/2025\/02\/02\/celia-maya-garcia-afirma-la-impunidad-es-uno-de-los-males-sociales-que-mas-dano-causan-a-nuestra-democracia\/#primaryimage"},"thumbnailUrl":"https:\/\/redamlo.com\/wp-content\/uploads\/2025\/02\/celia-maya-garcia-2.jpg","keywords":["Celia Maya Garc\u00eda","cjf"],"articleSection":["Justicia"],"inLanguage":"es","potentialAction":[{"@type":"CommentAction","name":"Comment","target":["https:\/\/redamlo.com\/index.php\/2025\/02\/02\/celia-maya-garcia-afirma-la-impunidad-es-uno-de-los-males-sociales-que-mas-dano-causan-a-nuestra-democracia\/#respond"]}]},{"@type":"WebPage","@id":"https:\/\/redamlo.com\/index.php\/2025\/02\/02\/celia-maya-garcia-afirma-la-impunidad-es-uno-de-los-males-sociales-que-mas-dano-causan-a-nuestra-democracia\/","url":"https:\/\/redamlo.com\/index.php\/2025\/02\/02\/celia-maya-garcia-afirma-la-impunidad-es-uno-de-los-males-sociales-que-mas-dano-causan-a-nuestra-democracia\/","name":"\"La impunidad es uno de los males sociales que m\u00e1s da\u00f1o causan a nuestra democracia\": Celia Maya Consejera de CJF - NOTICIAS DE LA 4T","isPartOf":{"@id":"https:\/\/redamlo.com\/#website"},"primaryImageOfPage":{"@id":"https:\/\/redamlo.com\/index.php\/2025\/02\/02\/celia-maya-garcia-afirma-la-impunidad-es-uno-de-los-males-sociales-que-mas-dano-causan-a-nuestra-democracia\/#primaryimage"},"image":{"@id":"https:\/\/redamlo.com\/index.php\/2025\/02\/02\/celia-maya-garcia-afirma-la-impunidad-es-uno-de-los-males-sociales-que-mas-dano-causan-a-nuestra-democracia\/#primaryimage"},"thumbnailUrl":"https:\/\/redamlo.com\/wp-content\/uploads\/2025\/02\/celia-maya-garcia-2.jpg","datePublished":"2025-02-02T21:47:30+00:00","breadcrumb":{"@id":"https:\/\/redamlo.com\/index.php\/2025\/02\/02\/celia-maya-garcia-afirma-la-impunidad-es-uno-de-los-males-sociales-que-mas-dano-causan-a-nuestra-democracia\/#breadcrumb"},"inLanguage":"es","potentialAction":[{"@type":"ReadAction","target":["https:\/\/redamlo.com\/index.php\/2025\/02\/02\/celia-maya-garcia-afirma-la-impunidad-es-uno-de-los-males-sociales-que-mas-dano-causan-a-nuestra-democracia\/"]}]},{"@type":"ImageObject","inLanguage":"es","@id":"https:\/\/redamlo.com\/index.php\/2025\/02\/02\/celia-maya-garcia-afirma-la-impunidad-es-uno-de-los-males-sociales-que-mas-dano-causan-a-nuestra-democracia\/#primaryimage","url":"https:\/\/redamlo.com\/wp-content\/uploads\/2025\/02\/celia-maya-garcia-2.jpg","contentUrl":"https:\/\/redamlo.com\/wp-content\/uploads\/2025\/02\/celia-maya-garcia-2.jpg","width":1280,"height":719},{"@type":"BreadcrumbList","@id":"https:\/\/redamlo.com\/index.php\/2025\/02\/02\/celia-maya-garcia-afirma-la-impunidad-es-uno-de-los-males-sociales-que-mas-dano-causan-a-nuestra-democracia\/#breadcrumb","itemListElement":[{"@type":"ListItem","position":1,"name":"Inicio","item":"https:\/\/redamlo.com\/"},{"@type":"ListItem","position":2,"name":"&#8220;La impunidad es uno de los males sociales que m\u00e1s da\u00f1o causan a nuestra democracia&#8221;: Celia Maya Consejera de CJF"}]},{"@type":"WebSite","@id":"https:\/\/redamlo.com\/#website","url":"https:\/\/redamlo.com\/","name":"NOTICIAS DE LA 4T","description":"","publisher":{"@id":"https:\/\/redamlo.com\/#organization"},"potentialAction":[{"@type":"SearchAction","target":{"@type":"EntryPoint","urlTemplate":"https:\/\/redamlo.com\/?s={search_term_string}"},"query-input":{"@type":"PropertyValueSpecification","valueRequired":true,"valueName":"search_term_string"}}],"inLanguage":"es"},{"@type":"Organization","@id":"https:\/\/redamlo.com\/#organization","name":"NOTICIAS DE LA 4T","url":"https:\/\/redamlo.com\/","logo":{"@type":"ImageObject","inLanguage":"es","@id":"https:\/\/redamlo.com\/#\/schema\/logo\/image\/","url":"https:\/\/redamlo.com\/wp-content\/uploads\/2024\/08\/cropped-RED-AMLO-logo-50.png","contentUrl":"https:\/\/redamlo.com\/wp-content\/uploads\/2024\/08\/cropped-RED-AMLO-logo-50.png","width":256,"height":256,"caption":"NOTICIAS DE LA 4T"},"image":{"@id":"https:\/\/redamlo.com\/#\/schema\/logo\/image\/"}},{"@type":"Person","@id":"https:\/\/redamlo.com\/#\/schema\/person\/197a0a670d21b1f4f1483ddda1b64613","name":"admin","image":{"@type":"ImageObject","inLanguage":"es","@id":"https:\/\/secure.gravatar.com\/avatar\/293dccd927043f2e641da6685c2f84009782eb9ee0054daceada4e261ded849a?s=96&d=mm&r=g","url":"https:\/\/secure.gravatar.com\/avatar\/293dccd927043f2e641da6685c2f84009782eb9ee0054daceada4e261ded849a?s=96&d=mm&r=g","contentUrl":"https:\/\/secure.gravatar.com\/avatar\/293dccd927043f2e641da6685c2f84009782eb9ee0054daceada4e261ded849a?s=96&d=mm&r=g","caption":"admin"},"sameAs":["https:\/\/redamlo.com"],"url":"https:\/\/redamlo.com\/index.php\/author\/stell\/"}]}},"_links":{"self":[{"href":"https:\/\/redamlo.com\/index.php\/wp-json\/wp\/v2\/posts\/8513","targetHints":{"allow":["GET"]}}],"collection":[{"href":"https:\/\/redamlo.com\/index.php\/wp-json\/wp\/v2\/posts"}],"about":[{"href":"https:\/\/redamlo.com\/index.php\/wp-json\/wp\/v2\/types\/post"}],"author":[{"embeddable":true,"href":"https:\/\/redamlo.com\/index.php\/wp-json\/wp\/v2\/users\/1"}],"replies":[{"embeddable":true,"href":"https:\/\/redamlo.com\/index.php\/wp-json\/wp\/v2\/comments?post=8513"}],"version-history":[{"count":0,"href":"https:\/\/redamlo.com\/index.php\/wp-json\/wp\/v2\/posts\/8513\/revisions"}],"wp:featuredmedia":[{"embeddable":true,"href":"https:\/\/redamlo.com\/index.php\/wp-json\/wp\/v2\/media\/8515"}],"wp:attachment":[{"href":"https:\/\/redamlo.com\/index.php\/wp-json\/wp\/v2\/media?parent=8513"}],"wp:term":[{"taxonomy":"category","embeddable":true,"href":"https:\/\/redamlo.com\/index.php\/wp-json\/wp\/v2\/categories?post=8513"},{"taxonomy":"post_tag","embeddable":true,"href":"https:\/\/redamlo.com\/index.php\/wp-json\/wp\/v2\/tags?post=8513"}],"curies":[{"name":"wp","href":"https:\/\/api.w.org\/{rel}","templated":true}]}}