{"id":848,"date":"2020-06-30T20:42:50","date_gmt":"2020-06-30T20:42:50","guid":{"rendered":"http:\/\/redamlo.com\/?p=848"},"modified":"2020-06-30T20:42:50","modified_gmt":"2020-06-30T20:42:50","slug":"el-proyecto-tren-maya-da-inicio","status":"publish","type":"post","link":"https:\/\/redamlo.com\/index.php\/2020\/06\/30\/el-proyecto-tren-maya-da-inicio\/","title":{"rendered":"El proyecto Tren Maya da Inicio"},"content":{"rendered":"<p class=\"font_tertiary paragraph\">El costo que tendr\u00e1 el\u00a0<b>Tren Maya<\/b>\u00a0se estima en\u00a0<b>139,000 millones de pesos<\/b>, sin embargo,\u00a0<b>menos del 1%\u00a0<\/b>estar\u00e1 destinado hacia la\u00a0<b>mitigaci\u00f3n del impacto ambiental<\/b>\u00a0que tendr\u00e1 este proyecto, el cual es una de las obras insignia de la administraci\u00f3n de Andr\u00e9s Manuel L\u00f3pez Obrador.<\/p>\n<p class=\"font_tertiary paragraph\">De acuerdo con el\u00a0<b>Manifiesto de Impacto Ambiental<\/b>, el cual solicit\u00f3 el portal\u00a0<i>El CEO<\/i>\u00a0v\u00eda solicitud de transparencia, en la megaobra se prev\u00e9n\u00a0<b>programas de conservaci\u00f3n<\/b>\u00a0en la zona con recursos que suman\u00a0<b>21.6 millones de pesos<\/b>, es decir, apenas el\u00a0<b>0.015% del costo total del proyecto<\/b>.<\/p>\n<p class=\"font_tertiary paragraph\">La cantidad ser\u00e1 utilizada para un conjunto de iniciativas para la\u00a0<b>supervisi\u00f3n ambiental<\/b>, la\u00a0<b>conservaci\u00f3n del suelo<\/b>, el\u00a0<b>rescate de la flora y la fauna<\/b>, el\u00a0<b>manejo de residuos y el monitoreo de los pasos de la fauna<\/b>, lo cual, seg\u00fan estimaciones del Fondo Nacional de Fomento al Turismo (Fonatur), representar\u00eda un gasto de\u00a0<b>7.6 millones de pesos<\/b>.<\/p>\n<p class=\"font_tertiary paragraph\">Asimismo, las autoridades federales estiman un gasto de\u00a0<b>14 millones de pesos<\/b>\u00a0para resolver el\u00a0<b>desmonte de \u00e1rboles y plantas<\/b>\u00a0a lo largo de\u00a0<b>606.4 hect\u00e1reas<\/b>\u00a0de terreno por donde pasar\u00e1n las v\u00edas del tren.<\/p>\n","protected":false},"excerpt":{"rendered":"<p>El costo que tendr\u00e1 el\u00a0Tren Maya\u00a0se estima en\u00a0139,000 millones de pesos, sin embargo,\u00a0menos del 1%\u00a0estar\u00e1&#8230;<\/p>\n","protected":false},"author":2,"featured_media":849,"comment_status":"open","ping_status":"closed","sticky":false,"template":"","format":"standard","meta":{"footnotes":""},"categories":[25],"tags":[84,324,204],"class_list":["post-848","post","type-post","status-publish","format-standard","has-post-thumbnail","hentry","category-4t","tag-amlo","tag-red-amlo","tag-tren-maya"],"yoast_head":"<!-- This site is optimized with the Yoast SEO plugin v27.5 - https:\/\/yoast.com\/product\/yoast-seo-wordpress\/ -->\n<title>El proyecto Tren Maya da Inicio - NOTICIAS DE LA 4T<\/title>\n<meta name=\"robots\" content=\"noindex, follow, max-snippet:-1, max-image-preview:large, max-video-preview:-1\" \/>\n<meta property=\"og:locale\" content=\"es_MX\" \/>\n<meta property=\"og:type\" content=\"article\" \/>\n<meta property=\"og:title\" content=\"El proyecto Tren Maya da Inicio - NOTICIAS DE LA 4T\" \/>\n<meta property=\"og:description\" content=\"El costo que tendr\u00e1 el\u00a0Tren Maya\u00a0se estima en\u00a0139,000 millones de pesos, sin embargo,\u00a0menos del 1%\u00a0estar\u00e1...\" \/>\n<meta property=\"og:url\" content=\"https:\/\/redamlo.com\/index.php\/2020\/06\/30\/el-proyecto-tren-maya-da-inicio\/\" \/>\n<meta property=\"og:site_name\" content=\"NOTICIAS DE LA 4T\" \/>\n<meta property=\"article:published_time\" content=\"2020-06-30T20:42:50+00:00\" \/>\n<meta property=\"og:image\" content=\"https:\/\/redamlo.com\/wp-content\/uploads\/2020\/06\/tren-maya.jpeg\" \/>\n\t<meta property=\"og:image:width\" content=\"1140\" \/>\n\t<meta property=\"og:image:height\" content=\"712\" \/>\n\t<meta property=\"og:image:type\" content=\"image\/jpeg\" \/>\n<meta name=\"author\" content=\"Blanca\" \/>\n<meta name=\"twitter:card\" content=\"summary_large_image\" \/>\n<meta name=\"twitter:label1\" content=\"Escrito por\" \/>\n\t<meta name=\"twitter:data1\" content=\"Blanca\" \/>\n\t<meta name=\"twitter:label2\" content=\"Tiempo de lectura\" \/>\n\t<meta name=\"twitter:data2\" content=\"1 minuto\" \/>\n<script type=\"application\/ld+json\" class=\"yoast-schema-graph\">{\"@context\":\"https:\\\/\\\/schema.org\",\"@graph\":[{\"@type\":\"Article\",\"@id\":\"https:\\\/\\\/redamlo.com\\\/index.php\\\/2020\\\/06\\\/30\\\/el-proyecto-tren-maya-da-inicio\\\/#article\",\"isPartOf\":{\"@id\":\"https:\\\/\\\/redamlo.com\\\/index.php\\\/2020\\\/06\\\/30\\\/el-proyecto-tren-maya-da-inicio\\\/\"},\"author\":{\"name\":\"Blanca\",\"@id\":\"https:\\\/\\\/redamlo.com\\\/#\\\/schema\\\/person\\\/7223a4375eb8f1a782fcae010a7115cf\"},\"headline\":\"El proyecto Tren Maya da Inicio\",\"datePublished\":\"2020-06-30T20:42:50+00:00\",\"mainEntityOfPage\":{\"@id\":\"https:\\\/\\\/redamlo.com\\\/index.php\\\/2020\\\/06\\\/30\\\/el-proyecto-tren-maya-da-inicio\\\/\"},\"wordCount\":201,\"commentCount\":0,\"publisher\":{\"@id\":\"https:\\\/\\\/redamlo.com\\\/#organization\"},\"image\":{\"@id\":\"https:\\\/\\\/redamlo.com\\\/index.php\\\/2020\\\/06\\\/30\\\/el-proyecto-tren-maya-da-inicio\\\/#primaryimage\"},\"thumbnailUrl\":\"https:\\\/\\\/redamlo.com\\\/wp-content\\\/uploads\\\/2020\\\/06\\\/tren-maya.jpeg\",\"keywords\":[\"AMLO\",\"Red Amlo\",\"Tren Maya\"],\"articleSection\":[\"4T\"],\"inLanguage\":\"es\",\"potentialAction\":[{\"@type\":\"CommentAction\",\"name\":\"Comment\",\"target\":[\"https:\\\/\\\/redamlo.com\\\/index.php\\\/2020\\\/06\\\/30\\\/el-proyecto-tren-maya-da-inicio\\\/#respond\"]}]},{\"@type\":\"WebPage\",\"@id\":\"https:\\\/\\\/redamlo.com\\\/index.php\\\/2020\\\/06\\\/30\\\/el-proyecto-tren-maya-da-inicio\\\/\",\"url\":\"https:\\\/\\\/redamlo.com\\\/index.php\\\/2020\\\/06\\\/30\\\/el-proyecto-tren-maya-da-inicio\\\/\",\"name\":\"El proyecto Tren Maya da Inicio - NOTICIAS DE LA 4T\",\"isPartOf\":{\"@id\":\"https:\\\/\\\/redamlo.com\\\/#website\"},\"primaryImageOfPage\":{\"@id\":\"https:\\\/\\\/redamlo.com\\\/index.php\\\/2020\\\/06\\\/30\\\/el-proyecto-tren-maya-da-inicio\\\/#primaryimage\"},\"image\":{\"@id\":\"https:\\\/\\\/redamlo.com\\\/index.php\\\/2020\\\/06\\\/30\\\/el-proyecto-tren-maya-da-inicio\\\/#primaryimage\"},\"thumbnailUrl\":\"https:\\\/\\\/redamlo.com\\\/wp-content\\\/uploads\\\/2020\\\/06\\\/tren-maya.jpeg\",\"datePublished\":\"2020-06-30T20:42:50+00:00\",\"breadcrumb\":{\"@id\":\"https:\\\/\\\/redamlo.com\\\/index.php\\\/2020\\\/06\\\/30\\\/el-proyecto-tren-maya-da-inicio\\\/#breadcrumb\"},\"inLanguage\":\"es\",\"potentialAction\":[{\"@type\":\"ReadAction\",\"target\":[\"https:\\\/\\\/redamlo.com\\\/index.php\\\/2020\\\/06\\\/30\\\/el-proyecto-tren-maya-da-inicio\\\/\"]}]},{\"@type\":\"ImageObject\",\"inLanguage\":\"es\",\"@id\":\"https:\\\/\\\/redamlo.com\\\/index.php\\\/2020\\\/06\\\/30\\\/el-proyecto-tren-maya-da-inicio\\\/#primaryimage\",\"url\":\"https:\\\/\\\/redamlo.com\\\/wp-content\\\/uploads\\\/2020\\\/06\\\/tren-maya.jpeg\",\"contentUrl\":\"https:\\\/\\\/redamlo.com\\\/wp-content\\\/uploads\\\/2020\\\/06\\\/tren-maya.jpeg\",\"width\":1140,\"height\":712},{\"@type\":\"BreadcrumbList\",\"@id\":\"https:\\\/\\\/redamlo.com\\\/index.php\\\/2020\\\/06\\\/30\\\/el-proyecto-tren-maya-da-inicio\\\/#breadcrumb\",\"itemListElement\":[{\"@type\":\"ListItem\",\"position\":1,\"name\":\"Inicio\",\"item\":\"https:\\\/\\\/redamlo.com\\\/\"},{\"@type\":\"ListItem\",\"position\":2,\"name\":\"El proyecto Tren Maya da Inicio\"}]},{\"@type\":\"WebSite\",\"@id\":\"https:\\\/\\\/redamlo.com\\\/#website\",\"url\":\"https:\\\/\\\/redamlo.com\\\/\",\"name\":\"NOTICIAS DE LA 4T\",\"description\":\"\",\"publisher\":{\"@id\":\"https:\\\/\\\/redamlo.com\\\/#organization\"},\"potentialAction\":[{\"@type\":\"SearchAction\",\"target\":{\"@type\":\"EntryPoint\",\"urlTemplate\":\"https:\\\/\\\/redamlo.com\\\/?s={search_term_string}\"},\"query-input\":{\"@type\":\"PropertyValueSpecification\",\"valueRequired\":true,\"valueName\":\"search_term_string\"}}],\"inLanguage\":\"es\"},{\"@type\":\"Organization\",\"@id\":\"https:\\\/\\\/redamlo.com\\\/#organization\",\"name\":\"NOTICIAS DE LA 4T\",\"url\":\"https:\\\/\\\/redamlo.com\\\/\",\"logo\":{\"@type\":\"ImageObject\",\"inLanguage\":\"es\",\"@id\":\"https:\\\/\\\/redamlo.com\\\/#\\\/schema\\\/logo\\\/image\\\/\",\"url\":\"https:\\\/\\\/redamlo.com\\\/wp-content\\\/uploads\\\/2024\\\/08\\\/cropped-RED-AMLO-logo-50.png\",\"contentUrl\":\"https:\\\/\\\/redamlo.com\\\/wp-content\\\/uploads\\\/2024\\\/08\\\/cropped-RED-AMLO-logo-50.png\",\"width\":256,\"height\":256,\"caption\":\"NOTICIAS DE LA 4T\"},\"image\":{\"@id\":\"https:\\\/\\\/redamlo.com\\\/#\\\/schema\\\/logo\\\/image\\\/\"}},{\"@type\":\"Person\",\"@id\":\"https:\\\/\\\/redamlo.com\\\/#\\\/schema\\\/person\\\/7223a4375eb8f1a782fcae010a7115cf\",\"name\":\"Blanca\",\"image\":{\"@type\":\"ImageObject\",\"inLanguage\":\"es\",\"@id\":\"https:\\\/\\\/secure.gravatar.com\\\/avatar\\\/3f79bc8336367a4e6093eae8757acaaf61d1124834b905616de7829b0273426d?s=96&d=mm&r=g\",\"url\":\"https:\\\/\\\/secure.gravatar.com\\\/avatar\\\/3f79bc8336367a4e6093eae8757acaaf61d1124834b905616de7829b0273426d?s=96&d=mm&r=g\",\"contentUrl\":\"https:\\\/\\\/secure.gravatar.com\\\/avatar\\\/3f79bc8336367a4e6093eae8757acaaf61d1124834b905616de7829b0273426d?s=96&d=mm&r=g\",\"caption\":\"Blanca\"},\"url\":\"https:\\\/\\\/redamlo.com\\\/index.php\\\/author\\\/blanca\\\/\"}]}<\/script>\n<!-- \/ Yoast SEO plugin. -->","yoast_head_json":{"title":"El proyecto Tren Maya da Inicio - NOTICIAS DE LA 4T","robots":{"index":"noindex","follow":"follow","max-snippet":"max-snippet:-1","max-image-preview":"max-image-preview:large","max-video-preview":"max-video-preview:-1"},"og_locale":"es_MX","og_type":"article","og_title":"El proyecto Tren Maya da Inicio - NOTICIAS DE LA 4T","og_description":"El costo que tendr\u00e1 el\u00a0Tren Maya\u00a0se estima en\u00a0139,000 millones de pesos, sin embargo,\u00a0menos del 1%\u00a0estar\u00e1...","og_url":"https:\/\/redamlo.com\/index.php\/2020\/06\/30\/el-proyecto-tren-maya-da-inicio\/","og_site_name":"NOTICIAS DE LA 4T","article_published_time":"2020-06-30T20:42:50+00:00","og_image":[{"width":1140,"height":712,"url":"https:\/\/redamlo.com\/wp-content\/uploads\/2020\/06\/tren-maya.jpeg","type":"image\/jpeg"}],"author":"Blanca","twitter_card":"summary_large_image","twitter_misc":{"Escrito por":"Blanca","Tiempo de lectura":"1 minuto"},"schema":{"@context":"https:\/\/schema.org","@graph":[{"@type":"Article","@id":"https:\/\/redamlo.com\/index.php\/2020\/06\/30\/el-proyecto-tren-maya-da-inicio\/#article","isPartOf":{"@id":"https:\/\/redamlo.com\/index.php\/2020\/06\/30\/el-proyecto-tren-maya-da-inicio\/"},"author":{"name":"Blanca","@id":"https:\/\/redamlo.com\/#\/schema\/person\/7223a4375eb8f1a782fcae010a7115cf"},"headline":"El proyecto Tren Maya da Inicio","datePublished":"2020-06-30T20:42:50+00:00","mainEntityOfPage":{"@id":"https:\/\/redamlo.com\/index.php\/2020\/06\/30\/el-proyecto-tren-maya-da-inicio\/"},"wordCount":201,"commentCount":0,"publisher":{"@id":"https:\/\/redamlo.com\/#organization"},"image":{"@id":"https:\/\/redamlo.com\/index.php\/2020\/06\/30\/el-proyecto-tren-maya-da-inicio\/#primaryimage"},"thumbnailUrl":"https:\/\/redamlo.com\/wp-content\/uploads\/2020\/06\/tren-maya.jpeg","keywords":["AMLO","Red Amlo","Tren Maya"],"articleSection":["4T"],"inLanguage":"es","potentialAction":[{"@type":"CommentAction","name":"Comment","target":["https:\/\/redamlo.com\/index.php\/2020\/06\/30\/el-proyecto-tren-maya-da-inicio\/#respond"]}]},{"@type":"WebPage","@id":"https:\/\/redamlo.com\/index.php\/2020\/06\/30\/el-proyecto-tren-maya-da-inicio\/","url":"https:\/\/redamlo.com\/index.php\/2020\/06\/30\/el-proyecto-tren-maya-da-inicio\/","name":"El proyecto Tren Maya da Inicio - NOTICIAS DE LA 4T","isPartOf":{"@id":"https:\/\/redamlo.com\/#website"},"primaryImageOfPage":{"@id":"https:\/\/redamlo.com\/index.php\/2020\/06\/30\/el-proyecto-tren-maya-da-inicio\/#primaryimage"},"image":{"@id":"https:\/\/redamlo.com\/index.php\/2020\/06\/30\/el-proyecto-tren-maya-da-inicio\/#primaryimage"},"thumbnailUrl":"https:\/\/redamlo.com\/wp-content\/uploads\/2020\/06\/tren-maya.jpeg","datePublished":"2020-06-30T20:42:50+00:00","breadcrumb":{"@id":"https:\/\/redamlo.com\/index.php\/2020\/06\/30\/el-proyecto-tren-maya-da-inicio\/#breadcrumb"},"inLanguage":"es","potentialAction":[{"@type":"ReadAction","target":["https:\/\/redamlo.com\/index.php\/2020\/06\/30\/el-proyecto-tren-maya-da-inicio\/"]}]},{"@type":"ImageObject","inLanguage":"es","@id":"https:\/\/redamlo.com\/index.php\/2020\/06\/30\/el-proyecto-tren-maya-da-inicio\/#primaryimage","url":"https:\/\/redamlo.com\/wp-content\/uploads\/2020\/06\/tren-maya.jpeg","contentUrl":"https:\/\/redamlo.com\/wp-content\/uploads\/2020\/06\/tren-maya.jpeg","width":1140,"height":712},{"@type":"BreadcrumbList","@id":"https:\/\/redamlo.com\/index.php\/2020\/06\/30\/el-proyecto-tren-maya-da-inicio\/#breadcrumb","itemListElement":[{"@type":"ListItem","position":1,"name":"Inicio","item":"https:\/\/redamlo.com\/"},{"@type":"ListItem","position":2,"name":"El proyecto Tren Maya da Inicio"}]},{"@type":"WebSite","@id":"https:\/\/redamlo.com\/#website","url":"https:\/\/redamlo.com\/","name":"NOTICIAS DE LA 4T","description":"","publisher":{"@id":"https:\/\/redamlo.com\/#organization"},"potentialAction":[{"@type":"SearchAction","target":{"@type":"EntryPoint","urlTemplate":"https:\/\/redamlo.com\/?s={search_term_string}"},"query-input":{"@type":"PropertyValueSpecification","valueRequired":true,"valueName":"search_term_string"}}],"inLanguage":"es"},{"@type":"Organization","@id":"https:\/\/redamlo.com\/#organization","name":"NOTICIAS DE LA 4T","url":"https:\/\/redamlo.com\/","logo":{"@type":"ImageObject","inLanguage":"es","@id":"https:\/\/redamlo.com\/#\/schema\/logo\/image\/","url":"https:\/\/redamlo.com\/wp-content\/uploads\/2024\/08\/cropped-RED-AMLO-logo-50.png","contentUrl":"https:\/\/redamlo.com\/wp-content\/uploads\/2024\/08\/cropped-RED-AMLO-logo-50.png","width":256,"height":256,"caption":"NOTICIAS DE LA 4T"},"image":{"@id":"https:\/\/redamlo.com\/#\/schema\/logo\/image\/"}},{"@type":"Person","@id":"https:\/\/redamlo.com\/#\/schema\/person\/7223a4375eb8f1a782fcae010a7115cf","name":"Blanca","image":{"@type":"ImageObject","inLanguage":"es","@id":"https:\/\/secure.gravatar.com\/avatar\/3f79bc8336367a4e6093eae8757acaaf61d1124834b905616de7829b0273426d?s=96&d=mm&r=g","url":"https:\/\/secure.gravatar.com\/avatar\/3f79bc8336367a4e6093eae8757acaaf61d1124834b905616de7829b0273426d?s=96&d=mm&r=g","contentUrl":"https:\/\/secure.gravatar.com\/avatar\/3f79bc8336367a4e6093eae8757acaaf61d1124834b905616de7829b0273426d?s=96&d=mm&r=g","caption":"Blanca"},"url":"https:\/\/redamlo.com\/index.php\/author\/blanca\/"}]}},"_links":{"self":[{"href":"https:\/\/redamlo.com\/index.php\/wp-json\/wp\/v2\/posts\/848","targetHints":{"allow":["GET"]}}],"collection":[{"href":"https:\/\/redamlo.com\/index.php\/wp-json\/wp\/v2\/posts"}],"about":[{"href":"https:\/\/redamlo.com\/index.php\/wp-json\/wp\/v2\/types\/post"}],"author":[{"embeddable":true,"href":"https:\/\/redamlo.com\/index.php\/wp-json\/wp\/v2\/users\/2"}],"replies":[{"embeddable":true,"href":"https:\/\/redamlo.com\/index.php\/wp-json\/wp\/v2\/comments?post=848"}],"version-history":[{"count":0,"href":"https:\/\/redamlo.com\/index.php\/wp-json\/wp\/v2\/posts\/848\/revisions"}],"wp:featuredmedia":[{"embeddable":true,"href":"https:\/\/redamlo.com\/index.php\/wp-json\/wp\/v2\/media\/849"}],"wp:attachment":[{"href":"https:\/\/redamlo.com\/index.php\/wp-json\/wp\/v2\/media?parent=848"}],"wp:term":[{"taxonomy":"category","embeddable":true,"href":"https:\/\/redamlo.com\/index.php\/wp-json\/wp\/v2\/categories?post=848"},{"taxonomy":"post_tag","embeddable":true,"href":"https:\/\/redamlo.com\/index.php\/wp-json\/wp\/v2\/tags?post=848"}],"curies":[{"name":"wp","href":"https:\/\/api.w.org\/{rel}","templated":true}]}}