{"id":844,"date":"2020-06-27T21:29:39","date_gmt":"2020-06-28T02:29:39","guid":{"rendered":"http:\/\/redamlo.com\/?p=844"},"modified":"2020-06-27T21:29:39","modified_gmt":"2020-06-28T02:29:39","slug":"felipe-calderon-un-hombre-sin-dignidad","status":"publish","type":"post","link":"https:\/\/redamlo.com\/index.php\/2020\/06\/27\/felipe-calderon-un-hombre-sin-dignidad\/","title":{"rendered":"Felipe Calder\u00f3n un Hombre sin dignidad"},"content":{"rendered":"<h1 class=\"newsfull__title\">Si Calder\u00f3n tuviera dignidad, ya se dedicar\u00eda a otra cosa&#8221;: Dami\u00e1n Alc\u00e1zar<\/h1>\n<div class=\"newsfull__excerpt\">\n<p><strong>Dami\u00e1n Alc\u00e1zar<\/strong>\u00a0recalc\u00f3 que\u00a0<strong>Felipe Calder\u00f3n<\/strong>\u00a0no sirvi\u00f3 como presidente y \u00fanicamente gener\u00f3 violencia durante su sexenio.<\/p>\n<p><strong>Dami\u00e1n Alc\u00e1zar<\/strong> dijo que \u201cen M\u00e9xico no existe la oposici\u00f3n porque no hay pensadores. Todos han jugado sucio. No hay crecimiento si entendemos que el crecimiento es de los adinerados, de los comerciantes\u2026 Los de abajo nunca han importando, ahora es que empiezan a tener importancia para la gente al mando del pa\u00eds. Hay que darles la oportunidad de que vivan mejor\u201d.<\/p>\n<p>\u201cNo sirve para Presidente. \u00bfC\u00f3mo es posible? Por supuesto que sab\u00eda de la corrupci\u00f3n. El nieto de Felipe \u00e1ngeles ha dicho que se lo dijo personalmente. Tuvo piel de rinoceronte, poca sensibilidad, poca imaginaci\u00f3n. Ya no te hablo de humanismo. No deber\u00eda seguir, se perder\u00e1 dinero\u201d, agreg\u00f3.<\/p>\n<p><strong><span class=\"special_amp\">\u201c<\/span>Si realmente tuviera dignidad (Felipe Calder\u00f3n), se dedicar\u00eda a otra cosa<span class=\"special_amp\">\u201d<\/span>, asegur\u00f3 el actor.<\/strong><\/p>\n<p>El Presidente <strong><em>\u00c1ndes Manuel L\u00f3pez<\/em><\/strong> Obrador ante ello se manifest\u00f3.<\/p>\n<p><strong>\u201cSuele pasar que periodistas, artistas o escritores se refugien en la supuesta objetividad o independencia para no comprometerse (que sabemos es una forma hip\u00f3crita de tomar partido).\u00a0T\u00fa en cambio, Dami\u00e1n, sin dejar de ser libre, te defines a favor de la transformaci\u00f3n. Gracias\u201d, escribi\u00f3 el mandatario en redes sociales.<\/strong><\/p>\n<p><strong>TAL VEZ TE INTERESE<\/strong><\/p>\n<p><span style=\"color: #000000;\"><a style=\"color: #000000;\" href=\"https:\/\/cdmxpress.com\/consulta-ciudadana-cuenta-amlo-con-tu-aprobacion\/\">https:\/\/cdmxpress.com\/consulta-ciudadana-cuenta-amlo-con-tu-aprobacion\/\u00a0<\/a><\/span><\/p>\n<p>&nbsp;<\/p>\n<\/div>\n","protected":false},"excerpt":{"rendered":"<p>Si Calder\u00f3n tuviera dignidad, ya se dedicar\u00eda a otra cosa&#8221;: Dami\u00e1n Alc\u00e1zar Dami\u00e1n Alc\u00e1zar\u00a0recalc\u00f3 que\u00a0Felipe&#8230;<\/p>\n","protected":false},"author":2,"featured_media":846,"comment_status":"open","ping_status":"closed","sticky":false,"template":"","format":"standard","meta":{"footnotes":""},"categories":[25,215,5],"tags":[],"class_list":["post-844","post","type-post","status-publish","format-standard","has-post-thumbnail","hentry","category-4t","category-opinion","category-politica"],"yoast_head":"<!-- This site is optimized with the Yoast SEO plugin v27.5 - https:\/\/yoast.com\/product\/yoast-seo-wordpress\/ -->\n<title>Felipe Calder\u00f3n un Hombre sin dignidad - NOTICIAS DE LA 4T<\/title>\n<meta name=\"robots\" content=\"noindex, follow, max-snippet:-1, max-image-preview:large, max-video-preview:-1\" \/>\n<meta property=\"og:locale\" content=\"es_MX\" \/>\n<meta property=\"og:type\" content=\"article\" \/>\n<meta property=\"og:title\" content=\"Felipe Calder\u00f3n un Hombre sin dignidad - NOTICIAS DE LA 4T\" \/>\n<meta property=\"og:description\" content=\"Si Calder\u00f3n tuviera dignidad, ya se dedicar\u00eda a otra cosa&#8221;: Dami\u00e1n Alc\u00e1zar Dami\u00e1n Alc\u00e1zar\u00a0recalc\u00f3 que\u00a0Felipe...\" \/>\n<meta property=\"og:url\" content=\"https:\/\/redamlo.com\/index.php\/2020\/06\/27\/felipe-calderon-un-hombre-sin-dignidad\/\" \/>\n<meta property=\"og:site_name\" content=\"NOTICIAS DE LA 4T\" \/>\n<meta property=\"article:published_time\" content=\"2020-06-28T02:29:39+00:00\" \/>\n<meta property=\"og:image\" content=\"https:\/\/redamlo.com\/wp-content\/uploads\/2020\/06\/damian-alcazar.jpg\" \/>\n\t<meta property=\"og:image:width\" content=\"2000\" \/>\n\t<meta property=\"og:image:height\" content=\"1125\" \/>\n\t<meta property=\"og:image:type\" content=\"image\/jpeg\" \/>\n<meta name=\"author\" content=\"Blanca\" \/>\n<meta name=\"twitter:card\" content=\"summary_large_image\" \/>\n<meta name=\"twitter:label1\" content=\"Escrito por\" \/>\n\t<meta name=\"twitter:data1\" content=\"Blanca\" \/>\n\t<meta name=\"twitter:label2\" content=\"Tiempo de lectura\" \/>\n\t<meta name=\"twitter:data2\" content=\"1 minuto\" \/>\n<script type=\"application\/ld+json\" class=\"yoast-schema-graph\">{\"@context\":\"https:\\\/\\\/schema.org\",\"@graph\":[{\"@type\":\"Article\",\"@id\":\"https:\\\/\\\/redamlo.com\\\/index.php\\\/2020\\\/06\\\/27\\\/felipe-calderon-un-hombre-sin-dignidad\\\/#article\",\"isPartOf\":{\"@id\":\"https:\\\/\\\/redamlo.com\\\/index.php\\\/2020\\\/06\\\/27\\\/felipe-calderon-un-hombre-sin-dignidad\\\/\"},\"author\":{\"name\":\"Blanca\",\"@id\":\"https:\\\/\\\/redamlo.com\\\/#\\\/schema\\\/person\\\/7223a4375eb8f1a782fcae010a7115cf\"},\"headline\":\"Felipe Calder\u00f3n un Hombre sin dignidad\",\"datePublished\":\"2020-06-28T02:29:39+00:00\",\"mainEntityOfPage\":{\"@id\":\"https:\\\/\\\/redamlo.com\\\/index.php\\\/2020\\\/06\\\/27\\\/felipe-calderon-un-hombre-sin-dignidad\\\/\"},\"wordCount\":251,\"commentCount\":0,\"publisher\":{\"@id\":\"https:\\\/\\\/redamlo.com\\\/#organization\"},\"image\":{\"@id\":\"https:\\\/\\\/redamlo.com\\\/index.php\\\/2020\\\/06\\\/27\\\/felipe-calderon-un-hombre-sin-dignidad\\\/#primaryimage\"},\"thumbnailUrl\":\"https:\\\/\\\/redamlo.com\\\/wp-content\\\/uploads\\\/2020\\\/06\\\/damian-alcazar.jpg\",\"articleSection\":[\"4T\",\"Opini\u00f3n\",\"Pol\u00edtica\"],\"inLanguage\":\"es\",\"potentialAction\":[{\"@type\":\"CommentAction\",\"name\":\"Comment\",\"target\":[\"https:\\\/\\\/redamlo.com\\\/index.php\\\/2020\\\/06\\\/27\\\/felipe-calderon-un-hombre-sin-dignidad\\\/#respond\"]}]},{\"@type\":\"WebPage\",\"@id\":\"https:\\\/\\\/redamlo.com\\\/index.php\\\/2020\\\/06\\\/27\\\/felipe-calderon-un-hombre-sin-dignidad\\\/\",\"url\":\"https:\\\/\\\/redamlo.com\\\/index.php\\\/2020\\\/06\\\/27\\\/felipe-calderon-un-hombre-sin-dignidad\\\/\",\"name\":\"Felipe Calder\u00f3n un Hombre sin dignidad - NOTICIAS DE LA 4T\",\"isPartOf\":{\"@id\":\"https:\\\/\\\/redamlo.com\\\/#website\"},\"primaryImageOfPage\":{\"@id\":\"https:\\\/\\\/redamlo.com\\\/index.php\\\/2020\\\/06\\\/27\\\/felipe-calderon-un-hombre-sin-dignidad\\\/#primaryimage\"},\"image\":{\"@id\":\"https:\\\/\\\/redamlo.com\\\/index.php\\\/2020\\\/06\\\/27\\\/felipe-calderon-un-hombre-sin-dignidad\\\/#primaryimage\"},\"thumbnailUrl\":\"https:\\\/\\\/redamlo.com\\\/wp-content\\\/uploads\\\/2020\\\/06\\\/damian-alcazar.jpg\",\"datePublished\":\"2020-06-28T02:29:39+00:00\",\"breadcrumb\":{\"@id\":\"https:\\\/\\\/redamlo.com\\\/index.php\\\/2020\\\/06\\\/27\\\/felipe-calderon-un-hombre-sin-dignidad\\\/#breadcrumb\"},\"inLanguage\":\"es\",\"potentialAction\":[{\"@type\":\"ReadAction\",\"target\":[\"https:\\\/\\\/redamlo.com\\\/index.php\\\/2020\\\/06\\\/27\\\/felipe-calderon-un-hombre-sin-dignidad\\\/\"]}]},{\"@type\":\"ImageObject\",\"inLanguage\":\"es\",\"@id\":\"https:\\\/\\\/redamlo.com\\\/index.php\\\/2020\\\/06\\\/27\\\/felipe-calderon-un-hombre-sin-dignidad\\\/#primaryimage\",\"url\":\"https:\\\/\\\/redamlo.com\\\/wp-content\\\/uploads\\\/2020\\\/06\\\/damian-alcazar.jpg\",\"contentUrl\":\"https:\\\/\\\/redamlo.com\\\/wp-content\\\/uploads\\\/2020\\\/06\\\/damian-alcazar.jpg\",\"width\":2000,\"height\":1125},{\"@type\":\"BreadcrumbList\",\"@id\":\"https:\\\/\\\/redamlo.com\\\/index.php\\\/2020\\\/06\\\/27\\\/felipe-calderon-un-hombre-sin-dignidad\\\/#breadcrumb\",\"itemListElement\":[{\"@type\":\"ListItem\",\"position\":1,\"name\":\"Inicio\",\"item\":\"https:\\\/\\\/redamlo.com\\\/\"},{\"@type\":\"ListItem\",\"position\":2,\"name\":\"Felipe Calder\u00f3n un Hombre sin dignidad\"}]},{\"@type\":\"WebSite\",\"@id\":\"https:\\\/\\\/redamlo.com\\\/#website\",\"url\":\"https:\\\/\\\/redamlo.com\\\/\",\"name\":\"NOTICIAS DE LA 4T\",\"description\":\"\",\"publisher\":{\"@id\":\"https:\\\/\\\/redamlo.com\\\/#organization\"},\"potentialAction\":[{\"@type\":\"SearchAction\",\"target\":{\"@type\":\"EntryPoint\",\"urlTemplate\":\"https:\\\/\\\/redamlo.com\\\/?s={search_term_string}\"},\"query-input\":{\"@type\":\"PropertyValueSpecification\",\"valueRequired\":true,\"valueName\":\"search_term_string\"}}],\"inLanguage\":\"es\"},{\"@type\":\"Organization\",\"@id\":\"https:\\\/\\\/redamlo.com\\\/#organization\",\"name\":\"NOTICIAS DE LA 4T\",\"url\":\"https:\\\/\\\/redamlo.com\\\/\",\"logo\":{\"@type\":\"ImageObject\",\"inLanguage\":\"es\",\"@id\":\"https:\\\/\\\/redamlo.com\\\/#\\\/schema\\\/logo\\\/image\\\/\",\"url\":\"https:\\\/\\\/redamlo.com\\\/wp-content\\\/uploads\\\/2024\\\/08\\\/cropped-RED-AMLO-logo-50.png\",\"contentUrl\":\"https:\\\/\\\/redamlo.com\\\/wp-content\\\/uploads\\\/2024\\\/08\\\/cropped-RED-AMLO-logo-50.png\",\"width\":256,\"height\":256,\"caption\":\"NOTICIAS DE LA 4T\"},\"image\":{\"@id\":\"https:\\\/\\\/redamlo.com\\\/#\\\/schema\\\/logo\\\/image\\\/\"}},{\"@type\":\"Person\",\"@id\":\"https:\\\/\\\/redamlo.com\\\/#\\\/schema\\\/person\\\/7223a4375eb8f1a782fcae010a7115cf\",\"name\":\"Blanca\",\"image\":{\"@type\":\"ImageObject\",\"inLanguage\":\"es\",\"@id\":\"https:\\\/\\\/secure.gravatar.com\\\/avatar\\\/3f79bc8336367a4e6093eae8757acaaf61d1124834b905616de7829b0273426d?s=96&d=mm&r=g\",\"url\":\"https:\\\/\\\/secure.gravatar.com\\\/avatar\\\/3f79bc8336367a4e6093eae8757acaaf61d1124834b905616de7829b0273426d?s=96&d=mm&r=g\",\"contentUrl\":\"https:\\\/\\\/secure.gravatar.com\\\/avatar\\\/3f79bc8336367a4e6093eae8757acaaf61d1124834b905616de7829b0273426d?s=96&d=mm&r=g\",\"caption\":\"Blanca\"},\"url\":\"https:\\\/\\\/redamlo.com\\\/index.php\\\/author\\\/blanca\\\/\"}]}<\/script>\n<!-- \/ Yoast SEO plugin. -->","yoast_head_json":{"title":"Felipe Calder\u00f3n un Hombre sin dignidad - NOTICIAS DE LA 4T","robots":{"index":"noindex","follow":"follow","max-snippet":"max-snippet:-1","max-image-preview":"max-image-preview:large","max-video-preview":"max-video-preview:-1"},"og_locale":"es_MX","og_type":"article","og_title":"Felipe Calder\u00f3n un Hombre sin dignidad - NOTICIAS DE LA 4T","og_description":"Si Calder\u00f3n tuviera dignidad, ya se dedicar\u00eda a otra cosa&#8221;: Dami\u00e1n Alc\u00e1zar Dami\u00e1n Alc\u00e1zar\u00a0recalc\u00f3 que\u00a0Felipe...","og_url":"https:\/\/redamlo.com\/index.php\/2020\/06\/27\/felipe-calderon-un-hombre-sin-dignidad\/","og_site_name":"NOTICIAS DE LA 4T","article_published_time":"2020-06-28T02:29:39+00:00","og_image":[{"width":2000,"height":1125,"url":"https:\/\/redamlo.com\/wp-content\/uploads\/2020\/06\/damian-alcazar.jpg","type":"image\/jpeg"}],"author":"Blanca","twitter_card":"summary_large_image","twitter_misc":{"Escrito por":"Blanca","Tiempo de lectura":"1 minuto"},"schema":{"@context":"https:\/\/schema.org","@graph":[{"@type":"Article","@id":"https:\/\/redamlo.com\/index.php\/2020\/06\/27\/felipe-calderon-un-hombre-sin-dignidad\/#article","isPartOf":{"@id":"https:\/\/redamlo.com\/index.php\/2020\/06\/27\/felipe-calderon-un-hombre-sin-dignidad\/"},"author":{"name":"Blanca","@id":"https:\/\/redamlo.com\/#\/schema\/person\/7223a4375eb8f1a782fcae010a7115cf"},"headline":"Felipe Calder\u00f3n un Hombre sin dignidad","datePublished":"2020-06-28T02:29:39+00:00","mainEntityOfPage":{"@id":"https:\/\/redamlo.com\/index.php\/2020\/06\/27\/felipe-calderon-un-hombre-sin-dignidad\/"},"wordCount":251,"commentCount":0,"publisher":{"@id":"https:\/\/redamlo.com\/#organization"},"image":{"@id":"https:\/\/redamlo.com\/index.php\/2020\/06\/27\/felipe-calderon-un-hombre-sin-dignidad\/#primaryimage"},"thumbnailUrl":"https:\/\/redamlo.com\/wp-content\/uploads\/2020\/06\/damian-alcazar.jpg","articleSection":["4T","Opini\u00f3n","Pol\u00edtica"],"inLanguage":"es","potentialAction":[{"@type":"CommentAction","name":"Comment","target":["https:\/\/redamlo.com\/index.php\/2020\/06\/27\/felipe-calderon-un-hombre-sin-dignidad\/#respond"]}]},{"@type":"WebPage","@id":"https:\/\/redamlo.com\/index.php\/2020\/06\/27\/felipe-calderon-un-hombre-sin-dignidad\/","url":"https:\/\/redamlo.com\/index.php\/2020\/06\/27\/felipe-calderon-un-hombre-sin-dignidad\/","name":"Felipe Calder\u00f3n un Hombre sin dignidad - NOTICIAS DE LA 4T","isPartOf":{"@id":"https:\/\/redamlo.com\/#website"},"primaryImageOfPage":{"@id":"https:\/\/redamlo.com\/index.php\/2020\/06\/27\/felipe-calderon-un-hombre-sin-dignidad\/#primaryimage"},"image":{"@id":"https:\/\/redamlo.com\/index.php\/2020\/06\/27\/felipe-calderon-un-hombre-sin-dignidad\/#primaryimage"},"thumbnailUrl":"https:\/\/redamlo.com\/wp-content\/uploads\/2020\/06\/damian-alcazar.jpg","datePublished":"2020-06-28T02:29:39+00:00","breadcrumb":{"@id":"https:\/\/redamlo.com\/index.php\/2020\/06\/27\/felipe-calderon-un-hombre-sin-dignidad\/#breadcrumb"},"inLanguage":"es","potentialAction":[{"@type":"ReadAction","target":["https:\/\/redamlo.com\/index.php\/2020\/06\/27\/felipe-calderon-un-hombre-sin-dignidad\/"]}]},{"@type":"ImageObject","inLanguage":"es","@id":"https:\/\/redamlo.com\/index.php\/2020\/06\/27\/felipe-calderon-un-hombre-sin-dignidad\/#primaryimage","url":"https:\/\/redamlo.com\/wp-content\/uploads\/2020\/06\/damian-alcazar.jpg","contentUrl":"https:\/\/redamlo.com\/wp-content\/uploads\/2020\/06\/damian-alcazar.jpg","width":2000,"height":1125},{"@type":"BreadcrumbList","@id":"https:\/\/redamlo.com\/index.php\/2020\/06\/27\/felipe-calderon-un-hombre-sin-dignidad\/#breadcrumb","itemListElement":[{"@type":"ListItem","position":1,"name":"Inicio","item":"https:\/\/redamlo.com\/"},{"@type":"ListItem","position":2,"name":"Felipe Calder\u00f3n un Hombre sin dignidad"}]},{"@type":"WebSite","@id":"https:\/\/redamlo.com\/#website","url":"https:\/\/redamlo.com\/","name":"NOTICIAS DE LA 4T","description":"","publisher":{"@id":"https:\/\/redamlo.com\/#organization"},"potentialAction":[{"@type":"SearchAction","target":{"@type":"EntryPoint","urlTemplate":"https:\/\/redamlo.com\/?s={search_term_string}"},"query-input":{"@type":"PropertyValueSpecification","valueRequired":true,"valueName":"search_term_string"}}],"inLanguage":"es"},{"@type":"Organization","@id":"https:\/\/redamlo.com\/#organization","name":"NOTICIAS DE LA 4T","url":"https:\/\/redamlo.com\/","logo":{"@type":"ImageObject","inLanguage":"es","@id":"https:\/\/redamlo.com\/#\/schema\/logo\/image\/","url":"https:\/\/redamlo.com\/wp-content\/uploads\/2024\/08\/cropped-RED-AMLO-logo-50.png","contentUrl":"https:\/\/redamlo.com\/wp-content\/uploads\/2024\/08\/cropped-RED-AMLO-logo-50.png","width":256,"height":256,"caption":"NOTICIAS DE LA 4T"},"image":{"@id":"https:\/\/redamlo.com\/#\/schema\/logo\/image\/"}},{"@type":"Person","@id":"https:\/\/redamlo.com\/#\/schema\/person\/7223a4375eb8f1a782fcae010a7115cf","name":"Blanca","image":{"@type":"ImageObject","inLanguage":"es","@id":"https:\/\/secure.gravatar.com\/avatar\/3f79bc8336367a4e6093eae8757acaaf61d1124834b905616de7829b0273426d?s=96&d=mm&r=g","url":"https:\/\/secure.gravatar.com\/avatar\/3f79bc8336367a4e6093eae8757acaaf61d1124834b905616de7829b0273426d?s=96&d=mm&r=g","contentUrl":"https:\/\/secure.gravatar.com\/avatar\/3f79bc8336367a4e6093eae8757acaaf61d1124834b905616de7829b0273426d?s=96&d=mm&r=g","caption":"Blanca"},"url":"https:\/\/redamlo.com\/index.php\/author\/blanca\/"}]}},"_links":{"self":[{"href":"https:\/\/redamlo.com\/index.php\/wp-json\/wp\/v2\/posts\/844","targetHints":{"allow":["GET"]}}],"collection":[{"href":"https:\/\/redamlo.com\/index.php\/wp-json\/wp\/v2\/posts"}],"about":[{"href":"https:\/\/redamlo.com\/index.php\/wp-json\/wp\/v2\/types\/post"}],"author":[{"embeddable":true,"href":"https:\/\/redamlo.com\/index.php\/wp-json\/wp\/v2\/users\/2"}],"replies":[{"embeddable":true,"href":"https:\/\/redamlo.com\/index.php\/wp-json\/wp\/v2\/comments?post=844"}],"version-history":[{"count":0,"href":"https:\/\/redamlo.com\/index.php\/wp-json\/wp\/v2\/posts\/844\/revisions"}],"wp:featuredmedia":[{"embeddable":true,"href":"https:\/\/redamlo.com\/index.php\/wp-json\/wp\/v2\/media\/846"}],"wp:attachment":[{"href":"https:\/\/redamlo.com\/index.php\/wp-json\/wp\/v2\/media?parent=844"}],"wp:term":[{"taxonomy":"category","embeddable":true,"href":"https:\/\/redamlo.com\/index.php\/wp-json\/wp\/v2\/categories?post=844"},{"taxonomy":"post_tag","embeddable":true,"href":"https:\/\/redamlo.com\/index.php\/wp-json\/wp\/v2\/tags?post=844"}],"curies":[{"name":"wp","href":"https:\/\/api.w.org\/{rel}","templated":true}]}}