{"id":841,"date":"2020-06-25T18:26:29","date_gmt":"2020-06-25T23:26:29","guid":{"rendered":"http:\/\/redamlo.com\/?p=841"},"modified":"2020-06-25T18:26:29","modified_gmt":"2020-06-25T23:26:29","slug":"secretario-del-trabajo-del-expresidente-felipe-calderon-y-parte-de-sedena-en-la-red-del-cartel-de-sinaloa","status":"publish","type":"post","link":"https:\/\/redamlo.com\/index.php\/2020\/06\/25\/secretario-del-trabajo-del-expresidente-felipe-calderon-y-parte-de-sedena-en-la-red-del-cartel-de-sinaloa\/","title":{"rendered":"Secretario del Trabajo del expresidente Felipe Calder\u00f3n y parte de SEDENA en la red del C\u00e1rtel de Sinaloa"},"content":{"rendered":"<p><strong>Por Guadalupe Liz\u00e1rraga<\/strong><\/p>\n<p><strong>Javier Lozano Alarc\u00f3n<\/strong>,\u00a0\u00edntimo amigo del expresidente\u00a0<strong>Felipe Calder\u00f3n<\/strong>, y secretario de Trabajo durante su gobierno, se encargaba de hacer los negocios sucios y lavar dinero para el C\u00e1rtel de Sinaloa. Ten\u00eda muchas formas de hacerlo, establecer empresas nacionales, incluso extranjeras, cambiar cuentas. Un traficante de influencias con toda la confianza del presidente. Su escolta personal, el capit\u00e1n\u00a0<strong>Carlos Antonio Alem\u00e1n P\u00e9rez<\/strong>, era el reclutador de militares, y trabajaba de la mano del exmilitar\u00a0<strong>Manuel Alejandro Aponte G\u00f3mez<\/strong>, jefe de seguridad del narcotraficante Joaqu\u00edn Guzm\u00e1n Loera. Ambos militares, Alem\u00e1n y Aponte eran compa\u00f1eros de la generaci\u00f3n 93-96, en el Heroico Colegio Militar, amistad que hac\u00eda valer llev\u00e1ndolo al Campo Militar N\u00famero 1, siendo ya jefe de seguridad del C\u00e1rtel de Sinaloa.<\/p>\n<p>\u00c9stas son parte de las declaraciones del Capit\u00e1n de Infanter\u00eda del Ej\u00e9rcito mexicano,\u00a0<strong>Vladimir Ilich Malag\u00f3n Rendon<\/strong>, en documentos oficiales firmados bajo protesta de decir verdad, desde junio de 2010, por las que fue torturado durante d\u00edas y encarcelado bajo acusaci\u00f3n de homicidio calificado del capit\u00e1n Alem\u00e1n P\u00e9rez. Entre sus declaraciones revel\u00f3 que el entonces secretario de Estado, Javier Lozano Alarc\u00f3n, conoc\u00eda la conversaci\u00f3n previa a la muerte de Alem\u00e1n, y era quien ordenaba su reclutamiento.<\/p>\n<blockquote><p>\u201cEL C\u00c1RTEL DE SINALOA YA COMPR\u00d3 AL PRESIDENTE CALDER\u00d3N. LA SECRETAR\u00cdA DE GOBERNACI\u00d3N TAMBI\u00c9N EST\u00c1 HASTA LA MADRE DE GENTE QUE TRABAJA PARA SINALOA, INCLUYENDO AL SECRETARIO BLAKE MORA, TAMBI\u00c9N TIENEN A LA SEIDO, A LA PGR, A VARIOS GOBERNADORES Y SECRETARIOS DE ESTADO QUE TAMBI\u00c9N TRABAJAN PARA ELLOS, PARA HACER NEGOCIOS Y LAVAR DINERO EN PROPIEDADES NEGOCIOS Y M\u00c1S. Y NADA M\u00c1S PARA QUE TE DES CUENTA DE QUE NO TE MIENTO, EL C\u00c1RTEL DE SINALOA TIENE TRATO DIRECTO CON MI JEFE (EL SECRETARIO DEL TRABAJO, JAVIER LOZANO ALARC\u00d3N). Y MI JEFE SABE QUE ESTOY AQU\u00cd CONTIGO, Y SI TE MATO NO HABR\u00cdA PEDO PORQUE EN ESTOS MOMENTOS ESTOY DE SERVICIO CON \u00c9L, O SEA QUE LO ESTOY ESCOLTANDO\u201d.<\/p>\n<p>CAP. CARLOS ANTONIO ALEM\u00c1N P\u00c9REZ<br \/>\nESCOLTA DEL SECRETARIO DEL TRABAJO JAVIER LOZANO ALARC\u00d3N<br \/>\n1 DE JUNIO DE 2010<\/p><\/blockquote>\n<h4>Audio de la entrevista de\u00a0<em>Los \u00c1ngeles Press<\/em>\u00a0al capit\u00e1n de Infanter\u00eda\u00a0<strong>Vladimir Ilich Malag\u00f3n Rend\u00f3n<\/strong><\/h4>\n<p><span class=\"mejs-offscreen\">Reproductor de audio<\/span><\/p>\n<div id=\"mep_0\" class=\"mejs-container mejs-container-keyboard-inactive wp-audio-shortcode mejs-audio\" tabindex=\"0\" role=\"application\" aria-label=\"Reproductor de audio\">\n<div class=\"mejs-inner\">\n<div class=\"mejs-mediaelement\"><\/div>\n<div class=\"mejs-layers\"><\/div>\n<div class=\"mejs-controls\">\n<div class=\"mejs-button mejs-playpause-button mejs-play\"><\/div>\n<div class=\"mejs-time mejs-currenttime-container\" role=\"timer\" aria-live=\"off\"><span class=\"mejs-currenttime\">00:00<\/span><\/div>\n<div class=\"mejs-time-rail\"><\/div>\n<div class=\"mejs-time mejs-duration-container\"><span class=\"mejs-duration\">00:00<\/span><\/div>\n<div class=\"mejs-button mejs-volume-button mejs-mute\"><\/div>\n<p><a class=\"mejs-horizontal-volume-slider\" role=\"slider\" aria-label=\"Control de volumen\" aria-valuemin=\"0\" aria-valuemax=\"100\" aria-valuenow=\"100\"><span class=\"mejs-offscreen\">Utiliza las teclas de flecha arriba\/abajo para aumentar o disminuir el volumen.<\/span><\/a><\/p>\n<div class=\"mejs-horizontal-volume-total\">\n<div class=\"mejs-horizontal-volume-current\"><\/div>\n<\/div>\n<\/div>\n<\/div>\n<\/div>\n<p>Una de las primeras personas a las que el capit\u00e1n\u00a0<strong><em>Vladimir Ilich Malag\u00f3n Rend\u00f3n<\/em>\u00a0<\/strong>denunci\u00f3 los hechos de agresi\u00f3n de parte del capit\u00e1n Alem\u00e1n y su relaci\u00f3n con el\u00a0<strong>C\u00e1rtel de Sinaloa<\/strong>\u00a0fue al General de Divisi\u00f3n del Estado Mayor, Jorge Ju\u00e1rez Loera, Oficial Mayor de\u00a0<strong>SEDENA,<\/strong>\u00a0quien le pidi\u00f3 que aguardara a la Polic\u00eda Judicial Militar para que realizara la investigaci\u00f3n conforme a derecho. Sin embargo,\u00a0<strong>Ju\u00e1rez Loera<\/strong>\u00a0que conoc\u00eda de primera fuente que el secretario Lozano Alarc\u00f3n estaba involucrado directamente con el C\u00e1rtel de Sinaloa, fue\u00a0<a href=\"https:\/\/www.elmundodesanluis.com\/2011\/05\/asesinan-al-general-de-division.html\">asesinado el 7 de mayo de 2011<\/a>. Ese mismo a\u00f1o, el capit\u00e1n Malag\u00f3n hab\u00eda denunciado la corrupci\u00f3n de la SEDENA y del secretario de Trabajo al Juez Vig\u00e9simo Primero Penal, Juan Jes\u00fas Chavarr\u00eda S\u00e1nchez.<\/p>\n<p>Para entonces, ya hab\u00eda dado su declaraci\u00f3n judicial, con la misma informaci\u00f3n, ante el Ministerio P\u00fablico adscrito a la\u00a0<em><strong>Primera Zona Militar<\/strong>\u00a0<\/em>bajo la acusaci\u00f3n del homicidio del capit\u00e1n Alem\u00e1n P\u00e9rez, con quien tuvo un forcejeo dentro de una camioneta cuando intentaba obligarlo a reunirse con Aponte G\u00f3mez, esa misma tarde, despu\u00e9s de intimidarlo con amenazas a su familia y apuntarle con su pistola. Por este hecho se inici\u00f3 la averiguaci\u00f3n previa n\u00famero SC\/138\/2010\/V.<\/p>\n<p>En 2011, tambi\u00e9n hizo una ampliaci\u00f3n de declaraci\u00f3n en el que reiter\u00f3 la relaci\u00f3n del escolta Alem\u00e1n P\u00e9rez con el jefe de seguridad del Chapo Guzm\u00e1n, as\u00ed como las torturas padecidas, el 3 de junio de 2010, durante 72 horas, por parte del capit\u00e1n segundo de Infanter\u00eda Juan S\u00e1nchez Galeana y los tenientes Ra\u00fal Trejo S\u00e1nchez, Gilberto Francisco Uscanga e Ignacio Silva Garc\u00eda, para que se incriminara por el homicidio del escolta alegando un m\u00f3vil pasional ya que \u201cel prestigio del secretario de Estado Javier Lozano Alarc\u00f3n y el de SEDENA estaban en riesgo\u201d.<\/p>\n<h3><strong>Fragmento Ampliaci\u00f3n de declaraci\u00f3n 2011<\/strong><\/h3>\n<div id=\"gallery-1\" class=\"gallery galleryid-24432 gallery-columns-3 gallery-size-medium\">\n<figure class=\"gallery-item\">\n<div class=\"gallery-icon portrait\"><a href=\"https:\/\/i0.wp.com\/losangelespress.org\/wp-content\/uploads\/cabos-2.png?ssl=1\"><img loading=\"lazy\" decoding=\"async\" class=\"attachment-medium size-medium jetpack-lazy-image td-animation-stack-type0-1 jetpack-lazy-image--handled\" title=\"cabos-2-280x450 cabos-2-280x450\" src=\"https:\/\/i2.wp.com\/losangelespress.org\/wp-content\/uploads\/cabos-2-280x450.png?resize=280%2C450&amp;ssl=1\" sizes=\"auto, (max-width: 280px) 100vw, 280px\" srcset=\"https:\/\/i2.wp.com\/losangelespress.org\/wp-content\/uploads\/cabos-2-280x450.png?resize=280%2C450&amp;ssl=1 280w, https:\/\/losangelespress.org\/wp-content\/uploads\/cabos-2-93x150.png 93w, https:\/\/losangelespress.org\/wp-content\/uploads\/cabos-2.png 404w\" alt=\"Javier Lozano Alarc\u00f3n, \u00edntimo amigo Felipe Calder\u00f3n, se encargaba de hacer los negocios sucios para el C\u00e1rtel de Sinaloa. cabos 2 280x450\" width=\"280\" height=\"450\" data-recalc-dims=\"1\" data-lazy-loaded=\"1\" \/><\/a><\/div>\n<\/figure>\n<figure class=\"gallery-item\">\n<div class=\"gallery-icon portrait\"><a href=\"https:\/\/i1.wp.com\/losangelespress.org\/wp-content\/uploads\/cabos-1.png?ssl=1\"><img loading=\"lazy\" decoding=\"async\" class=\"attachment-medium size-medium jetpack-lazy-image td-animation-stack-type0-1 jetpack-lazy-image--handled\" title=\"cabos-1-323x450 cabos-1-323x450\" src=\"https:\/\/i0.wp.com\/losangelespress.org\/wp-content\/uploads\/cabos-1-323x450.png?resize=323%2C450&amp;ssl=1\" sizes=\"auto, (max-width: 323px) 100vw, 323px\" srcset=\"https:\/\/i0.wp.com\/losangelespress.org\/wp-content\/uploads\/cabos-1-323x450.png?resize=323%2C450&amp;ssl=1 323w, https:\/\/losangelespress.org\/wp-content\/uploads\/cabos-1-108x150.png 108w, https:\/\/losangelespress.org\/wp-content\/uploads\/cabos-1.png 473w\" alt=\"Javier Lozano Alarc\u00f3n, \u00edntimo amigo Felipe Calder\u00f3n, se encargaba de hacer los negocios sucios para el C\u00e1rtel de Sinaloa. cabos 1 323x450\" width=\"323\" height=\"450\" data-recalc-dims=\"1\" data-lazy-loaded=\"1\" \/><\/a><\/div>\n<\/figure>\n<figure class=\"gallery-item\">\n<div class=\"gallery-icon portrait\"><a href=\"https:\/\/i2.wp.com\/losangelespress.org\/wp-content\/uploads\/cabos.png?ssl=1\"><img loading=\"lazy\" decoding=\"async\" class=\"attachment-medium size-medium jetpack-lazy-image td-animation-stack-type0-1 jetpack-lazy-image--handled\" title=\"cabos-303x450 cabos-303x450\" src=\"https:\/\/i2.wp.com\/losangelespress.org\/wp-content\/uploads\/cabos-303x450.png?resize=303%2C450&amp;ssl=1\" sizes=\"auto, (max-width: 303px) 100vw, 303px\" srcset=\"https:\/\/i2.wp.com\/losangelespress.org\/wp-content\/uploads\/cabos-303x450.png?resize=303%2C450&amp;ssl=1 303w, https:\/\/losangelespress.org\/wp-content\/uploads\/cabos-101x150.png 101w, https:\/\/losangelespress.org\/wp-content\/uploads\/cabos.png 436w\" alt=\"Javier Lozano Alarc\u00f3n, \u00edntimo amigo Felipe Calder\u00f3n, se encargaba de hacer los negocios sucios para el C\u00e1rtel de Sinaloa. cabos 303x450\" width=\"303\" height=\"450\" data-recalc-dims=\"1\" data-lazy-loaded=\"1\" \/><\/a><\/div>\n<\/figure>\n<\/div>\n<p>&nbsp;<\/p>\n<p>Sin embargo, ninguna de sus denuncias sobre la corrupci\u00f3n de SEDENA ni sobre las torturas fue atendida conforme a derecho. Por lo que en 2015, el capit\u00e1n Vladimir Ilich Malag\u00f3n Rendon puso una queja ante la Comisi\u00f3n Nacional de Derechos Humanos, la cual fue registrada bajo el n\u00famero de CNDH\/3\/2015\/8253\/Q, pero fue desestimada sin realizar ninguna visita carcelaria por la Tercera Visitadur\u00eda General, bajo la direcci\u00f3n de la Dra. Ruth Villanueva Castilleja, concluyendo que las heridas hechas durante su detenci\u00f3n del 4 al 6 de junio de 2010, no ten\u00edan relaci\u00f3n alguna con los hechos narrados, y no se le dio seguimiento a su caso.<\/p>\n<p>Con nuevos amparos y defensor\u00eda de oficio, el capit\u00e1n de Infanter\u00eda logr\u00f3 que en 2016 se le practicara el Protocolo de Estambul por las torturas, el cual result\u00f3 positivo, y posteriormente en enero de 2020, la Fiscal\u00eda General de la Rep\u00fablica abri\u00f3 una carpeta de investigaci\u00f3n por los delitos de tortura donde nuevamente hace su denuncia.<\/p>\n<div id=\"gallery-2\" class=\"gallery galleryid-24432 gallery-columns-2 gallery-size-medium\">\n<figure class=\"gallery-item\">\n<div class=\"gallery-icon portrait\"><a href=\"https:\/\/i1.wp.com\/losangelespress.org\/wp-content\/uploads\/CNDH.png?ssl=1\"><img loading=\"lazy\" decoding=\"async\" class=\"attachment-medium size-medium jetpack-lazy-image td-animation-stack-type0-1 jetpack-lazy-image--handled\" title=\"CNDH-366x450 CNDH-366x450\" src=\"https:\/\/i0.wp.com\/losangelespress.org\/wp-content\/uploads\/CNDH-366x450.png?resize=366%2C450&amp;ssl=1\" sizes=\"auto, (max-width: 366px) 100vw, 366px\" srcset=\"https:\/\/i0.wp.com\/losangelespress.org\/wp-content\/uploads\/CNDH-366x450.png?resize=366%2C450&amp;ssl=1 366w, https:\/\/losangelespress.org\/wp-content\/uploads\/CNDH-585x720.png 585w, https:\/\/losangelespress.org\/wp-content\/uploads\/CNDH-122x150.png 122w, https:\/\/losangelespress.org\/wp-content\/uploads\/CNDH.png 592w\" alt=\"Javier Lozano Alarc\u00f3n, \u00edntimo amigo Felipe Calder\u00f3n, se encargaba de hacer los negocios sucios para el C\u00e1rtel de Sinaloa. CNDH 366x450\" width=\"366\" height=\"450\" data-recalc-dims=\"1\" data-lazy-loaded=\"1\" \/><\/a><\/div>\n<\/figure>\n<figure class=\"gallery-item\">\n<div class=\"gallery-icon portrait\"><a href=\"https:\/\/i1.wp.com\/losangelespress.org\/wp-content\/uploads\/FGR-1.png?ssl=1\"><img loading=\"lazy\" decoding=\"async\" class=\"attachment-medium size-medium jetpack-lazy-image td-animation-stack-type0-1 jetpack-lazy-image--handled\" title=\"FGR-1-430x450 FGR-1-430x450\" src=\"https:\/\/i2.wp.com\/losangelespress.org\/wp-content\/uploads\/FGR-1-430x450.png?resize=430%2C450&amp;ssl=1\" sizes=\"auto, (max-width: 430px) 100vw, 430px\" srcset=\"https:\/\/i2.wp.com\/losangelespress.org\/wp-content\/uploads\/FGR-1-430x450.png?resize=430%2C450&amp;ssl=1 430w, https:\/\/losangelespress.org\/wp-content\/uploads\/FGR-1-143x150.png 143w, https:\/\/losangelespress.org\/wp-content\/uploads\/FGR-1.png 550w\" alt=\"Javier Lozano Alarc\u00f3n, \u00edntimo amigo Felipe Calder\u00f3n, se encargaba de hacer los negocios sucios para el C\u00e1rtel de Sinaloa. FGR 1 430x450\" width=\"430\" height=\"450\" data-recalc-dims=\"1\" data-lazy-loaded=\"1\" \/><\/a><\/div>\n<\/figure>\n<\/div>\n<h2>Cotejo de firmas<\/h2>\n<h2><a href=\"https:\/\/i1.wp.com\/losangelespress.org\/wp-content\/uploads\/FGR-2.png?ssl=1\"><img loading=\"lazy\" decoding=\"async\" class=\"aligncenter wp-image-24457 size-medium jetpack-lazy-image td-animation-stack-type0-1 jetpack-lazy-image--handled\" title=\"FGR-2-450x316 FGR-2-450x316\" src=\"https:\/\/i2.wp.com\/losangelespress.org\/wp-content\/uploads\/FGR-2-450x316.png?resize=450%2C316&amp;ssl=1\" sizes=\"auto, (max-width: 450px) 100vw, 450px\" srcset=\"https:\/\/i2.wp.com\/losangelespress.org\/wp-content\/uploads\/FGR-2-450x316.png?resize=450%2C316&amp;ssl=1 450w, https:\/\/losangelespress.org\/wp-content\/uploads\/FGR-2-150x105.png 150w, https:\/\/losangelespress.org\/wp-content\/uploads\/FGR-2-120x85.png 120w, https:\/\/losangelespress.org\/wp-content\/uploads\/FGR-2.png 683w\" alt=\"Javier Lozano Alarc\u00f3n, \u00edntimo amigo Felipe Calder\u00f3n, se encargaba de hacer los negocios sucios para el C\u00e1rtel de Sinaloa. FGR 2 450x316\" width=\"450\" height=\"316\" data-recalc-dims=\"1\" data-lazy-loaded=\"1\" \/><\/a><\/h2>\n<h2>Fuga de informaci\u00f3n, primeros conflictos<\/h2>\n<p>Cuando\u00a0<strong>Vladimir Ilich Malag\u00f3n<\/strong>\u00a0conoci\u00f3 al escolta personal del secretario de Trabajo, \u00e9l era comandante de escoltas y del equipo SWAT de Presidencia, pero en sus ascensos por su formaci\u00f3n especializada en Inteligencia y antiterrorismo, fue asignado a la seguridad del edificio de la Secretar\u00eda de Defensa Nacional\u00a0<strong>(SEDENA)<\/strong>\u00a0por instrucciones del General \u00c1ntimo Miranda. Su jefe era el General de Divisi\u00f3n Jorge Ju\u00e1rez Loera, quien le hab\u00eda hecho varios reconocimientos por su trabajo en temas de seguridad, despu\u00e9s de detectar que personal militar del Estado Mayor de la Defensa Nacional extra\u00eda documentos de car\u00e1cter secreto en USB y otros dispositivos para venderlos al crimen organizado.<\/p>\n<p>Esta fuga de informaci\u00f3n detectada conten\u00eda datos sensibles sobre el despliegue operativo militar en el Estado de Michoac\u00e1n, una base de datos de militares en las embajadas de nivel internacional, informaci\u00f3n sobre las giras presidenciales de Calder\u00f3n, entre otros.<\/p>\n<p>Los dispositivos de seguridad implementados por el capit\u00e1n\u00a0<strong>Malag\u00f3n Rendon<\/strong>\u00a0gener\u00f3 inconformidad a personal de alto rango del ej\u00e9rcito, porque las medidas iban desde la prohibici\u00f3n de la entrada a ciertas \u00e1reas sin autorizaci\u00f3n, prohibici\u00f3n de celulares, medidas antibombas, vigilancia y monitoreo interno, \u201csin importar que fuera General, jefe, Oficial o tropa\u201d, explica a\u00a0<em>Los \u00c1ngeles Press<\/em>. El General Miranda, quien le hab\u00eda dado la orden de blindar el edificio de SEDENA \u2013con unos 5,500 activos de diferentes rangos y funcionarios de alto nivel\u2013 fue relevado del cargo, y Malag\u00f3n empez\u00f3 a ser intimidado con vigilancia las 24 horas del d\u00eda en su domicilio particular.<\/p>\n<h2>Trabajar para El Chapo<\/h2>\n<p>En las primeras veces que el escolta personal del entonces secretario de Trabajo,<strong>\u00a0Javier Lozano Alarc\u00f3n,<\/strong>\u00a0busc\u00f3 al capit\u00e1n Malag\u00f3n fue para invitarlo a trabajar con el C\u00e1rtel de Sinaloa, y le puso sobre su escritorio un fajo de billetes en d\u00f3lares ajustados con ligas. Le dijo que eran 50 mil d\u00f3lares por adelantado que le mandaba\u00a0<strong>Aponte G\u00f3mez,<\/strong>\u00a0y que lo \u00fanico que deb\u00eda hacer es pasarle la informaci\u00f3n de los movimientos del presidente Calder\u00f3n, saber por d\u00f3nde se mov\u00edan sus tropas.<\/p>\n<blockquote><p>\u201cMI CAPIT\u00c1N, CONOZCO DE MANERA PERSONAL Y ES MUY MI AMIGO MANUEL ALEJANDRO APONTE G\u00d3MEZ, EL BRAVO, EL JEFE DE SEGURIDAD DEL CHAPO GUZM\u00c1N, Y ANDA RECLUTANDO GENTE DE GUARDIAS PRESIDENCIALES Y DEL ESTADO MAYOR. DE HECHO, YA ENGANCH\u00d3 A GENERALES, JEFES, OFICIALES, Y TROPA. LES EST\u00c1N PAGANDO 50 MIL D\u00d3LARES SOLO POR INFORMAR AL C\u00c1RTEL. ADEM\u00c1S, ME DIJO, ESTO VA PARA GRANDE. YA EST\u00c1N DENTRO DEL ESTADO MAYOR PRESIDENCIAL Y CON ALGUNOS SECRETARIOS DE ESTADO, LA PGR Y LA SIEDO\u201d.<\/p>\n<p>CAPIT\u00c1N CARLOS ANTONIO ALEM\u00c1N P\u00c9REZ<br \/>\nESCOLTA PERSONAL DEL SECRETARIO DEL TRABAJO JAVIER LOZANO ALARC\u00d3N<\/p><\/blockquote>\n<p>La respuesta del capit\u00e1n Malag\u00f3n fue decirle que no le cre\u00eda nada. En ese momento, el escolta de Lozano Alarc\u00f3n sac\u00f3 los fajos de billetes en d\u00f3lares de su bolsa lateral del uniforme militar, y le dijo que eran \u201c50 mil de obsequio\u201d, que Aponte quer\u00eda que perteneciera a su equipo. Incluso que lo pod\u00eda hacer jefe de plaza del estado que \u00e9l quisiera, con gente, armas y recursos.<\/p>\n<p>Malag\u00f3n, muy enojado, le grit\u00f3 que le quitara el dinero de encima de su escritorio, que \u00e9l no le hab\u00eda permitido hacer eso y que cada uno trabajaba como quer\u00eda. Le orden\u00f3 que le diera una respuesta negativa al Coronel\u00a0<strong>Aureliano de Le\u00f3n y a Aponte G\u00f3mez<\/strong>. Que \u00e9l seguir\u00eda sirviendo al pa\u00eds. La discusi\u00f3n entre ambos capitanes subi\u00f3 de tono, y hubo amenazas por parte de Alem\u00e1n P\u00e9rez, retir\u00e1ndose de la oficina con un portazo.<\/p>\n<p>Despu\u00e9s de varios meses, Alem\u00e1n P\u00e9rez insisti\u00f3 a\u00a0<strong>Malag\u00f3n Rend\u00f3n<\/strong>\u00a0con una disculpa por aquella ocasi\u00f3n, y continuaron sus llamadas a su tel\u00e9fono particular y a su oficina, invit\u00e1ndolo a bares y cenas, que eran rechazadas de tajo por el capit\u00e1n Malag\u00f3n. Sin embargo, el 1 de junio de 2010, el escolta del secretario de Estado Javier Lozano intimid\u00f3 al capit\u00e1n Malag\u00f3n dici\u00e9ndole que era urgente verlo porque su familia estaba en riesgo. Ya antes hab\u00eda padecido un conato de secuestro y extorsi\u00f3n con su familia. Por lo que acept\u00f3 reunirse en las afueras de un restaurante del Lago de Chapultepec, y pidi\u00f3 a dos cabos que lo acompa\u00f1aran, Ruth Ahuatzin Cruz Blancarte y Jes\u00fas Ismael Rangel Vera.<\/p>\n<p>Una vez, en el encuentro, el escolta del secretario de Estado le dijo que se subiera al auto \u00e9l solo, al volante, y ya dentro, le inform\u00f3 que lo estaba esperando Aponte G\u00f3mez muy cerca de all\u00ed, dentro del bosque, que encendiera el auto, y le dio la informaci\u00f3n de que el C\u00e1rtel de Sinaloa ya hab\u00eda comprado al presidente Calder\u00f3n. Al negarse el capit\u00e1n Malag\u00f3n, hubo nuevas discusiones y amenazas a su familia, y Alem\u00e1n P\u00e9rez, con pistola en mano, lo oblig\u00f3 a mover el auto. Con el auto en movimiento, forcejearon, y Malag\u00f3n estrell\u00f3 el auto contra un poste. Salieron dos disparos en el forcejeo, y \u00e9l sali\u00f3 corriendo para salvar su vida. Los cabos se dieron cuenta de las circunstancias, pero posteriormente fueron acusados de homicidio, y torturados para que incriminaran al capit\u00e1n Malag\u00f3n. El peri\u00f3dico\u00a0<em>Reforma<\/em>\u00a0cont\u00f3 la historia diciendo que se trataba de un crimen pasional entre militares por la infidelidad de una esposa.<\/p>\n<p><a href=\"https:\/\/i2.wp.com\/losangelespress.org\/wp-content\/uploads\/archivo-reforma.png?ssl=1\"><img loading=\"lazy\" decoding=\"async\" class=\"aligncenter size-large wp-image-24454 jetpack-lazy-image td-animation-stack-type0-1 jetpack-lazy-image--handled\" title=\"archivo-reforma-960x670 archivo-reforma-960x670\" src=\"https:\/\/i0.wp.com\/losangelespress.org\/wp-content\/uploads\/archivo-reforma-960x670.png?resize=640%2C446&amp;ssl=1\" sizes=\"auto, (max-width: 747px) 100vw, 747px\" srcset=\"https:\/\/i0.wp.com\/losangelespress.org\/wp-content\/uploads\/archivo-reforma-960x670.png?resize=640%2C446&amp;ssl=1 960w, https:\/\/losangelespress.org\/wp-content\/uploads\/archivo-reforma-450x314.png 450w, https:\/\/losangelespress.org\/wp-content\/uploads\/archivo-reforma-150x105.png 150w, https:\/\/losangelespress.org\/wp-content\/uploads\/archivo-reforma-768x536.png 768w, https:\/\/losangelespress.org\/wp-content\/uploads\/archivo-reforma-120x85.png 120w, https:\/\/losangelespress.org\/wp-content\/uploads\/archivo-reforma.png 1040w\" alt=\"Javier Lozano Alarc\u00f3n, \u00edntimo amigo Felipe Calder\u00f3n, se encargaba de hacer los negocios sucios para el C\u00e1rtel de Sinaloa. archivo reforma 960x670\" width=\"640\" height=\"446\" data-recalc-dims=\"1\" data-lazy-loaded=\"1\" \/><\/a><\/p>\n<h2>Las torturas de la Polic\u00eda Judicial Militar<\/h2>\n<p>\u201c\u00bfComo te quieres morir al estilo Z o al estilo Familia Michoacana?\u201d, pregunt\u00f3 el capit\u00e1n segundo de Infanter\u00eda\u00a0<strong>Juan S\u00e1nchez Galeana<\/strong>\u00a0al capit\u00e1n Malag\u00f3n Rend\u00f3n, el 3 de junio de 2010, mientras lo ten\u00eda retenido junto con otros tenientes de la Polic\u00eda Judicial Militar. Galeana hab\u00eda mandado traer un bat.<\/p>\n<p>Uno de los judiciales, jugando con el bat, le dijo que el prestigio de un secretario de Estado (en referencia a<strong>\u00a0Javier Lozano Alarc\u00f3n<\/strong>) y el de\u00a0<strong>SEDENA<\/strong>\u00a0estaban en riesgo, que si estaba dispuesto a cooperar.<\/p>\n<p><a href=\"https:\/\/i2.wp.com\/losangelespress.org\/wp-content\/uploads\/torturadores.jpeg?ssl=1\"><img loading=\"lazy\" decoding=\"async\" class=\"aligncenter size-large wp-image-24453 jetpack-lazy-image td-animation-stack-type0-1 jetpack-lazy-image--handled\" title=\"torturadores-960x387 torturadores-960x387\" src=\"https:\/\/i1.wp.com\/losangelespress.org\/wp-content\/uploads\/torturadores-960x387.jpeg?resize=640%2C258&amp;ssl=1\" sizes=\"auto, (max-width: 747px) 100vw, 747px\" srcset=\"https:\/\/i1.wp.com\/losangelespress.org\/wp-content\/uploads\/torturadores-960x387.jpeg?resize=640%2C258&amp;ssl=1 960w, https:\/\/losangelespress.org\/wp-content\/uploads\/torturadores-450x181.jpeg 450w, https:\/\/losangelespress.org\/wp-content\/uploads\/torturadores-150x60.jpeg 150w, https:\/\/losangelespress.org\/wp-content\/uploads\/torturadores-768x310.jpeg 768w, https:\/\/losangelespress.org\/wp-content\/uploads\/torturadores.jpeg 1183w\" alt=\"Javier Lozano Alarc\u00f3n, \u00edntimo amigo Felipe Calder\u00f3n, se encargaba de hacer los negocios sucios para el C\u00e1rtel de Sinaloa. torturadores 960x387\" width=\"640\" height=\"258\" data-recalc-dims=\"1\" data-lazy-loaded=\"1\" \/><\/a><\/p>\n<p>Malag\u00f3n pregunt\u00f3 qu\u00e9 quer\u00edan que hiciera. Y el judicial le respondi\u00f3 que firmara su confesi\u00f3n de homicidio por un delito pasional. Pero el capit\u00e1n Malag\u00f3n no acept\u00f3, pese a que le dijeron una y otra vez que iba a aparecer muerto con una cartulina de la delincuencia organizada, como muchos otros.<\/p>\n<p>Galeana le dijo que lo iba a matar, pero que tambi\u00e9n matar\u00eda a su familia: \u201cPiensa como se ver\u00eda tu hijo hincado como est\u00e1s t\u00fa, y que yo le est\u00e9 reventando la cabeza. Le vamos a cortar la cabeza a tu hijo\u201d. Malag\u00f3n sigui\u00f3 neg\u00e1ndose y la tortura empez\u00f3.<\/p>\n<h3><strong>Fragmento del Protocolo de Estambul<\/strong><\/h3>\n<p>\u201cMientras me est\u00e1n interrogando en la Polic\u00eda Judicial Militar me vendan los ojos con algod\u00f3n y unas vendas, me pegan en las siguientes partes de mi cuerpo: con los pu\u00f1os cerrados en la cabeza, y en los o\u00eddos y el cuello con las palmas de las manos; me tiran al suelo, me pegan en el abdomen, en las costillas con los pu\u00f1os cerrados, y me patean en repetidas ocasiones en mis piernas; me acuestan boca abajo con las manos hacia atr\u00e1s y me hacen el nudo del ahorcado, me orino en los pantalones del dolor; posterior, me vendan en el cuello, me colocan una playera verde en mi cara e inclinan la silla donde estaba sentado y me arrojan cubetadas de agua hasta que pierdo el conocimiento. Me colocan sobre una mesa con la cabeza colgando y me vuelven arrojar cubetadas de agua y comienzan a golpearme con los pu\u00f1os en el pecho y en el est\u00f3mago por lo que vomito el agua que tragu\u00e9, y con un cincho de color amarillo me amarran y me ponen una bolsa de pl\u00e1stico color gris que huele a pan, y me empiezan a asfixiar en repetidas ocasiones por lo que pierdo el conocimiento sin poder precisar cu\u00e1ntas veces, contin\u00faan poni\u00e9ndome la bolsa de pl\u00e1stico ahora en el cuello, y con una mano me tapan la nariz para volverme a asfixiar por lo que vuelvo a perder el conocimiento, cuando despierto veo que me est\u00e1n dando ox\u00edgeno con una mascarilla para dar RCP, no recuerdo cu\u00e1nto tiempo pas\u00f3 solo s\u00e9 que apagaron las luces y despu\u00e9s de un tiempo regresaron encapuchados con pasamonta\u00f1as y otros descubiertos de la cara. Me vuelven a acostar sobre la mesa, me estiran con la eslinga colocadas en cada una de mis mu\u00f1ecas, una a cada lado hasta sentir como se zafa algo, me esposan de un lado y me colocan unas almohadillas por debajo de mis dedos para no encogerlos y con algo me comienzan a golpear los dedos, es el dolor m\u00e1s incapacitante que pude sentir por lo que comienzo a llorar de dolor; me inyectan en el gl\u00fateo una sustancia blanca que pareciera que me activaban m\u00e1s el dolor, no puedo decir que fue porque no lo vi, me golpean nuevamente en la cara para que volteara a verlos, me amenazan con matar a mi familia si no les digo qui\u00e9n m\u00e1s sabe de la infiltraci\u00f3n, llega alguien cargando un costal asemejando con movimientos que dentro de \u00e9l estaba mi hijo y otro lo golpeaba con un bat hasta que se escucha c\u00f3mo se quiebra, se escuchan gritos de un ni\u00f1o que podr\u00eda jurar que era mi hijo, a lo lejos veo a una mujer que podr\u00eda decir que era de la complexi\u00f3n de mi esposa, el color de su piel, la forma de vestirse, s\u00ed era ella, le dan el tiro de gracia, porque escucho una detonaci\u00f3n, cae al suelo, y entra un capit\u00e1n y me pone sus dedos en mi nariz, y me dice \u201ca que te huelen \u00bfA gloria, verdad? A eso me supo tu hija\u201d, y puedo jurar que lo que ol\u00ed era secreci\u00f3n vaginal\u2026 ya no s\u00e9 si porque yo alucinaba, porque no puedo decir que lo que estaba pasando era una realidad, llevaban aproximadamente m\u00e1s de tres d\u00edas tortur\u00e1ndome, casi desplomado hasta el suelo, y les dije m\u00e1tenme, no me dejen vivir\u2026\u201d<\/p>\n<p>Actualmente, el capit\u00e1n\u00a0<strong>Vladimir Ilich Malag\u00f3n Rend\u00f3n<\/strong>\u00a0se encuentra preso en el Reclusorio Preventivo Varonil Oriente, de la Ciudad de M\u00e9xico, pagando una condena de 27 a\u00f1os.<\/p>\n<p><a href=\"https:\/\/i0.wp.com\/losangelespress.org\/wp-content\/uploads\/vladimir-2.jpg?ssl=1\"><img loading=\"lazy\" decoding=\"async\" class=\"aligncenter size-large wp-image-24460 jetpack-lazy-image td-animation-stack-type0-1 jetpack-lazy-image--handled\" title=\"vladimir-2-960x655 vladimir-2-960x655\" src=\"https:\/\/i2.wp.com\/losangelespress.org\/wp-content\/uploads\/vladimir-2-960x655.jpg?resize=640%2C437&amp;ssl=1\" sizes=\"auto, (max-width: 747px) 100vw, 747px\" srcset=\"https:\/\/i2.wp.com\/losangelespress.org\/wp-content\/uploads\/vladimir-2-960x655.jpg?resize=640%2C437&amp;ssl=1 960w, https:\/\/losangelespress.org\/wp-content\/uploads\/vladimir-2-450x307.jpg 450w, https:\/\/losangelespress.org\/wp-content\/uploads\/vladimir-2-150x102.jpg 150w, https:\/\/losangelespress.org\/wp-content\/uploads\/vladimir-2-768x524.jpg 768w, https:\/\/losangelespress.org\/wp-content\/uploads\/vladimir-2.jpg 1045w\" alt=\"Javier Lozano Alarc\u00f3n, \u00edntimo amigo Felipe Calder\u00f3n, se encargaba de hacer los negocios sucios para el C\u00e1rtel de Sinaloa. vladimir 2 960x655\" width=\"640\" height=\"437\" data-recalc-dims=\"1\" data-lazy-loaded=\"1\" \/><\/a><\/p>\n<h3>Dos p\u00e1ginas del Protocolo de Estambul (Versi\u00f3n completa en posesi\u00f3n de\u00a0<em>Los \u00c1ngeles Press<\/em>)<\/h3>\n<div id=\"gallery-3\" class=\"gallery galleryid-24432 gallery-columns-2 gallery-size-medium\">\n<figure class=\"gallery-item\">\n<div class=\"gallery-icon portrait\"><a href=\"https:\/\/i1.wp.com\/losangelespress.org\/wp-content\/uploads\/protocolo-1.jpg?ssl=1\"><img loading=\"lazy\" decoding=\"async\" class=\"attachment-medium size-medium jetpack-lazy-image td-animation-stack-type0-1 jetpack-lazy-image--handled\" title=\"protocolo-1-317x450 protocolo-1-317x450\" src=\"https:\/\/i2.wp.com\/losangelespress.org\/wp-content\/uploads\/protocolo-1-317x450.jpg?resize=317%2C450&amp;ssl=1\" sizes=\"auto, (max-width: 317px) 100vw, 317px\" srcset=\"https:\/\/i2.wp.com\/losangelespress.org\/wp-content\/uploads\/protocolo-1-317x450.jpg?resize=317%2C450&amp;ssl=1 317w, https:\/\/losangelespress.org\/wp-content\/uploads\/protocolo-1-507x720.jpg 507w, https:\/\/losangelespress.org\/wp-content\/uploads\/protocolo-1-106x150.jpg 106w, https:\/\/losangelespress.org\/wp-content\/uploads\/protocolo-1.jpg 611w\" alt=\"Javier Lozano Alarc\u00f3n, \u00edntimo amigo Felipe Calder\u00f3n, se encargaba de hacer los negocios sucios para el C\u00e1rtel de Sinaloa. protocolo 1 317x450\" width=\"317\" height=\"450\" data-recalc-dims=\"1\" data-lazy-loaded=\"1\" \/><\/a><\/div>\n<\/figure>\n<figure class=\"gallery-item\">\n<div class=\"gallery-icon portrait\"><a href=\"https:\/\/i0.wp.com\/losangelespress.org\/wp-content\/uploads\/protocolo-2.jpg?ssl=1\"><img loading=\"lazy\" decoding=\"async\" class=\"attachment-medium size-medium jetpack-lazy-image td-animation-stack-type0-1 jetpack-lazy-image--handled shareaholic-media-target-hover-state\" title=\"protocolo-2-349x450 protocolo-2-349x450\" src=\"https:\/\/i0.wp.com\/losangelespress.org\/wp-content\/uploads\/protocolo-2-349x450.jpg?resize=349%2C450&amp;ssl=1\" sizes=\"auto, (max-width: 349px) 100vw, 349px\" srcset=\"https:\/\/i0.wp.com\/losangelespress.org\/wp-content\/uploads\/protocolo-2-349x450.jpg?resize=349%2C450&amp;ssl=1 349w, https:\/\/losangelespress.org\/wp-content\/uploads\/protocolo-2-559x720.jpg 559w, https:\/\/losangelespress.org\/wp-content\/uploads\/protocolo-2-116x150.jpg 116w, https:\/\/losangelespress.org\/wp-content\/uploads\/protocolo-2.jpg 695w\" alt=\"Javier Lozano Alarc\u00f3n, \u00edntimo amigo Felipe Calder\u00f3n, se encargaba de hacer los negocios sucios para el C\u00e1rtel de Sinaloa. protocolo 2 349x450\" width=\"349\" height=\"450\" data-recalc-dims=\"1\" data-lazy-loaded=\"1\" \/><\/a><\/div>\n<\/figure>\n<\/div>\n","protected":false},"excerpt":{"rendered":"<p>Por Guadalupe Liz\u00e1rraga Javier Lozano Alarc\u00f3n,\u00a0\u00edntimo amigo del expresidente\u00a0Felipe Calder\u00f3n, y secretario de Trabajo durante&#8230;<\/p>\n","protected":false},"author":2,"featured_media":843,"comment_status":"open","ping_status":"closed","sticky":false,"template":"","format":"standard","meta":{"footnotes":""},"categories":[5],"tags":[],"class_list":["post-841","post","type-post","status-publish","format-standard","has-post-thumbnail","hentry","category-politica"],"yoast_head":"<!-- This site is optimized with the Yoast SEO plugin v27.5 - https:\/\/yoast.com\/product\/yoast-seo-wordpress\/ -->\n<title>Secretario del Trabajo del expresidente Felipe Calder\u00f3n y parte de SEDENA en la red del C\u00e1rtel de Sinaloa - NOTICIAS DE LA 4T<\/title>\n<meta name=\"robots\" content=\"noindex, follow, max-snippet:-1, max-image-preview:large, max-video-preview:-1\" \/>\n<meta property=\"og:locale\" content=\"es_MX\" \/>\n<meta property=\"og:type\" content=\"article\" \/>\n<meta property=\"og:title\" content=\"Secretario del Trabajo del expresidente Felipe Calder\u00f3n y parte de SEDENA en la red del C\u00e1rtel de Sinaloa - NOTICIAS DE LA 4T\" \/>\n<meta property=\"og:description\" content=\"Por Guadalupe Liz\u00e1rraga Javier Lozano Alarc\u00f3n,\u00a0\u00edntimo amigo del expresidente\u00a0Felipe Calder\u00f3n, y secretario de Trabajo durante...\" \/>\n<meta property=\"og:url\" content=\"https:\/\/redamlo.com\/index.php\/2020\/06\/25\/secretario-del-trabajo-del-expresidente-felipe-calderon-y-parte-de-sedena-en-la-red-del-cartel-de-sinaloa\/\" \/>\n<meta property=\"og:site_name\" content=\"NOTICIAS DE LA 4T\" \/>\n<meta property=\"article:published_time\" content=\"2020-06-25T23:26:29+00:00\" \/>\n<meta property=\"og:image\" content=\"https:\/\/redamlo.com\/wp-content\/uploads\/2020\/06\/los-angeles-press.jpg\" \/>\n\t<meta property=\"og:image:width\" content=\"752\" \/>\n\t<meta property=\"og:image:height\" content=\"440\" \/>\n\t<meta property=\"og:image:type\" content=\"image\/jpeg\" \/>\n<meta name=\"author\" content=\"Blanca\" \/>\n<meta name=\"twitter:card\" content=\"summary_large_image\" \/>\n<meta name=\"twitter:label1\" content=\"Escrito por\" \/>\n\t<meta name=\"twitter:data1\" content=\"Blanca\" \/>\n\t<meta name=\"twitter:label2\" content=\"Tiempo de lectura\" \/>\n\t<meta name=\"twitter:data2\" content=\"14 minutos\" \/>\n<script type=\"application\/ld+json\" class=\"yoast-schema-graph\">{\"@context\":\"https:\\\/\\\/schema.org\",\"@graph\":[{\"@type\":\"Article\",\"@id\":\"https:\\\/\\\/redamlo.com\\\/index.php\\\/2020\\\/06\\\/25\\\/secretario-del-trabajo-del-expresidente-felipe-calderon-y-parte-de-sedena-en-la-red-del-cartel-de-sinaloa\\\/#article\",\"isPartOf\":{\"@id\":\"https:\\\/\\\/redamlo.com\\\/index.php\\\/2020\\\/06\\\/25\\\/secretario-del-trabajo-del-expresidente-felipe-calderon-y-parte-de-sedena-en-la-red-del-cartel-de-sinaloa\\\/\"},\"author\":{\"name\":\"Blanca\",\"@id\":\"https:\\\/\\\/redamlo.com\\\/#\\\/schema\\\/person\\\/7223a4375eb8f1a782fcae010a7115cf\"},\"headline\":\"Secretario del Trabajo del expresidente Felipe Calder\u00f3n y parte de SEDENA en la red del C\u00e1rtel de Sinaloa\",\"datePublished\":\"2020-06-25T23:26:29+00:00\",\"mainEntityOfPage\":{\"@id\":\"https:\\\/\\\/redamlo.com\\\/index.php\\\/2020\\\/06\\\/25\\\/secretario-del-trabajo-del-expresidente-felipe-calderon-y-parte-de-sedena-en-la-red-del-cartel-de-sinaloa\\\/\"},\"wordCount\":2771,\"commentCount\":0,\"publisher\":{\"@id\":\"https:\\\/\\\/redamlo.com\\\/#organization\"},\"image\":{\"@id\":\"https:\\\/\\\/redamlo.com\\\/index.php\\\/2020\\\/06\\\/25\\\/secretario-del-trabajo-del-expresidente-felipe-calderon-y-parte-de-sedena-en-la-red-del-cartel-de-sinaloa\\\/#primaryimage\"},\"thumbnailUrl\":\"https:\\\/\\\/redamlo.com\\\/wp-content\\\/uploads\\\/2020\\\/06\\\/los-angeles-press.jpg\",\"articleSection\":[\"Pol\u00edtica\"],\"inLanguage\":\"es\",\"potentialAction\":[{\"@type\":\"CommentAction\",\"name\":\"Comment\",\"target\":[\"https:\\\/\\\/redamlo.com\\\/index.php\\\/2020\\\/06\\\/25\\\/secretario-del-trabajo-del-expresidente-felipe-calderon-y-parte-de-sedena-en-la-red-del-cartel-de-sinaloa\\\/#respond\"]}]},{\"@type\":\"WebPage\",\"@id\":\"https:\\\/\\\/redamlo.com\\\/index.php\\\/2020\\\/06\\\/25\\\/secretario-del-trabajo-del-expresidente-felipe-calderon-y-parte-de-sedena-en-la-red-del-cartel-de-sinaloa\\\/\",\"url\":\"https:\\\/\\\/redamlo.com\\\/index.php\\\/2020\\\/06\\\/25\\\/secretario-del-trabajo-del-expresidente-felipe-calderon-y-parte-de-sedena-en-la-red-del-cartel-de-sinaloa\\\/\",\"name\":\"Secretario del Trabajo del expresidente Felipe Calder\u00f3n y parte de SEDENA en la red del C\u00e1rtel de Sinaloa - NOTICIAS DE LA 4T\",\"isPartOf\":{\"@id\":\"https:\\\/\\\/redamlo.com\\\/#website\"},\"primaryImageOfPage\":{\"@id\":\"https:\\\/\\\/redamlo.com\\\/index.php\\\/2020\\\/06\\\/25\\\/secretario-del-trabajo-del-expresidente-felipe-calderon-y-parte-de-sedena-en-la-red-del-cartel-de-sinaloa\\\/#primaryimage\"},\"image\":{\"@id\":\"https:\\\/\\\/redamlo.com\\\/index.php\\\/2020\\\/06\\\/25\\\/secretario-del-trabajo-del-expresidente-felipe-calderon-y-parte-de-sedena-en-la-red-del-cartel-de-sinaloa\\\/#primaryimage\"},\"thumbnailUrl\":\"https:\\\/\\\/redamlo.com\\\/wp-content\\\/uploads\\\/2020\\\/06\\\/los-angeles-press.jpg\",\"datePublished\":\"2020-06-25T23:26:29+00:00\",\"breadcrumb\":{\"@id\":\"https:\\\/\\\/redamlo.com\\\/index.php\\\/2020\\\/06\\\/25\\\/secretario-del-trabajo-del-expresidente-felipe-calderon-y-parte-de-sedena-en-la-red-del-cartel-de-sinaloa\\\/#breadcrumb\"},\"inLanguage\":\"es\",\"potentialAction\":[{\"@type\":\"ReadAction\",\"target\":[\"https:\\\/\\\/redamlo.com\\\/index.php\\\/2020\\\/06\\\/25\\\/secretario-del-trabajo-del-expresidente-felipe-calderon-y-parte-de-sedena-en-la-red-del-cartel-de-sinaloa\\\/\"]}]},{\"@type\":\"ImageObject\",\"inLanguage\":\"es\",\"@id\":\"https:\\\/\\\/redamlo.com\\\/index.php\\\/2020\\\/06\\\/25\\\/secretario-del-trabajo-del-expresidente-felipe-calderon-y-parte-de-sedena-en-la-red-del-cartel-de-sinaloa\\\/#primaryimage\",\"url\":\"https:\\\/\\\/redamlo.com\\\/wp-content\\\/uploads\\\/2020\\\/06\\\/los-angeles-press.jpg\",\"contentUrl\":\"https:\\\/\\\/redamlo.com\\\/wp-content\\\/uploads\\\/2020\\\/06\\\/los-angeles-press.jpg\",\"width\":752,\"height\":440},{\"@type\":\"BreadcrumbList\",\"@id\":\"https:\\\/\\\/redamlo.com\\\/index.php\\\/2020\\\/06\\\/25\\\/secretario-del-trabajo-del-expresidente-felipe-calderon-y-parte-de-sedena-en-la-red-del-cartel-de-sinaloa\\\/#breadcrumb\",\"itemListElement\":[{\"@type\":\"ListItem\",\"position\":1,\"name\":\"Inicio\",\"item\":\"https:\\\/\\\/redamlo.com\\\/\"},{\"@type\":\"ListItem\",\"position\":2,\"name\":\"Secretario del Trabajo del expresidente Felipe Calder\u00f3n y parte de SEDENA en la red del C\u00e1rtel de Sinaloa\"}]},{\"@type\":\"WebSite\",\"@id\":\"https:\\\/\\\/redamlo.com\\\/#website\",\"url\":\"https:\\\/\\\/redamlo.com\\\/\",\"name\":\"NOTICIAS DE LA 4T\",\"description\":\"\",\"publisher\":{\"@id\":\"https:\\\/\\\/redamlo.com\\\/#organization\"},\"potentialAction\":[{\"@type\":\"SearchAction\",\"target\":{\"@type\":\"EntryPoint\",\"urlTemplate\":\"https:\\\/\\\/redamlo.com\\\/?s={search_term_string}\"},\"query-input\":{\"@type\":\"PropertyValueSpecification\",\"valueRequired\":true,\"valueName\":\"search_term_string\"}}],\"inLanguage\":\"es\"},{\"@type\":\"Organization\",\"@id\":\"https:\\\/\\\/redamlo.com\\\/#organization\",\"name\":\"NOTICIAS DE LA 4T\",\"url\":\"https:\\\/\\\/redamlo.com\\\/\",\"logo\":{\"@type\":\"ImageObject\",\"inLanguage\":\"es\",\"@id\":\"https:\\\/\\\/redamlo.com\\\/#\\\/schema\\\/logo\\\/image\\\/\",\"url\":\"https:\\\/\\\/redamlo.com\\\/wp-content\\\/uploads\\\/2024\\\/08\\\/cropped-RED-AMLO-logo-50.png\",\"contentUrl\":\"https:\\\/\\\/redamlo.com\\\/wp-content\\\/uploads\\\/2024\\\/08\\\/cropped-RED-AMLO-logo-50.png\",\"width\":256,\"height\":256,\"caption\":\"NOTICIAS DE LA 4T\"},\"image\":{\"@id\":\"https:\\\/\\\/redamlo.com\\\/#\\\/schema\\\/logo\\\/image\\\/\"}},{\"@type\":\"Person\",\"@id\":\"https:\\\/\\\/redamlo.com\\\/#\\\/schema\\\/person\\\/7223a4375eb8f1a782fcae010a7115cf\",\"name\":\"Blanca\",\"image\":{\"@type\":\"ImageObject\",\"inLanguage\":\"es\",\"@id\":\"https:\\\/\\\/secure.gravatar.com\\\/avatar\\\/3f79bc8336367a4e6093eae8757acaaf61d1124834b905616de7829b0273426d?s=96&d=mm&r=g\",\"url\":\"https:\\\/\\\/secure.gravatar.com\\\/avatar\\\/3f79bc8336367a4e6093eae8757acaaf61d1124834b905616de7829b0273426d?s=96&d=mm&r=g\",\"contentUrl\":\"https:\\\/\\\/secure.gravatar.com\\\/avatar\\\/3f79bc8336367a4e6093eae8757acaaf61d1124834b905616de7829b0273426d?s=96&d=mm&r=g\",\"caption\":\"Blanca\"},\"url\":\"https:\\\/\\\/redamlo.com\\\/index.php\\\/author\\\/blanca\\\/\"}]}<\/script>\n<!-- \/ Yoast SEO plugin. -->","yoast_head_json":{"title":"Secretario del Trabajo del expresidente Felipe Calder\u00f3n y parte de SEDENA en la red del C\u00e1rtel de Sinaloa - NOTICIAS DE LA 4T","robots":{"index":"noindex","follow":"follow","max-snippet":"max-snippet:-1","max-image-preview":"max-image-preview:large","max-video-preview":"max-video-preview:-1"},"og_locale":"es_MX","og_type":"article","og_title":"Secretario del Trabajo del expresidente Felipe Calder\u00f3n y parte de SEDENA en la red del C\u00e1rtel de Sinaloa - NOTICIAS DE LA 4T","og_description":"Por Guadalupe Liz\u00e1rraga Javier Lozano Alarc\u00f3n,\u00a0\u00edntimo amigo del expresidente\u00a0Felipe Calder\u00f3n, y secretario de Trabajo durante...","og_url":"https:\/\/redamlo.com\/index.php\/2020\/06\/25\/secretario-del-trabajo-del-expresidente-felipe-calderon-y-parte-de-sedena-en-la-red-del-cartel-de-sinaloa\/","og_site_name":"NOTICIAS DE LA 4T","article_published_time":"2020-06-25T23:26:29+00:00","og_image":[{"width":752,"height":440,"url":"https:\/\/redamlo.com\/wp-content\/uploads\/2020\/06\/los-angeles-press.jpg","type":"image\/jpeg"}],"author":"Blanca","twitter_card":"summary_large_image","twitter_misc":{"Escrito por":"Blanca","Tiempo de lectura":"14 minutos"},"schema":{"@context":"https:\/\/schema.org","@graph":[{"@type":"Article","@id":"https:\/\/redamlo.com\/index.php\/2020\/06\/25\/secretario-del-trabajo-del-expresidente-felipe-calderon-y-parte-de-sedena-en-la-red-del-cartel-de-sinaloa\/#article","isPartOf":{"@id":"https:\/\/redamlo.com\/index.php\/2020\/06\/25\/secretario-del-trabajo-del-expresidente-felipe-calderon-y-parte-de-sedena-en-la-red-del-cartel-de-sinaloa\/"},"author":{"name":"Blanca","@id":"https:\/\/redamlo.com\/#\/schema\/person\/7223a4375eb8f1a782fcae010a7115cf"},"headline":"Secretario del Trabajo del expresidente Felipe Calder\u00f3n y parte de SEDENA en la red del C\u00e1rtel de Sinaloa","datePublished":"2020-06-25T23:26:29+00:00","mainEntityOfPage":{"@id":"https:\/\/redamlo.com\/index.php\/2020\/06\/25\/secretario-del-trabajo-del-expresidente-felipe-calderon-y-parte-de-sedena-en-la-red-del-cartel-de-sinaloa\/"},"wordCount":2771,"commentCount":0,"publisher":{"@id":"https:\/\/redamlo.com\/#organization"},"image":{"@id":"https:\/\/redamlo.com\/index.php\/2020\/06\/25\/secretario-del-trabajo-del-expresidente-felipe-calderon-y-parte-de-sedena-en-la-red-del-cartel-de-sinaloa\/#primaryimage"},"thumbnailUrl":"https:\/\/redamlo.com\/wp-content\/uploads\/2020\/06\/los-angeles-press.jpg","articleSection":["Pol\u00edtica"],"inLanguage":"es","potentialAction":[{"@type":"CommentAction","name":"Comment","target":["https:\/\/redamlo.com\/index.php\/2020\/06\/25\/secretario-del-trabajo-del-expresidente-felipe-calderon-y-parte-de-sedena-en-la-red-del-cartel-de-sinaloa\/#respond"]}]},{"@type":"WebPage","@id":"https:\/\/redamlo.com\/index.php\/2020\/06\/25\/secretario-del-trabajo-del-expresidente-felipe-calderon-y-parte-de-sedena-en-la-red-del-cartel-de-sinaloa\/","url":"https:\/\/redamlo.com\/index.php\/2020\/06\/25\/secretario-del-trabajo-del-expresidente-felipe-calderon-y-parte-de-sedena-en-la-red-del-cartel-de-sinaloa\/","name":"Secretario del Trabajo del expresidente Felipe Calder\u00f3n y parte de SEDENA en la red del C\u00e1rtel de Sinaloa - NOTICIAS DE LA 4T","isPartOf":{"@id":"https:\/\/redamlo.com\/#website"},"primaryImageOfPage":{"@id":"https:\/\/redamlo.com\/index.php\/2020\/06\/25\/secretario-del-trabajo-del-expresidente-felipe-calderon-y-parte-de-sedena-en-la-red-del-cartel-de-sinaloa\/#primaryimage"},"image":{"@id":"https:\/\/redamlo.com\/index.php\/2020\/06\/25\/secretario-del-trabajo-del-expresidente-felipe-calderon-y-parte-de-sedena-en-la-red-del-cartel-de-sinaloa\/#primaryimage"},"thumbnailUrl":"https:\/\/redamlo.com\/wp-content\/uploads\/2020\/06\/los-angeles-press.jpg","datePublished":"2020-06-25T23:26:29+00:00","breadcrumb":{"@id":"https:\/\/redamlo.com\/index.php\/2020\/06\/25\/secretario-del-trabajo-del-expresidente-felipe-calderon-y-parte-de-sedena-en-la-red-del-cartel-de-sinaloa\/#breadcrumb"},"inLanguage":"es","potentialAction":[{"@type":"ReadAction","target":["https:\/\/redamlo.com\/index.php\/2020\/06\/25\/secretario-del-trabajo-del-expresidente-felipe-calderon-y-parte-de-sedena-en-la-red-del-cartel-de-sinaloa\/"]}]},{"@type":"ImageObject","inLanguage":"es","@id":"https:\/\/redamlo.com\/index.php\/2020\/06\/25\/secretario-del-trabajo-del-expresidente-felipe-calderon-y-parte-de-sedena-en-la-red-del-cartel-de-sinaloa\/#primaryimage","url":"https:\/\/redamlo.com\/wp-content\/uploads\/2020\/06\/los-angeles-press.jpg","contentUrl":"https:\/\/redamlo.com\/wp-content\/uploads\/2020\/06\/los-angeles-press.jpg","width":752,"height":440},{"@type":"BreadcrumbList","@id":"https:\/\/redamlo.com\/index.php\/2020\/06\/25\/secretario-del-trabajo-del-expresidente-felipe-calderon-y-parte-de-sedena-en-la-red-del-cartel-de-sinaloa\/#breadcrumb","itemListElement":[{"@type":"ListItem","position":1,"name":"Inicio","item":"https:\/\/redamlo.com\/"},{"@type":"ListItem","position":2,"name":"Secretario del Trabajo del expresidente Felipe Calder\u00f3n y parte de SEDENA en la red del C\u00e1rtel de Sinaloa"}]},{"@type":"WebSite","@id":"https:\/\/redamlo.com\/#website","url":"https:\/\/redamlo.com\/","name":"NOTICIAS DE LA 4T","description":"","publisher":{"@id":"https:\/\/redamlo.com\/#organization"},"potentialAction":[{"@type":"SearchAction","target":{"@type":"EntryPoint","urlTemplate":"https:\/\/redamlo.com\/?s={search_term_string}"},"query-input":{"@type":"PropertyValueSpecification","valueRequired":true,"valueName":"search_term_string"}}],"inLanguage":"es"},{"@type":"Organization","@id":"https:\/\/redamlo.com\/#organization","name":"NOTICIAS DE LA 4T","url":"https:\/\/redamlo.com\/","logo":{"@type":"ImageObject","inLanguage":"es","@id":"https:\/\/redamlo.com\/#\/schema\/logo\/image\/","url":"https:\/\/redamlo.com\/wp-content\/uploads\/2024\/08\/cropped-RED-AMLO-logo-50.png","contentUrl":"https:\/\/redamlo.com\/wp-content\/uploads\/2024\/08\/cropped-RED-AMLO-logo-50.png","width":256,"height":256,"caption":"NOTICIAS DE LA 4T"},"image":{"@id":"https:\/\/redamlo.com\/#\/schema\/logo\/image\/"}},{"@type":"Person","@id":"https:\/\/redamlo.com\/#\/schema\/person\/7223a4375eb8f1a782fcae010a7115cf","name":"Blanca","image":{"@type":"ImageObject","inLanguage":"es","@id":"https:\/\/secure.gravatar.com\/avatar\/3f79bc8336367a4e6093eae8757acaaf61d1124834b905616de7829b0273426d?s=96&d=mm&r=g","url":"https:\/\/secure.gravatar.com\/avatar\/3f79bc8336367a4e6093eae8757acaaf61d1124834b905616de7829b0273426d?s=96&d=mm&r=g","contentUrl":"https:\/\/secure.gravatar.com\/avatar\/3f79bc8336367a4e6093eae8757acaaf61d1124834b905616de7829b0273426d?s=96&d=mm&r=g","caption":"Blanca"},"url":"https:\/\/redamlo.com\/index.php\/author\/blanca\/"}]}},"_links":{"self":[{"href":"https:\/\/redamlo.com\/index.php\/wp-json\/wp\/v2\/posts\/841","targetHints":{"allow":["GET"]}}],"collection":[{"href":"https:\/\/redamlo.com\/index.php\/wp-json\/wp\/v2\/posts"}],"about":[{"href":"https:\/\/redamlo.com\/index.php\/wp-json\/wp\/v2\/types\/post"}],"author":[{"embeddable":true,"href":"https:\/\/redamlo.com\/index.php\/wp-json\/wp\/v2\/users\/2"}],"replies":[{"embeddable":true,"href":"https:\/\/redamlo.com\/index.php\/wp-json\/wp\/v2\/comments?post=841"}],"version-history":[{"count":0,"href":"https:\/\/redamlo.com\/index.php\/wp-json\/wp\/v2\/posts\/841\/revisions"}],"wp:featuredmedia":[{"embeddable":true,"href":"https:\/\/redamlo.com\/index.php\/wp-json\/wp\/v2\/media\/843"}],"wp:attachment":[{"href":"https:\/\/redamlo.com\/index.php\/wp-json\/wp\/v2\/media?parent=841"}],"wp:term":[{"taxonomy":"category","embeddable":true,"href":"https:\/\/redamlo.com\/index.php\/wp-json\/wp\/v2\/categories?post=841"},{"taxonomy":"post_tag","embeddable":true,"href":"https:\/\/redamlo.com\/index.php\/wp-json\/wp\/v2\/tags?post=841"}],"curies":[{"name":"wp","href":"https:\/\/api.w.org\/{rel}","templated":true}]}}