{"id":8399,"date":"2025-01-25T20:32:28","date_gmt":"2025-01-26T02:32:28","guid":{"rendered":"https:\/\/redamlo.com\/?p=8399"},"modified":"2025-01-25T20:32:28","modified_gmt":"2025-01-26T02:32:28","slug":"57-aniversario-de-telesecundaria-en-mexico-una-historia-de-compromiso-educativo-y-generosidad","status":"publish","type":"post","link":"https:\/\/redamlo.com\/index.php\/2025\/01\/25\/57-aniversario-de-telesecundaria-en-mexico-una-historia-de-compromiso-educativo-y-generosidad\/","title":{"rendered":"57 aniversario de Telesecundaria en M\u00e9xico; una historia de compromiso educativo y generosidad"},"content":{"rendered":"<p style=\"text-align: justify;\"><strong><span style=\"font-size: 14.0pt; font-family: 'Arial','sans-serif';\">Un compromiso inacabado del actual gobierno de Delfina G\u00f3mez.<\/span><\/strong><\/p>\n<p style=\"text-align: justify;\"><strong><span style=\"font-size: 14.0pt; font-family: 'Arial','sans-serif';\">Por: Zavianny Torres Baltazar.<\/span><\/strong><\/p>\n<p style=\"text-align: justify;\"><span style=\"font-size: 14.0pt; font-family: 'Arial','sans-serif';\">Con motivo del 57 aniversario del sistema de telesecundarias en M\u00e9xico, maestros y maestras jubilados del sector 2 del Valle de M\u00e9xico se reunieron en un encuentro convocado por el profesor Felipe Vidal Olgu\u00edn, destacado fundador de telesecundarias y antiguo jefe de dicho sector. La reuni\u00f3n tuvo lugar en el restaurante Pedro y Sara, en el coraz\u00f3n de Ecatepec de Morelos, donde aproximadamente 30 educadores compartieron un desayuno en un ambiente de camarader\u00eda y gratitud.<\/span><\/p>\n<p style=\"text-align: justify;\"><span style=\"font-size: 14.0pt; font-family: 'Arial','sans-serif';\">Durante el evento, el profesor Vidal Olgu\u00edn expres\u00f3 su agradecimiento a los asistentes y record\u00f3 los inicios de la telesecundaria en 1968, un proyecto que naci\u00f3 con la misi\u00f3n de llevar la educaci\u00f3n secundaria a comunidades marginadas de M\u00e9xico, brindando acceso educativo a ni\u00f1os y adultos en regiones aisladas. En el marco del encuentro, tambi\u00e9n se destac\u00f3 la importancia de la unidad entre los jubilados para continuar promoviendo mejoras en el sistema educativo y en las condiciones de vida de los maestros retirados.<\/span><\/p>\n<p style=\"text-align: justify;\"><span style=\"font-size: 14.0pt; font-family: 'Arial','sans-serif';\">Entre los asistentes destacaron figuras como Humberto Barajas, Edith Castillo, Isabel Capistr\u00e1n, Lilia Silva Trejo, Isabel Comino, Gabriel Mar\u00edn y Luis Emilio Garc\u00eda. Menci\u00f3n especial se hizo al profesor V\u00edctor Robledo Andrade, quien fuera secretario de Trabajo y Conflictos de Telesecundarias en la Secci\u00f3n 36 del Valle de M\u00e9xico durante 2004-2008. En su intervenci\u00f3n, Robledo Andrade agradeci\u00f3 la invitaci\u00f3n y reafirm\u00f3 su compromiso de continuar luchando por el reconocimiento de los derechos de los maestros jubilados.<\/span><\/p>\n<p><img loading=\"lazy\" decoding=\"async\" class=\"aligncenter wp-image-8401 size-large\" src=\"https:\/\/redamlo.com\/wp-content\/uploads\/2025\/01\/telesecundaria-5-1024x415.jpg\" alt=\"\" width=\"640\" height=\"259\" srcset=\"https:\/\/redamlo.com\/wp-content\/uploads\/2025\/01\/telesecundaria-5-1024x415.jpg 1024w, https:\/\/redamlo.com\/wp-content\/uploads\/2025\/01\/telesecundaria-5-300x122.jpg 300w, https:\/\/redamlo.com\/wp-content\/uploads\/2025\/01\/telesecundaria-5-768x312.jpg 768w, https:\/\/redamlo.com\/wp-content\/uploads\/2025\/01\/telesecundaria-5-1536x623.jpg 1536w, https:\/\/redamlo.com\/wp-content\/uploads\/2025\/01\/telesecundaria-5.jpg 1600w\" sizes=\"auto, (max-width: 640px) 100vw, 640px\" \/><\/p>\n<p style=\"text-align: justify;\"><span style=\"font-size: 14.0pt; font-family: 'Arial','sans-serif';\">\u00a0<\/span><\/p>\n<p style=\"text-align: justify;\"><strong><span style=\"font-size: 14.0pt; font-family: 'Arial','sans-serif';\">Una historia de transformaci\u00f3n educativa<\/span><\/strong><\/p>\n<p style=\"text-align: justify;\"><span style=\"font-size: 14.0pt; font-family: 'Arial','sans-serif';\">La telesecundaria se estableci\u00f3 en 1968 como una soluci\u00f3n para llevar educaci\u00f3n secundaria a las zonas rurales y marginadas del pa\u00eds, inspirada en el modelo italiano de &#8220;telescola&#8221;. Liderado por el visionario Maestro \u00c1lvaro G\u00e1lvez y Fuentes, tambi\u00e9n conocido como &#8220;El Bachiller&#8221;, este proyecto revolucion\u00f3 la educaci\u00f3n en M\u00e9xico al emplear tecnolog\u00edas audiovisuales como herramienta educativa.<\/span><\/p>\n<p style=\"text-align: justify;\"><span style=\"font-size: 14.0pt; font-family: 'Arial','sans-serif';\">El proyecto inicial enfrent\u00f3 desaf\u00edos significativos, desde la falta de infraestructura hasta la necesidad de adaptarse a contextos socioecon\u00f3micos adversos. Sin embargo, con esfuerzo y dedicaci\u00f3n de sus fundadores y colaboradores, como la profesora Judith Medina Medina en el Estado de M\u00e9xico, logr\u00f3 consolidarse como una alternativa viable y efectiva.<\/span><\/p>\n<p><img loading=\"lazy\" decoding=\"async\" class=\"size-medium wp-image-8402 aligncenter\" src=\"https:\/\/redamlo.com\/wp-content\/uploads\/2025\/01\/telesecundaria-4-300x300.jpg\" alt=\"\" width=\"300\" height=\"300\" srcset=\"https:\/\/redamlo.com\/wp-content\/uploads\/2025\/01\/telesecundaria-4-300x300.jpg 300w, https:\/\/redamlo.com\/wp-content\/uploads\/2025\/01\/telesecundaria-4-150x150.jpg 150w, https:\/\/redamlo.com\/wp-content\/uploads\/2025\/01\/telesecundaria-4.jpg 500w\" sizes=\"auto, (max-width: 300px) 100vw, 300px\" \/><\/p>\n<p style=\"text-align: justify;\"><span style=\"font-size: 14.0pt; font-family: 'Arial','sans-serif';\">\u00a0<\/span><\/p>\n<p style=\"text-align: justify;\"><strong><span style=\"font-size: 14.0pt; font-family: 'Arial','sans-serif';\">Impacto y retos actuales<\/span><\/strong><\/p>\n<p style=\"text-align: justify;\"><span style=\"font-size: 14.0pt; font-family: 'Arial','sans-serif';\">Hoy en d\u00eda, el sistema de telesecundarias ha evolucionado considerablemente. Desde reformas pedag\u00f3gicas implementadas en 2004 hasta la incorporaci\u00f3n de herramientas tecnol\u00f3gicas, la telesecundaria sigue siendo un pilar fundamental para la educaci\u00f3n secundaria en comunidades marginadas. Planteles como la Telesecundaria #384, ubicada en la Sierra de Guadalupe, en Ecatepec, son testimonio de c\u00f3mo la colaboraci\u00f3n entre autoridades, maestros, alumnos y padres de familia puede transformar espacios educativos precarios en centros de aprendizaje dignos y funcionales.<\/span><\/p>\n<p style=\"text-align: justify;\"><span style=\"font-size: 14.0pt; font-family: 'Arial','sans-serif';\">A pesar de sus avances, el sistema enfrenta desaf\u00edos significativos, como la falta de actualizaci\u00f3n permanente para los docentes, carencias de materiales did\u00e1cticos y deficiencias en la infraestructura escolar. Estos problemas subrayan la necesidad de un mayor apoyo gubernamental, especialmente en estados como el Estado de M\u00e9xico, donde la telesecundaria ha sido clave para reducir las brechas educativas.<\/span><\/p>\n<p><img loading=\"lazy\" decoding=\"async\" class=\"aligncenter wp-image-8403 size-large\" src=\"https:\/\/redamlo.com\/wp-content\/uploads\/2025\/01\/telesecundaria-1-1024x786.jpg\" alt=\"\" width=\"640\" height=\"491\" srcset=\"https:\/\/redamlo.com\/wp-content\/uploads\/2025\/01\/telesecundaria-1-1024x786.jpg 1024w, https:\/\/redamlo.com\/wp-content\/uploads\/2025\/01\/telesecundaria-1-300x230.jpg 300w, https:\/\/redamlo.com\/wp-content\/uploads\/2025\/01\/telesecundaria-1-768x589.jpg 768w, https:\/\/redamlo.com\/wp-content\/uploads\/2025\/01\/telesecundaria-1-1536x1179.jpg 1536w, https:\/\/redamlo.com\/wp-content\/uploads\/2025\/01\/telesecundaria-1.jpg 1600w\" sizes=\"auto, (max-width: 640px) 100vw, 640px\" \/><\/p>\n<p style=\"text-align: justify;\"><span style=\"font-size: 14.0pt; font-family: 'Arial','sans-serif';\">\u00a0<\/span><\/p>\n<p style=\"text-align: justify;\"><strong><span style=\"font-size: 14.0pt; font-family: 'Arial','sans-serif';\">Un llamado a la acci\u00f3n<\/span><\/strong><\/p>\n<p style=\"text-align: justify;\"><span style=\"font-size: 14.0pt; font-family: 'Arial','sans-serif';\">Los asistentes al evento hicieron un llamado a las autoridades, en especial a la gobernadora Delfina G\u00f3mez \u00c1lvarez y a la presidenta de M\u00e9xico, Claudia Sheinbaum Pardo, para mejorar las condiciones de vida de los maestros jubilados y fortalecer el sistema de telesecundarias. Su legado, destacaron, no solo reside en los conocimientos impartidos, sino tambi\u00e9n en las oportunidades que brindaron a generaciones de estudiantes para transformar sus vidas a trav\u00e9s de la educaci\u00f3n.<\/span><\/p>\n<p><img loading=\"lazy\" decoding=\"async\" class=\"aligncenter wp-image-8404 size-large\" src=\"https:\/\/redamlo.com\/wp-content\/uploads\/2025\/01\/telesecundaria-2-1024x768.jpg\" alt=\"\" width=\"640\" height=\"480\" srcset=\"https:\/\/redamlo.com\/wp-content\/uploads\/2025\/01\/telesecundaria-2-1024x768.jpg 1024w, https:\/\/redamlo.com\/wp-content\/uploads\/2025\/01\/telesecundaria-2-300x225.jpg 300w, https:\/\/redamlo.com\/wp-content\/uploads\/2025\/01\/telesecundaria-2-768x576.jpg 768w, https:\/\/redamlo.com\/wp-content\/uploads\/2025\/01\/telesecundaria-2.jpg 1152w\" sizes=\"auto, (max-width: 640px) 100vw, 640px\" \/><\/p>\n<p style=\"text-align: justify;\"><span style=\"font-size: 14.0pt; font-family: 'Arial','sans-serif';\">Asimismo, los maestros y maestras participantes reafirmaron su compromiso con la educaci\u00f3n y acordaron continuar reuni\u00e9ndose en futuros eventos para mantener viva la memoria de este importante proyecto educativo. La foto del recuerdo simboliz\u00f3 la uni\u00f3n y el legado de quienes dedicaron su vida al servicio de la ni\u00f1ez y la juventud mexiquense.<\/span><\/p>\n","protected":false},"excerpt":{"rendered":"<p>Un compromiso inacabado del actual gobierno de Delfina G\u00f3mez. Por: Zavianny Torres Baltazar. Con motivo&#8230;<\/p>\n","protected":false},"author":1,"featured_media":8400,"comment_status":"open","ping_status":"closed","sticky":false,"template":"","format":"standard","meta":{"footnotes":""},"categories":[28,3],"tags":[1285,59,2829,2830],"class_list":["post-8399","post","type-post","status-publish","format-standard","has-post-thumbnail","hentry","category-educacion","category-estado-de-mexico","tag-delfina-gomez","tag-edomex","tag-felipe-vidal-olguin","tag-telesecundarias"],"yoast_head":"<!-- This site is optimized with the Yoast SEO plugin v27.5 - https:\/\/yoast.com\/product\/yoast-seo-wordpress\/ -->\n<title>57 aniversario de Telesecundaria en M\u00e9xico; una historia de compromiso educativo y generosidad - NOTICIAS DE LA 4T<\/title>\n<meta name=\"robots\" content=\"noindex, follow, max-snippet:-1, max-image-preview:large, max-video-preview:-1\" \/>\n<meta property=\"og:locale\" content=\"es_MX\" \/>\n<meta property=\"og:type\" content=\"article\" \/>\n<meta property=\"og:title\" content=\"57 aniversario de Telesecundaria en M\u00e9xico; una historia de compromiso educativo y generosidad - NOTICIAS DE LA 4T\" \/>\n<meta property=\"og:description\" content=\"Un compromiso inacabado del actual gobierno de Delfina G\u00f3mez. Por: Zavianny Torres Baltazar. Con motivo...\" \/>\n<meta property=\"og:url\" content=\"https:\/\/redamlo.com\/index.php\/2025\/01\/25\/57-aniversario-de-telesecundaria-en-mexico-una-historia-de-compromiso-educativo-y-generosidad\/\" \/>\n<meta property=\"og:site_name\" content=\"NOTICIAS DE LA 4T\" \/>\n<meta property=\"article:published_time\" content=\"2025-01-26T02:32:28+00:00\" \/>\n<meta property=\"og:image\" content=\"https:\/\/redamlo.com\/wp-content\/uploads\/2025\/01\/telesecundaria-3.jpg\" \/>\n\t<meta property=\"og:image:width\" content=\"638\" \/>\n\t<meta property=\"og:image:height\" content=\"394\" \/>\n\t<meta property=\"og:image:type\" content=\"image\/jpeg\" \/>\n<meta name=\"author\" content=\"admin\" \/>\n<meta name=\"twitter:card\" content=\"summary_large_image\" \/>\n<meta name=\"twitter:label1\" content=\"Escrito por\" \/>\n\t<meta name=\"twitter:data1\" content=\"admin\" \/>\n\t<meta name=\"twitter:label2\" content=\"Tiempo de lectura\" \/>\n\t<meta name=\"twitter:data2\" content=\"3 minutos\" \/>\n<script type=\"application\/ld+json\" class=\"yoast-schema-graph\">{\"@context\":\"https:\\\/\\\/schema.org\",\"@graph\":[{\"@type\":\"Article\",\"@id\":\"https:\\\/\\\/redamlo.com\\\/index.php\\\/2025\\\/01\\\/25\\\/57-aniversario-de-telesecundaria-en-mexico-una-historia-de-compromiso-educativo-y-generosidad\\\/#article\",\"isPartOf\":{\"@id\":\"https:\\\/\\\/redamlo.com\\\/index.php\\\/2025\\\/01\\\/25\\\/57-aniversario-de-telesecundaria-en-mexico-una-historia-de-compromiso-educativo-y-generosidad\\\/\"},\"author\":{\"name\":\"admin\",\"@id\":\"https:\\\/\\\/redamlo.com\\\/#\\\/schema\\\/person\\\/197a0a670d21b1f4f1483ddda1b64613\"},\"headline\":\"57 aniversario de Telesecundaria en M\u00e9xico; una historia de compromiso educativo y generosidad\",\"datePublished\":\"2025-01-26T02:32:28+00:00\",\"mainEntityOfPage\":{\"@id\":\"https:\\\/\\\/redamlo.com\\\/index.php\\\/2025\\\/01\\\/25\\\/57-aniversario-de-telesecundaria-en-mexico-una-historia-de-compromiso-educativo-y-generosidad\\\/\"},\"wordCount\":687,\"commentCount\":0,\"publisher\":{\"@id\":\"https:\\\/\\\/redamlo.com\\\/#organization\"},\"image\":{\"@id\":\"https:\\\/\\\/redamlo.com\\\/index.php\\\/2025\\\/01\\\/25\\\/57-aniversario-de-telesecundaria-en-mexico-una-historia-de-compromiso-educativo-y-generosidad\\\/#primaryimage\"},\"thumbnailUrl\":\"https:\\\/\\\/redamlo.com\\\/wp-content\\\/uploads\\\/2025\\\/01\\\/telesecundaria-3.jpg\",\"keywords\":[\"Delfina G\u00f3mez\",\"edomex\",\"felipe vidal olguin\",\"telesecundarias\"],\"articleSection\":[\"Educaci\u00f3n\",\"Estado de M\u00e9xico\"],\"inLanguage\":\"es\",\"potentialAction\":[{\"@type\":\"CommentAction\",\"name\":\"Comment\",\"target\":[\"https:\\\/\\\/redamlo.com\\\/index.php\\\/2025\\\/01\\\/25\\\/57-aniversario-de-telesecundaria-en-mexico-una-historia-de-compromiso-educativo-y-generosidad\\\/#respond\"]}]},{\"@type\":\"WebPage\",\"@id\":\"https:\\\/\\\/redamlo.com\\\/index.php\\\/2025\\\/01\\\/25\\\/57-aniversario-de-telesecundaria-en-mexico-una-historia-de-compromiso-educativo-y-generosidad\\\/\",\"url\":\"https:\\\/\\\/redamlo.com\\\/index.php\\\/2025\\\/01\\\/25\\\/57-aniversario-de-telesecundaria-en-mexico-una-historia-de-compromiso-educativo-y-generosidad\\\/\",\"name\":\"57 aniversario de Telesecundaria en M\u00e9xico; una historia de compromiso educativo y generosidad - NOTICIAS DE LA 4T\",\"isPartOf\":{\"@id\":\"https:\\\/\\\/redamlo.com\\\/#website\"},\"primaryImageOfPage\":{\"@id\":\"https:\\\/\\\/redamlo.com\\\/index.php\\\/2025\\\/01\\\/25\\\/57-aniversario-de-telesecundaria-en-mexico-una-historia-de-compromiso-educativo-y-generosidad\\\/#primaryimage\"},\"image\":{\"@id\":\"https:\\\/\\\/redamlo.com\\\/index.php\\\/2025\\\/01\\\/25\\\/57-aniversario-de-telesecundaria-en-mexico-una-historia-de-compromiso-educativo-y-generosidad\\\/#primaryimage\"},\"thumbnailUrl\":\"https:\\\/\\\/redamlo.com\\\/wp-content\\\/uploads\\\/2025\\\/01\\\/telesecundaria-3.jpg\",\"datePublished\":\"2025-01-26T02:32:28+00:00\",\"breadcrumb\":{\"@id\":\"https:\\\/\\\/redamlo.com\\\/index.php\\\/2025\\\/01\\\/25\\\/57-aniversario-de-telesecundaria-en-mexico-una-historia-de-compromiso-educativo-y-generosidad\\\/#breadcrumb\"},\"inLanguage\":\"es\",\"potentialAction\":[{\"@type\":\"ReadAction\",\"target\":[\"https:\\\/\\\/redamlo.com\\\/index.php\\\/2025\\\/01\\\/25\\\/57-aniversario-de-telesecundaria-en-mexico-una-historia-de-compromiso-educativo-y-generosidad\\\/\"]}]},{\"@type\":\"ImageObject\",\"inLanguage\":\"es\",\"@id\":\"https:\\\/\\\/redamlo.com\\\/index.php\\\/2025\\\/01\\\/25\\\/57-aniversario-de-telesecundaria-en-mexico-una-historia-de-compromiso-educativo-y-generosidad\\\/#primaryimage\",\"url\":\"https:\\\/\\\/redamlo.com\\\/wp-content\\\/uploads\\\/2025\\\/01\\\/telesecundaria-3.jpg\",\"contentUrl\":\"https:\\\/\\\/redamlo.com\\\/wp-content\\\/uploads\\\/2025\\\/01\\\/telesecundaria-3.jpg\",\"width\":638,\"height\":394},{\"@type\":\"BreadcrumbList\",\"@id\":\"https:\\\/\\\/redamlo.com\\\/index.php\\\/2025\\\/01\\\/25\\\/57-aniversario-de-telesecundaria-en-mexico-una-historia-de-compromiso-educativo-y-generosidad\\\/#breadcrumb\",\"itemListElement\":[{\"@type\":\"ListItem\",\"position\":1,\"name\":\"Inicio\",\"item\":\"https:\\\/\\\/redamlo.com\\\/\"},{\"@type\":\"ListItem\",\"position\":2,\"name\":\"57 aniversario de Telesecundaria en M\u00e9xico; una historia de compromiso educativo y generosidad\"}]},{\"@type\":\"WebSite\",\"@id\":\"https:\\\/\\\/redamlo.com\\\/#website\",\"url\":\"https:\\\/\\\/redamlo.com\\\/\",\"name\":\"NOTICIAS DE LA 4T\",\"description\":\"\",\"publisher\":{\"@id\":\"https:\\\/\\\/redamlo.com\\\/#organization\"},\"potentialAction\":[{\"@type\":\"SearchAction\",\"target\":{\"@type\":\"EntryPoint\",\"urlTemplate\":\"https:\\\/\\\/redamlo.com\\\/?s={search_term_string}\"},\"query-input\":{\"@type\":\"PropertyValueSpecification\",\"valueRequired\":true,\"valueName\":\"search_term_string\"}}],\"inLanguage\":\"es\"},{\"@type\":\"Organization\",\"@id\":\"https:\\\/\\\/redamlo.com\\\/#organization\",\"name\":\"NOTICIAS DE LA 4T\",\"url\":\"https:\\\/\\\/redamlo.com\\\/\",\"logo\":{\"@type\":\"ImageObject\",\"inLanguage\":\"es\",\"@id\":\"https:\\\/\\\/redamlo.com\\\/#\\\/schema\\\/logo\\\/image\\\/\",\"url\":\"https:\\\/\\\/redamlo.com\\\/wp-content\\\/uploads\\\/2024\\\/08\\\/cropped-RED-AMLO-logo-50.png\",\"contentUrl\":\"https:\\\/\\\/redamlo.com\\\/wp-content\\\/uploads\\\/2024\\\/08\\\/cropped-RED-AMLO-logo-50.png\",\"width\":256,\"height\":256,\"caption\":\"NOTICIAS DE LA 4T\"},\"image\":{\"@id\":\"https:\\\/\\\/redamlo.com\\\/#\\\/schema\\\/logo\\\/image\\\/\"}},{\"@type\":\"Person\",\"@id\":\"https:\\\/\\\/redamlo.com\\\/#\\\/schema\\\/person\\\/197a0a670d21b1f4f1483ddda1b64613\",\"name\":\"admin\",\"image\":{\"@type\":\"ImageObject\",\"inLanguage\":\"es\",\"@id\":\"https:\\\/\\\/secure.gravatar.com\\\/avatar\\\/293dccd927043f2e641da6685c2f84009782eb9ee0054daceada4e261ded849a?s=96&d=mm&r=g\",\"url\":\"https:\\\/\\\/secure.gravatar.com\\\/avatar\\\/293dccd927043f2e641da6685c2f84009782eb9ee0054daceada4e261ded849a?s=96&d=mm&r=g\",\"contentUrl\":\"https:\\\/\\\/secure.gravatar.com\\\/avatar\\\/293dccd927043f2e641da6685c2f84009782eb9ee0054daceada4e261ded849a?s=96&d=mm&r=g\",\"caption\":\"admin\"},\"sameAs\":[\"https:\\\/\\\/redamlo.com\"],\"url\":\"https:\\\/\\\/redamlo.com\\\/index.php\\\/author\\\/stell\\\/\"}]}<\/script>\n<!-- \/ Yoast SEO plugin. -->","yoast_head_json":{"title":"57 aniversario de Telesecundaria en M\u00e9xico; una historia de compromiso educativo y generosidad - NOTICIAS DE LA 4T","robots":{"index":"noindex","follow":"follow","max-snippet":"max-snippet:-1","max-image-preview":"max-image-preview:large","max-video-preview":"max-video-preview:-1"},"og_locale":"es_MX","og_type":"article","og_title":"57 aniversario de Telesecundaria en M\u00e9xico; una historia de compromiso educativo y generosidad - NOTICIAS DE LA 4T","og_description":"Un compromiso inacabado del actual gobierno de Delfina G\u00f3mez. Por: Zavianny Torres Baltazar. Con motivo...","og_url":"https:\/\/redamlo.com\/index.php\/2025\/01\/25\/57-aniversario-de-telesecundaria-en-mexico-una-historia-de-compromiso-educativo-y-generosidad\/","og_site_name":"NOTICIAS DE LA 4T","article_published_time":"2025-01-26T02:32:28+00:00","og_image":[{"width":638,"height":394,"url":"https:\/\/redamlo.com\/wp-content\/uploads\/2025\/01\/telesecundaria-3.jpg","type":"image\/jpeg"}],"author":"admin","twitter_card":"summary_large_image","twitter_misc":{"Escrito por":"admin","Tiempo de lectura":"3 minutos"},"schema":{"@context":"https:\/\/schema.org","@graph":[{"@type":"Article","@id":"https:\/\/redamlo.com\/index.php\/2025\/01\/25\/57-aniversario-de-telesecundaria-en-mexico-una-historia-de-compromiso-educativo-y-generosidad\/#article","isPartOf":{"@id":"https:\/\/redamlo.com\/index.php\/2025\/01\/25\/57-aniversario-de-telesecundaria-en-mexico-una-historia-de-compromiso-educativo-y-generosidad\/"},"author":{"name":"admin","@id":"https:\/\/redamlo.com\/#\/schema\/person\/197a0a670d21b1f4f1483ddda1b64613"},"headline":"57 aniversario de Telesecundaria en M\u00e9xico; una historia de compromiso educativo y generosidad","datePublished":"2025-01-26T02:32:28+00:00","mainEntityOfPage":{"@id":"https:\/\/redamlo.com\/index.php\/2025\/01\/25\/57-aniversario-de-telesecundaria-en-mexico-una-historia-de-compromiso-educativo-y-generosidad\/"},"wordCount":687,"commentCount":0,"publisher":{"@id":"https:\/\/redamlo.com\/#organization"},"image":{"@id":"https:\/\/redamlo.com\/index.php\/2025\/01\/25\/57-aniversario-de-telesecundaria-en-mexico-una-historia-de-compromiso-educativo-y-generosidad\/#primaryimage"},"thumbnailUrl":"https:\/\/redamlo.com\/wp-content\/uploads\/2025\/01\/telesecundaria-3.jpg","keywords":["Delfina G\u00f3mez","edomex","felipe vidal olguin","telesecundarias"],"articleSection":["Educaci\u00f3n","Estado de M\u00e9xico"],"inLanguage":"es","potentialAction":[{"@type":"CommentAction","name":"Comment","target":["https:\/\/redamlo.com\/index.php\/2025\/01\/25\/57-aniversario-de-telesecundaria-en-mexico-una-historia-de-compromiso-educativo-y-generosidad\/#respond"]}]},{"@type":"WebPage","@id":"https:\/\/redamlo.com\/index.php\/2025\/01\/25\/57-aniversario-de-telesecundaria-en-mexico-una-historia-de-compromiso-educativo-y-generosidad\/","url":"https:\/\/redamlo.com\/index.php\/2025\/01\/25\/57-aniversario-de-telesecundaria-en-mexico-una-historia-de-compromiso-educativo-y-generosidad\/","name":"57 aniversario de Telesecundaria en M\u00e9xico; una historia de compromiso educativo y generosidad - NOTICIAS DE LA 4T","isPartOf":{"@id":"https:\/\/redamlo.com\/#website"},"primaryImageOfPage":{"@id":"https:\/\/redamlo.com\/index.php\/2025\/01\/25\/57-aniversario-de-telesecundaria-en-mexico-una-historia-de-compromiso-educativo-y-generosidad\/#primaryimage"},"image":{"@id":"https:\/\/redamlo.com\/index.php\/2025\/01\/25\/57-aniversario-de-telesecundaria-en-mexico-una-historia-de-compromiso-educativo-y-generosidad\/#primaryimage"},"thumbnailUrl":"https:\/\/redamlo.com\/wp-content\/uploads\/2025\/01\/telesecundaria-3.jpg","datePublished":"2025-01-26T02:32:28+00:00","breadcrumb":{"@id":"https:\/\/redamlo.com\/index.php\/2025\/01\/25\/57-aniversario-de-telesecundaria-en-mexico-una-historia-de-compromiso-educativo-y-generosidad\/#breadcrumb"},"inLanguage":"es","potentialAction":[{"@type":"ReadAction","target":["https:\/\/redamlo.com\/index.php\/2025\/01\/25\/57-aniversario-de-telesecundaria-en-mexico-una-historia-de-compromiso-educativo-y-generosidad\/"]}]},{"@type":"ImageObject","inLanguage":"es","@id":"https:\/\/redamlo.com\/index.php\/2025\/01\/25\/57-aniversario-de-telesecundaria-en-mexico-una-historia-de-compromiso-educativo-y-generosidad\/#primaryimage","url":"https:\/\/redamlo.com\/wp-content\/uploads\/2025\/01\/telesecundaria-3.jpg","contentUrl":"https:\/\/redamlo.com\/wp-content\/uploads\/2025\/01\/telesecundaria-3.jpg","width":638,"height":394},{"@type":"BreadcrumbList","@id":"https:\/\/redamlo.com\/index.php\/2025\/01\/25\/57-aniversario-de-telesecundaria-en-mexico-una-historia-de-compromiso-educativo-y-generosidad\/#breadcrumb","itemListElement":[{"@type":"ListItem","position":1,"name":"Inicio","item":"https:\/\/redamlo.com\/"},{"@type":"ListItem","position":2,"name":"57 aniversario de Telesecundaria en M\u00e9xico; una historia de compromiso educativo y generosidad"}]},{"@type":"WebSite","@id":"https:\/\/redamlo.com\/#website","url":"https:\/\/redamlo.com\/","name":"NOTICIAS DE LA 4T","description":"","publisher":{"@id":"https:\/\/redamlo.com\/#organization"},"potentialAction":[{"@type":"SearchAction","target":{"@type":"EntryPoint","urlTemplate":"https:\/\/redamlo.com\/?s={search_term_string}"},"query-input":{"@type":"PropertyValueSpecification","valueRequired":true,"valueName":"search_term_string"}}],"inLanguage":"es"},{"@type":"Organization","@id":"https:\/\/redamlo.com\/#organization","name":"NOTICIAS DE LA 4T","url":"https:\/\/redamlo.com\/","logo":{"@type":"ImageObject","inLanguage":"es","@id":"https:\/\/redamlo.com\/#\/schema\/logo\/image\/","url":"https:\/\/redamlo.com\/wp-content\/uploads\/2024\/08\/cropped-RED-AMLO-logo-50.png","contentUrl":"https:\/\/redamlo.com\/wp-content\/uploads\/2024\/08\/cropped-RED-AMLO-logo-50.png","width":256,"height":256,"caption":"NOTICIAS DE LA 4T"},"image":{"@id":"https:\/\/redamlo.com\/#\/schema\/logo\/image\/"}},{"@type":"Person","@id":"https:\/\/redamlo.com\/#\/schema\/person\/197a0a670d21b1f4f1483ddda1b64613","name":"admin","image":{"@type":"ImageObject","inLanguage":"es","@id":"https:\/\/secure.gravatar.com\/avatar\/293dccd927043f2e641da6685c2f84009782eb9ee0054daceada4e261ded849a?s=96&d=mm&r=g","url":"https:\/\/secure.gravatar.com\/avatar\/293dccd927043f2e641da6685c2f84009782eb9ee0054daceada4e261ded849a?s=96&d=mm&r=g","contentUrl":"https:\/\/secure.gravatar.com\/avatar\/293dccd927043f2e641da6685c2f84009782eb9ee0054daceada4e261ded849a?s=96&d=mm&r=g","caption":"admin"},"sameAs":["https:\/\/redamlo.com"],"url":"https:\/\/redamlo.com\/index.php\/author\/stell\/"}]}},"_links":{"self":[{"href":"https:\/\/redamlo.com\/index.php\/wp-json\/wp\/v2\/posts\/8399","targetHints":{"allow":["GET"]}}],"collection":[{"href":"https:\/\/redamlo.com\/index.php\/wp-json\/wp\/v2\/posts"}],"about":[{"href":"https:\/\/redamlo.com\/index.php\/wp-json\/wp\/v2\/types\/post"}],"author":[{"embeddable":true,"href":"https:\/\/redamlo.com\/index.php\/wp-json\/wp\/v2\/users\/1"}],"replies":[{"embeddable":true,"href":"https:\/\/redamlo.com\/index.php\/wp-json\/wp\/v2\/comments?post=8399"}],"version-history":[{"count":0,"href":"https:\/\/redamlo.com\/index.php\/wp-json\/wp\/v2\/posts\/8399\/revisions"}],"wp:featuredmedia":[{"embeddable":true,"href":"https:\/\/redamlo.com\/index.php\/wp-json\/wp\/v2\/media\/8400"}],"wp:attachment":[{"href":"https:\/\/redamlo.com\/index.php\/wp-json\/wp\/v2\/media?parent=8399"}],"wp:term":[{"taxonomy":"category","embeddable":true,"href":"https:\/\/redamlo.com\/index.php\/wp-json\/wp\/v2\/categories?post=8399"},{"taxonomy":"post_tag","embeddable":true,"href":"https:\/\/redamlo.com\/index.php\/wp-json\/wp\/v2\/tags?post=8399"}],"curies":[{"name":"wp","href":"https:\/\/api.w.org\/{rel}","templated":true}]}}