{"id":838,"date":"2020-06-20T10:06:13","date_gmt":"2020-06-20T15:06:13","guid":{"rendered":"http:\/\/redamlo.com\/?p=838"},"modified":"2020-06-20T10:06:13","modified_gmt":"2020-06-20T15:06:13","slug":"morena-v-s-yeidckol-polevnsky","status":"publish","type":"post","link":"https:\/\/redamlo.com\/index.php\/2020\/06\/20\/morena-v-s-yeidckol-polevnsky\/","title":{"rendered":"Morena v.s. Yeidckol Polevnsky"},"content":{"rendered":"<h1>Ciudad de M\u00e9xico a 20 de junio 2020 (Cdmx Press &#8211; Red Amlo).-<\/h1>\n<h2 class=\"title\"><em>Morena denuncia ante FGR a Yeidckol Polevnsky por lavado de dinero<\/em><\/h2>\n<p><strong>Alfonso Ram\u00edrez Cu\u00e9llar<\/strong>, presidente nacional de Morena, confirm\u00f3 que su partido present\u00f3 la denuncia en contra de\u00a0<strong>Polevnsky<\/strong>.<\/p>\n<p>El\u00a0<strong>Comit\u00e9 Ejecutivo Nacional de Morena<\/strong>\u00a0denunci\u00f3 este jueves a la expresidenta del partido\u00a0<strong>Yeidckol Polevnsky\u00a0<\/strong>ante la\u00a0<strong>Fiscal\u00eda General de la Rep\u00fablica<\/strong>\u00a0(<strong>FGR<\/strong>), acus\u00e1ndola de da\u00f1o patrimonial al partido y lavado de dinero.<\/p>\n<p>Como parte de los acuerdos que tom\u00f3 el CEN de Morena, tras solicitarle a <strong>Polevnsky<\/strong> en tres ocasiones los contratos y pagos realizados por al menos 39 inmuebles, sin que la secretaria general proporcionara la informaci\u00f3n, se facult\u00f3 a Alfonso Ram\u00edrez Cu\u00e9llar, presidente interino del partido, \u201cpara que emitan un dictamen sobre las posibles faltas y rutas que jur\u00eddicamente se puedan emprender\u201d. Una revisi\u00f3n a las adquisiciones realizadas y entregadas por Joel Fr\u00edas Zea, secretario de Finanzas de Morena al CEN, detect\u00f3 que m\u00e1s del 50 por ciento de la compra de inmuebles y remodelaciones fueron sugeridas por el empresario Enrique Borbolla Garc\u00eda, propietario de Grupo EBOR, quien ya hab\u00eda recibido, a trav\u00e9s de dos empresas filiales, contratos por 394 millones de pesos que contaron s\u00f3lo con la firma de Polevnsky.<\/p>\n<p>El\u00a0<strong>Partido de la Revoluci\u00f3n Democr\u00e1tica (PRD)\u00a0<\/strong>denunci\u00f3 el 15 de junio ante el\u00a0<strong>Instituto Nacional Electoral (INE)<\/strong>\u00a0a\u00a0<strong>Morena<\/strong>\u00a0por \u201chacer mal uso de los recursos p\u00fablicos\u201d en la adquisici\u00f3n de inmuebles durante la gesti\u00f3n\u00a0<a href=\"https:\/\/twitter.com\/yeidckol\">de<\/a>\u00a0<strong>Yeidckol Polevnsky.<\/strong><\/p>\n<p>A trav\u00e9s de un comunicado, el PRD detall\u00f3 que \u201ca pocos d\u00edas de dejar la dirigencia nacional de\u00a0<strong>Morena<\/strong>,\u00a0<strong>Yeidckol Polevnsky<\/strong>\u00a0orden\u00f3 a la\u00a0<strong>Secretar\u00eda de Finanzas<\/strong>\u00a0de su partido que se pagaran 395 millones de pesos a dos empresas por contratos de obras de remodelaci\u00f3n y mantenimiento de inmuebles que nunca se llevaron a cabo\u201d.<\/p>\n","protected":false},"excerpt":{"rendered":"<p>Ciudad de M\u00e9xico a 20 de junio 2020 (Cdmx Press &#8211; Red Amlo).- Morena denuncia&#8230;<\/p>\n","protected":false},"author":2,"featured_media":840,"comment_status":"open","ping_status":"closed","sticky":false,"template":"","format":"standard","meta":{"footnotes":""},"categories":[25,5],"tags":[],"class_list":["post-838","post","type-post","status-publish","format-standard","has-post-thumbnail","hentry","category-4t","category-politica"],"yoast_head":"<!-- This site is optimized with the Yoast SEO plugin v27.5 - https:\/\/yoast.com\/product\/yoast-seo-wordpress\/ -->\n<title>Morena v.s. Yeidckol Polevnsky - NOTICIAS DE LA 4T<\/title>\n<meta name=\"robots\" content=\"noindex, follow, max-snippet:-1, max-image-preview:large, max-video-preview:-1\" \/>\n<meta property=\"og:locale\" content=\"es_MX\" \/>\n<meta property=\"og:type\" content=\"article\" \/>\n<meta property=\"og:title\" content=\"Morena v.s. Yeidckol Polevnsky - NOTICIAS DE LA 4T\" \/>\n<meta property=\"og:description\" content=\"Ciudad de M\u00e9xico a 20 de junio 2020 (Cdmx Press &#8211; Red Amlo).- Morena denuncia...\" \/>\n<meta property=\"og:url\" content=\"https:\/\/redamlo.com\/index.php\/2020\/06\/20\/morena-v-s-yeidckol-polevnsky\/\" \/>\n<meta property=\"og:site_name\" content=\"NOTICIAS DE LA 4T\" \/>\n<meta property=\"article:published_time\" content=\"2020-06-20T15:06:13+00:00\" \/>\n<meta property=\"og:image\" content=\"https:\/\/redamlo.com\/wp-content\/uploads\/2020\/06\/morena-denuncio-yeidckol-polevnsky-fgr_.jpeg\" \/>\n\t<meta property=\"og:image:width\" content=\"1200\" \/>\n\t<meta property=\"og:image:height\" content=\"746\" \/>\n\t<meta property=\"og:image:type\" content=\"image\/jpeg\" \/>\n<meta name=\"author\" content=\"Blanca\" \/>\n<meta name=\"twitter:card\" content=\"summary_large_image\" \/>\n<meta name=\"twitter:label1\" content=\"Escrito por\" \/>\n\t<meta name=\"twitter:data1\" content=\"Blanca\" \/>\n\t<meta name=\"twitter:label2\" content=\"Tiempo de lectura\" \/>\n\t<meta name=\"twitter:data2\" content=\"2 minutos\" \/>\n<script type=\"application\/ld+json\" class=\"yoast-schema-graph\">{\"@context\":\"https:\\\/\\\/schema.org\",\"@graph\":[{\"@type\":\"Article\",\"@id\":\"https:\\\/\\\/redamlo.com\\\/index.php\\\/2020\\\/06\\\/20\\\/morena-v-s-yeidckol-polevnsky\\\/#article\",\"isPartOf\":{\"@id\":\"https:\\\/\\\/redamlo.com\\\/index.php\\\/2020\\\/06\\\/20\\\/morena-v-s-yeidckol-polevnsky\\\/\"},\"author\":{\"name\":\"Blanca\",\"@id\":\"https:\\\/\\\/redamlo.com\\\/#\\\/schema\\\/person\\\/7223a4375eb8f1a782fcae010a7115cf\"},\"headline\":\"Morena v.s. Yeidckol Polevnsky\",\"datePublished\":\"2020-06-20T15:06:13+00:00\",\"mainEntityOfPage\":{\"@id\":\"https:\\\/\\\/redamlo.com\\\/index.php\\\/2020\\\/06\\\/20\\\/morena-v-s-yeidckol-polevnsky\\\/\"},\"wordCount\":328,\"commentCount\":0,\"publisher\":{\"@id\":\"https:\\\/\\\/redamlo.com\\\/#organization\"},\"image\":{\"@id\":\"https:\\\/\\\/redamlo.com\\\/index.php\\\/2020\\\/06\\\/20\\\/morena-v-s-yeidckol-polevnsky\\\/#primaryimage\"},\"thumbnailUrl\":\"https:\\\/\\\/redamlo.com\\\/wp-content\\\/uploads\\\/2020\\\/06\\\/morena-denuncio-yeidckol-polevnsky-fgr_.jpeg\",\"articleSection\":[\"4T\",\"Pol\u00edtica\"],\"inLanguage\":\"es\",\"potentialAction\":[{\"@type\":\"CommentAction\",\"name\":\"Comment\",\"target\":[\"https:\\\/\\\/redamlo.com\\\/index.php\\\/2020\\\/06\\\/20\\\/morena-v-s-yeidckol-polevnsky\\\/#respond\"]}]},{\"@type\":\"WebPage\",\"@id\":\"https:\\\/\\\/redamlo.com\\\/index.php\\\/2020\\\/06\\\/20\\\/morena-v-s-yeidckol-polevnsky\\\/\",\"url\":\"https:\\\/\\\/redamlo.com\\\/index.php\\\/2020\\\/06\\\/20\\\/morena-v-s-yeidckol-polevnsky\\\/\",\"name\":\"Morena v.s. Yeidckol Polevnsky - NOTICIAS DE LA 4T\",\"isPartOf\":{\"@id\":\"https:\\\/\\\/redamlo.com\\\/#website\"},\"primaryImageOfPage\":{\"@id\":\"https:\\\/\\\/redamlo.com\\\/index.php\\\/2020\\\/06\\\/20\\\/morena-v-s-yeidckol-polevnsky\\\/#primaryimage\"},\"image\":{\"@id\":\"https:\\\/\\\/redamlo.com\\\/index.php\\\/2020\\\/06\\\/20\\\/morena-v-s-yeidckol-polevnsky\\\/#primaryimage\"},\"thumbnailUrl\":\"https:\\\/\\\/redamlo.com\\\/wp-content\\\/uploads\\\/2020\\\/06\\\/morena-denuncio-yeidckol-polevnsky-fgr_.jpeg\",\"datePublished\":\"2020-06-20T15:06:13+00:00\",\"breadcrumb\":{\"@id\":\"https:\\\/\\\/redamlo.com\\\/index.php\\\/2020\\\/06\\\/20\\\/morena-v-s-yeidckol-polevnsky\\\/#breadcrumb\"},\"inLanguage\":\"es\",\"potentialAction\":[{\"@type\":\"ReadAction\",\"target\":[\"https:\\\/\\\/redamlo.com\\\/index.php\\\/2020\\\/06\\\/20\\\/morena-v-s-yeidckol-polevnsky\\\/\"]}]},{\"@type\":\"ImageObject\",\"inLanguage\":\"es\",\"@id\":\"https:\\\/\\\/redamlo.com\\\/index.php\\\/2020\\\/06\\\/20\\\/morena-v-s-yeidckol-polevnsky\\\/#primaryimage\",\"url\":\"https:\\\/\\\/redamlo.com\\\/wp-content\\\/uploads\\\/2020\\\/06\\\/morena-denuncio-yeidckol-polevnsky-fgr_.jpeg\",\"contentUrl\":\"https:\\\/\\\/redamlo.com\\\/wp-content\\\/uploads\\\/2020\\\/06\\\/morena-denuncio-yeidckol-polevnsky-fgr_.jpeg\",\"width\":1200,\"height\":746,\"caption\":\"CIUDAD DE M\u00c9XICO, 10FEBRERO2020.- Yeidckol Polevnsky, l\u00edder del partido Morena, durante la asamblea realizada con militantes del partido, cabe mencionar que la secretaria general llam\u00f3 a la unidad en el partido, esto a una semana de que el dirigente del partido Alfonso Ram\u00edres Cuellar, entregara la documentaci\u00f3n que supuestamente lo acreditaba como el presidente de los morenistas. FOTO: ROGELIO MORALES \\\/CUARTOSCURO.COM\"},{\"@type\":\"BreadcrumbList\",\"@id\":\"https:\\\/\\\/redamlo.com\\\/index.php\\\/2020\\\/06\\\/20\\\/morena-v-s-yeidckol-polevnsky\\\/#breadcrumb\",\"itemListElement\":[{\"@type\":\"ListItem\",\"position\":1,\"name\":\"Inicio\",\"item\":\"https:\\\/\\\/redamlo.com\\\/\"},{\"@type\":\"ListItem\",\"position\":2,\"name\":\"Morena v.s. Yeidckol Polevnsky\"}]},{\"@type\":\"WebSite\",\"@id\":\"https:\\\/\\\/redamlo.com\\\/#website\",\"url\":\"https:\\\/\\\/redamlo.com\\\/\",\"name\":\"NOTICIAS DE LA 4T\",\"description\":\"\",\"publisher\":{\"@id\":\"https:\\\/\\\/redamlo.com\\\/#organization\"},\"potentialAction\":[{\"@type\":\"SearchAction\",\"target\":{\"@type\":\"EntryPoint\",\"urlTemplate\":\"https:\\\/\\\/redamlo.com\\\/?s={search_term_string}\"},\"query-input\":{\"@type\":\"PropertyValueSpecification\",\"valueRequired\":true,\"valueName\":\"search_term_string\"}}],\"inLanguage\":\"es\"},{\"@type\":\"Organization\",\"@id\":\"https:\\\/\\\/redamlo.com\\\/#organization\",\"name\":\"NOTICIAS DE LA 4T\",\"url\":\"https:\\\/\\\/redamlo.com\\\/\",\"logo\":{\"@type\":\"ImageObject\",\"inLanguage\":\"es\",\"@id\":\"https:\\\/\\\/redamlo.com\\\/#\\\/schema\\\/logo\\\/image\\\/\",\"url\":\"https:\\\/\\\/redamlo.com\\\/wp-content\\\/uploads\\\/2024\\\/08\\\/cropped-RED-AMLO-logo-50.png\",\"contentUrl\":\"https:\\\/\\\/redamlo.com\\\/wp-content\\\/uploads\\\/2024\\\/08\\\/cropped-RED-AMLO-logo-50.png\",\"width\":256,\"height\":256,\"caption\":\"NOTICIAS DE LA 4T\"},\"image\":{\"@id\":\"https:\\\/\\\/redamlo.com\\\/#\\\/schema\\\/logo\\\/image\\\/\"}},{\"@type\":\"Person\",\"@id\":\"https:\\\/\\\/redamlo.com\\\/#\\\/schema\\\/person\\\/7223a4375eb8f1a782fcae010a7115cf\",\"name\":\"Blanca\",\"image\":{\"@type\":\"ImageObject\",\"inLanguage\":\"es\",\"@id\":\"https:\\\/\\\/secure.gravatar.com\\\/avatar\\\/3f79bc8336367a4e6093eae8757acaaf61d1124834b905616de7829b0273426d?s=96&d=mm&r=g\",\"url\":\"https:\\\/\\\/secure.gravatar.com\\\/avatar\\\/3f79bc8336367a4e6093eae8757acaaf61d1124834b905616de7829b0273426d?s=96&d=mm&r=g\",\"contentUrl\":\"https:\\\/\\\/secure.gravatar.com\\\/avatar\\\/3f79bc8336367a4e6093eae8757acaaf61d1124834b905616de7829b0273426d?s=96&d=mm&r=g\",\"caption\":\"Blanca\"},\"url\":\"https:\\\/\\\/redamlo.com\\\/index.php\\\/author\\\/blanca\\\/\"}]}<\/script>\n<!-- \/ Yoast SEO plugin. -->","yoast_head_json":{"title":"Morena v.s. Yeidckol Polevnsky - NOTICIAS DE LA 4T","robots":{"index":"noindex","follow":"follow","max-snippet":"max-snippet:-1","max-image-preview":"max-image-preview:large","max-video-preview":"max-video-preview:-1"},"og_locale":"es_MX","og_type":"article","og_title":"Morena v.s. Yeidckol Polevnsky - NOTICIAS DE LA 4T","og_description":"Ciudad de M\u00e9xico a 20 de junio 2020 (Cdmx Press &#8211; Red Amlo).- Morena denuncia...","og_url":"https:\/\/redamlo.com\/index.php\/2020\/06\/20\/morena-v-s-yeidckol-polevnsky\/","og_site_name":"NOTICIAS DE LA 4T","article_published_time":"2020-06-20T15:06:13+00:00","og_image":[{"width":1200,"height":746,"url":"https:\/\/redamlo.com\/wp-content\/uploads\/2020\/06\/morena-denuncio-yeidckol-polevnsky-fgr_.jpeg","type":"image\/jpeg"}],"author":"Blanca","twitter_card":"summary_large_image","twitter_misc":{"Escrito por":"Blanca","Tiempo de lectura":"2 minutos"},"schema":{"@context":"https:\/\/schema.org","@graph":[{"@type":"Article","@id":"https:\/\/redamlo.com\/index.php\/2020\/06\/20\/morena-v-s-yeidckol-polevnsky\/#article","isPartOf":{"@id":"https:\/\/redamlo.com\/index.php\/2020\/06\/20\/morena-v-s-yeidckol-polevnsky\/"},"author":{"name":"Blanca","@id":"https:\/\/redamlo.com\/#\/schema\/person\/7223a4375eb8f1a782fcae010a7115cf"},"headline":"Morena v.s. Yeidckol Polevnsky","datePublished":"2020-06-20T15:06:13+00:00","mainEntityOfPage":{"@id":"https:\/\/redamlo.com\/index.php\/2020\/06\/20\/morena-v-s-yeidckol-polevnsky\/"},"wordCount":328,"commentCount":0,"publisher":{"@id":"https:\/\/redamlo.com\/#organization"},"image":{"@id":"https:\/\/redamlo.com\/index.php\/2020\/06\/20\/morena-v-s-yeidckol-polevnsky\/#primaryimage"},"thumbnailUrl":"https:\/\/redamlo.com\/wp-content\/uploads\/2020\/06\/morena-denuncio-yeidckol-polevnsky-fgr_.jpeg","articleSection":["4T","Pol\u00edtica"],"inLanguage":"es","potentialAction":[{"@type":"CommentAction","name":"Comment","target":["https:\/\/redamlo.com\/index.php\/2020\/06\/20\/morena-v-s-yeidckol-polevnsky\/#respond"]}]},{"@type":"WebPage","@id":"https:\/\/redamlo.com\/index.php\/2020\/06\/20\/morena-v-s-yeidckol-polevnsky\/","url":"https:\/\/redamlo.com\/index.php\/2020\/06\/20\/morena-v-s-yeidckol-polevnsky\/","name":"Morena v.s. Yeidckol Polevnsky - NOTICIAS DE LA 4T","isPartOf":{"@id":"https:\/\/redamlo.com\/#website"},"primaryImageOfPage":{"@id":"https:\/\/redamlo.com\/index.php\/2020\/06\/20\/morena-v-s-yeidckol-polevnsky\/#primaryimage"},"image":{"@id":"https:\/\/redamlo.com\/index.php\/2020\/06\/20\/morena-v-s-yeidckol-polevnsky\/#primaryimage"},"thumbnailUrl":"https:\/\/redamlo.com\/wp-content\/uploads\/2020\/06\/morena-denuncio-yeidckol-polevnsky-fgr_.jpeg","datePublished":"2020-06-20T15:06:13+00:00","breadcrumb":{"@id":"https:\/\/redamlo.com\/index.php\/2020\/06\/20\/morena-v-s-yeidckol-polevnsky\/#breadcrumb"},"inLanguage":"es","potentialAction":[{"@type":"ReadAction","target":["https:\/\/redamlo.com\/index.php\/2020\/06\/20\/morena-v-s-yeidckol-polevnsky\/"]}]},{"@type":"ImageObject","inLanguage":"es","@id":"https:\/\/redamlo.com\/index.php\/2020\/06\/20\/morena-v-s-yeidckol-polevnsky\/#primaryimage","url":"https:\/\/redamlo.com\/wp-content\/uploads\/2020\/06\/morena-denuncio-yeidckol-polevnsky-fgr_.jpeg","contentUrl":"https:\/\/redamlo.com\/wp-content\/uploads\/2020\/06\/morena-denuncio-yeidckol-polevnsky-fgr_.jpeg","width":1200,"height":746,"caption":"CIUDAD DE M\u00c9XICO, 10FEBRERO2020.- Yeidckol Polevnsky, l\u00edder del partido Morena, durante la asamblea realizada con militantes del partido, cabe mencionar que la secretaria general llam\u00f3 a la unidad en el partido, esto a una semana de que el dirigente del partido Alfonso Ram\u00edres Cuellar, entregara la documentaci\u00f3n que supuestamente lo acreditaba como el presidente de los morenistas. FOTO: ROGELIO MORALES \/CUARTOSCURO.COM"},{"@type":"BreadcrumbList","@id":"https:\/\/redamlo.com\/index.php\/2020\/06\/20\/morena-v-s-yeidckol-polevnsky\/#breadcrumb","itemListElement":[{"@type":"ListItem","position":1,"name":"Inicio","item":"https:\/\/redamlo.com\/"},{"@type":"ListItem","position":2,"name":"Morena v.s. Yeidckol Polevnsky"}]},{"@type":"WebSite","@id":"https:\/\/redamlo.com\/#website","url":"https:\/\/redamlo.com\/","name":"NOTICIAS DE LA 4T","description":"","publisher":{"@id":"https:\/\/redamlo.com\/#organization"},"potentialAction":[{"@type":"SearchAction","target":{"@type":"EntryPoint","urlTemplate":"https:\/\/redamlo.com\/?s={search_term_string}"},"query-input":{"@type":"PropertyValueSpecification","valueRequired":true,"valueName":"search_term_string"}}],"inLanguage":"es"},{"@type":"Organization","@id":"https:\/\/redamlo.com\/#organization","name":"NOTICIAS DE LA 4T","url":"https:\/\/redamlo.com\/","logo":{"@type":"ImageObject","inLanguage":"es","@id":"https:\/\/redamlo.com\/#\/schema\/logo\/image\/","url":"https:\/\/redamlo.com\/wp-content\/uploads\/2024\/08\/cropped-RED-AMLO-logo-50.png","contentUrl":"https:\/\/redamlo.com\/wp-content\/uploads\/2024\/08\/cropped-RED-AMLO-logo-50.png","width":256,"height":256,"caption":"NOTICIAS DE LA 4T"},"image":{"@id":"https:\/\/redamlo.com\/#\/schema\/logo\/image\/"}},{"@type":"Person","@id":"https:\/\/redamlo.com\/#\/schema\/person\/7223a4375eb8f1a782fcae010a7115cf","name":"Blanca","image":{"@type":"ImageObject","inLanguage":"es","@id":"https:\/\/secure.gravatar.com\/avatar\/3f79bc8336367a4e6093eae8757acaaf61d1124834b905616de7829b0273426d?s=96&d=mm&r=g","url":"https:\/\/secure.gravatar.com\/avatar\/3f79bc8336367a4e6093eae8757acaaf61d1124834b905616de7829b0273426d?s=96&d=mm&r=g","contentUrl":"https:\/\/secure.gravatar.com\/avatar\/3f79bc8336367a4e6093eae8757acaaf61d1124834b905616de7829b0273426d?s=96&d=mm&r=g","caption":"Blanca"},"url":"https:\/\/redamlo.com\/index.php\/author\/blanca\/"}]}},"_links":{"self":[{"href":"https:\/\/redamlo.com\/index.php\/wp-json\/wp\/v2\/posts\/838","targetHints":{"allow":["GET"]}}],"collection":[{"href":"https:\/\/redamlo.com\/index.php\/wp-json\/wp\/v2\/posts"}],"about":[{"href":"https:\/\/redamlo.com\/index.php\/wp-json\/wp\/v2\/types\/post"}],"author":[{"embeddable":true,"href":"https:\/\/redamlo.com\/index.php\/wp-json\/wp\/v2\/users\/2"}],"replies":[{"embeddable":true,"href":"https:\/\/redamlo.com\/index.php\/wp-json\/wp\/v2\/comments?post=838"}],"version-history":[{"count":0,"href":"https:\/\/redamlo.com\/index.php\/wp-json\/wp\/v2\/posts\/838\/revisions"}],"wp:featuredmedia":[{"embeddable":true,"href":"https:\/\/redamlo.com\/index.php\/wp-json\/wp\/v2\/media\/840"}],"wp:attachment":[{"href":"https:\/\/redamlo.com\/index.php\/wp-json\/wp\/v2\/media?parent=838"}],"wp:term":[{"taxonomy":"category","embeddable":true,"href":"https:\/\/redamlo.com\/index.php\/wp-json\/wp\/v2\/categories?post=838"},{"taxonomy":"post_tag","embeddable":true,"href":"https:\/\/redamlo.com\/index.php\/wp-json\/wp\/v2\/tags?post=838"}],"curies":[{"name":"wp","href":"https:\/\/api.w.org\/{rel}","templated":true}]}}