{"id":8265,"date":"2025-01-17T17:56:55","date_gmt":"2025-01-17T23:56:55","guid":{"rendered":"https:\/\/redamlo.com\/?p=8265"},"modified":"2025-01-17T17:56:55","modified_gmt":"2025-01-17T23:56:55","slug":"mexico-y-ue-modernizan-acuerdo-global","status":"publish","type":"post","link":"https:\/\/redamlo.com\/index.php\/2025\/01\/17\/mexico-y-ue-modernizan-acuerdo-global\/","title":{"rendered":"M\u00e9xico y UE modernizan acuerdo Global"},"content":{"rendered":"<p>El gobierno mexicano y la Uni\u00f3n Europea (UE) concluyeron las negociaciones para modernizar el Acuerdo Global de M\u00e9xico con la UE, lo cual ocurre casi 9 a\u00f1os despu\u00e9s de que comenz\u00f3 la renegociaci\u00f3n y en medio de los amagos del pr\u00f3ximo presidente de Estados Unidos, Donald Trump, de imponer aranceles de 25 por ciento a las exportaciones mexicanas.<\/p>\n<p>Aunque la Secretar\u00eda de Econom\u00eda (SE) no ha confirmado el t\u00e9rmino de las negociaciones, el bloque econ\u00f3mico europeo indic\u00f3 que el proceso concluy\u00f3 \u201ctras el compromiso pol\u00edtico entre el comisario de Comercio y Seguridad Econ\u00f3mica, Maro\u0161 \u0160ef\u010dovi\u010d, y el titular de la SE, Marcelo Ebrard.<\/p>\n<p>\u201cEl acuerdo establece un marco ambicioso y moderno para profundizar y ampliar el di\u00e1logo pol\u00edtico, la cooperaci\u00f3n y las relaciones econ\u00f3micas entre la UE y M\u00e9xico\u201d, se\u00f1al\u00f3 la UE.<\/p>\n<p>De acuerdo con la parte europea, la modernizaci\u00f3n crear\u00e1 nuevas oportunidades econ\u00f3micas para ambas partes, incluido el potencial de crecimiento para las exportaciones agroalimentarias de la UE a M\u00e9xico, adem\u00e1s de incluir normas progresistas para abordar la corrupci\u00f3n en los sectores privado y p\u00fablico.<\/p>\n<p>\u201cEl acuerdo establece la ambici\u00f3n conjunta de la UE y M\u00e9xico de promover y proteger los derechos humanos, el multilateralismo y la paz y la seguridad internacionales\u201d, indic\u00f3.<\/p>\n<p>Tambi\u00e9n resalt\u00f3 que el acuerdo facilita la cooperaci\u00f3n estrat\u00e9gica en cuestiones geopol\u00edticas clave, pues se mantendr\u00e1 al d\u00eda con las realidades que cambian r\u00e1pidamente, como la reducci\u00f3n de riesgos de las cadenas de suministro, la garant\u00eda de un suministro sostenible de materias primas cr\u00edticas y la lucha contra el cambio clim\u00e1tico.<\/p>\n<p>La modernizaci\u00f3n del Tratado de Libre Comercio entre la Uni\u00f3n Europea y M\u00e9xico (TLCUEM), que naci\u00f3 en el a\u00f1o 2000, tambi\u00e9n busca avanzar en los objetivos de la emisi\u00f3n cero.<\/p>\n<p>Tambi\u00e9n se busca reforzar los compromisos en materia de desarrollo sostenible, delincuencia organizada transnacional, migraci\u00f3n e igualdad de g\u00e9nero.<\/p>\n<p>\u201cLa UE y M\u00e9xico ya son socios de confianza. Ahora queremos profundizar a\u00fan m\u00e1s nuestra cooperaci\u00f3n, lo que beneficiar\u00e1 enormemente a nuestros ciudadanos y a nuestras econom\u00edas\u201d, dijo Ursula von der Leyen, presidenta de la Comisi\u00f3n Europea.<\/p>\n<p>\u201cLos exportadores de la UE obtendr\u00e1n nuevas oportunidades comerciales, incluidos nuestros agricultores y empresas agroalimentarias. Este acuerdo hist\u00f3rico demuestra que un comercio abierto y basado en normas puede contribuir a nuestra prosperidad y seguridad econ\u00f3mica, as\u00ed como a la acci\u00f3n clim\u00e1tica y al desarrollo sostenible. Espero trabajar con la presidenta (Claudia) Sheinbaum para cumplir la promesa de este acuerdo\u201d, agreg\u00f3.<\/p>\n<p>La modernizaci\u00f3n del Acuerdo Global comenz\u00f3 casi a la par de la renegociaci\u00f3n del Tratado de Libre Comercio de Am\u00e9rica del Norte (TLCAN), antecesor del T-MEC. No obstante, si bien la negociaci\u00f3n culmin\u00f3 en 2018, durante la pasada administraci\u00f3n no continu\u00f3 el proceso para terminar la modernizaci\u00f3n.<\/p>\n<p>Uno de los temas que obstaculizaron el proceso fue indicaciones geogr\u00e1ficas, la cual reconoce a los productos como originarios de ciertas regiones, como es el caso de la champa\u00f1a en Champagne, Francia, o el tequila, en Jalisco.<\/p>\n<p>Datos de la UE muestran que el comercio de bienes entre la UE y M\u00e9xico alcanz\u00f3 los 82 mil millones de euros en 2023, mientras que el comercio bilateral de servicios alcanz\u00f3 los 22 mil millones de euros en 2022, lo que convierte a M\u00e9xico en el segundo socio comercial m\u00e1s importante de la UE en Am\u00e9rica Latina.<\/p>\n<p>Ahora ambas partes proceder\u00e1n para ratificar el Acuerdo Global, que en el caso de M\u00e9xico lo hace el Senado de la Rep\u00fablica.<\/p>\n<p>Fuente: La Jornada.<\/p>\n","protected":false},"excerpt":{"rendered":"<p>El gobierno mexicano y la Uni\u00f3n Europea (UE) concluyeron las negociaciones para modernizar el Acuerdo&#8230;<\/p>\n","protected":false},"author":1,"featured_media":8266,"comment_status":"open","ping_status":"closed","sticky":false,"template":"","format":"standard","meta":{"footnotes":""},"categories":[37],"tags":[2808,9,2809],"class_list":["post-8265","post","type-post","status-publish","format-standard","has-post-thumbnail","hentry","category-economia","tag-acuerdo-comercial-marcelo-ebrard","tag-mexico","tag-union-europea"],"yoast_head":"<!-- This site is optimized with the Yoast SEO plugin v27.5 - https:\/\/yoast.com\/product\/yoast-seo-wordpress\/ -->\n<title>M\u00e9xico y UE modernizan acuerdo Global - NOTICIAS DE LA 4T<\/title>\n<meta name=\"robots\" content=\"noindex, follow, max-snippet:-1, max-image-preview:large, max-video-preview:-1\" \/>\n<meta property=\"og:locale\" content=\"es_MX\" \/>\n<meta property=\"og:type\" content=\"article\" \/>\n<meta property=\"og:title\" content=\"M\u00e9xico y UE modernizan acuerdo Global - NOTICIAS DE LA 4T\" \/>\n<meta property=\"og:description\" content=\"El gobierno mexicano y la Uni\u00f3n Europea (UE) concluyeron las negociaciones para modernizar el Acuerdo...\" \/>\n<meta property=\"og:url\" content=\"https:\/\/redamlo.com\/index.php\/2025\/01\/17\/mexico-y-ue-modernizan-acuerdo-global\/\" \/>\n<meta property=\"og:site_name\" content=\"NOTICIAS DE LA 4T\" \/>\n<meta property=\"article:published_time\" content=\"2025-01-17T23:56:55+00:00\" \/>\n<meta property=\"og:image\" content=\"https:\/\/redamlo.com\/wp-content\/uploads\/2025\/01\/union-europea-acuerdo.jpg\" \/>\n\t<meta property=\"og:image:width\" content=\"750\" \/>\n\t<meta property=\"og:image:height\" content=\"433\" \/>\n\t<meta property=\"og:image:type\" content=\"image\/jpeg\" \/>\n<meta name=\"author\" content=\"admin\" \/>\n<meta name=\"twitter:card\" content=\"summary_large_image\" \/>\n<meta name=\"twitter:label1\" content=\"Escrito por\" \/>\n\t<meta name=\"twitter:data1\" content=\"admin\" \/>\n\t<meta name=\"twitter:label2\" content=\"Tiempo de lectura\" \/>\n\t<meta name=\"twitter:data2\" content=\"3 minutos\" \/>\n<script type=\"application\/ld+json\" class=\"yoast-schema-graph\">{\"@context\":\"https:\\\/\\\/schema.org\",\"@graph\":[{\"@type\":\"Article\",\"@id\":\"https:\\\/\\\/redamlo.com\\\/index.php\\\/2025\\\/01\\\/17\\\/mexico-y-ue-modernizan-acuerdo-global\\\/#article\",\"isPartOf\":{\"@id\":\"https:\\\/\\\/redamlo.com\\\/index.php\\\/2025\\\/01\\\/17\\\/mexico-y-ue-modernizan-acuerdo-global\\\/\"},\"author\":{\"name\":\"admin\",\"@id\":\"https:\\\/\\\/redamlo.com\\\/#\\\/schema\\\/person\\\/197a0a670d21b1f4f1483ddda1b64613\"},\"headline\":\"M\u00e9xico y UE modernizan acuerdo Global\",\"datePublished\":\"2025-01-17T23:56:55+00:00\",\"mainEntityOfPage\":{\"@id\":\"https:\\\/\\\/redamlo.com\\\/index.php\\\/2025\\\/01\\\/17\\\/mexico-y-ue-modernizan-acuerdo-global\\\/\"},\"wordCount\":639,\"commentCount\":0,\"publisher\":{\"@id\":\"https:\\\/\\\/redamlo.com\\\/#organization\"},\"image\":{\"@id\":\"https:\\\/\\\/redamlo.com\\\/index.php\\\/2025\\\/01\\\/17\\\/mexico-y-ue-modernizan-acuerdo-global\\\/#primaryimage\"},\"thumbnailUrl\":\"https:\\\/\\\/redamlo.com\\\/wp-content\\\/uploads\\\/2025\\\/01\\\/union-europea-acuerdo.jpg\",\"keywords\":[\"acuerdo comercial marcelo ebrard\",\"M\u00e9xico\",\"union europea\"],\"articleSection\":[\"Econom\u00eda\"],\"inLanguage\":\"es\",\"potentialAction\":[{\"@type\":\"CommentAction\",\"name\":\"Comment\",\"target\":[\"https:\\\/\\\/redamlo.com\\\/index.php\\\/2025\\\/01\\\/17\\\/mexico-y-ue-modernizan-acuerdo-global\\\/#respond\"]}]},{\"@type\":\"WebPage\",\"@id\":\"https:\\\/\\\/redamlo.com\\\/index.php\\\/2025\\\/01\\\/17\\\/mexico-y-ue-modernizan-acuerdo-global\\\/\",\"url\":\"https:\\\/\\\/redamlo.com\\\/index.php\\\/2025\\\/01\\\/17\\\/mexico-y-ue-modernizan-acuerdo-global\\\/\",\"name\":\"M\u00e9xico y UE modernizan acuerdo Global - NOTICIAS DE LA 4T\",\"isPartOf\":{\"@id\":\"https:\\\/\\\/redamlo.com\\\/#website\"},\"primaryImageOfPage\":{\"@id\":\"https:\\\/\\\/redamlo.com\\\/index.php\\\/2025\\\/01\\\/17\\\/mexico-y-ue-modernizan-acuerdo-global\\\/#primaryimage\"},\"image\":{\"@id\":\"https:\\\/\\\/redamlo.com\\\/index.php\\\/2025\\\/01\\\/17\\\/mexico-y-ue-modernizan-acuerdo-global\\\/#primaryimage\"},\"thumbnailUrl\":\"https:\\\/\\\/redamlo.com\\\/wp-content\\\/uploads\\\/2025\\\/01\\\/union-europea-acuerdo.jpg\",\"datePublished\":\"2025-01-17T23:56:55+00:00\",\"breadcrumb\":{\"@id\":\"https:\\\/\\\/redamlo.com\\\/index.php\\\/2025\\\/01\\\/17\\\/mexico-y-ue-modernizan-acuerdo-global\\\/#breadcrumb\"},\"inLanguage\":\"es\",\"potentialAction\":[{\"@type\":\"ReadAction\",\"target\":[\"https:\\\/\\\/redamlo.com\\\/index.php\\\/2025\\\/01\\\/17\\\/mexico-y-ue-modernizan-acuerdo-global\\\/\"]}]},{\"@type\":\"ImageObject\",\"inLanguage\":\"es\",\"@id\":\"https:\\\/\\\/redamlo.com\\\/index.php\\\/2025\\\/01\\\/17\\\/mexico-y-ue-modernizan-acuerdo-global\\\/#primaryimage\",\"url\":\"https:\\\/\\\/redamlo.com\\\/wp-content\\\/uploads\\\/2025\\\/01\\\/union-europea-acuerdo.jpg\",\"contentUrl\":\"https:\\\/\\\/redamlo.com\\\/wp-content\\\/uploads\\\/2025\\\/01\\\/union-europea-acuerdo.jpg\",\"width\":750,\"height\":433},{\"@type\":\"BreadcrumbList\",\"@id\":\"https:\\\/\\\/redamlo.com\\\/index.php\\\/2025\\\/01\\\/17\\\/mexico-y-ue-modernizan-acuerdo-global\\\/#breadcrumb\",\"itemListElement\":[{\"@type\":\"ListItem\",\"position\":1,\"name\":\"Inicio\",\"item\":\"https:\\\/\\\/redamlo.com\\\/\"},{\"@type\":\"ListItem\",\"position\":2,\"name\":\"M\u00e9xico y UE modernizan acuerdo Global\"}]},{\"@type\":\"WebSite\",\"@id\":\"https:\\\/\\\/redamlo.com\\\/#website\",\"url\":\"https:\\\/\\\/redamlo.com\\\/\",\"name\":\"NOTICIAS DE LA 4T\",\"description\":\"\",\"publisher\":{\"@id\":\"https:\\\/\\\/redamlo.com\\\/#organization\"},\"potentialAction\":[{\"@type\":\"SearchAction\",\"target\":{\"@type\":\"EntryPoint\",\"urlTemplate\":\"https:\\\/\\\/redamlo.com\\\/?s={search_term_string}\"},\"query-input\":{\"@type\":\"PropertyValueSpecification\",\"valueRequired\":true,\"valueName\":\"search_term_string\"}}],\"inLanguage\":\"es\"},{\"@type\":\"Organization\",\"@id\":\"https:\\\/\\\/redamlo.com\\\/#organization\",\"name\":\"NOTICIAS DE LA 4T\",\"url\":\"https:\\\/\\\/redamlo.com\\\/\",\"logo\":{\"@type\":\"ImageObject\",\"inLanguage\":\"es\",\"@id\":\"https:\\\/\\\/redamlo.com\\\/#\\\/schema\\\/logo\\\/image\\\/\",\"url\":\"https:\\\/\\\/redamlo.com\\\/wp-content\\\/uploads\\\/2024\\\/08\\\/cropped-RED-AMLO-logo-50.png\",\"contentUrl\":\"https:\\\/\\\/redamlo.com\\\/wp-content\\\/uploads\\\/2024\\\/08\\\/cropped-RED-AMLO-logo-50.png\",\"width\":256,\"height\":256,\"caption\":\"NOTICIAS DE LA 4T\"},\"image\":{\"@id\":\"https:\\\/\\\/redamlo.com\\\/#\\\/schema\\\/logo\\\/image\\\/\"}},{\"@type\":\"Person\",\"@id\":\"https:\\\/\\\/redamlo.com\\\/#\\\/schema\\\/person\\\/197a0a670d21b1f4f1483ddda1b64613\",\"name\":\"admin\",\"image\":{\"@type\":\"ImageObject\",\"inLanguage\":\"es\",\"@id\":\"https:\\\/\\\/secure.gravatar.com\\\/avatar\\\/293dccd927043f2e641da6685c2f84009782eb9ee0054daceada4e261ded849a?s=96&d=mm&r=g\",\"url\":\"https:\\\/\\\/secure.gravatar.com\\\/avatar\\\/293dccd927043f2e641da6685c2f84009782eb9ee0054daceada4e261ded849a?s=96&d=mm&r=g\",\"contentUrl\":\"https:\\\/\\\/secure.gravatar.com\\\/avatar\\\/293dccd927043f2e641da6685c2f84009782eb9ee0054daceada4e261ded849a?s=96&d=mm&r=g\",\"caption\":\"admin\"},\"sameAs\":[\"https:\\\/\\\/redamlo.com\"],\"url\":\"https:\\\/\\\/redamlo.com\\\/index.php\\\/author\\\/stell\\\/\"}]}<\/script>\n<!-- \/ Yoast SEO plugin. -->","yoast_head_json":{"title":"M\u00e9xico y UE modernizan acuerdo Global - NOTICIAS DE LA 4T","robots":{"index":"noindex","follow":"follow","max-snippet":"max-snippet:-1","max-image-preview":"max-image-preview:large","max-video-preview":"max-video-preview:-1"},"og_locale":"es_MX","og_type":"article","og_title":"M\u00e9xico y UE modernizan acuerdo Global - NOTICIAS DE LA 4T","og_description":"El gobierno mexicano y la Uni\u00f3n Europea (UE) concluyeron las negociaciones para modernizar el Acuerdo...","og_url":"https:\/\/redamlo.com\/index.php\/2025\/01\/17\/mexico-y-ue-modernizan-acuerdo-global\/","og_site_name":"NOTICIAS DE LA 4T","article_published_time":"2025-01-17T23:56:55+00:00","og_image":[{"width":750,"height":433,"url":"https:\/\/redamlo.com\/wp-content\/uploads\/2025\/01\/union-europea-acuerdo.jpg","type":"image\/jpeg"}],"author":"admin","twitter_card":"summary_large_image","twitter_misc":{"Escrito por":"admin","Tiempo de lectura":"3 minutos"},"schema":{"@context":"https:\/\/schema.org","@graph":[{"@type":"Article","@id":"https:\/\/redamlo.com\/index.php\/2025\/01\/17\/mexico-y-ue-modernizan-acuerdo-global\/#article","isPartOf":{"@id":"https:\/\/redamlo.com\/index.php\/2025\/01\/17\/mexico-y-ue-modernizan-acuerdo-global\/"},"author":{"name":"admin","@id":"https:\/\/redamlo.com\/#\/schema\/person\/197a0a670d21b1f4f1483ddda1b64613"},"headline":"M\u00e9xico y UE modernizan acuerdo Global","datePublished":"2025-01-17T23:56:55+00:00","mainEntityOfPage":{"@id":"https:\/\/redamlo.com\/index.php\/2025\/01\/17\/mexico-y-ue-modernizan-acuerdo-global\/"},"wordCount":639,"commentCount":0,"publisher":{"@id":"https:\/\/redamlo.com\/#organization"},"image":{"@id":"https:\/\/redamlo.com\/index.php\/2025\/01\/17\/mexico-y-ue-modernizan-acuerdo-global\/#primaryimage"},"thumbnailUrl":"https:\/\/redamlo.com\/wp-content\/uploads\/2025\/01\/union-europea-acuerdo.jpg","keywords":["acuerdo comercial marcelo ebrard","M\u00e9xico","union europea"],"articleSection":["Econom\u00eda"],"inLanguage":"es","potentialAction":[{"@type":"CommentAction","name":"Comment","target":["https:\/\/redamlo.com\/index.php\/2025\/01\/17\/mexico-y-ue-modernizan-acuerdo-global\/#respond"]}]},{"@type":"WebPage","@id":"https:\/\/redamlo.com\/index.php\/2025\/01\/17\/mexico-y-ue-modernizan-acuerdo-global\/","url":"https:\/\/redamlo.com\/index.php\/2025\/01\/17\/mexico-y-ue-modernizan-acuerdo-global\/","name":"M\u00e9xico y UE modernizan acuerdo Global - NOTICIAS DE LA 4T","isPartOf":{"@id":"https:\/\/redamlo.com\/#website"},"primaryImageOfPage":{"@id":"https:\/\/redamlo.com\/index.php\/2025\/01\/17\/mexico-y-ue-modernizan-acuerdo-global\/#primaryimage"},"image":{"@id":"https:\/\/redamlo.com\/index.php\/2025\/01\/17\/mexico-y-ue-modernizan-acuerdo-global\/#primaryimage"},"thumbnailUrl":"https:\/\/redamlo.com\/wp-content\/uploads\/2025\/01\/union-europea-acuerdo.jpg","datePublished":"2025-01-17T23:56:55+00:00","breadcrumb":{"@id":"https:\/\/redamlo.com\/index.php\/2025\/01\/17\/mexico-y-ue-modernizan-acuerdo-global\/#breadcrumb"},"inLanguage":"es","potentialAction":[{"@type":"ReadAction","target":["https:\/\/redamlo.com\/index.php\/2025\/01\/17\/mexico-y-ue-modernizan-acuerdo-global\/"]}]},{"@type":"ImageObject","inLanguage":"es","@id":"https:\/\/redamlo.com\/index.php\/2025\/01\/17\/mexico-y-ue-modernizan-acuerdo-global\/#primaryimage","url":"https:\/\/redamlo.com\/wp-content\/uploads\/2025\/01\/union-europea-acuerdo.jpg","contentUrl":"https:\/\/redamlo.com\/wp-content\/uploads\/2025\/01\/union-europea-acuerdo.jpg","width":750,"height":433},{"@type":"BreadcrumbList","@id":"https:\/\/redamlo.com\/index.php\/2025\/01\/17\/mexico-y-ue-modernizan-acuerdo-global\/#breadcrumb","itemListElement":[{"@type":"ListItem","position":1,"name":"Inicio","item":"https:\/\/redamlo.com\/"},{"@type":"ListItem","position":2,"name":"M\u00e9xico y UE modernizan acuerdo Global"}]},{"@type":"WebSite","@id":"https:\/\/redamlo.com\/#website","url":"https:\/\/redamlo.com\/","name":"NOTICIAS DE LA 4T","description":"","publisher":{"@id":"https:\/\/redamlo.com\/#organization"},"potentialAction":[{"@type":"SearchAction","target":{"@type":"EntryPoint","urlTemplate":"https:\/\/redamlo.com\/?s={search_term_string}"},"query-input":{"@type":"PropertyValueSpecification","valueRequired":true,"valueName":"search_term_string"}}],"inLanguage":"es"},{"@type":"Organization","@id":"https:\/\/redamlo.com\/#organization","name":"NOTICIAS DE LA 4T","url":"https:\/\/redamlo.com\/","logo":{"@type":"ImageObject","inLanguage":"es","@id":"https:\/\/redamlo.com\/#\/schema\/logo\/image\/","url":"https:\/\/redamlo.com\/wp-content\/uploads\/2024\/08\/cropped-RED-AMLO-logo-50.png","contentUrl":"https:\/\/redamlo.com\/wp-content\/uploads\/2024\/08\/cropped-RED-AMLO-logo-50.png","width":256,"height":256,"caption":"NOTICIAS DE LA 4T"},"image":{"@id":"https:\/\/redamlo.com\/#\/schema\/logo\/image\/"}},{"@type":"Person","@id":"https:\/\/redamlo.com\/#\/schema\/person\/197a0a670d21b1f4f1483ddda1b64613","name":"admin","image":{"@type":"ImageObject","inLanguage":"es","@id":"https:\/\/secure.gravatar.com\/avatar\/293dccd927043f2e641da6685c2f84009782eb9ee0054daceada4e261ded849a?s=96&d=mm&r=g","url":"https:\/\/secure.gravatar.com\/avatar\/293dccd927043f2e641da6685c2f84009782eb9ee0054daceada4e261ded849a?s=96&d=mm&r=g","contentUrl":"https:\/\/secure.gravatar.com\/avatar\/293dccd927043f2e641da6685c2f84009782eb9ee0054daceada4e261ded849a?s=96&d=mm&r=g","caption":"admin"},"sameAs":["https:\/\/redamlo.com"],"url":"https:\/\/redamlo.com\/index.php\/author\/stell\/"}]}},"_links":{"self":[{"href":"https:\/\/redamlo.com\/index.php\/wp-json\/wp\/v2\/posts\/8265","targetHints":{"allow":["GET"]}}],"collection":[{"href":"https:\/\/redamlo.com\/index.php\/wp-json\/wp\/v2\/posts"}],"about":[{"href":"https:\/\/redamlo.com\/index.php\/wp-json\/wp\/v2\/types\/post"}],"author":[{"embeddable":true,"href":"https:\/\/redamlo.com\/index.php\/wp-json\/wp\/v2\/users\/1"}],"replies":[{"embeddable":true,"href":"https:\/\/redamlo.com\/index.php\/wp-json\/wp\/v2\/comments?post=8265"}],"version-history":[{"count":0,"href":"https:\/\/redamlo.com\/index.php\/wp-json\/wp\/v2\/posts\/8265\/revisions"}],"wp:featuredmedia":[{"embeddable":true,"href":"https:\/\/redamlo.com\/index.php\/wp-json\/wp\/v2\/media\/8266"}],"wp:attachment":[{"href":"https:\/\/redamlo.com\/index.php\/wp-json\/wp\/v2\/media?parent=8265"}],"wp:term":[{"taxonomy":"category","embeddable":true,"href":"https:\/\/redamlo.com\/index.php\/wp-json\/wp\/v2\/categories?post=8265"},{"taxonomy":"post_tag","embeddable":true,"href":"https:\/\/redamlo.com\/index.php\/wp-json\/wp\/v2\/tags?post=8265"}],"curies":[{"name":"wp","href":"https:\/\/api.w.org\/{rel}","templated":true}]}}