{"id":819,"date":"2020-05-18T12:01:37","date_gmt":"2020-05-18T17:01:37","guid":{"rendered":"http:\/\/redamlo.com\/?p=819"},"modified":"2020-05-18T12:01:37","modified_gmt":"2020-05-18T17:01:37","slug":"necesario-brindar-apoyo-a-maestras-y-maestros-activos-y-jubilados-frente-a-los-retos-del-covid-19","status":"publish","type":"post","link":"https:\/\/redamlo.com\/index.php\/2020\/05\/18\/necesario-brindar-apoyo-a-maestras-y-maestros-activos-y-jubilados-frente-a-los-retos-del-covid-19\/","title":{"rendered":"Necesario brindar apoyo a maestras y maestros activos y jubilados, frente a los retos del COVID-19."},"content":{"rendered":"<h2>Ciudad de M\u00e9xico, a 17 de mayo de 2020.<\/h2>\n<p><strong>Necesario brindar apoyo a maestras y maestros activos y jubilados, frente a los retos del COVID-19.<\/strong><\/p>\n<ul>\n<li><strong>Maestras y maestros ven mermada su econom\u00eda familiar para hacer atender \u201cAprende en Casa\u201d.<\/strong><\/li>\n<li><strong>Docentes jubilados enfrentan rezago en el acceso a los servicios de salud.<\/strong><\/li>\n<\/ul>\n<p><strong>\u00a0<\/strong><strong>\u00a0<\/strong><\/p>\n<p>Aplicaci\u00f3n inmediata del incremento salarial, con el consecuente pago del retroactivo al 1\u00ba de enero y apoyo para el sufragar el gasto en los servicios b\u00e1sicos de docentes activos, as\u00ed como garantizar el acceso a los maestros jubilados a los servicios de salud, son parte del documento petitorio que presenta el profesor Rafael Ochoa Guzm\u00e1n con el respaldo de la organizaci\u00f3n civil \u201c32 Por la Reivindicaci\u00f3n del Magisterio\u201d.<\/p>\n<p>En un documento de fecha del 15 de mayo, los integrantes de la organizaci\u00f3n elevan la petici\u00f3n al presidente Andr\u00e9s Manuel L\u00f3pez Obrador y al Secretario de Educaci\u00f3n P\u00fablica, Esteban Moctezuma, de atender las necesidades que enfrentan las y los maestros al tiempo que hacen \u00e9nfasis en los retos que enfrentan durante la cuarentena provocada por el COVID-19.<\/p>\n<p>Entre las 12 peticiones, se establece la necesidad de otorgar la exenci\u00f3n en el pago de luz, agua, gas y predial, durante los meses de marzo a julio, considerando que el costo de los servicios de luz, telefon\u00eda y conexi\u00f3n a internet, se incrementaron significativamente en los hogares docentes para hacer posible la estrategia de \u201cAprende en casa\u201d, que puso en marcha la SEP.<\/p>\n<p>Manifiestan asimismo, la preocupaci\u00f3n de que antes de decidir el regreso a clases, se garantice que todas las escuelas cuenten con los insumos para continuar con las medidas de prevenci\u00f3n del contagio de COVID y, que sean utilizados los recursos que tradicionalmente se invierten en festejos en la adquisici\u00f3n y dotaci\u00f3n de vestuario, equipo e insumos de protecci\u00f3n para los trabajadores de la educaci\u00f3n.<\/p>\n<p>En consonancia con una de las luchas centrales enarboladas por el profesor Rafael Ochoa en favor del magisterio, se encuentra el que la SEP verifique y garantice el pago completo que, por concepto de: bonos, compensaciones, prestaciones, promociones y salarios, se adeuda a los trabajadores de la educaci\u00f3n, en diversas entidades federativas.<\/p>\n<p>A la SEP, se requiere la apremiante soluci\u00f3n a la reiterada problem\u00e1tica de pagos pendientes, que se suma la insistente demanda de eliminar la excesiva carga administrativa que, en el marco de la labor de ense\u00f1ar desde casa, se ha incrementado y complejizado durante la pandemia.<\/p>\n<p>\u201cQue la SHCP y la SEP, realicen las gestiones necesarias para que el pago del incremento salarial y a las prestaciones que corresponde al resultado de la Negociaci\u00f3n Salarial 2020, as\u00ed como el diferencial de las repercusiones correspondientes a los meses de enero a mayo, se paguen en la quincena 10 de este 2020\u201d, dice el documento.<\/p>\n<p>En el marco de la <strong><em>Jornada Nacional de Sana Distancia<\/em><\/strong>, solicitan la suspensi\u00f3n de los procesos de cambios y permutas interestatales, con la finalidad de evitar que los trabajadores y los alumnos incurran en riesgos de dif\u00edcil diagn\u00f3stico, considerando que las escuelas representan el punto de encuentro social m\u00e1s importante de la sociedad mexicana y por lo tanto, son espacios potencialmente proclives a la transmisi\u00f3n de enfermedades virales.<\/p>\n<p>Tal y como resalt\u00f3 el maestro Ochoa Guzm\u00e1n en el mensaje emitido con motivo del D\u00eda del Maestro, se hace hincapi\u00e9 en la profunda necesidad que enfrentan las y los maestros de recibir capacitaci\u00f3n en el uso de las nuevas tecnolog\u00edas, con la finalidad de garantizar que su esfuerzo se traduzca en mejores aprendizajes de sus alumnas y alumnos.<\/p>\n<p>El documento, que consta de cuatro cuartillas, pide se gestione, ante el Poder Legislativo, la armonizaci\u00f3n de Ley de los Trabajadores al Servicio del Estado, con las disposiciones de la reciente reforma a la Ley Federal del Trabajo tiene, de tal forma que no exista lugar a excusas, reservas o evasivas a la libertad y democracia sindical, con la finalidad de hacer efectivos las disposiciones de <strong><em>Justicia Laboral, Democracia Sindical y Negociaci\u00f3n Colectiva<\/em><\/strong> de la nueva Reforma Laboral.<\/p>\n<p>Y ante el mismo Poder de la Uni\u00f3n que, en la definici\u00f3n de las \u00e1reas de gobierno, cuyo presupuesto deba ser afectado para hacer frente a las necesidades de la pandemia y la integraci\u00f3n del Proyecto de Presupuesto para el Ejercicio Fiscal 2021, no se menoscabe al sector educativo.<\/p>\n<p>Con relaci\u00f3n a la situaci\u00f3n de los docentes jubilados, preocupaci\u00f3n particular de \u201c32 Por la Reivindicaci\u00f3n del Magisterio\u201d, se demanda que se les otorgue atenci\u00f3n m\u00e9dica oportuna, acceso a los medicamentos para el tratamiento de enfermedades cr\u00f3nico degenerativas y garant\u00eda de tener acceso a un respirador, en el caso de que los requieran aquellos que han contra\u00eddo COVID-19; debido a que se tiene registro de que, a nivel nacional, al 90 por ciento de ellos les han suspendido procedimientos quir\u00fargicos, estudios cl\u00ednicos as\u00ed como citas de seguimiento y suministro de medicamento en plazos que se han extendido hasta 5 meses m\u00e1s.<\/p>\n<p>Cabe destacar que a la firma de la directiva de \u201c32 Por la Reivindicaci\u00f3n del Magisterio\u201d que; presentan las propuestas para mejorar las condiciones en las que, las y los maestros activos y jubilados, enfrentan los efectos de la pandemia, en momentos inciertos en los que no se tiene claro el momento en que habr\u00e1n de integrarse a la nueva normalidad; se suman m\u00e1s de 1,500 firmas recabadas a trav\u00e9s de la plataforma digital: <a href=\"http:\/\/chng.it\/brCpdr9P\">http:\/\/chng.it\/brCpdr9P<\/a>, en la que contin\u00faan adhiri\u00e9ndose los trabajadores de la educaci\u00f3n.<\/p>\n<p>#FelizDiaDelMaestro<\/p>\n<p>#FelizDiaDelJubilado<\/p>\n<p>#MaestrosHeroesAnonimos<\/p>\n<p>*32 Reivindicaci\u00f3n del Magisterio A.C.*<\/p>\n<p>Twitter: @3Magisterio<\/p>\n<p><a href=\"http:\/\/redamlo.com\/wp-content\/uploads\/2020\/05\/agua.jpg\"><img loading=\"lazy\" decoding=\"async\" class=\"alignnone size-full wp-image-5502\" src=\"http:\/\/redamlo.com\/wp-content\/uploads\/2020\/05\/agua.jpg\" alt=\"\" width=\"905\" height=\"1280\" \/><\/a><\/p>\n","protected":false},"excerpt":{"rendered":"<p>Ciudad de M\u00e9xico, a 17 de mayo de 2020. Necesario brindar apoyo a maestras y&#8230;<\/p>\n","protected":false},"author":2,"featured_media":821,"comment_status":"open","ping_status":"closed","sticky":false,"template":"","format":"standard","meta":{"footnotes":""},"categories":[28],"tags":[],"class_list":["post-819","post","type-post","status-publish","format-standard","has-post-thumbnail","hentry","category-educacion"],"yoast_head":"<!-- This site is optimized with the Yoast SEO plugin v27.5 - https:\/\/yoast.com\/product\/yoast-seo-wordpress\/ -->\n<title>Necesario brindar apoyo a maestras y maestros activos y jubilados, frente a los retos del COVID-19. - NOTICIAS DE LA 4T<\/title>\n<meta name=\"robots\" content=\"noindex, follow, max-snippet:-1, max-image-preview:large, max-video-preview:-1\" \/>\n<meta property=\"og:locale\" content=\"es_MX\" \/>\n<meta property=\"og:type\" content=\"article\" \/>\n<meta property=\"og:title\" content=\"Necesario brindar apoyo a maestras y maestros activos y jubilados, frente a los retos del COVID-19. - NOTICIAS DE LA 4T\" \/>\n<meta property=\"og:description\" content=\"Ciudad de M\u00e9xico, a 17 de mayo de 2020. Necesario brindar apoyo a maestras y...\" \/>\n<meta property=\"og:url\" content=\"https:\/\/redamlo.com\/index.php\/2020\/05\/18\/necesario-brindar-apoyo-a-maestras-y-maestros-activos-y-jubilados-frente-a-los-retos-del-covid-19\/\" \/>\n<meta property=\"og:site_name\" content=\"NOTICIAS DE LA 4T\" \/>\n<meta property=\"article:published_time\" content=\"2020-05-18T17:01:37+00:00\" \/>\n<meta property=\"og:image\" content=\"https:\/\/redamlo.com\/wp-content\/uploads\/2020\/05\/prof-rafael-ochoa.jpg\" \/>\n\t<meta property=\"og:image:width\" content=\"1073\" \/>\n\t<meta property=\"og:image:height\" content=\"590\" \/>\n\t<meta property=\"og:image:type\" content=\"image\/jpeg\" \/>\n<meta name=\"author\" content=\"Blanca\" \/>\n<meta name=\"twitter:card\" content=\"summary_large_image\" \/>\n<meta name=\"twitter:label1\" content=\"Escrito por\" \/>\n\t<meta name=\"twitter:data1\" content=\"Blanca\" \/>\n\t<meta name=\"twitter:label2\" content=\"Tiempo de lectura\" \/>\n\t<meta name=\"twitter:data2\" content=\"5 minutos\" \/>\n<script type=\"application\/ld+json\" class=\"yoast-schema-graph\">{\"@context\":\"https:\\\/\\\/schema.org\",\"@graph\":[{\"@type\":\"Article\",\"@id\":\"https:\\\/\\\/redamlo.com\\\/index.php\\\/2020\\\/05\\\/18\\\/necesario-brindar-apoyo-a-maestras-y-maestros-activos-y-jubilados-frente-a-los-retos-del-covid-19\\\/#article\",\"isPartOf\":{\"@id\":\"https:\\\/\\\/redamlo.com\\\/index.php\\\/2020\\\/05\\\/18\\\/necesario-brindar-apoyo-a-maestras-y-maestros-activos-y-jubilados-frente-a-los-retos-del-covid-19\\\/\"},\"author\":{\"name\":\"Blanca\",\"@id\":\"https:\\\/\\\/redamlo.com\\\/#\\\/schema\\\/person\\\/7223a4375eb8f1a782fcae010a7115cf\"},\"headline\":\"Necesario brindar apoyo a maestras y maestros activos y jubilados, frente a los retos del COVID-19.\",\"datePublished\":\"2020-05-18T17:01:37+00:00\",\"mainEntityOfPage\":{\"@id\":\"https:\\\/\\\/redamlo.com\\\/index.php\\\/2020\\\/05\\\/18\\\/necesario-brindar-apoyo-a-maestras-y-maestros-activos-y-jubilados-frente-a-los-retos-del-covid-19\\\/\"},\"wordCount\":976,\"commentCount\":0,\"publisher\":{\"@id\":\"https:\\\/\\\/redamlo.com\\\/#organization\"},\"image\":{\"@id\":\"https:\\\/\\\/redamlo.com\\\/index.php\\\/2020\\\/05\\\/18\\\/necesario-brindar-apoyo-a-maestras-y-maestros-activos-y-jubilados-frente-a-los-retos-del-covid-19\\\/#primaryimage\"},\"thumbnailUrl\":\"https:\\\/\\\/redamlo.com\\\/wp-content\\\/uploads\\\/2020\\\/05\\\/prof-rafael-ochoa.jpg\",\"articleSection\":[\"Educaci\u00f3n\"],\"inLanguage\":\"es\",\"potentialAction\":[{\"@type\":\"CommentAction\",\"name\":\"Comment\",\"target\":[\"https:\\\/\\\/redamlo.com\\\/index.php\\\/2020\\\/05\\\/18\\\/necesario-brindar-apoyo-a-maestras-y-maestros-activos-y-jubilados-frente-a-los-retos-del-covid-19\\\/#respond\"]}]},{\"@type\":\"WebPage\",\"@id\":\"https:\\\/\\\/redamlo.com\\\/index.php\\\/2020\\\/05\\\/18\\\/necesario-brindar-apoyo-a-maestras-y-maestros-activos-y-jubilados-frente-a-los-retos-del-covid-19\\\/\",\"url\":\"https:\\\/\\\/redamlo.com\\\/index.php\\\/2020\\\/05\\\/18\\\/necesario-brindar-apoyo-a-maestras-y-maestros-activos-y-jubilados-frente-a-los-retos-del-covid-19\\\/\",\"name\":\"Necesario brindar apoyo a maestras y maestros activos y jubilados, frente a los retos del COVID-19. - NOTICIAS DE LA 4T\",\"isPartOf\":{\"@id\":\"https:\\\/\\\/redamlo.com\\\/#website\"},\"primaryImageOfPage\":{\"@id\":\"https:\\\/\\\/redamlo.com\\\/index.php\\\/2020\\\/05\\\/18\\\/necesario-brindar-apoyo-a-maestras-y-maestros-activos-y-jubilados-frente-a-los-retos-del-covid-19\\\/#primaryimage\"},\"image\":{\"@id\":\"https:\\\/\\\/redamlo.com\\\/index.php\\\/2020\\\/05\\\/18\\\/necesario-brindar-apoyo-a-maestras-y-maestros-activos-y-jubilados-frente-a-los-retos-del-covid-19\\\/#primaryimage\"},\"thumbnailUrl\":\"https:\\\/\\\/redamlo.com\\\/wp-content\\\/uploads\\\/2020\\\/05\\\/prof-rafael-ochoa.jpg\",\"datePublished\":\"2020-05-18T17:01:37+00:00\",\"breadcrumb\":{\"@id\":\"https:\\\/\\\/redamlo.com\\\/index.php\\\/2020\\\/05\\\/18\\\/necesario-brindar-apoyo-a-maestras-y-maestros-activos-y-jubilados-frente-a-los-retos-del-covid-19\\\/#breadcrumb\"},\"inLanguage\":\"es\",\"potentialAction\":[{\"@type\":\"ReadAction\",\"target\":[\"https:\\\/\\\/redamlo.com\\\/index.php\\\/2020\\\/05\\\/18\\\/necesario-brindar-apoyo-a-maestras-y-maestros-activos-y-jubilados-frente-a-los-retos-del-covid-19\\\/\"]}]},{\"@type\":\"ImageObject\",\"inLanguage\":\"es\",\"@id\":\"https:\\\/\\\/redamlo.com\\\/index.php\\\/2020\\\/05\\\/18\\\/necesario-brindar-apoyo-a-maestras-y-maestros-activos-y-jubilados-frente-a-los-retos-del-covid-19\\\/#primaryimage\",\"url\":\"https:\\\/\\\/redamlo.com\\\/wp-content\\\/uploads\\\/2020\\\/05\\\/prof-rafael-ochoa.jpg\",\"contentUrl\":\"https:\\\/\\\/redamlo.com\\\/wp-content\\\/uploads\\\/2020\\\/05\\\/prof-rafael-ochoa.jpg\",\"width\":1073,\"height\":590},{\"@type\":\"BreadcrumbList\",\"@id\":\"https:\\\/\\\/redamlo.com\\\/index.php\\\/2020\\\/05\\\/18\\\/necesario-brindar-apoyo-a-maestras-y-maestros-activos-y-jubilados-frente-a-los-retos-del-covid-19\\\/#breadcrumb\",\"itemListElement\":[{\"@type\":\"ListItem\",\"position\":1,\"name\":\"Inicio\",\"item\":\"https:\\\/\\\/redamlo.com\\\/\"},{\"@type\":\"ListItem\",\"position\":2,\"name\":\"Necesario brindar apoyo a maestras y maestros activos y jubilados, frente a los retos del COVID-19.\"}]},{\"@type\":\"WebSite\",\"@id\":\"https:\\\/\\\/redamlo.com\\\/#website\",\"url\":\"https:\\\/\\\/redamlo.com\\\/\",\"name\":\"NOTICIAS DE LA 4T\",\"description\":\"\",\"publisher\":{\"@id\":\"https:\\\/\\\/redamlo.com\\\/#organization\"},\"potentialAction\":[{\"@type\":\"SearchAction\",\"target\":{\"@type\":\"EntryPoint\",\"urlTemplate\":\"https:\\\/\\\/redamlo.com\\\/?s={search_term_string}\"},\"query-input\":{\"@type\":\"PropertyValueSpecification\",\"valueRequired\":true,\"valueName\":\"search_term_string\"}}],\"inLanguage\":\"es\"},{\"@type\":\"Organization\",\"@id\":\"https:\\\/\\\/redamlo.com\\\/#organization\",\"name\":\"NOTICIAS DE LA 4T\",\"url\":\"https:\\\/\\\/redamlo.com\\\/\",\"logo\":{\"@type\":\"ImageObject\",\"inLanguage\":\"es\",\"@id\":\"https:\\\/\\\/redamlo.com\\\/#\\\/schema\\\/logo\\\/image\\\/\",\"url\":\"https:\\\/\\\/redamlo.com\\\/wp-content\\\/uploads\\\/2024\\\/08\\\/cropped-RED-AMLO-logo-50.png\",\"contentUrl\":\"https:\\\/\\\/redamlo.com\\\/wp-content\\\/uploads\\\/2024\\\/08\\\/cropped-RED-AMLO-logo-50.png\",\"width\":256,\"height\":256,\"caption\":\"NOTICIAS DE LA 4T\"},\"image\":{\"@id\":\"https:\\\/\\\/redamlo.com\\\/#\\\/schema\\\/logo\\\/image\\\/\"}},{\"@type\":\"Person\",\"@id\":\"https:\\\/\\\/redamlo.com\\\/#\\\/schema\\\/person\\\/7223a4375eb8f1a782fcae010a7115cf\",\"name\":\"Blanca\",\"image\":{\"@type\":\"ImageObject\",\"inLanguage\":\"es\",\"@id\":\"https:\\\/\\\/secure.gravatar.com\\\/avatar\\\/3f79bc8336367a4e6093eae8757acaaf61d1124834b905616de7829b0273426d?s=96&d=mm&r=g\",\"url\":\"https:\\\/\\\/secure.gravatar.com\\\/avatar\\\/3f79bc8336367a4e6093eae8757acaaf61d1124834b905616de7829b0273426d?s=96&d=mm&r=g\",\"contentUrl\":\"https:\\\/\\\/secure.gravatar.com\\\/avatar\\\/3f79bc8336367a4e6093eae8757acaaf61d1124834b905616de7829b0273426d?s=96&d=mm&r=g\",\"caption\":\"Blanca\"},\"url\":\"https:\\\/\\\/redamlo.com\\\/index.php\\\/author\\\/blanca\\\/\"}]}<\/script>\n<!-- \/ Yoast SEO plugin. -->","yoast_head_json":{"title":"Necesario brindar apoyo a maestras y maestros activos y jubilados, frente a los retos del COVID-19. - NOTICIAS DE LA 4T","robots":{"index":"noindex","follow":"follow","max-snippet":"max-snippet:-1","max-image-preview":"max-image-preview:large","max-video-preview":"max-video-preview:-1"},"og_locale":"es_MX","og_type":"article","og_title":"Necesario brindar apoyo a maestras y maestros activos y jubilados, frente a los retos del COVID-19. - NOTICIAS DE LA 4T","og_description":"Ciudad de M\u00e9xico, a 17 de mayo de 2020. Necesario brindar apoyo a maestras y...","og_url":"https:\/\/redamlo.com\/index.php\/2020\/05\/18\/necesario-brindar-apoyo-a-maestras-y-maestros-activos-y-jubilados-frente-a-los-retos-del-covid-19\/","og_site_name":"NOTICIAS DE LA 4T","article_published_time":"2020-05-18T17:01:37+00:00","og_image":[{"width":1073,"height":590,"url":"https:\/\/redamlo.com\/wp-content\/uploads\/2020\/05\/prof-rafael-ochoa.jpg","type":"image\/jpeg"}],"author":"Blanca","twitter_card":"summary_large_image","twitter_misc":{"Escrito por":"Blanca","Tiempo de lectura":"5 minutos"},"schema":{"@context":"https:\/\/schema.org","@graph":[{"@type":"Article","@id":"https:\/\/redamlo.com\/index.php\/2020\/05\/18\/necesario-brindar-apoyo-a-maestras-y-maestros-activos-y-jubilados-frente-a-los-retos-del-covid-19\/#article","isPartOf":{"@id":"https:\/\/redamlo.com\/index.php\/2020\/05\/18\/necesario-brindar-apoyo-a-maestras-y-maestros-activos-y-jubilados-frente-a-los-retos-del-covid-19\/"},"author":{"name":"Blanca","@id":"https:\/\/redamlo.com\/#\/schema\/person\/7223a4375eb8f1a782fcae010a7115cf"},"headline":"Necesario brindar apoyo a maestras y maestros activos y jubilados, frente a los retos del COVID-19.","datePublished":"2020-05-18T17:01:37+00:00","mainEntityOfPage":{"@id":"https:\/\/redamlo.com\/index.php\/2020\/05\/18\/necesario-brindar-apoyo-a-maestras-y-maestros-activos-y-jubilados-frente-a-los-retos-del-covid-19\/"},"wordCount":976,"commentCount":0,"publisher":{"@id":"https:\/\/redamlo.com\/#organization"},"image":{"@id":"https:\/\/redamlo.com\/index.php\/2020\/05\/18\/necesario-brindar-apoyo-a-maestras-y-maestros-activos-y-jubilados-frente-a-los-retos-del-covid-19\/#primaryimage"},"thumbnailUrl":"https:\/\/redamlo.com\/wp-content\/uploads\/2020\/05\/prof-rafael-ochoa.jpg","articleSection":["Educaci\u00f3n"],"inLanguage":"es","potentialAction":[{"@type":"CommentAction","name":"Comment","target":["https:\/\/redamlo.com\/index.php\/2020\/05\/18\/necesario-brindar-apoyo-a-maestras-y-maestros-activos-y-jubilados-frente-a-los-retos-del-covid-19\/#respond"]}]},{"@type":"WebPage","@id":"https:\/\/redamlo.com\/index.php\/2020\/05\/18\/necesario-brindar-apoyo-a-maestras-y-maestros-activos-y-jubilados-frente-a-los-retos-del-covid-19\/","url":"https:\/\/redamlo.com\/index.php\/2020\/05\/18\/necesario-brindar-apoyo-a-maestras-y-maestros-activos-y-jubilados-frente-a-los-retos-del-covid-19\/","name":"Necesario brindar apoyo a maestras y maestros activos y jubilados, frente a los retos del COVID-19. - NOTICIAS DE LA 4T","isPartOf":{"@id":"https:\/\/redamlo.com\/#website"},"primaryImageOfPage":{"@id":"https:\/\/redamlo.com\/index.php\/2020\/05\/18\/necesario-brindar-apoyo-a-maestras-y-maestros-activos-y-jubilados-frente-a-los-retos-del-covid-19\/#primaryimage"},"image":{"@id":"https:\/\/redamlo.com\/index.php\/2020\/05\/18\/necesario-brindar-apoyo-a-maestras-y-maestros-activos-y-jubilados-frente-a-los-retos-del-covid-19\/#primaryimage"},"thumbnailUrl":"https:\/\/redamlo.com\/wp-content\/uploads\/2020\/05\/prof-rafael-ochoa.jpg","datePublished":"2020-05-18T17:01:37+00:00","breadcrumb":{"@id":"https:\/\/redamlo.com\/index.php\/2020\/05\/18\/necesario-brindar-apoyo-a-maestras-y-maestros-activos-y-jubilados-frente-a-los-retos-del-covid-19\/#breadcrumb"},"inLanguage":"es","potentialAction":[{"@type":"ReadAction","target":["https:\/\/redamlo.com\/index.php\/2020\/05\/18\/necesario-brindar-apoyo-a-maestras-y-maestros-activos-y-jubilados-frente-a-los-retos-del-covid-19\/"]}]},{"@type":"ImageObject","inLanguage":"es","@id":"https:\/\/redamlo.com\/index.php\/2020\/05\/18\/necesario-brindar-apoyo-a-maestras-y-maestros-activos-y-jubilados-frente-a-los-retos-del-covid-19\/#primaryimage","url":"https:\/\/redamlo.com\/wp-content\/uploads\/2020\/05\/prof-rafael-ochoa.jpg","contentUrl":"https:\/\/redamlo.com\/wp-content\/uploads\/2020\/05\/prof-rafael-ochoa.jpg","width":1073,"height":590},{"@type":"BreadcrumbList","@id":"https:\/\/redamlo.com\/index.php\/2020\/05\/18\/necesario-brindar-apoyo-a-maestras-y-maestros-activos-y-jubilados-frente-a-los-retos-del-covid-19\/#breadcrumb","itemListElement":[{"@type":"ListItem","position":1,"name":"Inicio","item":"https:\/\/redamlo.com\/"},{"@type":"ListItem","position":2,"name":"Necesario brindar apoyo a maestras y maestros activos y jubilados, frente a los retos del COVID-19."}]},{"@type":"WebSite","@id":"https:\/\/redamlo.com\/#website","url":"https:\/\/redamlo.com\/","name":"NOTICIAS DE LA 4T","description":"","publisher":{"@id":"https:\/\/redamlo.com\/#organization"},"potentialAction":[{"@type":"SearchAction","target":{"@type":"EntryPoint","urlTemplate":"https:\/\/redamlo.com\/?s={search_term_string}"},"query-input":{"@type":"PropertyValueSpecification","valueRequired":true,"valueName":"search_term_string"}}],"inLanguage":"es"},{"@type":"Organization","@id":"https:\/\/redamlo.com\/#organization","name":"NOTICIAS DE LA 4T","url":"https:\/\/redamlo.com\/","logo":{"@type":"ImageObject","inLanguage":"es","@id":"https:\/\/redamlo.com\/#\/schema\/logo\/image\/","url":"https:\/\/redamlo.com\/wp-content\/uploads\/2024\/08\/cropped-RED-AMLO-logo-50.png","contentUrl":"https:\/\/redamlo.com\/wp-content\/uploads\/2024\/08\/cropped-RED-AMLO-logo-50.png","width":256,"height":256,"caption":"NOTICIAS DE LA 4T"},"image":{"@id":"https:\/\/redamlo.com\/#\/schema\/logo\/image\/"}},{"@type":"Person","@id":"https:\/\/redamlo.com\/#\/schema\/person\/7223a4375eb8f1a782fcae010a7115cf","name":"Blanca","image":{"@type":"ImageObject","inLanguage":"es","@id":"https:\/\/secure.gravatar.com\/avatar\/3f79bc8336367a4e6093eae8757acaaf61d1124834b905616de7829b0273426d?s=96&d=mm&r=g","url":"https:\/\/secure.gravatar.com\/avatar\/3f79bc8336367a4e6093eae8757acaaf61d1124834b905616de7829b0273426d?s=96&d=mm&r=g","contentUrl":"https:\/\/secure.gravatar.com\/avatar\/3f79bc8336367a4e6093eae8757acaaf61d1124834b905616de7829b0273426d?s=96&d=mm&r=g","caption":"Blanca"},"url":"https:\/\/redamlo.com\/index.php\/author\/blanca\/"}]}},"_links":{"self":[{"href":"https:\/\/redamlo.com\/index.php\/wp-json\/wp\/v2\/posts\/819","targetHints":{"allow":["GET"]}}],"collection":[{"href":"https:\/\/redamlo.com\/index.php\/wp-json\/wp\/v2\/posts"}],"about":[{"href":"https:\/\/redamlo.com\/index.php\/wp-json\/wp\/v2\/types\/post"}],"author":[{"embeddable":true,"href":"https:\/\/redamlo.com\/index.php\/wp-json\/wp\/v2\/users\/2"}],"replies":[{"embeddable":true,"href":"https:\/\/redamlo.com\/index.php\/wp-json\/wp\/v2\/comments?post=819"}],"version-history":[{"count":0,"href":"https:\/\/redamlo.com\/index.php\/wp-json\/wp\/v2\/posts\/819\/revisions"}],"wp:featuredmedia":[{"embeddable":true,"href":"https:\/\/redamlo.com\/index.php\/wp-json\/wp\/v2\/media\/821"}],"wp:attachment":[{"href":"https:\/\/redamlo.com\/index.php\/wp-json\/wp\/v2\/media?parent=819"}],"wp:term":[{"taxonomy":"category","embeddable":true,"href":"https:\/\/redamlo.com\/index.php\/wp-json\/wp\/v2\/categories?post=819"},{"taxonomy":"post_tag","embeddable":true,"href":"https:\/\/redamlo.com\/index.php\/wp-json\/wp\/v2\/tags?post=819"}],"curies":[{"name":"wp","href":"https:\/\/api.w.org\/{rel}","templated":true}]}}