{"id":8094,"date":"2024-12-21T22:25:02","date_gmt":"2024-12-22T04:25:02","guid":{"rendered":"https:\/\/redamlo.com\/?p=8094"},"modified":"2024-12-21T22:25:02","modified_gmt":"2024-12-22T04:25:02","slug":"sheinbaum-reafirma-que-sin-maiz-no-hay-pais","status":"publish","type":"post","link":"https:\/\/redamlo.com\/index.php\/2024\/12\/21\/sheinbaum-reafirma-que-sin-maiz-no-hay-pais\/","title":{"rendered":"Sheinbaum reafirma que sin ma\u00edz no hay pa\u00eds"},"content":{"rendered":"<ul>\n<li>En cumplimiento a uno de sus 100 compromisos de campa\u00f1a, la Jefa del Ejecutivo Federal anunci\u00f3 la creaci\u00f3n de 12 Centros de Educaci\u00f3n y Cuidado Infantil (CECI) para hacer de Ciudad Ju\u00e1rez el centro de los derechos de las mujeres<\/li>\n<li>Inaugur\u00f3 el Hospital General Regional No. 2 de Ciudad Ju\u00e1rez, el cual cuenta con 260 camas, 42 consultorios de 32 especialidades y subespecialidades, 12 quir\u00f3fanos y 10 salas de labor de parto, laboratorio y unidades de cuidados intensivos<\/li>\n<\/ul>\n<p>&nbsp;<\/p>\n<p>La Presidenta de M\u00e9xico, Claudia Sheinbaum Pardo, anunci\u00f3 que en febrero de 2025 el Congreso legislar\u00e1 sobre la prohibici\u00f3n de sembrar ma\u00edz gen\u00e9ticamente modificado en territorio nacional con el objetivo de proteger la biodiversidad del pa\u00eds, en respuesta a la resoluci\u00f3n del panel del Tratado entre M\u00e9xico, Estados Unidos y Canad\u00e1 (T-MEC) sobre las medidas relacionadas con el ma\u00edz gen\u00e9ticamente modificado.<\/p>\n<p>&nbsp;<\/p>\n<p>\u201cEl Congreso de M\u00e9xico, aqu\u00ed con la ayuda de las y los senadores, de los diputados, pues vamos a darle la vuelta a esta resoluci\u00f3n, porque muy pronto, en febrero (en el pr\u00f3ximo periodo de sesiones), van a legislar, estoy segura, que no se puede sembrar ma\u00edz transg\u00e9nico y hay que proteger la biodiversidad de M\u00e9xico en nuestro pa\u00eds. Como decimos: \u00a1Sin ma\u00edz, no hay pa\u00eds!\u201d.<\/p>\n<p>&nbsp;<\/p>\n<p>As\u00ed lo puntualiz\u00f3 durante la inauguraci\u00f3n del Hospital General Regional No. 2 y el anuncio de la creaci\u00f3n de 12 Centros de Educaci\u00f3n y Cuidado Infantil (CECI) en Ciudad Ju\u00e1rez, Chihuahua, que har\u00e1n de la ciudad fronteriza el centro de los derechos de las mujeres de todo el pa\u00eds.<\/p>\n<p>&nbsp;<\/p>\n<p>Resalt\u00f3 que el T-MEC, es uno de los acuerdos m\u00e1s exitosos, ya que las econom\u00edas de los tres pa\u00edses representan el 30 por ciento del Producto Interno Bruto (PIB) mundial, adem\u00e1s de que el comercio entre las tres naciones aument\u00f3 en 48 por ciento desde 2020. En tanto que, el valor del comercio bilateral \u2014entre EUA y M\u00e9xico\u2014 es de casi 798 billones de d\u00f3lares y entre M\u00e9xico, Estados Unidos y Canad\u00e1, el comercio es tres veces mayor que el existente entre EUA y China.<\/p>\n<p>&nbsp;<\/p>\n<p>Como muestra de la integraci\u00f3n econ\u00f3mica, resalt\u00f3 que de los ingresos que generan los mexicanos en EUA, el 80 por ciento lo consumen en Estados Unidos y el 20 por ciento son enviados como remesas. En tanto que siete de cada 10 trabajadores del campo en el pa\u00eds vecino son mexicanos, es decir, sin ellos y ellas, no habr\u00eda comida en las mesas de las familias estadounidenses.<\/p>\n<p>&nbsp;<\/p>\n<p><strong>CREACI\u00d3N DE 12 CENTROS DE EDUCACI\u00d3N Y CUIDADO INFANTIL E INAUGURACI\u00d3N DEL HOSPITAL GENERAL REGIONAL NO.2<\/strong>\u00a0<strong>EN CIUDAD JU\u00c1REZ, CHIHUAHUA<\/strong><\/p>\n<p>&nbsp;<\/p>\n<p>Como parte de los 100 compromisos con el pueblo, la Presidenta, Claudia Sheinbaum Pardo, anunci\u00f3 que Ciudad Ju\u00e1rez, Chihuahua se convertir\u00e1 en el centro de los derechos de las mujeres de todo el pa\u00eds, por lo que se crear\u00e1n 12 Centros de Educaci\u00f3n y Cuidado Infantil (CECI), para dejar atr\u00e1s el viejo esquema neoliberal de las mal llamadas \u201cguarder\u00edas\u201d, en beneficio de las mujeres m\u00e1s pobres: trabajadoras de la maquila y jornaleras agr\u00edcolas, derechohabientes del Instituto Mexicano del Seguro Social (IMSS) y tambi\u00e9n de las no derechohabientes, con la colaboraci\u00f3n del Sistema Nacional DIF.<\/p>\n<p>&nbsp;<\/p>\n<p>\u201cAqu\u00ed hay una deuda hist\u00f3rica con las mujeres, no solo de Ciudad Ju\u00e1rez, sino de todo el pa\u00eds. Ju\u00e1rez, ya no queremos que sea el s\u00edmbolo del feminicidio, queremos que sea el centro de los derechos de todas las mujeres del pa\u00eds (&#8230;) No son las guarder\u00edas del pasado. Y tampoco son \u2014que se oiga bien\u2014 las estancias infantiles de Calder\u00f3n, eso ya no; porque aquello era puro negocio, era creer que se estaba dando un derecho a las mujeres, cuando en realidad estaba envuelto en negocio, como fue todo el periodo neoliberal\u201d, destac\u00f3.<\/p>\n<p>&nbsp;<\/p>\n<p>El director general del IMSS, Zo\u00e9 Robledo Aburto, destac\u00f3 que los 12 CECI de Ciudad Ju\u00e1rez brindar\u00e1n servicios, de acuerdo con el diagn\u00f3stico, a 18 mil ni\u00f1os y ni\u00f1os de menos de cuatro a\u00f1os de las 120 mujeres que trabajan en las 323 maquiladoras de la regi\u00f3n.\u00a0 Precis\u00f3 que los CECI, son un nuevo modelo pedag\u00f3gico de educaci\u00f3n inicial y preescolar, enfocado en la formaci\u00f3n de h\u00e1bitos saludables, alimenticios y de sue\u00f1o con monitoreo del esquema de vacunaci\u00f3n, peso y talla.<\/p>\n<p>&nbsp;<\/p>\n<p>Adem\u00e1s, la Jefa del Ejecutivo Federal, inaugur\u00f3 el Hospital General Regional No. 2 de Ciudad Ju\u00e1rez, Chihuahua, el cual, asever\u00f3, forma parte de una nueva visi\u00f3n en la que se fortalecen las instituciones de salud p\u00fablica, particularmente del IMSS.<\/p>\n<p>&nbsp;<\/p>\n<p>El Hospital General Regional No.2 de Ciudad Ju\u00e1rez, Chihuahua, es el m\u00e1s grande y completo que a la fecha se ha realizado en tiempos de la Cuarta Transformaci\u00f3n al contar con 260 camas, 42 consultorios de 32 especialidades y subespecialidades, 12 quir\u00f3fanos, tococirug\u00eda, 10 salas de labor de parto y recuperaci\u00f3n, tres unidades de cuidados intensivos, unidad de cuidados intensivos neonatal, equipamiento de laboratorio, equipos de rayos X, mast\u00f3grafo, ultrasonidos, tom\u00f3grafo, resonador magn\u00e9tico.<\/p>\n<p>&nbsp;<\/p>\n<p>Asimismo, contar\u00e1 con la primera unidad de quemados en un hospital p\u00fablico de Ciudad Ju\u00e1rez y tendr\u00e1 la capacidad de procuraci\u00f3n y donaci\u00f3n de \u00f3rganos con lo que este hospital ser\u00e1 el primero del estado que pueda realizar trasplantes renales y de coraz\u00f3n, adem\u00e1s tendr\u00e1 servicios de biolog\u00eda de la reproducci\u00f3n, cl\u00ednica del dolor, cuidados paliativos, cl\u00ednica del sue\u00f1o, fisiolog\u00eda cardiopulmonar, inhaloterapia, medicina materno-fetal, oncolog\u00eda pedi\u00e1trica, uroginecolog\u00eda; cl\u00ednica de c\u00e1ncer de mama; hemodi\u00e1lisis, entre otros.<\/p>\n<p>&nbsp;<\/p>\n<p>Acompa\u00f1aron a la Presidenta de M\u00e9xico, la gobernadora de Chihuahua, Mar\u00eda Eugenia Campos Galv\u00e1n; la secretaria de las Mujeres, Citlalli Hern\u00e1ndez Mora; la secretaria del Bienestar, Ariadna Montiel Reyes; la secretaria de Desarrollo Agrario, Territorial y Urbano, Edna Elena Vega Rangel; la coordinadora general de Asuntos Intergubernamentales y Participaci\u00f3n Social de la Presidencia de la Rep\u00fablica, Leticia Ram\u00edrez Amaya.<\/p>\n<p>&nbsp;<\/p>\n<p>El director del Hospital General Regional No. 02. Horacio Rafael Tinoco V\u00e1zquez; el presidente de la Confederaci\u00f3n de C\u00e1maras Nacionales de Comercio, Servicios y Turismo (Concanaco-Servytur) y representante honorable del Sector Patronal del Honorable Consejo T\u00e9cnico, Octavio de la Torre de St\u00e9ffano y el presidente Municipal de Ciudad Ju\u00e1rez, Chihuahua, Cruz P\u00e9rez Cu\u00e9llar.<\/p>\n","protected":false},"excerpt":{"rendered":"<p>En cumplimiento a uno de sus 100 compromisos de campa\u00f1a, la Jefa del Ejecutivo Federal&#8230;<\/p>\n","protected":false},"author":1,"featured_media":8095,"comment_status":"open","ping_status":"closed","sticky":false,"template":"","format":"standard","meta":{"footnotes":""},"categories":[27],"tags":[2770,2470],"class_list":["post-8094","post","type-post","status-publish","format-standard","has-post-thumbnail","hentry","category-presidencia","tag-maiz-transgenico","tag-sheinbaum"],"yoast_head":"<!-- This site is optimized with the Yoast SEO plugin v27.5 - https:\/\/yoast.com\/product\/yoast-seo-wordpress\/ -->\n<title>Sheinbaum reafirma que sin ma\u00edz no hay pa\u00eds - NOTICIAS DE LA 4T<\/title>\n<meta name=\"robots\" content=\"noindex, follow, max-snippet:-1, max-image-preview:large, max-video-preview:-1\" \/>\n<meta property=\"og:locale\" content=\"es_MX\" \/>\n<meta property=\"og:type\" content=\"article\" \/>\n<meta property=\"og:title\" content=\"Sheinbaum reafirma que sin ma\u00edz no hay pa\u00eds - NOTICIAS DE LA 4T\" \/>\n<meta property=\"og:description\" content=\"En cumplimiento a uno de sus 100 compromisos de campa\u00f1a, la Jefa del Ejecutivo Federal...\" \/>\n<meta property=\"og:url\" content=\"https:\/\/redamlo.com\/index.php\/2024\/12\/21\/sheinbaum-reafirma-que-sin-maiz-no-hay-pais\/\" \/>\n<meta property=\"og:site_name\" content=\"NOTICIAS DE LA 4T\" \/>\n<meta property=\"article:published_time\" content=\"2024-12-22T04:25:02+00:00\" \/>\n<meta property=\"og:image\" content=\"https:\/\/redamlo.com\/wp-content\/uploads\/2024\/12\/sin-maiz-no-hay-pais.jpeg\" \/>\n\t<meta property=\"og:image:width\" content=\"650\" \/>\n\t<meta property=\"og:image:height\" content=\"380\" \/>\n\t<meta property=\"og:image:type\" content=\"image\/jpeg\" \/>\n<meta name=\"author\" content=\"admin\" \/>\n<meta name=\"twitter:card\" content=\"summary_large_image\" \/>\n<meta name=\"twitter:label1\" content=\"Escrito por\" \/>\n\t<meta name=\"twitter:data1\" content=\"admin\" \/>\n\t<meta name=\"twitter:label2\" content=\"Tiempo de lectura\" \/>\n\t<meta name=\"twitter:data2\" content=\"5 minutos\" \/>\n<script type=\"application\/ld+json\" class=\"yoast-schema-graph\">{\"@context\":\"https:\\\/\\\/schema.org\",\"@graph\":[{\"@type\":\"Article\",\"@id\":\"https:\\\/\\\/redamlo.com\\\/index.php\\\/2024\\\/12\\\/21\\\/sheinbaum-reafirma-que-sin-maiz-no-hay-pais\\\/#article\",\"isPartOf\":{\"@id\":\"https:\\\/\\\/redamlo.com\\\/index.php\\\/2024\\\/12\\\/21\\\/sheinbaum-reafirma-que-sin-maiz-no-hay-pais\\\/\"},\"author\":{\"name\":\"admin\",\"@id\":\"https:\\\/\\\/redamlo.com\\\/#\\\/schema\\\/person\\\/197a0a670d21b1f4f1483ddda1b64613\"},\"headline\":\"Sheinbaum reafirma que sin ma\u00edz no hay pa\u00eds\",\"datePublished\":\"2024-12-22T04:25:02+00:00\",\"mainEntityOfPage\":{\"@id\":\"https:\\\/\\\/redamlo.com\\\/index.php\\\/2024\\\/12\\\/21\\\/sheinbaum-reafirma-que-sin-maiz-no-hay-pais\\\/\"},\"wordCount\":1108,\"commentCount\":0,\"publisher\":{\"@id\":\"https:\\\/\\\/redamlo.com\\\/#organization\"},\"image\":{\"@id\":\"https:\\\/\\\/redamlo.com\\\/index.php\\\/2024\\\/12\\\/21\\\/sheinbaum-reafirma-que-sin-maiz-no-hay-pais\\\/#primaryimage\"},\"thumbnailUrl\":\"https:\\\/\\\/redamlo.com\\\/wp-content\\\/uploads\\\/2024\\\/12\\\/sin-maiz-no-hay-pais.jpeg\",\"keywords\":[\"maiz transgenico\",\"Sheinbaum\"],\"articleSection\":[\"Presidencia\"],\"inLanguage\":\"es\",\"potentialAction\":[{\"@type\":\"CommentAction\",\"name\":\"Comment\",\"target\":[\"https:\\\/\\\/redamlo.com\\\/index.php\\\/2024\\\/12\\\/21\\\/sheinbaum-reafirma-que-sin-maiz-no-hay-pais\\\/#respond\"]}]},{\"@type\":\"WebPage\",\"@id\":\"https:\\\/\\\/redamlo.com\\\/index.php\\\/2024\\\/12\\\/21\\\/sheinbaum-reafirma-que-sin-maiz-no-hay-pais\\\/\",\"url\":\"https:\\\/\\\/redamlo.com\\\/index.php\\\/2024\\\/12\\\/21\\\/sheinbaum-reafirma-que-sin-maiz-no-hay-pais\\\/\",\"name\":\"Sheinbaum reafirma que sin ma\u00edz no hay pa\u00eds - NOTICIAS DE LA 4T\",\"isPartOf\":{\"@id\":\"https:\\\/\\\/redamlo.com\\\/#website\"},\"primaryImageOfPage\":{\"@id\":\"https:\\\/\\\/redamlo.com\\\/index.php\\\/2024\\\/12\\\/21\\\/sheinbaum-reafirma-que-sin-maiz-no-hay-pais\\\/#primaryimage\"},\"image\":{\"@id\":\"https:\\\/\\\/redamlo.com\\\/index.php\\\/2024\\\/12\\\/21\\\/sheinbaum-reafirma-que-sin-maiz-no-hay-pais\\\/#primaryimage\"},\"thumbnailUrl\":\"https:\\\/\\\/redamlo.com\\\/wp-content\\\/uploads\\\/2024\\\/12\\\/sin-maiz-no-hay-pais.jpeg\",\"datePublished\":\"2024-12-22T04:25:02+00:00\",\"breadcrumb\":{\"@id\":\"https:\\\/\\\/redamlo.com\\\/index.php\\\/2024\\\/12\\\/21\\\/sheinbaum-reafirma-que-sin-maiz-no-hay-pais\\\/#breadcrumb\"},\"inLanguage\":\"es\",\"potentialAction\":[{\"@type\":\"ReadAction\",\"target\":[\"https:\\\/\\\/redamlo.com\\\/index.php\\\/2024\\\/12\\\/21\\\/sheinbaum-reafirma-que-sin-maiz-no-hay-pais\\\/\"]}]},{\"@type\":\"ImageObject\",\"inLanguage\":\"es\",\"@id\":\"https:\\\/\\\/redamlo.com\\\/index.php\\\/2024\\\/12\\\/21\\\/sheinbaum-reafirma-que-sin-maiz-no-hay-pais\\\/#primaryimage\",\"url\":\"https:\\\/\\\/redamlo.com\\\/wp-content\\\/uploads\\\/2024\\\/12\\\/sin-maiz-no-hay-pais.jpeg\",\"contentUrl\":\"https:\\\/\\\/redamlo.com\\\/wp-content\\\/uploads\\\/2024\\\/12\\\/sin-maiz-no-hay-pais.jpeg\",\"width\":650,\"height\":380},{\"@type\":\"BreadcrumbList\",\"@id\":\"https:\\\/\\\/redamlo.com\\\/index.php\\\/2024\\\/12\\\/21\\\/sheinbaum-reafirma-que-sin-maiz-no-hay-pais\\\/#breadcrumb\",\"itemListElement\":[{\"@type\":\"ListItem\",\"position\":1,\"name\":\"Inicio\",\"item\":\"https:\\\/\\\/redamlo.com\\\/\"},{\"@type\":\"ListItem\",\"position\":2,\"name\":\"Sheinbaum reafirma que sin ma\u00edz no hay pa\u00eds\"}]},{\"@type\":\"WebSite\",\"@id\":\"https:\\\/\\\/redamlo.com\\\/#website\",\"url\":\"https:\\\/\\\/redamlo.com\\\/\",\"name\":\"NOTICIAS DE LA 4T\",\"description\":\"\",\"publisher\":{\"@id\":\"https:\\\/\\\/redamlo.com\\\/#organization\"},\"potentialAction\":[{\"@type\":\"SearchAction\",\"target\":{\"@type\":\"EntryPoint\",\"urlTemplate\":\"https:\\\/\\\/redamlo.com\\\/?s={search_term_string}\"},\"query-input\":{\"@type\":\"PropertyValueSpecification\",\"valueRequired\":true,\"valueName\":\"search_term_string\"}}],\"inLanguage\":\"es\"},{\"@type\":\"Organization\",\"@id\":\"https:\\\/\\\/redamlo.com\\\/#organization\",\"name\":\"NOTICIAS DE LA 4T\",\"url\":\"https:\\\/\\\/redamlo.com\\\/\",\"logo\":{\"@type\":\"ImageObject\",\"inLanguage\":\"es\",\"@id\":\"https:\\\/\\\/redamlo.com\\\/#\\\/schema\\\/logo\\\/image\\\/\",\"url\":\"https:\\\/\\\/redamlo.com\\\/wp-content\\\/uploads\\\/2024\\\/08\\\/cropped-RED-AMLO-logo-50.png\",\"contentUrl\":\"https:\\\/\\\/redamlo.com\\\/wp-content\\\/uploads\\\/2024\\\/08\\\/cropped-RED-AMLO-logo-50.png\",\"width\":256,\"height\":256,\"caption\":\"NOTICIAS DE LA 4T\"},\"image\":{\"@id\":\"https:\\\/\\\/redamlo.com\\\/#\\\/schema\\\/logo\\\/image\\\/\"}},{\"@type\":\"Person\",\"@id\":\"https:\\\/\\\/redamlo.com\\\/#\\\/schema\\\/person\\\/197a0a670d21b1f4f1483ddda1b64613\",\"name\":\"admin\",\"image\":{\"@type\":\"ImageObject\",\"inLanguage\":\"es\",\"@id\":\"https:\\\/\\\/secure.gravatar.com\\\/avatar\\\/293dccd927043f2e641da6685c2f84009782eb9ee0054daceada4e261ded849a?s=96&d=mm&r=g\",\"url\":\"https:\\\/\\\/secure.gravatar.com\\\/avatar\\\/293dccd927043f2e641da6685c2f84009782eb9ee0054daceada4e261ded849a?s=96&d=mm&r=g\",\"contentUrl\":\"https:\\\/\\\/secure.gravatar.com\\\/avatar\\\/293dccd927043f2e641da6685c2f84009782eb9ee0054daceada4e261ded849a?s=96&d=mm&r=g\",\"caption\":\"admin\"},\"sameAs\":[\"https:\\\/\\\/redamlo.com\"],\"url\":\"https:\\\/\\\/redamlo.com\\\/index.php\\\/author\\\/stell\\\/\"}]}<\/script>\n<!-- \/ Yoast SEO plugin. -->","yoast_head_json":{"title":"Sheinbaum reafirma que sin ma\u00edz no hay pa\u00eds - NOTICIAS DE LA 4T","robots":{"index":"noindex","follow":"follow","max-snippet":"max-snippet:-1","max-image-preview":"max-image-preview:large","max-video-preview":"max-video-preview:-1"},"og_locale":"es_MX","og_type":"article","og_title":"Sheinbaum reafirma que sin ma\u00edz no hay pa\u00eds - NOTICIAS DE LA 4T","og_description":"En cumplimiento a uno de sus 100 compromisos de campa\u00f1a, la Jefa del Ejecutivo Federal...","og_url":"https:\/\/redamlo.com\/index.php\/2024\/12\/21\/sheinbaum-reafirma-que-sin-maiz-no-hay-pais\/","og_site_name":"NOTICIAS DE LA 4T","article_published_time":"2024-12-22T04:25:02+00:00","og_image":[{"width":650,"height":380,"url":"https:\/\/redamlo.com\/wp-content\/uploads\/2024\/12\/sin-maiz-no-hay-pais.jpeg","type":"image\/jpeg"}],"author":"admin","twitter_card":"summary_large_image","twitter_misc":{"Escrito por":"admin","Tiempo de lectura":"5 minutos"},"schema":{"@context":"https:\/\/schema.org","@graph":[{"@type":"Article","@id":"https:\/\/redamlo.com\/index.php\/2024\/12\/21\/sheinbaum-reafirma-que-sin-maiz-no-hay-pais\/#article","isPartOf":{"@id":"https:\/\/redamlo.com\/index.php\/2024\/12\/21\/sheinbaum-reafirma-que-sin-maiz-no-hay-pais\/"},"author":{"name":"admin","@id":"https:\/\/redamlo.com\/#\/schema\/person\/197a0a670d21b1f4f1483ddda1b64613"},"headline":"Sheinbaum reafirma que sin ma\u00edz no hay pa\u00eds","datePublished":"2024-12-22T04:25:02+00:00","mainEntityOfPage":{"@id":"https:\/\/redamlo.com\/index.php\/2024\/12\/21\/sheinbaum-reafirma-que-sin-maiz-no-hay-pais\/"},"wordCount":1108,"commentCount":0,"publisher":{"@id":"https:\/\/redamlo.com\/#organization"},"image":{"@id":"https:\/\/redamlo.com\/index.php\/2024\/12\/21\/sheinbaum-reafirma-que-sin-maiz-no-hay-pais\/#primaryimage"},"thumbnailUrl":"https:\/\/redamlo.com\/wp-content\/uploads\/2024\/12\/sin-maiz-no-hay-pais.jpeg","keywords":["maiz transgenico","Sheinbaum"],"articleSection":["Presidencia"],"inLanguage":"es","potentialAction":[{"@type":"CommentAction","name":"Comment","target":["https:\/\/redamlo.com\/index.php\/2024\/12\/21\/sheinbaum-reafirma-que-sin-maiz-no-hay-pais\/#respond"]}]},{"@type":"WebPage","@id":"https:\/\/redamlo.com\/index.php\/2024\/12\/21\/sheinbaum-reafirma-que-sin-maiz-no-hay-pais\/","url":"https:\/\/redamlo.com\/index.php\/2024\/12\/21\/sheinbaum-reafirma-que-sin-maiz-no-hay-pais\/","name":"Sheinbaum reafirma que sin ma\u00edz no hay pa\u00eds - NOTICIAS DE LA 4T","isPartOf":{"@id":"https:\/\/redamlo.com\/#website"},"primaryImageOfPage":{"@id":"https:\/\/redamlo.com\/index.php\/2024\/12\/21\/sheinbaum-reafirma-que-sin-maiz-no-hay-pais\/#primaryimage"},"image":{"@id":"https:\/\/redamlo.com\/index.php\/2024\/12\/21\/sheinbaum-reafirma-que-sin-maiz-no-hay-pais\/#primaryimage"},"thumbnailUrl":"https:\/\/redamlo.com\/wp-content\/uploads\/2024\/12\/sin-maiz-no-hay-pais.jpeg","datePublished":"2024-12-22T04:25:02+00:00","breadcrumb":{"@id":"https:\/\/redamlo.com\/index.php\/2024\/12\/21\/sheinbaum-reafirma-que-sin-maiz-no-hay-pais\/#breadcrumb"},"inLanguage":"es","potentialAction":[{"@type":"ReadAction","target":["https:\/\/redamlo.com\/index.php\/2024\/12\/21\/sheinbaum-reafirma-que-sin-maiz-no-hay-pais\/"]}]},{"@type":"ImageObject","inLanguage":"es","@id":"https:\/\/redamlo.com\/index.php\/2024\/12\/21\/sheinbaum-reafirma-que-sin-maiz-no-hay-pais\/#primaryimage","url":"https:\/\/redamlo.com\/wp-content\/uploads\/2024\/12\/sin-maiz-no-hay-pais.jpeg","contentUrl":"https:\/\/redamlo.com\/wp-content\/uploads\/2024\/12\/sin-maiz-no-hay-pais.jpeg","width":650,"height":380},{"@type":"BreadcrumbList","@id":"https:\/\/redamlo.com\/index.php\/2024\/12\/21\/sheinbaum-reafirma-que-sin-maiz-no-hay-pais\/#breadcrumb","itemListElement":[{"@type":"ListItem","position":1,"name":"Inicio","item":"https:\/\/redamlo.com\/"},{"@type":"ListItem","position":2,"name":"Sheinbaum reafirma que sin ma\u00edz no hay pa\u00eds"}]},{"@type":"WebSite","@id":"https:\/\/redamlo.com\/#website","url":"https:\/\/redamlo.com\/","name":"NOTICIAS DE LA 4T","description":"","publisher":{"@id":"https:\/\/redamlo.com\/#organization"},"potentialAction":[{"@type":"SearchAction","target":{"@type":"EntryPoint","urlTemplate":"https:\/\/redamlo.com\/?s={search_term_string}"},"query-input":{"@type":"PropertyValueSpecification","valueRequired":true,"valueName":"search_term_string"}}],"inLanguage":"es"},{"@type":"Organization","@id":"https:\/\/redamlo.com\/#organization","name":"NOTICIAS DE LA 4T","url":"https:\/\/redamlo.com\/","logo":{"@type":"ImageObject","inLanguage":"es","@id":"https:\/\/redamlo.com\/#\/schema\/logo\/image\/","url":"https:\/\/redamlo.com\/wp-content\/uploads\/2024\/08\/cropped-RED-AMLO-logo-50.png","contentUrl":"https:\/\/redamlo.com\/wp-content\/uploads\/2024\/08\/cropped-RED-AMLO-logo-50.png","width":256,"height":256,"caption":"NOTICIAS DE LA 4T"},"image":{"@id":"https:\/\/redamlo.com\/#\/schema\/logo\/image\/"}},{"@type":"Person","@id":"https:\/\/redamlo.com\/#\/schema\/person\/197a0a670d21b1f4f1483ddda1b64613","name":"admin","image":{"@type":"ImageObject","inLanguage":"es","@id":"https:\/\/secure.gravatar.com\/avatar\/293dccd927043f2e641da6685c2f84009782eb9ee0054daceada4e261ded849a?s=96&d=mm&r=g","url":"https:\/\/secure.gravatar.com\/avatar\/293dccd927043f2e641da6685c2f84009782eb9ee0054daceada4e261ded849a?s=96&d=mm&r=g","contentUrl":"https:\/\/secure.gravatar.com\/avatar\/293dccd927043f2e641da6685c2f84009782eb9ee0054daceada4e261ded849a?s=96&d=mm&r=g","caption":"admin"},"sameAs":["https:\/\/redamlo.com"],"url":"https:\/\/redamlo.com\/index.php\/author\/stell\/"}]}},"_links":{"self":[{"href":"https:\/\/redamlo.com\/index.php\/wp-json\/wp\/v2\/posts\/8094","targetHints":{"allow":["GET"]}}],"collection":[{"href":"https:\/\/redamlo.com\/index.php\/wp-json\/wp\/v2\/posts"}],"about":[{"href":"https:\/\/redamlo.com\/index.php\/wp-json\/wp\/v2\/types\/post"}],"author":[{"embeddable":true,"href":"https:\/\/redamlo.com\/index.php\/wp-json\/wp\/v2\/users\/1"}],"replies":[{"embeddable":true,"href":"https:\/\/redamlo.com\/index.php\/wp-json\/wp\/v2\/comments?post=8094"}],"version-history":[{"count":0,"href":"https:\/\/redamlo.com\/index.php\/wp-json\/wp\/v2\/posts\/8094\/revisions"}],"wp:featuredmedia":[{"embeddable":true,"href":"https:\/\/redamlo.com\/index.php\/wp-json\/wp\/v2\/media\/8095"}],"wp:attachment":[{"href":"https:\/\/redamlo.com\/index.php\/wp-json\/wp\/v2\/media?parent=8094"}],"wp:term":[{"taxonomy":"category","embeddable":true,"href":"https:\/\/redamlo.com\/index.php\/wp-json\/wp\/v2\/categories?post=8094"},{"taxonomy":"post_tag","embeddable":true,"href":"https:\/\/redamlo.com\/index.php\/wp-json\/wp\/v2\/tags?post=8094"}],"curies":[{"name":"wp","href":"https:\/\/api.w.org\/{rel}","templated":true}]}}