{"id":8091,"date":"2024-12-20T22:17:52","date_gmt":"2024-12-21T04:17:52","guid":{"rendered":"https:\/\/redamlo.com\/?p=8091"},"modified":"2024-12-20T22:17:52","modified_gmt":"2024-12-21T04:17:52","slug":"gobierno-de-la-cdmx-entrega-paquete-economico-al-congreso-por-mas-de-291-mil-mdp","status":"publish","type":"post","link":"https:\/\/redamlo.com\/index.php\/2024\/12\/20\/gobierno-de-la-cdmx-entrega-paquete-economico-al-congreso-por-mas-de-291-mil-mdp\/","title":{"rendered":"Gobierno de la CDMX entrega paquete econ\u00f3mico al Congreso por m\u00e1s de 291 mil MDP"},"content":{"rendered":"<p>La jefa de Gobierno, Clara Brugada Molina, a trav\u00e9s del titular de la Secretar\u00eda de Administraci\u00f3n y Finanzas (SAF), Juan Pablo de Botton Falc\u00f3n, entreg\u00f3 esta ma\u00f1ana el Paquete Econ\u00f3mico para el Ejercicio Fiscal 2025 al Congreso de la Ciudad de M\u00e9xico para su aprobaci\u00f3n. Este presupuesto est\u00e1 dise\u00f1ado para atender las principales necesidades de la poblaci\u00f3n y reducir las desigualdades sociales.<\/p>\n<blockquote><p>\u201cQueremos una ciudad con finanzas sanas, y vamos a trabajar todos los d\u00edas para lograrlo. Al mismo tiempo, buscamos un presupuesto austero que combata las desigualdades, priorice temas fundamentales como la seguridaud y fomente la inversi\u00f3n en movilidad\u201d, destac\u00f3 la jefa de Gobierno durante el evento de escrituraci\u00f3n que encabez\u00f3 en el Z\u00f3calo, y luego de que se hizo la entrega del paquete econ\u00f3mico.<\/p><\/blockquote>\n<p>Para el ejercicio fiscal 2025, la iniciativa de Ley de Ingresos de la Ciudad de M\u00e9xico presentada a los legisladores proyecta un monto total de\u00a0<strong>291 mil 525.6 millones de pesos, lo que representa un incremento nominal del 8.8% en comparaci\u00f3n con lo aprobado para 2024.<\/strong><\/p>\n<p>Brugada Molina se\u00f1al\u00f3 que el presupuesto se enfocar\u00e1 principalmente en movilidad e infraestructura, destinando recursos al mantenimiento integral del Metro y a la construcci\u00f3n de cinco nuevas l\u00edneas de Cableb\u00fas, de las cuales tres iniciar\u00e1n su construcci\u00f3n en 2025 en las alcald\u00edas Tlalpan, \u00c1lvaro Obreg\u00f3n y Milpa Alta.<\/p>\n<p>Asimismo, recalc\u00f3 que se asignar\u00e1n recursos para cultura, educaci\u00f3n y deporte, destacando la construcci\u00f3n de las primeras Utop\u00edas, el equipamiento de escuelas y la realizaci\u00f3n de eventos en toda la ciudad.<\/p>\n<p>Al acudir al Congreso de la Ciudad de M\u00e9xico para formalizar esta entrega, el secretario de Administraci\u00f3n y Finanzas, Juan Pablo de Botton Falc\u00f3n, asegur\u00f3 que la Ciudad de M\u00e9xico se consolidar\u00e1 como la capital pol\u00edtica, financiera y cultural del pa\u00eds, gracias a un desendeudamiento neto de 0.5% en t\u00e9rminos reales.<\/p>\n<blockquote><p>\u201cLa Ciudad de M\u00e9xico cuenta con la mejor calificaci\u00f3n crediticia del pa\u00eds, autonom\u00eda financiera, transparencia en el uso de recursos y el respaldo de participaciones federales, lo que permite mantener una deuda sostenible con finanzas p\u00fablicas sanas\u201d, afirm\u00f3.<\/p><\/blockquote>\n<p>Entre las asignaciones destacadas del Paquete Econ\u00f3mico se encuentran:<\/p>\n<p>Fondo de Infraestructura, Movilidad, Agua y Seguridad: Inversi\u00f3n hist\u00f3rica de 6 mil 951.3 millones de pesos, con un incremento de 185.9%.<\/p>\n<p>El Metro recibir\u00e1 el presupuesto m\u00e1s alto de los \u00faltimos 20 a\u00f1os, con 23 mil millones de pesos.<\/p>\n<p>Construcci\u00f3n de Utop\u00edas y otras obras: Se propone un presupuesto de 13 mil 500 millones de pesos, un aumento de 12.5%.<\/p>\n<p>Infraestructura h\u00eddrica: asignaci\u00f3n de 15 mil millones de pesos, lo que implica un incremento de 13.1%.<\/p>\n<p>Seguridad: aumentos de 7.5% para seguridad p\u00fablica y de 36.3% para el C5.<\/p>\n<p>Vivienda: se asignar\u00e1n 9 mil millones de pesos, un incremento de 89.8%.<\/p>\n<p>Educaci\u00f3n y salud: incrementos de 212.4% y 1.8%, respectivamente.<\/p>\n<p>Subsidios y programas sociales: una asignaci\u00f3n total de 17 mil millones de pesos.<\/p>\n<p>En colaboraci\u00f3n con el sector privado, se propone incrementar la tasa del Impuesto Sobre N\u00f3mina del 3 al 4 por ciento, beneficiando fiscalmente al 93 por ciento de las micro y peque\u00f1as empresas.<\/p>\n<p>Adem\u00e1s, se contempla la implementaci\u00f3n de un impuesto ecol\u00f3gico, alineado con la Agenda 2030, que permitir\u00e1 reducir 24 por ciento las emisiones de gases de efecto invernadero en colaboraci\u00f3n con el Estado de M\u00e9xico y otras entidades metropolitanas.<\/p>\n<p>Finalmente, se destinar\u00e1n 600 millones de pesos para la instalaci\u00f3n de nuevas c\u00e1maras de vigilancia y se incrementar\u00e1 en 138.2 por ciento el presupuesto de la Secretar\u00eda de Turismo, con miras a la Copa Mundial FIFA 2026.<\/p>\n","protected":false},"excerpt":{"rendered":"<p>La jefa de Gobierno, Clara Brugada Molina, a trav\u00e9s del titular de la Secretar\u00eda de&#8230;<\/p>\n","protected":false},"author":1,"featured_media":8092,"comment_status":"open","ping_status":"closed","sticky":false,"template":"","format":"standard","meta":{"footnotes":""},"categories":[17,37],"tags":[154,885,2769],"class_list":["post-8091","post","type-post","status-publish","format-standard","has-post-thumbnail","hentry","category-cdmx","category-economia","tag-cdmx","tag-clara-brugada","tag-paquete-economico-2025"],"yoast_head":"<!-- This site is optimized with the Yoast SEO plugin v27.5 - https:\/\/yoast.com\/product\/yoast-seo-wordpress\/ -->\n<title>Gobierno de la CDMX entrega paquete econ\u00f3mico al Congreso por m\u00e1s de 291 mil MDP - NOTICIAS DE LA 4T<\/title>\n<meta name=\"robots\" content=\"noindex, follow, max-snippet:-1, max-image-preview:large, max-video-preview:-1\" \/>\n<meta property=\"og:locale\" content=\"es_MX\" \/>\n<meta property=\"og:type\" content=\"article\" \/>\n<meta property=\"og:title\" content=\"Gobierno de la CDMX entrega paquete econ\u00f3mico al Congreso por m\u00e1s de 291 mil MDP - NOTICIAS DE LA 4T\" \/>\n<meta property=\"og:description\" content=\"La jefa de Gobierno, Clara Brugada Molina, a trav\u00e9s del titular de la Secretar\u00eda de...\" \/>\n<meta property=\"og:url\" content=\"https:\/\/redamlo.com\/index.php\/2024\/12\/20\/gobierno-de-la-cdmx-entrega-paquete-economico-al-congreso-por-mas-de-291-mil-mdp\/\" \/>\n<meta property=\"og:site_name\" content=\"NOTICIAS DE LA 4T\" \/>\n<meta property=\"article:published_time\" content=\"2024-12-21T04:17:52+00:00\" \/>\n<meta property=\"og:image\" content=\"https:\/\/redamlo.com\/wp-content\/uploads\/2024\/12\/paquete-economico-cdmx.png\" \/>\n\t<meta property=\"og:image:width\" content=\"517\" \/>\n\t<meta property=\"og:image:height\" content=\"378\" \/>\n\t<meta property=\"og:image:type\" content=\"image\/png\" \/>\n<meta name=\"author\" content=\"admin\" \/>\n<meta name=\"twitter:card\" content=\"summary_large_image\" \/>\n<meta name=\"twitter:label1\" content=\"Escrito por\" \/>\n\t<meta name=\"twitter:data1\" content=\"admin\" \/>\n\t<meta name=\"twitter:label2\" content=\"Tiempo de lectura\" \/>\n\t<meta name=\"twitter:data2\" content=\"3 minutos\" \/>\n<script type=\"application\/ld+json\" class=\"yoast-schema-graph\">{\"@context\":\"https:\\\/\\\/schema.org\",\"@graph\":[{\"@type\":\"Article\",\"@id\":\"https:\\\/\\\/redamlo.com\\\/index.php\\\/2024\\\/12\\\/20\\\/gobierno-de-la-cdmx-entrega-paquete-economico-al-congreso-por-mas-de-291-mil-mdp\\\/#article\",\"isPartOf\":{\"@id\":\"https:\\\/\\\/redamlo.com\\\/index.php\\\/2024\\\/12\\\/20\\\/gobierno-de-la-cdmx-entrega-paquete-economico-al-congreso-por-mas-de-291-mil-mdp\\\/\"},\"author\":{\"name\":\"admin\",\"@id\":\"https:\\\/\\\/redamlo.com\\\/#\\\/schema\\\/person\\\/197a0a670d21b1f4f1483ddda1b64613\"},\"headline\":\"Gobierno de la CDMX entrega paquete econ\u00f3mico al Congreso por m\u00e1s de 291 mil MDP\",\"datePublished\":\"2024-12-21T04:17:52+00:00\",\"mainEntityOfPage\":{\"@id\":\"https:\\\/\\\/redamlo.com\\\/index.php\\\/2024\\\/12\\\/20\\\/gobierno-de-la-cdmx-entrega-paquete-economico-al-congreso-por-mas-de-291-mil-mdp\\\/\"},\"wordCount\":630,\"commentCount\":0,\"publisher\":{\"@id\":\"https:\\\/\\\/redamlo.com\\\/#organization\"},\"image\":{\"@id\":\"https:\\\/\\\/redamlo.com\\\/index.php\\\/2024\\\/12\\\/20\\\/gobierno-de-la-cdmx-entrega-paquete-economico-al-congreso-por-mas-de-291-mil-mdp\\\/#primaryimage\"},\"thumbnailUrl\":\"https:\\\/\\\/redamlo.com\\\/wp-content\\\/uploads\\\/2024\\\/12\\\/paquete-economico-cdmx.png\",\"keywords\":[\"CDMX\",\"Clara Brugada\",\"paquete economico 2025\"],\"articleSection\":[\"CDMX\",\"Econom\u00eda\"],\"inLanguage\":\"es\",\"potentialAction\":[{\"@type\":\"CommentAction\",\"name\":\"Comment\",\"target\":[\"https:\\\/\\\/redamlo.com\\\/index.php\\\/2024\\\/12\\\/20\\\/gobierno-de-la-cdmx-entrega-paquete-economico-al-congreso-por-mas-de-291-mil-mdp\\\/#respond\"]}]},{\"@type\":\"WebPage\",\"@id\":\"https:\\\/\\\/redamlo.com\\\/index.php\\\/2024\\\/12\\\/20\\\/gobierno-de-la-cdmx-entrega-paquete-economico-al-congreso-por-mas-de-291-mil-mdp\\\/\",\"url\":\"https:\\\/\\\/redamlo.com\\\/index.php\\\/2024\\\/12\\\/20\\\/gobierno-de-la-cdmx-entrega-paquete-economico-al-congreso-por-mas-de-291-mil-mdp\\\/\",\"name\":\"Gobierno de la CDMX entrega paquete econ\u00f3mico al Congreso por m\u00e1s de 291 mil MDP - NOTICIAS DE LA 4T\",\"isPartOf\":{\"@id\":\"https:\\\/\\\/redamlo.com\\\/#website\"},\"primaryImageOfPage\":{\"@id\":\"https:\\\/\\\/redamlo.com\\\/index.php\\\/2024\\\/12\\\/20\\\/gobierno-de-la-cdmx-entrega-paquete-economico-al-congreso-por-mas-de-291-mil-mdp\\\/#primaryimage\"},\"image\":{\"@id\":\"https:\\\/\\\/redamlo.com\\\/index.php\\\/2024\\\/12\\\/20\\\/gobierno-de-la-cdmx-entrega-paquete-economico-al-congreso-por-mas-de-291-mil-mdp\\\/#primaryimage\"},\"thumbnailUrl\":\"https:\\\/\\\/redamlo.com\\\/wp-content\\\/uploads\\\/2024\\\/12\\\/paquete-economico-cdmx.png\",\"datePublished\":\"2024-12-21T04:17:52+00:00\",\"breadcrumb\":{\"@id\":\"https:\\\/\\\/redamlo.com\\\/index.php\\\/2024\\\/12\\\/20\\\/gobierno-de-la-cdmx-entrega-paquete-economico-al-congreso-por-mas-de-291-mil-mdp\\\/#breadcrumb\"},\"inLanguage\":\"es\",\"potentialAction\":[{\"@type\":\"ReadAction\",\"target\":[\"https:\\\/\\\/redamlo.com\\\/index.php\\\/2024\\\/12\\\/20\\\/gobierno-de-la-cdmx-entrega-paquete-economico-al-congreso-por-mas-de-291-mil-mdp\\\/\"]}]},{\"@type\":\"ImageObject\",\"inLanguage\":\"es\",\"@id\":\"https:\\\/\\\/redamlo.com\\\/index.php\\\/2024\\\/12\\\/20\\\/gobierno-de-la-cdmx-entrega-paquete-economico-al-congreso-por-mas-de-291-mil-mdp\\\/#primaryimage\",\"url\":\"https:\\\/\\\/redamlo.com\\\/wp-content\\\/uploads\\\/2024\\\/12\\\/paquete-economico-cdmx.png\",\"contentUrl\":\"https:\\\/\\\/redamlo.com\\\/wp-content\\\/uploads\\\/2024\\\/12\\\/paquete-economico-cdmx.png\",\"width\":517,\"height\":378},{\"@type\":\"BreadcrumbList\",\"@id\":\"https:\\\/\\\/redamlo.com\\\/index.php\\\/2024\\\/12\\\/20\\\/gobierno-de-la-cdmx-entrega-paquete-economico-al-congreso-por-mas-de-291-mil-mdp\\\/#breadcrumb\",\"itemListElement\":[{\"@type\":\"ListItem\",\"position\":1,\"name\":\"Inicio\",\"item\":\"https:\\\/\\\/redamlo.com\\\/\"},{\"@type\":\"ListItem\",\"position\":2,\"name\":\"Gobierno de la CDMX entrega paquete econ\u00f3mico al Congreso por m\u00e1s de 291 mil MDP\"}]},{\"@type\":\"WebSite\",\"@id\":\"https:\\\/\\\/redamlo.com\\\/#website\",\"url\":\"https:\\\/\\\/redamlo.com\\\/\",\"name\":\"NOTICIAS DE LA 4T\",\"description\":\"\",\"publisher\":{\"@id\":\"https:\\\/\\\/redamlo.com\\\/#organization\"},\"potentialAction\":[{\"@type\":\"SearchAction\",\"target\":{\"@type\":\"EntryPoint\",\"urlTemplate\":\"https:\\\/\\\/redamlo.com\\\/?s={search_term_string}\"},\"query-input\":{\"@type\":\"PropertyValueSpecification\",\"valueRequired\":true,\"valueName\":\"search_term_string\"}}],\"inLanguage\":\"es\"},{\"@type\":\"Organization\",\"@id\":\"https:\\\/\\\/redamlo.com\\\/#organization\",\"name\":\"NOTICIAS DE LA 4T\",\"url\":\"https:\\\/\\\/redamlo.com\\\/\",\"logo\":{\"@type\":\"ImageObject\",\"inLanguage\":\"es\",\"@id\":\"https:\\\/\\\/redamlo.com\\\/#\\\/schema\\\/logo\\\/image\\\/\",\"url\":\"https:\\\/\\\/redamlo.com\\\/wp-content\\\/uploads\\\/2024\\\/08\\\/cropped-RED-AMLO-logo-50.png\",\"contentUrl\":\"https:\\\/\\\/redamlo.com\\\/wp-content\\\/uploads\\\/2024\\\/08\\\/cropped-RED-AMLO-logo-50.png\",\"width\":256,\"height\":256,\"caption\":\"NOTICIAS DE LA 4T\"},\"image\":{\"@id\":\"https:\\\/\\\/redamlo.com\\\/#\\\/schema\\\/logo\\\/image\\\/\"}},{\"@type\":\"Person\",\"@id\":\"https:\\\/\\\/redamlo.com\\\/#\\\/schema\\\/person\\\/197a0a670d21b1f4f1483ddda1b64613\",\"name\":\"admin\",\"image\":{\"@type\":\"ImageObject\",\"inLanguage\":\"es\",\"@id\":\"https:\\\/\\\/secure.gravatar.com\\\/avatar\\\/293dccd927043f2e641da6685c2f84009782eb9ee0054daceada4e261ded849a?s=96&d=mm&r=g\",\"url\":\"https:\\\/\\\/secure.gravatar.com\\\/avatar\\\/293dccd927043f2e641da6685c2f84009782eb9ee0054daceada4e261ded849a?s=96&d=mm&r=g\",\"contentUrl\":\"https:\\\/\\\/secure.gravatar.com\\\/avatar\\\/293dccd927043f2e641da6685c2f84009782eb9ee0054daceada4e261ded849a?s=96&d=mm&r=g\",\"caption\":\"admin\"},\"sameAs\":[\"https:\\\/\\\/redamlo.com\"],\"url\":\"https:\\\/\\\/redamlo.com\\\/index.php\\\/author\\\/stell\\\/\"}]}<\/script>\n<!-- \/ Yoast SEO plugin. -->","yoast_head_json":{"title":"Gobierno de la CDMX entrega paquete econ\u00f3mico al Congreso por m\u00e1s de 291 mil MDP - NOTICIAS DE LA 4T","robots":{"index":"noindex","follow":"follow","max-snippet":"max-snippet:-1","max-image-preview":"max-image-preview:large","max-video-preview":"max-video-preview:-1"},"og_locale":"es_MX","og_type":"article","og_title":"Gobierno de la CDMX entrega paquete econ\u00f3mico al Congreso por m\u00e1s de 291 mil MDP - NOTICIAS DE LA 4T","og_description":"La jefa de Gobierno, Clara Brugada Molina, a trav\u00e9s del titular de la Secretar\u00eda de...","og_url":"https:\/\/redamlo.com\/index.php\/2024\/12\/20\/gobierno-de-la-cdmx-entrega-paquete-economico-al-congreso-por-mas-de-291-mil-mdp\/","og_site_name":"NOTICIAS DE LA 4T","article_published_time":"2024-12-21T04:17:52+00:00","og_image":[{"width":517,"height":378,"url":"https:\/\/redamlo.com\/wp-content\/uploads\/2024\/12\/paquete-economico-cdmx.png","type":"image\/png"}],"author":"admin","twitter_card":"summary_large_image","twitter_misc":{"Escrito por":"admin","Tiempo de lectura":"3 minutos"},"schema":{"@context":"https:\/\/schema.org","@graph":[{"@type":"Article","@id":"https:\/\/redamlo.com\/index.php\/2024\/12\/20\/gobierno-de-la-cdmx-entrega-paquete-economico-al-congreso-por-mas-de-291-mil-mdp\/#article","isPartOf":{"@id":"https:\/\/redamlo.com\/index.php\/2024\/12\/20\/gobierno-de-la-cdmx-entrega-paquete-economico-al-congreso-por-mas-de-291-mil-mdp\/"},"author":{"name":"admin","@id":"https:\/\/redamlo.com\/#\/schema\/person\/197a0a670d21b1f4f1483ddda1b64613"},"headline":"Gobierno de la CDMX entrega paquete econ\u00f3mico al Congreso por m\u00e1s de 291 mil MDP","datePublished":"2024-12-21T04:17:52+00:00","mainEntityOfPage":{"@id":"https:\/\/redamlo.com\/index.php\/2024\/12\/20\/gobierno-de-la-cdmx-entrega-paquete-economico-al-congreso-por-mas-de-291-mil-mdp\/"},"wordCount":630,"commentCount":0,"publisher":{"@id":"https:\/\/redamlo.com\/#organization"},"image":{"@id":"https:\/\/redamlo.com\/index.php\/2024\/12\/20\/gobierno-de-la-cdmx-entrega-paquete-economico-al-congreso-por-mas-de-291-mil-mdp\/#primaryimage"},"thumbnailUrl":"https:\/\/redamlo.com\/wp-content\/uploads\/2024\/12\/paquete-economico-cdmx.png","keywords":["CDMX","Clara Brugada","paquete economico 2025"],"articleSection":["CDMX","Econom\u00eda"],"inLanguage":"es","potentialAction":[{"@type":"CommentAction","name":"Comment","target":["https:\/\/redamlo.com\/index.php\/2024\/12\/20\/gobierno-de-la-cdmx-entrega-paquete-economico-al-congreso-por-mas-de-291-mil-mdp\/#respond"]}]},{"@type":"WebPage","@id":"https:\/\/redamlo.com\/index.php\/2024\/12\/20\/gobierno-de-la-cdmx-entrega-paquete-economico-al-congreso-por-mas-de-291-mil-mdp\/","url":"https:\/\/redamlo.com\/index.php\/2024\/12\/20\/gobierno-de-la-cdmx-entrega-paquete-economico-al-congreso-por-mas-de-291-mil-mdp\/","name":"Gobierno de la CDMX entrega paquete econ\u00f3mico al Congreso por m\u00e1s de 291 mil MDP - NOTICIAS DE LA 4T","isPartOf":{"@id":"https:\/\/redamlo.com\/#website"},"primaryImageOfPage":{"@id":"https:\/\/redamlo.com\/index.php\/2024\/12\/20\/gobierno-de-la-cdmx-entrega-paquete-economico-al-congreso-por-mas-de-291-mil-mdp\/#primaryimage"},"image":{"@id":"https:\/\/redamlo.com\/index.php\/2024\/12\/20\/gobierno-de-la-cdmx-entrega-paquete-economico-al-congreso-por-mas-de-291-mil-mdp\/#primaryimage"},"thumbnailUrl":"https:\/\/redamlo.com\/wp-content\/uploads\/2024\/12\/paquete-economico-cdmx.png","datePublished":"2024-12-21T04:17:52+00:00","breadcrumb":{"@id":"https:\/\/redamlo.com\/index.php\/2024\/12\/20\/gobierno-de-la-cdmx-entrega-paquete-economico-al-congreso-por-mas-de-291-mil-mdp\/#breadcrumb"},"inLanguage":"es","potentialAction":[{"@type":"ReadAction","target":["https:\/\/redamlo.com\/index.php\/2024\/12\/20\/gobierno-de-la-cdmx-entrega-paquete-economico-al-congreso-por-mas-de-291-mil-mdp\/"]}]},{"@type":"ImageObject","inLanguage":"es","@id":"https:\/\/redamlo.com\/index.php\/2024\/12\/20\/gobierno-de-la-cdmx-entrega-paquete-economico-al-congreso-por-mas-de-291-mil-mdp\/#primaryimage","url":"https:\/\/redamlo.com\/wp-content\/uploads\/2024\/12\/paquete-economico-cdmx.png","contentUrl":"https:\/\/redamlo.com\/wp-content\/uploads\/2024\/12\/paquete-economico-cdmx.png","width":517,"height":378},{"@type":"BreadcrumbList","@id":"https:\/\/redamlo.com\/index.php\/2024\/12\/20\/gobierno-de-la-cdmx-entrega-paquete-economico-al-congreso-por-mas-de-291-mil-mdp\/#breadcrumb","itemListElement":[{"@type":"ListItem","position":1,"name":"Inicio","item":"https:\/\/redamlo.com\/"},{"@type":"ListItem","position":2,"name":"Gobierno de la CDMX entrega paquete econ\u00f3mico al Congreso por m\u00e1s de 291 mil MDP"}]},{"@type":"WebSite","@id":"https:\/\/redamlo.com\/#website","url":"https:\/\/redamlo.com\/","name":"NOTICIAS DE LA 4T","description":"","publisher":{"@id":"https:\/\/redamlo.com\/#organization"},"potentialAction":[{"@type":"SearchAction","target":{"@type":"EntryPoint","urlTemplate":"https:\/\/redamlo.com\/?s={search_term_string}"},"query-input":{"@type":"PropertyValueSpecification","valueRequired":true,"valueName":"search_term_string"}}],"inLanguage":"es"},{"@type":"Organization","@id":"https:\/\/redamlo.com\/#organization","name":"NOTICIAS DE LA 4T","url":"https:\/\/redamlo.com\/","logo":{"@type":"ImageObject","inLanguage":"es","@id":"https:\/\/redamlo.com\/#\/schema\/logo\/image\/","url":"https:\/\/redamlo.com\/wp-content\/uploads\/2024\/08\/cropped-RED-AMLO-logo-50.png","contentUrl":"https:\/\/redamlo.com\/wp-content\/uploads\/2024\/08\/cropped-RED-AMLO-logo-50.png","width":256,"height":256,"caption":"NOTICIAS DE LA 4T"},"image":{"@id":"https:\/\/redamlo.com\/#\/schema\/logo\/image\/"}},{"@type":"Person","@id":"https:\/\/redamlo.com\/#\/schema\/person\/197a0a670d21b1f4f1483ddda1b64613","name":"admin","image":{"@type":"ImageObject","inLanguage":"es","@id":"https:\/\/secure.gravatar.com\/avatar\/293dccd927043f2e641da6685c2f84009782eb9ee0054daceada4e261ded849a?s=96&d=mm&r=g","url":"https:\/\/secure.gravatar.com\/avatar\/293dccd927043f2e641da6685c2f84009782eb9ee0054daceada4e261ded849a?s=96&d=mm&r=g","contentUrl":"https:\/\/secure.gravatar.com\/avatar\/293dccd927043f2e641da6685c2f84009782eb9ee0054daceada4e261ded849a?s=96&d=mm&r=g","caption":"admin"},"sameAs":["https:\/\/redamlo.com"],"url":"https:\/\/redamlo.com\/index.php\/author\/stell\/"}]}},"_links":{"self":[{"href":"https:\/\/redamlo.com\/index.php\/wp-json\/wp\/v2\/posts\/8091","targetHints":{"allow":["GET"]}}],"collection":[{"href":"https:\/\/redamlo.com\/index.php\/wp-json\/wp\/v2\/posts"}],"about":[{"href":"https:\/\/redamlo.com\/index.php\/wp-json\/wp\/v2\/types\/post"}],"author":[{"embeddable":true,"href":"https:\/\/redamlo.com\/index.php\/wp-json\/wp\/v2\/users\/1"}],"replies":[{"embeddable":true,"href":"https:\/\/redamlo.com\/index.php\/wp-json\/wp\/v2\/comments?post=8091"}],"version-history":[{"count":0,"href":"https:\/\/redamlo.com\/index.php\/wp-json\/wp\/v2\/posts\/8091\/revisions"}],"wp:featuredmedia":[{"embeddable":true,"href":"https:\/\/redamlo.com\/index.php\/wp-json\/wp\/v2\/media\/8092"}],"wp:attachment":[{"href":"https:\/\/redamlo.com\/index.php\/wp-json\/wp\/v2\/media?parent=8091"}],"wp:term":[{"taxonomy":"category","embeddable":true,"href":"https:\/\/redamlo.com\/index.php\/wp-json\/wp\/v2\/categories?post=8091"},{"taxonomy":"post_tag","embeddable":true,"href":"https:\/\/redamlo.com\/index.php\/wp-json\/wp\/v2\/tags?post=8091"}],"curies":[{"name":"wp","href":"https:\/\/api.w.org\/{rel}","templated":true}]}}