{"id":8088,"date":"2024-12-19T18:19:21","date_gmt":"2024-12-20T00:19:21","guid":{"rendered":"https:\/\/redamlo.com\/?p=8088"},"modified":"2024-12-19T18:19:21","modified_gmt":"2024-12-20T00:19:21","slug":"sheinbaum-firma-decreto-para-proteger-a-la-industria-textil-nacional-y-fortalecer-el-desarrollo-economico-de-mexico","status":"publish","type":"post","link":"https:\/\/redamlo.com\/index.php\/2024\/12\/19\/sheinbaum-firma-decreto-para-proteger-a-la-industria-textil-nacional-y-fortalecer-el-desarrollo-economico-de-mexico\/","title":{"rendered":"Sheinbaum firma decreto para proteger a la industria textil nacional y fortalecer el desarrollo econ\u00f3mico de M\u00e9xico"},"content":{"rendered":"<ul>\n<li>Adem\u00e1s, el SAT y la ANAM estableci\u00f3 que los 861 agentes aduanales activos son corresponsables de las importaciones y exportaciones y del pago de las contribuciones<\/li>\n<li>A la fecha se ha detectado que 40 agentes aduanales presentaron irregularidades y omisiones, por lo que se han cancelado siete patentes de agentes aduanales<\/li>\n<li>A partir del 24 de diciembre se realizar\u00e1 el pago pendiente del programa Producci\u00f3n para el Bienestar a 176 mil 563 productores: Agricultura<\/li>\n<\/ul>\n<p>La Presidenta de M\u00e9xico, Claudia Sheinbaum Pardo, firm\u00f3 el decreto por el cual se protege a la industria textil mexicana con el incremento temporal de 35 por ciento al arancel de 138 fracciones de mercanc\u00edas confeccionadas; el 15 por ciento a la importaci\u00f3n de 17 fracciones de mercanc\u00edas textiles, as\u00ed como aumentar la lista de los productos que no pueden importar mediante el Programa de la Industria Manufacturera, Maquiladora y de Servicios de Exportaci\u00f3n (IMMEX).<\/p>\n<p>\u201cUna serie de acciones que estamos tomando para fortalecer el desarrollo econ\u00f3mico de M\u00e9xico y la producci\u00f3n nacional\u201d, sostuvo la Jefa del Ejecutivo Federal en la conferencia matutina: \u201cLas ma\u00f1aneras del pueblo\u201d.<\/p>\n<p>Asimismo, se anunci\u00f3 que el Servicio de Administraci\u00f3n Tributaria (SAT) y la Agencia Nacional de Aduanas de M\u00e9xico (ANAM), emitieron reglas para abatir el contrabando, la evasi\u00f3n y la elusi\u00f3n fiscal, por lo que se estableci\u00f3 que los 861 agentes aduanales activos son corresponsables de las importaciones y exportaciones, as\u00ed como en el pago de las contribuciones, por lo que pueden estar sujetos a diversas sanciones.<\/p>\n<p>En consecuencia, a trav\u00e9s del Programa de Fiscalizaci\u00f3n del SAT y de la ANAM se ha detectado que 40 agentes aduanales presentaron irregularidades y omisiones como abusos al efectuar la importaci\u00f3n aplicando de manera indebida el beneficio de tasa reducida; abusos en los beneficios de empresas certificadas que no pagan IVA por la importaci\u00f3n de mercanc\u00edas e importaci\u00f3n de diversas mercanc\u00edas que, a la entrada al pa\u00eds, no pagaron las contribuciones de forma correcta. Por lo que, a la fecha, se han cancelado siete patentes de agentes aduanales.<\/p>\n<p>Al respecto, la Presidenta de M\u00e9xico expuso que la Cuarta Transformaci\u00f3n tiene como objetivo erradicar la corrupci\u00f3n, por lo que al hacer corresponsables a los agentes aduanales, se busca incrementar los ingresos para destinarlos a programas sociales e inversi\u00f3n p\u00fablica, as\u00ed como al impulso de la econom\u00eda del pa\u00eds, la disminuci\u00f3n de la pobreza y las desigualdades.<\/p>\n<p>El secretario de Econom\u00eda, Marcelo Ebrard Casaubon, explic\u00f3 que la industria textil en M\u00e9xico genera alrededor de 400 mil empleos, por lo que el objetivo del decreto es:<\/p>\n<ul>\n<li>Fomentar el desarrollo de la industria nacional, como parte de la Prosperidad Compartida<\/li>\n<li>Promover condiciones justas de mercado<\/li>\n<li>Evitar pr\u00e1cticas que afecten el empleo y la competitividad.<\/li>\n<li>Evitar el contrabando t\u00e9cnico.<\/li>\n<li>Privilegiar el comercio con mercados con los que M\u00e9xico tiene tratados comerciales.<\/li>\n<li>Aumento en la competitividad y el empleo de la industria nacional.<\/li>\n<\/ul>\n<p>Precis\u00f3 que este tipo de medidas son indispensables, ya que en los \u00faltimos a\u00f1os se han perdido 79 mil empleos en la industria textil, mientras que en 2024 se alcanz\u00f3 el nivel m\u00e1s bajo. Asimismo, el Producto Interno Bruto (PIB) de esta industria disminuy\u00f3 a una tasa anual de 4.8 por ciento, lo que quiere decir que cada a\u00f1o se pierden aproximadamente mil 229 millones de pesos (mdp) en empleo.<\/p>\n<p>\u201cSon medidas para proteger una de las industrias m\u00e1s importantes en materia de empleo en nuestro pa\u00eds, es casi medio mill\u00f3n de personas. Si no se toman estas medidas para evitar el abuso o precios que tienen\u00a0<em>dumping<\/em>\u00a0o que pueden tenerlo, o que son demasiados bajos, pues entonces est\u00e1 en desventaja la industria nacional\u201d, resalt\u00f3.<\/p>\n<p><strong>Dispersi\u00f3n del programa Producci\u00f3n para el Bienestar<\/strong><\/p>\n<p>El secretario de Agricultura y Desarrollo Rural, Julio Berdegu\u00e9 Sacrist\u00e1n inform\u00f3 que a partir del 24 de diciembre, se realizar\u00e1 el pago pendiente del programa Producci\u00f3n para el Bienestar a 176 mil 563 productores y productoras, principalmente de siete estados: Chihuahua, 52 mil 072 productores; Sinaloa, 36 mil 677 productores; Nayarit, 29 mil 457 productores; Tlaxcala, 20 mil 887 productores; Quer\u00e9taro, 16 mil 676 productores; Coahuila, 10 mil 578 productores; Sonora, 5 mil 890 productores y de otras entidades, 4 mil 326 productores, por un monto total de mil 482 millones 986 mil 800 pesos.<\/p>\n<p>El coordinador de Infodemia, Miguel Elorza V\u00e1squez, present\u00f3 la secci\u00f3n \u201cDetector de Mentiras\u201d en la que se expuso algunas de las noticias falsas que se han divulgado en redes sociales y medios de comunicaci\u00f3n sobre la reforma a la Ley del Instituto del Fondo Nacional de la Vivienda para los Trabajadores (Infonavit).<\/p>\n<p>Asimismo, en la secci\u00f3n \u201cMujeres en la historia\u201d, la subsecretaria de Educaci\u00f3n B\u00e1sica de la Secretar\u00eda de Educaci\u00f3n P\u00fablica (SEP), Noem\u00ed Ju\u00e1rez P\u00e9rez, present\u00f3 una c\u00e1psula sobre la vida y obra de la hero\u00edna independentista, Josefa Ortiz T\u00e9llez Gir\u00f3n.<\/p>\n","protected":false},"excerpt":{"rendered":"<p>Adem\u00e1s, el SAT y la ANAM estableci\u00f3 que los 861 agentes aduanales activos son corresponsables&#8230;<\/p>\n","protected":false},"author":1,"featured_media":8089,"comment_status":"open","ping_status":"closed","sticky":false,"template":"","format":"standard","meta":{"footnotes":""},"categories":[37],"tags":[2767,2768,132,2470],"class_list":["post-8088","post","type-post","status-publish","format-standard","has-post-thumbnail","hentry","category-economia","tag-immex","tag-industria-textil-nacional","tag-marcelo-ebrard","tag-sheinbaum"],"yoast_head":"<!-- This site is optimized with the Yoast SEO plugin v27.5 - https:\/\/yoast.com\/product\/yoast-seo-wordpress\/ -->\n<title>Sheinbaum firma decreto para proteger a la industria textil nacional y fortalecer el desarrollo econ\u00f3mico de M\u00e9xico - NOTICIAS DE LA 4T<\/title>\n<meta name=\"robots\" content=\"noindex, follow, max-snippet:-1, max-image-preview:large, max-video-preview:-1\" \/>\n<meta property=\"og:locale\" content=\"es_MX\" \/>\n<meta property=\"og:type\" content=\"article\" \/>\n<meta property=\"og:title\" content=\"Sheinbaum firma decreto para proteger a la industria textil nacional y fortalecer el desarrollo econ\u00f3mico de M\u00e9xico - NOTICIAS DE LA 4T\" \/>\n<meta property=\"og:description\" content=\"Adem\u00e1s, el SAT y la ANAM estableci\u00f3 que los 861 agentes aduanales activos son corresponsables...\" \/>\n<meta property=\"og:url\" content=\"https:\/\/redamlo.com\/index.php\/2024\/12\/19\/sheinbaum-firma-decreto-para-proteger-a-la-industria-textil-nacional-y-fortalecer-el-desarrollo-economico-de-mexico\/\" \/>\n<meta property=\"og:site_name\" content=\"NOTICIAS DE LA 4T\" \/>\n<meta property=\"article:published_time\" content=\"2024-12-20T00:19:21+00:00\" \/>\n<meta property=\"og:image\" content=\"https:\/\/redamlo.com\/wp-content\/uploads\/2024\/12\/decreto-textil.jpeg\" \/>\n\t<meta property=\"og:image:width\" content=\"650\" \/>\n\t<meta property=\"og:image:height\" content=\"380\" \/>\n\t<meta property=\"og:image:type\" content=\"image\/jpeg\" \/>\n<meta name=\"author\" content=\"admin\" \/>\n<meta name=\"twitter:card\" content=\"summary_large_image\" \/>\n<meta name=\"twitter:label1\" content=\"Escrito por\" \/>\n\t<meta name=\"twitter:data1\" content=\"admin\" \/>\n\t<meta name=\"twitter:label2\" content=\"Tiempo de lectura\" \/>\n\t<meta name=\"twitter:data2\" content=\"4 minutos\" \/>\n<script type=\"application\/ld+json\" class=\"yoast-schema-graph\">{\"@context\":\"https:\\\/\\\/schema.org\",\"@graph\":[{\"@type\":\"Article\",\"@id\":\"https:\\\/\\\/redamlo.com\\\/index.php\\\/2024\\\/12\\\/19\\\/sheinbaum-firma-decreto-para-proteger-a-la-industria-textil-nacional-y-fortalecer-el-desarrollo-economico-de-mexico\\\/#article\",\"isPartOf\":{\"@id\":\"https:\\\/\\\/redamlo.com\\\/index.php\\\/2024\\\/12\\\/19\\\/sheinbaum-firma-decreto-para-proteger-a-la-industria-textil-nacional-y-fortalecer-el-desarrollo-economico-de-mexico\\\/\"},\"author\":{\"name\":\"admin\",\"@id\":\"https:\\\/\\\/redamlo.com\\\/#\\\/schema\\\/person\\\/197a0a670d21b1f4f1483ddda1b64613\"},\"headline\":\"Sheinbaum firma decreto para proteger a la industria textil nacional y fortalecer el desarrollo econ\u00f3mico de M\u00e9xico\",\"datePublished\":\"2024-12-20T00:19:21+00:00\",\"mainEntityOfPage\":{\"@id\":\"https:\\\/\\\/redamlo.com\\\/index.php\\\/2024\\\/12\\\/19\\\/sheinbaum-firma-decreto-para-proteger-a-la-industria-textil-nacional-y-fortalecer-el-desarrollo-economico-de-mexico\\\/\"},\"wordCount\":836,\"commentCount\":0,\"publisher\":{\"@id\":\"https:\\\/\\\/redamlo.com\\\/#organization\"},\"image\":{\"@id\":\"https:\\\/\\\/redamlo.com\\\/index.php\\\/2024\\\/12\\\/19\\\/sheinbaum-firma-decreto-para-proteger-a-la-industria-textil-nacional-y-fortalecer-el-desarrollo-economico-de-mexico\\\/#primaryimage\"},\"thumbnailUrl\":\"https:\\\/\\\/redamlo.com\\\/wp-content\\\/uploads\\\/2024\\\/12\\\/decreto-textil.jpeg\",\"keywords\":[\"IMMEX\",\"industria textil nacional\",\"Marcelo Ebrard\",\"Sheinbaum\"],\"articleSection\":[\"Econom\u00eda\"],\"inLanguage\":\"es\",\"potentialAction\":[{\"@type\":\"CommentAction\",\"name\":\"Comment\",\"target\":[\"https:\\\/\\\/redamlo.com\\\/index.php\\\/2024\\\/12\\\/19\\\/sheinbaum-firma-decreto-para-proteger-a-la-industria-textil-nacional-y-fortalecer-el-desarrollo-economico-de-mexico\\\/#respond\"]}]},{\"@type\":\"WebPage\",\"@id\":\"https:\\\/\\\/redamlo.com\\\/index.php\\\/2024\\\/12\\\/19\\\/sheinbaum-firma-decreto-para-proteger-a-la-industria-textil-nacional-y-fortalecer-el-desarrollo-economico-de-mexico\\\/\",\"url\":\"https:\\\/\\\/redamlo.com\\\/index.php\\\/2024\\\/12\\\/19\\\/sheinbaum-firma-decreto-para-proteger-a-la-industria-textil-nacional-y-fortalecer-el-desarrollo-economico-de-mexico\\\/\",\"name\":\"Sheinbaum firma decreto para proteger a la industria textil nacional y fortalecer el desarrollo econ\u00f3mico de M\u00e9xico - NOTICIAS DE LA 4T\",\"isPartOf\":{\"@id\":\"https:\\\/\\\/redamlo.com\\\/#website\"},\"primaryImageOfPage\":{\"@id\":\"https:\\\/\\\/redamlo.com\\\/index.php\\\/2024\\\/12\\\/19\\\/sheinbaum-firma-decreto-para-proteger-a-la-industria-textil-nacional-y-fortalecer-el-desarrollo-economico-de-mexico\\\/#primaryimage\"},\"image\":{\"@id\":\"https:\\\/\\\/redamlo.com\\\/index.php\\\/2024\\\/12\\\/19\\\/sheinbaum-firma-decreto-para-proteger-a-la-industria-textil-nacional-y-fortalecer-el-desarrollo-economico-de-mexico\\\/#primaryimage\"},\"thumbnailUrl\":\"https:\\\/\\\/redamlo.com\\\/wp-content\\\/uploads\\\/2024\\\/12\\\/decreto-textil.jpeg\",\"datePublished\":\"2024-12-20T00:19:21+00:00\",\"breadcrumb\":{\"@id\":\"https:\\\/\\\/redamlo.com\\\/index.php\\\/2024\\\/12\\\/19\\\/sheinbaum-firma-decreto-para-proteger-a-la-industria-textil-nacional-y-fortalecer-el-desarrollo-economico-de-mexico\\\/#breadcrumb\"},\"inLanguage\":\"es\",\"potentialAction\":[{\"@type\":\"ReadAction\",\"target\":[\"https:\\\/\\\/redamlo.com\\\/index.php\\\/2024\\\/12\\\/19\\\/sheinbaum-firma-decreto-para-proteger-a-la-industria-textil-nacional-y-fortalecer-el-desarrollo-economico-de-mexico\\\/\"]}]},{\"@type\":\"ImageObject\",\"inLanguage\":\"es\",\"@id\":\"https:\\\/\\\/redamlo.com\\\/index.php\\\/2024\\\/12\\\/19\\\/sheinbaum-firma-decreto-para-proteger-a-la-industria-textil-nacional-y-fortalecer-el-desarrollo-economico-de-mexico\\\/#primaryimage\",\"url\":\"https:\\\/\\\/redamlo.com\\\/wp-content\\\/uploads\\\/2024\\\/12\\\/decreto-textil.jpeg\",\"contentUrl\":\"https:\\\/\\\/redamlo.com\\\/wp-content\\\/uploads\\\/2024\\\/12\\\/decreto-textil.jpeg\",\"width\":650,\"height\":380},{\"@type\":\"BreadcrumbList\",\"@id\":\"https:\\\/\\\/redamlo.com\\\/index.php\\\/2024\\\/12\\\/19\\\/sheinbaum-firma-decreto-para-proteger-a-la-industria-textil-nacional-y-fortalecer-el-desarrollo-economico-de-mexico\\\/#breadcrumb\",\"itemListElement\":[{\"@type\":\"ListItem\",\"position\":1,\"name\":\"Inicio\",\"item\":\"https:\\\/\\\/redamlo.com\\\/\"},{\"@type\":\"ListItem\",\"position\":2,\"name\":\"Sheinbaum firma decreto para proteger a la industria textil nacional y fortalecer el desarrollo econ\u00f3mico de M\u00e9xico\"}]},{\"@type\":\"WebSite\",\"@id\":\"https:\\\/\\\/redamlo.com\\\/#website\",\"url\":\"https:\\\/\\\/redamlo.com\\\/\",\"name\":\"NOTICIAS DE LA 4T\",\"description\":\"\",\"publisher\":{\"@id\":\"https:\\\/\\\/redamlo.com\\\/#organization\"},\"potentialAction\":[{\"@type\":\"SearchAction\",\"target\":{\"@type\":\"EntryPoint\",\"urlTemplate\":\"https:\\\/\\\/redamlo.com\\\/?s={search_term_string}\"},\"query-input\":{\"@type\":\"PropertyValueSpecification\",\"valueRequired\":true,\"valueName\":\"search_term_string\"}}],\"inLanguage\":\"es\"},{\"@type\":\"Organization\",\"@id\":\"https:\\\/\\\/redamlo.com\\\/#organization\",\"name\":\"NOTICIAS DE LA 4T\",\"url\":\"https:\\\/\\\/redamlo.com\\\/\",\"logo\":{\"@type\":\"ImageObject\",\"inLanguage\":\"es\",\"@id\":\"https:\\\/\\\/redamlo.com\\\/#\\\/schema\\\/logo\\\/image\\\/\",\"url\":\"https:\\\/\\\/redamlo.com\\\/wp-content\\\/uploads\\\/2024\\\/08\\\/cropped-RED-AMLO-logo-50.png\",\"contentUrl\":\"https:\\\/\\\/redamlo.com\\\/wp-content\\\/uploads\\\/2024\\\/08\\\/cropped-RED-AMLO-logo-50.png\",\"width\":256,\"height\":256,\"caption\":\"NOTICIAS DE LA 4T\"},\"image\":{\"@id\":\"https:\\\/\\\/redamlo.com\\\/#\\\/schema\\\/logo\\\/image\\\/\"}},{\"@type\":\"Person\",\"@id\":\"https:\\\/\\\/redamlo.com\\\/#\\\/schema\\\/person\\\/197a0a670d21b1f4f1483ddda1b64613\",\"name\":\"admin\",\"image\":{\"@type\":\"ImageObject\",\"inLanguage\":\"es\",\"@id\":\"https:\\\/\\\/secure.gravatar.com\\\/avatar\\\/293dccd927043f2e641da6685c2f84009782eb9ee0054daceada4e261ded849a?s=96&d=mm&r=g\",\"url\":\"https:\\\/\\\/secure.gravatar.com\\\/avatar\\\/293dccd927043f2e641da6685c2f84009782eb9ee0054daceada4e261ded849a?s=96&d=mm&r=g\",\"contentUrl\":\"https:\\\/\\\/secure.gravatar.com\\\/avatar\\\/293dccd927043f2e641da6685c2f84009782eb9ee0054daceada4e261ded849a?s=96&d=mm&r=g\",\"caption\":\"admin\"},\"sameAs\":[\"https:\\\/\\\/redamlo.com\"],\"url\":\"https:\\\/\\\/redamlo.com\\\/index.php\\\/author\\\/stell\\\/\"}]}<\/script>\n<!-- \/ Yoast SEO plugin. -->","yoast_head_json":{"title":"Sheinbaum firma decreto para proteger a la industria textil nacional y fortalecer el desarrollo econ\u00f3mico de M\u00e9xico - NOTICIAS DE LA 4T","robots":{"index":"noindex","follow":"follow","max-snippet":"max-snippet:-1","max-image-preview":"max-image-preview:large","max-video-preview":"max-video-preview:-1"},"og_locale":"es_MX","og_type":"article","og_title":"Sheinbaum firma decreto para proteger a la industria textil nacional y fortalecer el desarrollo econ\u00f3mico de M\u00e9xico - NOTICIAS DE LA 4T","og_description":"Adem\u00e1s, el SAT y la ANAM estableci\u00f3 que los 861 agentes aduanales activos son corresponsables...","og_url":"https:\/\/redamlo.com\/index.php\/2024\/12\/19\/sheinbaum-firma-decreto-para-proteger-a-la-industria-textil-nacional-y-fortalecer-el-desarrollo-economico-de-mexico\/","og_site_name":"NOTICIAS DE LA 4T","article_published_time":"2024-12-20T00:19:21+00:00","og_image":[{"width":650,"height":380,"url":"https:\/\/redamlo.com\/wp-content\/uploads\/2024\/12\/decreto-textil.jpeg","type":"image\/jpeg"}],"author":"admin","twitter_card":"summary_large_image","twitter_misc":{"Escrito por":"admin","Tiempo de lectura":"4 minutos"},"schema":{"@context":"https:\/\/schema.org","@graph":[{"@type":"Article","@id":"https:\/\/redamlo.com\/index.php\/2024\/12\/19\/sheinbaum-firma-decreto-para-proteger-a-la-industria-textil-nacional-y-fortalecer-el-desarrollo-economico-de-mexico\/#article","isPartOf":{"@id":"https:\/\/redamlo.com\/index.php\/2024\/12\/19\/sheinbaum-firma-decreto-para-proteger-a-la-industria-textil-nacional-y-fortalecer-el-desarrollo-economico-de-mexico\/"},"author":{"name":"admin","@id":"https:\/\/redamlo.com\/#\/schema\/person\/197a0a670d21b1f4f1483ddda1b64613"},"headline":"Sheinbaum firma decreto para proteger a la industria textil nacional y fortalecer el desarrollo econ\u00f3mico de M\u00e9xico","datePublished":"2024-12-20T00:19:21+00:00","mainEntityOfPage":{"@id":"https:\/\/redamlo.com\/index.php\/2024\/12\/19\/sheinbaum-firma-decreto-para-proteger-a-la-industria-textil-nacional-y-fortalecer-el-desarrollo-economico-de-mexico\/"},"wordCount":836,"commentCount":0,"publisher":{"@id":"https:\/\/redamlo.com\/#organization"},"image":{"@id":"https:\/\/redamlo.com\/index.php\/2024\/12\/19\/sheinbaum-firma-decreto-para-proteger-a-la-industria-textil-nacional-y-fortalecer-el-desarrollo-economico-de-mexico\/#primaryimage"},"thumbnailUrl":"https:\/\/redamlo.com\/wp-content\/uploads\/2024\/12\/decreto-textil.jpeg","keywords":["IMMEX","industria textil nacional","Marcelo Ebrard","Sheinbaum"],"articleSection":["Econom\u00eda"],"inLanguage":"es","potentialAction":[{"@type":"CommentAction","name":"Comment","target":["https:\/\/redamlo.com\/index.php\/2024\/12\/19\/sheinbaum-firma-decreto-para-proteger-a-la-industria-textil-nacional-y-fortalecer-el-desarrollo-economico-de-mexico\/#respond"]}]},{"@type":"WebPage","@id":"https:\/\/redamlo.com\/index.php\/2024\/12\/19\/sheinbaum-firma-decreto-para-proteger-a-la-industria-textil-nacional-y-fortalecer-el-desarrollo-economico-de-mexico\/","url":"https:\/\/redamlo.com\/index.php\/2024\/12\/19\/sheinbaum-firma-decreto-para-proteger-a-la-industria-textil-nacional-y-fortalecer-el-desarrollo-economico-de-mexico\/","name":"Sheinbaum firma decreto para proteger a la industria textil nacional y fortalecer el desarrollo econ\u00f3mico de M\u00e9xico - NOTICIAS DE LA 4T","isPartOf":{"@id":"https:\/\/redamlo.com\/#website"},"primaryImageOfPage":{"@id":"https:\/\/redamlo.com\/index.php\/2024\/12\/19\/sheinbaum-firma-decreto-para-proteger-a-la-industria-textil-nacional-y-fortalecer-el-desarrollo-economico-de-mexico\/#primaryimage"},"image":{"@id":"https:\/\/redamlo.com\/index.php\/2024\/12\/19\/sheinbaum-firma-decreto-para-proteger-a-la-industria-textil-nacional-y-fortalecer-el-desarrollo-economico-de-mexico\/#primaryimage"},"thumbnailUrl":"https:\/\/redamlo.com\/wp-content\/uploads\/2024\/12\/decreto-textil.jpeg","datePublished":"2024-12-20T00:19:21+00:00","breadcrumb":{"@id":"https:\/\/redamlo.com\/index.php\/2024\/12\/19\/sheinbaum-firma-decreto-para-proteger-a-la-industria-textil-nacional-y-fortalecer-el-desarrollo-economico-de-mexico\/#breadcrumb"},"inLanguage":"es","potentialAction":[{"@type":"ReadAction","target":["https:\/\/redamlo.com\/index.php\/2024\/12\/19\/sheinbaum-firma-decreto-para-proteger-a-la-industria-textil-nacional-y-fortalecer-el-desarrollo-economico-de-mexico\/"]}]},{"@type":"ImageObject","inLanguage":"es","@id":"https:\/\/redamlo.com\/index.php\/2024\/12\/19\/sheinbaum-firma-decreto-para-proteger-a-la-industria-textil-nacional-y-fortalecer-el-desarrollo-economico-de-mexico\/#primaryimage","url":"https:\/\/redamlo.com\/wp-content\/uploads\/2024\/12\/decreto-textil.jpeg","contentUrl":"https:\/\/redamlo.com\/wp-content\/uploads\/2024\/12\/decreto-textil.jpeg","width":650,"height":380},{"@type":"BreadcrumbList","@id":"https:\/\/redamlo.com\/index.php\/2024\/12\/19\/sheinbaum-firma-decreto-para-proteger-a-la-industria-textil-nacional-y-fortalecer-el-desarrollo-economico-de-mexico\/#breadcrumb","itemListElement":[{"@type":"ListItem","position":1,"name":"Inicio","item":"https:\/\/redamlo.com\/"},{"@type":"ListItem","position":2,"name":"Sheinbaum firma decreto para proteger a la industria textil nacional y fortalecer el desarrollo econ\u00f3mico de M\u00e9xico"}]},{"@type":"WebSite","@id":"https:\/\/redamlo.com\/#website","url":"https:\/\/redamlo.com\/","name":"NOTICIAS DE LA 4T","description":"","publisher":{"@id":"https:\/\/redamlo.com\/#organization"},"potentialAction":[{"@type":"SearchAction","target":{"@type":"EntryPoint","urlTemplate":"https:\/\/redamlo.com\/?s={search_term_string}"},"query-input":{"@type":"PropertyValueSpecification","valueRequired":true,"valueName":"search_term_string"}}],"inLanguage":"es"},{"@type":"Organization","@id":"https:\/\/redamlo.com\/#organization","name":"NOTICIAS DE LA 4T","url":"https:\/\/redamlo.com\/","logo":{"@type":"ImageObject","inLanguage":"es","@id":"https:\/\/redamlo.com\/#\/schema\/logo\/image\/","url":"https:\/\/redamlo.com\/wp-content\/uploads\/2024\/08\/cropped-RED-AMLO-logo-50.png","contentUrl":"https:\/\/redamlo.com\/wp-content\/uploads\/2024\/08\/cropped-RED-AMLO-logo-50.png","width":256,"height":256,"caption":"NOTICIAS DE LA 4T"},"image":{"@id":"https:\/\/redamlo.com\/#\/schema\/logo\/image\/"}},{"@type":"Person","@id":"https:\/\/redamlo.com\/#\/schema\/person\/197a0a670d21b1f4f1483ddda1b64613","name":"admin","image":{"@type":"ImageObject","inLanguage":"es","@id":"https:\/\/secure.gravatar.com\/avatar\/293dccd927043f2e641da6685c2f84009782eb9ee0054daceada4e261ded849a?s=96&d=mm&r=g","url":"https:\/\/secure.gravatar.com\/avatar\/293dccd927043f2e641da6685c2f84009782eb9ee0054daceada4e261ded849a?s=96&d=mm&r=g","contentUrl":"https:\/\/secure.gravatar.com\/avatar\/293dccd927043f2e641da6685c2f84009782eb9ee0054daceada4e261ded849a?s=96&d=mm&r=g","caption":"admin"},"sameAs":["https:\/\/redamlo.com"],"url":"https:\/\/redamlo.com\/index.php\/author\/stell\/"}]}},"_links":{"self":[{"href":"https:\/\/redamlo.com\/index.php\/wp-json\/wp\/v2\/posts\/8088","targetHints":{"allow":["GET"]}}],"collection":[{"href":"https:\/\/redamlo.com\/index.php\/wp-json\/wp\/v2\/posts"}],"about":[{"href":"https:\/\/redamlo.com\/index.php\/wp-json\/wp\/v2\/types\/post"}],"author":[{"embeddable":true,"href":"https:\/\/redamlo.com\/index.php\/wp-json\/wp\/v2\/users\/1"}],"replies":[{"embeddable":true,"href":"https:\/\/redamlo.com\/index.php\/wp-json\/wp\/v2\/comments?post=8088"}],"version-history":[{"count":0,"href":"https:\/\/redamlo.com\/index.php\/wp-json\/wp\/v2\/posts\/8088\/revisions"}],"wp:featuredmedia":[{"embeddable":true,"href":"https:\/\/redamlo.com\/index.php\/wp-json\/wp\/v2\/media\/8089"}],"wp:attachment":[{"href":"https:\/\/redamlo.com\/index.php\/wp-json\/wp\/v2\/media?parent=8088"}],"wp:term":[{"taxonomy":"category","embeddable":true,"href":"https:\/\/redamlo.com\/index.php\/wp-json\/wp\/v2\/categories?post=8088"},{"taxonomy":"post_tag","embeddable":true,"href":"https:\/\/redamlo.com\/index.php\/wp-json\/wp\/v2\/tags?post=8088"}],"curies":[{"name":"wp","href":"https:\/\/api.w.org\/{rel}","templated":true}]}}