{"id":8066,"date":"2024-12-16T19:19:42","date_gmt":"2024-12-17T01:19:42","guid":{"rendered":"https:\/\/redamlo.com\/?p=8066"},"modified":"2024-12-16T19:19:42","modified_gmt":"2024-12-17T01:19:42","slug":"claudia-sheinbaum-firma-decreto-por-el-que-se-reforman-leyes-secundarias-para-proteger-a-las-mujeres-en-mexico","status":"publish","type":"post","link":"https:\/\/redamlo.com\/index.php\/2024\/12\/16\/claudia-sheinbaum-firma-decreto-por-el-que-se-reforman-leyes-secundarias-para-proteger-a-las-mujeres-en-mexico\/","title":{"rendered":"Claudia Sheinbaum firma decreto por el que se reforman leyes secundarias para proteger a las mujeres en M\u00e9xico"},"content":{"rendered":"<ul>\n<li>Se trata de la Ley General para la Igualdad entre Mujeres y Hombres; la Ley General de Acceso de las Mujeres a una Vida Libre de Violencia; del C\u00f3digo Nacional de Procedimientos Civiles y Familiares; del C\u00f3digo Nacional de Procedimiento Penales; la Ley General del Sistema Nacional de Seguridad P\u00fablica; la Ley Federal del Trabajo y la Ley de los trabajadores al Servicio del Estado, reglamentaria del Apartado B del art\u00edculo 123 Constitucional<\/li>\n<\/ul>\n<p>&nbsp;<\/p>\n<p>La Presidenta de M\u00e9xico, Claudia Sheinbaum Pardo, firm\u00f3 el decreto por el que se reforman y adicionan diversas disposiciones en siete leyes secundarias, con el objetivo de promover la igualdad sustantiva, la perspectiva de g\u00e9nero, el derecho de las mujeres a una vida libre de violencia y la erradicaci\u00f3n de la brecha salarial por razones de g\u00e9nero.<\/p>\n<p>\u201cSon cuatro ejes muy importantes de estas leyes secundarias que protegen y fortalecen a las ni\u00f1as y a los ni\u00f1os y a las mujeres en nuestro pa\u00eds, fortalecen sus derechos. Hoy las mujeres en M\u00e9xico tienen un marco jur\u00eddico que las respalda y ahora, nos toca que todo esto sea una realidad en M\u00e9xico, y que en los estados se adhieran a estas grandes reformas de protecci\u00f3n a las mujeres (&#8230;)\u201d.<\/p>\n<p>\u201cEn las leyes, hoy est\u00e1n protegidas las mujeres en M\u00e9xico. Quiz\u00e1 somos uno de los pa\u00edses con mayor avance en la legislaci\u00f3n de protecci\u00f3n y derechos de las mujeres\u201d, puntualiz\u00f3 durante la conferencia matutina: \u201cLas ma\u00f1aneras del pueblo\u201d.<\/p>\n<p>Al respecto, la secretaria de Mujeres, Citlalli Hern\u00e1ndez Mora, explic\u00f3 que se reformaron y adicionaron diversas disposiciones de siete leyes:<\/p>\n<p>&nbsp;<\/p>\n<ul>\n<li><strong>Ley General para la Igualdad entre Mujeres y Hombres<\/strong>: se modifican los art\u00edculos 5, 9, 17, 26, 33 y 34, para definir la brecha salarial como la diferencia de retribuci\u00f3n salarial, por razones de g\u00e9nero, en la realizaci\u00f3n de un trabajo de igual valor. Se establece que las pol\u00edticas p\u00fablicas del Estado mexicano deben encaminarse a garantizar la igualdad entre mujeres y hombres en todos los \u00e1mbitos de la vida cotidiana, y tambi\u00e9n se despliegan las\u00a0 pol\u00edticas p\u00fablicas para erradicar la brecha salarial en raz\u00f3n de g\u00e9nero y se establece para ello, un Certificado de Igualdad de G\u00e9nero y no Discriminaci\u00f3n.<\/li>\n<\/ul>\n<p>&nbsp;<\/p>\n<ul>\n<li><strong>Ley General de Acceso de las Mujeres a una Vida Libre de Violencia<\/strong>: se modificaron los art\u00edculos 1, 2, 5, 25 Bis, 27, 28, 30, 34 Bis, 34 Ter, 44, 46, 46 Bis, 47, 48, 49 y 50 y se crea el Cap\u00edtulo VII. Se considera a la ley como reglamentaria del art\u00edculo 4\u00ba, en materia de acceso de las mujeres, ni\u00f1as y ni\u00f1os a una vida libre de violencias.<\/li>\n<\/ul>\n<p>&nbsp;<\/p>\n<p>Asimismo, se establece que en casos de violencia de g\u00e9nero el agresor sale de casa, sin importar la acreditaci\u00f3n de la propiedad. Se crea el Registro Nacional de Medidas y \u00d3rdenes de Protecci\u00f3n de las Mujeres, Adolescentes, Ni\u00f1as y Ni\u00f1os para prevenir actos de violencia; se faculta a la Secretar\u00eda de Seguridad y Protecci\u00f3n Ciudadana para, entre otras cosas, implementar el Registro Nacional y a la Secretar\u00eda de las Mujeres para crear los lineamientos de operaci\u00f3n de dicho Registro Nacional y evaluar su desempe\u00f1o.<\/p>\n<p>&nbsp;<\/p>\n<ul>\n<li><strong>El C\u00f3digo Nacional de Procedimientos Civiles y Familiares<\/strong>: se modifican los art\u00edculos 554 y 573, para establecer medidas de protecci\u00f3n en favor de las mujeres, adolescentes, ni\u00f1as y ni\u00f1os. Adem\u00e1s se conceptualiza la violencia vicaria:<em>\u00a0\u201cCualquier acto u omisi\u00f3n que, con el objetivo de causar perjuicio o da\u00f1o a las mujeres, se dirige contra las hijas y\/o hijos, familiares o personas allegadas, ya sea que se tenga o se haya tenido relaci\u00f3n de matrimonio o concubinato; o mantenga o se haya mantenido una relaci\u00f3n de hecho con la persona agresora; lo anterior aplica incluso cuando no se cohabite en el mismo domicilio<\/em>\u201d.<\/li>\n<\/ul>\n<p>&nbsp;<\/p>\n<ul>\n<li><strong>El C\u00f3digo Nacional de Procedimiento Penales<\/strong>: se reforman los art\u00edculos 132, 137 y 139 para facultar a las polic\u00edas, a los Ministerios P\u00fablicos a atender las \u00f3rdenes de protecci\u00f3n que se ejercen cuando una mujer va con una autoridad y manifiesta que ha vivido violencia. Y se establece la supletoriedad de la Ley General de Acceso de las Mujeres a una Vida Libre de Violencia en materia de delitos relacionados con las violencias de g\u00e9nero.<\/li>\n<\/ul>\n<p>&nbsp;<\/p>\n<ul>\n<li><strong>Ley General del Sistema Nacional de Seguridad P\u00fablica<\/strong>: se modifican los art\u00edculos 3, 5, 7, 20, 25, 29, 39, 40, 41, 62, 75, 77, 110, 127 Ter, y 134. Adem\u00e1s, se crea el cap\u00edtulo VII. Se faculta a las instituciones policiales para aplicar medidas y \u00f3rdenes de protecci\u00f3n para mujeres, adolescentes, ni\u00f1as y ni\u00f1os. Se establece una coordinaci\u00f3n entre autoridades para la implementaci\u00f3n integral de las medidas u \u00f3rdenes de protecci\u00f3n. Se crea el Registro Nacional de Medidas u \u00d3rdenes de Protecci\u00f3n, que ser\u00e1 actualizado por autoridades de los tres \u00f3rdenes de gobierno y se establece la obligaci\u00f3n de las legislaciones locales para capacitar.<\/li>\n<\/ul>\n<p>&nbsp;<\/p>\n<ul>\n<li><strong>Ley Federal del Trabajo y la Ley de los trabajadores al Servicio del Estado, reglamentaria del Apartado B del art\u00edculo 123 de la Constituci\u00f3n<\/strong>: se reforman los art\u00edculos 86 y 28 para establecer que el Estado deber\u00e1 desplegar acciones en favor de la erradicaci\u00f3n de la brecha salarial en raz\u00f3n de g\u00e9nero y se extienden los permisos maternos y paternos para las personas trabajadoras que realicen una adopci\u00f3n.<\/li>\n<\/ul>\n<p>\u201cEsto abre tambi\u00e9n la puerta a que los Congresos locales homologuen ya en la materia, tanto con las reformas constitucionales, como con estas reformas. Esto ya, como saben, se present\u00f3 los primeros d\u00edas de octubre y hoy con la firma de la Presidenta estar\u00eda ya acabando todo el ciclo de estas reformas\u201d, asever\u00f3 la titular de la Secretar\u00eda de las Mujeres.<\/p>\n<p>Al respecto, la consejera jur\u00eddica del Ejecutivo Federal, Ernestina Godoy Ramos, hizo un llamado a los congresos estatales y a los gobiernos locales para que inicien el proceso de armonizaci\u00f3n de sus Constituciones y de las leyes con el objetivo de garantizar la protecci\u00f3n de las mujeres en todos los niveles.<\/p>\n","protected":false},"excerpt":{"rendered":"<p>Se trata de la Ley General para la Igualdad entre Mujeres y Hombres; la Ley&#8230;<\/p>\n","protected":false},"author":1,"featured_media":8067,"comment_status":"open","ping_status":"closed","sticky":false,"template":"","format":"standard","meta":{"footnotes":""},"categories":[27],"tags":[569,165,2730],"class_list":["post-8066","post","type-post","status-publish","format-standard","has-post-thumbnail","hentry","category-presidencia","tag-decreto","tag-mujeres","tag-sheibaum"],"yoast_head":"<!-- This site is optimized with the Yoast SEO plugin v27.5 - https:\/\/yoast.com\/product\/yoast-seo-wordpress\/ -->\n<title>Claudia Sheinbaum firma decreto por el que se reforman leyes secundarias para proteger a las mujeres en M\u00e9xico - NOTICIAS DE LA 4T<\/title>\n<meta name=\"robots\" content=\"noindex, follow, max-snippet:-1, max-image-preview:large, max-video-preview:-1\" \/>\n<meta property=\"og:locale\" content=\"es_MX\" \/>\n<meta property=\"og:type\" content=\"article\" \/>\n<meta property=\"og:title\" content=\"Claudia Sheinbaum firma decreto por el que se reforman leyes secundarias para proteger a las mujeres en M\u00e9xico - NOTICIAS DE LA 4T\" \/>\n<meta property=\"og:description\" content=\"Se trata de la Ley General para la Igualdad entre Mujeres y Hombres; la Ley...\" \/>\n<meta property=\"og:url\" content=\"https:\/\/redamlo.com\/index.php\/2024\/12\/16\/claudia-sheinbaum-firma-decreto-por-el-que-se-reforman-leyes-secundarias-para-proteger-a-las-mujeres-en-mexico\/\" \/>\n<meta property=\"og:site_name\" content=\"NOTICIAS DE LA 4T\" \/>\n<meta property=\"article:published_time\" content=\"2024-12-17T01:19:42+00:00\" \/>\n<meta property=\"og:image\" content=\"https:\/\/redamlo.com\/wp-content\/uploads\/2024\/12\/post_Conferencia_matutina_17-dic-25.jpeg\" \/>\n\t<meta property=\"og:image:width\" content=\"650\" \/>\n\t<meta property=\"og:image:height\" content=\"380\" \/>\n\t<meta property=\"og:image:type\" content=\"image\/jpeg\" \/>\n<meta name=\"author\" content=\"admin\" \/>\n<meta name=\"twitter:card\" content=\"summary_large_image\" \/>\n<meta name=\"twitter:label1\" content=\"Escrito por\" \/>\n\t<meta name=\"twitter:data1\" content=\"admin\" \/>\n\t<meta name=\"twitter:label2\" content=\"Tiempo de lectura\" \/>\n\t<meta name=\"twitter:data2\" content=\"5 minutos\" \/>\n<script type=\"application\/ld+json\" class=\"yoast-schema-graph\">{\"@context\":\"https:\\\/\\\/schema.org\",\"@graph\":[{\"@type\":\"Article\",\"@id\":\"https:\\\/\\\/redamlo.com\\\/index.php\\\/2024\\\/12\\\/16\\\/claudia-sheinbaum-firma-decreto-por-el-que-se-reforman-leyes-secundarias-para-proteger-a-las-mujeres-en-mexico\\\/#article\",\"isPartOf\":{\"@id\":\"https:\\\/\\\/redamlo.com\\\/index.php\\\/2024\\\/12\\\/16\\\/claudia-sheinbaum-firma-decreto-por-el-que-se-reforman-leyes-secundarias-para-proteger-a-las-mujeres-en-mexico\\\/\"},\"author\":{\"name\":\"admin\",\"@id\":\"https:\\\/\\\/redamlo.com\\\/#\\\/schema\\\/person\\\/197a0a670d21b1f4f1483ddda1b64613\"},\"headline\":\"Claudia Sheinbaum firma decreto por el que se reforman leyes secundarias para proteger a las mujeres en M\u00e9xico\",\"datePublished\":\"2024-12-17T01:19:42+00:00\",\"mainEntityOfPage\":{\"@id\":\"https:\\\/\\\/redamlo.com\\\/index.php\\\/2024\\\/12\\\/16\\\/claudia-sheinbaum-firma-decreto-por-el-que-se-reforman-leyes-secundarias-para-proteger-a-las-mujeres-en-mexico\\\/\"},\"wordCount\":1047,\"commentCount\":0,\"publisher\":{\"@id\":\"https:\\\/\\\/redamlo.com\\\/#organization\"},\"image\":{\"@id\":\"https:\\\/\\\/redamlo.com\\\/index.php\\\/2024\\\/12\\\/16\\\/claudia-sheinbaum-firma-decreto-por-el-que-se-reforman-leyes-secundarias-para-proteger-a-las-mujeres-en-mexico\\\/#primaryimage\"},\"thumbnailUrl\":\"https:\\\/\\\/redamlo.com\\\/wp-content\\\/uploads\\\/2024\\\/12\\\/post_Conferencia_matutina_17-dic-25.jpeg\",\"keywords\":[\"decreto\",\"mujeres\",\"sheibaum\"],\"articleSection\":[\"Presidencia\"],\"inLanguage\":\"es\",\"potentialAction\":[{\"@type\":\"CommentAction\",\"name\":\"Comment\",\"target\":[\"https:\\\/\\\/redamlo.com\\\/index.php\\\/2024\\\/12\\\/16\\\/claudia-sheinbaum-firma-decreto-por-el-que-se-reforman-leyes-secundarias-para-proteger-a-las-mujeres-en-mexico\\\/#respond\"]}]},{\"@type\":\"WebPage\",\"@id\":\"https:\\\/\\\/redamlo.com\\\/index.php\\\/2024\\\/12\\\/16\\\/claudia-sheinbaum-firma-decreto-por-el-que-se-reforman-leyes-secundarias-para-proteger-a-las-mujeres-en-mexico\\\/\",\"url\":\"https:\\\/\\\/redamlo.com\\\/index.php\\\/2024\\\/12\\\/16\\\/claudia-sheinbaum-firma-decreto-por-el-que-se-reforman-leyes-secundarias-para-proteger-a-las-mujeres-en-mexico\\\/\",\"name\":\"Claudia Sheinbaum firma decreto por el que se reforman leyes secundarias para proteger a las mujeres en M\u00e9xico - NOTICIAS DE LA 4T\",\"isPartOf\":{\"@id\":\"https:\\\/\\\/redamlo.com\\\/#website\"},\"primaryImageOfPage\":{\"@id\":\"https:\\\/\\\/redamlo.com\\\/index.php\\\/2024\\\/12\\\/16\\\/claudia-sheinbaum-firma-decreto-por-el-que-se-reforman-leyes-secundarias-para-proteger-a-las-mujeres-en-mexico\\\/#primaryimage\"},\"image\":{\"@id\":\"https:\\\/\\\/redamlo.com\\\/index.php\\\/2024\\\/12\\\/16\\\/claudia-sheinbaum-firma-decreto-por-el-que-se-reforman-leyes-secundarias-para-proteger-a-las-mujeres-en-mexico\\\/#primaryimage\"},\"thumbnailUrl\":\"https:\\\/\\\/redamlo.com\\\/wp-content\\\/uploads\\\/2024\\\/12\\\/post_Conferencia_matutina_17-dic-25.jpeg\",\"datePublished\":\"2024-12-17T01:19:42+00:00\",\"breadcrumb\":{\"@id\":\"https:\\\/\\\/redamlo.com\\\/index.php\\\/2024\\\/12\\\/16\\\/claudia-sheinbaum-firma-decreto-por-el-que-se-reforman-leyes-secundarias-para-proteger-a-las-mujeres-en-mexico\\\/#breadcrumb\"},\"inLanguage\":\"es\",\"potentialAction\":[{\"@type\":\"ReadAction\",\"target\":[\"https:\\\/\\\/redamlo.com\\\/index.php\\\/2024\\\/12\\\/16\\\/claudia-sheinbaum-firma-decreto-por-el-que-se-reforman-leyes-secundarias-para-proteger-a-las-mujeres-en-mexico\\\/\"]}]},{\"@type\":\"ImageObject\",\"inLanguage\":\"es\",\"@id\":\"https:\\\/\\\/redamlo.com\\\/index.php\\\/2024\\\/12\\\/16\\\/claudia-sheinbaum-firma-decreto-por-el-que-se-reforman-leyes-secundarias-para-proteger-a-las-mujeres-en-mexico\\\/#primaryimage\",\"url\":\"https:\\\/\\\/redamlo.com\\\/wp-content\\\/uploads\\\/2024\\\/12\\\/post_Conferencia_matutina_17-dic-25.jpeg\",\"contentUrl\":\"https:\\\/\\\/redamlo.com\\\/wp-content\\\/uploads\\\/2024\\\/12\\\/post_Conferencia_matutina_17-dic-25.jpeg\",\"width\":650,\"height\":380},{\"@type\":\"BreadcrumbList\",\"@id\":\"https:\\\/\\\/redamlo.com\\\/index.php\\\/2024\\\/12\\\/16\\\/claudia-sheinbaum-firma-decreto-por-el-que-se-reforman-leyes-secundarias-para-proteger-a-las-mujeres-en-mexico\\\/#breadcrumb\",\"itemListElement\":[{\"@type\":\"ListItem\",\"position\":1,\"name\":\"Inicio\",\"item\":\"https:\\\/\\\/redamlo.com\\\/\"},{\"@type\":\"ListItem\",\"position\":2,\"name\":\"Claudia Sheinbaum firma decreto por el que se reforman leyes secundarias para proteger a las mujeres en M\u00e9xico\"}]},{\"@type\":\"WebSite\",\"@id\":\"https:\\\/\\\/redamlo.com\\\/#website\",\"url\":\"https:\\\/\\\/redamlo.com\\\/\",\"name\":\"NOTICIAS DE LA 4T\",\"description\":\"\",\"publisher\":{\"@id\":\"https:\\\/\\\/redamlo.com\\\/#organization\"},\"potentialAction\":[{\"@type\":\"SearchAction\",\"target\":{\"@type\":\"EntryPoint\",\"urlTemplate\":\"https:\\\/\\\/redamlo.com\\\/?s={search_term_string}\"},\"query-input\":{\"@type\":\"PropertyValueSpecification\",\"valueRequired\":true,\"valueName\":\"search_term_string\"}}],\"inLanguage\":\"es\"},{\"@type\":\"Organization\",\"@id\":\"https:\\\/\\\/redamlo.com\\\/#organization\",\"name\":\"NOTICIAS DE LA 4T\",\"url\":\"https:\\\/\\\/redamlo.com\\\/\",\"logo\":{\"@type\":\"ImageObject\",\"inLanguage\":\"es\",\"@id\":\"https:\\\/\\\/redamlo.com\\\/#\\\/schema\\\/logo\\\/image\\\/\",\"url\":\"https:\\\/\\\/redamlo.com\\\/wp-content\\\/uploads\\\/2024\\\/08\\\/cropped-RED-AMLO-logo-50.png\",\"contentUrl\":\"https:\\\/\\\/redamlo.com\\\/wp-content\\\/uploads\\\/2024\\\/08\\\/cropped-RED-AMLO-logo-50.png\",\"width\":256,\"height\":256,\"caption\":\"NOTICIAS DE LA 4T\"},\"image\":{\"@id\":\"https:\\\/\\\/redamlo.com\\\/#\\\/schema\\\/logo\\\/image\\\/\"}},{\"@type\":\"Person\",\"@id\":\"https:\\\/\\\/redamlo.com\\\/#\\\/schema\\\/person\\\/197a0a670d21b1f4f1483ddda1b64613\",\"name\":\"admin\",\"image\":{\"@type\":\"ImageObject\",\"inLanguage\":\"es\",\"@id\":\"https:\\\/\\\/secure.gravatar.com\\\/avatar\\\/293dccd927043f2e641da6685c2f84009782eb9ee0054daceada4e261ded849a?s=96&d=mm&r=g\",\"url\":\"https:\\\/\\\/secure.gravatar.com\\\/avatar\\\/293dccd927043f2e641da6685c2f84009782eb9ee0054daceada4e261ded849a?s=96&d=mm&r=g\",\"contentUrl\":\"https:\\\/\\\/secure.gravatar.com\\\/avatar\\\/293dccd927043f2e641da6685c2f84009782eb9ee0054daceada4e261ded849a?s=96&d=mm&r=g\",\"caption\":\"admin\"},\"sameAs\":[\"https:\\\/\\\/redamlo.com\"],\"url\":\"https:\\\/\\\/redamlo.com\\\/index.php\\\/author\\\/stell\\\/\"}]}<\/script>\n<!-- \/ Yoast SEO plugin. -->","yoast_head_json":{"title":"Claudia Sheinbaum firma decreto por el que se reforman leyes secundarias para proteger a las mujeres en M\u00e9xico - NOTICIAS DE LA 4T","robots":{"index":"noindex","follow":"follow","max-snippet":"max-snippet:-1","max-image-preview":"max-image-preview:large","max-video-preview":"max-video-preview:-1"},"og_locale":"es_MX","og_type":"article","og_title":"Claudia Sheinbaum firma decreto por el que se reforman leyes secundarias para proteger a las mujeres en M\u00e9xico - NOTICIAS DE LA 4T","og_description":"Se trata de la Ley General para la Igualdad entre Mujeres y Hombres; la Ley...","og_url":"https:\/\/redamlo.com\/index.php\/2024\/12\/16\/claudia-sheinbaum-firma-decreto-por-el-que-se-reforman-leyes-secundarias-para-proteger-a-las-mujeres-en-mexico\/","og_site_name":"NOTICIAS DE LA 4T","article_published_time":"2024-12-17T01:19:42+00:00","og_image":[{"width":650,"height":380,"url":"https:\/\/redamlo.com\/wp-content\/uploads\/2024\/12\/post_Conferencia_matutina_17-dic-25.jpeg","type":"image\/jpeg"}],"author":"admin","twitter_card":"summary_large_image","twitter_misc":{"Escrito por":"admin","Tiempo de lectura":"5 minutos"},"schema":{"@context":"https:\/\/schema.org","@graph":[{"@type":"Article","@id":"https:\/\/redamlo.com\/index.php\/2024\/12\/16\/claudia-sheinbaum-firma-decreto-por-el-que-se-reforman-leyes-secundarias-para-proteger-a-las-mujeres-en-mexico\/#article","isPartOf":{"@id":"https:\/\/redamlo.com\/index.php\/2024\/12\/16\/claudia-sheinbaum-firma-decreto-por-el-que-se-reforman-leyes-secundarias-para-proteger-a-las-mujeres-en-mexico\/"},"author":{"name":"admin","@id":"https:\/\/redamlo.com\/#\/schema\/person\/197a0a670d21b1f4f1483ddda1b64613"},"headline":"Claudia Sheinbaum firma decreto por el que se reforman leyes secundarias para proteger a las mujeres en M\u00e9xico","datePublished":"2024-12-17T01:19:42+00:00","mainEntityOfPage":{"@id":"https:\/\/redamlo.com\/index.php\/2024\/12\/16\/claudia-sheinbaum-firma-decreto-por-el-que-se-reforman-leyes-secundarias-para-proteger-a-las-mujeres-en-mexico\/"},"wordCount":1047,"commentCount":0,"publisher":{"@id":"https:\/\/redamlo.com\/#organization"},"image":{"@id":"https:\/\/redamlo.com\/index.php\/2024\/12\/16\/claudia-sheinbaum-firma-decreto-por-el-que-se-reforman-leyes-secundarias-para-proteger-a-las-mujeres-en-mexico\/#primaryimage"},"thumbnailUrl":"https:\/\/redamlo.com\/wp-content\/uploads\/2024\/12\/post_Conferencia_matutina_17-dic-25.jpeg","keywords":["decreto","mujeres","sheibaum"],"articleSection":["Presidencia"],"inLanguage":"es","potentialAction":[{"@type":"CommentAction","name":"Comment","target":["https:\/\/redamlo.com\/index.php\/2024\/12\/16\/claudia-sheinbaum-firma-decreto-por-el-que-se-reforman-leyes-secundarias-para-proteger-a-las-mujeres-en-mexico\/#respond"]}]},{"@type":"WebPage","@id":"https:\/\/redamlo.com\/index.php\/2024\/12\/16\/claudia-sheinbaum-firma-decreto-por-el-que-se-reforman-leyes-secundarias-para-proteger-a-las-mujeres-en-mexico\/","url":"https:\/\/redamlo.com\/index.php\/2024\/12\/16\/claudia-sheinbaum-firma-decreto-por-el-que-se-reforman-leyes-secundarias-para-proteger-a-las-mujeres-en-mexico\/","name":"Claudia Sheinbaum firma decreto por el que se reforman leyes secundarias para proteger a las mujeres en M\u00e9xico - NOTICIAS DE LA 4T","isPartOf":{"@id":"https:\/\/redamlo.com\/#website"},"primaryImageOfPage":{"@id":"https:\/\/redamlo.com\/index.php\/2024\/12\/16\/claudia-sheinbaum-firma-decreto-por-el-que-se-reforman-leyes-secundarias-para-proteger-a-las-mujeres-en-mexico\/#primaryimage"},"image":{"@id":"https:\/\/redamlo.com\/index.php\/2024\/12\/16\/claudia-sheinbaum-firma-decreto-por-el-que-se-reforman-leyes-secundarias-para-proteger-a-las-mujeres-en-mexico\/#primaryimage"},"thumbnailUrl":"https:\/\/redamlo.com\/wp-content\/uploads\/2024\/12\/post_Conferencia_matutina_17-dic-25.jpeg","datePublished":"2024-12-17T01:19:42+00:00","breadcrumb":{"@id":"https:\/\/redamlo.com\/index.php\/2024\/12\/16\/claudia-sheinbaum-firma-decreto-por-el-que-se-reforman-leyes-secundarias-para-proteger-a-las-mujeres-en-mexico\/#breadcrumb"},"inLanguage":"es","potentialAction":[{"@type":"ReadAction","target":["https:\/\/redamlo.com\/index.php\/2024\/12\/16\/claudia-sheinbaum-firma-decreto-por-el-que-se-reforman-leyes-secundarias-para-proteger-a-las-mujeres-en-mexico\/"]}]},{"@type":"ImageObject","inLanguage":"es","@id":"https:\/\/redamlo.com\/index.php\/2024\/12\/16\/claudia-sheinbaum-firma-decreto-por-el-que-se-reforman-leyes-secundarias-para-proteger-a-las-mujeres-en-mexico\/#primaryimage","url":"https:\/\/redamlo.com\/wp-content\/uploads\/2024\/12\/post_Conferencia_matutina_17-dic-25.jpeg","contentUrl":"https:\/\/redamlo.com\/wp-content\/uploads\/2024\/12\/post_Conferencia_matutina_17-dic-25.jpeg","width":650,"height":380},{"@type":"BreadcrumbList","@id":"https:\/\/redamlo.com\/index.php\/2024\/12\/16\/claudia-sheinbaum-firma-decreto-por-el-que-se-reforman-leyes-secundarias-para-proteger-a-las-mujeres-en-mexico\/#breadcrumb","itemListElement":[{"@type":"ListItem","position":1,"name":"Inicio","item":"https:\/\/redamlo.com\/"},{"@type":"ListItem","position":2,"name":"Claudia Sheinbaum firma decreto por el que se reforman leyes secundarias para proteger a las mujeres en M\u00e9xico"}]},{"@type":"WebSite","@id":"https:\/\/redamlo.com\/#website","url":"https:\/\/redamlo.com\/","name":"NOTICIAS DE LA 4T","description":"","publisher":{"@id":"https:\/\/redamlo.com\/#organization"},"potentialAction":[{"@type":"SearchAction","target":{"@type":"EntryPoint","urlTemplate":"https:\/\/redamlo.com\/?s={search_term_string}"},"query-input":{"@type":"PropertyValueSpecification","valueRequired":true,"valueName":"search_term_string"}}],"inLanguage":"es"},{"@type":"Organization","@id":"https:\/\/redamlo.com\/#organization","name":"NOTICIAS DE LA 4T","url":"https:\/\/redamlo.com\/","logo":{"@type":"ImageObject","inLanguage":"es","@id":"https:\/\/redamlo.com\/#\/schema\/logo\/image\/","url":"https:\/\/redamlo.com\/wp-content\/uploads\/2024\/08\/cropped-RED-AMLO-logo-50.png","contentUrl":"https:\/\/redamlo.com\/wp-content\/uploads\/2024\/08\/cropped-RED-AMLO-logo-50.png","width":256,"height":256,"caption":"NOTICIAS DE LA 4T"},"image":{"@id":"https:\/\/redamlo.com\/#\/schema\/logo\/image\/"}},{"@type":"Person","@id":"https:\/\/redamlo.com\/#\/schema\/person\/197a0a670d21b1f4f1483ddda1b64613","name":"admin","image":{"@type":"ImageObject","inLanguage":"es","@id":"https:\/\/secure.gravatar.com\/avatar\/293dccd927043f2e641da6685c2f84009782eb9ee0054daceada4e261ded849a?s=96&d=mm&r=g","url":"https:\/\/secure.gravatar.com\/avatar\/293dccd927043f2e641da6685c2f84009782eb9ee0054daceada4e261ded849a?s=96&d=mm&r=g","contentUrl":"https:\/\/secure.gravatar.com\/avatar\/293dccd927043f2e641da6685c2f84009782eb9ee0054daceada4e261ded849a?s=96&d=mm&r=g","caption":"admin"},"sameAs":["https:\/\/redamlo.com"],"url":"https:\/\/redamlo.com\/index.php\/author\/stell\/"}]}},"_links":{"self":[{"href":"https:\/\/redamlo.com\/index.php\/wp-json\/wp\/v2\/posts\/8066","targetHints":{"allow":["GET"]}}],"collection":[{"href":"https:\/\/redamlo.com\/index.php\/wp-json\/wp\/v2\/posts"}],"about":[{"href":"https:\/\/redamlo.com\/index.php\/wp-json\/wp\/v2\/types\/post"}],"author":[{"embeddable":true,"href":"https:\/\/redamlo.com\/index.php\/wp-json\/wp\/v2\/users\/1"}],"replies":[{"embeddable":true,"href":"https:\/\/redamlo.com\/index.php\/wp-json\/wp\/v2\/comments?post=8066"}],"version-history":[{"count":0,"href":"https:\/\/redamlo.com\/index.php\/wp-json\/wp\/v2\/posts\/8066\/revisions"}],"wp:featuredmedia":[{"embeddable":true,"href":"https:\/\/redamlo.com\/index.php\/wp-json\/wp\/v2\/media\/8067"}],"wp:attachment":[{"href":"https:\/\/redamlo.com\/index.php\/wp-json\/wp\/v2\/media?parent=8066"}],"wp:term":[{"taxonomy":"category","embeddable":true,"href":"https:\/\/redamlo.com\/index.php\/wp-json\/wp\/v2\/categories?post=8066"},{"taxonomy":"post_tag","embeddable":true,"href":"https:\/\/redamlo.com\/index.php\/wp-json\/wp\/v2\/tags?post=8066"}],"curies":[{"name":"wp","href":"https:\/\/api.w.org\/{rel}","templated":true}]}}