{"id":8063,"date":"2024-12-16T19:14:55","date_gmt":"2024-12-17T01:14:55","guid":{"rendered":"https:\/\/redamlo.com\/?p=8063"},"modified":"2024-12-16T19:14:55","modified_gmt":"2024-12-17T01:14:55","slug":"la-ciudad-de-mexico-se-encuentra-en-niveles-minimos-de-delitos-de-alto-impacto-en-6-anos-clara-brugada","status":"publish","type":"post","link":"https:\/\/redamlo.com\/index.php\/2024\/12\/16\/la-ciudad-de-mexico-se-encuentra-en-niveles-minimos-de-delitos-de-alto-impacto-en-6-anos-clara-brugada\/","title":{"rendered":"La Ciudad de M\u00e9xico se encuentra en niveles m\u00ednimos de delitos de alto impacto en 6 a\u00f1os: Clara Brugada"},"content":{"rendered":"<p>La jefa de Gobierno de la Ciudad de M\u00e9xico, Clara Brugada Molina, asegur\u00f3 que los delitos de alto impacto se ubicaron en los niveles m\u00e1s bajos de los \u00faltimos seis a\u00f1os y 2024 cerrar\u00e1 con una disminuci\u00f3n de cinco por ciento respecto al a\u00f1o anterior, lo que muestra que ha dado resultados la continuidad de la estrategia de seguridad iniciada por la ex titular del Ejecutivo local y hoy presidenta Claudia Sheinbaum Pardo, resalt\u00f3.<\/p>\n<p>\u201cEn 2019 se registraron 131 delitos diarios de alto impacto y durante 2024 esta cifra se ubic\u00f3 en 57; es la cifra m\u00e1s baja desde hace seis a\u00f1os, y esto es muy importante decirlo, tenemos las cifras m\u00e1s bajas de delitos de alto impacto en general en la Ciudad de M\u00e9xico desde hace seis a\u00f1os; esto signific\u00f3 tambi\u00e9n disminuir la violencia en esta ciudad\u201d, resalt\u00f3.<\/p>\n<p>Al presentar el Informe de Seguridad Diciembre 2024, la mandataria capitalina agreg\u00f3 que por cuarto a\u00f1o consecutivo el promedio de homicidios es de dos casos diarios, cifra por debajo del pico de cuatro homicidios registrado en 2019; en cuanto al delito de feminicidio, asegur\u00f3 que en 13 de los 16 casos registrados en esta administraci\u00f3n ya se detuvo a los responsables.<\/p>\n<p>En el Antiguo Palacio del Ayuntamiento, Clara Brugada destac\u00f3 que en los dos primeros meses de su gobierno la estrategia contra la extorsi\u00f3n muestra avances al atender 356 casos y ya se\u00a0 publicaron las reformas para aumentar las penas y tipificar como delito grave esta conducta; tambi\u00e9n se reforz\u00f3 el combate a la tala clandestina y a las cheler\u00edas irregulares por medio del programa La Noche es de Todos, con 44 establecimientos suspendidos por generar violencia.<\/p>\n<p>La jefa de Gobierno reconoci\u00f3 la coordinaci\u00f3n entre la Secretar\u00eda de Seguridad Ciudadana (SSC) y la Fiscal\u00eda General de Justicia (FGJCDMX), que juntas han llevado a cabo en el mismo lapso 178 cateos en los que se han detenido a 114 personas, entre ellas objetivos prioritarios, adem\u00e1s de asegurar veh\u00edculos, armas y drogas.<\/p>\n<p>En ese sentido, Clara Brugada remarc\u00f3 que la estrategia de seguridad capitalina, iniciada por la ahora presidenta Claudia Sheinbaum Pardo, ha funcionado al bajar los \u00edndices delictivos y reflejarse en la percepci\u00f3n de seguridad de la ciudadan\u00eda; record\u00f3 que los cuatro ejes de la estrategia son: atenci\u00f3n a las causas, m\u00e1s y mejor polic\u00eda, coordinaci\u00f3n con autoridades locales y federales, as\u00ed como fortalecimiento de la inteligencia.<\/p>\n<p>A su vez, resalt\u00f3 que este a\u00f1o la Ciudad de M\u00e9xico cerrar\u00e1 con una reducci\u00f3n de cinco por ciento en delitos de alto impacto y de m\u00e1s de 50 por ciento comparado con 2019, por lo que el gobierno capitalino no se va a detener y continuar\u00e1 su labor para que la violencia no quede impune.<\/p>\n<p>\u201cQuiero hacer un reconocimiento de este Gabinete, que en ning\u00fan momento se ha bajado la guardia; ni un solo instante se ha detenido la seguridad y todo con el objetivo de seguir previniendo el delito y detener a los responsables de hechos delictivos y presentarlos ante los jueces para que se aplique la ley\u201d, sostuvo.<\/p>\n<p>La mandataria adelant\u00f3 que en 2025 aumentar\u00e1 el salario y mejorar\u00e1 las prestaciones a polic\u00edas,\u00a0 adem\u00e1s de iniciar la construcci\u00f3n del Hospital de la Polic\u00eda; se dotar\u00e1 de mejores herramientas tecnol\u00f3gicas a la SSC y a la Polic\u00eda de Investigaci\u00f3n de la FGJCDMX; se incrementar\u00e1 el n\u00famero de cuadrantes para profundizar la Polic\u00eda de Proximidad y avanzar en la seguridad de las mujeres;\u00a0 presentar\u00e1 reformas para trabajar en un nuevo modelo de justicia c\u00edvica y la Ciudad de M\u00e9xico se transformar\u00e1 en\u00a0 \u201cla m\u00e1s videovigilada e iluminada\u201d de Am\u00e9rica Latina.<\/p>\n<p>El titular de la SSC, Pablo V\u00e1zquez Camacho, destac\u00f3 que la polic\u00eda de la Ciudad de M\u00e9xico ha logrado la detenci\u00f3n de 4 mil 697 presuntos responsables de delitos de alto impacto, adem\u00e1s, se detuvo a 64 presuntos delincuentes pertenecientes a cuatro c\u00e9lulas criminales.<\/p>\n<p>Como parte de las operaciones conjuntas, se han realizado 92 cateos que han derivado en 114 personas detenidas; decomisado m\u00e1s de 15 mil dosis de drogas; 21 armas de fuego cortas y largas, 47 veh\u00edculos y 136 toneladas de autopartes.<\/p>\n<p>&nbsp;<\/p>\n<p>Entre las acciones relevantes de los \u00faltimos dos meses, resalt\u00f3 la detenci\u00f3n de dos l\u00edderes de un grupo dedicado a la extorsi\u00f3n de comerciantes en la colonia Guerrero; la aprehensi\u00f3n de tres personas vinculadas a la agresi\u00f3n contra la diputada local suplente Diana S\u00e1nchez Barrios y el\u00a0 cumplimiento de dos \u00f3rdenes de aprehensi\u00f3n en reclusi\u00f3n contra\u00a0 Eduardo N alias \u201cEl Chori\u201d.<\/p>\n<p>&nbsp;<\/p>\n<p>Durante su intervenci\u00f3n, el coordinador general de Investigaci\u00f3n Territorial, en ejercicio de la suplencia de la titularidad de la Fiscal\u00eda General de Justicia de la Ciudad de M\u00e9xico, Ulises Lara L\u00f3pez, explic\u00f3 que de octubre a diciembre de este a\u00f1o se iniciaron 37 mil 117 carpetas de investigaci\u00f3n, que han derivado en 4 mil 600 puestas a disposici\u00f3n por diversos delitos; asimismo, mencion\u00f3 que se han realizado 117 cateos, que permitieron la detenci\u00f3n de 66 personas y el aseguramiento de 154 dosis de mariguana, 11 mil 280 dosis de coca\u00edna y 680 dosis de cristal, entre otros datos.<\/p>\n<p>\u201cPor lo que hace a las audiencias, se han llevado a cabo 19 mil 512, de las cuales 4 mil 465 son audiencias iniciales. Se han cumplimentado mil 265 \u00f3rdenes de aprehensi\u00f3n y se han obtenido de diferentes causas m\u00e1s de mil 285 sentencias\u201d, detall\u00f3 Ulises Lara, y agreg\u00f3 que se han otorgado 12 mil 337 medidas de protecci\u00f3n para mujeres.<\/p>\n<p>El fiscal inform\u00f3 sobre los avances en el caso de Oralia P\u00e9rez Gardu\u00f1o, abogada penalista v\u00edctima de un ataque en la zona de Viaducto y Cuauht\u00e9moc: \u201ctenemos la aprehensi\u00f3n de las dos personas que sirvieron como parte del muro y la persona que realiz\u00f3, probablemente, la ejecuci\u00f3n; estos tres, resultados tambi\u00e9n de una investigaci\u00f3n profunda y que nos permiti\u00f3 aclarar cu\u00e1les hab\u00edan sido los se\u00f1alamientos; pas\u00f3 de ser un caso de feminicidio a homicidio, toda vez que las causas por las cuales esta persona fue atacada tienen que ver con acciones relacionadas con su propia actividad profesional y la relaci\u00f3n con este grupo\u201d.<\/p>\n<p>C\u00e9sar Cravioto Romero, secretario de Gobierno de la ciudad, enfatiz\u00f3 tres ejes de trabajo puestos en marcha, consistentes en el combate a la tala clandestina y recuperaci\u00f3n de \u00e1reas de conservaci\u00f3n, cuya acci\u00f3n m\u00e1s importante ha sido la recuperaci\u00f3n de 11 hect\u00e1reas de la Sierra de Santa Catarina.<\/p>\n<p>Adem\u00e1s, se reactiv\u00f3 el operativo La Noche es de Todos, que tiene la finalidad de clausurar establecimientos de alto impacto que generan violencia y la implementaci\u00f3n del programa S\u00ed\u00a0 al Desarme, s\u00ed a la Paz; todo ello en coordinaci\u00f3n con los tres \u00f3rdenes de gobierno.<\/p>\n<p>En tanto, el coordinador general del Centro de Comando, Control, C\u00f3mputo, Comunicaciones y Contacto Ciudadano (C5), Salvador Guerrero Chipr\u00e9s, precis\u00f3 que el C5, en coordinaci\u00f3n con 29 dependencias, ha atendido a un mill\u00f3n 677 mil 727 personas en lo que va de 2024, de las cuales 341 mil 771 corresponden a los primeros 60 d\u00edas de la actual administraci\u00f3n; detall\u00f3 que del total de ciudadanos asistidos este a\u00f1o, 75 por ciento fue a trav\u00e9s de la L\u00ednea 911.<\/p>\n<p>\u00c1ngel Tamariz S\u00e1nchez, coordinador de la Agencia Digital de Innovaci\u00f3n P\u00fablica (ADIP), destac\u00f3 que los delitos de alto impacto muestran una disminuci\u00f3n de 43.2 por ciento en el periodo del 1 de enero al cinco de diciembre, en comparaci\u00f3n con el mismo lapso de 2019, al pasar de 48 mil 411 a 20 mil 968 casos.<\/p>\n<p>En el caso del robo a repartidor, mostr\u00f3 que la disminuci\u00f3n alcanz\u00f3 80 puntos porcentuales y el robo a veh\u00edculo con violencia mostr\u00f3 una baja de 67.5 por ciento, en tanto que el robo a transe\u00fante tuvo una disminuci\u00f3n de 48 por ciento, entre otros.<\/p>\n<p>El titular de la ADIP mostr\u00f3 que la percepci\u00f3n de seguridad en la Ciudad de M\u00e9xico, de acuerdo con la Encuesta Nacional de Seguridad P\u00fablica Urbana (ENSU) realizada por el INEGI, ha registrado una tendencia al alza que se\u00f1ala que actualmente 47.31 por ciento de las y los habitantes de la capital se sienten m\u00e1s seguros, en contraste con el 7.65 por ciento reportado en 2018.<\/p>\n<p>En su intervenci\u00f3n, Tom\u00e1s Pliego Calvo resalt\u00f3 que gracias al programa Casa por Casa se han atendido a 20 mil 192 ciudadanos que solicitan tr\u00e1mites, servicios y seguridad, principalmente en colonias con mayor incidencia delictiva, pobreza y desgaste de infraestructura urbana.<\/p>\n<p>A trav\u00e9s de las audiencias en el Z\u00f3calo Ciudadano, se ha atendido a 10 mil 225 personas, y se dio inicio a los programas Universitarios en Movimiento, Desde la Cuna, Ingreso Ciudadano Universal y Mercomuna, con 20 mil personas beneficiarias por cada programa.<\/p>\n<p>Jos\u00e9 Manuel Oropeza Morales, coordinador del Gabinete de Seguridad, inform\u00f3 que se han realizado, al 15 de diciembre pasado, 60 sesiones de Gabinete de Seguridad y Construcci\u00f3n de Paz de la Ciudad de M\u00e9xico, con 272 consignas atendidas en conjunto. Adem\u00e1s, la jefa de Gobierno, Clara Brugada, ha acudido a las siete sesiones del Gabinete de Seguridad federal, realizadas cada lunes.<\/p>\n<p>Destac\u00f3 que se han aplicado seis estrategias derivadas del Gabinete: reforzamiento de la seguridad en el Centro Hist\u00f3rico, las estrategias contra la tala clandestina y la extorsi\u00f3n, la recuperaci\u00f3n de \u00e1reas de conservaci\u00f3n, el reforzamiento de la seguridad en el Metro y la instalaci\u00f3n del Gabinete de Seguridad Escolar.<\/p>\n<p>Durante el informe, tambi\u00e9n estuvo el comandante de la primera zona militar, de la Secretar\u00eda de la Defensa Nacional, Andr\u00e9s Valencia Valencia; el coordinador del Plan Marina en la Ciudad de M\u00e9xico, de la Secretar\u00eda de Marina, Octavio Azcoaga V\u00e1zquez Reyes; el representante de la Guardia Nacional en la Ciudad de M\u00e9xico, El\u00edas Ruiz Aldaco, y el jefe general de la Polic\u00eda de Investigaci\u00f3n, Alfonso Mendoza Ram\u00edrez.<\/p>\n","protected":false},"excerpt":{"rendered":"<p>La jefa de Gobierno de la Ciudad de M\u00e9xico, Clara Brugada Molina, asegur\u00f3 que los&#8230;<\/p>\n","protected":false},"author":1,"featured_media":8064,"comment_status":"open","ping_status":"closed","sticky":false,"template":"","format":"standard","meta":{"footnotes":""},"categories":[17,33],"tags":[],"class_list":["post-8063","post","type-post","status-publish","format-standard","has-post-thumbnail","hentry","category-cdmx","category-seguridad"],"yoast_head":"<!-- This site is optimized with the Yoast SEO plugin v27.5 - https:\/\/yoast.com\/product\/yoast-seo-wordpress\/ -->\n<title>La Ciudad de M\u00e9xico se encuentra en niveles m\u00ednimos de delitos de alto impacto en 6 a\u00f1os: Clara Brugada - NOTICIAS DE LA 4T<\/title>\n<meta name=\"robots\" content=\"noindex, follow, max-snippet:-1, max-image-preview:large, max-video-preview:-1\" \/>\n<meta property=\"og:locale\" content=\"es_MX\" \/>\n<meta property=\"og:type\" content=\"article\" \/>\n<meta property=\"og:title\" content=\"La Ciudad de M\u00e9xico se encuentra en niveles m\u00ednimos de delitos de alto impacto en 6 a\u00f1os: Clara Brugada - NOTICIAS DE LA 4T\" \/>\n<meta property=\"og:description\" content=\"La jefa de Gobierno de la Ciudad de M\u00e9xico, Clara Brugada Molina, asegur\u00f3 que los...\" \/>\n<meta property=\"og:url\" content=\"https:\/\/redamlo.com\/index.php\/2024\/12\/16\/la-ciudad-de-mexico-se-encuentra-en-niveles-minimos-de-delitos-de-alto-impacto-en-6-anos-clara-brugada\/\" \/>\n<meta property=\"og:site_name\" content=\"NOTICIAS DE LA 4T\" \/>\n<meta property=\"article:published_time\" content=\"2024-12-17T01:14:55+00:00\" \/>\n<meta property=\"og:image\" content=\"https:\/\/redamlo.com\/wp-content\/uploads\/2024\/12\/clara-brugada.png\" \/>\n\t<meta property=\"og:image:width\" content=\"599\" \/>\n\t<meta property=\"og:image:height\" content=\"387\" \/>\n\t<meta property=\"og:image:type\" content=\"image\/png\" \/>\n<meta name=\"author\" content=\"admin\" \/>\n<meta name=\"twitter:card\" content=\"summary_large_image\" \/>\n<meta name=\"twitter:label1\" content=\"Escrito por\" \/>\n\t<meta name=\"twitter:data1\" content=\"admin\" \/>\n\t<meta name=\"twitter:label2\" content=\"Tiempo de lectura\" \/>\n\t<meta name=\"twitter:data2\" content=\"8 minutos\" \/>\n<script type=\"application\/ld+json\" class=\"yoast-schema-graph\">{\"@context\":\"https:\\\/\\\/schema.org\",\"@graph\":[{\"@type\":\"Article\",\"@id\":\"https:\\\/\\\/redamlo.com\\\/index.php\\\/2024\\\/12\\\/16\\\/la-ciudad-de-mexico-se-encuentra-en-niveles-minimos-de-delitos-de-alto-impacto-en-6-anos-clara-brugada\\\/#article\",\"isPartOf\":{\"@id\":\"https:\\\/\\\/redamlo.com\\\/index.php\\\/2024\\\/12\\\/16\\\/la-ciudad-de-mexico-se-encuentra-en-niveles-minimos-de-delitos-de-alto-impacto-en-6-anos-clara-brugada\\\/\"},\"author\":{\"name\":\"admin\",\"@id\":\"https:\\\/\\\/redamlo.com\\\/#\\\/schema\\\/person\\\/197a0a670d21b1f4f1483ddda1b64613\"},\"headline\":\"La Ciudad de M\u00e9xico se encuentra en niveles m\u00ednimos de delitos de alto impacto en 6 a\u00f1os: Clara Brugada\",\"datePublished\":\"2024-12-17T01:14:55+00:00\",\"mainEntityOfPage\":{\"@id\":\"https:\\\/\\\/redamlo.com\\\/index.php\\\/2024\\\/12\\\/16\\\/la-ciudad-de-mexico-se-encuentra-en-niveles-minimos-de-delitos-de-alto-impacto-en-6-anos-clara-brugada\\\/\"},\"wordCount\":1694,\"commentCount\":0,\"publisher\":{\"@id\":\"https:\\\/\\\/redamlo.com\\\/#organization\"},\"image\":{\"@id\":\"https:\\\/\\\/redamlo.com\\\/index.php\\\/2024\\\/12\\\/16\\\/la-ciudad-de-mexico-se-encuentra-en-niveles-minimos-de-delitos-de-alto-impacto-en-6-anos-clara-brugada\\\/#primaryimage\"},\"thumbnailUrl\":\"https:\\\/\\\/redamlo.com\\\/wp-content\\\/uploads\\\/2024\\\/12\\\/clara-brugada.png\",\"articleSection\":[\"CDMX\",\"Seguridad\"],\"inLanguage\":\"es\",\"potentialAction\":[{\"@type\":\"CommentAction\",\"name\":\"Comment\",\"target\":[\"https:\\\/\\\/redamlo.com\\\/index.php\\\/2024\\\/12\\\/16\\\/la-ciudad-de-mexico-se-encuentra-en-niveles-minimos-de-delitos-de-alto-impacto-en-6-anos-clara-brugada\\\/#respond\"]}]},{\"@type\":\"WebPage\",\"@id\":\"https:\\\/\\\/redamlo.com\\\/index.php\\\/2024\\\/12\\\/16\\\/la-ciudad-de-mexico-se-encuentra-en-niveles-minimos-de-delitos-de-alto-impacto-en-6-anos-clara-brugada\\\/\",\"url\":\"https:\\\/\\\/redamlo.com\\\/index.php\\\/2024\\\/12\\\/16\\\/la-ciudad-de-mexico-se-encuentra-en-niveles-minimos-de-delitos-de-alto-impacto-en-6-anos-clara-brugada\\\/\",\"name\":\"La Ciudad de M\u00e9xico se encuentra en niveles m\u00ednimos de delitos de alto impacto en 6 a\u00f1os: Clara Brugada - NOTICIAS DE LA 4T\",\"isPartOf\":{\"@id\":\"https:\\\/\\\/redamlo.com\\\/#website\"},\"primaryImageOfPage\":{\"@id\":\"https:\\\/\\\/redamlo.com\\\/index.php\\\/2024\\\/12\\\/16\\\/la-ciudad-de-mexico-se-encuentra-en-niveles-minimos-de-delitos-de-alto-impacto-en-6-anos-clara-brugada\\\/#primaryimage\"},\"image\":{\"@id\":\"https:\\\/\\\/redamlo.com\\\/index.php\\\/2024\\\/12\\\/16\\\/la-ciudad-de-mexico-se-encuentra-en-niveles-minimos-de-delitos-de-alto-impacto-en-6-anos-clara-brugada\\\/#primaryimage\"},\"thumbnailUrl\":\"https:\\\/\\\/redamlo.com\\\/wp-content\\\/uploads\\\/2024\\\/12\\\/clara-brugada.png\",\"datePublished\":\"2024-12-17T01:14:55+00:00\",\"breadcrumb\":{\"@id\":\"https:\\\/\\\/redamlo.com\\\/index.php\\\/2024\\\/12\\\/16\\\/la-ciudad-de-mexico-se-encuentra-en-niveles-minimos-de-delitos-de-alto-impacto-en-6-anos-clara-brugada\\\/#breadcrumb\"},\"inLanguage\":\"es\",\"potentialAction\":[{\"@type\":\"ReadAction\",\"target\":[\"https:\\\/\\\/redamlo.com\\\/index.php\\\/2024\\\/12\\\/16\\\/la-ciudad-de-mexico-se-encuentra-en-niveles-minimos-de-delitos-de-alto-impacto-en-6-anos-clara-brugada\\\/\"]}]},{\"@type\":\"ImageObject\",\"inLanguage\":\"es\",\"@id\":\"https:\\\/\\\/redamlo.com\\\/index.php\\\/2024\\\/12\\\/16\\\/la-ciudad-de-mexico-se-encuentra-en-niveles-minimos-de-delitos-de-alto-impacto-en-6-anos-clara-brugada\\\/#primaryimage\",\"url\":\"https:\\\/\\\/redamlo.com\\\/wp-content\\\/uploads\\\/2024\\\/12\\\/clara-brugada.png\",\"contentUrl\":\"https:\\\/\\\/redamlo.com\\\/wp-content\\\/uploads\\\/2024\\\/12\\\/clara-brugada.png\",\"width\":599,\"height\":387,\"caption\":\"foto: Contra Replica\"},{\"@type\":\"BreadcrumbList\",\"@id\":\"https:\\\/\\\/redamlo.com\\\/index.php\\\/2024\\\/12\\\/16\\\/la-ciudad-de-mexico-se-encuentra-en-niveles-minimos-de-delitos-de-alto-impacto-en-6-anos-clara-brugada\\\/#breadcrumb\",\"itemListElement\":[{\"@type\":\"ListItem\",\"position\":1,\"name\":\"Inicio\",\"item\":\"https:\\\/\\\/redamlo.com\\\/\"},{\"@type\":\"ListItem\",\"position\":2,\"name\":\"La Ciudad de M\u00e9xico se encuentra en niveles m\u00ednimos de delitos de alto impacto en 6 a\u00f1os: Clara Brugada\"}]},{\"@type\":\"WebSite\",\"@id\":\"https:\\\/\\\/redamlo.com\\\/#website\",\"url\":\"https:\\\/\\\/redamlo.com\\\/\",\"name\":\"NOTICIAS DE LA 4T\",\"description\":\"\",\"publisher\":{\"@id\":\"https:\\\/\\\/redamlo.com\\\/#organization\"},\"potentialAction\":[{\"@type\":\"SearchAction\",\"target\":{\"@type\":\"EntryPoint\",\"urlTemplate\":\"https:\\\/\\\/redamlo.com\\\/?s={search_term_string}\"},\"query-input\":{\"@type\":\"PropertyValueSpecification\",\"valueRequired\":true,\"valueName\":\"search_term_string\"}}],\"inLanguage\":\"es\"},{\"@type\":\"Organization\",\"@id\":\"https:\\\/\\\/redamlo.com\\\/#organization\",\"name\":\"NOTICIAS DE LA 4T\",\"url\":\"https:\\\/\\\/redamlo.com\\\/\",\"logo\":{\"@type\":\"ImageObject\",\"inLanguage\":\"es\",\"@id\":\"https:\\\/\\\/redamlo.com\\\/#\\\/schema\\\/logo\\\/image\\\/\",\"url\":\"https:\\\/\\\/redamlo.com\\\/wp-content\\\/uploads\\\/2024\\\/08\\\/cropped-RED-AMLO-logo-50.png\",\"contentUrl\":\"https:\\\/\\\/redamlo.com\\\/wp-content\\\/uploads\\\/2024\\\/08\\\/cropped-RED-AMLO-logo-50.png\",\"width\":256,\"height\":256,\"caption\":\"NOTICIAS DE LA 4T\"},\"image\":{\"@id\":\"https:\\\/\\\/redamlo.com\\\/#\\\/schema\\\/logo\\\/image\\\/\"}},{\"@type\":\"Person\",\"@id\":\"https:\\\/\\\/redamlo.com\\\/#\\\/schema\\\/person\\\/197a0a670d21b1f4f1483ddda1b64613\",\"name\":\"admin\",\"image\":{\"@type\":\"ImageObject\",\"inLanguage\":\"es\",\"@id\":\"https:\\\/\\\/secure.gravatar.com\\\/avatar\\\/293dccd927043f2e641da6685c2f84009782eb9ee0054daceada4e261ded849a?s=96&d=mm&r=g\",\"url\":\"https:\\\/\\\/secure.gravatar.com\\\/avatar\\\/293dccd927043f2e641da6685c2f84009782eb9ee0054daceada4e261ded849a?s=96&d=mm&r=g\",\"contentUrl\":\"https:\\\/\\\/secure.gravatar.com\\\/avatar\\\/293dccd927043f2e641da6685c2f84009782eb9ee0054daceada4e261ded849a?s=96&d=mm&r=g\",\"caption\":\"admin\"},\"sameAs\":[\"https:\\\/\\\/redamlo.com\"],\"url\":\"https:\\\/\\\/redamlo.com\\\/index.php\\\/author\\\/stell\\\/\"}]}<\/script>\n<!-- \/ Yoast SEO plugin. -->","yoast_head_json":{"title":"La Ciudad de M\u00e9xico se encuentra en niveles m\u00ednimos de delitos de alto impacto en 6 a\u00f1os: Clara Brugada - NOTICIAS DE LA 4T","robots":{"index":"noindex","follow":"follow","max-snippet":"max-snippet:-1","max-image-preview":"max-image-preview:large","max-video-preview":"max-video-preview:-1"},"og_locale":"es_MX","og_type":"article","og_title":"La Ciudad de M\u00e9xico se encuentra en niveles m\u00ednimos de delitos de alto impacto en 6 a\u00f1os: Clara Brugada - NOTICIAS DE LA 4T","og_description":"La jefa de Gobierno de la Ciudad de M\u00e9xico, Clara Brugada Molina, asegur\u00f3 que los...","og_url":"https:\/\/redamlo.com\/index.php\/2024\/12\/16\/la-ciudad-de-mexico-se-encuentra-en-niveles-minimos-de-delitos-de-alto-impacto-en-6-anos-clara-brugada\/","og_site_name":"NOTICIAS DE LA 4T","article_published_time":"2024-12-17T01:14:55+00:00","og_image":[{"width":599,"height":387,"url":"https:\/\/redamlo.com\/wp-content\/uploads\/2024\/12\/clara-brugada.png","type":"image\/png"}],"author":"admin","twitter_card":"summary_large_image","twitter_misc":{"Escrito por":"admin","Tiempo de lectura":"8 minutos"},"schema":{"@context":"https:\/\/schema.org","@graph":[{"@type":"Article","@id":"https:\/\/redamlo.com\/index.php\/2024\/12\/16\/la-ciudad-de-mexico-se-encuentra-en-niveles-minimos-de-delitos-de-alto-impacto-en-6-anos-clara-brugada\/#article","isPartOf":{"@id":"https:\/\/redamlo.com\/index.php\/2024\/12\/16\/la-ciudad-de-mexico-se-encuentra-en-niveles-minimos-de-delitos-de-alto-impacto-en-6-anos-clara-brugada\/"},"author":{"name":"admin","@id":"https:\/\/redamlo.com\/#\/schema\/person\/197a0a670d21b1f4f1483ddda1b64613"},"headline":"La Ciudad de M\u00e9xico se encuentra en niveles m\u00ednimos de delitos de alto impacto en 6 a\u00f1os: Clara Brugada","datePublished":"2024-12-17T01:14:55+00:00","mainEntityOfPage":{"@id":"https:\/\/redamlo.com\/index.php\/2024\/12\/16\/la-ciudad-de-mexico-se-encuentra-en-niveles-minimos-de-delitos-de-alto-impacto-en-6-anos-clara-brugada\/"},"wordCount":1694,"commentCount":0,"publisher":{"@id":"https:\/\/redamlo.com\/#organization"},"image":{"@id":"https:\/\/redamlo.com\/index.php\/2024\/12\/16\/la-ciudad-de-mexico-se-encuentra-en-niveles-minimos-de-delitos-de-alto-impacto-en-6-anos-clara-brugada\/#primaryimage"},"thumbnailUrl":"https:\/\/redamlo.com\/wp-content\/uploads\/2024\/12\/clara-brugada.png","articleSection":["CDMX","Seguridad"],"inLanguage":"es","potentialAction":[{"@type":"CommentAction","name":"Comment","target":["https:\/\/redamlo.com\/index.php\/2024\/12\/16\/la-ciudad-de-mexico-se-encuentra-en-niveles-minimos-de-delitos-de-alto-impacto-en-6-anos-clara-brugada\/#respond"]}]},{"@type":"WebPage","@id":"https:\/\/redamlo.com\/index.php\/2024\/12\/16\/la-ciudad-de-mexico-se-encuentra-en-niveles-minimos-de-delitos-de-alto-impacto-en-6-anos-clara-brugada\/","url":"https:\/\/redamlo.com\/index.php\/2024\/12\/16\/la-ciudad-de-mexico-se-encuentra-en-niveles-minimos-de-delitos-de-alto-impacto-en-6-anos-clara-brugada\/","name":"La Ciudad de M\u00e9xico se encuentra en niveles m\u00ednimos de delitos de alto impacto en 6 a\u00f1os: Clara Brugada - NOTICIAS DE LA 4T","isPartOf":{"@id":"https:\/\/redamlo.com\/#website"},"primaryImageOfPage":{"@id":"https:\/\/redamlo.com\/index.php\/2024\/12\/16\/la-ciudad-de-mexico-se-encuentra-en-niveles-minimos-de-delitos-de-alto-impacto-en-6-anos-clara-brugada\/#primaryimage"},"image":{"@id":"https:\/\/redamlo.com\/index.php\/2024\/12\/16\/la-ciudad-de-mexico-se-encuentra-en-niveles-minimos-de-delitos-de-alto-impacto-en-6-anos-clara-brugada\/#primaryimage"},"thumbnailUrl":"https:\/\/redamlo.com\/wp-content\/uploads\/2024\/12\/clara-brugada.png","datePublished":"2024-12-17T01:14:55+00:00","breadcrumb":{"@id":"https:\/\/redamlo.com\/index.php\/2024\/12\/16\/la-ciudad-de-mexico-se-encuentra-en-niveles-minimos-de-delitos-de-alto-impacto-en-6-anos-clara-brugada\/#breadcrumb"},"inLanguage":"es","potentialAction":[{"@type":"ReadAction","target":["https:\/\/redamlo.com\/index.php\/2024\/12\/16\/la-ciudad-de-mexico-se-encuentra-en-niveles-minimos-de-delitos-de-alto-impacto-en-6-anos-clara-brugada\/"]}]},{"@type":"ImageObject","inLanguage":"es","@id":"https:\/\/redamlo.com\/index.php\/2024\/12\/16\/la-ciudad-de-mexico-se-encuentra-en-niveles-minimos-de-delitos-de-alto-impacto-en-6-anos-clara-brugada\/#primaryimage","url":"https:\/\/redamlo.com\/wp-content\/uploads\/2024\/12\/clara-brugada.png","contentUrl":"https:\/\/redamlo.com\/wp-content\/uploads\/2024\/12\/clara-brugada.png","width":599,"height":387,"caption":"foto: Contra Replica"},{"@type":"BreadcrumbList","@id":"https:\/\/redamlo.com\/index.php\/2024\/12\/16\/la-ciudad-de-mexico-se-encuentra-en-niveles-minimos-de-delitos-de-alto-impacto-en-6-anos-clara-brugada\/#breadcrumb","itemListElement":[{"@type":"ListItem","position":1,"name":"Inicio","item":"https:\/\/redamlo.com\/"},{"@type":"ListItem","position":2,"name":"La Ciudad de M\u00e9xico se encuentra en niveles m\u00ednimos de delitos de alto impacto en 6 a\u00f1os: Clara Brugada"}]},{"@type":"WebSite","@id":"https:\/\/redamlo.com\/#website","url":"https:\/\/redamlo.com\/","name":"NOTICIAS DE LA 4T","description":"","publisher":{"@id":"https:\/\/redamlo.com\/#organization"},"potentialAction":[{"@type":"SearchAction","target":{"@type":"EntryPoint","urlTemplate":"https:\/\/redamlo.com\/?s={search_term_string}"},"query-input":{"@type":"PropertyValueSpecification","valueRequired":true,"valueName":"search_term_string"}}],"inLanguage":"es"},{"@type":"Organization","@id":"https:\/\/redamlo.com\/#organization","name":"NOTICIAS DE LA 4T","url":"https:\/\/redamlo.com\/","logo":{"@type":"ImageObject","inLanguage":"es","@id":"https:\/\/redamlo.com\/#\/schema\/logo\/image\/","url":"https:\/\/redamlo.com\/wp-content\/uploads\/2024\/08\/cropped-RED-AMLO-logo-50.png","contentUrl":"https:\/\/redamlo.com\/wp-content\/uploads\/2024\/08\/cropped-RED-AMLO-logo-50.png","width":256,"height":256,"caption":"NOTICIAS DE LA 4T"},"image":{"@id":"https:\/\/redamlo.com\/#\/schema\/logo\/image\/"}},{"@type":"Person","@id":"https:\/\/redamlo.com\/#\/schema\/person\/197a0a670d21b1f4f1483ddda1b64613","name":"admin","image":{"@type":"ImageObject","inLanguage":"es","@id":"https:\/\/secure.gravatar.com\/avatar\/293dccd927043f2e641da6685c2f84009782eb9ee0054daceada4e261ded849a?s=96&d=mm&r=g","url":"https:\/\/secure.gravatar.com\/avatar\/293dccd927043f2e641da6685c2f84009782eb9ee0054daceada4e261ded849a?s=96&d=mm&r=g","contentUrl":"https:\/\/secure.gravatar.com\/avatar\/293dccd927043f2e641da6685c2f84009782eb9ee0054daceada4e261ded849a?s=96&d=mm&r=g","caption":"admin"},"sameAs":["https:\/\/redamlo.com"],"url":"https:\/\/redamlo.com\/index.php\/author\/stell\/"}]}},"_links":{"self":[{"href":"https:\/\/redamlo.com\/index.php\/wp-json\/wp\/v2\/posts\/8063","targetHints":{"allow":["GET"]}}],"collection":[{"href":"https:\/\/redamlo.com\/index.php\/wp-json\/wp\/v2\/posts"}],"about":[{"href":"https:\/\/redamlo.com\/index.php\/wp-json\/wp\/v2\/types\/post"}],"author":[{"embeddable":true,"href":"https:\/\/redamlo.com\/index.php\/wp-json\/wp\/v2\/users\/1"}],"replies":[{"embeddable":true,"href":"https:\/\/redamlo.com\/index.php\/wp-json\/wp\/v2\/comments?post=8063"}],"version-history":[{"count":0,"href":"https:\/\/redamlo.com\/index.php\/wp-json\/wp\/v2\/posts\/8063\/revisions"}],"wp:featuredmedia":[{"embeddable":true,"href":"https:\/\/redamlo.com\/index.php\/wp-json\/wp\/v2\/media\/8064"}],"wp:attachment":[{"href":"https:\/\/redamlo.com\/index.php\/wp-json\/wp\/v2\/media?parent=8063"}],"wp:term":[{"taxonomy":"category","embeddable":true,"href":"https:\/\/redamlo.com\/index.php\/wp-json\/wp\/v2\/categories?post=8063"},{"taxonomy":"post_tag","embeddable":true,"href":"https:\/\/redamlo.com\/index.php\/wp-json\/wp\/v2\/tags?post=8063"}],"curies":[{"name":"wp","href":"https:\/\/api.w.org\/{rel}","templated":true}]}}