{"id":806,"date":"2020-04-21T08:13:42","date_gmt":"2020-04-21T13:13:42","guid":{"rendered":"http:\/\/redamlo.com\/?p=806"},"modified":"2020-04-21T08:13:42","modified_gmt":"2020-04-21T13:13:42","slug":"lopez-gatell-anuncio-inicio-de-la-fase-3-por-coronavirus","status":"publish","type":"post","link":"https:\/\/redamlo.com\/index.php\/2020\/04\/21\/lopez-gatell-anuncio-inicio-de-la-fase-3-por-coronavirus\/","title":{"rendered":"L\u00f3pez &#8211;  Gatell anuncio inicio de la Fase 3 por Coronavirus"},"content":{"rendered":"<h2>Ciudad de M\u00e9xico a 21 de abril 2020 (M\u00e9xico Press -Cdmx Press &#8211; Red Cdmx).-<\/h2>\n<p>El subsecretario de Prevenc\u00f3n y Promoc\u00f3n de la Salud. Hugo L\u00f3pez -Gatell inform\u00f3 el dia de Hoy que se ha dado por iniciada la Fase 3.<\/p>\n<p>Fase en la que habra un numero considerable en el aumento de contagios y muertes por el Coronavirus<\/p>\n<p><iframe loading=\"lazy\" style=\"border: none; overflow: hidden;\" src=\"https:\/\/www.facebook.com\/plugins\/video.php?href=https%3A%2F%2Fwww.facebook.com%2FCDMXCIUDADDEMEXICO%2Fvideos%2F217617449684049%2F&amp;show_text=0&amp;width=560\" width=\"560\" height=\"315\" frameborder=\"0\" scrolling=\"no\" allowfullscreen=\"allowfullscreen\"><\/iframe><\/p>\n","protected":false},"excerpt":{"rendered":"<p>Ciudad de M\u00e9xico a 21 de abril 2020 (M\u00e9xico Press -Cdmx Press &#8211; Red Cdmx).-&#8230;<\/p>\n","protected":false},"author":2,"featured_media":808,"comment_status":"open","ping_status":"closed","sticky":false,"template":"","format":"standard","meta":{"footnotes":""},"categories":[31],"tags":[],"class_list":["post-806","post","type-post","status-publish","format-standard","has-post-thumbnail","hentry","category-salud"],"yoast_head":"<!-- This site is optimized with the Yoast SEO plugin v27.5 - https:\/\/yoast.com\/product\/yoast-seo-wordpress\/ -->\n<title>L\u00f3pez - Gatell anuncio inicio de la Fase 3 por Coronavirus - NOTICIAS DE LA 4T<\/title>\n<meta name=\"robots\" content=\"noindex, follow, max-snippet:-1, max-image-preview:large, max-video-preview:-1\" \/>\n<meta property=\"og:locale\" content=\"es_MX\" \/>\n<meta property=\"og:type\" content=\"article\" \/>\n<meta property=\"og:title\" content=\"L\u00f3pez - Gatell anuncio inicio de la Fase 3 por Coronavirus - NOTICIAS DE LA 4T\" \/>\n<meta property=\"og:description\" content=\"Ciudad de M\u00e9xico a 21 de abril 2020 (M\u00e9xico Press -Cdmx Press &#8211; Red Cdmx).-...\" \/>\n<meta property=\"og:url\" content=\"https:\/\/redamlo.com\/index.php\/2020\/04\/21\/lopez-gatell-anuncio-inicio-de-la-fase-3-por-coronavirus\/\" \/>\n<meta property=\"og:site_name\" content=\"NOTICIAS DE LA 4T\" \/>\n<meta property=\"article:published_time\" content=\"2020-04-21T13:13:42+00:00\" \/>\n<meta property=\"og:image\" content=\"https:\/\/redamlo.com\/wp-content\/uploads\/2020\/04\/mexico-entra-a-fase-3-por-covid-19.jpg\" \/>\n\t<meta property=\"og:image:width\" content=\"569\" \/>\n\t<meta property=\"og:image:height\" content=\"275\" \/>\n\t<meta property=\"og:image:type\" content=\"image\/jpeg\" \/>\n<meta name=\"author\" content=\"Blanca\" \/>\n<meta name=\"twitter:card\" content=\"summary_large_image\" \/>\n<meta name=\"twitter:label1\" content=\"Escrito por\" \/>\n\t<meta name=\"twitter:data1\" content=\"Blanca\" \/>\n<script type=\"application\/ld+json\" class=\"yoast-schema-graph\">{\"@context\":\"https:\\\/\\\/schema.org\",\"@graph\":[{\"@type\":\"Article\",\"@id\":\"https:\\\/\\\/redamlo.com\\\/index.php\\\/2020\\\/04\\\/21\\\/lopez-gatell-anuncio-inicio-de-la-fase-3-por-coronavirus\\\/#article\",\"isPartOf\":{\"@id\":\"https:\\\/\\\/redamlo.com\\\/index.php\\\/2020\\\/04\\\/21\\\/lopez-gatell-anuncio-inicio-de-la-fase-3-por-coronavirus\\\/\"},\"author\":{\"name\":\"Blanca\",\"@id\":\"https:\\\/\\\/redamlo.com\\\/#\\\/schema\\\/person\\\/7223a4375eb8f1a782fcae010a7115cf\"},\"headline\":\"L\u00f3pez &#8211; Gatell anuncio inicio de la Fase 3 por Coronavirus\",\"datePublished\":\"2020-04-21T13:13:42+00:00\",\"mainEntityOfPage\":{\"@id\":\"https:\\\/\\\/redamlo.com\\\/index.php\\\/2020\\\/04\\\/21\\\/lopez-gatell-anuncio-inicio-de-la-fase-3-por-coronavirus\\\/\"},\"wordCount\":73,\"commentCount\":0,\"publisher\":{\"@id\":\"https:\\\/\\\/redamlo.com\\\/#organization\"},\"image\":{\"@id\":\"https:\\\/\\\/redamlo.com\\\/index.php\\\/2020\\\/04\\\/21\\\/lopez-gatell-anuncio-inicio-de-la-fase-3-por-coronavirus\\\/#primaryimage\"},\"thumbnailUrl\":\"https:\\\/\\\/redamlo.com\\\/wp-content\\\/uploads\\\/2020\\\/04\\\/mexico-entra-a-fase-3-por-covid-19.jpg\",\"articleSection\":[\"Salud\"],\"inLanguage\":\"es\",\"potentialAction\":[{\"@type\":\"CommentAction\",\"name\":\"Comment\",\"target\":[\"https:\\\/\\\/redamlo.com\\\/index.php\\\/2020\\\/04\\\/21\\\/lopez-gatell-anuncio-inicio-de-la-fase-3-por-coronavirus\\\/#respond\"]}]},{\"@type\":\"WebPage\",\"@id\":\"https:\\\/\\\/redamlo.com\\\/index.php\\\/2020\\\/04\\\/21\\\/lopez-gatell-anuncio-inicio-de-la-fase-3-por-coronavirus\\\/\",\"url\":\"https:\\\/\\\/redamlo.com\\\/index.php\\\/2020\\\/04\\\/21\\\/lopez-gatell-anuncio-inicio-de-la-fase-3-por-coronavirus\\\/\",\"name\":\"L\u00f3pez - Gatell anuncio inicio de la Fase 3 por Coronavirus - NOTICIAS DE LA 4T\",\"isPartOf\":{\"@id\":\"https:\\\/\\\/redamlo.com\\\/#website\"},\"primaryImageOfPage\":{\"@id\":\"https:\\\/\\\/redamlo.com\\\/index.php\\\/2020\\\/04\\\/21\\\/lopez-gatell-anuncio-inicio-de-la-fase-3-por-coronavirus\\\/#primaryimage\"},\"image\":{\"@id\":\"https:\\\/\\\/redamlo.com\\\/index.php\\\/2020\\\/04\\\/21\\\/lopez-gatell-anuncio-inicio-de-la-fase-3-por-coronavirus\\\/#primaryimage\"},\"thumbnailUrl\":\"https:\\\/\\\/redamlo.com\\\/wp-content\\\/uploads\\\/2020\\\/04\\\/mexico-entra-a-fase-3-por-covid-19.jpg\",\"datePublished\":\"2020-04-21T13:13:42+00:00\",\"breadcrumb\":{\"@id\":\"https:\\\/\\\/redamlo.com\\\/index.php\\\/2020\\\/04\\\/21\\\/lopez-gatell-anuncio-inicio-de-la-fase-3-por-coronavirus\\\/#breadcrumb\"},\"inLanguage\":\"es\",\"potentialAction\":[{\"@type\":\"ReadAction\",\"target\":[\"https:\\\/\\\/redamlo.com\\\/index.php\\\/2020\\\/04\\\/21\\\/lopez-gatell-anuncio-inicio-de-la-fase-3-por-coronavirus\\\/\"]}]},{\"@type\":\"ImageObject\",\"inLanguage\":\"es\",\"@id\":\"https:\\\/\\\/redamlo.com\\\/index.php\\\/2020\\\/04\\\/21\\\/lopez-gatell-anuncio-inicio-de-la-fase-3-por-coronavirus\\\/#primaryimage\",\"url\":\"https:\\\/\\\/redamlo.com\\\/wp-content\\\/uploads\\\/2020\\\/04\\\/mexico-entra-a-fase-3-por-covid-19.jpg\",\"contentUrl\":\"https:\\\/\\\/redamlo.com\\\/wp-content\\\/uploads\\\/2020\\\/04\\\/mexico-entra-a-fase-3-por-covid-19.jpg\",\"width\":569,\"height\":275},{\"@type\":\"BreadcrumbList\",\"@id\":\"https:\\\/\\\/redamlo.com\\\/index.php\\\/2020\\\/04\\\/21\\\/lopez-gatell-anuncio-inicio-de-la-fase-3-por-coronavirus\\\/#breadcrumb\",\"itemListElement\":[{\"@type\":\"ListItem\",\"position\":1,\"name\":\"Inicio\",\"item\":\"https:\\\/\\\/redamlo.com\\\/\"},{\"@type\":\"ListItem\",\"position\":2,\"name\":\"L\u00f3pez &#8211; Gatell anuncio inicio de la Fase 3 por Coronavirus\"}]},{\"@type\":\"WebSite\",\"@id\":\"https:\\\/\\\/redamlo.com\\\/#website\",\"url\":\"https:\\\/\\\/redamlo.com\\\/\",\"name\":\"NOTICIAS DE LA 4T\",\"description\":\"\",\"publisher\":{\"@id\":\"https:\\\/\\\/redamlo.com\\\/#organization\"},\"potentialAction\":[{\"@type\":\"SearchAction\",\"target\":{\"@type\":\"EntryPoint\",\"urlTemplate\":\"https:\\\/\\\/redamlo.com\\\/?s={search_term_string}\"},\"query-input\":{\"@type\":\"PropertyValueSpecification\",\"valueRequired\":true,\"valueName\":\"search_term_string\"}}],\"inLanguage\":\"es\"},{\"@type\":\"Organization\",\"@id\":\"https:\\\/\\\/redamlo.com\\\/#organization\",\"name\":\"NOTICIAS DE LA 4T\",\"url\":\"https:\\\/\\\/redamlo.com\\\/\",\"logo\":{\"@type\":\"ImageObject\",\"inLanguage\":\"es\",\"@id\":\"https:\\\/\\\/redamlo.com\\\/#\\\/schema\\\/logo\\\/image\\\/\",\"url\":\"https:\\\/\\\/redamlo.com\\\/wp-content\\\/uploads\\\/2024\\\/08\\\/cropped-RED-AMLO-logo-50.png\",\"contentUrl\":\"https:\\\/\\\/redamlo.com\\\/wp-content\\\/uploads\\\/2024\\\/08\\\/cropped-RED-AMLO-logo-50.png\",\"width\":256,\"height\":256,\"caption\":\"NOTICIAS DE LA 4T\"},\"image\":{\"@id\":\"https:\\\/\\\/redamlo.com\\\/#\\\/schema\\\/logo\\\/image\\\/\"}},{\"@type\":\"Person\",\"@id\":\"https:\\\/\\\/redamlo.com\\\/#\\\/schema\\\/person\\\/7223a4375eb8f1a782fcae010a7115cf\",\"name\":\"Blanca\",\"image\":{\"@type\":\"ImageObject\",\"inLanguage\":\"es\",\"@id\":\"https:\\\/\\\/secure.gravatar.com\\\/avatar\\\/3f79bc8336367a4e6093eae8757acaaf61d1124834b905616de7829b0273426d?s=96&d=mm&r=g\",\"url\":\"https:\\\/\\\/secure.gravatar.com\\\/avatar\\\/3f79bc8336367a4e6093eae8757acaaf61d1124834b905616de7829b0273426d?s=96&d=mm&r=g\",\"contentUrl\":\"https:\\\/\\\/secure.gravatar.com\\\/avatar\\\/3f79bc8336367a4e6093eae8757acaaf61d1124834b905616de7829b0273426d?s=96&d=mm&r=g\",\"caption\":\"Blanca\"},\"url\":\"https:\\\/\\\/redamlo.com\\\/index.php\\\/author\\\/blanca\\\/\"}]}<\/script>\n<!-- \/ Yoast SEO plugin. -->","yoast_head_json":{"title":"L\u00f3pez - Gatell anuncio inicio de la Fase 3 por Coronavirus - NOTICIAS DE LA 4T","robots":{"index":"noindex","follow":"follow","max-snippet":"max-snippet:-1","max-image-preview":"max-image-preview:large","max-video-preview":"max-video-preview:-1"},"og_locale":"es_MX","og_type":"article","og_title":"L\u00f3pez - Gatell anuncio inicio de la Fase 3 por Coronavirus - NOTICIAS DE LA 4T","og_description":"Ciudad de M\u00e9xico a 21 de abril 2020 (M\u00e9xico Press -Cdmx Press &#8211; Red Cdmx).-...","og_url":"https:\/\/redamlo.com\/index.php\/2020\/04\/21\/lopez-gatell-anuncio-inicio-de-la-fase-3-por-coronavirus\/","og_site_name":"NOTICIAS DE LA 4T","article_published_time":"2020-04-21T13:13:42+00:00","og_image":[{"width":569,"height":275,"url":"https:\/\/redamlo.com\/wp-content\/uploads\/2020\/04\/mexico-entra-a-fase-3-por-covid-19.jpg","type":"image\/jpeg"}],"author":"Blanca","twitter_card":"summary_large_image","twitter_misc":{"Escrito por":"Blanca"},"schema":{"@context":"https:\/\/schema.org","@graph":[{"@type":"Article","@id":"https:\/\/redamlo.com\/index.php\/2020\/04\/21\/lopez-gatell-anuncio-inicio-de-la-fase-3-por-coronavirus\/#article","isPartOf":{"@id":"https:\/\/redamlo.com\/index.php\/2020\/04\/21\/lopez-gatell-anuncio-inicio-de-la-fase-3-por-coronavirus\/"},"author":{"name":"Blanca","@id":"https:\/\/redamlo.com\/#\/schema\/person\/7223a4375eb8f1a782fcae010a7115cf"},"headline":"L\u00f3pez &#8211; Gatell anuncio inicio de la Fase 3 por Coronavirus","datePublished":"2020-04-21T13:13:42+00:00","mainEntityOfPage":{"@id":"https:\/\/redamlo.com\/index.php\/2020\/04\/21\/lopez-gatell-anuncio-inicio-de-la-fase-3-por-coronavirus\/"},"wordCount":73,"commentCount":0,"publisher":{"@id":"https:\/\/redamlo.com\/#organization"},"image":{"@id":"https:\/\/redamlo.com\/index.php\/2020\/04\/21\/lopez-gatell-anuncio-inicio-de-la-fase-3-por-coronavirus\/#primaryimage"},"thumbnailUrl":"https:\/\/redamlo.com\/wp-content\/uploads\/2020\/04\/mexico-entra-a-fase-3-por-covid-19.jpg","articleSection":["Salud"],"inLanguage":"es","potentialAction":[{"@type":"CommentAction","name":"Comment","target":["https:\/\/redamlo.com\/index.php\/2020\/04\/21\/lopez-gatell-anuncio-inicio-de-la-fase-3-por-coronavirus\/#respond"]}]},{"@type":"WebPage","@id":"https:\/\/redamlo.com\/index.php\/2020\/04\/21\/lopez-gatell-anuncio-inicio-de-la-fase-3-por-coronavirus\/","url":"https:\/\/redamlo.com\/index.php\/2020\/04\/21\/lopez-gatell-anuncio-inicio-de-la-fase-3-por-coronavirus\/","name":"L\u00f3pez - Gatell anuncio inicio de la Fase 3 por Coronavirus - NOTICIAS DE LA 4T","isPartOf":{"@id":"https:\/\/redamlo.com\/#website"},"primaryImageOfPage":{"@id":"https:\/\/redamlo.com\/index.php\/2020\/04\/21\/lopez-gatell-anuncio-inicio-de-la-fase-3-por-coronavirus\/#primaryimage"},"image":{"@id":"https:\/\/redamlo.com\/index.php\/2020\/04\/21\/lopez-gatell-anuncio-inicio-de-la-fase-3-por-coronavirus\/#primaryimage"},"thumbnailUrl":"https:\/\/redamlo.com\/wp-content\/uploads\/2020\/04\/mexico-entra-a-fase-3-por-covid-19.jpg","datePublished":"2020-04-21T13:13:42+00:00","breadcrumb":{"@id":"https:\/\/redamlo.com\/index.php\/2020\/04\/21\/lopez-gatell-anuncio-inicio-de-la-fase-3-por-coronavirus\/#breadcrumb"},"inLanguage":"es","potentialAction":[{"@type":"ReadAction","target":["https:\/\/redamlo.com\/index.php\/2020\/04\/21\/lopez-gatell-anuncio-inicio-de-la-fase-3-por-coronavirus\/"]}]},{"@type":"ImageObject","inLanguage":"es","@id":"https:\/\/redamlo.com\/index.php\/2020\/04\/21\/lopez-gatell-anuncio-inicio-de-la-fase-3-por-coronavirus\/#primaryimage","url":"https:\/\/redamlo.com\/wp-content\/uploads\/2020\/04\/mexico-entra-a-fase-3-por-covid-19.jpg","contentUrl":"https:\/\/redamlo.com\/wp-content\/uploads\/2020\/04\/mexico-entra-a-fase-3-por-covid-19.jpg","width":569,"height":275},{"@type":"BreadcrumbList","@id":"https:\/\/redamlo.com\/index.php\/2020\/04\/21\/lopez-gatell-anuncio-inicio-de-la-fase-3-por-coronavirus\/#breadcrumb","itemListElement":[{"@type":"ListItem","position":1,"name":"Inicio","item":"https:\/\/redamlo.com\/"},{"@type":"ListItem","position":2,"name":"L\u00f3pez &#8211; Gatell anuncio inicio de la Fase 3 por Coronavirus"}]},{"@type":"WebSite","@id":"https:\/\/redamlo.com\/#website","url":"https:\/\/redamlo.com\/","name":"NOTICIAS DE LA 4T","description":"","publisher":{"@id":"https:\/\/redamlo.com\/#organization"},"potentialAction":[{"@type":"SearchAction","target":{"@type":"EntryPoint","urlTemplate":"https:\/\/redamlo.com\/?s={search_term_string}"},"query-input":{"@type":"PropertyValueSpecification","valueRequired":true,"valueName":"search_term_string"}}],"inLanguage":"es"},{"@type":"Organization","@id":"https:\/\/redamlo.com\/#organization","name":"NOTICIAS DE LA 4T","url":"https:\/\/redamlo.com\/","logo":{"@type":"ImageObject","inLanguage":"es","@id":"https:\/\/redamlo.com\/#\/schema\/logo\/image\/","url":"https:\/\/redamlo.com\/wp-content\/uploads\/2024\/08\/cropped-RED-AMLO-logo-50.png","contentUrl":"https:\/\/redamlo.com\/wp-content\/uploads\/2024\/08\/cropped-RED-AMLO-logo-50.png","width":256,"height":256,"caption":"NOTICIAS DE LA 4T"},"image":{"@id":"https:\/\/redamlo.com\/#\/schema\/logo\/image\/"}},{"@type":"Person","@id":"https:\/\/redamlo.com\/#\/schema\/person\/7223a4375eb8f1a782fcae010a7115cf","name":"Blanca","image":{"@type":"ImageObject","inLanguage":"es","@id":"https:\/\/secure.gravatar.com\/avatar\/3f79bc8336367a4e6093eae8757acaaf61d1124834b905616de7829b0273426d?s=96&d=mm&r=g","url":"https:\/\/secure.gravatar.com\/avatar\/3f79bc8336367a4e6093eae8757acaaf61d1124834b905616de7829b0273426d?s=96&d=mm&r=g","contentUrl":"https:\/\/secure.gravatar.com\/avatar\/3f79bc8336367a4e6093eae8757acaaf61d1124834b905616de7829b0273426d?s=96&d=mm&r=g","caption":"Blanca"},"url":"https:\/\/redamlo.com\/index.php\/author\/blanca\/"}]}},"_links":{"self":[{"href":"https:\/\/redamlo.com\/index.php\/wp-json\/wp\/v2\/posts\/806","targetHints":{"allow":["GET"]}}],"collection":[{"href":"https:\/\/redamlo.com\/index.php\/wp-json\/wp\/v2\/posts"}],"about":[{"href":"https:\/\/redamlo.com\/index.php\/wp-json\/wp\/v2\/types\/post"}],"author":[{"embeddable":true,"href":"https:\/\/redamlo.com\/index.php\/wp-json\/wp\/v2\/users\/2"}],"replies":[{"embeddable":true,"href":"https:\/\/redamlo.com\/index.php\/wp-json\/wp\/v2\/comments?post=806"}],"version-history":[{"count":0,"href":"https:\/\/redamlo.com\/index.php\/wp-json\/wp\/v2\/posts\/806\/revisions"}],"wp:featuredmedia":[{"embeddable":true,"href":"https:\/\/redamlo.com\/index.php\/wp-json\/wp\/v2\/media\/808"}],"wp:attachment":[{"href":"https:\/\/redamlo.com\/index.php\/wp-json\/wp\/v2\/media?parent=806"}],"wp:term":[{"taxonomy":"category","embeddable":true,"href":"https:\/\/redamlo.com\/index.php\/wp-json\/wp\/v2\/categories?post=806"},{"taxonomy":"post_tag","embeddable":true,"href":"https:\/\/redamlo.com\/index.php\/wp-json\/wp\/v2\/tags?post=806"}],"curies":[{"name":"wp","href":"https:\/\/api.w.org\/{rel}","templated":true}]}}