{"id":8039,"date":"2024-11-12T13:57:21","date_gmt":"2024-11-12T19:57:21","guid":{"rendered":"https:\/\/redamlo.com\/?p=8039"},"modified":"2024-11-12T13:57:21","modified_gmt":"2024-11-12T19:57:21","slug":"cuando-las-y-los-ninos-se-entusiasman-y-aprenden-un-arte-cambia-la-vida-clara-brugada","status":"publish","type":"post","link":"https:\/\/redamlo.com\/index.php\/2024\/11\/12\/cuando-las-y-los-ninos-se-entusiasman-y-aprenden-un-arte-cambia-la-vida-clara-brugada\/","title":{"rendered":"Cuando las y los ni\u00f1os se entusiasman y aprenden un arte, cambia la vida: Clara Brugada"},"content":{"rendered":"<p>La jefa de Gobierno, Clara Brugada Molina, puso en marcha la iniciativa \u201cDo re mi fa sol para la Ciudad de M\u00e9xico\u201d, en la Escuela Primaria \u201cGabino Barreda\u201d, ubicada en la colonia Centro Hist\u00f3rico, alcald\u00eda Cuauht\u00e9moc, donde entreg\u00f3 un paquete de 76 instrumentos musicales para impulsar el aprendizaje, el arte y democratizar la m\u00fasica, en beneficio de las ni\u00f1as y ni\u00f1os de la capital.<\/p>\n<p>Destac\u00f3 que el objetivo es generar talentos musicales del pa\u00eds, asimismo, indic\u00f3 que este paquete de instrumentos fue donado al primer plantel de la Ciudad de M\u00e9xico por el activista Jos\u00e9 Shabot, a trav\u00e9s de su fundaci\u00f3n Construye Bienestar, y que en los siguientes d\u00edas se lanzar\u00e1 una convocatoria para que m\u00e1s comunidades escolares puedan sumarse a este proyecto.<\/p>\n<p>En total, se entregaron: 18 violines, 6 violas, cuatro violonchelos, dos contrabajos, 2 flautas, dos clarinetes, dos oboes, dos trompetas, un timbal, 15 ukuleles, 15 panderos, un juego de platos de choque, un tromb\u00f3n, una tuba, un fagot, un bombo, una tarola y un piano el\u00e9ctrico.<\/p>\n<p>Finalmente, la secretaria de Cultura, Ana Francis L\u00f3pez Bayghen Pati\u00f1o, explic\u00f3 que se llevar\u00e1n a cabo jornadas informativas con los padres y madres de familia y la comunidad estudiantil, con el objetivo de difundir esta nueva estrategia y dar inicio a los procesos de inscripci\u00f3n de los ni\u00f1os y ni\u00f1as.<\/p>\n<p>Fuente: Gobierno de la CDMX.<\/p>\n","protected":false},"excerpt":{"rendered":"<p>La jefa de Gobierno, Clara Brugada Molina, puso en marcha la iniciativa \u201cDo re mi&#8230;<\/p>\n","protected":false},"author":1,"featured_media":8040,"comment_status":"open","ping_status":"closed","sticky":false,"template":"","format":"standard","meta":{"footnotes":""},"categories":[17],"tags":[885,2749,2734],"class_list":["post-8039","post","type-post","status-publish","format-standard","has-post-thumbnail","hentry","category-cdmx","tag-clara-brugada","tag-do-re-mi-fa","tag-gobierno-de-cdmx"],"yoast_head":"<!-- This site is optimized with the Yoast SEO plugin v27.5 - https:\/\/yoast.com\/product\/yoast-seo-wordpress\/ -->\n<title>Cuando las y los ni\u00f1os se entusiasman y aprenden un arte, cambia la vida: Clara Brugada - NOTICIAS DE LA 4T<\/title>\n<meta name=\"robots\" content=\"noindex, follow, max-snippet:-1, max-image-preview:large, max-video-preview:-1\" \/>\n<meta property=\"og:locale\" content=\"es_MX\" \/>\n<meta property=\"og:type\" content=\"article\" \/>\n<meta property=\"og:title\" content=\"Cuando las y los ni\u00f1os se entusiasman y aprenden un arte, cambia la vida: Clara Brugada - NOTICIAS DE LA 4T\" \/>\n<meta property=\"og:description\" content=\"La jefa de Gobierno, Clara Brugada Molina, puso en marcha la iniciativa \u201cDo re mi...\" \/>\n<meta property=\"og:url\" content=\"https:\/\/redamlo.com\/index.php\/2024\/11\/12\/cuando-las-y-los-ninos-se-entusiasman-y-aprenden-un-arte-cambia-la-vida-clara-brugada\/\" \/>\n<meta property=\"og:site_name\" content=\"NOTICIAS DE LA 4T\" \/>\n<meta property=\"article:published_time\" content=\"2024-11-12T19:57:21+00:00\" \/>\n<meta property=\"og:image\" content=\"https:\/\/redamlo.com\/wp-content\/uploads\/2024\/11\/clara-do-re-mi-fa-e1731701817469.jpg\" \/>\n\t<meta property=\"og:image:width\" content=\"522\" \/>\n\t<meta property=\"og:image:height\" content=\"248\" \/>\n\t<meta property=\"og:image:type\" content=\"image\/jpeg\" \/>\n<meta name=\"author\" content=\"admin\" \/>\n<meta name=\"twitter:card\" content=\"summary_large_image\" \/>\n<meta name=\"twitter:label1\" content=\"Escrito por\" \/>\n\t<meta name=\"twitter:data1\" content=\"admin\" \/>\n\t<meta name=\"twitter:label2\" content=\"Tiempo de lectura\" \/>\n\t<meta name=\"twitter:data2\" content=\"1 minuto\" \/>\n<script type=\"application\/ld+json\" class=\"yoast-schema-graph\">{\"@context\":\"https:\\\/\\\/schema.org\",\"@graph\":[{\"@type\":\"Article\",\"@id\":\"https:\\\/\\\/redamlo.com\\\/index.php\\\/2024\\\/11\\\/12\\\/cuando-las-y-los-ninos-se-entusiasman-y-aprenden-un-arte-cambia-la-vida-clara-brugada\\\/#article\",\"isPartOf\":{\"@id\":\"https:\\\/\\\/redamlo.com\\\/index.php\\\/2024\\\/11\\\/12\\\/cuando-las-y-los-ninos-se-entusiasman-y-aprenden-un-arte-cambia-la-vida-clara-brugada\\\/\"},\"author\":{\"name\":\"admin\",\"@id\":\"https:\\\/\\\/redamlo.com\\\/#\\\/schema\\\/person\\\/197a0a670d21b1f4f1483ddda1b64613\"},\"headline\":\"Cuando las y los ni\u00f1os se entusiasman y aprenden un arte, cambia la vida: Clara Brugada\",\"datePublished\":\"2024-11-12T19:57:21+00:00\",\"mainEntityOfPage\":{\"@id\":\"https:\\\/\\\/redamlo.com\\\/index.php\\\/2024\\\/11\\\/12\\\/cuando-las-y-los-ninos-se-entusiasman-y-aprenden-un-arte-cambia-la-vida-clara-brugada\\\/\"},\"wordCount\":256,\"commentCount\":0,\"publisher\":{\"@id\":\"https:\\\/\\\/redamlo.com\\\/#organization\"},\"image\":{\"@id\":\"https:\\\/\\\/redamlo.com\\\/index.php\\\/2024\\\/11\\\/12\\\/cuando-las-y-los-ninos-se-entusiasman-y-aprenden-un-arte-cambia-la-vida-clara-brugada\\\/#primaryimage\"},\"thumbnailUrl\":\"https:\\\/\\\/redamlo.com\\\/wp-content\\\/uploads\\\/2024\\\/11\\\/clara-do-re-mi-fa-e1731701817469.jpg\",\"keywords\":[\"Clara Brugada\",\"do re mi fa\",\"gobierno de cdmx\"],\"articleSection\":[\"CDMX\"],\"inLanguage\":\"es\",\"potentialAction\":[{\"@type\":\"CommentAction\",\"name\":\"Comment\",\"target\":[\"https:\\\/\\\/redamlo.com\\\/index.php\\\/2024\\\/11\\\/12\\\/cuando-las-y-los-ninos-se-entusiasman-y-aprenden-un-arte-cambia-la-vida-clara-brugada\\\/#respond\"]}]},{\"@type\":\"WebPage\",\"@id\":\"https:\\\/\\\/redamlo.com\\\/index.php\\\/2024\\\/11\\\/12\\\/cuando-las-y-los-ninos-se-entusiasman-y-aprenden-un-arte-cambia-la-vida-clara-brugada\\\/\",\"url\":\"https:\\\/\\\/redamlo.com\\\/index.php\\\/2024\\\/11\\\/12\\\/cuando-las-y-los-ninos-se-entusiasman-y-aprenden-un-arte-cambia-la-vida-clara-brugada\\\/\",\"name\":\"Cuando las y los ni\u00f1os se entusiasman y aprenden un arte, cambia la vida: Clara Brugada - NOTICIAS DE LA 4T\",\"isPartOf\":{\"@id\":\"https:\\\/\\\/redamlo.com\\\/#website\"},\"primaryImageOfPage\":{\"@id\":\"https:\\\/\\\/redamlo.com\\\/index.php\\\/2024\\\/11\\\/12\\\/cuando-las-y-los-ninos-se-entusiasman-y-aprenden-un-arte-cambia-la-vida-clara-brugada\\\/#primaryimage\"},\"image\":{\"@id\":\"https:\\\/\\\/redamlo.com\\\/index.php\\\/2024\\\/11\\\/12\\\/cuando-las-y-los-ninos-se-entusiasman-y-aprenden-un-arte-cambia-la-vida-clara-brugada\\\/#primaryimage\"},\"thumbnailUrl\":\"https:\\\/\\\/redamlo.com\\\/wp-content\\\/uploads\\\/2024\\\/11\\\/clara-do-re-mi-fa-e1731701817469.jpg\",\"datePublished\":\"2024-11-12T19:57:21+00:00\",\"breadcrumb\":{\"@id\":\"https:\\\/\\\/redamlo.com\\\/index.php\\\/2024\\\/11\\\/12\\\/cuando-las-y-los-ninos-se-entusiasman-y-aprenden-un-arte-cambia-la-vida-clara-brugada\\\/#breadcrumb\"},\"inLanguage\":\"es\",\"potentialAction\":[{\"@type\":\"ReadAction\",\"target\":[\"https:\\\/\\\/redamlo.com\\\/index.php\\\/2024\\\/11\\\/12\\\/cuando-las-y-los-ninos-se-entusiasman-y-aprenden-un-arte-cambia-la-vida-clara-brugada\\\/\"]}]},{\"@type\":\"ImageObject\",\"inLanguage\":\"es\",\"@id\":\"https:\\\/\\\/redamlo.com\\\/index.php\\\/2024\\\/11\\\/12\\\/cuando-las-y-los-ninos-se-entusiasman-y-aprenden-un-arte-cambia-la-vida-clara-brugada\\\/#primaryimage\",\"url\":\"https:\\\/\\\/redamlo.com\\\/wp-content\\\/uploads\\\/2024\\\/11\\\/clara-do-re-mi-fa-e1731701817469.jpg\",\"contentUrl\":\"https:\\\/\\\/redamlo.com\\\/wp-content\\\/uploads\\\/2024\\\/11\\\/clara-do-re-mi-fa-e1731701817469.jpg\",\"width\":522,\"height\":248},{\"@type\":\"BreadcrumbList\",\"@id\":\"https:\\\/\\\/redamlo.com\\\/index.php\\\/2024\\\/11\\\/12\\\/cuando-las-y-los-ninos-se-entusiasman-y-aprenden-un-arte-cambia-la-vida-clara-brugada\\\/#breadcrumb\",\"itemListElement\":[{\"@type\":\"ListItem\",\"position\":1,\"name\":\"Inicio\",\"item\":\"https:\\\/\\\/redamlo.com\\\/\"},{\"@type\":\"ListItem\",\"position\":2,\"name\":\"Cuando las y los ni\u00f1os se entusiasman y aprenden un arte, cambia la vida: Clara Brugada\"}]},{\"@type\":\"WebSite\",\"@id\":\"https:\\\/\\\/redamlo.com\\\/#website\",\"url\":\"https:\\\/\\\/redamlo.com\\\/\",\"name\":\"NOTICIAS DE LA 4T\",\"description\":\"\",\"publisher\":{\"@id\":\"https:\\\/\\\/redamlo.com\\\/#organization\"},\"potentialAction\":[{\"@type\":\"SearchAction\",\"target\":{\"@type\":\"EntryPoint\",\"urlTemplate\":\"https:\\\/\\\/redamlo.com\\\/?s={search_term_string}\"},\"query-input\":{\"@type\":\"PropertyValueSpecification\",\"valueRequired\":true,\"valueName\":\"search_term_string\"}}],\"inLanguage\":\"es\"},{\"@type\":\"Organization\",\"@id\":\"https:\\\/\\\/redamlo.com\\\/#organization\",\"name\":\"NOTICIAS DE LA 4T\",\"url\":\"https:\\\/\\\/redamlo.com\\\/\",\"logo\":{\"@type\":\"ImageObject\",\"inLanguage\":\"es\",\"@id\":\"https:\\\/\\\/redamlo.com\\\/#\\\/schema\\\/logo\\\/image\\\/\",\"url\":\"https:\\\/\\\/redamlo.com\\\/wp-content\\\/uploads\\\/2024\\\/08\\\/cropped-RED-AMLO-logo-50.png\",\"contentUrl\":\"https:\\\/\\\/redamlo.com\\\/wp-content\\\/uploads\\\/2024\\\/08\\\/cropped-RED-AMLO-logo-50.png\",\"width\":256,\"height\":256,\"caption\":\"NOTICIAS DE LA 4T\"},\"image\":{\"@id\":\"https:\\\/\\\/redamlo.com\\\/#\\\/schema\\\/logo\\\/image\\\/\"}},{\"@type\":\"Person\",\"@id\":\"https:\\\/\\\/redamlo.com\\\/#\\\/schema\\\/person\\\/197a0a670d21b1f4f1483ddda1b64613\",\"name\":\"admin\",\"image\":{\"@type\":\"ImageObject\",\"inLanguage\":\"es\",\"@id\":\"https:\\\/\\\/secure.gravatar.com\\\/avatar\\\/293dccd927043f2e641da6685c2f84009782eb9ee0054daceada4e261ded849a?s=96&d=mm&r=g\",\"url\":\"https:\\\/\\\/secure.gravatar.com\\\/avatar\\\/293dccd927043f2e641da6685c2f84009782eb9ee0054daceada4e261ded849a?s=96&d=mm&r=g\",\"contentUrl\":\"https:\\\/\\\/secure.gravatar.com\\\/avatar\\\/293dccd927043f2e641da6685c2f84009782eb9ee0054daceada4e261ded849a?s=96&d=mm&r=g\",\"caption\":\"admin\"},\"sameAs\":[\"https:\\\/\\\/redamlo.com\"],\"url\":\"https:\\\/\\\/redamlo.com\\\/index.php\\\/author\\\/stell\\\/\"}]}<\/script>\n<!-- \/ Yoast SEO plugin. -->","yoast_head_json":{"title":"Cuando las y los ni\u00f1os se entusiasman y aprenden un arte, cambia la vida: Clara Brugada - NOTICIAS DE LA 4T","robots":{"index":"noindex","follow":"follow","max-snippet":"max-snippet:-1","max-image-preview":"max-image-preview:large","max-video-preview":"max-video-preview:-1"},"og_locale":"es_MX","og_type":"article","og_title":"Cuando las y los ni\u00f1os se entusiasman y aprenden un arte, cambia la vida: Clara Brugada - NOTICIAS DE LA 4T","og_description":"La jefa de Gobierno, Clara Brugada Molina, puso en marcha la iniciativa \u201cDo re mi...","og_url":"https:\/\/redamlo.com\/index.php\/2024\/11\/12\/cuando-las-y-los-ninos-se-entusiasman-y-aprenden-un-arte-cambia-la-vida-clara-brugada\/","og_site_name":"NOTICIAS DE LA 4T","article_published_time":"2024-11-12T19:57:21+00:00","og_image":[{"width":522,"height":248,"url":"https:\/\/redamlo.com\/wp-content\/uploads\/2024\/11\/clara-do-re-mi-fa-e1731701817469.jpg","type":"image\/jpeg"}],"author":"admin","twitter_card":"summary_large_image","twitter_misc":{"Escrito por":"admin","Tiempo de lectura":"1 minuto"},"schema":{"@context":"https:\/\/schema.org","@graph":[{"@type":"Article","@id":"https:\/\/redamlo.com\/index.php\/2024\/11\/12\/cuando-las-y-los-ninos-se-entusiasman-y-aprenden-un-arte-cambia-la-vida-clara-brugada\/#article","isPartOf":{"@id":"https:\/\/redamlo.com\/index.php\/2024\/11\/12\/cuando-las-y-los-ninos-se-entusiasman-y-aprenden-un-arte-cambia-la-vida-clara-brugada\/"},"author":{"name":"admin","@id":"https:\/\/redamlo.com\/#\/schema\/person\/197a0a670d21b1f4f1483ddda1b64613"},"headline":"Cuando las y los ni\u00f1os se entusiasman y aprenden un arte, cambia la vida: Clara Brugada","datePublished":"2024-11-12T19:57:21+00:00","mainEntityOfPage":{"@id":"https:\/\/redamlo.com\/index.php\/2024\/11\/12\/cuando-las-y-los-ninos-se-entusiasman-y-aprenden-un-arte-cambia-la-vida-clara-brugada\/"},"wordCount":256,"commentCount":0,"publisher":{"@id":"https:\/\/redamlo.com\/#organization"},"image":{"@id":"https:\/\/redamlo.com\/index.php\/2024\/11\/12\/cuando-las-y-los-ninos-se-entusiasman-y-aprenden-un-arte-cambia-la-vida-clara-brugada\/#primaryimage"},"thumbnailUrl":"https:\/\/redamlo.com\/wp-content\/uploads\/2024\/11\/clara-do-re-mi-fa-e1731701817469.jpg","keywords":["Clara Brugada","do re mi fa","gobierno de cdmx"],"articleSection":["CDMX"],"inLanguage":"es","potentialAction":[{"@type":"CommentAction","name":"Comment","target":["https:\/\/redamlo.com\/index.php\/2024\/11\/12\/cuando-las-y-los-ninos-se-entusiasman-y-aprenden-un-arte-cambia-la-vida-clara-brugada\/#respond"]}]},{"@type":"WebPage","@id":"https:\/\/redamlo.com\/index.php\/2024\/11\/12\/cuando-las-y-los-ninos-se-entusiasman-y-aprenden-un-arte-cambia-la-vida-clara-brugada\/","url":"https:\/\/redamlo.com\/index.php\/2024\/11\/12\/cuando-las-y-los-ninos-se-entusiasman-y-aprenden-un-arte-cambia-la-vida-clara-brugada\/","name":"Cuando las y los ni\u00f1os se entusiasman y aprenden un arte, cambia la vida: Clara Brugada - NOTICIAS DE LA 4T","isPartOf":{"@id":"https:\/\/redamlo.com\/#website"},"primaryImageOfPage":{"@id":"https:\/\/redamlo.com\/index.php\/2024\/11\/12\/cuando-las-y-los-ninos-se-entusiasman-y-aprenden-un-arte-cambia-la-vida-clara-brugada\/#primaryimage"},"image":{"@id":"https:\/\/redamlo.com\/index.php\/2024\/11\/12\/cuando-las-y-los-ninos-se-entusiasman-y-aprenden-un-arte-cambia-la-vida-clara-brugada\/#primaryimage"},"thumbnailUrl":"https:\/\/redamlo.com\/wp-content\/uploads\/2024\/11\/clara-do-re-mi-fa-e1731701817469.jpg","datePublished":"2024-11-12T19:57:21+00:00","breadcrumb":{"@id":"https:\/\/redamlo.com\/index.php\/2024\/11\/12\/cuando-las-y-los-ninos-se-entusiasman-y-aprenden-un-arte-cambia-la-vida-clara-brugada\/#breadcrumb"},"inLanguage":"es","potentialAction":[{"@type":"ReadAction","target":["https:\/\/redamlo.com\/index.php\/2024\/11\/12\/cuando-las-y-los-ninos-se-entusiasman-y-aprenden-un-arte-cambia-la-vida-clara-brugada\/"]}]},{"@type":"ImageObject","inLanguage":"es","@id":"https:\/\/redamlo.com\/index.php\/2024\/11\/12\/cuando-las-y-los-ninos-se-entusiasman-y-aprenden-un-arte-cambia-la-vida-clara-brugada\/#primaryimage","url":"https:\/\/redamlo.com\/wp-content\/uploads\/2024\/11\/clara-do-re-mi-fa-e1731701817469.jpg","contentUrl":"https:\/\/redamlo.com\/wp-content\/uploads\/2024\/11\/clara-do-re-mi-fa-e1731701817469.jpg","width":522,"height":248},{"@type":"BreadcrumbList","@id":"https:\/\/redamlo.com\/index.php\/2024\/11\/12\/cuando-las-y-los-ninos-se-entusiasman-y-aprenden-un-arte-cambia-la-vida-clara-brugada\/#breadcrumb","itemListElement":[{"@type":"ListItem","position":1,"name":"Inicio","item":"https:\/\/redamlo.com\/"},{"@type":"ListItem","position":2,"name":"Cuando las y los ni\u00f1os se entusiasman y aprenden un arte, cambia la vida: Clara Brugada"}]},{"@type":"WebSite","@id":"https:\/\/redamlo.com\/#website","url":"https:\/\/redamlo.com\/","name":"NOTICIAS DE LA 4T","description":"","publisher":{"@id":"https:\/\/redamlo.com\/#organization"},"potentialAction":[{"@type":"SearchAction","target":{"@type":"EntryPoint","urlTemplate":"https:\/\/redamlo.com\/?s={search_term_string}"},"query-input":{"@type":"PropertyValueSpecification","valueRequired":true,"valueName":"search_term_string"}}],"inLanguage":"es"},{"@type":"Organization","@id":"https:\/\/redamlo.com\/#organization","name":"NOTICIAS DE LA 4T","url":"https:\/\/redamlo.com\/","logo":{"@type":"ImageObject","inLanguage":"es","@id":"https:\/\/redamlo.com\/#\/schema\/logo\/image\/","url":"https:\/\/redamlo.com\/wp-content\/uploads\/2024\/08\/cropped-RED-AMLO-logo-50.png","contentUrl":"https:\/\/redamlo.com\/wp-content\/uploads\/2024\/08\/cropped-RED-AMLO-logo-50.png","width":256,"height":256,"caption":"NOTICIAS DE LA 4T"},"image":{"@id":"https:\/\/redamlo.com\/#\/schema\/logo\/image\/"}},{"@type":"Person","@id":"https:\/\/redamlo.com\/#\/schema\/person\/197a0a670d21b1f4f1483ddda1b64613","name":"admin","image":{"@type":"ImageObject","inLanguage":"es","@id":"https:\/\/secure.gravatar.com\/avatar\/293dccd927043f2e641da6685c2f84009782eb9ee0054daceada4e261ded849a?s=96&d=mm&r=g","url":"https:\/\/secure.gravatar.com\/avatar\/293dccd927043f2e641da6685c2f84009782eb9ee0054daceada4e261ded849a?s=96&d=mm&r=g","contentUrl":"https:\/\/secure.gravatar.com\/avatar\/293dccd927043f2e641da6685c2f84009782eb9ee0054daceada4e261ded849a?s=96&d=mm&r=g","caption":"admin"},"sameAs":["https:\/\/redamlo.com"],"url":"https:\/\/redamlo.com\/index.php\/author\/stell\/"}]}},"_links":{"self":[{"href":"https:\/\/redamlo.com\/index.php\/wp-json\/wp\/v2\/posts\/8039","targetHints":{"allow":["GET"]}}],"collection":[{"href":"https:\/\/redamlo.com\/index.php\/wp-json\/wp\/v2\/posts"}],"about":[{"href":"https:\/\/redamlo.com\/index.php\/wp-json\/wp\/v2\/types\/post"}],"author":[{"embeddable":true,"href":"https:\/\/redamlo.com\/index.php\/wp-json\/wp\/v2\/users\/1"}],"replies":[{"embeddable":true,"href":"https:\/\/redamlo.com\/index.php\/wp-json\/wp\/v2\/comments?post=8039"}],"version-history":[{"count":0,"href":"https:\/\/redamlo.com\/index.php\/wp-json\/wp\/v2\/posts\/8039\/revisions"}],"wp:featuredmedia":[{"embeddable":true,"href":"https:\/\/redamlo.com\/index.php\/wp-json\/wp\/v2\/media\/8040"}],"wp:attachment":[{"href":"https:\/\/redamlo.com\/index.php\/wp-json\/wp\/v2\/media?parent=8039"}],"wp:term":[{"taxonomy":"category","embeddable":true,"href":"https:\/\/redamlo.com\/index.php\/wp-json\/wp\/v2\/categories?post=8039"},{"taxonomy":"post_tag","embeddable":true,"href":"https:\/\/redamlo.com\/index.php\/wp-json\/wp\/v2\/tags?post=8039"}],"curies":[{"name":"wp","href":"https:\/\/api.w.org\/{rel}","templated":true}]}}