{"id":8030,"date":"2024-11-12T12:57:23","date_gmt":"2024-11-12T18:57:23","guid":{"rendered":"https:\/\/redamlo.com\/?p=8030"},"modified":"2024-11-12T12:57:23","modified_gmt":"2024-11-12T18:57:23","slug":"el-consejo-editorial-de-samej-publishing-books-otorgo-el-reconocimiento-al-liderazgo-educativo-en-america-latina-2024","status":"publish","type":"post","link":"https:\/\/redamlo.com\/index.php\/2024\/11\/12\/el-consejo-editorial-de-samej-publishing-books-otorgo-el-reconocimiento-al-liderazgo-educativo-en-america-latina-2024\/","title":{"rendered":"El Consejo Editorial de Samej Publishing Books, otorg\u00f3 el Reconocimiento al Liderazgo Educativo en Am\u00e9rica Latina 2024"},"content":{"rendered":"<p style=\"text-align: center;\">\u2022 Entre las galardonadas est\u00e1 la Dra. Celia Maya,<br \/>\nConsejera de la Judicatura Federal.<br \/>\n\u2022 Otro de los reconocidos es Zavianny Torres, estratega de<br \/>\ncomunicaci\u00f3n social y pol\u00edtica.<\/p>\n<p style=\"text-align: justify;\">\nLa ceremonia reuni\u00f3 a destacados acad\u00e9micos, juristas, l\u00edderes comunitarios y<br \/>\nfiguras del \u00e1mbito educativo, quienes se congregaron en dicha ceremonia para<br \/>\ncelebrar los logros de la Dra. Maya Garc\u00eda en los procesos de transformaci\u00f3n de la<br \/>\neducaci\u00f3n en M\u00e9xico.<br \/>\nLa Dra. Maya, reconocida por su innovador enfoque en la ense\u00f1anza y su<br \/>\ncompromiso con la formaci\u00f3n integral de los estudiantes en materia jur\u00eddica, se<br \/>\nmostr\u00f3 profundamente agradecida por este reconocimiento, destacando la<br \/>\nimportancia del trabajo colaborativo en la educaci\u00f3n.<\/p>\n<p><img loading=\"lazy\" decoding=\"async\" class=\"aligncenter wp-image-8034 size-large\" src=\"https:\/\/redamlo.com\/wp-content\/uploads\/2024\/11\/samej-1-1024x768.jpg\" alt=\"\" width=\"640\" height=\"480\" srcset=\"https:\/\/redamlo.com\/wp-content\/uploads\/2024\/11\/samej-1-1024x768.jpg 1024w, https:\/\/redamlo.com\/wp-content\/uploads\/2024\/11\/samej-1-300x225.jpg 300w, https:\/\/redamlo.com\/wp-content\/uploads\/2024\/11\/samej-1-768x576.jpg 768w, https:\/\/redamlo.com\/wp-content\/uploads\/2024\/11\/samej-1-1536x1152.jpg 1536w, https:\/\/redamlo.com\/wp-content\/uploads\/2024\/11\/samej-1.jpg 1600w\" sizes=\"auto, (max-width: 640px) 100vw, 640px\" \/><\/p>\n<p style=\"text-align: justify;\">\nDurante la ceremonia, se llevaron a cabo discursos emotivos que resaltaron la<br \/>\ninfluencia positiva de la Dra. Maya en la vida de miles de estudiantes y su papel<br \/>\ncomo mentora para futuros educadores. &#8220;Este reconocimiento no es solo m\u00edo, es un<br \/>\nhomenaje a todos aquellos que luchan d\u00eda a d\u00eda por un mejor futuro educativo&#8221;,<br \/>\nafirm\u00f3 la Dra. Maya Garc\u00eda.<br \/>\nEl Reconocimiento al Liderazgo Educativo en Am\u00e9rica Latina 2024 entregado por el<br \/>\nDr. Yahir Garc\u00eda, Director General de Samej Publishing Books en representaci\u00f3n<br \/>\ndel Consejo Editorial, no solo honra a la Dra. Maya Garc\u00eda, sino que tambi\u00e9n inspira<br \/>\na otros educadores a seguir su ejemplo, promoviendo una educaci\u00f3n inclusiva y de<br \/>\ncalidad en todo el pa\u00eds. Sin duda, esta celebraci\u00f3n quedar\u00e1 en la memoria de todos<br \/>\nlos presentes como un tributo a la pasi\u00f3n y dedicaci\u00f3n que la Dra. Celia Maya Garc\u00eda<br \/>\nha demostrado a lo largo de su carrera acad\u00e9mica y profesional. Por esta raz\u00f3n, la<br \/>\nrevista Teacher Leadership public\u00f3 su colaboraci\u00f3n en la secci\u00f3n de L\u00edderes<br \/>\nEducativos, con el art\u00edculo titulado \u201cIdeolog\u00eda y Justicia\u201d.<br \/>\nAl finalizar la Ceremonia, los asistentes tuvieron la oportunidad de obtener la firma<br \/>\ndel impreso de la Dra. Maya Garc\u00eda, quien comparti\u00f3 an\u00e9cdotas y reflexiones sobre<br \/>\nsu experiencia en el \u00e1mbito educativo. La atm\u00f3sfera fue de celebraci\u00f3n y<br \/>\ncamarader\u00eda, reafirmando la importancia del liderazgo en la educaci\u00f3n.<br \/>\nEn ceremonia vinculada con el mismo reconocimiento de la revista Teacher<br \/>\nLeadership y el grupo editorial Samej, Zavianny Torres Baltazar fue distinguido por<br \/>\nsu liderazgo en la educaci\u00f3n, que resalta su trabajo en la ense\u00f1anza y su impacto<br \/>\nen comunidades de alta vulnerabilidad.<br \/>\nDurante su discurso, Zavianny expres\u00f3 el profundo significado que el sistema de<br \/>\ntelesecundaria ha tenido en su vida, no solo como docente, sino tambi\u00e9n miembro<br \/>\nde una familia comprometida con la educaci\u00f3n: \u201cTuve el privilegio de dar clases<br \/>\ndurante diez a\u00f1os, pero adem\u00e1s soy hijo de ese subsistema\u201d.Su experiencia en telesecundaria le permiti\u00f3 conectar con la realidad de los j\u00f3venes<br \/>\nen contextos desafiantes y generar un espacio de aprendizaje significativo en<br \/>\ncomunidades apartadas: \u201cEs un proyecto educativo muy generoso\u2026 se desarroll\u00f3<br \/>\nen las comunidades m\u00e1s apartadas, en un ambiente hostil, en un ambiente con<br \/>\nmucha marginalidad. Por eso ustedes ven en las colonias m\u00e1s populares que<br \/>\nexisten este tipo de planteles\u201d, se\u00f1al\u00f3 con convicci\u00f3n.<br \/>\nEn su trayectoria como educador, Zavianny construy\u00f3 una comunidad de<br \/>\naprendizaje, basada en la cercan\u00eda y el apoyo mutuo con alumnos y padres de<br \/>\nfamilia.<\/p>\n<p style=\"text-align: justify;\"><img loading=\"lazy\" decoding=\"async\" class=\"aligncenter wp-image-8033 size-large\" src=\"https:\/\/redamlo.com\/wp-content\/uploads\/2024\/11\/samej-3-768x1024.jpg\" alt=\"\" width=\"640\" height=\"853\" srcset=\"https:\/\/redamlo.com\/wp-content\/uploads\/2024\/11\/samej-3-768x1024.jpg 768w, https:\/\/redamlo.com\/wp-content\/uploads\/2024\/11\/samej-3-225x300.jpg 225w, https:\/\/redamlo.com\/wp-content\/uploads\/2024\/11\/samej-3.jpg 960w\" sizes=\"auto, (max-width: 640px) 100vw, 640px\" \/><br \/>\nEl homenaje fue tambi\u00e9n un reconocimiento a sus ra\u00edces familiares en el \u00e1mbito<br \/>\neducativo. Su madre, a quien describi\u00f3 como pionera en el sistema de<br \/>\ntelesecundaria, fue una figura clave en su vocaci\u00f3n: \u201cMi madre, quien fue parte del<br \/>\ngrupo fundador del sistema en 1968, dec\u00eda que no hay mayor privilegio que poder<br \/>\neducar y ser parte importante en la vida de los estudiantes de secundaria\u201d. Este<br \/>\nejemplo, y el compromiso con el servicio que vivi\u00f3 en su hogar, lo inspiraron a<br \/>\ndedicarse de lleno a la ense\u00f1anza en este subsistema, que hist\u00f3ricamente ha sido<br \/>\nfundamental en zonas con necesidades educativas urgentes.<br \/>\nZavianny complement\u00f3 su formaci\u00f3n educativa con una licenciatura en Ciencias de<br \/>\nla Comunicaci\u00f3n, obtenida con Excelencia Acad\u00e9mica y Menci\u00f3n Honor\u00edfica en la<br \/>\nUNAM, y ha aplicado sus conocimientos en proyectos de alto impacto.<br \/>\nDurante su labor como Director de Difusi\u00f3n y Relaciones P\u00fablicas en la IV<br \/>\nLegislatura de la ALDF, dise\u00f1\u00f3 estrategias medi\u00e1ticas que marcaron un precedente<br \/>\nen la comunicaci\u00f3n social en M\u00e9xico. Adem\u00e1s, fund\u00f3 la revista Expresiones, donde<br \/>\ncolaboraron figuras destacadas como Paco Ignacio Taibo II y Raymundo Ramos,<br \/>\nconsolidando un espacio de reflexi\u00f3n cr\u00edtica y an\u00e1lisis cultural.<br \/>\nEl homenaje tambi\u00e9n evoc\u00f3 la influencia de su padre, un hombre cuya disciplina y<br \/>\n\u00e9tica profesional fueron un ejemplo en su vida. Zavianny comparti\u00f3 c\u00f3mo su padre,<br \/>\naunque sin formaci\u00f3n docente, abordaba la ense\u00f1anza con total seriedad: \u201cMi padre<br \/>\nera tan responsable que nos pon\u00eda a trabajar en preparar las clases\u2026 \u00e9l no llegaba<br \/>\na improvisar, porque para \u00e9l, la educaci\u00f3n era algo serio\u201d. Esta dedicaci\u00f3n y esmero<br \/>\nhan sido valores que Zavianny Torres transmiti\u00f3 en su labor educativa.<br \/>\nAl concluir su discurso, Zavianny resumi\u00f3 su visi\u00f3n de la educaci\u00f3n y el poder de la<br \/>\npalabra en una frase que defini\u00f3 como su filosof\u00eda de vida: \u201cEn tanto nos quede la<br \/>\npalabra, nos queda todo\u201d. A trav\u00e9s de esta expresi\u00f3n, dej\u00f3 en claro que el papel del<br \/>\neducador trasciende el aula y se convierte en una herramienta para transformar<br \/>\nvidas.Actualmente Zavianny Torres se desempe\u00f1a como estratega de la comunicaci\u00f3n<br \/>\npol\u00edtica y social, en su haber ha tenido diversos encargos que abarcan el contexto<br \/>\nde la CDMX, la Naci\u00f3n y de impacto medi\u00e1tico a nivel global.<br \/>\nEn su intervenci\u00f3n la Dra. Patricia Villasana, Rectora del Kinenret Academy of Arts<br \/>\nand Sciences, \u201c &#8230; Zavianny Torres es un destacado profesional en el \u00e1mbito<br \/>\ncomunicacional, experto en el know-how medi\u00e1tico-digital y el timing pol\u00edtico. ha<br \/>\nocupado importantes cargos, tanto a nivel local en la CDMX como en el \u00e1mbito<br \/>\nfederal. Su experiencia abarca la coordinaci\u00f3n de campa\u00f1as pol\u00edticas y la direcci\u00f3n<br \/>\nde proyectos de difusi\u00f3n institucional, consolid\u00e1ndolo como un l\u00edder en su campo. Y<br \/>\ncomo uno de los pioneros de la estrategia de campa\u00f1as pol\u00edticas en la Ciudad de<br \/>\nM\u00e9xico y a nivel Nacional\u201d. Concluy\u00f3.<br \/>\nZTB<\/p>\n","protected":false},"excerpt":{"rendered":"<p>\u2022 Entre las galardonadas est\u00e1 la Dra. Celia Maya, Consejera de la Judicatura Federal. \u2022&#8230;<\/p>\n","protected":false},"author":1,"featured_media":8032,"comment_status":"open","ping_status":"closed","sticky":false,"template":"","format":"standard","meta":{"footnotes":""},"categories":[28,312],"tags":[2644,2645,2746,2665],"class_list":["post-8030","post","type-post","status-publish","format-standard","has-post-thumbnail","hentry","category-educacion","category-justicia","tag-celia-maya","tag-cjf","tag-samej","tag-zavianny-torres"],"yoast_head":"<!-- This site is optimized with the Yoast SEO plugin v27.5 - https:\/\/yoast.com\/product\/yoast-seo-wordpress\/ -->\n<title>El Consejo Editorial de Samej Publishing Books, otorg\u00f3 el Reconocimiento al Liderazgo Educativo en Am\u00e9rica Latina 2024 - NOTICIAS DE LA 4T<\/title>\n<meta name=\"robots\" content=\"noindex, follow, max-snippet:-1, max-image-preview:large, max-video-preview:-1\" \/>\n<meta property=\"og:locale\" content=\"es_MX\" \/>\n<meta property=\"og:type\" content=\"article\" \/>\n<meta property=\"og:title\" content=\"El Consejo Editorial de Samej Publishing Books, otorg\u00f3 el Reconocimiento al Liderazgo Educativo en Am\u00e9rica Latina 2024 - NOTICIAS DE LA 4T\" \/>\n<meta property=\"og:description\" content=\"\u2022 Entre las galardonadas est\u00e1 la Dra. Celia Maya, Consejera de la Judicatura Federal. \u2022...\" \/>\n<meta property=\"og:url\" content=\"https:\/\/redamlo.com\/index.php\/2024\/11\/12\/el-consejo-editorial-de-samej-publishing-books-otorgo-el-reconocimiento-al-liderazgo-educativo-en-america-latina-2024\/\" \/>\n<meta property=\"og:site_name\" content=\"NOTICIAS DE LA 4T\" \/>\n<meta property=\"article:published_time\" content=\"2024-11-12T18:57:23+00:00\" \/>\n<meta property=\"og:image\" content=\"https:\/\/redamlo.com\/wp-content\/uploads\/2024\/11\/samej-5.jpg\" \/>\n\t<meta property=\"og:image:width\" content=\"1500\" \/>\n\t<meta property=\"og:image:height\" content=\"1125\" \/>\n\t<meta property=\"og:image:type\" content=\"image\/jpeg\" \/>\n<meta name=\"author\" content=\"admin\" \/>\n<meta name=\"twitter:card\" content=\"summary_large_image\" \/>\n<meta name=\"twitter:label1\" content=\"Escrito por\" \/>\n\t<meta name=\"twitter:data1\" content=\"admin\" \/>\n\t<meta name=\"twitter:label2\" content=\"Tiempo de lectura\" \/>\n\t<meta name=\"twitter:data2\" content=\"5 minutos\" \/>\n<script type=\"application\/ld+json\" class=\"yoast-schema-graph\">{\"@context\":\"https:\\\/\\\/schema.org\",\"@graph\":[{\"@type\":\"Article\",\"@id\":\"https:\\\/\\\/redamlo.com\\\/index.php\\\/2024\\\/11\\\/12\\\/el-consejo-editorial-de-samej-publishing-books-otorgo-el-reconocimiento-al-liderazgo-educativo-en-america-latina-2024\\\/#article\",\"isPartOf\":{\"@id\":\"https:\\\/\\\/redamlo.com\\\/index.php\\\/2024\\\/11\\\/12\\\/el-consejo-editorial-de-samej-publishing-books-otorgo-el-reconocimiento-al-liderazgo-educativo-en-america-latina-2024\\\/\"},\"author\":{\"name\":\"admin\",\"@id\":\"https:\\\/\\\/redamlo.com\\\/#\\\/schema\\\/person\\\/197a0a670d21b1f4f1483ddda1b64613\"},\"headline\":\"El Consejo Editorial de Samej Publishing Books, otorg\u00f3 el Reconocimiento al Liderazgo Educativo en Am\u00e9rica Latina 2024\",\"datePublished\":\"2024-11-12T18:57:23+00:00\",\"mainEntityOfPage\":{\"@id\":\"https:\\\/\\\/redamlo.com\\\/index.php\\\/2024\\\/11\\\/12\\\/el-consejo-editorial-de-samej-publishing-books-otorgo-el-reconocimiento-al-liderazgo-educativo-en-america-latina-2024\\\/\"},\"wordCount\":1091,\"commentCount\":0,\"publisher\":{\"@id\":\"https:\\\/\\\/redamlo.com\\\/#organization\"},\"image\":{\"@id\":\"https:\\\/\\\/redamlo.com\\\/index.php\\\/2024\\\/11\\\/12\\\/el-consejo-editorial-de-samej-publishing-books-otorgo-el-reconocimiento-al-liderazgo-educativo-en-america-latina-2024\\\/#primaryimage\"},\"thumbnailUrl\":\"https:\\\/\\\/redamlo.com\\\/wp-content\\\/uploads\\\/2024\\\/11\\\/samej-5.jpg\",\"keywords\":[\"Celia Maya\",\"cjf\",\"samej\",\"Zavianny Torres\"],\"articleSection\":[\"Educaci\u00f3n\",\"Justicia\"],\"inLanguage\":\"es\",\"potentialAction\":[{\"@type\":\"CommentAction\",\"name\":\"Comment\",\"target\":[\"https:\\\/\\\/redamlo.com\\\/index.php\\\/2024\\\/11\\\/12\\\/el-consejo-editorial-de-samej-publishing-books-otorgo-el-reconocimiento-al-liderazgo-educativo-en-america-latina-2024\\\/#respond\"]}]},{\"@type\":\"WebPage\",\"@id\":\"https:\\\/\\\/redamlo.com\\\/index.php\\\/2024\\\/11\\\/12\\\/el-consejo-editorial-de-samej-publishing-books-otorgo-el-reconocimiento-al-liderazgo-educativo-en-america-latina-2024\\\/\",\"url\":\"https:\\\/\\\/redamlo.com\\\/index.php\\\/2024\\\/11\\\/12\\\/el-consejo-editorial-de-samej-publishing-books-otorgo-el-reconocimiento-al-liderazgo-educativo-en-america-latina-2024\\\/\",\"name\":\"El Consejo Editorial de Samej Publishing Books, otorg\u00f3 el Reconocimiento al Liderazgo Educativo en Am\u00e9rica Latina 2024 - NOTICIAS DE LA 4T\",\"isPartOf\":{\"@id\":\"https:\\\/\\\/redamlo.com\\\/#website\"},\"primaryImageOfPage\":{\"@id\":\"https:\\\/\\\/redamlo.com\\\/index.php\\\/2024\\\/11\\\/12\\\/el-consejo-editorial-de-samej-publishing-books-otorgo-el-reconocimiento-al-liderazgo-educativo-en-america-latina-2024\\\/#primaryimage\"},\"image\":{\"@id\":\"https:\\\/\\\/redamlo.com\\\/index.php\\\/2024\\\/11\\\/12\\\/el-consejo-editorial-de-samej-publishing-books-otorgo-el-reconocimiento-al-liderazgo-educativo-en-america-latina-2024\\\/#primaryimage\"},\"thumbnailUrl\":\"https:\\\/\\\/redamlo.com\\\/wp-content\\\/uploads\\\/2024\\\/11\\\/samej-5.jpg\",\"datePublished\":\"2024-11-12T18:57:23+00:00\",\"breadcrumb\":{\"@id\":\"https:\\\/\\\/redamlo.com\\\/index.php\\\/2024\\\/11\\\/12\\\/el-consejo-editorial-de-samej-publishing-books-otorgo-el-reconocimiento-al-liderazgo-educativo-en-america-latina-2024\\\/#breadcrumb\"},\"inLanguage\":\"es\",\"potentialAction\":[{\"@type\":\"ReadAction\",\"target\":[\"https:\\\/\\\/redamlo.com\\\/index.php\\\/2024\\\/11\\\/12\\\/el-consejo-editorial-de-samej-publishing-books-otorgo-el-reconocimiento-al-liderazgo-educativo-en-america-latina-2024\\\/\"]}]},{\"@type\":\"ImageObject\",\"inLanguage\":\"es\",\"@id\":\"https:\\\/\\\/redamlo.com\\\/index.php\\\/2024\\\/11\\\/12\\\/el-consejo-editorial-de-samej-publishing-books-otorgo-el-reconocimiento-al-liderazgo-educativo-en-america-latina-2024\\\/#primaryimage\",\"url\":\"https:\\\/\\\/redamlo.com\\\/wp-content\\\/uploads\\\/2024\\\/11\\\/samej-5.jpg\",\"contentUrl\":\"https:\\\/\\\/redamlo.com\\\/wp-content\\\/uploads\\\/2024\\\/11\\\/samej-5.jpg\",\"width\":1500,\"height\":1125},{\"@type\":\"BreadcrumbList\",\"@id\":\"https:\\\/\\\/redamlo.com\\\/index.php\\\/2024\\\/11\\\/12\\\/el-consejo-editorial-de-samej-publishing-books-otorgo-el-reconocimiento-al-liderazgo-educativo-en-america-latina-2024\\\/#breadcrumb\",\"itemListElement\":[{\"@type\":\"ListItem\",\"position\":1,\"name\":\"Inicio\",\"item\":\"https:\\\/\\\/redamlo.com\\\/\"},{\"@type\":\"ListItem\",\"position\":2,\"name\":\"El Consejo Editorial de Samej Publishing Books, otorg\u00f3 el Reconocimiento al Liderazgo Educativo en Am\u00e9rica Latina 2024\"}]},{\"@type\":\"WebSite\",\"@id\":\"https:\\\/\\\/redamlo.com\\\/#website\",\"url\":\"https:\\\/\\\/redamlo.com\\\/\",\"name\":\"NOTICIAS DE LA 4T\",\"description\":\"\",\"publisher\":{\"@id\":\"https:\\\/\\\/redamlo.com\\\/#organization\"},\"potentialAction\":[{\"@type\":\"SearchAction\",\"target\":{\"@type\":\"EntryPoint\",\"urlTemplate\":\"https:\\\/\\\/redamlo.com\\\/?s={search_term_string}\"},\"query-input\":{\"@type\":\"PropertyValueSpecification\",\"valueRequired\":true,\"valueName\":\"search_term_string\"}}],\"inLanguage\":\"es\"},{\"@type\":\"Organization\",\"@id\":\"https:\\\/\\\/redamlo.com\\\/#organization\",\"name\":\"NOTICIAS DE LA 4T\",\"url\":\"https:\\\/\\\/redamlo.com\\\/\",\"logo\":{\"@type\":\"ImageObject\",\"inLanguage\":\"es\",\"@id\":\"https:\\\/\\\/redamlo.com\\\/#\\\/schema\\\/logo\\\/image\\\/\",\"url\":\"https:\\\/\\\/redamlo.com\\\/wp-content\\\/uploads\\\/2024\\\/08\\\/cropped-RED-AMLO-logo-50.png\",\"contentUrl\":\"https:\\\/\\\/redamlo.com\\\/wp-content\\\/uploads\\\/2024\\\/08\\\/cropped-RED-AMLO-logo-50.png\",\"width\":256,\"height\":256,\"caption\":\"NOTICIAS DE LA 4T\"},\"image\":{\"@id\":\"https:\\\/\\\/redamlo.com\\\/#\\\/schema\\\/logo\\\/image\\\/\"}},{\"@type\":\"Person\",\"@id\":\"https:\\\/\\\/redamlo.com\\\/#\\\/schema\\\/person\\\/197a0a670d21b1f4f1483ddda1b64613\",\"name\":\"admin\",\"image\":{\"@type\":\"ImageObject\",\"inLanguage\":\"es\",\"@id\":\"https:\\\/\\\/secure.gravatar.com\\\/avatar\\\/293dccd927043f2e641da6685c2f84009782eb9ee0054daceada4e261ded849a?s=96&d=mm&r=g\",\"url\":\"https:\\\/\\\/secure.gravatar.com\\\/avatar\\\/293dccd927043f2e641da6685c2f84009782eb9ee0054daceada4e261ded849a?s=96&d=mm&r=g\",\"contentUrl\":\"https:\\\/\\\/secure.gravatar.com\\\/avatar\\\/293dccd927043f2e641da6685c2f84009782eb9ee0054daceada4e261ded849a?s=96&d=mm&r=g\",\"caption\":\"admin\"},\"sameAs\":[\"https:\\\/\\\/redamlo.com\"],\"url\":\"https:\\\/\\\/redamlo.com\\\/index.php\\\/author\\\/stell\\\/\"}]}<\/script>\n<!-- \/ Yoast SEO plugin. -->","yoast_head_json":{"title":"El Consejo Editorial de Samej Publishing Books, otorg\u00f3 el Reconocimiento al Liderazgo Educativo en Am\u00e9rica Latina 2024 - NOTICIAS DE LA 4T","robots":{"index":"noindex","follow":"follow","max-snippet":"max-snippet:-1","max-image-preview":"max-image-preview:large","max-video-preview":"max-video-preview:-1"},"og_locale":"es_MX","og_type":"article","og_title":"El Consejo Editorial de Samej Publishing Books, otorg\u00f3 el Reconocimiento al Liderazgo Educativo en Am\u00e9rica Latina 2024 - NOTICIAS DE LA 4T","og_description":"\u2022 Entre las galardonadas est\u00e1 la Dra. Celia Maya, Consejera de la Judicatura Federal. \u2022...","og_url":"https:\/\/redamlo.com\/index.php\/2024\/11\/12\/el-consejo-editorial-de-samej-publishing-books-otorgo-el-reconocimiento-al-liderazgo-educativo-en-america-latina-2024\/","og_site_name":"NOTICIAS DE LA 4T","article_published_time":"2024-11-12T18:57:23+00:00","og_image":[{"width":1500,"height":1125,"url":"https:\/\/redamlo.com\/wp-content\/uploads\/2024\/11\/samej-5.jpg","type":"image\/jpeg"}],"author":"admin","twitter_card":"summary_large_image","twitter_misc":{"Escrito por":"admin","Tiempo de lectura":"5 minutos"},"schema":{"@context":"https:\/\/schema.org","@graph":[{"@type":"Article","@id":"https:\/\/redamlo.com\/index.php\/2024\/11\/12\/el-consejo-editorial-de-samej-publishing-books-otorgo-el-reconocimiento-al-liderazgo-educativo-en-america-latina-2024\/#article","isPartOf":{"@id":"https:\/\/redamlo.com\/index.php\/2024\/11\/12\/el-consejo-editorial-de-samej-publishing-books-otorgo-el-reconocimiento-al-liderazgo-educativo-en-america-latina-2024\/"},"author":{"name":"admin","@id":"https:\/\/redamlo.com\/#\/schema\/person\/197a0a670d21b1f4f1483ddda1b64613"},"headline":"El Consejo Editorial de Samej Publishing Books, otorg\u00f3 el Reconocimiento al Liderazgo Educativo en Am\u00e9rica Latina 2024","datePublished":"2024-11-12T18:57:23+00:00","mainEntityOfPage":{"@id":"https:\/\/redamlo.com\/index.php\/2024\/11\/12\/el-consejo-editorial-de-samej-publishing-books-otorgo-el-reconocimiento-al-liderazgo-educativo-en-america-latina-2024\/"},"wordCount":1091,"commentCount":0,"publisher":{"@id":"https:\/\/redamlo.com\/#organization"},"image":{"@id":"https:\/\/redamlo.com\/index.php\/2024\/11\/12\/el-consejo-editorial-de-samej-publishing-books-otorgo-el-reconocimiento-al-liderazgo-educativo-en-america-latina-2024\/#primaryimage"},"thumbnailUrl":"https:\/\/redamlo.com\/wp-content\/uploads\/2024\/11\/samej-5.jpg","keywords":["Celia Maya","cjf","samej","Zavianny Torres"],"articleSection":["Educaci\u00f3n","Justicia"],"inLanguage":"es","potentialAction":[{"@type":"CommentAction","name":"Comment","target":["https:\/\/redamlo.com\/index.php\/2024\/11\/12\/el-consejo-editorial-de-samej-publishing-books-otorgo-el-reconocimiento-al-liderazgo-educativo-en-america-latina-2024\/#respond"]}]},{"@type":"WebPage","@id":"https:\/\/redamlo.com\/index.php\/2024\/11\/12\/el-consejo-editorial-de-samej-publishing-books-otorgo-el-reconocimiento-al-liderazgo-educativo-en-america-latina-2024\/","url":"https:\/\/redamlo.com\/index.php\/2024\/11\/12\/el-consejo-editorial-de-samej-publishing-books-otorgo-el-reconocimiento-al-liderazgo-educativo-en-america-latina-2024\/","name":"El Consejo Editorial de Samej Publishing Books, otorg\u00f3 el Reconocimiento al Liderazgo Educativo en Am\u00e9rica Latina 2024 - NOTICIAS DE LA 4T","isPartOf":{"@id":"https:\/\/redamlo.com\/#website"},"primaryImageOfPage":{"@id":"https:\/\/redamlo.com\/index.php\/2024\/11\/12\/el-consejo-editorial-de-samej-publishing-books-otorgo-el-reconocimiento-al-liderazgo-educativo-en-america-latina-2024\/#primaryimage"},"image":{"@id":"https:\/\/redamlo.com\/index.php\/2024\/11\/12\/el-consejo-editorial-de-samej-publishing-books-otorgo-el-reconocimiento-al-liderazgo-educativo-en-america-latina-2024\/#primaryimage"},"thumbnailUrl":"https:\/\/redamlo.com\/wp-content\/uploads\/2024\/11\/samej-5.jpg","datePublished":"2024-11-12T18:57:23+00:00","breadcrumb":{"@id":"https:\/\/redamlo.com\/index.php\/2024\/11\/12\/el-consejo-editorial-de-samej-publishing-books-otorgo-el-reconocimiento-al-liderazgo-educativo-en-america-latina-2024\/#breadcrumb"},"inLanguage":"es","potentialAction":[{"@type":"ReadAction","target":["https:\/\/redamlo.com\/index.php\/2024\/11\/12\/el-consejo-editorial-de-samej-publishing-books-otorgo-el-reconocimiento-al-liderazgo-educativo-en-america-latina-2024\/"]}]},{"@type":"ImageObject","inLanguage":"es","@id":"https:\/\/redamlo.com\/index.php\/2024\/11\/12\/el-consejo-editorial-de-samej-publishing-books-otorgo-el-reconocimiento-al-liderazgo-educativo-en-america-latina-2024\/#primaryimage","url":"https:\/\/redamlo.com\/wp-content\/uploads\/2024\/11\/samej-5.jpg","contentUrl":"https:\/\/redamlo.com\/wp-content\/uploads\/2024\/11\/samej-5.jpg","width":1500,"height":1125},{"@type":"BreadcrumbList","@id":"https:\/\/redamlo.com\/index.php\/2024\/11\/12\/el-consejo-editorial-de-samej-publishing-books-otorgo-el-reconocimiento-al-liderazgo-educativo-en-america-latina-2024\/#breadcrumb","itemListElement":[{"@type":"ListItem","position":1,"name":"Inicio","item":"https:\/\/redamlo.com\/"},{"@type":"ListItem","position":2,"name":"El Consejo Editorial de Samej Publishing Books, otorg\u00f3 el Reconocimiento al Liderazgo Educativo en Am\u00e9rica Latina 2024"}]},{"@type":"WebSite","@id":"https:\/\/redamlo.com\/#website","url":"https:\/\/redamlo.com\/","name":"NOTICIAS DE LA 4T","description":"","publisher":{"@id":"https:\/\/redamlo.com\/#organization"},"potentialAction":[{"@type":"SearchAction","target":{"@type":"EntryPoint","urlTemplate":"https:\/\/redamlo.com\/?s={search_term_string}"},"query-input":{"@type":"PropertyValueSpecification","valueRequired":true,"valueName":"search_term_string"}}],"inLanguage":"es"},{"@type":"Organization","@id":"https:\/\/redamlo.com\/#organization","name":"NOTICIAS DE LA 4T","url":"https:\/\/redamlo.com\/","logo":{"@type":"ImageObject","inLanguage":"es","@id":"https:\/\/redamlo.com\/#\/schema\/logo\/image\/","url":"https:\/\/redamlo.com\/wp-content\/uploads\/2024\/08\/cropped-RED-AMLO-logo-50.png","contentUrl":"https:\/\/redamlo.com\/wp-content\/uploads\/2024\/08\/cropped-RED-AMLO-logo-50.png","width":256,"height":256,"caption":"NOTICIAS DE LA 4T"},"image":{"@id":"https:\/\/redamlo.com\/#\/schema\/logo\/image\/"}},{"@type":"Person","@id":"https:\/\/redamlo.com\/#\/schema\/person\/197a0a670d21b1f4f1483ddda1b64613","name":"admin","image":{"@type":"ImageObject","inLanguage":"es","@id":"https:\/\/secure.gravatar.com\/avatar\/293dccd927043f2e641da6685c2f84009782eb9ee0054daceada4e261ded849a?s=96&d=mm&r=g","url":"https:\/\/secure.gravatar.com\/avatar\/293dccd927043f2e641da6685c2f84009782eb9ee0054daceada4e261ded849a?s=96&d=mm&r=g","contentUrl":"https:\/\/secure.gravatar.com\/avatar\/293dccd927043f2e641da6685c2f84009782eb9ee0054daceada4e261ded849a?s=96&d=mm&r=g","caption":"admin"},"sameAs":["https:\/\/redamlo.com"],"url":"https:\/\/redamlo.com\/index.php\/author\/stell\/"}]}},"_links":{"self":[{"href":"https:\/\/redamlo.com\/index.php\/wp-json\/wp\/v2\/posts\/8030","targetHints":{"allow":["GET"]}}],"collection":[{"href":"https:\/\/redamlo.com\/index.php\/wp-json\/wp\/v2\/posts"}],"about":[{"href":"https:\/\/redamlo.com\/index.php\/wp-json\/wp\/v2\/types\/post"}],"author":[{"embeddable":true,"href":"https:\/\/redamlo.com\/index.php\/wp-json\/wp\/v2\/users\/1"}],"replies":[{"embeddable":true,"href":"https:\/\/redamlo.com\/index.php\/wp-json\/wp\/v2\/comments?post=8030"}],"version-history":[{"count":0,"href":"https:\/\/redamlo.com\/index.php\/wp-json\/wp\/v2\/posts\/8030\/revisions"}],"wp:featuredmedia":[{"embeddable":true,"href":"https:\/\/redamlo.com\/index.php\/wp-json\/wp\/v2\/media\/8032"}],"wp:attachment":[{"href":"https:\/\/redamlo.com\/index.php\/wp-json\/wp\/v2\/media?parent=8030"}],"wp:term":[{"taxonomy":"category","embeddable":true,"href":"https:\/\/redamlo.com\/index.php\/wp-json\/wp\/v2\/categories?post=8030"},{"taxonomy":"post_tag","embeddable":true,"href":"https:\/\/redamlo.com\/index.php\/wp-json\/wp\/v2\/tags?post=8030"}],"curies":[{"name":"wp","href":"https:\/\/api.w.org\/{rel}","templated":true}]}}